{"id":63100,"date":"2026-01-09T12:00:19","date_gmt":"2026-01-09T15:00:19","guid":{"rendered":"https:\/\/marcelolopes.jor.br\/?p=63100"},"modified":"2026-01-09T09:33:26","modified_gmt":"2026-01-09T12:33:26","slug":"policia-militar-prende-suspeitos-de-roubo-em-serie-em-rodeiro","status":"publish","type":"post","link":"https:\/\/marcelolopes.jor.br\/site\/2026\/01\/09\/policia-militar-prende-suspeitos-de-roubo-em-serie-em-rodeiro\/","title":{"rendered":"Pol\u00edcia Militar prende suspeitos de roubo em s\u00e9rie, em Rodeiro"},"content":{"rendered":"<p>A Pol\u00edcia Militar registrou um roubo na madrugada de quarta-feira, 7 de janeiro, na zona rural de Rodeiro. A ocorr\u00eancia foi atendida por volta das 3h, ap\u00f3s acionamento de um morador de 71 anos que teve a resid\u00eancia invadida por quatro indiv\u00edduos encapuzados, sendo dois armados.<!--more--><\/p>\n<h4 class=\"p1\"><span class=\"s1\">\ud83d\udcf8\u00a0<span style=\"color: #008000;\">Siga o Site do Marcelo Lopes no<\/span>\u00a0<span style=\"color: #800000;\"><a style=\"color: #800000;\" href=\"https:\/\/www.facebook.com\/sitedomarcelolopes\/\"><strong>Facebook<\/strong><\/a><\/span>\u00a0<span style=\"color: #008000;\">e no<\/span>\u00a0<span style=\"color: #800000;\"><strong><a style=\"color: #800000;\" href=\"https:\/\/www.instagram.com\/sitedomarcelolopes\/\">Instagram<\/a><\/strong><\/span><\/span><\/h4>\n<h4 class=\"p1\">\ud83d\udcf1<span style=\"color: #008000;\">Participe do grupo de<\/span>\u00a0<span style=\"color: #800000;\"><a style=\"color: #800000;\" href=\"https:\/\/chat.whatsapp.com\/BibzcI1ibYSKytbdyzubLA\"><strong>WhatsApp<\/strong><\/a><\/span> <span style=\"color: #008000;\">do Site do Marcelo Lopes<\/span><\/h4>\n<p>Segundo relato da v\u00edtima \u00e0 pol\u00edcia, os suspeitos quebraram portas e janelas, anunciaram o assalto e levaram um aparelho celular. Em seguida, obrigaram o homem a conduzir o pr\u00f3prio ve\u00edculo at\u00e9 outros im\u00f3veis da regi\u00e3o. Em uma dessas resid\u00eancias, os autores arrombaram a porta, amea\u00e7aram os moradores e exigiram dinheiro. Do local, foram levados joias, aparelhos celulares e uma quantia em dinheiro. Ap\u00f3s a a\u00e7\u00e3o, as v\u00edtimas permaneceram no im\u00f3vel sob amea\u00e7as, enquanto os autores fugiram utilizando o ve\u00edculo, que mais tarde foi abandonado.<\/p>\n<p>Ap\u00f3s o registro, a Pol\u00edcia Militar iniciou rastreamento na tentativa de localizar os envolvidos. Durante as dilig\u00eancias, uma den\u00fancia an\u00f4nima indicou que um im\u00f3vel na Avenida Ex-Combatentes estaria sendo utilizado pelos suspeitos. No local, os militares encontraram dois autores, de 18 e 23 anos, joias em ouro e prata, al\u00e9m de dinheiro, que foram reconhecidos posteriormente pelas v\u00edtimas.<\/p>\n<p>Com novas informa\u00e7\u00f5es repassadas de forma an\u00f4nima e ap\u00f3s conversa com os suspeitos presos, outros endere\u00e7os foram identificados na cidade. Em um deles, um jovem de 18 anos foi localizado. Ele tentou fugir, mas acabou detido. Ainda durante a opera\u00e7\u00e3o, dois menores e um autor de 21 anos, apontados como participantes da a\u00e7\u00e3o, foram abordados e apreendidos em via p\u00fablica no munic\u00edpio.<\/p>\n<p>As equipes tamb\u00e9m receberam informa\u00e7\u00f5es sobre a participa\u00e7\u00e3o de um homem de 19 anos, associado ao tr\u00e1fico de drogas na localidade conhecida como Morro do Maring\u00e1. Em buscas realizadas em uma garagem alugada por ele, o suspeito foi preso. No local, a pol\u00edcia apreendeu 38 microtubos contendo subst\u00e2ncia semelhante \u00e0 coca\u00edna, quatro por\u00e7\u00f5es da mesma subst\u00e2ncia, 12 buchas de material an\u00e1logo \u00e0 maconha, uma balan\u00e7a de precis\u00e3o, oito muni\u00e7\u00f5es calibre .38, dinheiro, um telefone celular e embalagens utilizadas para entorpecentes.<\/p>\n<p>Todos os envolvidos foram encaminhados \u00e0 Delegacia de Pol\u00edcia, junto com o material apreendido. Os bens recuperados ser\u00e3o devolvidos \u00e0s v\u00edtimas.<\/p>\n<p><strong>OUTRAS NOT\u00cdCIAS<\/strong><br \/>\n<a href=\"https:\/\/marcelolopes.jor.br\/2025\/12\/29\/pm-prende-dois-suspeitos-e-apreende-drogas-no-centro-de-rodeiro\/\"><strong><span style=\"color: #800000;\">PM prende dois suspeitos e apreende drogas no Centro de Rodeiro<\/span><\/strong><\/a><\/p>\n<p><a href=\"https:\/\/marcelolopes.jor.br\/2025\/11\/03\/homem-e-preso-em-fortaleza-do-trafico-em-rodeiro\/\"><strong><span style=\"color: #800000;\">Homem \u00e9 preso em &#8220;fortaleza&#8221; do tr\u00e1fico em Rodeiro<\/span><\/strong><\/a><\/p>\n<p>Fonte: Primeiro a Saber | Foto: 21\u00ba BPM<\/p>\n<div class=\"fvoak69f7091f0eafd\" ><br><\/div><style type=\"text\/css\">\r\n@media screen and (min-width: 1201px) {\r\n.fvoak69f7091f0eafd {\r\ndisplay: block;\r\n}\r\n}\r\n@media screen and (min-width: 993px) and (max-width: 1200px) {\r\n.fvoak69f7091f0eafd {\r\ndisplay: block;\r\n}\r\n}\r\n@media screen and (min-width: 769px) and (max-width: 992px) {\r\n.fvoak69f7091f0eafd {\r\ndisplay: block;\r\n}\r\n}\r\n@media screen and (min-width: 768px) and (max-width: 768px) {\r\n.fvoak69f7091f0eafd {\r\ndisplay: block;\r\n}\r\n}\r\n@media screen and (max-width: 767px) {\r\n.fvoak69f7091f0eafd {\r\ndisplay: block;\r\n}\r\n}\r\n<\/style>\r\n<div class=\"fjesk69f7091f1415c\" ><div id=\"div_destino\"><\/div>\r\n<script src=\"https:\/\/cdn.snsrsv.com\/sdk.js\"><\/script>\r\n<script >\r\n      new sdk(\"464030C30061EA8BE065000000000001\") \r\n          .appendTo(\"div_destino\")\r\n          .disableStyle(true) \r\n          .setCacheBusterMacro(\"%%CACHEBUSTER%%\")\r\n          .setSize(\"800\",\"214\")\r\n          .setClickMacro(\"%%CLICK_URL_ESC%%\") \r\n          .setReferrerUrlMacro(\"%%REFERRER_URL_ESC%%\") \r\n          .start(); \r\n<\/script><\/div><style type=\"text\/css\">\r\n@media screen and (min-width: 1201px) {\r\n.fjesk69f7091f1415c {\r\ndisplay: block;\r\n}\r\n}\r\n@media screen and (min-width: 993px) and (max-width: 1200px) {\r\n.fjesk69f7091f1415c {\r\ndisplay: block;\r\n}\r\n}\r\n@media screen and (min-width: 769px) and (max-width: 992px) {\r\n.fjesk69f7091f1415c {\r\ndisplay: block;\r\n}\r\n}\r\n@media screen and (min-width: 768px) and (max-width: 768px) {\r\n.fjesk69f7091f1415c {\r\ndisplay: block;\r\n}\r\n}\r\n@media screen and (max-width: 767px) {\r\n.fjesk69f7091f1415c {\r\ndisplay: block;\r\n}\r\n}\r\n<\/style>\r\n","protected":false},"excerpt":{"rendered":"<p>A Pol\u00edcia Militar registrou um roubo na madrugada de quarta-feira, 7 de janeiro, na zona rural de Rodeiro. A ocorr\u00eancia foi atendida por volta das 3h, ap\u00f3s acionamento de um morador de 71 anos que teve a resid\u00eancia invadida por<\/p>\n<p class=\"link-more\"><a class=\"more-link\" href=\"https:\/\/marcelolopes.jor.br\/site\/2026\/01\/09\/policia-militar-prende-suspeitos-de-roubo-em-serie-em-rodeiro\/\">Leia mais <span class=\"screen-reader-text\">Pol\u00edcia Militar prende suspeitos de roubo em s\u00e9rie, em Rodeiro<\/span><\/a><\/p>\n","protected":false},"author":2,"featured_media":63102,"comment_status":"open","ping_status":"closed","sticky":false,"template":"","format":"standard","meta":{"footnotes":""},"categories":[1],"tags":[],"class_list":["post-63100","post","type-post","status-publish","format-standard","has-post-thumbnail","hentry","category-noticias","thumb-below-title"],"yoast_head":"<!-- This site is optimized with the Yoast SEO plugin v27.4 - https:\/\/yoast.com\/product\/yoast-seo-wordpress\/ -->\n<title>Pol\u00edcia Militar prende suspeitos de roubo em s\u00e9rie, em Rodeiro | Marcelo Lopes<\/title>\n<meta name=\"description\" content=\"Pol\u00edcia Militar prende suspeitos de roubo em s\u00e9rie, em Rodeiro. A opera\u00e7\u00e3o tamb\u00e9m apreendeu drogas e recuperou produtos roubados.\" \/>\n<meta name=\"robots\" content=\"index, follow, max-snippet:-1, max-image-preview:large, max-video-preview:-1\" \/>\n<link rel=\"canonical\" href=\"https:\/\/marcelolopes.jor.br\/site\/2026\/01\/09\/policia-militar-prende-suspeitos-de-roubo-em-serie-em-rodeiro\/\" \/>\n<meta property=\"og:locale\" content=\"pt_BR\" \/>\n<meta property=\"og:type\" content=\"article\" \/>\n<meta property=\"og:title\" content=\"Pol\u00edcia Militar prende suspeitos de roubo em s\u00e9rie, em Rodeiro | Marcelo Lopes\" \/>\n<meta property=\"og:description\" content=\"Pol\u00edcia Militar prende suspeitos de roubo em s\u00e9rie, em Rodeiro. A opera\u00e7\u00e3o tamb\u00e9m apreendeu drogas e recuperou produtos roubados.\" \/>\n<meta property=\"og:url\" content=\"https:\/\/marcelolopes.jor.br\/site\/2026\/01\/09\/policia-militar-prende-suspeitos-de-roubo-em-serie-em-rodeiro\/\" \/>\n<meta property=\"og:site_name\" content=\"Marcelo Lopes\" \/>\n<meta property=\"article:publisher\" content=\"https:\/\/www.facebook.com\/sitedomarcelolopes\" \/>\n<meta property=\"article:published_time\" content=\"2026-01-09T15:00:19+00:00\" \/>\n<meta property=\"og:image\" content=\"https:\/\/marcelolopes.jor.br\/site\/wp-content\/uploads\/2026\/01\/drogas.jpg\" \/>\n\t<meta property=\"og:image:width\" content=\"800\" \/>\n\t<meta property=\"og:image:height\" content=\"546\" \/>\n\t<meta property=\"og:image:type\" content=\"image\/jpeg\" \/>\n<meta name=\"author\" content=\"Marcelo Lopes\" \/>\n<meta name=\"twitter:card\" content=\"summary_large_image\" \/>\n<meta name=\"twitter:label1\" content=\"Escrito por\" \/>\n\t<meta name=\"twitter:data1\" content=\"Marcelo Lopes\" \/>\n\t<meta name=\"twitter:label2\" content=\"Est. tempo de leitura\" \/>\n\t<meta name=\"twitter:data2\" content=\"2 minutos\" \/>\n<script type=\"application\/ld+json\" class=\"yoast-schema-graph\">{\"@context\":\"https:\\\/\\\/schema.org\",\"@graph\":[{\"@type\":\"NewsArticle\",\"@id\":\"https:\\\/\\\/marcelolopes.jor.br\\\/site\\\/2026\\\/01\\\/09\\\/policia-militar-prende-suspeitos-de-roubo-em-serie-em-rodeiro\\\/#article\",\"isPartOf\":{\"@id\":\"https:\\\/\\\/marcelolopes.jor.br\\\/site\\\/2026\\\/01\\\/09\\\/policia-militar-prende-suspeitos-de-roubo-em-serie-em-rodeiro\\\/\"},\"author\":{\"name\":\"Marcelo Lopes\",\"@id\":\"https:\\\/\\\/marcelolopes.jor.br\\\/site\\\/#\\\/schema\\\/person\\\/3e7216a35c34d8fdf952b31da3d1f89f\"},\"headline\":\"Pol\u00edcia Militar prende suspeitos de roubo em s\u00e9rie, em Rodeiro\",\"datePublished\":\"2026-01-09T15:00:19+00:00\",\"mainEntityOfPage\":{\"@id\":\"https:\\\/\\\/marcelolopes.jor.br\\\/site\\\/2026\\\/01\\\/09\\\/policia-militar-prende-suspeitos-de-roubo-em-serie-em-rodeiro\\\/\"},\"wordCount\":450,\"commentCount\":0,\"publisher\":{\"@id\":\"https:\\\/\\\/marcelolopes.jor.br\\\/site\\\/#organization\"},\"image\":{\"@id\":\"https:\\\/\\\/marcelolopes.jor.br\\\/site\\\/2026\\\/01\\\/09\\\/policia-militar-prende-suspeitos-de-roubo-em-serie-em-rodeiro\\\/#primaryimage\"},\"thumbnailUrl\":\"https:\\\/\\\/marcelolopes.jor.br\\\/site\\\/wp-content\\\/uploads\\\/2026\\\/01\\\/drogas.jpg\",\"articleSection\":[\"Not\u00edcias\"],\"inLanguage\":\"pt-BR\",\"potentialAction\":[{\"@type\":\"CommentAction\",\"name\":\"Comment\",\"target\":[\"https:\\\/\\\/marcelolopes.jor.br\\\/site\\\/2026\\\/01\\\/09\\\/policia-militar-prende-suspeitos-de-roubo-em-serie-em-rodeiro\\\/#respond\"]}]},{\"@type\":\"WebPage\",\"@id\":\"https:\\\/\\\/marcelolopes.jor.br\\\/site\\\/2026\\\/01\\\/09\\\/policia-militar-prende-suspeitos-de-roubo-em-serie-em-rodeiro\\\/\",\"url\":\"https:\\\/\\\/marcelolopes.jor.br\\\/site\\\/2026\\\/01\\\/09\\\/policia-militar-prende-suspeitos-de-roubo-em-serie-em-rodeiro\\\/\",\"name\":\"Pol\u00edcia Militar prende suspeitos de roubo em s\u00e9rie, em Rodeiro | Marcelo Lopes\",\"isPartOf\":{\"@id\":\"https:\\\/\\\/marcelolopes.jor.br\\\/site\\\/#website\"},\"primaryImageOfPage\":{\"@id\":\"https:\\\/\\\/marcelolopes.jor.br\\\/site\\\/2026\\\/01\\\/09\\\/policia-militar-prende-suspeitos-de-roubo-em-serie-em-rodeiro\\\/#primaryimage\"},\"image\":{\"@id\":\"https:\\\/\\\/marcelolopes.jor.br\\\/site\\\/2026\\\/01\\\/09\\\/policia-militar-prende-suspeitos-de-roubo-em-serie-em-rodeiro\\\/#primaryimage\"},\"thumbnailUrl\":\"https:\\\/\\\/marcelolopes.jor.br\\\/site\\\/wp-content\\\/uploads\\\/2026\\\/01\\\/drogas.jpg\",\"datePublished\":\"2026-01-09T15:00:19+00:00\",\"description\":\"Pol\u00edcia Militar prende suspeitos de roubo em s\u00e9rie, em Rodeiro. A opera\u00e7\u00e3o tamb\u00e9m apreendeu drogas e recuperou produtos roubados.\",\"breadcrumb\":{\"@id\":\"https:\\\/\\\/marcelolopes.jor.br\\\/site\\\/2026\\\/01\\\/09\\\/policia-militar-prende-suspeitos-de-roubo-em-serie-em-rodeiro\\\/#breadcrumb\"},\"inLanguage\":\"pt-BR\",\"potentialAction\":[{\"@type\":\"ReadAction\",\"target\":[\"https:\\\/\\\/marcelolopes.jor.br\\\/site\\\/2026\\\/01\\\/09\\\/policia-militar-prende-suspeitos-de-roubo-em-serie-em-rodeiro\\\/\"]}]},{\"@type\":\"ImageObject\",\"inLanguage\":\"pt-BR\",\"@id\":\"https:\\\/\\\/marcelolopes.jor.br\\\/site\\\/2026\\\/01\\\/09\\\/policia-militar-prende-suspeitos-de-roubo-em-serie-em-rodeiro\\\/#primaryimage\",\"url\":\"https:\\\/\\\/marcelolopes.jor.br\\\/site\\\/wp-content\\\/uploads\\\/2026\\\/01\\\/drogas.jpg\",\"contentUrl\":\"https:\\\/\\\/marcelolopes.jor.br\\\/site\\\/wp-content\\\/uploads\\\/2026\\\/01\\\/drogas.jpg\",\"width\":800,\"height\":546,\"caption\":\"Pol\u00edcia Militar prende suspeitos\"},{\"@type\":\"BreadcrumbList\",\"@id\":\"https:\\\/\\\/marcelolopes.jor.br\\\/site\\\/2026\\\/01\\\/09\\\/policia-militar-prende-suspeitos-de-roubo-em-serie-em-rodeiro\\\/#breadcrumb\",\"itemListElement\":[{\"@type\":\"ListItem\",\"position\":1,\"name\":\"Home\",\"item\":\"https:\\\/\\\/marcelolopes.jor.br\\\/site\\\/\"},{\"@type\":\"ListItem\",\"position\":2,\"name\":\"Pol\u00edcia Militar prende suspeitos de roubo em s\u00e9rie, em Rodeiro\"}]},{\"@type\":\"WebSite\",\"@id\":\"https:\\\/\\\/marcelolopes.jor.br\\\/site\\\/#website\",\"url\":\"https:\\\/\\\/marcelolopes.jor.br\\\/site\\\/\",\"name\":\"Marcelo Lopes\",\"description\":\"Not\u00edcias de Cataguases e Regi\u00e3o\",\"publisher\":{\"@id\":\"https:\\\/\\\/marcelolopes.jor.br\\\/site\\\/#organization\"},\"potentialAction\":[{\"@type\":\"SearchAction\",\"target\":{\"@type\":\"EntryPoint\",\"urlTemplate\":\"https:\\\/\\\/marcelolopes.jor.br\\\/site\\\/?s={search_term_string}\"},\"query-input\":{\"@type\":\"PropertyValueSpecification\",\"valueRequired\":true,\"valueName\":\"search_term_string\"}}],\"inLanguage\":\"pt-BR\"},{\"@type\":\"Organization\",\"@id\":\"https:\\\/\\\/marcelolopes.jor.br\\\/site\\\/#organization\",\"name\":\"Site do Marcelo Lopes\",\"url\":\"https:\\\/\\\/marcelolopes.jor.br\\\/site\\\/\",\"logo\":{\"@type\":\"ImageObject\",\"inLanguage\":\"pt-BR\",\"@id\":\"https:\\\/\\\/marcelolopes.jor.br\\\/site\\\/#\\\/schema\\\/logo\\\/image\\\/\",\"url\":\"https:\\\/\\\/marcelolopes.jor.br\\\/site\\\/wp-content\\\/uploads\\\/2024\\\/11\\\/logo-1.png\",\"contentUrl\":\"https:\\\/\\\/marcelolopes.jor.br\\\/site\\\/wp-content\\\/uploads\\\/2024\\\/11\\\/logo-1.png\",\"width\":475,\"height\":80,\"caption\":\"Site do Marcelo Lopes\"},\"image\":{\"@id\":\"https:\\\/\\\/marcelolopes.jor.br\\\/site\\\/#\\\/schema\\\/logo\\\/image\\\/\"},\"sameAs\":[\"https:\\\/\\\/www.facebook.com\\\/sitedomarcelolopes\",\"https:\\\/\\\/www.instagram.com\\\/sitedomarcelolopes\\\/\",\"https:\\\/\\\/www.linkedin.com\\\/company\\\/site-do-marcelo-lopes\\\/\",\"https:\\\/\\\/www.youtube.com\\\/user\\\/marcelolopes957\"]},{\"@type\":\"Person\",\"@id\":\"https:\\\/\\\/marcelolopes.jor.br\\\/site\\\/#\\\/schema\\\/person\\\/3e7216a35c34d8fdf952b31da3d1f89f\",\"name\":\"Marcelo Lopes\",\"sameAs\":[\"http:\\\/\\\/www.marcelolopes.jor.br\"],\"url\":\"https:\\\/\\\/marcelolopes.jor.br\\\/site\\\/author\\\/marcelo\\\/\"}]}<\/script>\n<!-- \/ Yoast SEO plugin. -->","yoast_head_json":{"title":"Pol\u00edcia Militar prende suspeitos de roubo em s\u00e9rie, em Rodeiro | Marcelo Lopes","description":"Pol\u00edcia Militar prende suspeitos de roubo em s\u00e9rie, em Rodeiro. A opera\u00e7\u00e3o tamb\u00e9m apreendeu drogas e recuperou produtos roubados.","robots":{"index":"index","follow":"follow","max-snippet":"max-snippet:-1","max-image-preview":"max-image-preview:large","max-video-preview":"max-video-preview:-1"},"canonical":"https:\/\/marcelolopes.jor.br\/site\/2026\/01\/09\/policia-militar-prende-suspeitos-de-roubo-em-serie-em-rodeiro\/","og_locale":"pt_BR","og_type":"article","og_title":"Pol\u00edcia Militar prende suspeitos de roubo em s\u00e9rie, em Rodeiro | Marcelo Lopes","og_description":"Pol\u00edcia Militar prende suspeitos de roubo em s\u00e9rie, em Rodeiro. A opera\u00e7\u00e3o tamb\u00e9m apreendeu drogas e recuperou produtos roubados.","og_url":"https:\/\/marcelolopes.jor.br\/site\/2026\/01\/09\/policia-militar-prende-suspeitos-de-roubo-em-serie-em-rodeiro\/","og_site_name":"Marcelo Lopes","article_publisher":"https:\/\/www.facebook.com\/sitedomarcelolopes","article_published_time":"2026-01-09T15:00:19+00:00","og_image":[{"width":800,"height":546,"url":"https:\/\/marcelolopes.jor.br\/site\/wp-content\/uploads\/2026\/01\/drogas.jpg","type":"image\/jpeg"}],"author":"Marcelo Lopes","twitter_card":"summary_large_image","twitter_misc":{"Escrito por":"Marcelo Lopes","Est. tempo de leitura":"2 minutos"},"schema":{"@context":"https:\/\/schema.org","@graph":[{"@type":"NewsArticle","@id":"https:\/\/marcelolopes.jor.br\/site\/2026\/01\/09\/policia-militar-prende-suspeitos-de-roubo-em-serie-em-rodeiro\/#article","isPartOf":{"@id":"https:\/\/marcelolopes.jor.br\/site\/2026\/01\/09\/policia-militar-prende-suspeitos-de-roubo-em-serie-em-rodeiro\/"},"author":{"name":"Marcelo Lopes","@id":"https:\/\/marcelolopes.jor.br\/site\/#\/schema\/person\/3e7216a35c34d8fdf952b31da3d1f89f"},"headline":"Pol\u00edcia Militar prende suspeitos de roubo em s\u00e9rie, em Rodeiro","datePublished":"2026-01-09T15:00:19+00:00","mainEntityOfPage":{"@id":"https:\/\/marcelolopes.jor.br\/site\/2026\/01\/09\/policia-militar-prende-suspeitos-de-roubo-em-serie-em-rodeiro\/"},"wordCount":450,"commentCount":0,"publisher":{"@id":"https:\/\/marcelolopes.jor.br\/site\/#organization"},"image":{"@id":"https:\/\/marcelolopes.jor.br\/site\/2026\/01\/09\/policia-militar-prende-suspeitos-de-roubo-em-serie-em-rodeiro\/#primaryimage"},"thumbnailUrl":"https:\/\/marcelolopes.jor.br\/site\/wp-content\/uploads\/2026\/01\/drogas.jpg","articleSection":["Not\u00edcias"],"inLanguage":"pt-BR","potentialAction":[{"@type":"CommentAction","name":"Comment","target":["https:\/\/marcelolopes.jor.br\/site\/2026\/01\/09\/policia-militar-prende-suspeitos-de-roubo-em-serie-em-rodeiro\/#respond"]}]},{"@type":"WebPage","@id":"https:\/\/marcelolopes.jor.br\/site\/2026\/01\/09\/policia-militar-prende-suspeitos-de-roubo-em-serie-em-rodeiro\/","url":"https:\/\/marcelolopes.jor.br\/site\/2026\/01\/09\/policia-militar-prende-suspeitos-de-roubo-em-serie-em-rodeiro\/","name":"Pol\u00edcia Militar prende suspeitos de roubo em s\u00e9rie, em Rodeiro | Marcelo Lopes","isPartOf":{"@id":"https:\/\/marcelolopes.jor.br\/site\/#website"},"primaryImageOfPage":{"@id":"https:\/\/marcelolopes.jor.br\/site\/2026\/01\/09\/policia-militar-prende-suspeitos-de-roubo-em-serie-em-rodeiro\/#primaryimage"},"image":{"@id":"https:\/\/marcelolopes.jor.br\/site\/2026\/01\/09\/policia-militar-prende-suspeitos-de-roubo-em-serie-em-rodeiro\/#primaryimage"},"thumbnailUrl":"https:\/\/marcelolopes.jor.br\/site\/wp-content\/uploads\/2026\/01\/drogas.jpg","datePublished":"2026-01-09T15:00:19+00:00","description":"Pol\u00edcia Militar prende suspeitos de roubo em s\u00e9rie, em Rodeiro. A opera\u00e7\u00e3o tamb\u00e9m apreendeu drogas e recuperou produtos roubados.","breadcrumb":{"@id":"https:\/\/marcelolopes.jor.br\/site\/2026\/01\/09\/policia-militar-prende-suspeitos-de-roubo-em-serie-em-rodeiro\/#breadcrumb"},"inLanguage":"pt-BR","potentialAction":[{"@type":"ReadAction","target":["https:\/\/marcelolopes.jor.br\/site\/2026\/01\/09\/policia-militar-prende-suspeitos-de-roubo-em-serie-em-rodeiro\/"]}]},{"@type":"ImageObject","inLanguage":"pt-BR","@id":"https:\/\/marcelolopes.jor.br\/site\/2026\/01\/09\/policia-militar-prende-suspeitos-de-roubo-em-serie-em-rodeiro\/#primaryimage","url":"https:\/\/marcelolopes.jor.br\/site\/wp-content\/uploads\/2026\/01\/drogas.jpg","contentUrl":"https:\/\/marcelolopes.jor.br\/site\/wp-content\/uploads\/2026\/01\/drogas.jpg","width":800,"height":546,"caption":"Pol\u00edcia Militar prende suspeitos"},{"@type":"BreadcrumbList","@id":"https:\/\/marcelolopes.jor.br\/site\/2026\/01\/09\/policia-militar-prende-suspeitos-de-roubo-em-serie-em-rodeiro\/#breadcrumb","itemListElement":[{"@type":"ListItem","position":1,"name":"Home","item":"https:\/\/marcelolopes.jor.br\/site\/"},{"@type":"ListItem","position":2,"name":"Pol\u00edcia Militar prende suspeitos de roubo em s\u00e9rie, em Rodeiro"}]},{"@type":"WebSite","@id":"https:\/\/marcelolopes.jor.br\/site\/#website","url":"https:\/\/marcelolopes.jor.br\/site\/","name":"Marcelo Lopes","description":"Not\u00edcias de Cataguases e Regi\u00e3o","publisher":{"@id":"https:\/\/marcelolopes.jor.br\/site\/#organization"},"potentialAction":[{"@type":"SearchAction","target":{"@type":"EntryPoint","urlTemplate":"https:\/\/marcelolopes.jor.br\/site\/?s={search_term_string}"},"query-input":{"@type":"PropertyValueSpecification","valueRequired":true,"valueName":"search_term_string"}}],"inLanguage":"pt-BR"},{"@type":"Organization","@id":"https:\/\/marcelolopes.jor.br\/site\/#organization","name":"Site do Marcelo Lopes","url":"https:\/\/marcelolopes.jor.br\/site\/","logo":{"@type":"ImageObject","inLanguage":"pt-BR","@id":"https:\/\/marcelolopes.jor.br\/site\/#\/schema\/logo\/image\/","url":"https:\/\/marcelolopes.jor.br\/site\/wp-content\/uploads\/2024\/11\/logo-1.png","contentUrl":"https:\/\/marcelolopes.jor.br\/site\/wp-content\/uploads\/2024\/11\/logo-1.png","width":475,"height":80,"caption":"Site do Marcelo Lopes"},"image":{"@id":"https:\/\/marcelolopes.jor.br\/site\/#\/schema\/logo\/image\/"},"sameAs":["https:\/\/www.facebook.com\/sitedomarcelolopes","https:\/\/www.instagram.com\/sitedomarcelolopes\/","https:\/\/www.linkedin.com\/company\/site-do-marcelo-lopes\/","https:\/\/www.youtube.com\/user\/marcelolopes957"]},{"@type":"Person","@id":"https:\/\/marcelolopes.jor.br\/site\/#\/schema\/person\/3e7216a35c34d8fdf952b31da3d1f89f","name":"Marcelo Lopes","sameAs":["http:\/\/www.marcelolopes.jor.br"],"url":"https:\/\/marcelolopes.jor.br\/site\/author\/marcelo\/"}]}},"wps_subtitle":"A opera\u00e7\u00e3o tamb\u00e9m apreendeu drogas e recuperou produtos roubados.","_links":{"self":[{"href":"https:\/\/marcelolopes.jor.br\/site\/wp-json\/wp\/v2\/posts\/63100","targetHints":{"allow":["GET"]}}],"collection":[{"href":"https:\/\/marcelolopes.jor.br\/site\/wp-json\/wp\/v2\/posts"}],"about":[{"href":"https:\/\/marcelolopes.jor.br\/site\/wp-json\/wp\/v2\/types\/post"}],"author":[{"embeddable":true,"href":"https:\/\/marcelolopes.jor.br\/site\/wp-json\/wp\/v2\/users\/2"}],"replies":[{"embeddable":true,"href":"https:\/\/marcelolopes.jor.br\/site\/wp-json\/wp\/v2\/comments?post=63100"}],"version-history":[{"count":0,"href":"https:\/\/marcelolopes.jor.br\/site\/wp-json\/wp\/v2\/posts\/63100\/revisions"}],"wp:featuredmedia":[{"embeddable":true,"href":"https:\/\/marcelolopes.jor.br\/site\/wp-json\/wp\/v2\/media\/63102"}],"wp:attachment":[{"href":"https:\/\/marcelolopes.jor.br\/site\/wp-json\/wp\/v2\/media?parent=63100"}],"wp:term":[{"taxonomy":"category","embeddable":true,"href":"https:\/\/marcelolopes.jor.br\/site\/wp-json\/wp\/v2\/categories?post=63100"},{"taxonomy":"post_tag","embeddable":true,"href":"https:\/\/marcelolopes.jor.br\/site\/wp-json\/wp\/v2\/tags?post=63100"}],"curies":[{"name":"wp","href":"https:\/\/api.w.org\/{rel}","templated":true}]}}