{"id":631,"date":"2019-04-10T12:00:09","date_gmt":"2019-04-10T15:00:09","guid":{"rendered":"https:\/\/marcelolopes.jor.br\/?p=631"},"modified":"2019-04-10T17:59:45","modified_gmt":"2019-04-10T20:59:45","slug":"pais-retiram-alunos-de-sala-de-aula-em-vista-alegre-apos-suposta-ameaca","status":"publish","type":"post","link":"https:\/\/marcelolopes.jor.br\/site\/2019\/04\/10\/pais-retiram-alunos-de-sala-de-aula-em-vista-alegre-apos-suposta-ameaca\/","title":{"rendered":"Pais retiram alunos de sala de aula em Vista Alegre ap\u00f3s suposta amea\u00e7a"},"content":{"rendered":"<div style=\"text-align: justify;\">Os alunos da Escola Municipal Manoel Pais Thiago, em Vista Alegre, distrito de Cataguases, foram retirados das salas de aula na tarde desta ter\u00e7a-feira, 09 de abril, por seus pais ou respons\u00e1veis. Em \u00e1udio divulgado pelo aplicativo de mensagens WhatsApp, uma voz de homem amea\u00e7ava invadir o local e atirar em todas as crian\u00e7as. A escola tem 123 alunos do Ensino Fundamental e as aulas acontecem no per\u00edodo da tarde, confirmou o secret\u00e1rio municipal de Educa\u00e7\u00e3o, Jos\u00e9 Fernando Milani.<\/div>\n<div style=\"text-align: justify;\"><\/div>\n<div style=\"text-align: justify;\">Na segunda-feira, 08, o clima na escola era de tranquilidade e as aulas transcorreram normalmente. O \u00e1udio, por\u00e9m, teria chegado at\u00e9 \u00e0 comunidade naquela noite, mas as pessoas ouvidas pela reportagem disseram n\u00e3o possuirem a mensagem de \u00e1udio, afirmando apenas terem tomado conhecimento por meio de outra pessoa. O conte\u00fado dela identifica um homem que seria morador do distrito vizinho &#8211; Aracati &#8211; como sendo a pessoa que iria invadir a escola e efetuar disparos de arma de fogo contra os estudantes.<\/div>\n<p><!--more--><\/p>\n<div style=\"text-align: justify;\">A Pol\u00edcia Militar foi acionada e fez um boletim de ocorr\u00eancia na tarde de ter\u00e7a-feira, 09, logo depois das crian\u00e7as deixarem o estabelecimento. Al\u00e9m disso, nada de anormal aconteceu no distrito at\u00e9 o fechamento desta mat\u00e9ria. Nesta manh\u00e3 de quarta-feira, 10, a escola est\u00e1 funcionando normalmente e as aulas est\u00e3o mantidas no per\u00edodo da tarde. N\u00e3o h\u00e1, no entanto, como prever se os alunos ir\u00e3o comparecer, acrescentou o Secret\u00e1rio de Educa\u00e7\u00e3o.<\/div>\n<div>\n<div style=\"text-align: justify;\"><\/div>\n<div style=\"text-align: justify;\">Jos\u00e9 Fernando disse que medidas de seguran\u00e7a foram adotadas nas escolas do munic\u00edpio desde o caso recente da chacina em Suzano\/SP. &#8220;N\u00f3s adotamos medidas mais r\u00edgidas de controle de entrada na escola, que agora n\u00e3o permite mais o ingresso de qualquer pessoa em seu interior&#8221;, revelou. &#8220;Estamos exigindo crach\u00e1 para quem n\u00e3o \u00e9 aluno e outros meios de identifica\u00e7\u00e3o&#8221;, salientou. Ele tamb\u00e9m disse que est\u00e1 mantendo contato permanente com a Pol\u00edcia Militar para acompanhar este caso espec\u00edfico que j\u00e1 est\u00e1 sendo investigado pela Pol\u00edcia Civil.<\/div>\n<div style=\"text-align: justify;\"><\/div>\n<div style=\"text-align: justify;\">Apesar do transtorno, este epis\u00f3dio pode ser mais um caso de propaga\u00e7\u00e3o de &#8220;fake news&#8221; por meio daquela rede social. A Pol\u00edcia Militar, atrav\u00e9s de seu comandante, major Willian Machado, analisou o epis\u00f3dio para o Site. &#8220;Recebemos a den\u00fancia e fizemos o Boletim de Ocorr\u00eancia, contudo, n\u00e3o foi identificado quem poderia esclarecer se as supostas amea\u00e7as foram proferidas ou postadas pelo autor.&#8221; Ele alerta para a quest\u00e3o das informa\u00e7\u00f5es n\u00e3o terem sequer dados b\u00e1sicos como quando, onde e como o fato ocorre. &#8220;Isso implica em uma an\u00e1lise mais meticulosa para que os parcos recursos sejam empregados com responsabilidade, diz complementando: &#8220;Quem recebe tais den\u00fancias deve ter o cuidado de buscar a veracidade da informa\u00e7\u00e3o e se poss\u00edvel, entrar em contato com a PM. Existem muitos casos de den\u00fancias falsas ou deturpadas e isso afeta o servi\u00e7o prestado pela Pol\u00edcia Militar chegando ao ponto de propagar o p\u00e2nico e aumentar a sensa\u00e7\u00e3o de inseguran\u00e7a, afetando o bem estar dos moradores locais, na rotina e na economia da regi\u00e3o. Exemplo disso, foi o fato de aproximadamente cem crian\u00e7as ficarem sem aulas, por causa de uma suposta mensagem que ningu\u00e9m &#8211; at\u00e9 agora &#8211; mostrou como tal amea\u00e7a foi proferida&#8221;, finalizou aquele comandante.<\/div>\n<\/div>\n<div class=\"jaxix69f7055a37342\" ><br><\/div><style type=\"text\/css\">\r\n@media screen and (min-width: 1201px) {\r\n.jaxix69f7055a37342 {\r\ndisplay: block;\r\n}\r\n}\r\n@media screen and (min-width: 993px) and (max-width: 1200px) {\r\n.jaxix69f7055a37342 {\r\ndisplay: block;\r\n}\r\n}\r\n@media screen and (min-width: 769px) and (max-width: 992px) {\r\n.jaxix69f7055a37342 {\r\ndisplay: block;\r\n}\r\n}\r\n@media screen and (min-width: 768px) and (max-width: 768px) {\r\n.jaxix69f7055a37342 {\r\ndisplay: block;\r\n}\r\n}\r\n@media screen and (max-width: 767px) {\r\n.jaxix69f7055a37342 {\r\ndisplay: block;\r\n}\r\n}\r\n<\/style>\r\n<div class=\"ugcvs69f7055a3bef5\" ><div id=\"div_destino\"><\/div>\r\n<script src=\"https:\/\/cdn.snsrsv.com\/sdk.js\"><\/script>\r\n<script >\r\n      new sdk(\"464030C30061EA8BE065000000000001\") \r\n          .appendTo(\"div_destino\")\r\n          .disableStyle(true) \r\n          .setCacheBusterMacro(\"%%CACHEBUSTER%%\")\r\n          .setSize(\"800\",\"214\")\r\n          .setClickMacro(\"%%CLICK_URL_ESC%%\") \r\n          .setReferrerUrlMacro(\"%%REFERRER_URL_ESC%%\") \r\n          .start(); \r\n<\/script><\/div><style type=\"text\/css\">\r\n@media screen and (min-width: 1201px) {\r\n.ugcvs69f7055a3bef5 {\r\ndisplay: block;\r\n}\r\n}\r\n@media screen and (min-width: 993px) and (max-width: 1200px) {\r\n.ugcvs69f7055a3bef5 {\r\ndisplay: block;\r\n}\r\n}\r\n@media screen and (min-width: 769px) and (max-width: 992px) {\r\n.ugcvs69f7055a3bef5 {\r\ndisplay: block;\r\n}\r\n}\r\n@media screen and (min-width: 768px) and (max-width: 768px) {\r\n.ugcvs69f7055a3bef5 {\r\ndisplay: block;\r\n}\r\n}\r\n@media screen and (max-width: 767px) {\r\n.ugcvs69f7055a3bef5 {\r\ndisplay: block;\r\n}\r\n}\r\n<\/style>\r\n","protected":false},"excerpt":{"rendered":"<p>Os alunos da Escola Municipal Manoel Pais Thiago, em Vista Alegre, distrito de Cataguases, foram retirados das salas de aula na tarde desta ter\u00e7a-feira, 09 de abril, por seus pais ou respons\u00e1veis. Em \u00e1udio divulgado pelo aplicativo de mensagens WhatsApp,<\/p>\n<p class=\"link-more\"><a class=\"more-link\" href=\"https:\/\/marcelolopes.jor.br\/site\/2019\/04\/10\/pais-retiram-alunos-de-sala-de-aula-em-vista-alegre-apos-suposta-ameaca\/\">Leia mais <span class=\"screen-reader-text\">Pais retiram alunos de sala de aula em Vista Alegre ap\u00f3s suposta amea\u00e7a<\/span><\/a><\/p>\n","protected":false},"author":1,"featured_media":632,"comment_status":"open","ping_status":"open","sticky":false,"template":"","format":"standard","meta":{"footnotes":""},"categories":[1],"tags":[],"class_list":["post-631","post","type-post","status-publish","format-standard","has-post-thumbnail","hentry","category-noticias","thumb-below-title"],"yoast_head":"<!-- This site is optimized with the Yoast SEO plugin v27.4 - https:\/\/yoast.com\/product\/yoast-seo-wordpress\/ -->\n<title>Pais retiram alunos de sala de aula em Vista Alegre ap\u00f3s suposta amea\u00e7a | Marcelo Lopes<\/title>\n<meta name=\"robots\" content=\"index, follow, max-snippet:-1, max-image-preview:large, max-video-preview:-1\" \/>\n<link rel=\"canonical\" href=\"https:\/\/marcelolopes.jor.br\/site\/2019\/04\/10\/pais-retiram-alunos-de-sala-de-aula-em-vista-alegre-apos-suposta-ameaca\/\" \/>\n<meta property=\"og:locale\" content=\"pt_BR\" \/>\n<meta property=\"og:type\" content=\"article\" \/>\n<meta property=\"og:title\" content=\"Pais retiram alunos de sala de aula em Vista Alegre ap\u00f3s suposta amea\u00e7a | Marcelo Lopes\" \/>\n<meta property=\"og:description\" content=\"Os alunos da Escola Municipal Manoel Pais Thiago, em Vista Alegre, distrito de Cataguases, foram retirados das salas de aula na tarde desta ter\u00e7a-feira, 09 de abril, por seus pais ou respons\u00e1veis. Em \u00e1udio divulgado pelo aplicativo de mensagens WhatsApp,Leia mais Pais retiram alunos de sala de aula em Vista Alegre ap\u00f3s suposta amea\u00e7a\" \/>\n<meta property=\"og:url\" content=\"https:\/\/marcelolopes.jor.br\/site\/2019\/04\/10\/pais-retiram-alunos-de-sala-de-aula-em-vista-alegre-apos-suposta-ameaca\/\" \/>\n<meta property=\"og:site_name\" content=\"Marcelo Lopes\" \/>\n<meta property=\"article:publisher\" content=\"https:\/\/www.facebook.com\/sitedomarcelolopes\" \/>\n<meta property=\"article:published_time\" content=\"2019-04-10T15:00:09+00:00\" \/>\n<meta property=\"article:modified_time\" content=\"2019-04-10T20:59:45+00:00\" \/>\n<meta property=\"og:image\" content=\"https:\/\/marcelolopes.jor.br\/site\/wp-content\/uploads\/2019\/04\/escola.jpg\" \/>\n\t<meta property=\"og:image:width\" content=\"804\" \/>\n\t<meta property=\"og:image:height\" content=\"503\" \/>\n\t<meta property=\"og:image:type\" content=\"image\/jpeg\" \/>\n<meta name=\"author\" content=\"universo\" \/>\n<meta name=\"twitter:card\" content=\"summary_large_image\" \/>\n<meta name=\"twitter:label1\" content=\"Escrito por\" \/>\n\t<meta name=\"twitter:data1\" content=\"universo\" \/>\n\t<meta name=\"twitter:label2\" content=\"Est. tempo de leitura\" \/>\n\t<meta name=\"twitter:data2\" content=\"3 minutos\" \/>\n<script type=\"application\/ld+json\" class=\"yoast-schema-graph\">{\"@context\":\"https:\\\/\\\/schema.org\",\"@graph\":[{\"@type\":\"NewsArticle\",\"@id\":\"https:\\\/\\\/marcelolopes.jor.br\\\/site\\\/2019\\\/04\\\/10\\\/pais-retiram-alunos-de-sala-de-aula-em-vista-alegre-apos-suposta-ameaca\\\/#article\",\"isPartOf\":{\"@id\":\"https:\\\/\\\/marcelolopes.jor.br\\\/site\\\/2019\\\/04\\\/10\\\/pais-retiram-alunos-de-sala-de-aula-em-vista-alegre-apos-suposta-ameaca\\\/\"},\"author\":{\"name\":\"universo\",\"@id\":\"https:\\\/\\\/marcelolopes.jor.br\\\/site\\\/#\\\/schema\\\/person\\\/27c10fcefab28f2110efeb1b285475e4\"},\"headline\":\"Pais retiram alunos de sala de aula em Vista Alegre ap\u00f3s suposta amea\u00e7a\",\"datePublished\":\"2019-04-10T15:00:09+00:00\",\"dateModified\":\"2019-04-10T20:59:45+00:00\",\"mainEntityOfPage\":{\"@id\":\"https:\\\/\\\/marcelolopes.jor.br\\\/site\\\/2019\\\/04\\\/10\\\/pais-retiram-alunos-de-sala-de-aula-em-vista-alegre-apos-suposta-ameaca\\\/\"},\"wordCount\":586,\"commentCount\":0,\"publisher\":{\"@id\":\"https:\\\/\\\/marcelolopes.jor.br\\\/site\\\/#organization\"},\"image\":{\"@id\":\"https:\\\/\\\/marcelolopes.jor.br\\\/site\\\/2019\\\/04\\\/10\\\/pais-retiram-alunos-de-sala-de-aula-em-vista-alegre-apos-suposta-ameaca\\\/#primaryimage\"},\"thumbnailUrl\":\"https:\\\/\\\/marcelolopes.jor.br\\\/site\\\/wp-content\\\/uploads\\\/2019\\\/04\\\/escola.jpg\",\"articleSection\":[\"Not\u00edcias\"],\"inLanguage\":\"pt-BR\",\"potentialAction\":[{\"@type\":\"CommentAction\",\"name\":\"Comment\",\"target\":[\"https:\\\/\\\/marcelolopes.jor.br\\\/site\\\/2019\\\/04\\\/10\\\/pais-retiram-alunos-de-sala-de-aula-em-vista-alegre-apos-suposta-ameaca\\\/#respond\"]}]},{\"@type\":\"WebPage\",\"@id\":\"https:\\\/\\\/marcelolopes.jor.br\\\/site\\\/2019\\\/04\\\/10\\\/pais-retiram-alunos-de-sala-de-aula-em-vista-alegre-apos-suposta-ameaca\\\/\",\"url\":\"https:\\\/\\\/marcelolopes.jor.br\\\/site\\\/2019\\\/04\\\/10\\\/pais-retiram-alunos-de-sala-de-aula-em-vista-alegre-apos-suposta-ameaca\\\/\",\"name\":\"Pais retiram alunos de sala de aula em Vista Alegre ap\u00f3s suposta amea\u00e7a | Marcelo Lopes\",\"isPartOf\":{\"@id\":\"https:\\\/\\\/marcelolopes.jor.br\\\/site\\\/#website\"},\"primaryImageOfPage\":{\"@id\":\"https:\\\/\\\/marcelolopes.jor.br\\\/site\\\/2019\\\/04\\\/10\\\/pais-retiram-alunos-de-sala-de-aula-em-vista-alegre-apos-suposta-ameaca\\\/#primaryimage\"},\"image\":{\"@id\":\"https:\\\/\\\/marcelolopes.jor.br\\\/site\\\/2019\\\/04\\\/10\\\/pais-retiram-alunos-de-sala-de-aula-em-vista-alegre-apos-suposta-ameaca\\\/#primaryimage\"},\"thumbnailUrl\":\"https:\\\/\\\/marcelolopes.jor.br\\\/site\\\/wp-content\\\/uploads\\\/2019\\\/04\\\/escola.jpg\",\"datePublished\":\"2019-04-10T15:00:09+00:00\",\"dateModified\":\"2019-04-10T20:59:45+00:00\",\"breadcrumb\":{\"@id\":\"https:\\\/\\\/marcelolopes.jor.br\\\/site\\\/2019\\\/04\\\/10\\\/pais-retiram-alunos-de-sala-de-aula-em-vista-alegre-apos-suposta-ameaca\\\/#breadcrumb\"},\"inLanguage\":\"pt-BR\",\"potentialAction\":[{\"@type\":\"ReadAction\",\"target\":[\"https:\\\/\\\/marcelolopes.jor.br\\\/site\\\/2019\\\/04\\\/10\\\/pais-retiram-alunos-de-sala-de-aula-em-vista-alegre-apos-suposta-ameaca\\\/\"]}]},{\"@type\":\"ImageObject\",\"inLanguage\":\"pt-BR\",\"@id\":\"https:\\\/\\\/marcelolopes.jor.br\\\/site\\\/2019\\\/04\\\/10\\\/pais-retiram-alunos-de-sala-de-aula-em-vista-alegre-apos-suposta-ameaca\\\/#primaryimage\",\"url\":\"https:\\\/\\\/marcelolopes.jor.br\\\/site\\\/wp-content\\\/uploads\\\/2019\\\/04\\\/escola.jpg\",\"contentUrl\":\"https:\\\/\\\/marcelolopes.jor.br\\\/site\\\/wp-content\\\/uploads\\\/2019\\\/04\\\/escola.jpg\",\"width\":804,\"height\":503},{\"@type\":\"BreadcrumbList\",\"@id\":\"https:\\\/\\\/marcelolopes.jor.br\\\/site\\\/2019\\\/04\\\/10\\\/pais-retiram-alunos-de-sala-de-aula-em-vista-alegre-apos-suposta-ameaca\\\/#breadcrumb\",\"itemListElement\":[{\"@type\":\"ListItem\",\"position\":1,\"name\":\"Home\",\"item\":\"https:\\\/\\\/marcelolopes.jor.br\\\/site\\\/\"},{\"@type\":\"ListItem\",\"position\":2,\"name\":\"Pais retiram alunos de sala de aula em Vista Alegre ap\u00f3s suposta amea\u00e7a\"}]},{\"@type\":\"WebSite\",\"@id\":\"https:\\\/\\\/marcelolopes.jor.br\\\/site\\\/#website\",\"url\":\"https:\\\/\\\/marcelolopes.jor.br\\\/site\\\/\",\"name\":\"Marcelo Lopes\",\"description\":\"Not\u00edcias de Cataguases e Regi\u00e3o\",\"publisher\":{\"@id\":\"https:\\\/\\\/marcelolopes.jor.br\\\/site\\\/#organization\"},\"potentialAction\":[{\"@type\":\"SearchAction\",\"target\":{\"@type\":\"EntryPoint\",\"urlTemplate\":\"https:\\\/\\\/marcelolopes.jor.br\\\/site\\\/?s={search_term_string}\"},\"query-input\":{\"@type\":\"PropertyValueSpecification\",\"valueRequired\":true,\"valueName\":\"search_term_string\"}}],\"inLanguage\":\"pt-BR\"},{\"@type\":\"Organization\",\"@id\":\"https:\\\/\\\/marcelolopes.jor.br\\\/site\\\/#organization\",\"name\":\"Site do Marcelo Lopes\",\"url\":\"https:\\\/\\\/marcelolopes.jor.br\\\/site\\\/\",\"logo\":{\"@type\":\"ImageObject\",\"inLanguage\":\"pt-BR\",\"@id\":\"https:\\\/\\\/marcelolopes.jor.br\\\/site\\\/#\\\/schema\\\/logo\\\/image\\\/\",\"url\":\"https:\\\/\\\/marcelolopes.jor.br\\\/site\\\/wp-content\\\/uploads\\\/2024\\\/11\\\/logo-1.png\",\"contentUrl\":\"https:\\\/\\\/marcelolopes.jor.br\\\/site\\\/wp-content\\\/uploads\\\/2024\\\/11\\\/logo-1.png\",\"width\":475,\"height\":80,\"caption\":\"Site do Marcelo Lopes\"},\"image\":{\"@id\":\"https:\\\/\\\/marcelolopes.jor.br\\\/site\\\/#\\\/schema\\\/logo\\\/image\\\/\"},\"sameAs\":[\"https:\\\/\\\/www.facebook.com\\\/sitedomarcelolopes\",\"https:\\\/\\\/www.instagram.com\\\/sitedomarcelolopes\\\/\",\"https:\\\/\\\/www.linkedin.com\\\/company\\\/site-do-marcelo-lopes\\\/\",\"https:\\\/\\\/www.youtube.com\\\/user\\\/marcelolopes957\"]},{\"@type\":\"Person\",\"@id\":\"https:\\\/\\\/marcelolopes.jor.br\\\/site\\\/#\\\/schema\\\/person\\\/27c10fcefab28f2110efeb1b285475e4\",\"name\":\"universo\",\"url\":\"https:\\\/\\\/marcelolopes.jor.br\\\/site\\\/author\\\/universo\\\/\"}]}<\/script>\n<!-- \/ Yoast SEO plugin. -->","yoast_head_json":{"title":"Pais retiram alunos de sala de aula em Vista Alegre ap\u00f3s suposta amea\u00e7a | Marcelo Lopes","robots":{"index":"index","follow":"follow","max-snippet":"max-snippet:-1","max-image-preview":"max-image-preview:large","max-video-preview":"max-video-preview:-1"},"canonical":"https:\/\/marcelolopes.jor.br\/site\/2019\/04\/10\/pais-retiram-alunos-de-sala-de-aula-em-vista-alegre-apos-suposta-ameaca\/","og_locale":"pt_BR","og_type":"article","og_title":"Pais retiram alunos de sala de aula em Vista Alegre ap\u00f3s suposta amea\u00e7a | Marcelo Lopes","og_description":"Os alunos da Escola Municipal Manoel Pais Thiago, em Vista Alegre, distrito de Cataguases, foram retirados das salas de aula na tarde desta ter\u00e7a-feira, 09 de abril, por seus pais ou respons\u00e1veis. Em \u00e1udio divulgado pelo aplicativo de mensagens WhatsApp,Leia mais Pais retiram alunos de sala de aula em Vista Alegre ap\u00f3s suposta amea\u00e7a","og_url":"https:\/\/marcelolopes.jor.br\/site\/2019\/04\/10\/pais-retiram-alunos-de-sala-de-aula-em-vista-alegre-apos-suposta-ameaca\/","og_site_name":"Marcelo Lopes","article_publisher":"https:\/\/www.facebook.com\/sitedomarcelolopes","article_published_time":"2019-04-10T15:00:09+00:00","article_modified_time":"2019-04-10T20:59:45+00:00","og_image":[{"width":804,"height":503,"url":"https:\/\/marcelolopes.jor.br\/site\/wp-content\/uploads\/2019\/04\/escola.jpg","type":"image\/jpeg"}],"author":"universo","twitter_card":"summary_large_image","twitter_misc":{"Escrito por":"universo","Est. tempo de leitura":"3 minutos"},"schema":{"@context":"https:\/\/schema.org","@graph":[{"@type":"NewsArticle","@id":"https:\/\/marcelolopes.jor.br\/site\/2019\/04\/10\/pais-retiram-alunos-de-sala-de-aula-em-vista-alegre-apos-suposta-ameaca\/#article","isPartOf":{"@id":"https:\/\/marcelolopes.jor.br\/site\/2019\/04\/10\/pais-retiram-alunos-de-sala-de-aula-em-vista-alegre-apos-suposta-ameaca\/"},"author":{"name":"universo","@id":"https:\/\/marcelolopes.jor.br\/site\/#\/schema\/person\/27c10fcefab28f2110efeb1b285475e4"},"headline":"Pais retiram alunos de sala de aula em Vista Alegre ap\u00f3s suposta amea\u00e7a","datePublished":"2019-04-10T15:00:09+00:00","dateModified":"2019-04-10T20:59:45+00:00","mainEntityOfPage":{"@id":"https:\/\/marcelolopes.jor.br\/site\/2019\/04\/10\/pais-retiram-alunos-de-sala-de-aula-em-vista-alegre-apos-suposta-ameaca\/"},"wordCount":586,"commentCount":0,"publisher":{"@id":"https:\/\/marcelolopes.jor.br\/site\/#organization"},"image":{"@id":"https:\/\/marcelolopes.jor.br\/site\/2019\/04\/10\/pais-retiram-alunos-de-sala-de-aula-em-vista-alegre-apos-suposta-ameaca\/#primaryimage"},"thumbnailUrl":"https:\/\/marcelolopes.jor.br\/site\/wp-content\/uploads\/2019\/04\/escola.jpg","articleSection":["Not\u00edcias"],"inLanguage":"pt-BR","potentialAction":[{"@type":"CommentAction","name":"Comment","target":["https:\/\/marcelolopes.jor.br\/site\/2019\/04\/10\/pais-retiram-alunos-de-sala-de-aula-em-vista-alegre-apos-suposta-ameaca\/#respond"]}]},{"@type":"WebPage","@id":"https:\/\/marcelolopes.jor.br\/site\/2019\/04\/10\/pais-retiram-alunos-de-sala-de-aula-em-vista-alegre-apos-suposta-ameaca\/","url":"https:\/\/marcelolopes.jor.br\/site\/2019\/04\/10\/pais-retiram-alunos-de-sala-de-aula-em-vista-alegre-apos-suposta-ameaca\/","name":"Pais retiram alunos de sala de aula em Vista Alegre ap\u00f3s suposta amea\u00e7a | Marcelo Lopes","isPartOf":{"@id":"https:\/\/marcelolopes.jor.br\/site\/#website"},"primaryImageOfPage":{"@id":"https:\/\/marcelolopes.jor.br\/site\/2019\/04\/10\/pais-retiram-alunos-de-sala-de-aula-em-vista-alegre-apos-suposta-ameaca\/#primaryimage"},"image":{"@id":"https:\/\/marcelolopes.jor.br\/site\/2019\/04\/10\/pais-retiram-alunos-de-sala-de-aula-em-vista-alegre-apos-suposta-ameaca\/#primaryimage"},"thumbnailUrl":"https:\/\/marcelolopes.jor.br\/site\/wp-content\/uploads\/2019\/04\/escola.jpg","datePublished":"2019-04-10T15:00:09+00:00","dateModified":"2019-04-10T20:59:45+00:00","breadcrumb":{"@id":"https:\/\/marcelolopes.jor.br\/site\/2019\/04\/10\/pais-retiram-alunos-de-sala-de-aula-em-vista-alegre-apos-suposta-ameaca\/#breadcrumb"},"inLanguage":"pt-BR","potentialAction":[{"@type":"ReadAction","target":["https:\/\/marcelolopes.jor.br\/site\/2019\/04\/10\/pais-retiram-alunos-de-sala-de-aula-em-vista-alegre-apos-suposta-ameaca\/"]}]},{"@type":"ImageObject","inLanguage":"pt-BR","@id":"https:\/\/marcelolopes.jor.br\/site\/2019\/04\/10\/pais-retiram-alunos-de-sala-de-aula-em-vista-alegre-apos-suposta-ameaca\/#primaryimage","url":"https:\/\/marcelolopes.jor.br\/site\/wp-content\/uploads\/2019\/04\/escola.jpg","contentUrl":"https:\/\/marcelolopes.jor.br\/site\/wp-content\/uploads\/2019\/04\/escola.jpg","width":804,"height":503},{"@type":"BreadcrumbList","@id":"https:\/\/marcelolopes.jor.br\/site\/2019\/04\/10\/pais-retiram-alunos-de-sala-de-aula-em-vista-alegre-apos-suposta-ameaca\/#breadcrumb","itemListElement":[{"@type":"ListItem","position":1,"name":"Home","item":"https:\/\/marcelolopes.jor.br\/site\/"},{"@type":"ListItem","position":2,"name":"Pais retiram alunos de sala de aula em Vista Alegre ap\u00f3s suposta amea\u00e7a"}]},{"@type":"WebSite","@id":"https:\/\/marcelolopes.jor.br\/site\/#website","url":"https:\/\/marcelolopes.jor.br\/site\/","name":"Marcelo Lopes","description":"Not\u00edcias de Cataguases e Regi\u00e3o","publisher":{"@id":"https:\/\/marcelolopes.jor.br\/site\/#organization"},"potentialAction":[{"@type":"SearchAction","target":{"@type":"EntryPoint","urlTemplate":"https:\/\/marcelolopes.jor.br\/site\/?s={search_term_string}"},"query-input":{"@type":"PropertyValueSpecification","valueRequired":true,"valueName":"search_term_string"}}],"inLanguage":"pt-BR"},{"@type":"Organization","@id":"https:\/\/marcelolopes.jor.br\/site\/#organization","name":"Site do Marcelo Lopes","url":"https:\/\/marcelolopes.jor.br\/site\/","logo":{"@type":"ImageObject","inLanguage":"pt-BR","@id":"https:\/\/marcelolopes.jor.br\/site\/#\/schema\/logo\/image\/","url":"https:\/\/marcelolopes.jor.br\/site\/wp-content\/uploads\/2024\/11\/logo-1.png","contentUrl":"https:\/\/marcelolopes.jor.br\/site\/wp-content\/uploads\/2024\/11\/logo-1.png","width":475,"height":80,"caption":"Site do Marcelo Lopes"},"image":{"@id":"https:\/\/marcelolopes.jor.br\/site\/#\/schema\/logo\/image\/"},"sameAs":["https:\/\/www.facebook.com\/sitedomarcelolopes","https:\/\/www.instagram.com\/sitedomarcelolopes\/","https:\/\/www.linkedin.com\/company\/site-do-marcelo-lopes\/","https:\/\/www.youtube.com\/user\/marcelolopes957"]},{"@type":"Person","@id":"https:\/\/marcelolopes.jor.br\/site\/#\/schema\/person\/27c10fcefab28f2110efeb1b285475e4","name":"universo","url":"https:\/\/marcelolopes.jor.br\/site\/author\/universo\/"}]}},"wps_subtitle":"","_links":{"self":[{"href":"https:\/\/marcelolopes.jor.br\/site\/wp-json\/wp\/v2\/posts\/631","targetHints":{"allow":["GET"]}}],"collection":[{"href":"https:\/\/marcelolopes.jor.br\/site\/wp-json\/wp\/v2\/posts"}],"about":[{"href":"https:\/\/marcelolopes.jor.br\/site\/wp-json\/wp\/v2\/types\/post"}],"author":[{"embeddable":true,"href":"https:\/\/marcelolopes.jor.br\/site\/wp-json\/wp\/v2\/users\/1"}],"replies":[{"embeddable":true,"href":"https:\/\/marcelolopes.jor.br\/site\/wp-json\/wp\/v2\/comments?post=631"}],"version-history":[{"count":0,"href":"https:\/\/marcelolopes.jor.br\/site\/wp-json\/wp\/v2\/posts\/631\/revisions"}],"wp:featuredmedia":[{"embeddable":true,"href":"https:\/\/marcelolopes.jor.br\/site\/wp-json\/wp\/v2\/media\/632"}],"wp:attachment":[{"href":"https:\/\/marcelolopes.jor.br\/site\/wp-json\/wp\/v2\/media?parent=631"}],"wp:term":[{"taxonomy":"category","embeddable":true,"href":"https:\/\/marcelolopes.jor.br\/site\/wp-json\/wp\/v2\/categories?post=631"},{"taxonomy":"post_tag","embeddable":true,"href":"https:\/\/marcelolopes.jor.br\/site\/wp-json\/wp\/v2\/tags?post=631"}],"curies":[{"name":"wp","href":"https:\/\/api.w.org\/{rel}","templated":true}]}}