{"id":62862,"date":"2025-12-27T12:00:46","date_gmt":"2025-12-27T15:00:46","guid":{"rendered":"https:\/\/marcelolopes.jor.br\/?p=62862"},"modified":"2025-12-27T11:08:24","modified_gmt":"2025-12-27T14:08:24","slug":"pm-apreende-drogas-e-suspeitos-sao-detidos-em-dona-euzebia","status":"publish","type":"post","link":"https:\/\/marcelolopes.jor.br\/site\/2025\/12\/27\/pm-apreende-drogas-e-suspeitos-sao-detidos-em-dona-euzebia\/","title":{"rendered":"PM apreende drogas e suspeitos s\u00e3o detidos em Dona Euz\u00e9bia"},"content":{"rendered":"<p>Tr\u00eas homens, com idades de 26, 34 e 45 anos, foram detidos na noite desta sexta-feira, 26 de dezembro, em Dona Euz\u00e9bia, suspeitos de envolvimento com o tr\u00e1fico de drogas. A a\u00e7\u00e3o foi realizada pela Pol\u00edcia Militar durante uma opera\u00e7\u00e3o no bairro Jardim Liberdade.<!--more--><\/p>\n<h4 class=\"p1\"><span class=\"s1\">\ud83d\udcf8\u00a0<span style=\"color: #008000;\">Siga o Site do Marcelo Lopes no<\/span>\u00a0<span style=\"color: #800000;\"><a style=\"color: #800000;\" href=\"https:\/\/www.facebook.com\/sitedomarcelolopes\/\"><strong>Facebook<\/strong><\/a><\/span>\u00a0<span style=\"color: #008000;\">e no<\/span>\u00a0<span style=\"color: #800000;\"><strong><a style=\"color: #800000;\" href=\"https:\/\/www.instagram.com\/sitedomarcelolopes\/\">Instagram<\/a><\/strong><\/span><\/span><\/h4>\n<h4 class=\"p1\">\ud83d\udcf1<span style=\"color: #008000;\">Participe do grupo de<\/span>\u00a0<span style=\"color: #800000;\"><a style=\"color: #800000;\" href=\"https:\/\/chat.whatsapp.com\/BibzcI1ibYSKytbdyzubLA\"><strong>WhatsApp<\/strong><\/a><\/span> <span style=\"color: #008000;\">do Site do Marcelo Lopes<\/span><\/h4>\n<p>De acordo com a PM, os militares avistaram um usu\u00e1rio de drogas saindo de um trilho localizado em um barranco na Rua Cust\u00f3dio de Moura, acesso direto \u00e0 resid\u00eancia de um dos suspeitos. O homem foi abordado e, com ele, foram encontradas uma pedra de crack, uma bucha de maconha e um pino de coca\u00edna.<\/p>\n<p>Diante da situa\u00e7\u00e3o, os policiais refizeram o trajeto percorrido pelo usu\u00e1rio e, em determinado momento, perceberam um suspeito de tr\u00e1fico correndo, abandonando no local diversos entorpecentes. Durante as dilig\u00eancias, os militares entraram na resid\u00eancia apontada como ponto de venda de drogas, onde encontraram outro homem, de 34 anos, que tamb\u00e9m recebeu voz de pris\u00e3o pelo mesmo crime.<\/p>\n<p>Os tr\u00eas suspeitos foram conduzidos \u00e0 Delegacia de Pol\u00edcia Civil de plant\u00e3o para as provid\u00eancias cab\u00edveis.<\/p>\n<p>Ao todo, foram apreendidas 71 pedras de crack, seis pinos vazios, uma bucha de maconha, um pino de coca\u00edna, R$ 211,95 em dinheiro, um pote de p\u00f3 Royal contendo subst\u00e2ncia amarelada semelhante \u00e0 coca\u00edna, um liquidificador sujo com p\u00f3 amarelo, uma l\u00e2mina e diversos saquinhos utilizados para embalar drogas.<\/p>\n<p><strong>OUTRAS NOT\u00cdCIAS<\/strong><br \/>\n<a href=\"https:\/\/marcelolopes.jor.br\/2025\/06\/27\/tres-suspeitos-sao-presos-por-trafico-de-drogas-em-dona-euzebia\/\"><strong><span style=\"color: #800000;\">Tr\u00eas suspeitos s\u00e3o presos por tr\u00e1fico de drogas em Dona Euz\u00e9bia<\/span><\/strong><\/a><\/p>\n<p><a href=\"https:\/\/marcelolopes.jor.br\/2025\/06\/05\/homem-e-preso-em-dona-euzebia-por-caca-ilegal\/\"><strong><span style=\"color: #800000;\">Homem \u00e9 preso em Dona Euz\u00e9bia por ca\u00e7a ilegal<\/span><\/strong><\/a><\/p>\n<p>Fonte: Portal RKF | Foto: Pol\u00edcia Militar<\/p>\n<div class=\"ekzte69f77b2cc5b4e\" ><br><\/div><style type=\"text\/css\">\r\n@media screen and (min-width: 1201px) {\r\n.ekzte69f77b2cc5b4e {\r\ndisplay: block;\r\n}\r\n}\r\n@media screen and (min-width: 993px) and (max-width: 1200px) {\r\n.ekzte69f77b2cc5b4e {\r\ndisplay: block;\r\n}\r\n}\r\n@media screen and (min-width: 769px) and (max-width: 992px) {\r\n.ekzte69f77b2cc5b4e {\r\ndisplay: block;\r\n}\r\n}\r\n@media screen and (min-width: 768px) and (max-width: 768px) {\r\n.ekzte69f77b2cc5b4e {\r\ndisplay: block;\r\n}\r\n}\r\n@media screen and (max-width: 767px) {\r\n.ekzte69f77b2cc5b4e {\r\ndisplay: block;\r\n}\r\n}\r\n<\/style>\r\n<div class=\"anrxk69f77b2ccb45c\" ><div id=\"div_destino\"><\/div>\r\n<script src=\"https:\/\/cdn.snsrsv.com\/sdk.js\"><\/script>\r\n<script >\r\n      new sdk(\"464030C30061EA8BE065000000000001\") \r\n          .appendTo(\"div_destino\")\r\n          .disableStyle(true) \r\n          .setCacheBusterMacro(\"%%CACHEBUSTER%%\")\r\n          .setSize(\"800\",\"214\")\r\n          .setClickMacro(\"%%CLICK_URL_ESC%%\") \r\n          .setReferrerUrlMacro(\"%%REFERRER_URL_ESC%%\") \r\n          .start(); \r\n<\/script><\/div><style type=\"text\/css\">\r\n@media screen and (min-width: 1201px) {\r\n.anrxk69f77b2ccb45c {\r\ndisplay: block;\r\n}\r\n}\r\n@media screen and (min-width: 993px) and (max-width: 1200px) {\r\n.anrxk69f77b2ccb45c {\r\ndisplay: block;\r\n}\r\n}\r\n@media screen and (min-width: 769px) and (max-width: 992px) {\r\n.anrxk69f77b2ccb45c {\r\ndisplay: block;\r\n}\r\n}\r\n@media screen and (min-width: 768px) and (max-width: 768px) {\r\n.anrxk69f77b2ccb45c {\r\ndisplay: block;\r\n}\r\n}\r\n@media screen and (max-width: 767px) {\r\n.anrxk69f77b2ccb45c {\r\ndisplay: block;\r\n}\r\n}\r\n<\/style>\r\n","protected":false},"excerpt":{"rendered":"<p>Tr\u00eas homens, com idades de 26, 34 e 45 anos, foram detidos na noite desta sexta-feira, 26 de dezembro, em Dona Euz\u00e9bia, suspeitos de envolvimento com o tr\u00e1fico de drogas. A a\u00e7\u00e3o foi realizada pela Pol\u00edcia Militar durante uma opera\u00e7\u00e3o<\/p>\n<p class=\"link-more\"><a class=\"more-link\" href=\"https:\/\/marcelolopes.jor.br\/site\/2025\/12\/27\/pm-apreende-drogas-e-suspeitos-sao-detidos-em-dona-euzebia\/\">Leia mais <span class=\"screen-reader-text\">PM apreende drogas e suspeitos s\u00e3o detidos em Dona Euz\u00e9bia<\/span><\/a><\/p>\n","protected":false},"author":2,"featured_media":62864,"comment_status":"open","ping_status":"closed","sticky":false,"template":"","format":"standard","meta":{"footnotes":""},"categories":[1],"tags":[],"class_list":["post-62862","post","type-post","status-publish","format-standard","has-post-thumbnail","hentry","category-noticias","thumb-below-title"],"yoast_head":"<!-- This site is optimized with the Yoast SEO plugin v27.4 - https:\/\/yoast.com\/product\/yoast-seo-wordpress\/ -->\n<title>PM apreende drogas e suspeitos s\u00e3o detidos em Dona Euz\u00e9bia | Marcelo Lopes<\/title>\n<meta name=\"description\" content=\"PM apreende drogas e suspeitos s\u00e3o detidos em Dona Euz\u00e9bia. 71 pedras de crack, al\u00e9m de maconha e dinheiro, foram apreendidos.\" \/>\n<meta name=\"robots\" content=\"index, follow, max-snippet:-1, max-image-preview:large, max-video-preview:-1\" \/>\n<link rel=\"canonical\" href=\"https:\/\/marcelolopes.jor.br\/site\/2025\/12\/27\/pm-apreende-drogas-e-suspeitos-sao-detidos-em-dona-euzebia\/\" \/>\n<meta property=\"og:locale\" content=\"pt_BR\" \/>\n<meta property=\"og:type\" content=\"article\" \/>\n<meta property=\"og:title\" content=\"PM apreende drogas e suspeitos s\u00e3o detidos em Dona Euz\u00e9bia | Marcelo Lopes\" \/>\n<meta property=\"og:description\" content=\"PM apreende drogas e suspeitos s\u00e3o detidos em Dona Euz\u00e9bia. 71 pedras de crack, al\u00e9m de maconha e dinheiro, foram apreendidos.\" \/>\n<meta property=\"og:url\" content=\"https:\/\/marcelolopes.jor.br\/site\/2025\/12\/27\/pm-apreende-drogas-e-suspeitos-sao-detidos-em-dona-euzebia\/\" \/>\n<meta property=\"og:site_name\" content=\"Marcelo Lopes\" \/>\n<meta property=\"article:publisher\" content=\"https:\/\/www.facebook.com\/sitedomarcelolopes\" \/>\n<meta property=\"article:published_time\" content=\"2025-12-27T15:00:46+00:00\" \/>\n<meta property=\"og:image\" content=\"https:\/\/marcelolopes.jor.br\/site\/wp-content\/uploads\/2025\/12\/drogas-1.jpeg\" \/>\n\t<meta property=\"og:image:width\" content=\"1280\" \/>\n\t<meta property=\"og:image:height\" content=\"876\" \/>\n\t<meta property=\"og:image:type\" content=\"image\/jpeg\" \/>\n<meta name=\"author\" content=\"Marcelo Lopes\" \/>\n<meta name=\"twitter:card\" content=\"summary_large_image\" \/>\n<meta name=\"twitter:label1\" content=\"Escrito por\" \/>\n\t<meta name=\"twitter:data1\" content=\"Marcelo Lopes\" \/>\n\t<meta name=\"twitter:label2\" content=\"Est. tempo de leitura\" \/>\n\t<meta name=\"twitter:data2\" content=\"1 minuto\" \/>\n<script type=\"application\/ld+json\" class=\"yoast-schema-graph\">{\"@context\":\"https:\\\/\\\/schema.org\",\"@graph\":[{\"@type\":\"NewsArticle\",\"@id\":\"https:\\\/\\\/marcelolopes.jor.br\\\/site\\\/2025\\\/12\\\/27\\\/pm-apreende-drogas-e-suspeitos-sao-detidos-em-dona-euzebia\\\/#article\",\"isPartOf\":{\"@id\":\"https:\\\/\\\/marcelolopes.jor.br\\\/site\\\/2025\\\/12\\\/27\\\/pm-apreende-drogas-e-suspeitos-sao-detidos-em-dona-euzebia\\\/\"},\"author\":{\"name\":\"Marcelo Lopes\",\"@id\":\"https:\\\/\\\/marcelolopes.jor.br\\\/site\\\/#\\\/schema\\\/person\\\/3e7216a35c34d8fdf952b31da3d1f89f\"},\"headline\":\"PM apreende drogas e suspeitos s\u00e3o detidos em Dona Euz\u00e9bia\",\"datePublished\":\"2025-12-27T15:00:46+00:00\",\"mainEntityOfPage\":{\"@id\":\"https:\\\/\\\/marcelolopes.jor.br\\\/site\\\/2025\\\/12\\\/27\\\/pm-apreende-drogas-e-suspeitos-sao-detidos-em-dona-euzebia\\\/\"},\"wordCount\":305,\"commentCount\":0,\"publisher\":{\"@id\":\"https:\\\/\\\/marcelolopes.jor.br\\\/site\\\/#organization\"},\"image\":{\"@id\":\"https:\\\/\\\/marcelolopes.jor.br\\\/site\\\/2025\\\/12\\\/27\\\/pm-apreende-drogas-e-suspeitos-sao-detidos-em-dona-euzebia\\\/#primaryimage\"},\"thumbnailUrl\":\"https:\\\/\\\/marcelolopes.jor.br\\\/site\\\/wp-content\\\/uploads\\\/2025\\\/12\\\/drogas-1.jpeg\",\"articleSection\":[\"Not\u00edcias\"],\"inLanguage\":\"pt-BR\",\"potentialAction\":[{\"@type\":\"CommentAction\",\"name\":\"Comment\",\"target\":[\"https:\\\/\\\/marcelolopes.jor.br\\\/site\\\/2025\\\/12\\\/27\\\/pm-apreende-drogas-e-suspeitos-sao-detidos-em-dona-euzebia\\\/#respond\"]}]},{\"@type\":\"WebPage\",\"@id\":\"https:\\\/\\\/marcelolopes.jor.br\\\/site\\\/2025\\\/12\\\/27\\\/pm-apreende-drogas-e-suspeitos-sao-detidos-em-dona-euzebia\\\/\",\"url\":\"https:\\\/\\\/marcelolopes.jor.br\\\/site\\\/2025\\\/12\\\/27\\\/pm-apreende-drogas-e-suspeitos-sao-detidos-em-dona-euzebia\\\/\",\"name\":\"PM apreende drogas e suspeitos s\u00e3o detidos em Dona Euz\u00e9bia | Marcelo Lopes\",\"isPartOf\":{\"@id\":\"https:\\\/\\\/marcelolopes.jor.br\\\/site\\\/#website\"},\"primaryImageOfPage\":{\"@id\":\"https:\\\/\\\/marcelolopes.jor.br\\\/site\\\/2025\\\/12\\\/27\\\/pm-apreende-drogas-e-suspeitos-sao-detidos-em-dona-euzebia\\\/#primaryimage\"},\"image\":{\"@id\":\"https:\\\/\\\/marcelolopes.jor.br\\\/site\\\/2025\\\/12\\\/27\\\/pm-apreende-drogas-e-suspeitos-sao-detidos-em-dona-euzebia\\\/#primaryimage\"},\"thumbnailUrl\":\"https:\\\/\\\/marcelolopes.jor.br\\\/site\\\/wp-content\\\/uploads\\\/2025\\\/12\\\/drogas-1.jpeg\",\"datePublished\":\"2025-12-27T15:00:46+00:00\",\"description\":\"PM apreende drogas e suspeitos s\u00e3o detidos em Dona Euz\u00e9bia. 71 pedras de crack, al\u00e9m de maconha e dinheiro, foram apreendidos.\",\"breadcrumb\":{\"@id\":\"https:\\\/\\\/marcelolopes.jor.br\\\/site\\\/2025\\\/12\\\/27\\\/pm-apreende-drogas-e-suspeitos-sao-detidos-em-dona-euzebia\\\/#breadcrumb\"},\"inLanguage\":\"pt-BR\",\"potentialAction\":[{\"@type\":\"ReadAction\",\"target\":[\"https:\\\/\\\/marcelolopes.jor.br\\\/site\\\/2025\\\/12\\\/27\\\/pm-apreende-drogas-e-suspeitos-sao-detidos-em-dona-euzebia\\\/\"]}]},{\"@type\":\"ImageObject\",\"inLanguage\":\"pt-BR\",\"@id\":\"https:\\\/\\\/marcelolopes.jor.br\\\/site\\\/2025\\\/12\\\/27\\\/pm-apreende-drogas-e-suspeitos-sao-detidos-em-dona-euzebia\\\/#primaryimage\",\"url\":\"https:\\\/\\\/marcelolopes.jor.br\\\/site\\\/wp-content\\\/uploads\\\/2025\\\/12\\\/drogas-1.jpeg\",\"contentUrl\":\"https:\\\/\\\/marcelolopes.jor.br\\\/site\\\/wp-content\\\/uploads\\\/2025\\\/12\\\/drogas-1.jpeg\",\"width\":1280,\"height\":876,\"caption\":\"PM apreende drogas e\"},{\"@type\":\"BreadcrumbList\",\"@id\":\"https:\\\/\\\/marcelolopes.jor.br\\\/site\\\/2025\\\/12\\\/27\\\/pm-apreende-drogas-e-suspeitos-sao-detidos-em-dona-euzebia\\\/#breadcrumb\",\"itemListElement\":[{\"@type\":\"ListItem\",\"position\":1,\"name\":\"Home\",\"item\":\"https:\\\/\\\/marcelolopes.jor.br\\\/site\\\/\"},{\"@type\":\"ListItem\",\"position\":2,\"name\":\"PM apreende drogas e suspeitos s\u00e3o detidos em Dona Euz\u00e9bia\"}]},{\"@type\":\"WebSite\",\"@id\":\"https:\\\/\\\/marcelolopes.jor.br\\\/site\\\/#website\",\"url\":\"https:\\\/\\\/marcelolopes.jor.br\\\/site\\\/\",\"name\":\"Marcelo Lopes\",\"description\":\"Not\u00edcias de Cataguases e Regi\u00e3o\",\"publisher\":{\"@id\":\"https:\\\/\\\/marcelolopes.jor.br\\\/site\\\/#organization\"},\"potentialAction\":[{\"@type\":\"SearchAction\",\"target\":{\"@type\":\"EntryPoint\",\"urlTemplate\":\"https:\\\/\\\/marcelolopes.jor.br\\\/site\\\/?s={search_term_string}\"},\"query-input\":{\"@type\":\"PropertyValueSpecification\",\"valueRequired\":true,\"valueName\":\"search_term_string\"}}],\"inLanguage\":\"pt-BR\"},{\"@type\":\"Organization\",\"@id\":\"https:\\\/\\\/marcelolopes.jor.br\\\/site\\\/#organization\",\"name\":\"Site do Marcelo Lopes\",\"url\":\"https:\\\/\\\/marcelolopes.jor.br\\\/site\\\/\",\"logo\":{\"@type\":\"ImageObject\",\"inLanguage\":\"pt-BR\",\"@id\":\"https:\\\/\\\/marcelolopes.jor.br\\\/site\\\/#\\\/schema\\\/logo\\\/image\\\/\",\"url\":\"https:\\\/\\\/marcelolopes.jor.br\\\/site\\\/wp-content\\\/uploads\\\/2024\\\/11\\\/logo-1.png\",\"contentUrl\":\"https:\\\/\\\/marcelolopes.jor.br\\\/site\\\/wp-content\\\/uploads\\\/2024\\\/11\\\/logo-1.png\",\"width\":475,\"height\":80,\"caption\":\"Site do Marcelo Lopes\"},\"image\":{\"@id\":\"https:\\\/\\\/marcelolopes.jor.br\\\/site\\\/#\\\/schema\\\/logo\\\/image\\\/\"},\"sameAs\":[\"https:\\\/\\\/www.facebook.com\\\/sitedomarcelolopes\",\"https:\\\/\\\/www.instagram.com\\\/sitedomarcelolopes\\\/\",\"https:\\\/\\\/www.linkedin.com\\\/company\\\/site-do-marcelo-lopes\\\/\",\"https:\\\/\\\/www.youtube.com\\\/user\\\/marcelolopes957\"]},{\"@type\":\"Person\",\"@id\":\"https:\\\/\\\/marcelolopes.jor.br\\\/site\\\/#\\\/schema\\\/person\\\/3e7216a35c34d8fdf952b31da3d1f89f\",\"name\":\"Marcelo Lopes\",\"sameAs\":[\"http:\\\/\\\/www.marcelolopes.jor.br\"],\"url\":\"https:\\\/\\\/marcelolopes.jor.br\\\/site\\\/author\\\/marcelo\\\/\"}]}<\/script>\n<!-- \/ Yoast SEO plugin. -->","yoast_head_json":{"title":"PM apreende drogas e suspeitos s\u00e3o detidos em Dona Euz\u00e9bia | Marcelo Lopes","description":"PM apreende drogas e suspeitos s\u00e3o detidos em Dona Euz\u00e9bia. 71 pedras de crack, al\u00e9m de maconha e dinheiro, foram apreendidos.","robots":{"index":"index","follow":"follow","max-snippet":"max-snippet:-1","max-image-preview":"max-image-preview:large","max-video-preview":"max-video-preview:-1"},"canonical":"https:\/\/marcelolopes.jor.br\/site\/2025\/12\/27\/pm-apreende-drogas-e-suspeitos-sao-detidos-em-dona-euzebia\/","og_locale":"pt_BR","og_type":"article","og_title":"PM apreende drogas e suspeitos s\u00e3o detidos em Dona Euz\u00e9bia | Marcelo Lopes","og_description":"PM apreende drogas e suspeitos s\u00e3o detidos em Dona Euz\u00e9bia. 71 pedras de crack, al\u00e9m de maconha e dinheiro, foram apreendidos.","og_url":"https:\/\/marcelolopes.jor.br\/site\/2025\/12\/27\/pm-apreende-drogas-e-suspeitos-sao-detidos-em-dona-euzebia\/","og_site_name":"Marcelo Lopes","article_publisher":"https:\/\/www.facebook.com\/sitedomarcelolopes","article_published_time":"2025-12-27T15:00:46+00:00","og_image":[{"width":1280,"height":876,"url":"https:\/\/marcelolopes.jor.br\/site\/wp-content\/uploads\/2025\/12\/drogas-1.jpeg","type":"image\/jpeg"}],"author":"Marcelo Lopes","twitter_card":"summary_large_image","twitter_misc":{"Escrito por":"Marcelo Lopes","Est. tempo de leitura":"1 minuto"},"schema":{"@context":"https:\/\/schema.org","@graph":[{"@type":"NewsArticle","@id":"https:\/\/marcelolopes.jor.br\/site\/2025\/12\/27\/pm-apreende-drogas-e-suspeitos-sao-detidos-em-dona-euzebia\/#article","isPartOf":{"@id":"https:\/\/marcelolopes.jor.br\/site\/2025\/12\/27\/pm-apreende-drogas-e-suspeitos-sao-detidos-em-dona-euzebia\/"},"author":{"name":"Marcelo Lopes","@id":"https:\/\/marcelolopes.jor.br\/site\/#\/schema\/person\/3e7216a35c34d8fdf952b31da3d1f89f"},"headline":"PM apreende drogas e suspeitos s\u00e3o detidos em Dona Euz\u00e9bia","datePublished":"2025-12-27T15:00:46+00:00","mainEntityOfPage":{"@id":"https:\/\/marcelolopes.jor.br\/site\/2025\/12\/27\/pm-apreende-drogas-e-suspeitos-sao-detidos-em-dona-euzebia\/"},"wordCount":305,"commentCount":0,"publisher":{"@id":"https:\/\/marcelolopes.jor.br\/site\/#organization"},"image":{"@id":"https:\/\/marcelolopes.jor.br\/site\/2025\/12\/27\/pm-apreende-drogas-e-suspeitos-sao-detidos-em-dona-euzebia\/#primaryimage"},"thumbnailUrl":"https:\/\/marcelolopes.jor.br\/site\/wp-content\/uploads\/2025\/12\/drogas-1.jpeg","articleSection":["Not\u00edcias"],"inLanguage":"pt-BR","potentialAction":[{"@type":"CommentAction","name":"Comment","target":["https:\/\/marcelolopes.jor.br\/site\/2025\/12\/27\/pm-apreende-drogas-e-suspeitos-sao-detidos-em-dona-euzebia\/#respond"]}]},{"@type":"WebPage","@id":"https:\/\/marcelolopes.jor.br\/site\/2025\/12\/27\/pm-apreende-drogas-e-suspeitos-sao-detidos-em-dona-euzebia\/","url":"https:\/\/marcelolopes.jor.br\/site\/2025\/12\/27\/pm-apreende-drogas-e-suspeitos-sao-detidos-em-dona-euzebia\/","name":"PM apreende drogas e suspeitos s\u00e3o detidos em Dona Euz\u00e9bia | Marcelo Lopes","isPartOf":{"@id":"https:\/\/marcelolopes.jor.br\/site\/#website"},"primaryImageOfPage":{"@id":"https:\/\/marcelolopes.jor.br\/site\/2025\/12\/27\/pm-apreende-drogas-e-suspeitos-sao-detidos-em-dona-euzebia\/#primaryimage"},"image":{"@id":"https:\/\/marcelolopes.jor.br\/site\/2025\/12\/27\/pm-apreende-drogas-e-suspeitos-sao-detidos-em-dona-euzebia\/#primaryimage"},"thumbnailUrl":"https:\/\/marcelolopes.jor.br\/site\/wp-content\/uploads\/2025\/12\/drogas-1.jpeg","datePublished":"2025-12-27T15:00:46+00:00","description":"PM apreende drogas e suspeitos s\u00e3o detidos em Dona Euz\u00e9bia. 71 pedras de crack, al\u00e9m de maconha e dinheiro, foram apreendidos.","breadcrumb":{"@id":"https:\/\/marcelolopes.jor.br\/site\/2025\/12\/27\/pm-apreende-drogas-e-suspeitos-sao-detidos-em-dona-euzebia\/#breadcrumb"},"inLanguage":"pt-BR","potentialAction":[{"@type":"ReadAction","target":["https:\/\/marcelolopes.jor.br\/site\/2025\/12\/27\/pm-apreende-drogas-e-suspeitos-sao-detidos-em-dona-euzebia\/"]}]},{"@type":"ImageObject","inLanguage":"pt-BR","@id":"https:\/\/marcelolopes.jor.br\/site\/2025\/12\/27\/pm-apreende-drogas-e-suspeitos-sao-detidos-em-dona-euzebia\/#primaryimage","url":"https:\/\/marcelolopes.jor.br\/site\/wp-content\/uploads\/2025\/12\/drogas-1.jpeg","contentUrl":"https:\/\/marcelolopes.jor.br\/site\/wp-content\/uploads\/2025\/12\/drogas-1.jpeg","width":1280,"height":876,"caption":"PM apreende drogas e"},{"@type":"BreadcrumbList","@id":"https:\/\/marcelolopes.jor.br\/site\/2025\/12\/27\/pm-apreende-drogas-e-suspeitos-sao-detidos-em-dona-euzebia\/#breadcrumb","itemListElement":[{"@type":"ListItem","position":1,"name":"Home","item":"https:\/\/marcelolopes.jor.br\/site\/"},{"@type":"ListItem","position":2,"name":"PM apreende drogas e suspeitos s\u00e3o detidos em Dona Euz\u00e9bia"}]},{"@type":"WebSite","@id":"https:\/\/marcelolopes.jor.br\/site\/#website","url":"https:\/\/marcelolopes.jor.br\/site\/","name":"Marcelo Lopes","description":"Not\u00edcias de Cataguases e Regi\u00e3o","publisher":{"@id":"https:\/\/marcelolopes.jor.br\/site\/#organization"},"potentialAction":[{"@type":"SearchAction","target":{"@type":"EntryPoint","urlTemplate":"https:\/\/marcelolopes.jor.br\/site\/?s={search_term_string}"},"query-input":{"@type":"PropertyValueSpecification","valueRequired":true,"valueName":"search_term_string"}}],"inLanguage":"pt-BR"},{"@type":"Organization","@id":"https:\/\/marcelolopes.jor.br\/site\/#organization","name":"Site do Marcelo Lopes","url":"https:\/\/marcelolopes.jor.br\/site\/","logo":{"@type":"ImageObject","inLanguage":"pt-BR","@id":"https:\/\/marcelolopes.jor.br\/site\/#\/schema\/logo\/image\/","url":"https:\/\/marcelolopes.jor.br\/site\/wp-content\/uploads\/2024\/11\/logo-1.png","contentUrl":"https:\/\/marcelolopes.jor.br\/site\/wp-content\/uploads\/2024\/11\/logo-1.png","width":475,"height":80,"caption":"Site do Marcelo Lopes"},"image":{"@id":"https:\/\/marcelolopes.jor.br\/site\/#\/schema\/logo\/image\/"},"sameAs":["https:\/\/www.facebook.com\/sitedomarcelolopes","https:\/\/www.instagram.com\/sitedomarcelolopes\/","https:\/\/www.linkedin.com\/company\/site-do-marcelo-lopes\/","https:\/\/www.youtube.com\/user\/marcelolopes957"]},{"@type":"Person","@id":"https:\/\/marcelolopes.jor.br\/site\/#\/schema\/person\/3e7216a35c34d8fdf952b31da3d1f89f","name":"Marcelo Lopes","sameAs":["http:\/\/www.marcelolopes.jor.br"],"url":"https:\/\/marcelolopes.jor.br\/site\/author\/marcelo\/"}]}},"wps_subtitle":"71 pedras de crack, al\u00e9m de maconha e dinheiro, foram apreendidos.","_links":{"self":[{"href":"https:\/\/marcelolopes.jor.br\/site\/wp-json\/wp\/v2\/posts\/62862","targetHints":{"allow":["GET"]}}],"collection":[{"href":"https:\/\/marcelolopes.jor.br\/site\/wp-json\/wp\/v2\/posts"}],"about":[{"href":"https:\/\/marcelolopes.jor.br\/site\/wp-json\/wp\/v2\/types\/post"}],"author":[{"embeddable":true,"href":"https:\/\/marcelolopes.jor.br\/site\/wp-json\/wp\/v2\/users\/2"}],"replies":[{"embeddable":true,"href":"https:\/\/marcelolopes.jor.br\/site\/wp-json\/wp\/v2\/comments?post=62862"}],"version-history":[{"count":0,"href":"https:\/\/marcelolopes.jor.br\/site\/wp-json\/wp\/v2\/posts\/62862\/revisions"}],"wp:featuredmedia":[{"embeddable":true,"href":"https:\/\/marcelolopes.jor.br\/site\/wp-json\/wp\/v2\/media\/62864"}],"wp:attachment":[{"href":"https:\/\/marcelolopes.jor.br\/site\/wp-json\/wp\/v2\/media?parent=62862"}],"wp:term":[{"taxonomy":"category","embeddable":true,"href":"https:\/\/marcelolopes.jor.br\/site\/wp-json\/wp\/v2\/categories?post=62862"},{"taxonomy":"post_tag","embeddable":true,"href":"https:\/\/marcelolopes.jor.br\/site\/wp-json\/wp\/v2\/tags?post=62862"}],"curies":[{"name":"wp","href":"https:\/\/api.w.org\/{rel}","templated":true}]}}