{"id":62842,"date":"2025-12-25T19:00:23","date_gmt":"2025-12-25T22:00:23","guid":{"rendered":"https:\/\/marcelolopes.jor.br\/?p=62842"},"modified":"2025-12-25T16:57:57","modified_gmt":"2025-12-25T19:57:57","slug":"campo-do-bairro-sao-marcos-e-reinaugurado-apos-reforma","status":"publish","type":"post","link":"https:\/\/marcelolopes.jor.br\/site\/2025\/12\/25\/campo-do-bairro-sao-marcos-e-reinaugurado-apos-reforma\/","title":{"rendered":"Campo do Bairro S\u00e3o Marcos \u00e9 reinaugurado ap\u00f3s reforma"},"content":{"rendered":"<p>O Campo de futebol do Bairro S\u00e3o Marcos foi oficialmente reinaugurado no in\u00edcio deste m\u00eas de dezembro, ap\u00f3s passar por uma importante reforma que trouxe melhorias significativas para o espa\u00e7o esportivo. A cerim\u00f4nia contou com a presen\u00e7a de autoridades municipais e moradores da comunidade, que puderam acompanhar de perto as interven\u00e7\u00f5es realizadas no local.<!--more--><\/p>\n<h4 class=\"p1\"><span class=\"s1\">\ud83d\udcf8\u00a0<span style=\"color: #008000;\">Siga o Site do Marcelo Lopes no<\/span>\u00a0<span style=\"color: #800000;\"><a style=\"color: #800000;\" href=\"https:\/\/www.facebook.com\/sitedomarcelolopes\/\"><strong>Facebook<\/strong><\/a><\/span>\u00a0<span style=\"color: #008000;\">e no<\/span>\u00a0<span style=\"color: #800000;\"><strong><a style=\"color: #800000;\" href=\"https:\/\/www.instagram.com\/sitedomarcelolopes\/\">Instagram<\/a><\/strong><\/span><\/span><\/h4>\n<h4 class=\"p1\">\ud83d\udcf1<span style=\"color: #008000;\">Participe do grupo de<\/span>\u00a0<span style=\"color: #800000;\"><a style=\"color: #800000;\" href=\"https:\/\/chat.whatsapp.com\/BibzcI1ibYSKytbdyzubLA\"><strong>WhatsApp<\/strong><\/a><\/span> <span style=\"color: #008000;\">do Site do Marcelo Lopes<\/span><\/h4>\n<p>Entre as principais melhorias est\u00e3o a instala\u00e7\u00e3o de ilumina\u00e7\u00e3o em LED e a coloca\u00e7\u00e3o de alambrados ao redor do campo. As mudan\u00e7as representam um avan\u00e7o importante, ampliando as possibilidades de uso do espa\u00e7o e garantindo mais seguran\u00e7a, conforto e organiza\u00e7\u00e3o para atletas e p\u00fablico.<\/p>\n<p>Com a nova ilumina\u00e7\u00e3o de LED, o campo passa a ser utilizado tamb\u00e9m no per\u00edodo noturno, possibilitando a realiza\u00e7\u00e3o de treinos, partidas e atividades de lazer com melhor visibilidade. Al\u00e9m disso, a tecnologia oferece economia de energia e menor impacto ambiental, alinhando o esporte \u00e0 sustentabilidade.<\/p>\n<p>J\u00e1 o alambrado contribui diretamente para a seguran\u00e7a e a organiza\u00e7\u00e3o do espa\u00e7o, evitando a sa\u00edda da bola da \u00e1rea de jogo e proporcionando mais tranquilidade tanto para os jogadores quanto para quem acompanha as atividades.<\/p>\n<p>As melhorias tamb\u00e9m valorizam o campo como ponto de encontro da comunidade, fortalecendo a pr\u00e1tica esportiva, incentivando a conviv\u00eancia social e oferecendo um ambiente mais adequado para crian\u00e7as, jovens e adultos.<\/p>\n<p>&#8220;Todos estes investimentos refor\u00e7am o compromisso da Prefeitura Municipal e da Secretaria de Esportes com o esporte, o lazer e a qualidade de vida da popula\u00e7\u00e3o, transformando o Campo do Bairro S\u00e3o Marcos em um espa\u00e7o mais moderno, seguro e acess\u00edvel para toda a comunidade&#8221;, destacou Daniel Caf\u00e9, secret\u00e1rio municipal de Esportes.<\/p>\n<p><strong>OUTRAS NOT\u00cdCIAS<\/strong><br \/>\n<a href=\"https:\/\/marcelolopes.jor.br\/2025\/11\/06\/prefeitura-de-cataguases-oferece-40-bolsas-integrais-na-escola-sesi\/\"><strong><span style=\"color: #800000;\">Prefeitura de Cataguases oferece 40 bolsas integrais na Escola SESI<\/span><\/strong><\/a><\/p>\n<p><a href=\"https:\/\/marcelolopes.jor.br\/2025\/10\/09\/prefeitura-de-cataguases-vai-adequar-escolas-e-unidades-de-saude\/\"><strong><span style=\"color: #800000;\">Prefeitura de Cataguases vai adequar escolas e unidades de sa\u00fade<\/span><\/strong><\/a><\/p>\n<p>Fonte: Prefeitura de Cataguases | Foto: Reprodu\u00e7\u00e3o redes sociais<\/p>\n<div class=\"misyr69f74fd106fa6\" ><br><\/div><style type=\"text\/css\">\r\n@media screen and (min-width: 1201px) {\r\n.misyr69f74fd106fa6 {\r\ndisplay: block;\r\n}\r\n}\r\n@media screen and (min-width: 993px) and (max-width: 1200px) {\r\n.misyr69f74fd106fa6 {\r\ndisplay: block;\r\n}\r\n}\r\n@media screen and (min-width: 769px) and (max-width: 992px) {\r\n.misyr69f74fd106fa6 {\r\ndisplay: block;\r\n}\r\n}\r\n@media screen and (min-width: 768px) and (max-width: 768px) {\r\n.misyr69f74fd106fa6 {\r\ndisplay: block;\r\n}\r\n}\r\n@media screen and (max-width: 767px) {\r\n.misyr69f74fd106fa6 {\r\ndisplay: block;\r\n}\r\n}\r\n<\/style>\r\n<div class=\"jqwtq69f74fd10cabe\" ><div id=\"div_destino\"><\/div>\r\n<script src=\"https:\/\/cdn.snsrsv.com\/sdk.js\"><\/script>\r\n<script >\r\n      new sdk(\"464030C30061EA8BE065000000000001\") \r\n          .appendTo(\"div_destino\")\r\n          .disableStyle(true) \r\n          .setCacheBusterMacro(\"%%CACHEBUSTER%%\")\r\n          .setSize(\"800\",\"214\")\r\n          .setClickMacro(\"%%CLICK_URL_ESC%%\") \r\n          .setReferrerUrlMacro(\"%%REFERRER_URL_ESC%%\") \r\n          .start(); \r\n<\/script><\/div><style type=\"text\/css\">\r\n@media screen and (min-width: 1201px) {\r\n.jqwtq69f74fd10cabe {\r\ndisplay: block;\r\n}\r\n}\r\n@media screen and (min-width: 993px) and (max-width: 1200px) {\r\n.jqwtq69f74fd10cabe {\r\ndisplay: block;\r\n}\r\n}\r\n@media screen and (min-width: 769px) and (max-width: 992px) {\r\n.jqwtq69f74fd10cabe {\r\ndisplay: block;\r\n}\r\n}\r\n@media screen and (min-width: 768px) and (max-width: 768px) {\r\n.jqwtq69f74fd10cabe {\r\ndisplay: block;\r\n}\r\n}\r\n@media screen and (max-width: 767px) {\r\n.jqwtq69f74fd10cabe {\r\ndisplay: block;\r\n}\r\n}\r\n<\/style>\r\n","protected":false},"excerpt":{"rendered":"<p>O Campo de futebol do Bairro S\u00e3o Marcos foi oficialmente reinaugurado no in\u00edcio deste m\u00eas de dezembro, ap\u00f3s passar por uma importante reforma que trouxe melhorias significativas para o espa\u00e7o esportivo. A cerim\u00f4nia contou com a presen\u00e7a de autoridades municipais<\/p>\n<p class=\"link-more\"><a class=\"more-link\" href=\"https:\/\/marcelolopes.jor.br\/site\/2025\/12\/25\/campo-do-bairro-sao-marcos-e-reinaugurado-apos-reforma\/\">Leia mais <span class=\"screen-reader-text\">Campo do Bairro S\u00e3o Marcos \u00e9 reinaugurado ap\u00f3s reforma<\/span><\/a><\/p>\n","protected":false},"author":2,"featured_media":62844,"comment_status":"open","ping_status":"closed","sticky":false,"template":"","format":"standard","meta":{"footnotes":""},"categories":[1],"tags":[],"class_list":["post-62842","post","type-post","status-publish","format-standard","has-post-thumbnail","hentry","category-noticias","thumb-below-title"],"yoast_head":"<!-- This site is optimized with the Yoast SEO plugin v27.4 - https:\/\/yoast.com\/product\/yoast-seo-wordpress\/ -->\n<title>Campo do Bairro S\u00e3o Marcos \u00e9 reinaugurado ap\u00f3s reforma | Marcelo Lopes<\/title>\n<meta name=\"description\" content=\"Campo do Bairro S\u00e3o Marcos \u00e9 reinaugurado ap\u00f3s reforma. Espa\u00e7o esportivo tamb\u00e9m ganhou ilumina\u00e7\u00e3o de LED e alambrado.\" \/>\n<meta name=\"robots\" content=\"index, follow, max-snippet:-1, max-image-preview:large, max-video-preview:-1\" \/>\n<link rel=\"canonical\" href=\"https:\/\/marcelolopes.jor.br\/site\/2025\/12\/25\/campo-do-bairro-sao-marcos-e-reinaugurado-apos-reforma\/\" \/>\n<meta property=\"og:locale\" content=\"pt_BR\" \/>\n<meta property=\"og:type\" content=\"article\" \/>\n<meta property=\"og:title\" content=\"Campo do Bairro S\u00e3o Marcos \u00e9 reinaugurado ap\u00f3s reforma | Marcelo Lopes\" \/>\n<meta property=\"og:description\" content=\"Campo do Bairro S\u00e3o Marcos \u00e9 reinaugurado ap\u00f3s reforma. Espa\u00e7o esportivo tamb\u00e9m ganhou ilumina\u00e7\u00e3o de LED e alambrado.\" \/>\n<meta property=\"og:url\" content=\"https:\/\/marcelolopes.jor.br\/site\/2025\/12\/25\/campo-do-bairro-sao-marcos-e-reinaugurado-apos-reforma\/\" \/>\n<meta property=\"og:site_name\" content=\"Marcelo Lopes\" \/>\n<meta property=\"article:publisher\" content=\"https:\/\/www.facebook.com\/sitedomarcelolopes\" \/>\n<meta property=\"article:published_time\" content=\"2025-12-25T22:00:23+00:00\" \/>\n<meta property=\"og:image\" content=\"https:\/\/marcelolopes.jor.br\/site\/wp-content\/uploads\/2025\/12\/Campo.jpg\" \/>\n\t<meta property=\"og:image:width\" content=\"800\" \/>\n\t<meta property=\"og:image:height\" content=\"525\" \/>\n\t<meta property=\"og:image:type\" content=\"image\/jpeg\" \/>\n<meta name=\"author\" content=\"Marcelo Lopes\" \/>\n<meta name=\"twitter:card\" content=\"summary_large_image\" \/>\n<meta name=\"twitter:label1\" content=\"Escrito por\" \/>\n\t<meta name=\"twitter:data1\" content=\"Marcelo Lopes\" \/>\n\t<meta name=\"twitter:label2\" content=\"Est. tempo de leitura\" \/>\n\t<meta name=\"twitter:data2\" content=\"2 minutos\" \/>\n<script type=\"application\/ld+json\" class=\"yoast-schema-graph\">{\"@context\":\"https:\\\/\\\/schema.org\",\"@graph\":[{\"@type\":\"NewsArticle\",\"@id\":\"https:\\\/\\\/marcelolopes.jor.br\\\/site\\\/2025\\\/12\\\/25\\\/campo-do-bairro-sao-marcos-e-reinaugurado-apos-reforma\\\/#article\",\"isPartOf\":{\"@id\":\"https:\\\/\\\/marcelolopes.jor.br\\\/site\\\/2025\\\/12\\\/25\\\/campo-do-bairro-sao-marcos-e-reinaugurado-apos-reforma\\\/\"},\"author\":{\"name\":\"Marcelo Lopes\",\"@id\":\"https:\\\/\\\/marcelolopes.jor.br\\\/site\\\/#\\\/schema\\\/person\\\/3e7216a35c34d8fdf952b31da3d1f89f\"},\"headline\":\"Campo do Bairro S\u00e3o Marcos \u00e9 reinaugurado ap\u00f3s reforma\",\"datePublished\":\"2025-12-25T22:00:23+00:00\",\"mainEntityOfPage\":{\"@id\":\"https:\\\/\\\/marcelolopes.jor.br\\\/site\\\/2025\\\/12\\\/25\\\/campo-do-bairro-sao-marcos-e-reinaugurado-apos-reforma\\\/\"},\"wordCount\":362,\"commentCount\":0,\"publisher\":{\"@id\":\"https:\\\/\\\/marcelolopes.jor.br\\\/site\\\/#organization\"},\"image\":{\"@id\":\"https:\\\/\\\/marcelolopes.jor.br\\\/site\\\/2025\\\/12\\\/25\\\/campo-do-bairro-sao-marcos-e-reinaugurado-apos-reforma\\\/#primaryimage\"},\"thumbnailUrl\":\"https:\\\/\\\/marcelolopes.jor.br\\\/site\\\/wp-content\\\/uploads\\\/2025\\\/12\\\/Campo.jpg\",\"articleSection\":[\"Not\u00edcias\"],\"inLanguage\":\"pt-BR\",\"potentialAction\":[{\"@type\":\"CommentAction\",\"name\":\"Comment\",\"target\":[\"https:\\\/\\\/marcelolopes.jor.br\\\/site\\\/2025\\\/12\\\/25\\\/campo-do-bairro-sao-marcos-e-reinaugurado-apos-reforma\\\/#respond\"]}]},{\"@type\":\"WebPage\",\"@id\":\"https:\\\/\\\/marcelolopes.jor.br\\\/site\\\/2025\\\/12\\\/25\\\/campo-do-bairro-sao-marcos-e-reinaugurado-apos-reforma\\\/\",\"url\":\"https:\\\/\\\/marcelolopes.jor.br\\\/site\\\/2025\\\/12\\\/25\\\/campo-do-bairro-sao-marcos-e-reinaugurado-apos-reforma\\\/\",\"name\":\"Campo do Bairro S\u00e3o Marcos \u00e9 reinaugurado ap\u00f3s reforma | Marcelo Lopes\",\"isPartOf\":{\"@id\":\"https:\\\/\\\/marcelolopes.jor.br\\\/site\\\/#website\"},\"primaryImageOfPage\":{\"@id\":\"https:\\\/\\\/marcelolopes.jor.br\\\/site\\\/2025\\\/12\\\/25\\\/campo-do-bairro-sao-marcos-e-reinaugurado-apos-reforma\\\/#primaryimage\"},\"image\":{\"@id\":\"https:\\\/\\\/marcelolopes.jor.br\\\/site\\\/2025\\\/12\\\/25\\\/campo-do-bairro-sao-marcos-e-reinaugurado-apos-reforma\\\/#primaryimage\"},\"thumbnailUrl\":\"https:\\\/\\\/marcelolopes.jor.br\\\/site\\\/wp-content\\\/uploads\\\/2025\\\/12\\\/Campo.jpg\",\"datePublished\":\"2025-12-25T22:00:23+00:00\",\"description\":\"Campo do Bairro S\u00e3o Marcos \u00e9 reinaugurado ap\u00f3s reforma. Espa\u00e7o esportivo tamb\u00e9m ganhou ilumina\u00e7\u00e3o de LED e alambrado.\",\"breadcrumb\":{\"@id\":\"https:\\\/\\\/marcelolopes.jor.br\\\/site\\\/2025\\\/12\\\/25\\\/campo-do-bairro-sao-marcos-e-reinaugurado-apos-reforma\\\/#breadcrumb\"},\"inLanguage\":\"pt-BR\",\"potentialAction\":[{\"@type\":\"ReadAction\",\"target\":[\"https:\\\/\\\/marcelolopes.jor.br\\\/site\\\/2025\\\/12\\\/25\\\/campo-do-bairro-sao-marcos-e-reinaugurado-apos-reforma\\\/\"]}]},{\"@type\":\"ImageObject\",\"inLanguage\":\"pt-BR\",\"@id\":\"https:\\\/\\\/marcelolopes.jor.br\\\/site\\\/2025\\\/12\\\/25\\\/campo-do-bairro-sao-marcos-e-reinaugurado-apos-reforma\\\/#primaryimage\",\"url\":\"https:\\\/\\\/marcelolopes.jor.br\\\/site\\\/wp-content\\\/uploads\\\/2025\\\/12\\\/Campo.jpg\",\"contentUrl\":\"https:\\\/\\\/marcelolopes.jor.br\\\/site\\\/wp-content\\\/uploads\\\/2025\\\/12\\\/Campo.jpg\",\"width\":800,\"height\":525,\"caption\":\"Campo do Bairro S\u00e3o\"},{\"@type\":\"BreadcrumbList\",\"@id\":\"https:\\\/\\\/marcelolopes.jor.br\\\/site\\\/2025\\\/12\\\/25\\\/campo-do-bairro-sao-marcos-e-reinaugurado-apos-reforma\\\/#breadcrumb\",\"itemListElement\":[{\"@type\":\"ListItem\",\"position\":1,\"name\":\"Home\",\"item\":\"https:\\\/\\\/marcelolopes.jor.br\\\/site\\\/\"},{\"@type\":\"ListItem\",\"position\":2,\"name\":\"Campo do Bairro S\u00e3o Marcos \u00e9 reinaugurado ap\u00f3s reforma\"}]},{\"@type\":\"WebSite\",\"@id\":\"https:\\\/\\\/marcelolopes.jor.br\\\/site\\\/#website\",\"url\":\"https:\\\/\\\/marcelolopes.jor.br\\\/site\\\/\",\"name\":\"Marcelo Lopes\",\"description\":\"Not\u00edcias de Cataguases e Regi\u00e3o\",\"publisher\":{\"@id\":\"https:\\\/\\\/marcelolopes.jor.br\\\/site\\\/#organization\"},\"potentialAction\":[{\"@type\":\"SearchAction\",\"target\":{\"@type\":\"EntryPoint\",\"urlTemplate\":\"https:\\\/\\\/marcelolopes.jor.br\\\/site\\\/?s={search_term_string}\"},\"query-input\":{\"@type\":\"PropertyValueSpecification\",\"valueRequired\":true,\"valueName\":\"search_term_string\"}}],\"inLanguage\":\"pt-BR\"},{\"@type\":\"Organization\",\"@id\":\"https:\\\/\\\/marcelolopes.jor.br\\\/site\\\/#organization\",\"name\":\"Site do Marcelo Lopes\",\"url\":\"https:\\\/\\\/marcelolopes.jor.br\\\/site\\\/\",\"logo\":{\"@type\":\"ImageObject\",\"inLanguage\":\"pt-BR\",\"@id\":\"https:\\\/\\\/marcelolopes.jor.br\\\/site\\\/#\\\/schema\\\/logo\\\/image\\\/\",\"url\":\"https:\\\/\\\/marcelolopes.jor.br\\\/site\\\/wp-content\\\/uploads\\\/2024\\\/11\\\/logo-1.png\",\"contentUrl\":\"https:\\\/\\\/marcelolopes.jor.br\\\/site\\\/wp-content\\\/uploads\\\/2024\\\/11\\\/logo-1.png\",\"width\":475,\"height\":80,\"caption\":\"Site do Marcelo Lopes\"},\"image\":{\"@id\":\"https:\\\/\\\/marcelolopes.jor.br\\\/site\\\/#\\\/schema\\\/logo\\\/image\\\/\"},\"sameAs\":[\"https:\\\/\\\/www.facebook.com\\\/sitedomarcelolopes\",\"https:\\\/\\\/www.instagram.com\\\/sitedomarcelolopes\\\/\",\"https:\\\/\\\/www.linkedin.com\\\/company\\\/site-do-marcelo-lopes\\\/\",\"https:\\\/\\\/www.youtube.com\\\/user\\\/marcelolopes957\"]},{\"@type\":\"Person\",\"@id\":\"https:\\\/\\\/marcelolopes.jor.br\\\/site\\\/#\\\/schema\\\/person\\\/3e7216a35c34d8fdf952b31da3d1f89f\",\"name\":\"Marcelo Lopes\",\"sameAs\":[\"http:\\\/\\\/www.marcelolopes.jor.br\"],\"url\":\"https:\\\/\\\/marcelolopes.jor.br\\\/site\\\/author\\\/marcelo\\\/\"}]}<\/script>\n<!-- \/ Yoast SEO plugin. -->","yoast_head_json":{"title":"Campo do Bairro S\u00e3o Marcos \u00e9 reinaugurado ap\u00f3s reforma | Marcelo Lopes","description":"Campo do Bairro S\u00e3o Marcos \u00e9 reinaugurado ap\u00f3s reforma. Espa\u00e7o esportivo tamb\u00e9m ganhou ilumina\u00e7\u00e3o de LED e alambrado.","robots":{"index":"index","follow":"follow","max-snippet":"max-snippet:-1","max-image-preview":"max-image-preview:large","max-video-preview":"max-video-preview:-1"},"canonical":"https:\/\/marcelolopes.jor.br\/site\/2025\/12\/25\/campo-do-bairro-sao-marcos-e-reinaugurado-apos-reforma\/","og_locale":"pt_BR","og_type":"article","og_title":"Campo do Bairro S\u00e3o Marcos \u00e9 reinaugurado ap\u00f3s reforma | Marcelo Lopes","og_description":"Campo do Bairro S\u00e3o Marcos \u00e9 reinaugurado ap\u00f3s reforma. Espa\u00e7o esportivo tamb\u00e9m ganhou ilumina\u00e7\u00e3o de LED e alambrado.","og_url":"https:\/\/marcelolopes.jor.br\/site\/2025\/12\/25\/campo-do-bairro-sao-marcos-e-reinaugurado-apos-reforma\/","og_site_name":"Marcelo Lopes","article_publisher":"https:\/\/www.facebook.com\/sitedomarcelolopes","article_published_time":"2025-12-25T22:00:23+00:00","og_image":[{"width":800,"height":525,"url":"https:\/\/marcelolopes.jor.br\/site\/wp-content\/uploads\/2025\/12\/Campo.jpg","type":"image\/jpeg"}],"author":"Marcelo Lopes","twitter_card":"summary_large_image","twitter_misc":{"Escrito por":"Marcelo Lopes","Est. tempo de leitura":"2 minutos"},"schema":{"@context":"https:\/\/schema.org","@graph":[{"@type":"NewsArticle","@id":"https:\/\/marcelolopes.jor.br\/site\/2025\/12\/25\/campo-do-bairro-sao-marcos-e-reinaugurado-apos-reforma\/#article","isPartOf":{"@id":"https:\/\/marcelolopes.jor.br\/site\/2025\/12\/25\/campo-do-bairro-sao-marcos-e-reinaugurado-apos-reforma\/"},"author":{"name":"Marcelo Lopes","@id":"https:\/\/marcelolopes.jor.br\/site\/#\/schema\/person\/3e7216a35c34d8fdf952b31da3d1f89f"},"headline":"Campo do Bairro S\u00e3o Marcos \u00e9 reinaugurado ap\u00f3s reforma","datePublished":"2025-12-25T22:00:23+00:00","mainEntityOfPage":{"@id":"https:\/\/marcelolopes.jor.br\/site\/2025\/12\/25\/campo-do-bairro-sao-marcos-e-reinaugurado-apos-reforma\/"},"wordCount":362,"commentCount":0,"publisher":{"@id":"https:\/\/marcelolopes.jor.br\/site\/#organization"},"image":{"@id":"https:\/\/marcelolopes.jor.br\/site\/2025\/12\/25\/campo-do-bairro-sao-marcos-e-reinaugurado-apos-reforma\/#primaryimage"},"thumbnailUrl":"https:\/\/marcelolopes.jor.br\/site\/wp-content\/uploads\/2025\/12\/Campo.jpg","articleSection":["Not\u00edcias"],"inLanguage":"pt-BR","potentialAction":[{"@type":"CommentAction","name":"Comment","target":["https:\/\/marcelolopes.jor.br\/site\/2025\/12\/25\/campo-do-bairro-sao-marcos-e-reinaugurado-apos-reforma\/#respond"]}]},{"@type":"WebPage","@id":"https:\/\/marcelolopes.jor.br\/site\/2025\/12\/25\/campo-do-bairro-sao-marcos-e-reinaugurado-apos-reforma\/","url":"https:\/\/marcelolopes.jor.br\/site\/2025\/12\/25\/campo-do-bairro-sao-marcos-e-reinaugurado-apos-reforma\/","name":"Campo do Bairro S\u00e3o Marcos \u00e9 reinaugurado ap\u00f3s reforma | Marcelo Lopes","isPartOf":{"@id":"https:\/\/marcelolopes.jor.br\/site\/#website"},"primaryImageOfPage":{"@id":"https:\/\/marcelolopes.jor.br\/site\/2025\/12\/25\/campo-do-bairro-sao-marcos-e-reinaugurado-apos-reforma\/#primaryimage"},"image":{"@id":"https:\/\/marcelolopes.jor.br\/site\/2025\/12\/25\/campo-do-bairro-sao-marcos-e-reinaugurado-apos-reforma\/#primaryimage"},"thumbnailUrl":"https:\/\/marcelolopes.jor.br\/site\/wp-content\/uploads\/2025\/12\/Campo.jpg","datePublished":"2025-12-25T22:00:23+00:00","description":"Campo do Bairro S\u00e3o Marcos \u00e9 reinaugurado ap\u00f3s reforma. Espa\u00e7o esportivo tamb\u00e9m ganhou ilumina\u00e7\u00e3o de LED e alambrado.","breadcrumb":{"@id":"https:\/\/marcelolopes.jor.br\/site\/2025\/12\/25\/campo-do-bairro-sao-marcos-e-reinaugurado-apos-reforma\/#breadcrumb"},"inLanguage":"pt-BR","potentialAction":[{"@type":"ReadAction","target":["https:\/\/marcelolopes.jor.br\/site\/2025\/12\/25\/campo-do-bairro-sao-marcos-e-reinaugurado-apos-reforma\/"]}]},{"@type":"ImageObject","inLanguage":"pt-BR","@id":"https:\/\/marcelolopes.jor.br\/site\/2025\/12\/25\/campo-do-bairro-sao-marcos-e-reinaugurado-apos-reforma\/#primaryimage","url":"https:\/\/marcelolopes.jor.br\/site\/wp-content\/uploads\/2025\/12\/Campo.jpg","contentUrl":"https:\/\/marcelolopes.jor.br\/site\/wp-content\/uploads\/2025\/12\/Campo.jpg","width":800,"height":525,"caption":"Campo do Bairro S\u00e3o"},{"@type":"BreadcrumbList","@id":"https:\/\/marcelolopes.jor.br\/site\/2025\/12\/25\/campo-do-bairro-sao-marcos-e-reinaugurado-apos-reforma\/#breadcrumb","itemListElement":[{"@type":"ListItem","position":1,"name":"Home","item":"https:\/\/marcelolopes.jor.br\/site\/"},{"@type":"ListItem","position":2,"name":"Campo do Bairro S\u00e3o Marcos \u00e9 reinaugurado ap\u00f3s reforma"}]},{"@type":"WebSite","@id":"https:\/\/marcelolopes.jor.br\/site\/#website","url":"https:\/\/marcelolopes.jor.br\/site\/","name":"Marcelo Lopes","description":"Not\u00edcias de Cataguases e Regi\u00e3o","publisher":{"@id":"https:\/\/marcelolopes.jor.br\/site\/#organization"},"potentialAction":[{"@type":"SearchAction","target":{"@type":"EntryPoint","urlTemplate":"https:\/\/marcelolopes.jor.br\/site\/?s={search_term_string}"},"query-input":{"@type":"PropertyValueSpecification","valueRequired":true,"valueName":"search_term_string"}}],"inLanguage":"pt-BR"},{"@type":"Organization","@id":"https:\/\/marcelolopes.jor.br\/site\/#organization","name":"Site do Marcelo Lopes","url":"https:\/\/marcelolopes.jor.br\/site\/","logo":{"@type":"ImageObject","inLanguage":"pt-BR","@id":"https:\/\/marcelolopes.jor.br\/site\/#\/schema\/logo\/image\/","url":"https:\/\/marcelolopes.jor.br\/site\/wp-content\/uploads\/2024\/11\/logo-1.png","contentUrl":"https:\/\/marcelolopes.jor.br\/site\/wp-content\/uploads\/2024\/11\/logo-1.png","width":475,"height":80,"caption":"Site do Marcelo Lopes"},"image":{"@id":"https:\/\/marcelolopes.jor.br\/site\/#\/schema\/logo\/image\/"},"sameAs":["https:\/\/www.facebook.com\/sitedomarcelolopes","https:\/\/www.instagram.com\/sitedomarcelolopes\/","https:\/\/www.linkedin.com\/company\/site-do-marcelo-lopes\/","https:\/\/www.youtube.com\/user\/marcelolopes957"]},{"@type":"Person","@id":"https:\/\/marcelolopes.jor.br\/site\/#\/schema\/person\/3e7216a35c34d8fdf952b31da3d1f89f","name":"Marcelo Lopes","sameAs":["http:\/\/www.marcelolopes.jor.br"],"url":"https:\/\/marcelolopes.jor.br\/site\/author\/marcelo\/"}]}},"wps_subtitle":"Espa\u00e7o esportivo tamb\u00e9m ganhou ilumina\u00e7\u00e3o de LED e alambrado.","_links":{"self":[{"href":"https:\/\/marcelolopes.jor.br\/site\/wp-json\/wp\/v2\/posts\/62842","targetHints":{"allow":["GET"]}}],"collection":[{"href":"https:\/\/marcelolopes.jor.br\/site\/wp-json\/wp\/v2\/posts"}],"about":[{"href":"https:\/\/marcelolopes.jor.br\/site\/wp-json\/wp\/v2\/types\/post"}],"author":[{"embeddable":true,"href":"https:\/\/marcelolopes.jor.br\/site\/wp-json\/wp\/v2\/users\/2"}],"replies":[{"embeddable":true,"href":"https:\/\/marcelolopes.jor.br\/site\/wp-json\/wp\/v2\/comments?post=62842"}],"version-history":[{"count":0,"href":"https:\/\/marcelolopes.jor.br\/site\/wp-json\/wp\/v2\/posts\/62842\/revisions"}],"wp:featuredmedia":[{"embeddable":true,"href":"https:\/\/marcelolopes.jor.br\/site\/wp-json\/wp\/v2\/media\/62844"}],"wp:attachment":[{"href":"https:\/\/marcelolopes.jor.br\/site\/wp-json\/wp\/v2\/media?parent=62842"}],"wp:term":[{"taxonomy":"category","embeddable":true,"href":"https:\/\/marcelolopes.jor.br\/site\/wp-json\/wp\/v2\/categories?post=62842"},{"taxonomy":"post_tag","embeddable":true,"href":"https:\/\/marcelolopes.jor.br\/site\/wp-json\/wp\/v2\/tags?post=62842"}],"curies":[{"name":"wp","href":"https:\/\/api.w.org\/{rel}","templated":true}]}}