{"id":628,"date":"2019-04-10T15:15:11","date_gmt":"2019-04-10T18:15:11","guid":{"rendered":"https:\/\/marcelolopes.jor.br\/?p=628"},"modified":"2023-07-24T10:15:13","modified_gmt":"2023-07-24T13:15:13","slug":"pm-prende-autor-de-tentativa-de-feminicidio-em-dona-euzebia","status":"publish","type":"post","link":"https:\/\/marcelolopes.jor.br\/site\/2019\/04\/10\/pm-prende-autor-de-tentativa-de-feminicidio-em-dona-euzebia\/","title":{"rendered":"PM prende autor de tentativa de feminic\u00eddio em Dona Euz\u00e9bia"},"content":{"rendered":"<div style=\"text-align: justify;\">A Pol\u00edcia Militar de Dona Euz\u00e9bia prendeu \u00e0s 11 horas desta quarta-feira, 10 de abril, o homem acusado de ter espancado sua ex-companheira, de 34 anos de idade. O mandado de pris\u00e3o tempor\u00e1ria foi pedido pelo delegado titular da Delegacia de Pol\u00edcia Civil de Cataguases, Marcelo Manna, e concedido pela Justi\u00e7a. Ap\u00f3s prende-lo os militares o levaram para exames m\u00e9dicos no Hospital de Cataguases e, na sequ\u00eancia, para prestar depoimento \u00e0 autoridade policial.<\/div>\n<p><!--more--><\/p>\n<div style=\"text-align: justify;\">A equipe de militares formada pelos sargentos Granato e Santoro e pelo cabo Rafael, localizou e prendeu o suspeito, identificado pelas iniciais M.S.P., de 23 anos, na Rua Lacerda Werneck, no centro de Dona Euz\u00e9bia. De acordo com o registro policial ele tamb\u00e9m possui outras passagens pela pol\u00edcia por crimes de furto. Desta vez, por\u00e9m, vai responder pelo crime de tentativa de feminic\u00eddio, conforme informou o delegado Marcelo Manna. De l\u00e1 seguir\u00e1 para o pres\u00eddio onde permanecer\u00e1 \u00e0 disposi\u00e7\u00e3o da justi\u00e7a.<\/div>\n<div style=\"text-align: justify;\"><\/div>\n<div>\n<div style=\"text-align: justify;\"><b>Relembre o caso<\/b><\/div>\n<div style=\"text-align: justify;\">No dia 02 de abril a Pol\u00edcia Militar foi chamada at\u00e9 uma resid\u00eancia em Dona Euz\u00e9bia onde uma mulher tinha sido espancada por seu ex-namorado. Ela tinha passado a noite no im\u00f3vel na companhia de seu atual companheiro e por volta das 5h30min o suspeito entrou na casa pelos fundos e ao encontr\u00e1-la a espancou at\u00e9 ficar inconsciente, fugindo em seguida. A v\u00edtima foi levada para o Hospital de Cataguases em estado grave onde permanece internada na UTI.<\/div>\n<\/div>\n<div class=\"eknqq69f732583dc88\" ><br><\/div><style type=\"text\/css\">\r\n@media screen and (min-width: 1201px) {\r\n.eknqq69f732583dc88 {\r\ndisplay: block;\r\n}\r\n}\r\n@media screen and (min-width: 993px) and (max-width: 1200px) {\r\n.eknqq69f732583dc88 {\r\ndisplay: block;\r\n}\r\n}\r\n@media screen and (min-width: 769px) and (max-width: 992px) {\r\n.eknqq69f732583dc88 {\r\ndisplay: block;\r\n}\r\n}\r\n@media screen and (min-width: 768px) and (max-width: 768px) {\r\n.eknqq69f732583dc88 {\r\ndisplay: block;\r\n}\r\n}\r\n@media screen and (max-width: 767px) {\r\n.eknqq69f732583dc88 {\r\ndisplay: block;\r\n}\r\n}\r\n<\/style>\r\n<div class=\"yewea69f7325842b78\" ><div id=\"div_destino\"><\/div>\r\n<script src=\"https:\/\/cdn.snsrsv.com\/sdk.js\"><\/script>\r\n<script >\r\n      new sdk(\"464030C30061EA8BE065000000000001\") \r\n          .appendTo(\"div_destino\")\r\n          .disableStyle(true) \r\n          .setCacheBusterMacro(\"%%CACHEBUSTER%%\")\r\n          .setSize(\"800\",\"214\")\r\n          .setClickMacro(\"%%CLICK_URL_ESC%%\") \r\n          .setReferrerUrlMacro(\"%%REFERRER_URL_ESC%%\") \r\n          .start(); \r\n<\/script><\/div><style type=\"text\/css\">\r\n@media screen and (min-width: 1201px) {\r\n.yewea69f7325842b78 {\r\ndisplay: block;\r\n}\r\n}\r\n@media screen and (min-width: 993px) and (max-width: 1200px) {\r\n.yewea69f7325842b78 {\r\ndisplay: block;\r\n}\r\n}\r\n@media screen and (min-width: 769px) and (max-width: 992px) {\r\n.yewea69f7325842b78 {\r\ndisplay: block;\r\n}\r\n}\r\n@media screen and (min-width: 768px) and (max-width: 768px) {\r\n.yewea69f7325842b78 {\r\ndisplay: block;\r\n}\r\n}\r\n@media screen and (max-width: 767px) {\r\n.yewea69f7325842b78 {\r\ndisplay: block;\r\n}\r\n}\r\n<\/style>\r\n","protected":false},"excerpt":{"rendered":"<p>A Pol\u00edcia Militar de Dona Euz\u00e9bia prendeu \u00e0s 11 horas desta quarta-feira, 10 de abril, o homem acusado de ter espancado sua ex-companheira, de 34 anos de idade. O mandado de pris\u00e3o tempor\u00e1ria foi pedido pelo delegado titular da Delegacia<\/p>\n<p class=\"link-more\"><a class=\"more-link\" href=\"https:\/\/marcelolopes.jor.br\/site\/2019\/04\/10\/pm-prende-autor-de-tentativa-de-feminicidio-em-dona-euzebia\/\">Leia mais <span class=\"screen-reader-text\">PM prende autor de tentativa de feminic\u00eddio em Dona Euz\u00e9bia<\/span><\/a><\/p>\n","protected":false},"author":1,"featured_media":629,"comment_status":"open","ping_status":"open","sticky":false,"template":"","format":"standard","meta":{"footnotes":""},"categories":[1],"tags":[],"class_list":["post-628","post","type-post","status-publish","format-standard","has-post-thumbnail","hentry","category-noticias","thumb-below-title"],"yoast_head":"<!-- This site is optimized with the Yoast SEO plugin v27.4 - https:\/\/yoast.com\/product\/yoast-seo-wordpress\/ -->\n<title>PM prende autor de tentativa de feminic\u00eddio em Dona Euz\u00e9bia | Marcelo Lopes<\/title>\n<meta name=\"description\" content=\"PM prende autor de tentativa de feminic\u00eddio em Dona Euz\u00e9bia. Suspeito, de 23 anos, espancou sua ex-companheira no dia 2 de abril.\" \/>\n<meta name=\"robots\" content=\"index, follow, max-snippet:-1, max-image-preview:large, max-video-preview:-1\" \/>\n<link rel=\"canonical\" href=\"https:\/\/marcelolopes.jor.br\/site\/2019\/04\/10\/pm-prende-autor-de-tentativa-de-feminicidio-em-dona-euzebia\/\" \/>\n<meta property=\"og:locale\" content=\"pt_BR\" \/>\n<meta property=\"og:type\" content=\"article\" \/>\n<meta property=\"og:title\" content=\"PM prende autor de tentativa de feminic\u00eddio em Dona Euz\u00e9bia | Marcelo Lopes\" \/>\n<meta property=\"og:description\" content=\"PM prende autor de tentativa de feminic\u00eddio em Dona Euz\u00e9bia. Suspeito, de 23 anos, espancou sua ex-companheira no dia 2 de abril.\" \/>\n<meta property=\"og:url\" content=\"https:\/\/marcelolopes.jor.br\/site\/2019\/04\/10\/pm-prende-autor-de-tentativa-de-feminicidio-em-dona-euzebia\/\" \/>\n<meta property=\"og:site_name\" content=\"Marcelo Lopes\" \/>\n<meta property=\"article:publisher\" content=\"https:\/\/www.facebook.com\/sitedomarcelolopes\" \/>\n<meta property=\"article:published_time\" content=\"2019-04-10T18:15:11+00:00\" \/>\n<meta property=\"article:modified_time\" content=\"2023-07-24T13:15:13+00:00\" \/>\n<meta property=\"og:image\" content=\"https:\/\/marcelolopes.jor.br\/site\/wp-content\/uploads\/2019\/04\/img_bandido.jpg\" \/>\n\t<meta property=\"og:image:width\" content=\"804\" \/>\n\t<meta property=\"og:image:height\" content=\"503\" \/>\n\t<meta property=\"og:image:type\" content=\"image\/jpeg\" \/>\n<meta name=\"author\" content=\"universo\" \/>\n<meta name=\"twitter:card\" content=\"summary_large_image\" \/>\n<meta name=\"twitter:label1\" content=\"Escrito por\" \/>\n\t<meta name=\"twitter:data1\" content=\"universo\" \/>\n\t<meta name=\"twitter:label2\" content=\"Est. tempo de leitura\" \/>\n\t<meta name=\"twitter:data2\" content=\"1 minuto\" \/>\n<script type=\"application\/ld+json\" class=\"yoast-schema-graph\">{\"@context\":\"https:\\\/\\\/schema.org\",\"@graph\":[{\"@type\":\"NewsArticle\",\"@id\":\"https:\\\/\\\/marcelolopes.jor.br\\\/site\\\/2019\\\/04\\\/10\\\/pm-prende-autor-de-tentativa-de-feminicidio-em-dona-euzebia\\\/#article\",\"isPartOf\":{\"@id\":\"https:\\\/\\\/marcelolopes.jor.br\\\/site\\\/2019\\\/04\\\/10\\\/pm-prende-autor-de-tentativa-de-feminicidio-em-dona-euzebia\\\/\"},\"author\":{\"name\":\"universo\",\"@id\":\"https:\\\/\\\/marcelolopes.jor.br\\\/site\\\/#\\\/schema\\\/person\\\/27c10fcefab28f2110efeb1b285475e4\"},\"headline\":\"PM prende autor de tentativa de feminic\u00eddio em Dona Euz\u00e9bia\",\"datePublished\":\"2019-04-10T18:15:11+00:00\",\"dateModified\":\"2023-07-24T13:15:13+00:00\",\"mainEntityOfPage\":{\"@id\":\"https:\\\/\\\/marcelolopes.jor.br\\\/site\\\/2019\\\/04\\\/10\\\/pm-prende-autor-de-tentativa-de-feminicidio-em-dona-euzebia\\\/\"},\"wordCount\":266,\"commentCount\":0,\"publisher\":{\"@id\":\"https:\\\/\\\/marcelolopes.jor.br\\\/site\\\/#organization\"},\"image\":{\"@id\":\"https:\\\/\\\/marcelolopes.jor.br\\\/site\\\/2019\\\/04\\\/10\\\/pm-prende-autor-de-tentativa-de-feminicidio-em-dona-euzebia\\\/#primaryimage\"},\"thumbnailUrl\":\"https:\\\/\\\/marcelolopes.jor.br\\\/site\\\/wp-content\\\/uploads\\\/2019\\\/04\\\/img_bandido.jpg\",\"articleSection\":[\"Not\u00edcias\"],\"inLanguage\":\"pt-BR\",\"potentialAction\":[{\"@type\":\"CommentAction\",\"name\":\"Comment\",\"target\":[\"https:\\\/\\\/marcelolopes.jor.br\\\/site\\\/2019\\\/04\\\/10\\\/pm-prende-autor-de-tentativa-de-feminicidio-em-dona-euzebia\\\/#respond\"]}]},{\"@type\":\"WebPage\",\"@id\":\"https:\\\/\\\/marcelolopes.jor.br\\\/site\\\/2019\\\/04\\\/10\\\/pm-prende-autor-de-tentativa-de-feminicidio-em-dona-euzebia\\\/\",\"url\":\"https:\\\/\\\/marcelolopes.jor.br\\\/site\\\/2019\\\/04\\\/10\\\/pm-prende-autor-de-tentativa-de-feminicidio-em-dona-euzebia\\\/\",\"name\":\"PM prende autor de tentativa de feminic\u00eddio em Dona Euz\u00e9bia | Marcelo Lopes\",\"isPartOf\":{\"@id\":\"https:\\\/\\\/marcelolopes.jor.br\\\/site\\\/#website\"},\"primaryImageOfPage\":{\"@id\":\"https:\\\/\\\/marcelolopes.jor.br\\\/site\\\/2019\\\/04\\\/10\\\/pm-prende-autor-de-tentativa-de-feminicidio-em-dona-euzebia\\\/#primaryimage\"},\"image\":{\"@id\":\"https:\\\/\\\/marcelolopes.jor.br\\\/site\\\/2019\\\/04\\\/10\\\/pm-prende-autor-de-tentativa-de-feminicidio-em-dona-euzebia\\\/#primaryimage\"},\"thumbnailUrl\":\"https:\\\/\\\/marcelolopes.jor.br\\\/site\\\/wp-content\\\/uploads\\\/2019\\\/04\\\/img_bandido.jpg\",\"datePublished\":\"2019-04-10T18:15:11+00:00\",\"dateModified\":\"2023-07-24T13:15:13+00:00\",\"description\":\"PM prende autor de tentativa de feminic\u00eddio em Dona Euz\u00e9bia. Suspeito, de 23 anos, espancou sua ex-companheira no dia 2 de abril.\",\"breadcrumb\":{\"@id\":\"https:\\\/\\\/marcelolopes.jor.br\\\/site\\\/2019\\\/04\\\/10\\\/pm-prende-autor-de-tentativa-de-feminicidio-em-dona-euzebia\\\/#breadcrumb\"},\"inLanguage\":\"pt-BR\",\"potentialAction\":[{\"@type\":\"ReadAction\",\"target\":[\"https:\\\/\\\/marcelolopes.jor.br\\\/site\\\/2019\\\/04\\\/10\\\/pm-prende-autor-de-tentativa-de-feminicidio-em-dona-euzebia\\\/\"]}]},{\"@type\":\"ImageObject\",\"inLanguage\":\"pt-BR\",\"@id\":\"https:\\\/\\\/marcelolopes.jor.br\\\/site\\\/2019\\\/04\\\/10\\\/pm-prende-autor-de-tentativa-de-feminicidio-em-dona-euzebia\\\/#primaryimage\",\"url\":\"https:\\\/\\\/marcelolopes.jor.br\\\/site\\\/wp-content\\\/uploads\\\/2019\\\/04\\\/img_bandido.jpg\",\"contentUrl\":\"https:\\\/\\\/marcelolopes.jor.br\\\/site\\\/wp-content\\\/uploads\\\/2019\\\/04\\\/img_bandido.jpg\",\"width\":804,\"height\":503,\"caption\":\"PM prende autor de\"},{\"@type\":\"BreadcrumbList\",\"@id\":\"https:\\\/\\\/marcelolopes.jor.br\\\/site\\\/2019\\\/04\\\/10\\\/pm-prende-autor-de-tentativa-de-feminicidio-em-dona-euzebia\\\/#breadcrumb\",\"itemListElement\":[{\"@type\":\"ListItem\",\"position\":1,\"name\":\"Home\",\"item\":\"https:\\\/\\\/marcelolopes.jor.br\\\/site\\\/\"},{\"@type\":\"ListItem\",\"position\":2,\"name\":\"PM prende autor de tentativa de feminic\u00eddio em Dona Euz\u00e9bia\"}]},{\"@type\":\"WebSite\",\"@id\":\"https:\\\/\\\/marcelolopes.jor.br\\\/site\\\/#website\",\"url\":\"https:\\\/\\\/marcelolopes.jor.br\\\/site\\\/\",\"name\":\"Marcelo Lopes\",\"description\":\"Not\u00edcias de Cataguases e Regi\u00e3o\",\"publisher\":{\"@id\":\"https:\\\/\\\/marcelolopes.jor.br\\\/site\\\/#organization\"},\"potentialAction\":[{\"@type\":\"SearchAction\",\"target\":{\"@type\":\"EntryPoint\",\"urlTemplate\":\"https:\\\/\\\/marcelolopes.jor.br\\\/site\\\/?s={search_term_string}\"},\"query-input\":{\"@type\":\"PropertyValueSpecification\",\"valueRequired\":true,\"valueName\":\"search_term_string\"}}],\"inLanguage\":\"pt-BR\"},{\"@type\":\"Organization\",\"@id\":\"https:\\\/\\\/marcelolopes.jor.br\\\/site\\\/#organization\",\"name\":\"Site do Marcelo Lopes\",\"url\":\"https:\\\/\\\/marcelolopes.jor.br\\\/site\\\/\",\"logo\":{\"@type\":\"ImageObject\",\"inLanguage\":\"pt-BR\",\"@id\":\"https:\\\/\\\/marcelolopes.jor.br\\\/site\\\/#\\\/schema\\\/logo\\\/image\\\/\",\"url\":\"https:\\\/\\\/marcelolopes.jor.br\\\/site\\\/wp-content\\\/uploads\\\/2024\\\/11\\\/logo-1.png\",\"contentUrl\":\"https:\\\/\\\/marcelolopes.jor.br\\\/site\\\/wp-content\\\/uploads\\\/2024\\\/11\\\/logo-1.png\",\"width\":475,\"height\":80,\"caption\":\"Site do Marcelo Lopes\"},\"image\":{\"@id\":\"https:\\\/\\\/marcelolopes.jor.br\\\/site\\\/#\\\/schema\\\/logo\\\/image\\\/\"},\"sameAs\":[\"https:\\\/\\\/www.facebook.com\\\/sitedomarcelolopes\",\"https:\\\/\\\/www.instagram.com\\\/sitedomarcelolopes\\\/\",\"https:\\\/\\\/www.linkedin.com\\\/company\\\/site-do-marcelo-lopes\\\/\",\"https:\\\/\\\/www.youtube.com\\\/user\\\/marcelolopes957\"]},{\"@type\":\"Person\",\"@id\":\"https:\\\/\\\/marcelolopes.jor.br\\\/site\\\/#\\\/schema\\\/person\\\/27c10fcefab28f2110efeb1b285475e4\",\"name\":\"universo\",\"url\":\"https:\\\/\\\/marcelolopes.jor.br\\\/site\\\/author\\\/universo\\\/\"}]}<\/script>\n<!-- \/ Yoast SEO plugin. -->","yoast_head_json":{"title":"PM prende autor de tentativa de feminic\u00eddio em Dona Euz\u00e9bia | Marcelo Lopes","description":"PM prende autor de tentativa de feminic\u00eddio em Dona Euz\u00e9bia. Suspeito, de 23 anos, espancou sua ex-companheira no dia 2 de abril.","robots":{"index":"index","follow":"follow","max-snippet":"max-snippet:-1","max-image-preview":"max-image-preview:large","max-video-preview":"max-video-preview:-1"},"canonical":"https:\/\/marcelolopes.jor.br\/site\/2019\/04\/10\/pm-prende-autor-de-tentativa-de-feminicidio-em-dona-euzebia\/","og_locale":"pt_BR","og_type":"article","og_title":"PM prende autor de tentativa de feminic\u00eddio em Dona Euz\u00e9bia | Marcelo Lopes","og_description":"PM prende autor de tentativa de feminic\u00eddio em Dona Euz\u00e9bia. Suspeito, de 23 anos, espancou sua ex-companheira no dia 2 de abril.","og_url":"https:\/\/marcelolopes.jor.br\/site\/2019\/04\/10\/pm-prende-autor-de-tentativa-de-feminicidio-em-dona-euzebia\/","og_site_name":"Marcelo Lopes","article_publisher":"https:\/\/www.facebook.com\/sitedomarcelolopes","article_published_time":"2019-04-10T18:15:11+00:00","article_modified_time":"2023-07-24T13:15:13+00:00","og_image":[{"width":804,"height":503,"url":"https:\/\/marcelolopes.jor.br\/site\/wp-content\/uploads\/2019\/04\/img_bandido.jpg","type":"image\/jpeg"}],"author":"universo","twitter_card":"summary_large_image","twitter_misc":{"Escrito por":"universo","Est. tempo de leitura":"1 minuto"},"schema":{"@context":"https:\/\/schema.org","@graph":[{"@type":"NewsArticle","@id":"https:\/\/marcelolopes.jor.br\/site\/2019\/04\/10\/pm-prende-autor-de-tentativa-de-feminicidio-em-dona-euzebia\/#article","isPartOf":{"@id":"https:\/\/marcelolopes.jor.br\/site\/2019\/04\/10\/pm-prende-autor-de-tentativa-de-feminicidio-em-dona-euzebia\/"},"author":{"name":"universo","@id":"https:\/\/marcelolopes.jor.br\/site\/#\/schema\/person\/27c10fcefab28f2110efeb1b285475e4"},"headline":"PM prende autor de tentativa de feminic\u00eddio em Dona Euz\u00e9bia","datePublished":"2019-04-10T18:15:11+00:00","dateModified":"2023-07-24T13:15:13+00:00","mainEntityOfPage":{"@id":"https:\/\/marcelolopes.jor.br\/site\/2019\/04\/10\/pm-prende-autor-de-tentativa-de-feminicidio-em-dona-euzebia\/"},"wordCount":266,"commentCount":0,"publisher":{"@id":"https:\/\/marcelolopes.jor.br\/site\/#organization"},"image":{"@id":"https:\/\/marcelolopes.jor.br\/site\/2019\/04\/10\/pm-prende-autor-de-tentativa-de-feminicidio-em-dona-euzebia\/#primaryimage"},"thumbnailUrl":"https:\/\/marcelolopes.jor.br\/site\/wp-content\/uploads\/2019\/04\/img_bandido.jpg","articleSection":["Not\u00edcias"],"inLanguage":"pt-BR","potentialAction":[{"@type":"CommentAction","name":"Comment","target":["https:\/\/marcelolopes.jor.br\/site\/2019\/04\/10\/pm-prende-autor-de-tentativa-de-feminicidio-em-dona-euzebia\/#respond"]}]},{"@type":"WebPage","@id":"https:\/\/marcelolopes.jor.br\/site\/2019\/04\/10\/pm-prende-autor-de-tentativa-de-feminicidio-em-dona-euzebia\/","url":"https:\/\/marcelolopes.jor.br\/site\/2019\/04\/10\/pm-prende-autor-de-tentativa-de-feminicidio-em-dona-euzebia\/","name":"PM prende autor de tentativa de feminic\u00eddio em Dona Euz\u00e9bia | Marcelo Lopes","isPartOf":{"@id":"https:\/\/marcelolopes.jor.br\/site\/#website"},"primaryImageOfPage":{"@id":"https:\/\/marcelolopes.jor.br\/site\/2019\/04\/10\/pm-prende-autor-de-tentativa-de-feminicidio-em-dona-euzebia\/#primaryimage"},"image":{"@id":"https:\/\/marcelolopes.jor.br\/site\/2019\/04\/10\/pm-prende-autor-de-tentativa-de-feminicidio-em-dona-euzebia\/#primaryimage"},"thumbnailUrl":"https:\/\/marcelolopes.jor.br\/site\/wp-content\/uploads\/2019\/04\/img_bandido.jpg","datePublished":"2019-04-10T18:15:11+00:00","dateModified":"2023-07-24T13:15:13+00:00","description":"PM prende autor de tentativa de feminic\u00eddio em Dona Euz\u00e9bia. Suspeito, de 23 anos, espancou sua ex-companheira no dia 2 de abril.","breadcrumb":{"@id":"https:\/\/marcelolopes.jor.br\/site\/2019\/04\/10\/pm-prende-autor-de-tentativa-de-feminicidio-em-dona-euzebia\/#breadcrumb"},"inLanguage":"pt-BR","potentialAction":[{"@type":"ReadAction","target":["https:\/\/marcelolopes.jor.br\/site\/2019\/04\/10\/pm-prende-autor-de-tentativa-de-feminicidio-em-dona-euzebia\/"]}]},{"@type":"ImageObject","inLanguage":"pt-BR","@id":"https:\/\/marcelolopes.jor.br\/site\/2019\/04\/10\/pm-prende-autor-de-tentativa-de-feminicidio-em-dona-euzebia\/#primaryimage","url":"https:\/\/marcelolopes.jor.br\/site\/wp-content\/uploads\/2019\/04\/img_bandido.jpg","contentUrl":"https:\/\/marcelolopes.jor.br\/site\/wp-content\/uploads\/2019\/04\/img_bandido.jpg","width":804,"height":503,"caption":"PM prende autor de"},{"@type":"BreadcrumbList","@id":"https:\/\/marcelolopes.jor.br\/site\/2019\/04\/10\/pm-prende-autor-de-tentativa-de-feminicidio-em-dona-euzebia\/#breadcrumb","itemListElement":[{"@type":"ListItem","position":1,"name":"Home","item":"https:\/\/marcelolopes.jor.br\/site\/"},{"@type":"ListItem","position":2,"name":"PM prende autor de tentativa de feminic\u00eddio em Dona Euz\u00e9bia"}]},{"@type":"WebSite","@id":"https:\/\/marcelolopes.jor.br\/site\/#website","url":"https:\/\/marcelolopes.jor.br\/site\/","name":"Marcelo Lopes","description":"Not\u00edcias de Cataguases e Regi\u00e3o","publisher":{"@id":"https:\/\/marcelolopes.jor.br\/site\/#organization"},"potentialAction":[{"@type":"SearchAction","target":{"@type":"EntryPoint","urlTemplate":"https:\/\/marcelolopes.jor.br\/site\/?s={search_term_string}"},"query-input":{"@type":"PropertyValueSpecification","valueRequired":true,"valueName":"search_term_string"}}],"inLanguage":"pt-BR"},{"@type":"Organization","@id":"https:\/\/marcelolopes.jor.br\/site\/#organization","name":"Site do Marcelo Lopes","url":"https:\/\/marcelolopes.jor.br\/site\/","logo":{"@type":"ImageObject","inLanguage":"pt-BR","@id":"https:\/\/marcelolopes.jor.br\/site\/#\/schema\/logo\/image\/","url":"https:\/\/marcelolopes.jor.br\/site\/wp-content\/uploads\/2024\/11\/logo-1.png","contentUrl":"https:\/\/marcelolopes.jor.br\/site\/wp-content\/uploads\/2024\/11\/logo-1.png","width":475,"height":80,"caption":"Site do Marcelo Lopes"},"image":{"@id":"https:\/\/marcelolopes.jor.br\/site\/#\/schema\/logo\/image\/"},"sameAs":["https:\/\/www.facebook.com\/sitedomarcelolopes","https:\/\/www.instagram.com\/sitedomarcelolopes\/","https:\/\/www.linkedin.com\/company\/site-do-marcelo-lopes\/","https:\/\/www.youtube.com\/user\/marcelolopes957"]},{"@type":"Person","@id":"https:\/\/marcelolopes.jor.br\/site\/#\/schema\/person\/27c10fcefab28f2110efeb1b285475e4","name":"universo","url":"https:\/\/marcelolopes.jor.br\/site\/author\/universo\/"}]}},"wps_subtitle":"Suspeito, de 23 anos, espancou sua ex-companheira no dia 2 de abril.","_links":{"self":[{"href":"https:\/\/marcelolopes.jor.br\/site\/wp-json\/wp\/v2\/posts\/628","targetHints":{"allow":["GET"]}}],"collection":[{"href":"https:\/\/marcelolopes.jor.br\/site\/wp-json\/wp\/v2\/posts"}],"about":[{"href":"https:\/\/marcelolopes.jor.br\/site\/wp-json\/wp\/v2\/types\/post"}],"author":[{"embeddable":true,"href":"https:\/\/marcelolopes.jor.br\/site\/wp-json\/wp\/v2\/users\/1"}],"replies":[{"embeddable":true,"href":"https:\/\/marcelolopes.jor.br\/site\/wp-json\/wp\/v2\/comments?post=628"}],"version-history":[{"count":0,"href":"https:\/\/marcelolopes.jor.br\/site\/wp-json\/wp\/v2\/posts\/628\/revisions"}],"wp:featuredmedia":[{"embeddable":true,"href":"https:\/\/marcelolopes.jor.br\/site\/wp-json\/wp\/v2\/media\/629"}],"wp:attachment":[{"href":"https:\/\/marcelolopes.jor.br\/site\/wp-json\/wp\/v2\/media?parent=628"}],"wp:term":[{"taxonomy":"category","embeddable":true,"href":"https:\/\/marcelolopes.jor.br\/site\/wp-json\/wp\/v2\/categories?post=628"},{"taxonomy":"post_tag","embeddable":true,"href":"https:\/\/marcelolopes.jor.br\/site\/wp-json\/wp\/v2\/tags?post=628"}],"curies":[{"name":"wp","href":"https:\/\/api.w.org\/{rel}","templated":true}]}}