{"id":62427,"date":"2025-12-05T20:00:42","date_gmt":"2025-12-05T23:00:42","guid":{"rendered":"https:\/\/marcelolopes.jor.br\/?p=62427"},"modified":"2025-12-05T18:28:09","modified_gmt":"2025-12-05T21:28:09","slug":"fazendeiro-leopoldinense-e-condenado-a-14-anos-de-prisao","status":"publish","type":"post","link":"https:\/\/marcelolopes.jor.br\/site\/2025\/12\/05\/fazendeiro-leopoldinense-e-condenado-a-14-anos-de-prisao\/","title":{"rendered":"Fazendeiro leopoldinense \u00e9 condenado a 14 anos de pris\u00e3o"},"content":{"rendered":"<p>A Primeira Turma do Supremo Tribunal Federal (STF) condenou o fazendeiro leopoldinense Fernando Junqueira Ferraz Filho a 14 anos de pris\u00e3o em regime fechado por participa\u00e7\u00e3o direta nos atos golpistas ocorridos em Bras\u00edlia no dia 08 de janeiro de 2023, que culminaram na invas\u00e3o e depreda\u00e7\u00e3o das sedes dos Tr\u00eas Poderes. A decis\u00e3o foi proferida de forma un\u00e2nime em sess\u00e3o virtual encerrada no \u00faltimo dia 1\u00ba de dezembro de 2025, no julgamento da A\u00e7\u00e3o Penal n\u00ba 2.577, relatada pelo ministro Alexandre de Moraes.<!--more--><\/p>\n<h4 class=\"p1\"><span class=\"s1\">\ud83d\udcf8\u00a0<span style=\"color: #008000;\">Siga o Site do Marcelo Lopes no<\/span>\u00a0<span style=\"color: #800000;\"><a style=\"color: #800000;\" href=\"https:\/\/www.facebook.com\/sitedomarcelolopes\/\"><strong>Facebook<\/strong><\/a><\/span>\u00a0<span style=\"color: #008000;\">e no<\/span>\u00a0<span style=\"color: #800000;\"><strong><a style=\"color: #800000;\" href=\"https:\/\/www.instagram.com\/sitedomarcelolopes\/\">Instagram<\/a><\/strong><\/span><\/span><\/h4>\n<h4 class=\"p1\">\ud83d\udcf1<span style=\"color: #008000;\">Participe do grupo de<\/span>\u00a0<span style=\"color: #800000;\"><a style=\"color: #800000;\" href=\"https:\/\/chat.whatsapp.com\/BibzcI1ibYSKytbdyzubLA\"><strong>WhatsApp<\/strong><\/a><\/span> <span style=\"color: #008000;\">do Site do Marcelo Lopes<\/span><\/h4>\n<p>Segundo a senten\u00e7a, o r\u00e9u foi responsabilizado pelos crimes de aboli\u00e7\u00e3o violenta do Estado Democr\u00e1tico de Direito, golpe de Estado, associa\u00e7\u00e3o criminosa armada, dano qualificado e deteriora\u00e7\u00e3o de patrim\u00f4nio tombado. A pena total fixada envolve 12 anos e 6 meses de reclus\u00e3o, 1 ano e 6 meses de deten\u00e7\u00e3o, al\u00e9m de 100 dias-multa, calculados com base em fra\u00e7\u00e3o do sal\u00e1rio m\u00ednimo vigente \u00e0 \u00e9poca dos fatos.<\/p>\n<p>Al\u00e9m da pena criminal, o leopoldinense tamb\u00e9m foi condenado ao pagamento de R$ 30 milh\u00f5es a t\u00edtulo de indeniza\u00e7\u00e3o por danos morais coletivos, valor que dever\u00e1 ser quitado de forma solid\u00e1ria com outros envolvidos condenados na mesma a\u00e7\u00e3o, em favor do fundo previsto na Lei da A\u00e7\u00e3o Civil P\u00fablica.<\/p>\n<p>De acordo com a decis\u00e3o, o Supremo entendeu que o r\u00e9u integrou organiza\u00e7\u00e3o criminosa armada, participou ativamente das a\u00e7\u00f5es violentas e contribuiu para os danos causados ao patrim\u00f4nio p\u00fablico tombado, em atos que atentaram contra a ordem constitucional e democr\u00e1tica do pa\u00eds. Decis\u00e3o cabe recurso.<\/p>\n<p>O processo tamb\u00e9m envolveu outra r\u00e9, absolvida dos crimes mais graves, mas condenada por associa\u00e7\u00e3o criminosa e incita\u00e7\u00e3o ao crime, recebendo penas alternativas e san\u00e7\u00f5es restritivas, al\u00e9m de indeniza\u00e7\u00e3o de R$ 5 milh\u00f5es por danos morais coletivos.<\/p>\n<h3>Tentativa de pris\u00e3o j\u00e1 havia sido noticiada<\/h3>\n<p>O homem j\u00e1 havia sido alvo da Opera\u00e7\u00e3o Lesa P\u00e1tria, deflagrada pela Pol\u00edcia Federal em janeiro de 2023, quando foram cumpridos mandados judiciais contra pessoas suspeitas de financiar, incentivar ou participar dos ataques \u00e0s institui\u00e7\u00f5es em Bras\u00edlia. Com a decis\u00e3o do STF, ap\u00f3s o tr\u00e2nsito em julgado, o nome do r\u00e9u ser\u00e1 inclu\u00eddo no rol dos culpados, ser\u00e1 expedida a guia definitiva de execu\u00e7\u00e3o da pena e determinadas as demais provid\u00eancias legais para o cumprimento da senten\u00e7a.<\/p>\n<p>Procurada pela reportagem do Jornal O Vigilante Online, a defesa do r\u00e9u informou, por meio de nota, que n\u00e3o se manifesta sobre processos judiciais em andamento.<\/p>\n<p><strong>OUTRAS NOT\u00cdCIAS<\/strong><br \/>\n<a href=\"https:\/\/marcelolopes.jor.br\/2025\/02\/18\/termina-o-julgamento-de-eduardo-barcelos-que-e-condenado-a-17-anos-de-prisao\/\"><strong><span style=\"color: #800000;\">Termina o julgamento de Eduardo Barcelos, que \u00e9 condenado a 17 anos de pris\u00e3o<\/span><\/strong><\/a><\/p>\n<p><a href=\"https:\/\/marcelolopes.jor.br\/2023\/12\/17\/justica-autoriza-e-dudu-barcelos-vai-para-prisao-domiciliar\/\"><strong><span style=\"color: #800000;\">Justi\u00e7a autoriza e Dudu Barcelos vai para pris\u00e3o domiciliar<\/span><\/strong><\/a><\/p>\n<p>Fonte: O Vigilante Online | Foto: Reprodu\u00e7\u00e3o Fant\u00e1stico<\/p>\n<div class=\"lxjhi69f764c40b82a\" ><br><\/div><style type=\"text\/css\">\r\n@media screen and (min-width: 1201px) {\r\n.lxjhi69f764c40b82a {\r\ndisplay: block;\r\n}\r\n}\r\n@media screen and (min-width: 993px) and (max-width: 1200px) {\r\n.lxjhi69f764c40b82a {\r\ndisplay: block;\r\n}\r\n}\r\n@media screen and (min-width: 769px) and (max-width: 992px) {\r\n.lxjhi69f764c40b82a {\r\ndisplay: block;\r\n}\r\n}\r\n@media screen and (min-width: 768px) and (max-width: 768px) {\r\n.lxjhi69f764c40b82a {\r\ndisplay: block;\r\n}\r\n}\r\n@media screen and (max-width: 767px) {\r\n.lxjhi69f764c40b82a {\r\ndisplay: block;\r\n}\r\n}\r\n<\/style>\r\n<div class=\"nqnrg69f764c410d07\" ><div id=\"div_destino\"><\/div>\r\n<script src=\"https:\/\/cdn.snsrsv.com\/sdk.js\"><\/script>\r\n<script >\r\n      new sdk(\"464030C30061EA8BE065000000000001\") \r\n          .appendTo(\"div_destino\")\r\n          .disableStyle(true) \r\n          .setCacheBusterMacro(\"%%CACHEBUSTER%%\")\r\n          .setSize(\"800\",\"214\")\r\n          .setClickMacro(\"%%CLICK_URL_ESC%%\") \r\n          .setReferrerUrlMacro(\"%%REFERRER_URL_ESC%%\") \r\n          .start(); \r\n<\/script><\/div><style type=\"text\/css\">\r\n@media screen and (min-width: 1201px) {\r\n.nqnrg69f764c410d07 {\r\ndisplay: block;\r\n}\r\n}\r\n@media screen and (min-width: 993px) and (max-width: 1200px) {\r\n.nqnrg69f764c410d07 {\r\ndisplay: block;\r\n}\r\n}\r\n@media screen and (min-width: 769px) and (max-width: 992px) {\r\n.nqnrg69f764c410d07 {\r\ndisplay: block;\r\n}\r\n}\r\n@media screen and (min-width: 768px) and (max-width: 768px) {\r\n.nqnrg69f764c410d07 {\r\ndisplay: block;\r\n}\r\n}\r\n@media screen and (max-width: 767px) {\r\n.nqnrg69f764c410d07 {\r\ndisplay: block;\r\n}\r\n}\r\n<\/style>\r\n","protected":false},"excerpt":{"rendered":"<p>A Primeira Turma do Supremo Tribunal Federal (STF) condenou o fazendeiro leopoldinense Fernando Junqueira Ferraz Filho a 14 anos de pris\u00e3o em regime fechado por participa\u00e7\u00e3o direta nos atos golpistas ocorridos em Bras\u00edlia no dia 08 de janeiro de 2023,<\/p>\n<p class=\"link-more\"><a class=\"more-link\" href=\"https:\/\/marcelolopes.jor.br\/site\/2025\/12\/05\/fazendeiro-leopoldinense-e-condenado-a-14-anos-de-prisao\/\">Leia mais <span class=\"screen-reader-text\">Fazendeiro leopoldinense \u00e9 condenado a 14 anos de pris\u00e3o<\/span><\/a><\/p>\n","protected":false},"author":2,"featured_media":62428,"comment_status":"open","ping_status":"closed","sticky":false,"template":"","format":"standard","meta":{"footnotes":""},"categories":[1],"tags":[],"class_list":["post-62427","post","type-post","status-publish","format-standard","has-post-thumbnail","hentry","category-noticias","thumb-below-title"],"yoast_head":"<!-- This site is optimized with the Yoast SEO plugin v27.4 - https:\/\/yoast.com\/product\/yoast-seo-wordpress\/ -->\n<title>Fazendeiro leopoldinense \u00e9 condenado a 14 anos de pris\u00e3o | Marcelo Lopes<\/title>\n<meta name=\"description\" content=\"Fazendeiro leopoldinense \u00e9 condenado a 14 anos de pris\u00e3o. Ele participou dos atos antidemocr\u00e1ticos de 8 de janeiro.\" \/>\n<meta name=\"robots\" content=\"index, follow, max-snippet:-1, max-image-preview:large, max-video-preview:-1\" \/>\n<link rel=\"canonical\" href=\"https:\/\/marcelolopes.jor.br\/site\/2025\/12\/05\/fazendeiro-leopoldinense-e-condenado-a-14-anos-de-prisao\/\" \/>\n<meta property=\"og:locale\" content=\"pt_BR\" \/>\n<meta property=\"og:type\" content=\"article\" \/>\n<meta property=\"og:title\" content=\"Fazendeiro leopoldinense \u00e9 condenado a 14 anos de pris\u00e3o | Marcelo Lopes\" \/>\n<meta property=\"og:description\" content=\"Fazendeiro leopoldinense \u00e9 condenado a 14 anos de pris\u00e3o. Ele participou dos atos antidemocr\u00e1ticos de 8 de janeiro.\" \/>\n<meta property=\"og:url\" content=\"https:\/\/marcelolopes.jor.br\/site\/2025\/12\/05\/fazendeiro-leopoldinense-e-condenado-a-14-anos-de-prisao\/\" \/>\n<meta property=\"og:site_name\" content=\"Marcelo Lopes\" \/>\n<meta property=\"article:publisher\" content=\"https:\/\/www.facebook.com\/sitedomarcelolopes\" \/>\n<meta property=\"article:published_time\" content=\"2025-12-05T23:00:42+00:00\" \/>\n<meta name=\"author\" content=\"Marcelo Lopes\" \/>\n<meta name=\"twitter:card\" content=\"summary_large_image\" \/>\n<meta name=\"twitter:label1\" content=\"Escrito por\" \/>\n\t<meta name=\"twitter:data1\" content=\"Marcelo Lopes\" \/>\n\t<meta name=\"twitter:label2\" content=\"Est. tempo de leitura\" \/>\n\t<meta name=\"twitter:data2\" content=\"2 minutos\" \/>\n<script type=\"application\/ld+json\" class=\"yoast-schema-graph\">{\"@context\":\"https:\\\/\\\/schema.org\",\"@graph\":[{\"@type\":\"NewsArticle\",\"@id\":\"https:\\\/\\\/marcelolopes.jor.br\\\/site\\\/2025\\\/12\\\/05\\\/fazendeiro-leopoldinense-e-condenado-a-14-anos-de-prisao\\\/#article\",\"isPartOf\":{\"@id\":\"https:\\\/\\\/marcelolopes.jor.br\\\/site\\\/2025\\\/12\\\/05\\\/fazendeiro-leopoldinense-e-condenado-a-14-anos-de-prisao\\\/\"},\"author\":{\"name\":\"Marcelo Lopes\",\"@id\":\"https:\\\/\\\/marcelolopes.jor.br\\\/site\\\/#\\\/schema\\\/person\\\/3e7216a35c34d8fdf952b31da3d1f89f\"},\"headline\":\"Fazendeiro leopoldinense \u00e9 condenado a 14 anos de pris\u00e3o\",\"datePublished\":\"2025-12-05T23:00:42+00:00\",\"mainEntityOfPage\":{\"@id\":\"https:\\\/\\\/marcelolopes.jor.br\\\/site\\\/2025\\\/12\\\/05\\\/fazendeiro-leopoldinense-e-condenado-a-14-anos-de-prisao\\\/\"},\"wordCount\":504,\"commentCount\":0,\"publisher\":{\"@id\":\"https:\\\/\\\/marcelolopes.jor.br\\\/site\\\/#organization\"},\"image\":{\"@id\":\"https:\\\/\\\/marcelolopes.jor.br\\\/site\\\/2025\\\/12\\\/05\\\/fazendeiro-leopoldinense-e-condenado-a-14-anos-de-prisao\\\/#primaryimage\"},\"thumbnailUrl\":\"https:\\\/\\\/marcelolopes.jor.br\\\/site\\\/wp-content\\\/uploads\\\/2025\\\/12\\\/globo-canal-5-20240107-1859-frame-407563.jpeg.avif\",\"articleSection\":[\"Not\u00edcias\"],\"inLanguage\":\"pt-BR\",\"potentialAction\":[{\"@type\":\"CommentAction\",\"name\":\"Comment\",\"target\":[\"https:\\\/\\\/marcelolopes.jor.br\\\/site\\\/2025\\\/12\\\/05\\\/fazendeiro-leopoldinense-e-condenado-a-14-anos-de-prisao\\\/#respond\"]}]},{\"@type\":\"WebPage\",\"@id\":\"https:\\\/\\\/marcelolopes.jor.br\\\/site\\\/2025\\\/12\\\/05\\\/fazendeiro-leopoldinense-e-condenado-a-14-anos-de-prisao\\\/\",\"url\":\"https:\\\/\\\/marcelolopes.jor.br\\\/site\\\/2025\\\/12\\\/05\\\/fazendeiro-leopoldinense-e-condenado-a-14-anos-de-prisao\\\/\",\"name\":\"Fazendeiro leopoldinense \u00e9 condenado a 14 anos de pris\u00e3o | Marcelo Lopes\",\"isPartOf\":{\"@id\":\"https:\\\/\\\/marcelolopes.jor.br\\\/site\\\/#website\"},\"primaryImageOfPage\":{\"@id\":\"https:\\\/\\\/marcelolopes.jor.br\\\/site\\\/2025\\\/12\\\/05\\\/fazendeiro-leopoldinense-e-condenado-a-14-anos-de-prisao\\\/#primaryimage\"},\"image\":{\"@id\":\"https:\\\/\\\/marcelolopes.jor.br\\\/site\\\/2025\\\/12\\\/05\\\/fazendeiro-leopoldinense-e-condenado-a-14-anos-de-prisao\\\/#primaryimage\"},\"thumbnailUrl\":\"https:\\\/\\\/marcelolopes.jor.br\\\/site\\\/wp-content\\\/uploads\\\/2025\\\/12\\\/globo-canal-5-20240107-1859-frame-407563.jpeg.avif\",\"datePublished\":\"2025-12-05T23:00:42+00:00\",\"description\":\"Fazendeiro leopoldinense \u00e9 condenado a 14 anos de pris\u00e3o. Ele participou dos atos antidemocr\u00e1ticos de 8 de janeiro.\",\"breadcrumb\":{\"@id\":\"https:\\\/\\\/marcelolopes.jor.br\\\/site\\\/2025\\\/12\\\/05\\\/fazendeiro-leopoldinense-e-condenado-a-14-anos-de-prisao\\\/#breadcrumb\"},\"inLanguage\":\"pt-BR\",\"potentialAction\":[{\"@type\":\"ReadAction\",\"target\":[\"https:\\\/\\\/marcelolopes.jor.br\\\/site\\\/2025\\\/12\\\/05\\\/fazendeiro-leopoldinense-e-condenado-a-14-anos-de-prisao\\\/\"]}]},{\"@type\":\"ImageObject\",\"inLanguage\":\"pt-BR\",\"@id\":\"https:\\\/\\\/marcelolopes.jor.br\\\/site\\\/2025\\\/12\\\/05\\\/fazendeiro-leopoldinense-e-condenado-a-14-anos-de-prisao\\\/#primaryimage\",\"url\":\"https:\\\/\\\/marcelolopes.jor.br\\\/site\\\/wp-content\\\/uploads\\\/2025\\\/12\\\/globo-canal-5-20240107-1859-frame-407563.jpeg.avif\",\"contentUrl\":\"https:\\\/\\\/marcelolopes.jor.br\\\/site\\\/wp-content\\\/uploads\\\/2025\\\/12\\\/globo-canal-5-20240107-1859-frame-407563.jpeg.avif\",\"width\":1000,\"height\":562,\"caption\":\"Fazendeiro leopoldinense \u00e9 condenado\"},{\"@type\":\"BreadcrumbList\",\"@id\":\"https:\\\/\\\/marcelolopes.jor.br\\\/site\\\/2025\\\/12\\\/05\\\/fazendeiro-leopoldinense-e-condenado-a-14-anos-de-prisao\\\/#breadcrumb\",\"itemListElement\":[{\"@type\":\"ListItem\",\"position\":1,\"name\":\"Home\",\"item\":\"https:\\\/\\\/marcelolopes.jor.br\\\/site\\\/\"},{\"@type\":\"ListItem\",\"position\":2,\"name\":\"Fazendeiro leopoldinense \u00e9 condenado a 14 anos de pris\u00e3o\"}]},{\"@type\":\"WebSite\",\"@id\":\"https:\\\/\\\/marcelolopes.jor.br\\\/site\\\/#website\",\"url\":\"https:\\\/\\\/marcelolopes.jor.br\\\/site\\\/\",\"name\":\"Marcelo Lopes\",\"description\":\"Not\u00edcias de Cataguases e Regi\u00e3o\",\"publisher\":{\"@id\":\"https:\\\/\\\/marcelolopes.jor.br\\\/site\\\/#organization\"},\"potentialAction\":[{\"@type\":\"SearchAction\",\"target\":{\"@type\":\"EntryPoint\",\"urlTemplate\":\"https:\\\/\\\/marcelolopes.jor.br\\\/site\\\/?s={search_term_string}\"},\"query-input\":{\"@type\":\"PropertyValueSpecification\",\"valueRequired\":true,\"valueName\":\"search_term_string\"}}],\"inLanguage\":\"pt-BR\"},{\"@type\":\"Organization\",\"@id\":\"https:\\\/\\\/marcelolopes.jor.br\\\/site\\\/#organization\",\"name\":\"Site do Marcelo Lopes\",\"url\":\"https:\\\/\\\/marcelolopes.jor.br\\\/site\\\/\",\"logo\":{\"@type\":\"ImageObject\",\"inLanguage\":\"pt-BR\",\"@id\":\"https:\\\/\\\/marcelolopes.jor.br\\\/site\\\/#\\\/schema\\\/logo\\\/image\\\/\",\"url\":\"https:\\\/\\\/marcelolopes.jor.br\\\/site\\\/wp-content\\\/uploads\\\/2024\\\/11\\\/logo-1.png\",\"contentUrl\":\"https:\\\/\\\/marcelolopes.jor.br\\\/site\\\/wp-content\\\/uploads\\\/2024\\\/11\\\/logo-1.png\",\"width\":475,\"height\":80,\"caption\":\"Site do Marcelo Lopes\"},\"image\":{\"@id\":\"https:\\\/\\\/marcelolopes.jor.br\\\/site\\\/#\\\/schema\\\/logo\\\/image\\\/\"},\"sameAs\":[\"https:\\\/\\\/www.facebook.com\\\/sitedomarcelolopes\",\"https:\\\/\\\/www.instagram.com\\\/sitedomarcelolopes\\\/\",\"https:\\\/\\\/www.linkedin.com\\\/company\\\/site-do-marcelo-lopes\\\/\",\"https:\\\/\\\/www.youtube.com\\\/user\\\/marcelolopes957\"]},{\"@type\":\"Person\",\"@id\":\"https:\\\/\\\/marcelolopes.jor.br\\\/site\\\/#\\\/schema\\\/person\\\/3e7216a35c34d8fdf952b31da3d1f89f\",\"name\":\"Marcelo Lopes\",\"sameAs\":[\"http:\\\/\\\/www.marcelolopes.jor.br\"],\"url\":\"https:\\\/\\\/marcelolopes.jor.br\\\/site\\\/author\\\/marcelo\\\/\"}]}<\/script>\n<!-- \/ Yoast SEO plugin. -->","yoast_head_json":{"title":"Fazendeiro leopoldinense \u00e9 condenado a 14 anos de pris\u00e3o | Marcelo Lopes","description":"Fazendeiro leopoldinense \u00e9 condenado a 14 anos de pris\u00e3o. Ele participou dos atos antidemocr\u00e1ticos de 8 de janeiro.","robots":{"index":"index","follow":"follow","max-snippet":"max-snippet:-1","max-image-preview":"max-image-preview:large","max-video-preview":"max-video-preview:-1"},"canonical":"https:\/\/marcelolopes.jor.br\/site\/2025\/12\/05\/fazendeiro-leopoldinense-e-condenado-a-14-anos-de-prisao\/","og_locale":"pt_BR","og_type":"article","og_title":"Fazendeiro leopoldinense \u00e9 condenado a 14 anos de pris\u00e3o | Marcelo Lopes","og_description":"Fazendeiro leopoldinense \u00e9 condenado a 14 anos de pris\u00e3o. Ele participou dos atos antidemocr\u00e1ticos de 8 de janeiro.","og_url":"https:\/\/marcelolopes.jor.br\/site\/2025\/12\/05\/fazendeiro-leopoldinense-e-condenado-a-14-anos-de-prisao\/","og_site_name":"Marcelo Lopes","article_publisher":"https:\/\/www.facebook.com\/sitedomarcelolopes","article_published_time":"2025-12-05T23:00:42+00:00","author":"Marcelo Lopes","twitter_card":"summary_large_image","twitter_misc":{"Escrito por":"Marcelo Lopes","Est. tempo de leitura":"2 minutos"},"schema":{"@context":"https:\/\/schema.org","@graph":[{"@type":"NewsArticle","@id":"https:\/\/marcelolopes.jor.br\/site\/2025\/12\/05\/fazendeiro-leopoldinense-e-condenado-a-14-anos-de-prisao\/#article","isPartOf":{"@id":"https:\/\/marcelolopes.jor.br\/site\/2025\/12\/05\/fazendeiro-leopoldinense-e-condenado-a-14-anos-de-prisao\/"},"author":{"name":"Marcelo Lopes","@id":"https:\/\/marcelolopes.jor.br\/site\/#\/schema\/person\/3e7216a35c34d8fdf952b31da3d1f89f"},"headline":"Fazendeiro leopoldinense \u00e9 condenado a 14 anos de pris\u00e3o","datePublished":"2025-12-05T23:00:42+00:00","mainEntityOfPage":{"@id":"https:\/\/marcelolopes.jor.br\/site\/2025\/12\/05\/fazendeiro-leopoldinense-e-condenado-a-14-anos-de-prisao\/"},"wordCount":504,"commentCount":0,"publisher":{"@id":"https:\/\/marcelolopes.jor.br\/site\/#organization"},"image":{"@id":"https:\/\/marcelolopes.jor.br\/site\/2025\/12\/05\/fazendeiro-leopoldinense-e-condenado-a-14-anos-de-prisao\/#primaryimage"},"thumbnailUrl":"https:\/\/marcelolopes.jor.br\/site\/wp-content\/uploads\/2025\/12\/globo-canal-5-20240107-1859-frame-407563.jpeg.avif","articleSection":["Not\u00edcias"],"inLanguage":"pt-BR","potentialAction":[{"@type":"CommentAction","name":"Comment","target":["https:\/\/marcelolopes.jor.br\/site\/2025\/12\/05\/fazendeiro-leopoldinense-e-condenado-a-14-anos-de-prisao\/#respond"]}]},{"@type":"WebPage","@id":"https:\/\/marcelolopes.jor.br\/site\/2025\/12\/05\/fazendeiro-leopoldinense-e-condenado-a-14-anos-de-prisao\/","url":"https:\/\/marcelolopes.jor.br\/site\/2025\/12\/05\/fazendeiro-leopoldinense-e-condenado-a-14-anos-de-prisao\/","name":"Fazendeiro leopoldinense \u00e9 condenado a 14 anos de pris\u00e3o | Marcelo Lopes","isPartOf":{"@id":"https:\/\/marcelolopes.jor.br\/site\/#website"},"primaryImageOfPage":{"@id":"https:\/\/marcelolopes.jor.br\/site\/2025\/12\/05\/fazendeiro-leopoldinense-e-condenado-a-14-anos-de-prisao\/#primaryimage"},"image":{"@id":"https:\/\/marcelolopes.jor.br\/site\/2025\/12\/05\/fazendeiro-leopoldinense-e-condenado-a-14-anos-de-prisao\/#primaryimage"},"thumbnailUrl":"https:\/\/marcelolopes.jor.br\/site\/wp-content\/uploads\/2025\/12\/globo-canal-5-20240107-1859-frame-407563.jpeg.avif","datePublished":"2025-12-05T23:00:42+00:00","description":"Fazendeiro leopoldinense \u00e9 condenado a 14 anos de pris\u00e3o. Ele participou dos atos antidemocr\u00e1ticos de 8 de janeiro.","breadcrumb":{"@id":"https:\/\/marcelolopes.jor.br\/site\/2025\/12\/05\/fazendeiro-leopoldinense-e-condenado-a-14-anos-de-prisao\/#breadcrumb"},"inLanguage":"pt-BR","potentialAction":[{"@type":"ReadAction","target":["https:\/\/marcelolopes.jor.br\/site\/2025\/12\/05\/fazendeiro-leopoldinense-e-condenado-a-14-anos-de-prisao\/"]}]},{"@type":"ImageObject","inLanguage":"pt-BR","@id":"https:\/\/marcelolopes.jor.br\/site\/2025\/12\/05\/fazendeiro-leopoldinense-e-condenado-a-14-anos-de-prisao\/#primaryimage","url":"https:\/\/marcelolopes.jor.br\/site\/wp-content\/uploads\/2025\/12\/globo-canal-5-20240107-1859-frame-407563.jpeg.avif","contentUrl":"https:\/\/marcelolopes.jor.br\/site\/wp-content\/uploads\/2025\/12\/globo-canal-5-20240107-1859-frame-407563.jpeg.avif","width":1000,"height":562,"caption":"Fazendeiro leopoldinense \u00e9 condenado"},{"@type":"BreadcrumbList","@id":"https:\/\/marcelolopes.jor.br\/site\/2025\/12\/05\/fazendeiro-leopoldinense-e-condenado-a-14-anos-de-prisao\/#breadcrumb","itemListElement":[{"@type":"ListItem","position":1,"name":"Home","item":"https:\/\/marcelolopes.jor.br\/site\/"},{"@type":"ListItem","position":2,"name":"Fazendeiro leopoldinense \u00e9 condenado a 14 anos de pris\u00e3o"}]},{"@type":"WebSite","@id":"https:\/\/marcelolopes.jor.br\/site\/#website","url":"https:\/\/marcelolopes.jor.br\/site\/","name":"Marcelo Lopes","description":"Not\u00edcias de Cataguases e Regi\u00e3o","publisher":{"@id":"https:\/\/marcelolopes.jor.br\/site\/#organization"},"potentialAction":[{"@type":"SearchAction","target":{"@type":"EntryPoint","urlTemplate":"https:\/\/marcelolopes.jor.br\/site\/?s={search_term_string}"},"query-input":{"@type":"PropertyValueSpecification","valueRequired":true,"valueName":"search_term_string"}}],"inLanguage":"pt-BR"},{"@type":"Organization","@id":"https:\/\/marcelolopes.jor.br\/site\/#organization","name":"Site do Marcelo Lopes","url":"https:\/\/marcelolopes.jor.br\/site\/","logo":{"@type":"ImageObject","inLanguage":"pt-BR","@id":"https:\/\/marcelolopes.jor.br\/site\/#\/schema\/logo\/image\/","url":"https:\/\/marcelolopes.jor.br\/site\/wp-content\/uploads\/2024\/11\/logo-1.png","contentUrl":"https:\/\/marcelolopes.jor.br\/site\/wp-content\/uploads\/2024\/11\/logo-1.png","width":475,"height":80,"caption":"Site do Marcelo Lopes"},"image":{"@id":"https:\/\/marcelolopes.jor.br\/site\/#\/schema\/logo\/image\/"},"sameAs":["https:\/\/www.facebook.com\/sitedomarcelolopes","https:\/\/www.instagram.com\/sitedomarcelolopes\/","https:\/\/www.linkedin.com\/company\/site-do-marcelo-lopes\/","https:\/\/www.youtube.com\/user\/marcelolopes957"]},{"@type":"Person","@id":"https:\/\/marcelolopes.jor.br\/site\/#\/schema\/person\/3e7216a35c34d8fdf952b31da3d1f89f","name":"Marcelo Lopes","sameAs":["http:\/\/www.marcelolopes.jor.br"],"url":"https:\/\/marcelolopes.jor.br\/site\/author\/marcelo\/"}]}},"wps_subtitle":"Ele participou dos atos antidemocr\u00e1ticos de 8 de janeiro.","_links":{"self":[{"href":"https:\/\/marcelolopes.jor.br\/site\/wp-json\/wp\/v2\/posts\/62427","targetHints":{"allow":["GET"]}}],"collection":[{"href":"https:\/\/marcelolopes.jor.br\/site\/wp-json\/wp\/v2\/posts"}],"about":[{"href":"https:\/\/marcelolopes.jor.br\/site\/wp-json\/wp\/v2\/types\/post"}],"author":[{"embeddable":true,"href":"https:\/\/marcelolopes.jor.br\/site\/wp-json\/wp\/v2\/users\/2"}],"replies":[{"embeddable":true,"href":"https:\/\/marcelolopes.jor.br\/site\/wp-json\/wp\/v2\/comments?post=62427"}],"version-history":[{"count":0,"href":"https:\/\/marcelolopes.jor.br\/site\/wp-json\/wp\/v2\/posts\/62427\/revisions"}],"wp:featuredmedia":[{"embeddable":true,"href":"https:\/\/marcelolopes.jor.br\/site\/wp-json\/wp\/v2\/media\/62428"}],"wp:attachment":[{"href":"https:\/\/marcelolopes.jor.br\/site\/wp-json\/wp\/v2\/media?parent=62427"}],"wp:term":[{"taxonomy":"category","embeddable":true,"href":"https:\/\/marcelolopes.jor.br\/site\/wp-json\/wp\/v2\/categories?post=62427"},{"taxonomy":"post_tag","embeddable":true,"href":"https:\/\/marcelolopes.jor.br\/site\/wp-json\/wp\/v2\/tags?post=62427"}],"curies":[{"name":"wp","href":"https:\/\/api.w.org\/{rel}","templated":true}]}}