{"id":62409,"date":"2025-12-05T16:00:09","date_gmt":"2025-12-05T19:00:09","guid":{"rendered":"https:\/\/marcelolopes.jor.br\/?p=62409"},"modified":"2025-12-05T14:38:33","modified_gmt":"2025-12-05T17:38:33","slug":"mobilizacao-pelo-fim-do-feminicidio-acontecera-em-cataguases","status":"publish","type":"post","link":"https:\/\/marcelolopes.jor.br\/site\/2025\/12\/05\/mobilizacao-pelo-fim-do-feminicidio-acontecera-em-cataguases\/","title":{"rendered":"Mobiliza\u00e7\u00e3o pelo fim do feminic\u00eddio acontecer\u00e1 em Cataguases"},"content":{"rendered":"<p>Em resposta \u00e0 escalada brutal da viol\u00eancia de g\u00eanero no Brasil, o movimento Levante Mulheres Vivas convocou atos simult\u00e2neos em diversas cidades do pa\u00eds &#8211; inclusive Cataguases &#8211; para este domingo, 7 de dezembro. A mobiliza\u00e7\u00e3o acontece diante de um cen\u00e1rio que j\u00e1 configura emerg\u00eancia nacional: dados do Minist\u00e9rio da Justi\u00e7a e Seguran\u00e7a P\u00fablica (MJSP) mostram que, somente em 2025, o Brasil ultrapassou mil v\u00edtimas de feminic\u00eddio \u2014 s\u00e3o quatro mulheres assassinadas por dia.<!--more--><\/p>\n<h4 class=\"p1\"><span class=\"s1\">\ud83d\udcf8\u00a0<span style=\"color: #008000;\">Siga o Site do Marcelo Lopes no<\/span>\u00a0<span style=\"color: #800000;\"><a style=\"color: #800000;\" href=\"https:\/\/www.facebook.com\/sitedomarcelolopes\/\"><strong>Facebook<\/strong><\/a><\/span>\u00a0<span style=\"color: #008000;\">e no<\/span>\u00a0<span style=\"color: #800000;\"><strong><a style=\"color: #800000;\" href=\"https:\/\/www.instagram.com\/sitedomarcelolopes\/\">Instagram<\/a><\/strong><\/span><\/span><\/h4>\n<h4 class=\"p1\">\ud83d\udcf1<span style=\"color: #008000;\">Participe do grupo de<\/span>\u00a0<span style=\"color: #800000;\"><a style=\"color: #800000;\" href=\"https:\/\/chat.whatsapp.com\/BibzcI1ibYSKytbdyzubLA\"><strong>WhatsApp<\/strong><\/a><\/span> <span style=\"color: #008000;\">do Site do Marcelo Lopes<\/span><\/h4>\n<p>A indigna\u00e7\u00e3o coletiva se intensificou ap\u00f3s a repercuss\u00e3o de crimes que chocaram o pa\u00eds. Um deles foi o assassinato de Catarina Karsten, estudante de p\u00f3s-gradua\u00e7\u00e3o em Florian\u00f3polis (SC), morta por um homem de 21 anos enquanto caminhava na praia. Outro caso que gerou como\u00e7\u00e3o foi o recente ataque cometido por um ex-servidor do Cefet Maracan\u00e3, no Rio de Janeiro, que tirou a vida da diretora Allane Pedrotti e da psic\u00f3loga Layse Costa Pinheiro, ambas servidoras da institui\u00e7\u00e3o.<\/p>\n<p>Tamb\u00e9m revoltaram o pa\u00eds as imagens que circularam nas redes mostrando o atropelamento de Tainara Souza Santos, arrastada por cerca de 1 km na Marginal Tiet\u00ea, em S\u00e3o Paulo. Tainara teve as duas pernas amputadas e permanece internada em estado grave. A fam\u00edlia afirma que ela e o agressor tiveram um breve relacionamento; ele, preso, nega conhecer a v\u00edtima.<\/p>\n<blockquote><p>&#8220;\u00c9 contra esse tipo de viol\u00eancia que a popula\u00e7\u00e3o &#8211; homens e mulheres &#8211; est\u00e1 sendo chamada a participar, conta Lilian Tiago, presidente do Conselho Municipal da Mulher em Cataguases. A iniciativa n\u00e3o tem cunho partid\u00e1rio, e busca apenas conscientizar sobre o combate a viol\u00eancia contra a mulher, salientou&#8221; (veja entrevista completa no Instagram do site).<\/p><\/blockquote>\n<p><strong>OUTRAS NOT\u00cdCIAS<\/strong><br \/>\n<a href=\"https:\/\/marcelolopes.jor.br\/2025\/10\/29\/pm-evita-possivel-feminicidio-e-apreende-pistola-em-leopoldina\/\"><strong><span style=\"color: #800000;\">PM evita poss\u00edvel feminic\u00eddio e apreende pistola em Leopoldina<\/span><\/strong><\/a><\/p>\n<p><a href=\"https:\/\/marcelolopes.jor.br\/2025\/09\/08\/policia-civil-prende-suspeito-de-feminicidio-em-uba\/\"><strong><span style=\"color: #800000;\">Pol\u00edcia Civil prende suspeito de feminic\u00eddio em Ub\u00e1<\/span><\/strong><\/a><\/p>\n<p>Fonte: Senado Federal | Foto: Brasil de Fato<\/p>\n<div class=\"nwaio69f74becb20b0\" ><br><\/div><style type=\"text\/css\">\r\n@media screen and (min-width: 1201px) {\r\n.nwaio69f74becb20b0 {\r\ndisplay: block;\r\n}\r\n}\r\n@media screen and (min-width: 993px) and (max-width: 1200px) {\r\n.nwaio69f74becb20b0 {\r\ndisplay: block;\r\n}\r\n}\r\n@media screen and (min-width: 769px) and (max-width: 992px) {\r\n.nwaio69f74becb20b0 {\r\ndisplay: block;\r\n}\r\n}\r\n@media screen and (min-width: 768px) and (max-width: 768px) {\r\n.nwaio69f74becb20b0 {\r\ndisplay: block;\r\n}\r\n}\r\n@media screen and (max-width: 767px) {\r\n.nwaio69f74becb20b0 {\r\ndisplay: block;\r\n}\r\n}\r\n<\/style>\r\n<div class=\"xngia69f74becb6e69\" ><div id=\"div_destino\"><\/div>\r\n<script src=\"https:\/\/cdn.snsrsv.com\/sdk.js\"><\/script>\r\n<script >\r\n      new sdk(\"464030C30061EA8BE065000000000001\") \r\n          .appendTo(\"div_destino\")\r\n          .disableStyle(true) \r\n          .setCacheBusterMacro(\"%%CACHEBUSTER%%\")\r\n          .setSize(\"800\",\"214\")\r\n          .setClickMacro(\"%%CLICK_URL_ESC%%\") \r\n          .setReferrerUrlMacro(\"%%REFERRER_URL_ESC%%\") \r\n          .start(); \r\n<\/script><\/div><style type=\"text\/css\">\r\n@media screen and (min-width: 1201px) {\r\n.xngia69f74becb6e69 {\r\ndisplay: block;\r\n}\r\n}\r\n@media screen and (min-width: 993px) and (max-width: 1200px) {\r\n.xngia69f74becb6e69 {\r\ndisplay: block;\r\n}\r\n}\r\n@media screen and (min-width: 769px) and (max-width: 992px) {\r\n.xngia69f74becb6e69 {\r\ndisplay: block;\r\n}\r\n}\r\n@media screen and (min-width: 768px) and (max-width: 768px) {\r\n.xngia69f74becb6e69 {\r\ndisplay: block;\r\n}\r\n}\r\n@media screen and (max-width: 767px) {\r\n.xngia69f74becb6e69 {\r\ndisplay: block;\r\n}\r\n}\r\n<\/style>\r\n","protected":false},"excerpt":{"rendered":"<p>Em resposta \u00e0 escalada brutal da viol\u00eancia de g\u00eanero no Brasil, o movimento Levante Mulheres Vivas convocou atos simult\u00e2neos em diversas cidades do pa\u00eds &#8211; inclusive Cataguases &#8211; para este domingo, 7 de dezembro. A mobiliza\u00e7\u00e3o acontece diante de um<\/p>\n<p class=\"link-more\"><a class=\"more-link\" href=\"https:\/\/marcelolopes.jor.br\/site\/2025\/12\/05\/mobilizacao-pelo-fim-do-feminicidio-acontecera-em-cataguases\/\">Leia mais <span class=\"screen-reader-text\">Mobiliza\u00e7\u00e3o pelo fim do feminic\u00eddio acontecer\u00e1 em Cataguases<\/span><\/a><\/p>\n","protected":false},"author":2,"featured_media":62411,"comment_status":"open","ping_status":"closed","sticky":false,"template":"","format":"standard","meta":{"footnotes":""},"categories":[1],"tags":[],"class_list":["post-62409","post","type-post","status-publish","format-standard","has-post-thumbnail","hentry","category-noticias","thumb-below-title"],"yoast_head":"<!-- This site is optimized with the Yoast SEO plugin v27.4 - https:\/\/yoast.com\/product\/yoast-seo-wordpress\/ -->\n<title>Mobiliza\u00e7\u00e3o pelo fim do feminic\u00eddio acontecer\u00e1 em Cataguases | Marcelo Lopes<\/title>\n<meta name=\"description\" content=\"Mobiliza\u00e7\u00e3o pelo fim do feminic\u00eddio acontecer\u00e1 em Cataguases. Levante Mulheres Vivas vai acontecer em todo o pa\u00eds, neste domingo.\" \/>\n<meta name=\"robots\" content=\"index, follow, max-snippet:-1, max-image-preview:large, max-video-preview:-1\" \/>\n<link rel=\"canonical\" href=\"https:\/\/marcelolopes.jor.br\/site\/2025\/12\/05\/mobilizacao-pelo-fim-do-feminicidio-acontecera-em-cataguases\/\" \/>\n<meta property=\"og:locale\" content=\"pt_BR\" \/>\n<meta property=\"og:type\" content=\"article\" \/>\n<meta property=\"og:title\" content=\"Mobiliza\u00e7\u00e3o pelo fim do feminic\u00eddio acontecer\u00e1 em Cataguases | Marcelo Lopes\" \/>\n<meta property=\"og:description\" content=\"Mobiliza\u00e7\u00e3o pelo fim do feminic\u00eddio acontecer\u00e1 em Cataguases. Levante Mulheres Vivas vai acontecer em todo o pa\u00eds, neste domingo.\" \/>\n<meta property=\"og:url\" content=\"https:\/\/marcelolopes.jor.br\/site\/2025\/12\/05\/mobilizacao-pelo-fim-do-feminicidio-acontecera-em-cataguases\/\" \/>\n<meta property=\"og:site_name\" content=\"Marcelo Lopes\" \/>\n<meta property=\"article:publisher\" content=\"https:\/\/www.facebook.com\/sitedomarcelolopes\" \/>\n<meta property=\"article:published_time\" content=\"2025-12-05T19:00:09+00:00\" \/>\n<meta property=\"og:image\" content=\"https:\/\/marcelolopes.jor.br\/site\/wp-content\/uploads\/2025\/12\/parem-de.jpg\" \/>\n\t<meta property=\"og:image:width\" content=\"600\" \/>\n\t<meta property=\"og:image:height\" content=\"480\" \/>\n\t<meta property=\"og:image:type\" content=\"image\/jpeg\" \/>\n<meta name=\"author\" content=\"Marcelo Lopes\" \/>\n<meta name=\"twitter:card\" content=\"summary_large_image\" \/>\n<meta name=\"twitter:label1\" content=\"Escrito por\" \/>\n\t<meta name=\"twitter:data1\" content=\"Marcelo Lopes\" \/>\n\t<meta name=\"twitter:label2\" content=\"Est. tempo de leitura\" \/>\n\t<meta name=\"twitter:data2\" content=\"2 minutos\" \/>\n<script type=\"application\/ld+json\" class=\"yoast-schema-graph\">{\"@context\":\"https:\\\/\\\/schema.org\",\"@graph\":[{\"@type\":\"NewsArticle\",\"@id\":\"https:\\\/\\\/marcelolopes.jor.br\\\/site\\\/2025\\\/12\\\/05\\\/mobilizacao-pelo-fim-do-feminicidio-acontecera-em-cataguases\\\/#article\",\"isPartOf\":{\"@id\":\"https:\\\/\\\/marcelolopes.jor.br\\\/site\\\/2025\\\/12\\\/05\\\/mobilizacao-pelo-fim-do-feminicidio-acontecera-em-cataguases\\\/\"},\"author\":{\"name\":\"Marcelo Lopes\",\"@id\":\"https:\\\/\\\/marcelolopes.jor.br\\\/site\\\/#\\\/schema\\\/person\\\/3e7216a35c34d8fdf952b31da3d1f89f\"},\"headline\":\"Mobiliza\u00e7\u00e3o pelo fim do feminic\u00eddio acontecer\u00e1 em Cataguases\",\"datePublished\":\"2025-12-05T19:00:09+00:00\",\"mainEntityOfPage\":{\"@id\":\"https:\\\/\\\/marcelolopes.jor.br\\\/site\\\/2025\\\/12\\\/05\\\/mobilizacao-pelo-fim-do-feminicidio-acontecera-em-cataguases\\\/\"},\"wordCount\":355,\"commentCount\":0,\"publisher\":{\"@id\":\"https:\\\/\\\/marcelolopes.jor.br\\\/site\\\/#organization\"},\"image\":{\"@id\":\"https:\\\/\\\/marcelolopes.jor.br\\\/site\\\/2025\\\/12\\\/05\\\/mobilizacao-pelo-fim-do-feminicidio-acontecera-em-cataguases\\\/#primaryimage\"},\"thumbnailUrl\":\"https:\\\/\\\/marcelolopes.jor.br\\\/site\\\/wp-content\\\/uploads\\\/2025\\\/12\\\/parem-de.jpg\",\"articleSection\":[\"Not\u00edcias\"],\"inLanguage\":\"pt-BR\",\"potentialAction\":[{\"@type\":\"CommentAction\",\"name\":\"Comment\",\"target\":[\"https:\\\/\\\/marcelolopes.jor.br\\\/site\\\/2025\\\/12\\\/05\\\/mobilizacao-pelo-fim-do-feminicidio-acontecera-em-cataguases\\\/#respond\"]}]},{\"@type\":\"WebPage\",\"@id\":\"https:\\\/\\\/marcelolopes.jor.br\\\/site\\\/2025\\\/12\\\/05\\\/mobilizacao-pelo-fim-do-feminicidio-acontecera-em-cataguases\\\/\",\"url\":\"https:\\\/\\\/marcelolopes.jor.br\\\/site\\\/2025\\\/12\\\/05\\\/mobilizacao-pelo-fim-do-feminicidio-acontecera-em-cataguases\\\/\",\"name\":\"Mobiliza\u00e7\u00e3o pelo fim do feminic\u00eddio acontecer\u00e1 em Cataguases | Marcelo Lopes\",\"isPartOf\":{\"@id\":\"https:\\\/\\\/marcelolopes.jor.br\\\/site\\\/#website\"},\"primaryImageOfPage\":{\"@id\":\"https:\\\/\\\/marcelolopes.jor.br\\\/site\\\/2025\\\/12\\\/05\\\/mobilizacao-pelo-fim-do-feminicidio-acontecera-em-cataguases\\\/#primaryimage\"},\"image\":{\"@id\":\"https:\\\/\\\/marcelolopes.jor.br\\\/site\\\/2025\\\/12\\\/05\\\/mobilizacao-pelo-fim-do-feminicidio-acontecera-em-cataguases\\\/#primaryimage\"},\"thumbnailUrl\":\"https:\\\/\\\/marcelolopes.jor.br\\\/site\\\/wp-content\\\/uploads\\\/2025\\\/12\\\/parem-de.jpg\",\"datePublished\":\"2025-12-05T19:00:09+00:00\",\"description\":\"Mobiliza\u00e7\u00e3o pelo fim do feminic\u00eddio acontecer\u00e1 em Cataguases. Levante Mulheres Vivas vai acontecer em todo o pa\u00eds, neste domingo.\",\"breadcrumb\":{\"@id\":\"https:\\\/\\\/marcelolopes.jor.br\\\/site\\\/2025\\\/12\\\/05\\\/mobilizacao-pelo-fim-do-feminicidio-acontecera-em-cataguases\\\/#breadcrumb\"},\"inLanguage\":\"pt-BR\",\"potentialAction\":[{\"@type\":\"ReadAction\",\"target\":[\"https:\\\/\\\/marcelolopes.jor.br\\\/site\\\/2025\\\/12\\\/05\\\/mobilizacao-pelo-fim-do-feminicidio-acontecera-em-cataguases\\\/\"]}]},{\"@type\":\"ImageObject\",\"inLanguage\":\"pt-BR\",\"@id\":\"https:\\\/\\\/marcelolopes.jor.br\\\/site\\\/2025\\\/12\\\/05\\\/mobilizacao-pelo-fim-do-feminicidio-acontecera-em-cataguases\\\/#primaryimage\",\"url\":\"https:\\\/\\\/marcelolopes.jor.br\\\/site\\\/wp-content\\\/uploads\\\/2025\\\/12\\\/parem-de.jpg\",\"contentUrl\":\"https:\\\/\\\/marcelolopes.jor.br\\\/site\\\/wp-content\\\/uploads\\\/2025\\\/12\\\/parem-de.jpg\",\"width\":600,\"height\":480,\"caption\":\"Mobiliza\u00e7\u00e3o pelo fim do\"},{\"@type\":\"BreadcrumbList\",\"@id\":\"https:\\\/\\\/marcelolopes.jor.br\\\/site\\\/2025\\\/12\\\/05\\\/mobilizacao-pelo-fim-do-feminicidio-acontecera-em-cataguases\\\/#breadcrumb\",\"itemListElement\":[{\"@type\":\"ListItem\",\"position\":1,\"name\":\"Home\",\"item\":\"https:\\\/\\\/marcelolopes.jor.br\\\/site\\\/\"},{\"@type\":\"ListItem\",\"position\":2,\"name\":\"Mobiliza\u00e7\u00e3o pelo fim do feminic\u00eddio acontecer\u00e1 em Cataguases\"}]},{\"@type\":\"WebSite\",\"@id\":\"https:\\\/\\\/marcelolopes.jor.br\\\/site\\\/#website\",\"url\":\"https:\\\/\\\/marcelolopes.jor.br\\\/site\\\/\",\"name\":\"Marcelo Lopes\",\"description\":\"Not\u00edcias de Cataguases e Regi\u00e3o\",\"publisher\":{\"@id\":\"https:\\\/\\\/marcelolopes.jor.br\\\/site\\\/#organization\"},\"potentialAction\":[{\"@type\":\"SearchAction\",\"target\":{\"@type\":\"EntryPoint\",\"urlTemplate\":\"https:\\\/\\\/marcelolopes.jor.br\\\/site\\\/?s={search_term_string}\"},\"query-input\":{\"@type\":\"PropertyValueSpecification\",\"valueRequired\":true,\"valueName\":\"search_term_string\"}}],\"inLanguage\":\"pt-BR\"},{\"@type\":\"Organization\",\"@id\":\"https:\\\/\\\/marcelolopes.jor.br\\\/site\\\/#organization\",\"name\":\"Site do Marcelo Lopes\",\"url\":\"https:\\\/\\\/marcelolopes.jor.br\\\/site\\\/\",\"logo\":{\"@type\":\"ImageObject\",\"inLanguage\":\"pt-BR\",\"@id\":\"https:\\\/\\\/marcelolopes.jor.br\\\/site\\\/#\\\/schema\\\/logo\\\/image\\\/\",\"url\":\"https:\\\/\\\/marcelolopes.jor.br\\\/site\\\/wp-content\\\/uploads\\\/2024\\\/11\\\/logo-1.png\",\"contentUrl\":\"https:\\\/\\\/marcelolopes.jor.br\\\/site\\\/wp-content\\\/uploads\\\/2024\\\/11\\\/logo-1.png\",\"width\":475,\"height\":80,\"caption\":\"Site do Marcelo Lopes\"},\"image\":{\"@id\":\"https:\\\/\\\/marcelolopes.jor.br\\\/site\\\/#\\\/schema\\\/logo\\\/image\\\/\"},\"sameAs\":[\"https:\\\/\\\/www.facebook.com\\\/sitedomarcelolopes\",\"https:\\\/\\\/www.instagram.com\\\/sitedomarcelolopes\\\/\",\"https:\\\/\\\/www.linkedin.com\\\/company\\\/site-do-marcelo-lopes\\\/\",\"https:\\\/\\\/www.youtube.com\\\/user\\\/marcelolopes957\"]},{\"@type\":\"Person\",\"@id\":\"https:\\\/\\\/marcelolopes.jor.br\\\/site\\\/#\\\/schema\\\/person\\\/3e7216a35c34d8fdf952b31da3d1f89f\",\"name\":\"Marcelo Lopes\",\"sameAs\":[\"http:\\\/\\\/www.marcelolopes.jor.br\"],\"url\":\"https:\\\/\\\/marcelolopes.jor.br\\\/site\\\/author\\\/marcelo\\\/\"}]}<\/script>\n<!-- \/ Yoast SEO plugin. -->","yoast_head_json":{"title":"Mobiliza\u00e7\u00e3o pelo fim do feminic\u00eddio acontecer\u00e1 em Cataguases | Marcelo Lopes","description":"Mobiliza\u00e7\u00e3o pelo fim do feminic\u00eddio acontecer\u00e1 em Cataguases. Levante Mulheres Vivas vai acontecer em todo o pa\u00eds, neste domingo.","robots":{"index":"index","follow":"follow","max-snippet":"max-snippet:-1","max-image-preview":"max-image-preview:large","max-video-preview":"max-video-preview:-1"},"canonical":"https:\/\/marcelolopes.jor.br\/site\/2025\/12\/05\/mobilizacao-pelo-fim-do-feminicidio-acontecera-em-cataguases\/","og_locale":"pt_BR","og_type":"article","og_title":"Mobiliza\u00e7\u00e3o pelo fim do feminic\u00eddio acontecer\u00e1 em Cataguases | Marcelo Lopes","og_description":"Mobiliza\u00e7\u00e3o pelo fim do feminic\u00eddio acontecer\u00e1 em Cataguases. Levante Mulheres Vivas vai acontecer em todo o pa\u00eds, neste domingo.","og_url":"https:\/\/marcelolopes.jor.br\/site\/2025\/12\/05\/mobilizacao-pelo-fim-do-feminicidio-acontecera-em-cataguases\/","og_site_name":"Marcelo Lopes","article_publisher":"https:\/\/www.facebook.com\/sitedomarcelolopes","article_published_time":"2025-12-05T19:00:09+00:00","og_image":[{"width":600,"height":480,"url":"https:\/\/marcelolopes.jor.br\/site\/wp-content\/uploads\/2025\/12\/parem-de.jpg","type":"image\/jpeg"}],"author":"Marcelo Lopes","twitter_card":"summary_large_image","twitter_misc":{"Escrito por":"Marcelo Lopes","Est. tempo de leitura":"2 minutos"},"schema":{"@context":"https:\/\/schema.org","@graph":[{"@type":"NewsArticle","@id":"https:\/\/marcelolopes.jor.br\/site\/2025\/12\/05\/mobilizacao-pelo-fim-do-feminicidio-acontecera-em-cataguases\/#article","isPartOf":{"@id":"https:\/\/marcelolopes.jor.br\/site\/2025\/12\/05\/mobilizacao-pelo-fim-do-feminicidio-acontecera-em-cataguases\/"},"author":{"name":"Marcelo Lopes","@id":"https:\/\/marcelolopes.jor.br\/site\/#\/schema\/person\/3e7216a35c34d8fdf952b31da3d1f89f"},"headline":"Mobiliza\u00e7\u00e3o pelo fim do feminic\u00eddio acontecer\u00e1 em Cataguases","datePublished":"2025-12-05T19:00:09+00:00","mainEntityOfPage":{"@id":"https:\/\/marcelolopes.jor.br\/site\/2025\/12\/05\/mobilizacao-pelo-fim-do-feminicidio-acontecera-em-cataguases\/"},"wordCount":355,"commentCount":0,"publisher":{"@id":"https:\/\/marcelolopes.jor.br\/site\/#organization"},"image":{"@id":"https:\/\/marcelolopes.jor.br\/site\/2025\/12\/05\/mobilizacao-pelo-fim-do-feminicidio-acontecera-em-cataguases\/#primaryimage"},"thumbnailUrl":"https:\/\/marcelolopes.jor.br\/site\/wp-content\/uploads\/2025\/12\/parem-de.jpg","articleSection":["Not\u00edcias"],"inLanguage":"pt-BR","potentialAction":[{"@type":"CommentAction","name":"Comment","target":["https:\/\/marcelolopes.jor.br\/site\/2025\/12\/05\/mobilizacao-pelo-fim-do-feminicidio-acontecera-em-cataguases\/#respond"]}]},{"@type":"WebPage","@id":"https:\/\/marcelolopes.jor.br\/site\/2025\/12\/05\/mobilizacao-pelo-fim-do-feminicidio-acontecera-em-cataguases\/","url":"https:\/\/marcelolopes.jor.br\/site\/2025\/12\/05\/mobilizacao-pelo-fim-do-feminicidio-acontecera-em-cataguases\/","name":"Mobiliza\u00e7\u00e3o pelo fim do feminic\u00eddio acontecer\u00e1 em Cataguases | Marcelo Lopes","isPartOf":{"@id":"https:\/\/marcelolopes.jor.br\/site\/#website"},"primaryImageOfPage":{"@id":"https:\/\/marcelolopes.jor.br\/site\/2025\/12\/05\/mobilizacao-pelo-fim-do-feminicidio-acontecera-em-cataguases\/#primaryimage"},"image":{"@id":"https:\/\/marcelolopes.jor.br\/site\/2025\/12\/05\/mobilizacao-pelo-fim-do-feminicidio-acontecera-em-cataguases\/#primaryimage"},"thumbnailUrl":"https:\/\/marcelolopes.jor.br\/site\/wp-content\/uploads\/2025\/12\/parem-de.jpg","datePublished":"2025-12-05T19:00:09+00:00","description":"Mobiliza\u00e7\u00e3o pelo fim do feminic\u00eddio acontecer\u00e1 em Cataguases. Levante Mulheres Vivas vai acontecer em todo o pa\u00eds, neste domingo.","breadcrumb":{"@id":"https:\/\/marcelolopes.jor.br\/site\/2025\/12\/05\/mobilizacao-pelo-fim-do-feminicidio-acontecera-em-cataguases\/#breadcrumb"},"inLanguage":"pt-BR","potentialAction":[{"@type":"ReadAction","target":["https:\/\/marcelolopes.jor.br\/site\/2025\/12\/05\/mobilizacao-pelo-fim-do-feminicidio-acontecera-em-cataguases\/"]}]},{"@type":"ImageObject","inLanguage":"pt-BR","@id":"https:\/\/marcelolopes.jor.br\/site\/2025\/12\/05\/mobilizacao-pelo-fim-do-feminicidio-acontecera-em-cataguases\/#primaryimage","url":"https:\/\/marcelolopes.jor.br\/site\/wp-content\/uploads\/2025\/12\/parem-de.jpg","contentUrl":"https:\/\/marcelolopes.jor.br\/site\/wp-content\/uploads\/2025\/12\/parem-de.jpg","width":600,"height":480,"caption":"Mobiliza\u00e7\u00e3o pelo fim do"},{"@type":"BreadcrumbList","@id":"https:\/\/marcelolopes.jor.br\/site\/2025\/12\/05\/mobilizacao-pelo-fim-do-feminicidio-acontecera-em-cataguases\/#breadcrumb","itemListElement":[{"@type":"ListItem","position":1,"name":"Home","item":"https:\/\/marcelolopes.jor.br\/site\/"},{"@type":"ListItem","position":2,"name":"Mobiliza\u00e7\u00e3o pelo fim do feminic\u00eddio acontecer\u00e1 em Cataguases"}]},{"@type":"WebSite","@id":"https:\/\/marcelolopes.jor.br\/site\/#website","url":"https:\/\/marcelolopes.jor.br\/site\/","name":"Marcelo Lopes","description":"Not\u00edcias de Cataguases e Regi\u00e3o","publisher":{"@id":"https:\/\/marcelolopes.jor.br\/site\/#organization"},"potentialAction":[{"@type":"SearchAction","target":{"@type":"EntryPoint","urlTemplate":"https:\/\/marcelolopes.jor.br\/site\/?s={search_term_string}"},"query-input":{"@type":"PropertyValueSpecification","valueRequired":true,"valueName":"search_term_string"}}],"inLanguage":"pt-BR"},{"@type":"Organization","@id":"https:\/\/marcelolopes.jor.br\/site\/#organization","name":"Site do Marcelo Lopes","url":"https:\/\/marcelolopes.jor.br\/site\/","logo":{"@type":"ImageObject","inLanguage":"pt-BR","@id":"https:\/\/marcelolopes.jor.br\/site\/#\/schema\/logo\/image\/","url":"https:\/\/marcelolopes.jor.br\/site\/wp-content\/uploads\/2024\/11\/logo-1.png","contentUrl":"https:\/\/marcelolopes.jor.br\/site\/wp-content\/uploads\/2024\/11\/logo-1.png","width":475,"height":80,"caption":"Site do Marcelo Lopes"},"image":{"@id":"https:\/\/marcelolopes.jor.br\/site\/#\/schema\/logo\/image\/"},"sameAs":["https:\/\/www.facebook.com\/sitedomarcelolopes","https:\/\/www.instagram.com\/sitedomarcelolopes\/","https:\/\/www.linkedin.com\/company\/site-do-marcelo-lopes\/","https:\/\/www.youtube.com\/user\/marcelolopes957"]},{"@type":"Person","@id":"https:\/\/marcelolopes.jor.br\/site\/#\/schema\/person\/3e7216a35c34d8fdf952b31da3d1f89f","name":"Marcelo Lopes","sameAs":["http:\/\/www.marcelolopes.jor.br"],"url":"https:\/\/marcelolopes.jor.br\/site\/author\/marcelo\/"}]}},"wps_subtitle":"Levante Mulheres Vivas vai acontecer em todo o pa\u00eds, neste domingo.","_links":{"self":[{"href":"https:\/\/marcelolopes.jor.br\/site\/wp-json\/wp\/v2\/posts\/62409","targetHints":{"allow":["GET"]}}],"collection":[{"href":"https:\/\/marcelolopes.jor.br\/site\/wp-json\/wp\/v2\/posts"}],"about":[{"href":"https:\/\/marcelolopes.jor.br\/site\/wp-json\/wp\/v2\/types\/post"}],"author":[{"embeddable":true,"href":"https:\/\/marcelolopes.jor.br\/site\/wp-json\/wp\/v2\/users\/2"}],"replies":[{"embeddable":true,"href":"https:\/\/marcelolopes.jor.br\/site\/wp-json\/wp\/v2\/comments?post=62409"}],"version-history":[{"count":0,"href":"https:\/\/marcelolopes.jor.br\/site\/wp-json\/wp\/v2\/posts\/62409\/revisions"}],"wp:featuredmedia":[{"embeddable":true,"href":"https:\/\/marcelolopes.jor.br\/site\/wp-json\/wp\/v2\/media\/62411"}],"wp:attachment":[{"href":"https:\/\/marcelolopes.jor.br\/site\/wp-json\/wp\/v2\/media?parent=62409"}],"wp:term":[{"taxonomy":"category","embeddable":true,"href":"https:\/\/marcelolopes.jor.br\/site\/wp-json\/wp\/v2\/categories?post=62409"},{"taxonomy":"post_tag","embeddable":true,"href":"https:\/\/marcelolopes.jor.br\/site\/wp-json\/wp\/v2\/tags?post=62409"}],"curies":[{"name":"wp","href":"https:\/\/api.w.org\/{rel}","templated":true}]}}