{"id":62401,"date":"2025-12-05T12:00:04","date_gmt":"2025-12-05T15:00:04","guid":{"rendered":"https:\/\/marcelolopes.jor.br\/?p=62401"},"modified":"2025-12-05T13:57:41","modified_gmt":"2025-12-05T16:57:41","slug":"justica-une-processos-contra-o-hospital-de-cataguases","status":"publish","type":"post","link":"https:\/\/marcelolopes.jor.br\/site\/2025\/12\/05\/justica-une-processos-contra-o-hospital-de-cataguases\/","title":{"rendered":"Justi\u00e7a une processos contra o Hospital de Cataguases"},"content":{"rendered":"<p>A Justi\u00e7a decidiu enviar para a Segunda Vara C\u00edvel da Comarca de Cataguases a \u00a0A\u00e7\u00e3o Civil P\u00fablica ajuizada pelo Minist\u00e9rio P\u00fablico de Minas Gerais \u00a0no \u00faltimo dia 2 dois de dezembro, onde j\u00e1 est\u00e1 em andamento outra iniciativa, mas de autoria da Defensoria P\u00fablica do Estado de Minas Gerais &#8211; porque ambas tratam do mesmo assunto e com os mesmos pleitos: a grave crise administrativa, financeira e assistencial enfrentada pelo Hospital de Cataguases, conforme decis\u00e3o da ju\u00edza, Danielle Rodrigues da Silva.<!--more--><\/p>\n<h4 class=\"p1\"><span class=\"s1\">\ud83d\udcf8\u00a0<span style=\"color: #008000;\">Siga o Site do Marcelo Lopes no<\/span>\u00a0<span style=\"color: #800000;\"><a style=\"color: #800000;\" href=\"https:\/\/www.facebook.com\/sitedomarcelolopes\/\"><strong>Facebook<\/strong><\/a><\/span>\u00a0<span style=\"color: #008000;\">e no<\/span>\u00a0<span style=\"color: #800000;\"><strong><a style=\"color: #800000;\" href=\"https:\/\/www.instagram.com\/sitedomarcelolopes\/\">Instagram<\/a><\/strong><\/span><\/span><\/h4>\n<h4 class=\"p1\">\ud83d\udcf1<span style=\"color: #008000;\">Participe do grupo de<\/span>\u00a0<span style=\"color: #800000;\"><a style=\"color: #800000;\" href=\"https:\/\/chat.whatsapp.com\/BibzcI1ibYSKytbdyzubLA\"><strong>WhatsApp<\/strong><\/a><\/span> <span style=\"color: #008000;\">do Site do Marcelo Lopes<\/span><\/h4>\n<p>O despacho da magistrada foi assinado nesta quarta-feira, 4 de dezembro, que \u00e9 titular da 1\u00aa Vara C\u00edvel da Comarca de Cataguases, sobre a A\u00e7\u00e3o Civil P\u00fablica movida pelo Minist\u00e9rio P\u00fablico de Minas Gerais, atrav\u00e9s da 1\u00aa Promotoria de Justi\u00e7a, que deu entrada no \u00faltimo dia 2\/12. O texto apresentado pelo MPMG aponta que o hospital vive uma situa\u00e7\u00e3o cr\u00edtica, marcada por d\u00edvidas acumuladas com m\u00e9dicos plantonistas cujo atraso nos pagamentos amea\u00e7a a continuidade da assist\u00eancia m\u00e9dica \u00e0 popula\u00e7\u00e3o.<\/p>\n<p>O Minist\u00e9rio P\u00fablico pediu, inclusive em car\u00e1ter liminar, que o Munic\u00edpio de Cataguases fosse obrigado a repassar imediatamente recursos ao hospital para quitar os d\u00e9bitos com a empresa intermediadora e, consequentemente, com os profissionais m\u00e9dicos. O objetivo \u00e9 impedir a paralisa\u00e7\u00e3o dos plant\u00f5es e garantir o funcionamento do setor de urg\u00eancia e emerg\u00eancia. E, em caso do n\u00e3o pagamento em 72 horas, fossem bloqueadas as contas da Prefeitura de Cataguases (link para a mat\u00e9ria completa ao final deste texto).<\/p>\n<p>No entanto, a ju\u00edza destacou que um processo anterior, de n\u00ba 5007535-10.2025.8.13.0153, j\u00e1 havia sido protocolado pela Defensoria P\u00fablica do Estado de Minas Gerais em 27 de novembro, estando em tramita\u00e7\u00e3o na 2\u00aa Vara C\u00edvel desta comarca. Essa primeira a\u00e7\u00e3o &#8211; destacou a ju\u00edza &#8211; trata exatamente dos mesmos fatos e r\u00e9us, bem como com pedidos id\u00eanticos \u2014 inclusive o repasse imediato de valores para pagamento dos m\u00e9dicos, medida j\u00e1 analisada e negada em decis\u00e3o liminar.<\/p>\n<p>Ao reconhecer a \u201cconex\u00e3o qualificada\u201d entre os processos, a magistrada apontou que julgamentos separados poderiam resultar em decis\u00f5es contradit\u00f3rias, criando inseguran\u00e7a jur\u00eddica. Por isso, determinou que ambos sejam analisados em conjunto pelo ju\u00edzo da 2\u00aa Vara C\u00edvel, que recebeu primeiro a a\u00e7\u00e3o da Defensoria. A determina\u00e7\u00e3o deve ser cumprida com urg\u00eancia.<\/p>\n<p>Nos \u00faltimos trinta dias, esta foi a terceira a\u00e7\u00e3o judicial movida contra o Hospital de Cataguases.<\/p>\n<p><strong>OUTRAS NOT\u00cdCIAS<\/strong><br \/>\n<a href=\"https:\/\/marcelolopes.jor.br\/2025\/12\/03\/mp-entra-na-justica-para-hospital-de-cataguases-pagar-medicos\/\"><strong><span style=\"color: #800000;\">MP entra na justi\u00e7a para Hospital de Cataguases pagar m\u00e9dicos<\/span><\/strong><\/a><\/p>\n<p><a href=\"https:\/\/marcelolopes.jor.br\/2025\/11\/23\/justica-nega-mandado-de-seguranca-ao-ex-provedor-do-hospital\/\"><strong><span style=\"color: #800000;\">Justi\u00e7a nega mandado de seguran\u00e7a ao ex-provedor do Hospital<\/span><\/strong><\/a><\/p>\n<div class=\"tctob69f74bed38bdd\" ><br><\/div><style type=\"text\/css\">\r\n@media screen and (min-width: 1201px) {\r\n.tctob69f74bed38bdd {\r\ndisplay: block;\r\n}\r\n}\r\n@media screen and (min-width: 993px) and (max-width: 1200px) {\r\n.tctob69f74bed38bdd {\r\ndisplay: block;\r\n}\r\n}\r\n@media screen and (min-width: 769px) and (max-width: 992px) {\r\n.tctob69f74bed38bdd {\r\ndisplay: block;\r\n}\r\n}\r\n@media screen and (min-width: 768px) and (max-width: 768px) {\r\n.tctob69f74bed38bdd {\r\ndisplay: block;\r\n}\r\n}\r\n@media screen and (max-width: 767px) {\r\n.tctob69f74bed38bdd {\r\ndisplay: block;\r\n}\r\n}\r\n<\/style>\r\n<div class=\"xfiri69f74bed3f23c\" ><div id=\"div_destino\"><\/div>\r\n<script src=\"https:\/\/cdn.snsrsv.com\/sdk.js\"><\/script>\r\n<script >\r\n      new sdk(\"464030C30061EA8BE065000000000001\") \r\n          .appendTo(\"div_destino\")\r\n          .disableStyle(true) \r\n          .setCacheBusterMacro(\"%%CACHEBUSTER%%\")\r\n          .setSize(\"800\",\"214\")\r\n          .setClickMacro(\"%%CLICK_URL_ESC%%\") \r\n          .setReferrerUrlMacro(\"%%REFERRER_URL_ESC%%\") \r\n          .start(); \r\n<\/script><\/div><style type=\"text\/css\">\r\n@media screen and (min-width: 1201px) {\r\n.xfiri69f74bed3f23c {\r\ndisplay: block;\r\n}\r\n}\r\n@media screen and (min-width: 993px) and (max-width: 1200px) {\r\n.xfiri69f74bed3f23c {\r\ndisplay: block;\r\n}\r\n}\r\n@media screen and (min-width: 769px) and (max-width: 992px) {\r\n.xfiri69f74bed3f23c {\r\ndisplay: block;\r\n}\r\n}\r\n@media screen and (min-width: 768px) and (max-width: 768px) {\r\n.xfiri69f74bed3f23c {\r\ndisplay: block;\r\n}\r\n}\r\n@media screen and (max-width: 767px) {\r\n.xfiri69f74bed3f23c {\r\ndisplay: block;\r\n}\r\n}\r\n<\/style>\r\n","protected":false},"excerpt":{"rendered":"<p>A Justi\u00e7a decidiu enviar para a Segunda Vara C\u00edvel da Comarca de Cataguases a \u00a0A\u00e7\u00e3o Civil P\u00fablica ajuizada pelo Minist\u00e9rio P\u00fablico de Minas Gerais \u00a0no \u00faltimo dia 2 dois de dezembro, onde j\u00e1 est\u00e1 em andamento outra iniciativa, mas de<\/p>\n<p class=\"link-more\"><a class=\"more-link\" href=\"https:\/\/marcelolopes.jor.br\/site\/2025\/12\/05\/justica-une-processos-contra-o-hospital-de-cataguases\/\">Leia mais <span class=\"screen-reader-text\">Justi\u00e7a une processos contra o Hospital de Cataguases<\/span><\/a><\/p>\n","protected":false},"author":2,"featured_media":62403,"comment_status":"open","ping_status":"closed","sticky":false,"template":"","format":"standard","meta":{"footnotes":""},"categories":[1],"tags":[],"class_list":["post-62401","post","type-post","status-publish","format-standard","has-post-thumbnail","hentry","category-noticias","thumb-below-title"],"yoast_head":"<!-- This site is optimized with the Yoast SEO plugin v27.4 - https:\/\/yoast.com\/product\/yoast-seo-wordpress\/ -->\n<title>Justi\u00e7a une processos contra o Hospital de Cataguases | Marcelo Lopes<\/title>\n<meta name=\"description\" content=\"Justi\u00e7a une processos contra o Hospital de Cataguases. A\u00e7\u00e3o do MPMG vai se juntar a outra por se tratar do mesmo assunto.\" \/>\n<meta name=\"robots\" content=\"index, follow, max-snippet:-1, max-image-preview:large, max-video-preview:-1\" \/>\n<link rel=\"canonical\" href=\"https:\/\/marcelolopes.jor.br\/site\/2025\/12\/05\/justica-une-processos-contra-o-hospital-de-cataguases\/\" \/>\n<meta property=\"og:locale\" content=\"pt_BR\" \/>\n<meta property=\"og:type\" content=\"article\" \/>\n<meta property=\"og:title\" content=\"Justi\u00e7a une processos contra o Hospital de Cataguases | Marcelo Lopes\" \/>\n<meta property=\"og:description\" content=\"Justi\u00e7a une processos contra o Hospital de Cataguases. A\u00e7\u00e3o do MPMG vai se juntar a outra por se tratar do mesmo assunto.\" \/>\n<meta property=\"og:url\" content=\"https:\/\/marcelolopes.jor.br\/site\/2025\/12\/05\/justica-une-processos-contra-o-hospital-de-cataguases\/\" \/>\n<meta property=\"og:site_name\" content=\"Marcelo Lopes\" \/>\n<meta property=\"article:publisher\" content=\"https:\/\/www.facebook.com\/sitedomarcelolopes\" \/>\n<meta property=\"article:published_time\" content=\"2025-12-05T15:00:04+00:00\" \/>\n<meta property=\"article:modified_time\" content=\"2025-12-05T16:57:41+00:00\" \/>\n<meta property=\"og:image\" content=\"https:\/\/marcelolopes.jor.br\/site\/wp-content\/uploads\/2025\/12\/Fachada-Forum-lateral.jpg\" \/>\n\t<meta property=\"og:image:width\" content=\"800\" \/>\n\t<meta property=\"og:image:height\" content=\"600\" \/>\n\t<meta property=\"og:image:type\" content=\"image\/jpeg\" \/>\n<meta name=\"author\" content=\"Marcelo Lopes\" \/>\n<meta name=\"twitter:card\" content=\"summary_large_image\" \/>\n<meta name=\"twitter:label1\" content=\"Escrito por\" \/>\n\t<meta name=\"twitter:data1\" content=\"Marcelo Lopes\" \/>\n\t<meta name=\"twitter:label2\" content=\"Est. tempo de leitura\" \/>\n\t<meta name=\"twitter:data2\" content=\"2 minutos\" \/>\n<script type=\"application\/ld+json\" class=\"yoast-schema-graph\">{\"@context\":\"https:\\\/\\\/schema.org\",\"@graph\":[{\"@type\":\"NewsArticle\",\"@id\":\"https:\\\/\\\/marcelolopes.jor.br\\\/site\\\/2025\\\/12\\\/05\\\/justica-une-processos-contra-o-hospital-de-cataguases\\\/#article\",\"isPartOf\":{\"@id\":\"https:\\\/\\\/marcelolopes.jor.br\\\/site\\\/2025\\\/12\\\/05\\\/justica-une-processos-contra-o-hospital-de-cataguases\\\/\"},\"author\":{\"name\":\"Marcelo Lopes\",\"@id\":\"https:\\\/\\\/marcelolopes.jor.br\\\/site\\\/#\\\/schema\\\/person\\\/3e7216a35c34d8fdf952b31da3d1f89f\"},\"headline\":\"Justi\u00e7a une processos contra o Hospital de Cataguases\",\"datePublished\":\"2025-12-05T15:00:04+00:00\",\"dateModified\":\"2025-12-05T16:57:41+00:00\",\"mainEntityOfPage\":{\"@id\":\"https:\\\/\\\/marcelolopes.jor.br\\\/site\\\/2025\\\/12\\\/05\\\/justica-une-processos-contra-o-hospital-de-cataguases\\\/\"},\"wordCount\":482,\"commentCount\":0,\"publisher\":{\"@id\":\"https:\\\/\\\/marcelolopes.jor.br\\\/site\\\/#organization\"},\"image\":{\"@id\":\"https:\\\/\\\/marcelolopes.jor.br\\\/site\\\/2025\\\/12\\\/05\\\/justica-une-processos-contra-o-hospital-de-cataguases\\\/#primaryimage\"},\"thumbnailUrl\":\"https:\\\/\\\/marcelolopes.jor.br\\\/site\\\/wp-content\\\/uploads\\\/2025\\\/12\\\/Fachada-Forum-lateral.jpg\",\"articleSection\":[\"Not\u00edcias\"],\"inLanguage\":\"pt-BR\",\"potentialAction\":[{\"@type\":\"CommentAction\",\"name\":\"Comment\",\"target\":[\"https:\\\/\\\/marcelolopes.jor.br\\\/site\\\/2025\\\/12\\\/05\\\/justica-une-processos-contra-o-hospital-de-cataguases\\\/#respond\"]}]},{\"@type\":\"WebPage\",\"@id\":\"https:\\\/\\\/marcelolopes.jor.br\\\/site\\\/2025\\\/12\\\/05\\\/justica-une-processos-contra-o-hospital-de-cataguases\\\/\",\"url\":\"https:\\\/\\\/marcelolopes.jor.br\\\/site\\\/2025\\\/12\\\/05\\\/justica-une-processos-contra-o-hospital-de-cataguases\\\/\",\"name\":\"Justi\u00e7a une processos contra o Hospital de Cataguases | Marcelo Lopes\",\"isPartOf\":{\"@id\":\"https:\\\/\\\/marcelolopes.jor.br\\\/site\\\/#website\"},\"primaryImageOfPage\":{\"@id\":\"https:\\\/\\\/marcelolopes.jor.br\\\/site\\\/2025\\\/12\\\/05\\\/justica-une-processos-contra-o-hospital-de-cataguases\\\/#primaryimage\"},\"image\":{\"@id\":\"https:\\\/\\\/marcelolopes.jor.br\\\/site\\\/2025\\\/12\\\/05\\\/justica-une-processos-contra-o-hospital-de-cataguases\\\/#primaryimage\"},\"thumbnailUrl\":\"https:\\\/\\\/marcelolopes.jor.br\\\/site\\\/wp-content\\\/uploads\\\/2025\\\/12\\\/Fachada-Forum-lateral.jpg\",\"datePublished\":\"2025-12-05T15:00:04+00:00\",\"dateModified\":\"2025-12-05T16:57:41+00:00\",\"description\":\"Justi\u00e7a une processos contra o Hospital de Cataguases. A\u00e7\u00e3o do MPMG vai se juntar a outra por se tratar do mesmo assunto.\",\"breadcrumb\":{\"@id\":\"https:\\\/\\\/marcelolopes.jor.br\\\/site\\\/2025\\\/12\\\/05\\\/justica-une-processos-contra-o-hospital-de-cataguases\\\/#breadcrumb\"},\"inLanguage\":\"pt-BR\",\"potentialAction\":[{\"@type\":\"ReadAction\",\"target\":[\"https:\\\/\\\/marcelolopes.jor.br\\\/site\\\/2025\\\/12\\\/05\\\/justica-une-processos-contra-o-hospital-de-cataguases\\\/\"]}]},{\"@type\":\"ImageObject\",\"inLanguage\":\"pt-BR\",\"@id\":\"https:\\\/\\\/marcelolopes.jor.br\\\/site\\\/2025\\\/12\\\/05\\\/justica-une-processos-contra-o-hospital-de-cataguases\\\/#primaryimage\",\"url\":\"https:\\\/\\\/marcelolopes.jor.br\\\/site\\\/wp-content\\\/uploads\\\/2025\\\/12\\\/Fachada-Forum-lateral.jpg\",\"contentUrl\":\"https:\\\/\\\/marcelolopes.jor.br\\\/site\\\/wp-content\\\/uploads\\\/2025\\\/12\\\/Fachada-Forum-lateral.jpg\",\"width\":800,\"height\":600,\"caption\":\"Justi\u00e7a nega liminar contra\"},{\"@type\":\"BreadcrumbList\",\"@id\":\"https:\\\/\\\/marcelolopes.jor.br\\\/site\\\/2025\\\/12\\\/05\\\/justica-une-processos-contra-o-hospital-de-cataguases\\\/#breadcrumb\",\"itemListElement\":[{\"@type\":\"ListItem\",\"position\":1,\"name\":\"Home\",\"item\":\"https:\\\/\\\/marcelolopes.jor.br\\\/site\\\/\"},{\"@type\":\"ListItem\",\"position\":2,\"name\":\"Justi\u00e7a une processos contra o Hospital de Cataguases\"}]},{\"@type\":\"WebSite\",\"@id\":\"https:\\\/\\\/marcelolopes.jor.br\\\/site\\\/#website\",\"url\":\"https:\\\/\\\/marcelolopes.jor.br\\\/site\\\/\",\"name\":\"Marcelo Lopes\",\"description\":\"Not\u00edcias de Cataguases e Regi\u00e3o\",\"publisher\":{\"@id\":\"https:\\\/\\\/marcelolopes.jor.br\\\/site\\\/#organization\"},\"potentialAction\":[{\"@type\":\"SearchAction\",\"target\":{\"@type\":\"EntryPoint\",\"urlTemplate\":\"https:\\\/\\\/marcelolopes.jor.br\\\/site\\\/?s={search_term_string}\"},\"query-input\":{\"@type\":\"PropertyValueSpecification\",\"valueRequired\":true,\"valueName\":\"search_term_string\"}}],\"inLanguage\":\"pt-BR\"},{\"@type\":\"Organization\",\"@id\":\"https:\\\/\\\/marcelolopes.jor.br\\\/site\\\/#organization\",\"name\":\"Site do Marcelo Lopes\",\"url\":\"https:\\\/\\\/marcelolopes.jor.br\\\/site\\\/\",\"logo\":{\"@type\":\"ImageObject\",\"inLanguage\":\"pt-BR\",\"@id\":\"https:\\\/\\\/marcelolopes.jor.br\\\/site\\\/#\\\/schema\\\/logo\\\/image\\\/\",\"url\":\"https:\\\/\\\/marcelolopes.jor.br\\\/site\\\/wp-content\\\/uploads\\\/2024\\\/11\\\/logo-1.png\",\"contentUrl\":\"https:\\\/\\\/marcelolopes.jor.br\\\/site\\\/wp-content\\\/uploads\\\/2024\\\/11\\\/logo-1.png\",\"width\":475,\"height\":80,\"caption\":\"Site do Marcelo Lopes\"},\"image\":{\"@id\":\"https:\\\/\\\/marcelolopes.jor.br\\\/site\\\/#\\\/schema\\\/logo\\\/image\\\/\"},\"sameAs\":[\"https:\\\/\\\/www.facebook.com\\\/sitedomarcelolopes\",\"https:\\\/\\\/www.instagram.com\\\/sitedomarcelolopes\\\/\",\"https:\\\/\\\/www.linkedin.com\\\/company\\\/site-do-marcelo-lopes\\\/\",\"https:\\\/\\\/www.youtube.com\\\/user\\\/marcelolopes957\"]},{\"@type\":\"Person\",\"@id\":\"https:\\\/\\\/marcelolopes.jor.br\\\/site\\\/#\\\/schema\\\/person\\\/3e7216a35c34d8fdf952b31da3d1f89f\",\"name\":\"Marcelo Lopes\",\"sameAs\":[\"http:\\\/\\\/www.marcelolopes.jor.br\"],\"url\":\"https:\\\/\\\/marcelolopes.jor.br\\\/site\\\/author\\\/marcelo\\\/\"}]}<\/script>\n<!-- \/ Yoast SEO plugin. -->","yoast_head_json":{"title":"Justi\u00e7a une processos contra o Hospital de Cataguases | Marcelo Lopes","description":"Justi\u00e7a une processos contra o Hospital de Cataguases. A\u00e7\u00e3o do MPMG vai se juntar a outra por se tratar do mesmo assunto.","robots":{"index":"index","follow":"follow","max-snippet":"max-snippet:-1","max-image-preview":"max-image-preview:large","max-video-preview":"max-video-preview:-1"},"canonical":"https:\/\/marcelolopes.jor.br\/site\/2025\/12\/05\/justica-une-processos-contra-o-hospital-de-cataguases\/","og_locale":"pt_BR","og_type":"article","og_title":"Justi\u00e7a une processos contra o Hospital de Cataguases | Marcelo Lopes","og_description":"Justi\u00e7a une processos contra o Hospital de Cataguases. A\u00e7\u00e3o do MPMG vai se juntar a outra por se tratar do mesmo assunto.","og_url":"https:\/\/marcelolopes.jor.br\/site\/2025\/12\/05\/justica-une-processos-contra-o-hospital-de-cataguases\/","og_site_name":"Marcelo Lopes","article_publisher":"https:\/\/www.facebook.com\/sitedomarcelolopes","article_published_time":"2025-12-05T15:00:04+00:00","article_modified_time":"2025-12-05T16:57:41+00:00","og_image":[{"width":800,"height":600,"url":"https:\/\/marcelolopes.jor.br\/site\/wp-content\/uploads\/2025\/12\/Fachada-Forum-lateral.jpg","type":"image\/jpeg"}],"author":"Marcelo Lopes","twitter_card":"summary_large_image","twitter_misc":{"Escrito por":"Marcelo Lopes","Est. tempo de leitura":"2 minutos"},"schema":{"@context":"https:\/\/schema.org","@graph":[{"@type":"NewsArticle","@id":"https:\/\/marcelolopes.jor.br\/site\/2025\/12\/05\/justica-une-processos-contra-o-hospital-de-cataguases\/#article","isPartOf":{"@id":"https:\/\/marcelolopes.jor.br\/site\/2025\/12\/05\/justica-une-processos-contra-o-hospital-de-cataguases\/"},"author":{"name":"Marcelo Lopes","@id":"https:\/\/marcelolopes.jor.br\/site\/#\/schema\/person\/3e7216a35c34d8fdf952b31da3d1f89f"},"headline":"Justi\u00e7a une processos contra o Hospital de Cataguases","datePublished":"2025-12-05T15:00:04+00:00","dateModified":"2025-12-05T16:57:41+00:00","mainEntityOfPage":{"@id":"https:\/\/marcelolopes.jor.br\/site\/2025\/12\/05\/justica-une-processos-contra-o-hospital-de-cataguases\/"},"wordCount":482,"commentCount":0,"publisher":{"@id":"https:\/\/marcelolopes.jor.br\/site\/#organization"},"image":{"@id":"https:\/\/marcelolopes.jor.br\/site\/2025\/12\/05\/justica-une-processos-contra-o-hospital-de-cataguases\/#primaryimage"},"thumbnailUrl":"https:\/\/marcelolopes.jor.br\/site\/wp-content\/uploads\/2025\/12\/Fachada-Forum-lateral.jpg","articleSection":["Not\u00edcias"],"inLanguage":"pt-BR","potentialAction":[{"@type":"CommentAction","name":"Comment","target":["https:\/\/marcelolopes.jor.br\/site\/2025\/12\/05\/justica-une-processos-contra-o-hospital-de-cataguases\/#respond"]}]},{"@type":"WebPage","@id":"https:\/\/marcelolopes.jor.br\/site\/2025\/12\/05\/justica-une-processos-contra-o-hospital-de-cataguases\/","url":"https:\/\/marcelolopes.jor.br\/site\/2025\/12\/05\/justica-une-processos-contra-o-hospital-de-cataguases\/","name":"Justi\u00e7a une processos contra o Hospital de Cataguases | Marcelo Lopes","isPartOf":{"@id":"https:\/\/marcelolopes.jor.br\/site\/#website"},"primaryImageOfPage":{"@id":"https:\/\/marcelolopes.jor.br\/site\/2025\/12\/05\/justica-une-processos-contra-o-hospital-de-cataguases\/#primaryimage"},"image":{"@id":"https:\/\/marcelolopes.jor.br\/site\/2025\/12\/05\/justica-une-processos-contra-o-hospital-de-cataguases\/#primaryimage"},"thumbnailUrl":"https:\/\/marcelolopes.jor.br\/site\/wp-content\/uploads\/2025\/12\/Fachada-Forum-lateral.jpg","datePublished":"2025-12-05T15:00:04+00:00","dateModified":"2025-12-05T16:57:41+00:00","description":"Justi\u00e7a une processos contra o Hospital de Cataguases. A\u00e7\u00e3o do MPMG vai se juntar a outra por se tratar do mesmo assunto.","breadcrumb":{"@id":"https:\/\/marcelolopes.jor.br\/site\/2025\/12\/05\/justica-une-processos-contra-o-hospital-de-cataguases\/#breadcrumb"},"inLanguage":"pt-BR","potentialAction":[{"@type":"ReadAction","target":["https:\/\/marcelolopes.jor.br\/site\/2025\/12\/05\/justica-une-processos-contra-o-hospital-de-cataguases\/"]}]},{"@type":"ImageObject","inLanguage":"pt-BR","@id":"https:\/\/marcelolopes.jor.br\/site\/2025\/12\/05\/justica-une-processos-contra-o-hospital-de-cataguases\/#primaryimage","url":"https:\/\/marcelolopes.jor.br\/site\/wp-content\/uploads\/2025\/12\/Fachada-Forum-lateral.jpg","contentUrl":"https:\/\/marcelolopes.jor.br\/site\/wp-content\/uploads\/2025\/12\/Fachada-Forum-lateral.jpg","width":800,"height":600,"caption":"Justi\u00e7a nega liminar contra"},{"@type":"BreadcrumbList","@id":"https:\/\/marcelolopes.jor.br\/site\/2025\/12\/05\/justica-une-processos-contra-o-hospital-de-cataguases\/#breadcrumb","itemListElement":[{"@type":"ListItem","position":1,"name":"Home","item":"https:\/\/marcelolopes.jor.br\/site\/"},{"@type":"ListItem","position":2,"name":"Justi\u00e7a une processos contra o Hospital de Cataguases"}]},{"@type":"WebSite","@id":"https:\/\/marcelolopes.jor.br\/site\/#website","url":"https:\/\/marcelolopes.jor.br\/site\/","name":"Marcelo Lopes","description":"Not\u00edcias de Cataguases e Regi\u00e3o","publisher":{"@id":"https:\/\/marcelolopes.jor.br\/site\/#organization"},"potentialAction":[{"@type":"SearchAction","target":{"@type":"EntryPoint","urlTemplate":"https:\/\/marcelolopes.jor.br\/site\/?s={search_term_string}"},"query-input":{"@type":"PropertyValueSpecification","valueRequired":true,"valueName":"search_term_string"}}],"inLanguage":"pt-BR"},{"@type":"Organization","@id":"https:\/\/marcelolopes.jor.br\/site\/#organization","name":"Site do Marcelo Lopes","url":"https:\/\/marcelolopes.jor.br\/site\/","logo":{"@type":"ImageObject","inLanguage":"pt-BR","@id":"https:\/\/marcelolopes.jor.br\/site\/#\/schema\/logo\/image\/","url":"https:\/\/marcelolopes.jor.br\/site\/wp-content\/uploads\/2024\/11\/logo-1.png","contentUrl":"https:\/\/marcelolopes.jor.br\/site\/wp-content\/uploads\/2024\/11\/logo-1.png","width":475,"height":80,"caption":"Site do Marcelo Lopes"},"image":{"@id":"https:\/\/marcelolopes.jor.br\/site\/#\/schema\/logo\/image\/"},"sameAs":["https:\/\/www.facebook.com\/sitedomarcelolopes","https:\/\/www.instagram.com\/sitedomarcelolopes\/","https:\/\/www.linkedin.com\/company\/site-do-marcelo-lopes\/","https:\/\/www.youtube.com\/user\/marcelolopes957"]},{"@type":"Person","@id":"https:\/\/marcelolopes.jor.br\/site\/#\/schema\/person\/3e7216a35c34d8fdf952b31da3d1f89f","name":"Marcelo Lopes","sameAs":["http:\/\/www.marcelolopes.jor.br"],"url":"https:\/\/marcelolopes.jor.br\/site\/author\/marcelo\/"}]}},"wps_subtitle":"A\u00e7\u00e3o do MPMG vai se juntar a outra por se tratar do mesmo assunto.","_links":{"self":[{"href":"https:\/\/marcelolopes.jor.br\/site\/wp-json\/wp\/v2\/posts\/62401","targetHints":{"allow":["GET"]}}],"collection":[{"href":"https:\/\/marcelolopes.jor.br\/site\/wp-json\/wp\/v2\/posts"}],"about":[{"href":"https:\/\/marcelolopes.jor.br\/site\/wp-json\/wp\/v2\/types\/post"}],"author":[{"embeddable":true,"href":"https:\/\/marcelolopes.jor.br\/site\/wp-json\/wp\/v2\/users\/2"}],"replies":[{"embeddable":true,"href":"https:\/\/marcelolopes.jor.br\/site\/wp-json\/wp\/v2\/comments?post=62401"}],"version-history":[{"count":0,"href":"https:\/\/marcelolopes.jor.br\/site\/wp-json\/wp\/v2\/posts\/62401\/revisions"}],"wp:featuredmedia":[{"embeddable":true,"href":"https:\/\/marcelolopes.jor.br\/site\/wp-json\/wp\/v2\/media\/62403"}],"wp:attachment":[{"href":"https:\/\/marcelolopes.jor.br\/site\/wp-json\/wp\/v2\/media?parent=62401"}],"wp:term":[{"taxonomy":"category","embeddable":true,"href":"https:\/\/marcelolopes.jor.br\/site\/wp-json\/wp\/v2\/categories?post=62401"},{"taxonomy":"post_tag","embeddable":true,"href":"https:\/\/marcelolopes.jor.br\/site\/wp-json\/wp\/v2\/tags?post=62401"}],"curies":[{"name":"wp","href":"https:\/\/api.w.org\/{rel}","templated":true}]}}