{"id":6240,"date":"2019-09-25T07:00:44","date_gmt":"2019-09-25T10:00:44","guid":{"rendered":"https:\/\/marcelolopes.jor.br\/?p=6240"},"modified":"2019-09-24T17:48:45","modified_gmt":"2019-09-24T20:48:45","slug":"estacionamento-zona-azul-e-aprovado-em-leopoldina-por-10-anos","status":"publish","type":"post","link":"https:\/\/marcelolopes.jor.br\/site\/2019\/09\/25\/estacionamento-zona-azul-e-aprovado-em-leopoldina-por-10-anos\/","title":{"rendered":"Estacionamento &#8220;Zona Azul&#8221; \u00e9 aprovado em Leopoldina por 10 anos"},"content":{"rendered":"<p style=\"text-align: justify;\">A C\u00e2mara Municipal de Leopoldina aprovou projeto de lei estabelecendo as diretrizes para o estacionamento rotativo pago nas vias urbanas daquele munic\u00edpio. De autoria do Executivo, o Projeto de Lei Complementar n\u00ba 04\/2019 denominou de \u201cZona Azul\u201d o sistema de estacionamento rotativo pago, o qual ser\u00e1 explorado e operado por meio de concess\u00e3o, pelo prazo de 10 anos, podendo ser renovado de acordo com o interesse p\u00fablico.<!--more--><\/p>\n<p style=\"text-align: justify;\">A proposta normativa n\u00e3o determinou as vias e logradouros p\u00fablicos que receber\u00e3o o sistema rotativo e nem os hor\u00e1rios de funcionamento, deixando a cargo do Executivo definir atrav\u00e9s de decreto e no ato convocat\u00f3rio de concess\u00e3o.<\/p>\n<p style=\"text-align: justify;\">Em seu artigo 4\u00ba, o projeto definiu que o estacionamento rotativo ser\u00e1 permitido mediante o pagamento de tarifa m\u00ednima de R$2,00 (dois reais), correspondente ao per\u00edodo de 1(uma) hora. A perman\u00eancia do condutor ou passageiro no interior do ve\u00edculo n\u00e3o desobriga o pagamento do encargo. As motocicletas e motonetas ficar\u00e3o sujeitas ao pagamento de tarifa diferenciada, correspondendo a 50% do valor cobrado para autom\u00f3veis.<\/p>\n<p style=\"text-align: justify;\">De acordo com o projeto, a empresa vencedora da licita\u00e7\u00e3o ser\u00e1 respons\u00e1vel por toda a divulga\u00e7\u00e3o e orienta\u00e7\u00e3o aos usu\u00e1rios quanto ao procedimento de utiliza\u00e7\u00e3o do estacionamento rotativo. Caber\u00e1 \u00e0 concession\u00e1ria tamb\u00e9m estabelecer vagas especiais destinadas \u00e0s pessoas com defici\u00eancia e aos idosos, em conformidade com legisla\u00e7\u00f5es vigentes.<\/p>\n<p style=\"text-align: justify;\">Ap\u00f3s as discuss\u00f5es regimentais, o Projeto de Lei Complementar n\u00ba 04\/2019 foi aprovado por unanimidade em regime de urg\u00eancia na sess\u00e3o ordin\u00e1ria do dia 17 de setembro.<\/p>\n<p style=\"text-align: justify;\"><em>Fonte: C\u00e2mara Municipal de Leopoldina &#8211; Arnaldo Sp\u00edndola | Foto: O Vigilante Online<\/em><\/p>\n<div class=\"wakpz69f78474b0011\" ><br><\/div><style type=\"text\/css\">\r\n@media screen and (min-width: 1201px) {\r\n.wakpz69f78474b0011 {\r\ndisplay: block;\r\n}\r\n}\r\n@media screen and (min-width: 993px) and (max-width: 1200px) {\r\n.wakpz69f78474b0011 {\r\ndisplay: block;\r\n}\r\n}\r\n@media screen and (min-width: 769px) and (max-width: 992px) {\r\n.wakpz69f78474b0011 {\r\ndisplay: block;\r\n}\r\n}\r\n@media screen and (min-width: 768px) and (max-width: 768px) {\r\n.wakpz69f78474b0011 {\r\ndisplay: block;\r\n}\r\n}\r\n@media screen and (max-width: 767px) {\r\n.wakpz69f78474b0011 {\r\ndisplay: block;\r\n}\r\n}\r\n<\/style>\r\n<div class=\"kbxsg69f78474b601f\" ><div id=\"div_destino\"><\/div>\r\n<script src=\"https:\/\/cdn.snsrsv.com\/sdk.js\"><\/script>\r\n<script >\r\n      new sdk(\"464030C30061EA8BE065000000000001\") \r\n          .appendTo(\"div_destino\")\r\n          .disableStyle(true) \r\n          .setCacheBusterMacro(\"%%CACHEBUSTER%%\")\r\n          .setSize(\"800\",\"214\")\r\n          .setClickMacro(\"%%CLICK_URL_ESC%%\") \r\n          .setReferrerUrlMacro(\"%%REFERRER_URL_ESC%%\") \r\n          .start(); \r\n<\/script><\/div><style type=\"text\/css\">\r\n@media screen and (min-width: 1201px) {\r\n.kbxsg69f78474b601f {\r\ndisplay: block;\r\n}\r\n}\r\n@media screen and (min-width: 993px) and (max-width: 1200px) {\r\n.kbxsg69f78474b601f {\r\ndisplay: block;\r\n}\r\n}\r\n@media screen and (min-width: 769px) and (max-width: 992px) {\r\n.kbxsg69f78474b601f {\r\ndisplay: block;\r\n}\r\n}\r\n@media screen and (min-width: 768px) and (max-width: 768px) {\r\n.kbxsg69f78474b601f {\r\ndisplay: block;\r\n}\r\n}\r\n@media screen and (max-width: 767px) {\r\n.kbxsg69f78474b601f {\r\ndisplay: block;\r\n}\r\n}\r\n<\/style>\r\n","protected":false},"excerpt":{"rendered":"<p>A C\u00e2mara Municipal de Leopoldina aprovou projeto de lei estabelecendo as diretrizes para o estacionamento rotativo pago nas vias urbanas daquele munic\u00edpio. De autoria do Executivo, o Projeto de Lei Complementar n\u00ba 04\/2019 denominou de \u201cZona Azul\u201d o sistema de<\/p>\n<p class=\"link-more\"><a class=\"more-link\" href=\"https:\/\/marcelolopes.jor.br\/site\/2019\/09\/25\/estacionamento-zona-azul-e-aprovado-em-leopoldina-por-10-anos\/\">Leia mais <span class=\"screen-reader-text\">Estacionamento &#8220;Zona Azul&#8221; \u00e9 aprovado em Leopoldina por 10 anos<\/span><\/a><\/p>\n","protected":false},"author":2,"featured_media":6242,"comment_status":"open","ping_status":"open","sticky":false,"template":"","format":"standard","meta":{"footnotes":""},"categories":[1],"tags":[545,1321,1322,1320],"class_list":["post-6240","post","type-post","status-publish","format-standard","has-post-thumbnail","hentry","category-noticias","tag-estacionamento","tag-estacionamento-rotativo","tag-vias-urbanas","tag-zona-azul","thumb-below-title"],"yoast_head":"<!-- This site is optimized with the Yoast SEO plugin v27.4 - https:\/\/yoast.com\/product\/yoast-seo-wordpress\/ -->\n<title>Estacionamento &quot;Zona Azul&quot; \u00e9 aprovado em Leopoldina por 10 anos | Marcelo Lopes<\/title>\n<meta name=\"robots\" content=\"index, follow, max-snippet:-1, max-image-preview:large, max-video-preview:-1\" \/>\n<link rel=\"canonical\" href=\"https:\/\/marcelolopes.jor.br\/site\/2019\/09\/25\/estacionamento-zona-azul-e-aprovado-em-leopoldina-por-10-anos\/\" \/>\n<meta property=\"og:locale\" content=\"pt_BR\" \/>\n<meta property=\"og:type\" content=\"article\" \/>\n<meta property=\"og:title\" content=\"Estacionamento &quot;Zona Azul&quot; \u00e9 aprovado em Leopoldina por 10 anos | Marcelo Lopes\" \/>\n<meta property=\"og:description\" content=\"A C\u00e2mara Municipal de Leopoldina aprovou projeto de lei estabelecendo as diretrizes para o estacionamento rotativo pago nas vias urbanas daquele munic\u00edpio. De autoria do Executivo, o Projeto de Lei Complementar n\u00ba 04\/2019 denominou de \u201cZona Azul\u201d o sistema deLeia mais Estacionamento &#8220;Zona Azul&#8221; \u00e9 aprovado em Leopoldina por 10 anos\" \/>\n<meta property=\"og:url\" content=\"https:\/\/marcelolopes.jor.br\/site\/2019\/09\/25\/estacionamento-zona-azul-e-aprovado-em-leopoldina-por-10-anos\/\" \/>\n<meta property=\"og:site_name\" content=\"Marcelo Lopes\" \/>\n<meta property=\"article:publisher\" content=\"https:\/\/www.facebook.com\/sitedomarcelolopes\" \/>\n<meta property=\"article:published_time\" content=\"2019-09-25T10:00:44+00:00\" \/>\n<meta property=\"og:image\" content=\"https:\/\/marcelolopes.jor.br\/site\/wp-content\/uploads\/2019\/09\/9cd849e3579448cbb1f3b113ba7db7cf.jpg\" \/>\n\t<meta property=\"og:image:width\" content=\"900\" \/>\n\t<meta property=\"og:image:height\" content=\"500\" \/>\n\t<meta property=\"og:image:type\" content=\"image\/jpeg\" \/>\n<meta name=\"author\" content=\"Marcelo Lopes\" \/>\n<meta name=\"twitter:card\" content=\"summary_large_image\" \/>\n<meta name=\"twitter:label1\" content=\"Escrito por\" \/>\n\t<meta name=\"twitter:data1\" content=\"Marcelo Lopes\" \/>\n\t<meta name=\"twitter:label2\" content=\"Est. tempo de leitura\" \/>\n\t<meta name=\"twitter:data2\" content=\"1 minuto\" \/>\n<script type=\"application\/ld+json\" class=\"yoast-schema-graph\">{\"@context\":\"https:\\\/\\\/schema.org\",\"@graph\":[{\"@type\":\"NewsArticle\",\"@id\":\"https:\\\/\\\/marcelolopes.jor.br\\\/site\\\/2019\\\/09\\\/25\\\/estacionamento-zona-azul-e-aprovado-em-leopoldina-por-10-anos\\\/#article\",\"isPartOf\":{\"@id\":\"https:\\\/\\\/marcelolopes.jor.br\\\/site\\\/2019\\\/09\\\/25\\\/estacionamento-zona-azul-e-aprovado-em-leopoldina-por-10-anos\\\/\"},\"author\":{\"name\":\"Marcelo Lopes\",\"@id\":\"https:\\\/\\\/marcelolopes.jor.br\\\/site\\\/#\\\/schema\\\/person\\\/3e7216a35c34d8fdf952b31da3d1f89f\"},\"headline\":\"Estacionamento &#8220;Zona Azul&#8221; \u00e9 aprovado em Leopoldina por 10 anos\",\"datePublished\":\"2019-09-25T10:00:44+00:00\",\"mainEntityOfPage\":{\"@id\":\"https:\\\/\\\/marcelolopes.jor.br\\\/site\\\/2019\\\/09\\\/25\\\/estacionamento-zona-azul-e-aprovado-em-leopoldina-por-10-anos\\\/\"},\"wordCount\":290,\"commentCount\":0,\"publisher\":{\"@id\":\"https:\\\/\\\/marcelolopes.jor.br\\\/site\\\/#organization\"},\"image\":{\"@id\":\"https:\\\/\\\/marcelolopes.jor.br\\\/site\\\/2019\\\/09\\\/25\\\/estacionamento-zona-azul-e-aprovado-em-leopoldina-por-10-anos\\\/#primaryimage\"},\"thumbnailUrl\":\"https:\\\/\\\/marcelolopes.jor.br\\\/site\\\/wp-content\\\/uploads\\\/2019\\\/09\\\/9cd849e3579448cbb1f3b113ba7db7cf.jpg\",\"keywords\":[\"Estacionamento\",\"Estacionamento Rotativo\",\"vias urbanas\",\"Zona Azul\"],\"articleSection\":[\"Not\u00edcias\"],\"inLanguage\":\"pt-BR\",\"potentialAction\":[{\"@type\":\"CommentAction\",\"name\":\"Comment\",\"target\":[\"https:\\\/\\\/marcelolopes.jor.br\\\/site\\\/2019\\\/09\\\/25\\\/estacionamento-zona-azul-e-aprovado-em-leopoldina-por-10-anos\\\/#respond\"]}]},{\"@type\":\"WebPage\",\"@id\":\"https:\\\/\\\/marcelolopes.jor.br\\\/site\\\/2019\\\/09\\\/25\\\/estacionamento-zona-azul-e-aprovado-em-leopoldina-por-10-anos\\\/\",\"url\":\"https:\\\/\\\/marcelolopes.jor.br\\\/site\\\/2019\\\/09\\\/25\\\/estacionamento-zona-azul-e-aprovado-em-leopoldina-por-10-anos\\\/\",\"name\":\"Estacionamento \\\"Zona Azul\\\" \u00e9 aprovado em Leopoldina por 10 anos | Marcelo Lopes\",\"isPartOf\":{\"@id\":\"https:\\\/\\\/marcelolopes.jor.br\\\/site\\\/#website\"},\"primaryImageOfPage\":{\"@id\":\"https:\\\/\\\/marcelolopes.jor.br\\\/site\\\/2019\\\/09\\\/25\\\/estacionamento-zona-azul-e-aprovado-em-leopoldina-por-10-anos\\\/#primaryimage\"},\"image\":{\"@id\":\"https:\\\/\\\/marcelolopes.jor.br\\\/site\\\/2019\\\/09\\\/25\\\/estacionamento-zona-azul-e-aprovado-em-leopoldina-por-10-anos\\\/#primaryimage\"},\"thumbnailUrl\":\"https:\\\/\\\/marcelolopes.jor.br\\\/site\\\/wp-content\\\/uploads\\\/2019\\\/09\\\/9cd849e3579448cbb1f3b113ba7db7cf.jpg\",\"datePublished\":\"2019-09-25T10:00:44+00:00\",\"breadcrumb\":{\"@id\":\"https:\\\/\\\/marcelolopes.jor.br\\\/site\\\/2019\\\/09\\\/25\\\/estacionamento-zona-azul-e-aprovado-em-leopoldina-por-10-anos\\\/#breadcrumb\"},\"inLanguage\":\"pt-BR\",\"potentialAction\":[{\"@type\":\"ReadAction\",\"target\":[\"https:\\\/\\\/marcelolopes.jor.br\\\/site\\\/2019\\\/09\\\/25\\\/estacionamento-zona-azul-e-aprovado-em-leopoldina-por-10-anos\\\/\"]}]},{\"@type\":\"ImageObject\",\"inLanguage\":\"pt-BR\",\"@id\":\"https:\\\/\\\/marcelolopes.jor.br\\\/site\\\/2019\\\/09\\\/25\\\/estacionamento-zona-azul-e-aprovado-em-leopoldina-por-10-anos\\\/#primaryimage\",\"url\":\"https:\\\/\\\/marcelolopes.jor.br\\\/site\\\/wp-content\\\/uploads\\\/2019\\\/09\\\/9cd849e3579448cbb1f3b113ba7db7cf.jpg\",\"contentUrl\":\"https:\\\/\\\/marcelolopes.jor.br\\\/site\\\/wp-content\\\/uploads\\\/2019\\\/09\\\/9cd849e3579448cbb1f3b113ba7db7cf.jpg\",\"width\":900,\"height\":500},{\"@type\":\"BreadcrumbList\",\"@id\":\"https:\\\/\\\/marcelolopes.jor.br\\\/site\\\/2019\\\/09\\\/25\\\/estacionamento-zona-azul-e-aprovado-em-leopoldina-por-10-anos\\\/#breadcrumb\",\"itemListElement\":[{\"@type\":\"ListItem\",\"position\":1,\"name\":\"Home\",\"item\":\"https:\\\/\\\/marcelolopes.jor.br\\\/site\\\/\"},{\"@type\":\"ListItem\",\"position\":2,\"name\":\"Estacionamento &#8220;Zona Azul&#8221; \u00e9 aprovado em Leopoldina por 10 anos\"}]},{\"@type\":\"WebSite\",\"@id\":\"https:\\\/\\\/marcelolopes.jor.br\\\/site\\\/#website\",\"url\":\"https:\\\/\\\/marcelolopes.jor.br\\\/site\\\/\",\"name\":\"Marcelo Lopes\",\"description\":\"Not\u00edcias de Cataguases e Regi\u00e3o\",\"publisher\":{\"@id\":\"https:\\\/\\\/marcelolopes.jor.br\\\/site\\\/#organization\"},\"potentialAction\":[{\"@type\":\"SearchAction\",\"target\":{\"@type\":\"EntryPoint\",\"urlTemplate\":\"https:\\\/\\\/marcelolopes.jor.br\\\/site\\\/?s={search_term_string}\"},\"query-input\":{\"@type\":\"PropertyValueSpecification\",\"valueRequired\":true,\"valueName\":\"search_term_string\"}}],\"inLanguage\":\"pt-BR\"},{\"@type\":\"Organization\",\"@id\":\"https:\\\/\\\/marcelolopes.jor.br\\\/site\\\/#organization\",\"name\":\"Site do Marcelo Lopes\",\"url\":\"https:\\\/\\\/marcelolopes.jor.br\\\/site\\\/\",\"logo\":{\"@type\":\"ImageObject\",\"inLanguage\":\"pt-BR\",\"@id\":\"https:\\\/\\\/marcelolopes.jor.br\\\/site\\\/#\\\/schema\\\/logo\\\/image\\\/\",\"url\":\"https:\\\/\\\/marcelolopes.jor.br\\\/site\\\/wp-content\\\/uploads\\\/2024\\\/11\\\/logo-1.png\",\"contentUrl\":\"https:\\\/\\\/marcelolopes.jor.br\\\/site\\\/wp-content\\\/uploads\\\/2024\\\/11\\\/logo-1.png\",\"width\":475,\"height\":80,\"caption\":\"Site do Marcelo Lopes\"},\"image\":{\"@id\":\"https:\\\/\\\/marcelolopes.jor.br\\\/site\\\/#\\\/schema\\\/logo\\\/image\\\/\"},\"sameAs\":[\"https:\\\/\\\/www.facebook.com\\\/sitedomarcelolopes\",\"https:\\\/\\\/www.instagram.com\\\/sitedomarcelolopes\\\/\",\"https:\\\/\\\/www.linkedin.com\\\/company\\\/site-do-marcelo-lopes\\\/\",\"https:\\\/\\\/www.youtube.com\\\/user\\\/marcelolopes957\"]},{\"@type\":\"Person\",\"@id\":\"https:\\\/\\\/marcelolopes.jor.br\\\/site\\\/#\\\/schema\\\/person\\\/3e7216a35c34d8fdf952b31da3d1f89f\",\"name\":\"Marcelo Lopes\",\"sameAs\":[\"http:\\\/\\\/www.marcelolopes.jor.br\"],\"url\":\"https:\\\/\\\/marcelolopes.jor.br\\\/site\\\/author\\\/marcelo\\\/\"}]}<\/script>\n<!-- \/ Yoast SEO plugin. -->","yoast_head_json":{"title":"Estacionamento \"Zona Azul\" \u00e9 aprovado em Leopoldina por 10 anos | Marcelo Lopes","robots":{"index":"index","follow":"follow","max-snippet":"max-snippet:-1","max-image-preview":"max-image-preview:large","max-video-preview":"max-video-preview:-1"},"canonical":"https:\/\/marcelolopes.jor.br\/site\/2019\/09\/25\/estacionamento-zona-azul-e-aprovado-em-leopoldina-por-10-anos\/","og_locale":"pt_BR","og_type":"article","og_title":"Estacionamento \"Zona Azul\" \u00e9 aprovado em Leopoldina por 10 anos | Marcelo Lopes","og_description":"A C\u00e2mara Municipal de Leopoldina aprovou projeto de lei estabelecendo as diretrizes para o estacionamento rotativo pago nas vias urbanas daquele munic\u00edpio. De autoria do Executivo, o Projeto de Lei Complementar n\u00ba 04\/2019 denominou de \u201cZona Azul\u201d o sistema deLeia mais Estacionamento &#8220;Zona Azul&#8221; \u00e9 aprovado em Leopoldina por 10 anos","og_url":"https:\/\/marcelolopes.jor.br\/site\/2019\/09\/25\/estacionamento-zona-azul-e-aprovado-em-leopoldina-por-10-anos\/","og_site_name":"Marcelo Lopes","article_publisher":"https:\/\/www.facebook.com\/sitedomarcelolopes","article_published_time":"2019-09-25T10:00:44+00:00","og_image":[{"width":900,"height":500,"url":"https:\/\/marcelolopes.jor.br\/site\/wp-content\/uploads\/2019\/09\/9cd849e3579448cbb1f3b113ba7db7cf.jpg","type":"image\/jpeg"}],"author":"Marcelo Lopes","twitter_card":"summary_large_image","twitter_misc":{"Escrito por":"Marcelo Lopes","Est. tempo de leitura":"1 minuto"},"schema":{"@context":"https:\/\/schema.org","@graph":[{"@type":"NewsArticle","@id":"https:\/\/marcelolopes.jor.br\/site\/2019\/09\/25\/estacionamento-zona-azul-e-aprovado-em-leopoldina-por-10-anos\/#article","isPartOf":{"@id":"https:\/\/marcelolopes.jor.br\/site\/2019\/09\/25\/estacionamento-zona-azul-e-aprovado-em-leopoldina-por-10-anos\/"},"author":{"name":"Marcelo Lopes","@id":"https:\/\/marcelolopes.jor.br\/site\/#\/schema\/person\/3e7216a35c34d8fdf952b31da3d1f89f"},"headline":"Estacionamento &#8220;Zona Azul&#8221; \u00e9 aprovado em Leopoldina por 10 anos","datePublished":"2019-09-25T10:00:44+00:00","mainEntityOfPage":{"@id":"https:\/\/marcelolopes.jor.br\/site\/2019\/09\/25\/estacionamento-zona-azul-e-aprovado-em-leopoldina-por-10-anos\/"},"wordCount":290,"commentCount":0,"publisher":{"@id":"https:\/\/marcelolopes.jor.br\/site\/#organization"},"image":{"@id":"https:\/\/marcelolopes.jor.br\/site\/2019\/09\/25\/estacionamento-zona-azul-e-aprovado-em-leopoldina-por-10-anos\/#primaryimage"},"thumbnailUrl":"https:\/\/marcelolopes.jor.br\/site\/wp-content\/uploads\/2019\/09\/9cd849e3579448cbb1f3b113ba7db7cf.jpg","keywords":["Estacionamento","Estacionamento Rotativo","vias urbanas","Zona Azul"],"articleSection":["Not\u00edcias"],"inLanguage":"pt-BR","potentialAction":[{"@type":"CommentAction","name":"Comment","target":["https:\/\/marcelolopes.jor.br\/site\/2019\/09\/25\/estacionamento-zona-azul-e-aprovado-em-leopoldina-por-10-anos\/#respond"]}]},{"@type":"WebPage","@id":"https:\/\/marcelolopes.jor.br\/site\/2019\/09\/25\/estacionamento-zona-azul-e-aprovado-em-leopoldina-por-10-anos\/","url":"https:\/\/marcelolopes.jor.br\/site\/2019\/09\/25\/estacionamento-zona-azul-e-aprovado-em-leopoldina-por-10-anos\/","name":"Estacionamento \"Zona Azul\" \u00e9 aprovado em Leopoldina por 10 anos | Marcelo Lopes","isPartOf":{"@id":"https:\/\/marcelolopes.jor.br\/site\/#website"},"primaryImageOfPage":{"@id":"https:\/\/marcelolopes.jor.br\/site\/2019\/09\/25\/estacionamento-zona-azul-e-aprovado-em-leopoldina-por-10-anos\/#primaryimage"},"image":{"@id":"https:\/\/marcelolopes.jor.br\/site\/2019\/09\/25\/estacionamento-zona-azul-e-aprovado-em-leopoldina-por-10-anos\/#primaryimage"},"thumbnailUrl":"https:\/\/marcelolopes.jor.br\/site\/wp-content\/uploads\/2019\/09\/9cd849e3579448cbb1f3b113ba7db7cf.jpg","datePublished":"2019-09-25T10:00:44+00:00","breadcrumb":{"@id":"https:\/\/marcelolopes.jor.br\/site\/2019\/09\/25\/estacionamento-zona-azul-e-aprovado-em-leopoldina-por-10-anos\/#breadcrumb"},"inLanguage":"pt-BR","potentialAction":[{"@type":"ReadAction","target":["https:\/\/marcelolopes.jor.br\/site\/2019\/09\/25\/estacionamento-zona-azul-e-aprovado-em-leopoldina-por-10-anos\/"]}]},{"@type":"ImageObject","inLanguage":"pt-BR","@id":"https:\/\/marcelolopes.jor.br\/site\/2019\/09\/25\/estacionamento-zona-azul-e-aprovado-em-leopoldina-por-10-anos\/#primaryimage","url":"https:\/\/marcelolopes.jor.br\/site\/wp-content\/uploads\/2019\/09\/9cd849e3579448cbb1f3b113ba7db7cf.jpg","contentUrl":"https:\/\/marcelolopes.jor.br\/site\/wp-content\/uploads\/2019\/09\/9cd849e3579448cbb1f3b113ba7db7cf.jpg","width":900,"height":500},{"@type":"BreadcrumbList","@id":"https:\/\/marcelolopes.jor.br\/site\/2019\/09\/25\/estacionamento-zona-azul-e-aprovado-em-leopoldina-por-10-anos\/#breadcrumb","itemListElement":[{"@type":"ListItem","position":1,"name":"Home","item":"https:\/\/marcelolopes.jor.br\/site\/"},{"@type":"ListItem","position":2,"name":"Estacionamento &#8220;Zona Azul&#8221; \u00e9 aprovado em Leopoldina por 10 anos"}]},{"@type":"WebSite","@id":"https:\/\/marcelolopes.jor.br\/site\/#website","url":"https:\/\/marcelolopes.jor.br\/site\/","name":"Marcelo Lopes","description":"Not\u00edcias de Cataguases e Regi\u00e3o","publisher":{"@id":"https:\/\/marcelolopes.jor.br\/site\/#organization"},"potentialAction":[{"@type":"SearchAction","target":{"@type":"EntryPoint","urlTemplate":"https:\/\/marcelolopes.jor.br\/site\/?s={search_term_string}"},"query-input":{"@type":"PropertyValueSpecification","valueRequired":true,"valueName":"search_term_string"}}],"inLanguage":"pt-BR"},{"@type":"Organization","@id":"https:\/\/marcelolopes.jor.br\/site\/#organization","name":"Site do Marcelo Lopes","url":"https:\/\/marcelolopes.jor.br\/site\/","logo":{"@type":"ImageObject","inLanguage":"pt-BR","@id":"https:\/\/marcelolopes.jor.br\/site\/#\/schema\/logo\/image\/","url":"https:\/\/marcelolopes.jor.br\/site\/wp-content\/uploads\/2024\/11\/logo-1.png","contentUrl":"https:\/\/marcelolopes.jor.br\/site\/wp-content\/uploads\/2024\/11\/logo-1.png","width":475,"height":80,"caption":"Site do Marcelo Lopes"},"image":{"@id":"https:\/\/marcelolopes.jor.br\/site\/#\/schema\/logo\/image\/"},"sameAs":["https:\/\/www.facebook.com\/sitedomarcelolopes","https:\/\/www.instagram.com\/sitedomarcelolopes\/","https:\/\/www.linkedin.com\/company\/site-do-marcelo-lopes\/","https:\/\/www.youtube.com\/user\/marcelolopes957"]},{"@type":"Person","@id":"https:\/\/marcelolopes.jor.br\/site\/#\/schema\/person\/3e7216a35c34d8fdf952b31da3d1f89f","name":"Marcelo Lopes","sameAs":["http:\/\/www.marcelolopes.jor.br"],"url":"https:\/\/marcelolopes.jor.br\/site\/author\/marcelo\/"}]}},"wps_subtitle":"Projeto foi aprovado pela C\u00e2mara Municipal. Tarifa m\u00ednima ser\u00e1 R$2,00 por hora para carros.","_links":{"self":[{"href":"https:\/\/marcelolopes.jor.br\/site\/wp-json\/wp\/v2\/posts\/6240","targetHints":{"allow":["GET"]}}],"collection":[{"href":"https:\/\/marcelolopes.jor.br\/site\/wp-json\/wp\/v2\/posts"}],"about":[{"href":"https:\/\/marcelolopes.jor.br\/site\/wp-json\/wp\/v2\/types\/post"}],"author":[{"embeddable":true,"href":"https:\/\/marcelolopes.jor.br\/site\/wp-json\/wp\/v2\/users\/2"}],"replies":[{"embeddable":true,"href":"https:\/\/marcelolopes.jor.br\/site\/wp-json\/wp\/v2\/comments?post=6240"}],"version-history":[{"count":0,"href":"https:\/\/marcelolopes.jor.br\/site\/wp-json\/wp\/v2\/posts\/6240\/revisions"}],"wp:featuredmedia":[{"embeddable":true,"href":"https:\/\/marcelolopes.jor.br\/site\/wp-json\/wp\/v2\/media\/6242"}],"wp:attachment":[{"href":"https:\/\/marcelolopes.jor.br\/site\/wp-json\/wp\/v2\/media?parent=6240"}],"wp:term":[{"taxonomy":"category","embeddable":true,"href":"https:\/\/marcelolopes.jor.br\/site\/wp-json\/wp\/v2\/categories?post=6240"},{"taxonomy":"post_tag","embeddable":true,"href":"https:\/\/marcelolopes.jor.br\/site\/wp-json\/wp\/v2\/tags?post=6240"}],"curies":[{"name":"wp","href":"https:\/\/api.w.org\/{rel}","templated":true}]}}