{"id":62392,"date":"2025-12-04T20:00:01","date_gmt":"2025-12-04T23:00:01","guid":{"rendered":"https:\/\/marcelolopes.jor.br\/?p=62392"},"modified":"2025-12-04T18:14:23","modified_gmt":"2025-12-04T21:14:23","slug":"suspeito-de-roubo-e-preso-pela-policia-civil-em-leopoldina","status":"publish","type":"post","link":"https:\/\/marcelolopes.jor.br\/site\/2025\/12\/04\/suspeito-de-roubo-e-preso-pela-policia-civil-em-leopoldina\/","title":{"rendered":"Suspeito de roubo \u00e9 preso pela Pol\u00edcia Civil em Leopoldina"},"content":{"rendered":"<p>A Pol\u00edcia Civil cumpriu um mandado de pris\u00e3o e outros cinco de busca e apreens\u00e3o nesta quinta-feira, 4 de dezembro, visando a apura\u00e7\u00e3o do roubo a uma casa lot\u00e9rica na Rua Bar\u00e3o de Cotegipe, em Leopoldina, ocorrido em outubro desse ano. Um homem, de 25 anos, foi detido em cumprimento de mandado de pris\u00e3o tempor\u00e1ria.<!--more--><\/p>\n<h4 class=\"p1\"><span class=\"s1\">\ud83d\udcf8\u00a0<span style=\"color: #008000;\">Siga o Site do Marcelo Lopes no<\/span>\u00a0<span style=\"color: #800000;\"><a style=\"color: #800000;\" href=\"https:\/\/www.facebook.com\/sitedomarcelolopes\/\"><strong>Facebook<\/strong><\/a><\/span>\u00a0<span style=\"color: #008000;\">e no<\/span>\u00a0<span style=\"color: #800000;\"><strong><a style=\"color: #800000;\" href=\"https:\/\/www.instagram.com\/sitedomarcelolopes\/\">Instagram<\/a><\/strong><\/span><\/span><\/h4>\n<h4 class=\"p1\">\ud83d\udcf1<span style=\"color: #008000;\">Participe do grupo de<\/span>\u00a0<span style=\"color: #800000;\"><a style=\"color: #800000;\" href=\"https:\/\/chat.whatsapp.com\/BibzcI1ibYSKytbdyzubLA\"><strong>WhatsApp<\/strong><\/a><\/span> <span style=\"color: #008000;\">do Site do Marcelo Lopes<\/span><\/h4>\n<p>Em outro im\u00f3vel alvo das buscas, os policiais efetuaram a pris\u00e3o em flagrante de um segundo homem, de 45 anos. Ele foi detido por porte ilegal de arma de fogo de calibre restrito, ap\u00f3s a localiza\u00e7\u00e3o de um rev\u00f3lver calibre .357 e muni\u00e7\u00f5es.<\/p>\n<p>Os trabalhos da equipe da 3\u00aa Delegacia Regional de Pol\u00edcia Civil em Leopoldina resultaram ainda na apreens\u00e3o de celulares, balan\u00e7a de precis\u00e3o, motocicleta, al\u00e9m de outros objetos relacionados \u00e0 investiga\u00e7\u00e3o em curso.<\/p>\n<blockquote><p>A delegada Gisella Mattos, que coordenou a a\u00e7\u00e3o, destacou a import\u00e2ncia da resposta r\u00e1pida da Pol\u00edcia Civil. \u201cAs pris\u00f5es de hoje s\u00e3o um passo fundamental para a conclus\u00e3o das investiga\u00e7\u00f5es e demonstram o compromisso da institui\u00e7\u00e3o com a seguran\u00e7a da popula\u00e7\u00e3o de Leopoldina\u201d, ressaltou a delegada.<\/p><\/blockquote>\n<p>Os suspeitos foram encaminhados ao sistema prisional e as investiga\u00e7\u00f5es continuam.<\/p>\n<p><strong>OUTRAS NOT\u00cdCIAS<\/strong><br \/>\n<a href=\"https:\/\/marcelolopes.jor.br\/2025\/10\/29\/pm-evita-possivel-feminicidio-e-apreende-pistola-em-leopoldina\/\"><strong><span style=\"color: #800000;\">PM evita poss\u00edvel feminic\u00eddio e apreende pistola em Leopoldina<\/span><\/strong><\/a><\/p>\n<p><a href=\"https:\/\/marcelolopes.jor.br\/2025\/10\/26\/homem-esconde-embaixo-da-cama-mas-acaba-preso-em-leopoldina\/\"><strong><span style=\"color: #800000;\">Homem esconde embaixo da cama, mas acaba preso em Leopoldina<\/span><\/strong><\/a><\/p>\n<p>Fonte e fotos: Ascom &#8211; PCMG<\/p>\n<div class=\"ibkwp69f7648dcc4c3\" ><br><\/div><style type=\"text\/css\">\r\n@media screen and (min-width: 1201px) {\r\n.ibkwp69f7648dcc4c3 {\r\ndisplay: block;\r\n}\r\n}\r\n@media screen and (min-width: 993px) and (max-width: 1200px) {\r\n.ibkwp69f7648dcc4c3 {\r\ndisplay: block;\r\n}\r\n}\r\n@media screen and (min-width: 769px) and (max-width: 992px) {\r\n.ibkwp69f7648dcc4c3 {\r\ndisplay: block;\r\n}\r\n}\r\n@media screen and (min-width: 768px) and (max-width: 768px) {\r\n.ibkwp69f7648dcc4c3 {\r\ndisplay: block;\r\n}\r\n}\r\n@media screen and (max-width: 767px) {\r\n.ibkwp69f7648dcc4c3 {\r\ndisplay: block;\r\n}\r\n}\r\n<\/style>\r\n<div class=\"zoxvn69f7648dd1558\" ><div id=\"div_destino\"><\/div>\r\n<script src=\"https:\/\/cdn.snsrsv.com\/sdk.js\"><\/script>\r\n<script >\r\n      new sdk(\"464030C30061EA8BE065000000000001\") \r\n          .appendTo(\"div_destino\")\r\n          .disableStyle(true) \r\n          .setCacheBusterMacro(\"%%CACHEBUSTER%%\")\r\n          .setSize(\"800\",\"214\")\r\n          .setClickMacro(\"%%CLICK_URL_ESC%%\") \r\n          .setReferrerUrlMacro(\"%%REFERRER_URL_ESC%%\") \r\n          .start(); \r\n<\/script><\/div><style type=\"text\/css\">\r\n@media screen and (min-width: 1201px) {\r\n.zoxvn69f7648dd1558 {\r\ndisplay: block;\r\n}\r\n}\r\n@media screen and (min-width: 993px) and (max-width: 1200px) {\r\n.zoxvn69f7648dd1558 {\r\ndisplay: block;\r\n}\r\n}\r\n@media screen and (min-width: 769px) and (max-width: 992px) {\r\n.zoxvn69f7648dd1558 {\r\ndisplay: block;\r\n}\r\n}\r\n@media screen and (min-width: 768px) and (max-width: 768px) {\r\n.zoxvn69f7648dd1558 {\r\ndisplay: block;\r\n}\r\n}\r\n@media screen and (max-width: 767px) {\r\n.zoxvn69f7648dd1558 {\r\ndisplay: block;\r\n}\r\n}\r\n<\/style>\r\n","protected":false},"excerpt":{"rendered":"<p>A Pol\u00edcia Civil cumpriu um mandado de pris\u00e3o e outros cinco de busca e apreens\u00e3o nesta quinta-feira, 4 de dezembro, visando a apura\u00e7\u00e3o do roubo a uma casa lot\u00e9rica na Rua Bar\u00e3o de Cotegipe, em Leopoldina, ocorrido em outubro desse<\/p>\n<p class=\"link-more\"><a class=\"more-link\" href=\"https:\/\/marcelolopes.jor.br\/site\/2025\/12\/04\/suspeito-de-roubo-e-preso-pela-policia-civil-em-leopoldina\/\">Leia mais <span class=\"screen-reader-text\">Suspeito de roubo \u00e9 preso pela Pol\u00edcia Civil em Leopoldina<\/span><\/a><\/p>\n","protected":false},"author":2,"featured_media":62395,"comment_status":"open","ping_status":"closed","sticky":false,"template":"","format":"standard","meta":{"footnotes":""},"categories":[1],"tags":[],"class_list":["post-62392","post","type-post","status-publish","format-standard","has-post-thumbnail","hentry","category-noticias","thumb-below-title"],"yoast_head":"<!-- This site is optimized with the Yoast SEO plugin v27.4 - https:\/\/yoast.com\/product\/yoast-seo-wordpress\/ -->\n<title>Suspeito de roubo \u00e9 preso pela Pol\u00edcia Civil em Leopoldina | Marcelo Lopes<\/title>\n<meta name=\"description\" content=\"Suspeito de roubo \u00e9 preso pela Pol\u00edcia Civil em Leopoldina. Outro suspeito tamb\u00e9m foi detido por posse ilegal de arma de fogo.\" \/>\n<meta name=\"robots\" content=\"index, follow, max-snippet:-1, max-image-preview:large, max-video-preview:-1\" \/>\n<link rel=\"canonical\" href=\"https:\/\/marcelolopes.jor.br\/site\/2025\/12\/04\/suspeito-de-roubo-e-preso-pela-policia-civil-em-leopoldina\/\" \/>\n<meta property=\"og:locale\" content=\"pt_BR\" \/>\n<meta property=\"og:type\" content=\"article\" \/>\n<meta property=\"og:title\" content=\"Suspeito de roubo \u00e9 preso pela Pol\u00edcia Civil em Leopoldina | Marcelo Lopes\" \/>\n<meta property=\"og:description\" content=\"Suspeito de roubo \u00e9 preso pela Pol\u00edcia Civil em Leopoldina. Outro suspeito tamb\u00e9m foi detido por posse ilegal de arma de fogo.\" \/>\n<meta property=\"og:url\" content=\"https:\/\/marcelolopes.jor.br\/site\/2025\/12\/04\/suspeito-de-roubo-e-preso-pela-policia-civil-em-leopoldina\/\" \/>\n<meta property=\"og:site_name\" content=\"Marcelo Lopes\" \/>\n<meta property=\"article:publisher\" content=\"https:\/\/www.facebook.com\/sitedomarcelolopes\" \/>\n<meta property=\"article:published_time\" content=\"2025-12-04T23:00:01+00:00\" \/>\n<meta property=\"og:image\" content=\"https:\/\/marcelolopes.jor.br\/site\/wp-content\/uploads\/2025\/12\/roubo.jpeg\" \/>\n\t<meta property=\"og:image:width\" content=\"900\" \/>\n\t<meta property=\"og:image:height\" content=\"600\" \/>\n\t<meta property=\"og:image:type\" content=\"image\/jpeg\" \/>\n<meta name=\"author\" content=\"Marcelo Lopes\" \/>\n<meta name=\"twitter:card\" content=\"summary_large_image\" \/>\n<meta name=\"twitter:label1\" content=\"Escrito por\" \/>\n\t<meta name=\"twitter:data1\" content=\"Marcelo Lopes\" \/>\n\t<meta name=\"twitter:label2\" content=\"Est. tempo de leitura\" \/>\n\t<meta name=\"twitter:data2\" content=\"1 minuto\" \/>\n<script type=\"application\/ld+json\" class=\"yoast-schema-graph\">{\"@context\":\"https:\\\/\\\/schema.org\",\"@graph\":[{\"@type\":\"NewsArticle\",\"@id\":\"https:\\\/\\\/marcelolopes.jor.br\\\/site\\\/2025\\\/12\\\/04\\\/suspeito-de-roubo-e-preso-pela-policia-civil-em-leopoldina\\\/#article\",\"isPartOf\":{\"@id\":\"https:\\\/\\\/marcelolopes.jor.br\\\/site\\\/2025\\\/12\\\/04\\\/suspeito-de-roubo-e-preso-pela-policia-civil-em-leopoldina\\\/\"},\"author\":{\"name\":\"Marcelo Lopes\",\"@id\":\"https:\\\/\\\/marcelolopes.jor.br\\\/site\\\/#\\\/schema\\\/person\\\/3e7216a35c34d8fdf952b31da3d1f89f\"},\"headline\":\"Suspeito de roubo \u00e9 preso pela Pol\u00edcia Civil em Leopoldina\",\"datePublished\":\"2025-12-04T23:00:01+00:00\",\"mainEntityOfPage\":{\"@id\":\"https:\\\/\\\/marcelolopes.jor.br\\\/site\\\/2025\\\/12\\\/04\\\/suspeito-de-roubo-e-preso-pela-policia-civil-em-leopoldina\\\/\"},\"wordCount\":274,\"commentCount\":0,\"publisher\":{\"@id\":\"https:\\\/\\\/marcelolopes.jor.br\\\/site\\\/#organization\"},\"image\":{\"@id\":\"https:\\\/\\\/marcelolopes.jor.br\\\/site\\\/2025\\\/12\\\/04\\\/suspeito-de-roubo-e-preso-pela-policia-civil-em-leopoldina\\\/#primaryimage\"},\"thumbnailUrl\":\"https:\\\/\\\/marcelolopes.jor.br\\\/site\\\/wp-content\\\/uploads\\\/2025\\\/12\\\/roubo.jpeg\",\"articleSection\":[\"Not\u00edcias\"],\"inLanguage\":\"pt-BR\",\"potentialAction\":[{\"@type\":\"CommentAction\",\"name\":\"Comment\",\"target\":[\"https:\\\/\\\/marcelolopes.jor.br\\\/site\\\/2025\\\/12\\\/04\\\/suspeito-de-roubo-e-preso-pela-policia-civil-em-leopoldina\\\/#respond\"]}]},{\"@type\":\"WebPage\",\"@id\":\"https:\\\/\\\/marcelolopes.jor.br\\\/site\\\/2025\\\/12\\\/04\\\/suspeito-de-roubo-e-preso-pela-policia-civil-em-leopoldina\\\/\",\"url\":\"https:\\\/\\\/marcelolopes.jor.br\\\/site\\\/2025\\\/12\\\/04\\\/suspeito-de-roubo-e-preso-pela-policia-civil-em-leopoldina\\\/\",\"name\":\"Suspeito de roubo \u00e9 preso pela Pol\u00edcia Civil em Leopoldina | Marcelo Lopes\",\"isPartOf\":{\"@id\":\"https:\\\/\\\/marcelolopes.jor.br\\\/site\\\/#website\"},\"primaryImageOfPage\":{\"@id\":\"https:\\\/\\\/marcelolopes.jor.br\\\/site\\\/2025\\\/12\\\/04\\\/suspeito-de-roubo-e-preso-pela-policia-civil-em-leopoldina\\\/#primaryimage\"},\"image\":{\"@id\":\"https:\\\/\\\/marcelolopes.jor.br\\\/site\\\/2025\\\/12\\\/04\\\/suspeito-de-roubo-e-preso-pela-policia-civil-em-leopoldina\\\/#primaryimage\"},\"thumbnailUrl\":\"https:\\\/\\\/marcelolopes.jor.br\\\/site\\\/wp-content\\\/uploads\\\/2025\\\/12\\\/roubo.jpeg\",\"datePublished\":\"2025-12-04T23:00:01+00:00\",\"description\":\"Suspeito de roubo \u00e9 preso pela Pol\u00edcia Civil em Leopoldina. Outro suspeito tamb\u00e9m foi detido por posse ilegal de arma de fogo.\",\"breadcrumb\":{\"@id\":\"https:\\\/\\\/marcelolopes.jor.br\\\/site\\\/2025\\\/12\\\/04\\\/suspeito-de-roubo-e-preso-pela-policia-civil-em-leopoldina\\\/#breadcrumb\"},\"inLanguage\":\"pt-BR\",\"potentialAction\":[{\"@type\":\"ReadAction\",\"target\":[\"https:\\\/\\\/marcelolopes.jor.br\\\/site\\\/2025\\\/12\\\/04\\\/suspeito-de-roubo-e-preso-pela-policia-civil-em-leopoldina\\\/\"]}]},{\"@type\":\"ImageObject\",\"inLanguage\":\"pt-BR\",\"@id\":\"https:\\\/\\\/marcelolopes.jor.br\\\/site\\\/2025\\\/12\\\/04\\\/suspeito-de-roubo-e-preso-pela-policia-civil-em-leopoldina\\\/#primaryimage\",\"url\":\"https:\\\/\\\/marcelolopes.jor.br\\\/site\\\/wp-content\\\/uploads\\\/2025\\\/12\\\/roubo.jpeg\",\"contentUrl\":\"https:\\\/\\\/marcelolopes.jor.br\\\/site\\\/wp-content\\\/uploads\\\/2025\\\/12\\\/roubo.jpeg\",\"width\":900,\"height\":600,\"caption\":\"Suspeito de roubo \u00e9\"},{\"@type\":\"BreadcrumbList\",\"@id\":\"https:\\\/\\\/marcelolopes.jor.br\\\/site\\\/2025\\\/12\\\/04\\\/suspeito-de-roubo-e-preso-pela-policia-civil-em-leopoldina\\\/#breadcrumb\",\"itemListElement\":[{\"@type\":\"ListItem\",\"position\":1,\"name\":\"Home\",\"item\":\"https:\\\/\\\/marcelolopes.jor.br\\\/site\\\/\"},{\"@type\":\"ListItem\",\"position\":2,\"name\":\"Suspeito de roubo \u00e9 preso pela Pol\u00edcia Civil em Leopoldina\"}]},{\"@type\":\"WebSite\",\"@id\":\"https:\\\/\\\/marcelolopes.jor.br\\\/site\\\/#website\",\"url\":\"https:\\\/\\\/marcelolopes.jor.br\\\/site\\\/\",\"name\":\"Marcelo Lopes\",\"description\":\"Not\u00edcias de Cataguases e Regi\u00e3o\",\"publisher\":{\"@id\":\"https:\\\/\\\/marcelolopes.jor.br\\\/site\\\/#organization\"},\"potentialAction\":[{\"@type\":\"SearchAction\",\"target\":{\"@type\":\"EntryPoint\",\"urlTemplate\":\"https:\\\/\\\/marcelolopes.jor.br\\\/site\\\/?s={search_term_string}\"},\"query-input\":{\"@type\":\"PropertyValueSpecification\",\"valueRequired\":true,\"valueName\":\"search_term_string\"}}],\"inLanguage\":\"pt-BR\"},{\"@type\":\"Organization\",\"@id\":\"https:\\\/\\\/marcelolopes.jor.br\\\/site\\\/#organization\",\"name\":\"Site do Marcelo Lopes\",\"url\":\"https:\\\/\\\/marcelolopes.jor.br\\\/site\\\/\",\"logo\":{\"@type\":\"ImageObject\",\"inLanguage\":\"pt-BR\",\"@id\":\"https:\\\/\\\/marcelolopes.jor.br\\\/site\\\/#\\\/schema\\\/logo\\\/image\\\/\",\"url\":\"https:\\\/\\\/marcelolopes.jor.br\\\/site\\\/wp-content\\\/uploads\\\/2024\\\/11\\\/logo-1.png\",\"contentUrl\":\"https:\\\/\\\/marcelolopes.jor.br\\\/site\\\/wp-content\\\/uploads\\\/2024\\\/11\\\/logo-1.png\",\"width\":475,\"height\":80,\"caption\":\"Site do Marcelo Lopes\"},\"image\":{\"@id\":\"https:\\\/\\\/marcelolopes.jor.br\\\/site\\\/#\\\/schema\\\/logo\\\/image\\\/\"},\"sameAs\":[\"https:\\\/\\\/www.facebook.com\\\/sitedomarcelolopes\",\"https:\\\/\\\/www.instagram.com\\\/sitedomarcelolopes\\\/\",\"https:\\\/\\\/www.linkedin.com\\\/company\\\/site-do-marcelo-lopes\\\/\",\"https:\\\/\\\/www.youtube.com\\\/user\\\/marcelolopes957\"]},{\"@type\":\"Person\",\"@id\":\"https:\\\/\\\/marcelolopes.jor.br\\\/site\\\/#\\\/schema\\\/person\\\/3e7216a35c34d8fdf952b31da3d1f89f\",\"name\":\"Marcelo Lopes\",\"sameAs\":[\"http:\\\/\\\/www.marcelolopes.jor.br\"],\"url\":\"https:\\\/\\\/marcelolopes.jor.br\\\/site\\\/author\\\/marcelo\\\/\"}]}<\/script>\n<!-- \/ Yoast SEO plugin. -->","yoast_head_json":{"title":"Suspeito de roubo \u00e9 preso pela Pol\u00edcia Civil em Leopoldina | Marcelo Lopes","description":"Suspeito de roubo \u00e9 preso pela Pol\u00edcia Civil em Leopoldina. Outro suspeito tamb\u00e9m foi detido por posse ilegal de arma de fogo.","robots":{"index":"index","follow":"follow","max-snippet":"max-snippet:-1","max-image-preview":"max-image-preview:large","max-video-preview":"max-video-preview:-1"},"canonical":"https:\/\/marcelolopes.jor.br\/site\/2025\/12\/04\/suspeito-de-roubo-e-preso-pela-policia-civil-em-leopoldina\/","og_locale":"pt_BR","og_type":"article","og_title":"Suspeito de roubo \u00e9 preso pela Pol\u00edcia Civil em Leopoldina | Marcelo Lopes","og_description":"Suspeito de roubo \u00e9 preso pela Pol\u00edcia Civil em Leopoldina. Outro suspeito tamb\u00e9m foi detido por posse ilegal de arma de fogo.","og_url":"https:\/\/marcelolopes.jor.br\/site\/2025\/12\/04\/suspeito-de-roubo-e-preso-pela-policia-civil-em-leopoldina\/","og_site_name":"Marcelo Lopes","article_publisher":"https:\/\/www.facebook.com\/sitedomarcelolopes","article_published_time":"2025-12-04T23:00:01+00:00","og_image":[{"width":900,"height":600,"url":"https:\/\/marcelolopes.jor.br\/site\/wp-content\/uploads\/2025\/12\/roubo.jpeg","type":"image\/jpeg"}],"author":"Marcelo Lopes","twitter_card":"summary_large_image","twitter_misc":{"Escrito por":"Marcelo Lopes","Est. tempo de leitura":"1 minuto"},"schema":{"@context":"https:\/\/schema.org","@graph":[{"@type":"NewsArticle","@id":"https:\/\/marcelolopes.jor.br\/site\/2025\/12\/04\/suspeito-de-roubo-e-preso-pela-policia-civil-em-leopoldina\/#article","isPartOf":{"@id":"https:\/\/marcelolopes.jor.br\/site\/2025\/12\/04\/suspeito-de-roubo-e-preso-pela-policia-civil-em-leopoldina\/"},"author":{"name":"Marcelo Lopes","@id":"https:\/\/marcelolopes.jor.br\/site\/#\/schema\/person\/3e7216a35c34d8fdf952b31da3d1f89f"},"headline":"Suspeito de roubo \u00e9 preso pela Pol\u00edcia Civil em Leopoldina","datePublished":"2025-12-04T23:00:01+00:00","mainEntityOfPage":{"@id":"https:\/\/marcelolopes.jor.br\/site\/2025\/12\/04\/suspeito-de-roubo-e-preso-pela-policia-civil-em-leopoldina\/"},"wordCount":274,"commentCount":0,"publisher":{"@id":"https:\/\/marcelolopes.jor.br\/site\/#organization"},"image":{"@id":"https:\/\/marcelolopes.jor.br\/site\/2025\/12\/04\/suspeito-de-roubo-e-preso-pela-policia-civil-em-leopoldina\/#primaryimage"},"thumbnailUrl":"https:\/\/marcelolopes.jor.br\/site\/wp-content\/uploads\/2025\/12\/roubo.jpeg","articleSection":["Not\u00edcias"],"inLanguage":"pt-BR","potentialAction":[{"@type":"CommentAction","name":"Comment","target":["https:\/\/marcelolopes.jor.br\/site\/2025\/12\/04\/suspeito-de-roubo-e-preso-pela-policia-civil-em-leopoldina\/#respond"]}]},{"@type":"WebPage","@id":"https:\/\/marcelolopes.jor.br\/site\/2025\/12\/04\/suspeito-de-roubo-e-preso-pela-policia-civil-em-leopoldina\/","url":"https:\/\/marcelolopes.jor.br\/site\/2025\/12\/04\/suspeito-de-roubo-e-preso-pela-policia-civil-em-leopoldina\/","name":"Suspeito de roubo \u00e9 preso pela Pol\u00edcia Civil em Leopoldina | Marcelo Lopes","isPartOf":{"@id":"https:\/\/marcelolopes.jor.br\/site\/#website"},"primaryImageOfPage":{"@id":"https:\/\/marcelolopes.jor.br\/site\/2025\/12\/04\/suspeito-de-roubo-e-preso-pela-policia-civil-em-leopoldina\/#primaryimage"},"image":{"@id":"https:\/\/marcelolopes.jor.br\/site\/2025\/12\/04\/suspeito-de-roubo-e-preso-pela-policia-civil-em-leopoldina\/#primaryimage"},"thumbnailUrl":"https:\/\/marcelolopes.jor.br\/site\/wp-content\/uploads\/2025\/12\/roubo.jpeg","datePublished":"2025-12-04T23:00:01+00:00","description":"Suspeito de roubo \u00e9 preso pela Pol\u00edcia Civil em Leopoldina. Outro suspeito tamb\u00e9m foi detido por posse ilegal de arma de fogo.","breadcrumb":{"@id":"https:\/\/marcelolopes.jor.br\/site\/2025\/12\/04\/suspeito-de-roubo-e-preso-pela-policia-civil-em-leopoldina\/#breadcrumb"},"inLanguage":"pt-BR","potentialAction":[{"@type":"ReadAction","target":["https:\/\/marcelolopes.jor.br\/site\/2025\/12\/04\/suspeito-de-roubo-e-preso-pela-policia-civil-em-leopoldina\/"]}]},{"@type":"ImageObject","inLanguage":"pt-BR","@id":"https:\/\/marcelolopes.jor.br\/site\/2025\/12\/04\/suspeito-de-roubo-e-preso-pela-policia-civil-em-leopoldina\/#primaryimage","url":"https:\/\/marcelolopes.jor.br\/site\/wp-content\/uploads\/2025\/12\/roubo.jpeg","contentUrl":"https:\/\/marcelolopes.jor.br\/site\/wp-content\/uploads\/2025\/12\/roubo.jpeg","width":900,"height":600,"caption":"Suspeito de roubo \u00e9"},{"@type":"BreadcrumbList","@id":"https:\/\/marcelolopes.jor.br\/site\/2025\/12\/04\/suspeito-de-roubo-e-preso-pela-policia-civil-em-leopoldina\/#breadcrumb","itemListElement":[{"@type":"ListItem","position":1,"name":"Home","item":"https:\/\/marcelolopes.jor.br\/site\/"},{"@type":"ListItem","position":2,"name":"Suspeito de roubo \u00e9 preso pela Pol\u00edcia Civil em Leopoldina"}]},{"@type":"WebSite","@id":"https:\/\/marcelolopes.jor.br\/site\/#website","url":"https:\/\/marcelolopes.jor.br\/site\/","name":"Marcelo Lopes","description":"Not\u00edcias de Cataguases e Regi\u00e3o","publisher":{"@id":"https:\/\/marcelolopes.jor.br\/site\/#organization"},"potentialAction":[{"@type":"SearchAction","target":{"@type":"EntryPoint","urlTemplate":"https:\/\/marcelolopes.jor.br\/site\/?s={search_term_string}"},"query-input":{"@type":"PropertyValueSpecification","valueRequired":true,"valueName":"search_term_string"}}],"inLanguage":"pt-BR"},{"@type":"Organization","@id":"https:\/\/marcelolopes.jor.br\/site\/#organization","name":"Site do Marcelo Lopes","url":"https:\/\/marcelolopes.jor.br\/site\/","logo":{"@type":"ImageObject","inLanguage":"pt-BR","@id":"https:\/\/marcelolopes.jor.br\/site\/#\/schema\/logo\/image\/","url":"https:\/\/marcelolopes.jor.br\/site\/wp-content\/uploads\/2024\/11\/logo-1.png","contentUrl":"https:\/\/marcelolopes.jor.br\/site\/wp-content\/uploads\/2024\/11\/logo-1.png","width":475,"height":80,"caption":"Site do Marcelo Lopes"},"image":{"@id":"https:\/\/marcelolopes.jor.br\/site\/#\/schema\/logo\/image\/"},"sameAs":["https:\/\/www.facebook.com\/sitedomarcelolopes","https:\/\/www.instagram.com\/sitedomarcelolopes\/","https:\/\/www.linkedin.com\/company\/site-do-marcelo-lopes\/","https:\/\/www.youtube.com\/user\/marcelolopes957"]},{"@type":"Person","@id":"https:\/\/marcelolopes.jor.br\/site\/#\/schema\/person\/3e7216a35c34d8fdf952b31da3d1f89f","name":"Marcelo Lopes","sameAs":["http:\/\/www.marcelolopes.jor.br"],"url":"https:\/\/marcelolopes.jor.br\/site\/author\/marcelo\/"}]}},"wps_subtitle":"Outro suspeito tamb\u00e9m foi detido por posse ilegal de arma de fogo.","_links":{"self":[{"href":"https:\/\/marcelolopes.jor.br\/site\/wp-json\/wp\/v2\/posts\/62392","targetHints":{"allow":["GET"]}}],"collection":[{"href":"https:\/\/marcelolopes.jor.br\/site\/wp-json\/wp\/v2\/posts"}],"about":[{"href":"https:\/\/marcelolopes.jor.br\/site\/wp-json\/wp\/v2\/types\/post"}],"author":[{"embeddable":true,"href":"https:\/\/marcelolopes.jor.br\/site\/wp-json\/wp\/v2\/users\/2"}],"replies":[{"embeddable":true,"href":"https:\/\/marcelolopes.jor.br\/site\/wp-json\/wp\/v2\/comments?post=62392"}],"version-history":[{"count":0,"href":"https:\/\/marcelolopes.jor.br\/site\/wp-json\/wp\/v2\/posts\/62392\/revisions"}],"wp:featuredmedia":[{"embeddable":true,"href":"https:\/\/marcelolopes.jor.br\/site\/wp-json\/wp\/v2\/media\/62395"}],"wp:attachment":[{"href":"https:\/\/marcelolopes.jor.br\/site\/wp-json\/wp\/v2\/media?parent=62392"}],"wp:term":[{"taxonomy":"category","embeddable":true,"href":"https:\/\/marcelolopes.jor.br\/site\/wp-json\/wp\/v2\/categories?post=62392"},{"taxonomy":"post_tag","embeddable":true,"href":"https:\/\/marcelolopes.jor.br\/site\/wp-json\/wp\/v2\/tags?post=62392"}],"curies":[{"name":"wp","href":"https:\/\/api.w.org\/{rel}","templated":true}]}}