{"id":6219,"date":"2019-09-24T12:05:50","date_gmt":"2019-09-24T15:05:50","guid":{"rendered":"https:\/\/marcelolopes.jor.br\/?p=6219"},"modified":"2019-09-24T12:09:39","modified_gmt":"2019-09-24T15:09:39","slug":"instituto-girassois-mobiliza-comunidade-em-festa-beneficente","status":"publish","type":"post","link":"https:\/\/marcelolopes.jor.br\/site\/2019\/09\/24\/instituto-girassois-mobiliza-comunidade-em-festa-beneficente\/","title":{"rendered":"Instituto Girass\u00f3is mobiliza comunidade em festa beneficente"},"content":{"rendered":"<p style=\"text-align: justify;\">Astolfo Dutra recebeu no \u00faltimo dia 20 de setembro a 1\u00aa Festa dos Girass\u00f3is. O evento beneficente leva o nome do Instituto que foi criado em maio deste ano por Daiane de Souza Pereira Ribeiro e por Sayonara de Moura Pereira Pinto e conta atualmente com 130 mulheres volunt\u00e1rias. A festa aconteceu na Pra\u00e7a Governador Valadares, a partir das 18 horas e contou com uma s\u00e9rie de atra\u00e7\u00f5es mobilizando a popula\u00e7\u00e3o local, conforme revelou Daiane.<!--more--><\/p>\n<p style=\"text-align: justify;\"><img loading=\"lazy\" decoding=\"async\" class=\"aligncenter wp-image-6222\" src=\"https:\/\/marcelolopes.jor.br\/site\/wp-content\/uploads\/2019\/09\/WhatsApp-Image-209-09-23-at-20.01.24-300x200.jpeg\" alt=\"\" width=\"500\" height=\"333\" srcset=\"https:\/\/marcelolopes.jor.br\/site\/wp-content\/uploads\/2019\/09\/WhatsApp-Image-209-09-23-at-20.01.24-300x200.jpeg 300w, https:\/\/marcelolopes.jor.br\/site\/wp-content\/uploads\/2019\/09\/WhatsApp-Image-209-09-23-at-20.01.24-768x512.jpeg 768w, https:\/\/marcelolopes.jor.br\/site\/wp-content\/uploads\/2019\/09\/WhatsApp-Image-209-09-23-at-20.01.24-1024x683.jpeg 1024w, https:\/\/marcelolopes.jor.br\/site\/wp-content\/uploads\/2019\/09\/WhatsApp-Image-209-09-23-at-20.01.24.jpeg 1068w\" sizes=\"auto, (max-width: 500px) 100vw, 500px\" \/>A festa, disse Daiane, teve como objetivo arrecadar recursos para a reforma do Lar S\u00e3o Francisco e para impulsionar dois projetos do pr\u00f3prio Instituto Girass\u00f3is. &#8220;Um deles \u00e9 incentivar a pr\u00e1tica esportiva entre crian\u00e7as de 7 a 12 anos de idade, e o &#8216;Mulheres Guerreiras&#8217; destinado a m\u00e3es que s\u00e3o os pilares de suas fam\u00edlias. Neste sentido, continua Daiane, vamos selecionar trinta mulheres que j\u00e1 passaram ou vivenciam grandes dificuldades de sa\u00fade, ou com problemas deste tipo com seus filhos, para serem apoiadas pela institui\u00e7\u00e3o&#8221;, revelou.<\/p>\n<p style=\"text-align: justify;\">O Instituto Girass\u00f3is foi criado com o prop\u00f3sito de atender o m\u00e1ximo de fam\u00edlias em situa\u00e7\u00e3o de vulnerabilidade social, e institui\u00e7\u00f5es de Astolfo Dutra e regi\u00e3o. &#8220;Nosso grupo, explica Daiane, procura fazer um trabalho n\u00e3o s\u00f3 de ajuda material, mas de apoio psicol\u00f3gico, levar alegria, carinho e muito amor e ora\u00e7\u00e3o a todos que necessitam&#8221;, acrescenta. Desde o in\u00edcio de suas atividades o Girass\u00f3is j\u00e1 contribuiu para as entidades assistenciais daquela cidade e ajudou mais de 70 fam\u00edlias por meio da doa\u00e7\u00e3o de roupas, cobertores, alimentos, fraldas, tratamento psicol\u00f3gico, al\u00e9m de ter intermediado junto \u00e0 Prefeitura, o apoio da Assist\u00eancia Social em casos espec\u00edficos.<\/p>\n<p style=\"text-align: justify;\">Na sexta-feira, a festa contou com uma s\u00e9rie de atra\u00e7\u00f5es, dentre elas a realiza\u00e7\u00e3o de um festival de pr\u00eamios, o evento mais esperado da noite. Foram distribu\u00eddos um Liquidificador, um Espremedor de Frutas, dois guarda-roupas, sendo um de duas portas e outro de 6 portas, uma cama box solteiro, e a quantia de R$ 1 mil em esp\u00e9cie. Paralelamente o p\u00fablico aproveitou para saborear as del\u00edcias das barracas de salgados e doces, a crian\u00e7ada se divertiu com a pescaria, e uma lojinha de roupas novas e seminovas tamb\u00e9m atraiu muita gente.<\/p>\n<p style=\"text-align: justify;\"><img loading=\"lazy\" decoding=\"async\" class=\"aligncenter wp-image-6223\" src=\"https:\/\/marcelolopes.jor.br\/site\/wp-content\/uploads\/2019\/09\/WhatsApp-Image-2019-09-3-at-20.01.21-300x225.jpeg\" alt=\"\" width=\"500\" height=\"376\" srcset=\"https:\/\/marcelolopes.jor.br\/site\/wp-content\/uploads\/2019\/09\/WhatsApp-Image-2019-09-3-at-20.01.21-300x225.jpeg 300w, https:\/\/marcelolopes.jor.br\/site\/wp-content\/uploads\/2019\/09\/WhatsApp-Image-2019-09-3-at-20.01.21-768x577.jpeg 768w, https:\/\/marcelolopes.jor.br\/site\/wp-content\/uploads\/2019\/09\/WhatsApp-Image-2019-09-3-at-20.01.21-1024x770.jpeg 1024w, https:\/\/marcelolopes.jor.br\/site\/wp-content\/uploads\/2019\/09\/WhatsApp-Image-2019-09-3-at-20.01.21.jpeg 1063w\" sizes=\"auto, (max-width: 500px) 100vw, 500px\" \/>A festa foi aberta com uma pe\u00e7a infantil com o tema &#8220;Teatro das Virtudes&#8221; sob a coordena\u00e7\u00e3o da professora Andreia Diogo. Tamb\u00e9m participaram com atividades a equipe do CRAS de Astolfo Dutra com seus projetos sociais, al\u00e9m da apresenta\u00e7\u00e3o de uma coreografia pelos alunos da professora Ang\u00e9lica Rocha. A capoeira tamb\u00e9m esteve presente sob o comando do Mestre Neguinho da Capoeira e os alunos da escola Canto da M\u00fasica, do Pacceli Vaz, fizeram uma apresenta\u00e7\u00e3o especial ao p\u00fablico e foram muito aplaudidos. Daiana aproveita para agradecer a participa\u00e7\u00e3o de toda a comunidade que ajudou tamb\u00e9m com doa\u00e7\u00f5es. &#8220;O sucesso desta festa \u00e9 o resultado da nossa uni\u00e3o em torno de um projeto de bem-estar coletivo&#8221;, afirmou.<\/p>\n<p><img loading=\"lazy\" decoding=\"async\" class=\"aligncenter wp-image-6224\" src=\"https:\/\/marcelolopes.jor.br\/site\/wp-content\/uploads\/2019\/09\/WhatsApp-Image-2019-09-23-at-0.01.21-300x200.jpeg\" alt=\"\" width=\"500\" height=\"334\" srcset=\"https:\/\/marcelolopes.jor.br\/site\/wp-content\/uploads\/2019\/09\/WhatsApp-Image-2019-09-23-at-0.01.21-300x200.jpeg 300w, https:\/\/marcelolopes.jor.br\/site\/wp-content\/uploads\/2019\/09\/WhatsApp-Image-2019-09-23-at-0.01.21-768x512.jpeg 768w, https:\/\/marcelolopes.jor.br\/site\/wp-content\/uploads\/2019\/09\/WhatsApp-Image-2019-09-23-at-0.01.21-1024x683.jpeg 1024w, https:\/\/marcelolopes.jor.br\/site\/wp-content\/uploads\/2019\/09\/WhatsApp-Image-2019-09-23-at-0.01.21.jpeg 1037w\" sizes=\"auto, (max-width: 500px) 100vw, 500px\" \/><\/p>\n<p><img loading=\"lazy\" decoding=\"async\" class=\"aligncenter wp-image-6225\" src=\"https:\/\/marcelolopes.jor.br\/site\/wp-content\/uploads\/2019\/09\/WhatsApp-Image-2019-09-23-t-20.01.22-300x200.jpeg\" alt=\"\" width=\"500\" height=\"334\" srcset=\"https:\/\/marcelolopes.jor.br\/site\/wp-content\/uploads\/2019\/09\/WhatsApp-Image-2019-09-23-t-20.01.22-300x200.jpeg 300w, https:\/\/marcelolopes.jor.br\/site\/wp-content\/uploads\/2019\/09\/WhatsApp-Image-2019-09-23-t-20.01.22-768x513.jpeg 768w, https:\/\/marcelolopes.jor.br\/site\/wp-content\/uploads\/2019\/09\/WhatsApp-Image-2019-09-23-t-20.01.22.jpeg 1010w\" sizes=\"auto, (max-width: 500px) 100vw, 500px\" \/><\/p>\n<p><img loading=\"lazy\" decoding=\"async\" class=\"aligncenter wp-image-6226\" src=\"https:\/\/marcelolopes.jor.br\/site\/wp-content\/uploads\/2019\/09\/WhatsApp-Image-29-09-23-at-20.03.16-300x200.jpeg\" alt=\"\" width=\"500\" height=\"333\" srcset=\"https:\/\/marcelolopes.jor.br\/site\/wp-content\/uploads\/2019\/09\/WhatsApp-Image-29-09-23-at-20.03.16-300x200.jpeg 300w, https:\/\/marcelolopes.jor.br\/site\/wp-content\/uploads\/2019\/09\/WhatsApp-Image-29-09-23-at-20.03.16.jpeg 720w\" sizes=\"auto, (max-width: 500px) 100vw, 500px\" \/><\/p>\n<p><img loading=\"lazy\" decoding=\"async\" class=\"aligncenter wp-image-6227\" src=\"https:\/\/marcelolopes.jor.br\/site\/wp-content\/uploads\/2019\/09\/WhatsApp-Image-219-09-23-at-20.02.12-300x200.jpeg\" alt=\"\" width=\"500\" height=\"333\" srcset=\"https:\/\/marcelolopes.jor.br\/site\/wp-content\/uploads\/2019\/09\/WhatsApp-Image-219-09-23-at-20.02.12-300x200.jpeg 300w, https:\/\/marcelolopes.jor.br\/site\/wp-content\/uploads\/2019\/09\/WhatsApp-Image-219-09-23-at-20.02.12-768x512.jpeg 768w, https:\/\/marcelolopes.jor.br\/site\/wp-content\/uploads\/2019\/09\/WhatsApp-Image-219-09-23-at-20.02.12-1024x683.jpeg 1024w, https:\/\/marcelolopes.jor.br\/site\/wp-content\/uploads\/2019\/09\/WhatsApp-Image-219-09-23-at-20.02.12.jpeg 1068w\" sizes=\"auto, (max-width: 500px) 100vw, 500px\" \/><\/p>\n<p><img loading=\"lazy\" decoding=\"async\" class=\"aligncenter wp-image-6228\" src=\"https:\/\/marcelolopes.jor.br\/site\/wp-content\/uploads\/2019\/09\/WhatsApp-Image-2019-09-23-at-20.01.25-300x200.jpeg\" alt=\"\" width=\"500\" height=\"333\" srcset=\"https:\/\/marcelolopes.jor.br\/site\/wp-content\/uploads\/2019\/09\/WhatsApp-Image-2019-09-23-at-20.01.25-300x200.jpeg 300w, https:\/\/marcelolopes.jor.br\/site\/wp-content\/uploads\/2019\/09\/WhatsApp-Image-2019-09-23-at-20.01.25.jpeg 720w\" sizes=\"auto, (max-width: 500px) 100vw, 500px\" \/><\/p>\n<p><img loading=\"lazy\" decoding=\"async\" class=\"aligncenter wp-image-6229\" src=\"https:\/\/marcelolopes.jor.br\/site\/wp-content\/uploads\/2019\/09\/WhatsApp-Image-2019-9-23-at-20.01.26-300x200.jpeg\" alt=\"\" width=\"500\" height=\"333\" srcset=\"https:\/\/marcelolopes.jor.br\/site\/wp-content\/uploads\/2019\/09\/WhatsApp-Image-2019-9-23-at-20.01.26-300x200.jpeg 300w, https:\/\/marcelolopes.jor.br\/site\/wp-content\/uploads\/2019\/09\/WhatsApp-Image-2019-9-23-at-20.01.26.jpeg 720w\" sizes=\"auto, (max-width: 500px) 100vw, 500px\" \/><\/p>\n<p>&nbsp;<\/p>\n<p>&nbsp;<\/p>\n<p><em>Fotos gentilmente cedidas pelo Instituto Girass\u00f3is.<\/em><\/p>\n<div class=\"eodit69f743c594a78\" ><br><\/div><style type=\"text\/css\">\r\n@media screen and (min-width: 1201px) {\r\n.eodit69f743c594a78 {\r\ndisplay: block;\r\n}\r\n}\r\n@media screen and (min-width: 993px) and (max-width: 1200px) {\r\n.eodit69f743c594a78 {\r\ndisplay: block;\r\n}\r\n}\r\n@media screen and (min-width: 769px) and (max-width: 992px) {\r\n.eodit69f743c594a78 {\r\ndisplay: block;\r\n}\r\n}\r\n@media screen and (min-width: 768px) and (max-width: 768px) {\r\n.eodit69f743c594a78 {\r\ndisplay: block;\r\n}\r\n}\r\n@media screen and (max-width: 767px) {\r\n.eodit69f743c594a78 {\r\ndisplay: block;\r\n}\r\n}\r\n<\/style>\r\n<div class=\"bzjwo69f743c59add9\" ><div id=\"div_destino\"><\/div>\r\n<script src=\"https:\/\/cdn.snsrsv.com\/sdk.js\"><\/script>\r\n<script >\r\n      new sdk(\"464030C30061EA8BE065000000000001\") \r\n          .appendTo(\"div_destino\")\r\n          .disableStyle(true) \r\n          .setCacheBusterMacro(\"%%CACHEBUSTER%%\")\r\n          .setSize(\"800\",\"214\")\r\n          .setClickMacro(\"%%CLICK_URL_ESC%%\") \r\n          .setReferrerUrlMacro(\"%%REFERRER_URL_ESC%%\") \r\n          .start(); \r\n<\/script><\/div><style type=\"text\/css\">\r\n@media screen and (min-width: 1201px) {\r\n.bzjwo69f743c59add9 {\r\ndisplay: block;\r\n}\r\n}\r\n@media screen and (min-width: 993px) and (max-width: 1200px) {\r\n.bzjwo69f743c59add9 {\r\ndisplay: block;\r\n}\r\n}\r\n@media screen and (min-width: 769px) and (max-width: 992px) {\r\n.bzjwo69f743c59add9 {\r\ndisplay: block;\r\n}\r\n}\r\n@media screen and (min-width: 768px) and (max-width: 768px) {\r\n.bzjwo69f743c59add9 {\r\ndisplay: block;\r\n}\r\n}\r\n@media screen and (max-width: 767px) {\r\n.bzjwo69f743c59add9 {\r\ndisplay: block;\r\n}\r\n}\r\n<\/style>\r\n","protected":false},"excerpt":{"rendered":"<p>Astolfo Dutra recebeu no \u00faltimo dia 20 de setembro a 1\u00aa Festa dos Girass\u00f3is. O evento beneficente leva o nome do Instituto que foi criado em maio deste ano por Daiane de Souza Pereira Ribeiro e por Sayonara de Moura<\/p>\n<p class=\"link-more\"><a class=\"more-link\" href=\"https:\/\/marcelolopes.jor.br\/site\/2019\/09\/24\/instituto-girassois-mobiliza-comunidade-em-festa-beneficente\/\">Leia mais <span class=\"screen-reader-text\">Instituto Girass\u00f3is mobiliza comunidade em festa beneficente<\/span><\/a><\/p>\n","protected":false},"author":2,"featured_media":6221,"comment_status":"open","ping_status":"open","sticky":false,"template":"","format":"standard","meta":{"footnotes":""},"categories":[1],"tags":[282,1313,1312,1314],"class_list":["post-6219","post","type-post","status-publish","format-standard","has-post-thumbnail","hentry","category-noticias","tag-astolfo-dutra","tag-festa-beneficente","tag-instituto-girassois","tag-lar-sao-francisco","thumb-below-title"],"yoast_head":"<!-- This site is optimized with the Yoast SEO plugin v27.4 - https:\/\/yoast.com\/product\/yoast-seo-wordpress\/ -->\n<title>Instituto Girass\u00f3is mobiliza comunidade em festa beneficente | Marcelo Lopes<\/title>\n<meta name=\"robots\" content=\"index, follow, max-snippet:-1, max-image-preview:large, max-video-preview:-1\" \/>\n<link rel=\"canonical\" href=\"https:\/\/marcelolopes.jor.br\/site\/2019\/09\/24\/instituto-girassois-mobiliza-comunidade-em-festa-beneficente\/\" \/>\n<meta property=\"og:locale\" content=\"pt_BR\" \/>\n<meta property=\"og:type\" content=\"article\" \/>\n<meta property=\"og:title\" content=\"Instituto Girass\u00f3is mobiliza comunidade em festa beneficente | Marcelo Lopes\" \/>\n<meta property=\"og:description\" content=\"Astolfo Dutra recebeu no \u00faltimo dia 20 de setembro a 1\u00aa Festa dos Girass\u00f3is. O evento beneficente leva o nome do Instituto que foi criado em maio deste ano por Daiane de Souza Pereira Ribeiro e por Sayonara de MouraLeia mais Instituto Girass\u00f3is mobiliza comunidade em festa beneficente\" \/>\n<meta property=\"og:url\" content=\"https:\/\/marcelolopes.jor.br\/site\/2019\/09\/24\/instituto-girassois-mobiliza-comunidade-em-festa-beneficente\/\" \/>\n<meta property=\"og:site_name\" content=\"Marcelo Lopes\" \/>\n<meta property=\"article:publisher\" content=\"https:\/\/www.facebook.com\/sitedomarcelolopes\" \/>\n<meta property=\"article:published_time\" content=\"2019-09-24T15:05:50+00:00\" \/>\n<meta property=\"article:modified_time\" content=\"2019-09-24T15:09:39+00:00\" \/>\n<meta property=\"og:image\" content=\"https:\/\/marcelolopes.jor.br\/site\/wp-content\/uploads\/2019\/09\/WhatsApp-Image-2019-09-23-at20.01.20.jpeg\" \/>\n\t<meta property=\"og:image:width\" content=\"1089\" \/>\n\t<meta property=\"og:image:height\" content=\"819\" \/>\n\t<meta property=\"og:image:type\" content=\"image\/jpeg\" \/>\n<meta name=\"author\" content=\"Marcelo Lopes\" \/>\n<meta name=\"twitter:card\" content=\"summary_large_image\" \/>\n<meta name=\"twitter:label1\" content=\"Escrito por\" \/>\n\t<meta name=\"twitter:data1\" content=\"Marcelo Lopes\" \/>\n\t<meta name=\"twitter:label2\" content=\"Est. tempo de leitura\" \/>\n\t<meta name=\"twitter:data2\" content=\"3 minutos\" \/>\n<script type=\"application\/ld+json\" class=\"yoast-schema-graph\">{\"@context\":\"https:\\\/\\\/schema.org\",\"@graph\":[{\"@type\":\"NewsArticle\",\"@id\":\"https:\\\/\\\/marcelolopes.jor.br\\\/site\\\/2019\\\/09\\\/24\\\/instituto-girassois-mobiliza-comunidade-em-festa-beneficente\\\/#article\",\"isPartOf\":{\"@id\":\"https:\\\/\\\/marcelolopes.jor.br\\\/site\\\/2019\\\/09\\\/24\\\/instituto-girassois-mobiliza-comunidade-em-festa-beneficente\\\/\"},\"author\":{\"name\":\"Marcelo Lopes\",\"@id\":\"https:\\\/\\\/marcelolopes.jor.br\\\/site\\\/#\\\/schema\\\/person\\\/3e7216a35c34d8fdf952b31da3d1f89f\"},\"headline\":\"Instituto Girass\u00f3is mobiliza comunidade em festa beneficente\",\"datePublished\":\"2019-09-24T15:05:50+00:00\",\"dateModified\":\"2019-09-24T15:09:39+00:00\",\"mainEntityOfPage\":{\"@id\":\"https:\\\/\\\/marcelolopes.jor.br\\\/site\\\/2019\\\/09\\\/24\\\/instituto-girassois-mobiliza-comunidade-em-festa-beneficente\\\/\"},\"wordCount\":535,\"commentCount\":0,\"publisher\":{\"@id\":\"https:\\\/\\\/marcelolopes.jor.br\\\/site\\\/#organization\"},\"image\":{\"@id\":\"https:\\\/\\\/marcelolopes.jor.br\\\/site\\\/2019\\\/09\\\/24\\\/instituto-girassois-mobiliza-comunidade-em-festa-beneficente\\\/#primaryimage\"},\"thumbnailUrl\":\"https:\\\/\\\/marcelolopes.jor.br\\\/site\\\/wp-content\\\/uploads\\\/2019\\\/09\\\/WhatsApp-Image-2019-09-23-at20.01.20.jpeg\",\"keywords\":[\"Astolfo Dutra\",\"festa beneficente\",\"Instituto Girass\u00f3is\",\"Lar S\u00e3o Francisco\"],\"articleSection\":[\"Not\u00edcias\"],\"inLanguage\":\"pt-BR\",\"potentialAction\":[{\"@type\":\"CommentAction\",\"name\":\"Comment\",\"target\":[\"https:\\\/\\\/marcelolopes.jor.br\\\/site\\\/2019\\\/09\\\/24\\\/instituto-girassois-mobiliza-comunidade-em-festa-beneficente\\\/#respond\"]}]},{\"@type\":\"WebPage\",\"@id\":\"https:\\\/\\\/marcelolopes.jor.br\\\/site\\\/2019\\\/09\\\/24\\\/instituto-girassois-mobiliza-comunidade-em-festa-beneficente\\\/\",\"url\":\"https:\\\/\\\/marcelolopes.jor.br\\\/site\\\/2019\\\/09\\\/24\\\/instituto-girassois-mobiliza-comunidade-em-festa-beneficente\\\/\",\"name\":\"Instituto Girass\u00f3is mobiliza comunidade em festa beneficente | Marcelo Lopes\",\"isPartOf\":{\"@id\":\"https:\\\/\\\/marcelolopes.jor.br\\\/site\\\/#website\"},\"primaryImageOfPage\":{\"@id\":\"https:\\\/\\\/marcelolopes.jor.br\\\/site\\\/2019\\\/09\\\/24\\\/instituto-girassois-mobiliza-comunidade-em-festa-beneficente\\\/#primaryimage\"},\"image\":{\"@id\":\"https:\\\/\\\/marcelolopes.jor.br\\\/site\\\/2019\\\/09\\\/24\\\/instituto-girassois-mobiliza-comunidade-em-festa-beneficente\\\/#primaryimage\"},\"thumbnailUrl\":\"https:\\\/\\\/marcelolopes.jor.br\\\/site\\\/wp-content\\\/uploads\\\/2019\\\/09\\\/WhatsApp-Image-2019-09-23-at20.01.20.jpeg\",\"datePublished\":\"2019-09-24T15:05:50+00:00\",\"dateModified\":\"2019-09-24T15:09:39+00:00\",\"breadcrumb\":{\"@id\":\"https:\\\/\\\/marcelolopes.jor.br\\\/site\\\/2019\\\/09\\\/24\\\/instituto-girassois-mobiliza-comunidade-em-festa-beneficente\\\/#breadcrumb\"},\"inLanguage\":\"pt-BR\",\"potentialAction\":[{\"@type\":\"ReadAction\",\"target\":[\"https:\\\/\\\/marcelolopes.jor.br\\\/site\\\/2019\\\/09\\\/24\\\/instituto-girassois-mobiliza-comunidade-em-festa-beneficente\\\/\"]}]},{\"@type\":\"ImageObject\",\"inLanguage\":\"pt-BR\",\"@id\":\"https:\\\/\\\/marcelolopes.jor.br\\\/site\\\/2019\\\/09\\\/24\\\/instituto-girassois-mobiliza-comunidade-em-festa-beneficente\\\/#primaryimage\",\"url\":\"https:\\\/\\\/marcelolopes.jor.br\\\/site\\\/wp-content\\\/uploads\\\/2019\\\/09\\\/WhatsApp-Image-2019-09-23-at20.01.20.jpeg\",\"contentUrl\":\"https:\\\/\\\/marcelolopes.jor.br\\\/site\\\/wp-content\\\/uploads\\\/2019\\\/09\\\/WhatsApp-Image-2019-09-23-at20.01.20.jpeg\",\"width\":1089,\"height\":819},{\"@type\":\"BreadcrumbList\",\"@id\":\"https:\\\/\\\/marcelolopes.jor.br\\\/site\\\/2019\\\/09\\\/24\\\/instituto-girassois-mobiliza-comunidade-em-festa-beneficente\\\/#breadcrumb\",\"itemListElement\":[{\"@type\":\"ListItem\",\"position\":1,\"name\":\"Home\",\"item\":\"https:\\\/\\\/marcelolopes.jor.br\\\/site\\\/\"},{\"@type\":\"ListItem\",\"position\":2,\"name\":\"Instituto Girass\u00f3is mobiliza comunidade em festa beneficente\"}]},{\"@type\":\"WebSite\",\"@id\":\"https:\\\/\\\/marcelolopes.jor.br\\\/site\\\/#website\",\"url\":\"https:\\\/\\\/marcelolopes.jor.br\\\/site\\\/\",\"name\":\"Marcelo Lopes\",\"description\":\"Not\u00edcias de Cataguases e Regi\u00e3o\",\"publisher\":{\"@id\":\"https:\\\/\\\/marcelolopes.jor.br\\\/site\\\/#organization\"},\"potentialAction\":[{\"@type\":\"SearchAction\",\"target\":{\"@type\":\"EntryPoint\",\"urlTemplate\":\"https:\\\/\\\/marcelolopes.jor.br\\\/site\\\/?s={search_term_string}\"},\"query-input\":{\"@type\":\"PropertyValueSpecification\",\"valueRequired\":true,\"valueName\":\"search_term_string\"}}],\"inLanguage\":\"pt-BR\"},{\"@type\":\"Organization\",\"@id\":\"https:\\\/\\\/marcelolopes.jor.br\\\/site\\\/#organization\",\"name\":\"Site do Marcelo Lopes\",\"url\":\"https:\\\/\\\/marcelolopes.jor.br\\\/site\\\/\",\"logo\":{\"@type\":\"ImageObject\",\"inLanguage\":\"pt-BR\",\"@id\":\"https:\\\/\\\/marcelolopes.jor.br\\\/site\\\/#\\\/schema\\\/logo\\\/image\\\/\",\"url\":\"https:\\\/\\\/marcelolopes.jor.br\\\/site\\\/wp-content\\\/uploads\\\/2024\\\/11\\\/logo-1.png\",\"contentUrl\":\"https:\\\/\\\/marcelolopes.jor.br\\\/site\\\/wp-content\\\/uploads\\\/2024\\\/11\\\/logo-1.png\",\"width\":475,\"height\":80,\"caption\":\"Site do Marcelo Lopes\"},\"image\":{\"@id\":\"https:\\\/\\\/marcelolopes.jor.br\\\/site\\\/#\\\/schema\\\/logo\\\/image\\\/\"},\"sameAs\":[\"https:\\\/\\\/www.facebook.com\\\/sitedomarcelolopes\",\"https:\\\/\\\/www.instagram.com\\\/sitedomarcelolopes\\\/\",\"https:\\\/\\\/www.linkedin.com\\\/company\\\/site-do-marcelo-lopes\\\/\",\"https:\\\/\\\/www.youtube.com\\\/user\\\/marcelolopes957\"]},{\"@type\":\"Person\",\"@id\":\"https:\\\/\\\/marcelolopes.jor.br\\\/site\\\/#\\\/schema\\\/person\\\/3e7216a35c34d8fdf952b31da3d1f89f\",\"name\":\"Marcelo Lopes\",\"sameAs\":[\"http:\\\/\\\/www.marcelolopes.jor.br\"],\"url\":\"https:\\\/\\\/marcelolopes.jor.br\\\/site\\\/author\\\/marcelo\\\/\"}]}<\/script>\n<!-- \/ Yoast SEO plugin. -->","yoast_head_json":{"title":"Instituto Girass\u00f3is mobiliza comunidade em festa beneficente | Marcelo Lopes","robots":{"index":"index","follow":"follow","max-snippet":"max-snippet:-1","max-image-preview":"max-image-preview:large","max-video-preview":"max-video-preview:-1"},"canonical":"https:\/\/marcelolopes.jor.br\/site\/2019\/09\/24\/instituto-girassois-mobiliza-comunidade-em-festa-beneficente\/","og_locale":"pt_BR","og_type":"article","og_title":"Instituto Girass\u00f3is mobiliza comunidade em festa beneficente | Marcelo Lopes","og_description":"Astolfo Dutra recebeu no \u00faltimo dia 20 de setembro a 1\u00aa Festa dos Girass\u00f3is. O evento beneficente leva o nome do Instituto que foi criado em maio deste ano por Daiane de Souza Pereira Ribeiro e por Sayonara de MouraLeia mais Instituto Girass\u00f3is mobiliza comunidade em festa beneficente","og_url":"https:\/\/marcelolopes.jor.br\/site\/2019\/09\/24\/instituto-girassois-mobiliza-comunidade-em-festa-beneficente\/","og_site_name":"Marcelo Lopes","article_publisher":"https:\/\/www.facebook.com\/sitedomarcelolopes","article_published_time":"2019-09-24T15:05:50+00:00","article_modified_time":"2019-09-24T15:09:39+00:00","og_image":[{"width":1089,"height":819,"url":"https:\/\/marcelolopes.jor.br\/site\/wp-content\/uploads\/2019\/09\/WhatsApp-Image-2019-09-23-at20.01.20.jpeg","type":"image\/jpeg"}],"author":"Marcelo Lopes","twitter_card":"summary_large_image","twitter_misc":{"Escrito por":"Marcelo Lopes","Est. tempo de leitura":"3 minutos"},"schema":{"@context":"https:\/\/schema.org","@graph":[{"@type":"NewsArticle","@id":"https:\/\/marcelolopes.jor.br\/site\/2019\/09\/24\/instituto-girassois-mobiliza-comunidade-em-festa-beneficente\/#article","isPartOf":{"@id":"https:\/\/marcelolopes.jor.br\/site\/2019\/09\/24\/instituto-girassois-mobiliza-comunidade-em-festa-beneficente\/"},"author":{"name":"Marcelo Lopes","@id":"https:\/\/marcelolopes.jor.br\/site\/#\/schema\/person\/3e7216a35c34d8fdf952b31da3d1f89f"},"headline":"Instituto Girass\u00f3is mobiliza comunidade em festa beneficente","datePublished":"2019-09-24T15:05:50+00:00","dateModified":"2019-09-24T15:09:39+00:00","mainEntityOfPage":{"@id":"https:\/\/marcelolopes.jor.br\/site\/2019\/09\/24\/instituto-girassois-mobiliza-comunidade-em-festa-beneficente\/"},"wordCount":535,"commentCount":0,"publisher":{"@id":"https:\/\/marcelolopes.jor.br\/site\/#organization"},"image":{"@id":"https:\/\/marcelolopes.jor.br\/site\/2019\/09\/24\/instituto-girassois-mobiliza-comunidade-em-festa-beneficente\/#primaryimage"},"thumbnailUrl":"https:\/\/marcelolopes.jor.br\/site\/wp-content\/uploads\/2019\/09\/WhatsApp-Image-2019-09-23-at20.01.20.jpeg","keywords":["Astolfo Dutra","festa beneficente","Instituto Girass\u00f3is","Lar S\u00e3o Francisco"],"articleSection":["Not\u00edcias"],"inLanguage":"pt-BR","potentialAction":[{"@type":"CommentAction","name":"Comment","target":["https:\/\/marcelolopes.jor.br\/site\/2019\/09\/24\/instituto-girassois-mobiliza-comunidade-em-festa-beneficente\/#respond"]}]},{"@type":"WebPage","@id":"https:\/\/marcelolopes.jor.br\/site\/2019\/09\/24\/instituto-girassois-mobiliza-comunidade-em-festa-beneficente\/","url":"https:\/\/marcelolopes.jor.br\/site\/2019\/09\/24\/instituto-girassois-mobiliza-comunidade-em-festa-beneficente\/","name":"Instituto Girass\u00f3is mobiliza comunidade em festa beneficente | Marcelo Lopes","isPartOf":{"@id":"https:\/\/marcelolopes.jor.br\/site\/#website"},"primaryImageOfPage":{"@id":"https:\/\/marcelolopes.jor.br\/site\/2019\/09\/24\/instituto-girassois-mobiliza-comunidade-em-festa-beneficente\/#primaryimage"},"image":{"@id":"https:\/\/marcelolopes.jor.br\/site\/2019\/09\/24\/instituto-girassois-mobiliza-comunidade-em-festa-beneficente\/#primaryimage"},"thumbnailUrl":"https:\/\/marcelolopes.jor.br\/site\/wp-content\/uploads\/2019\/09\/WhatsApp-Image-2019-09-23-at20.01.20.jpeg","datePublished":"2019-09-24T15:05:50+00:00","dateModified":"2019-09-24T15:09:39+00:00","breadcrumb":{"@id":"https:\/\/marcelolopes.jor.br\/site\/2019\/09\/24\/instituto-girassois-mobiliza-comunidade-em-festa-beneficente\/#breadcrumb"},"inLanguage":"pt-BR","potentialAction":[{"@type":"ReadAction","target":["https:\/\/marcelolopes.jor.br\/site\/2019\/09\/24\/instituto-girassois-mobiliza-comunidade-em-festa-beneficente\/"]}]},{"@type":"ImageObject","inLanguage":"pt-BR","@id":"https:\/\/marcelolopes.jor.br\/site\/2019\/09\/24\/instituto-girassois-mobiliza-comunidade-em-festa-beneficente\/#primaryimage","url":"https:\/\/marcelolopes.jor.br\/site\/wp-content\/uploads\/2019\/09\/WhatsApp-Image-2019-09-23-at20.01.20.jpeg","contentUrl":"https:\/\/marcelolopes.jor.br\/site\/wp-content\/uploads\/2019\/09\/WhatsApp-Image-2019-09-23-at20.01.20.jpeg","width":1089,"height":819},{"@type":"BreadcrumbList","@id":"https:\/\/marcelolopes.jor.br\/site\/2019\/09\/24\/instituto-girassois-mobiliza-comunidade-em-festa-beneficente\/#breadcrumb","itemListElement":[{"@type":"ListItem","position":1,"name":"Home","item":"https:\/\/marcelolopes.jor.br\/site\/"},{"@type":"ListItem","position":2,"name":"Instituto Girass\u00f3is mobiliza comunidade em festa beneficente"}]},{"@type":"WebSite","@id":"https:\/\/marcelolopes.jor.br\/site\/#website","url":"https:\/\/marcelolopes.jor.br\/site\/","name":"Marcelo Lopes","description":"Not\u00edcias de Cataguases e Regi\u00e3o","publisher":{"@id":"https:\/\/marcelolopes.jor.br\/site\/#organization"},"potentialAction":[{"@type":"SearchAction","target":{"@type":"EntryPoint","urlTemplate":"https:\/\/marcelolopes.jor.br\/site\/?s={search_term_string}"},"query-input":{"@type":"PropertyValueSpecification","valueRequired":true,"valueName":"search_term_string"}}],"inLanguage":"pt-BR"},{"@type":"Organization","@id":"https:\/\/marcelolopes.jor.br\/site\/#organization","name":"Site do Marcelo Lopes","url":"https:\/\/marcelolopes.jor.br\/site\/","logo":{"@type":"ImageObject","inLanguage":"pt-BR","@id":"https:\/\/marcelolopes.jor.br\/site\/#\/schema\/logo\/image\/","url":"https:\/\/marcelolopes.jor.br\/site\/wp-content\/uploads\/2024\/11\/logo-1.png","contentUrl":"https:\/\/marcelolopes.jor.br\/site\/wp-content\/uploads\/2024\/11\/logo-1.png","width":475,"height":80,"caption":"Site do Marcelo Lopes"},"image":{"@id":"https:\/\/marcelolopes.jor.br\/site\/#\/schema\/logo\/image\/"},"sameAs":["https:\/\/www.facebook.com\/sitedomarcelolopes","https:\/\/www.instagram.com\/sitedomarcelolopes\/","https:\/\/www.linkedin.com\/company\/site-do-marcelo-lopes\/","https:\/\/www.youtube.com\/user\/marcelolopes957"]},{"@type":"Person","@id":"https:\/\/marcelolopes.jor.br\/site\/#\/schema\/person\/3e7216a35c34d8fdf952b31da3d1f89f","name":"Marcelo Lopes","sameAs":["http:\/\/www.marcelolopes.jor.br"],"url":"https:\/\/marcelolopes.jor.br\/site\/author\/marcelo\/"}]}},"wps_subtitle":"Evento aconteceu em Astolfo Dutra visando arrecadar recursos para o Lar S\u00e3o Francisco.","_links":{"self":[{"href":"https:\/\/marcelolopes.jor.br\/site\/wp-json\/wp\/v2\/posts\/6219","targetHints":{"allow":["GET"]}}],"collection":[{"href":"https:\/\/marcelolopes.jor.br\/site\/wp-json\/wp\/v2\/posts"}],"about":[{"href":"https:\/\/marcelolopes.jor.br\/site\/wp-json\/wp\/v2\/types\/post"}],"author":[{"embeddable":true,"href":"https:\/\/marcelolopes.jor.br\/site\/wp-json\/wp\/v2\/users\/2"}],"replies":[{"embeddable":true,"href":"https:\/\/marcelolopes.jor.br\/site\/wp-json\/wp\/v2\/comments?post=6219"}],"version-history":[{"count":0,"href":"https:\/\/marcelolopes.jor.br\/site\/wp-json\/wp\/v2\/posts\/6219\/revisions"}],"wp:featuredmedia":[{"embeddable":true,"href":"https:\/\/marcelolopes.jor.br\/site\/wp-json\/wp\/v2\/media\/6221"}],"wp:attachment":[{"href":"https:\/\/marcelolopes.jor.br\/site\/wp-json\/wp\/v2\/media?parent=6219"}],"wp:term":[{"taxonomy":"category","embeddable":true,"href":"https:\/\/marcelolopes.jor.br\/site\/wp-json\/wp\/v2\/categories?post=6219"},{"taxonomy":"post_tag","embeddable":true,"href":"https:\/\/marcelolopes.jor.br\/site\/wp-json\/wp\/v2\/tags?post=6219"}],"curies":[{"name":"wp","href":"https:\/\/api.w.org\/{rel}","templated":true}]}}