{"id":6215,"date":"2019-09-24T07:00:58","date_gmt":"2019-09-24T10:00:58","guid":{"rendered":"https:\/\/marcelolopes.jor.br\/?p=6215"},"modified":"2019-09-23T17:41:01","modified_gmt":"2019-09-23T20:41:01","slug":"inscricoes-para-concurso-da-prefeitura-de-carangola-seguem-ate-7-de-outubro","status":"publish","type":"post","link":"https:\/\/marcelolopes.jor.br\/site\/2019\/09\/24\/inscricoes-para-concurso-da-prefeitura-de-carangola-seguem-ate-7-de-outubro\/","title":{"rendered":"Inscri\u00e7\u00f5es para concurso da Prefeitura de Carangola seguem at\u00e9 7 de outubro"},"content":{"rendered":"<p style=\"text-align: justify;\">A Prefeitura de Carangola, a 145 km de Cataguases, est\u00e1 com inscri\u00e7\u00f5es abertas para seu Processo Seletivo 001\/2019. A sele\u00e7\u00e3o, organizada pelo Instituto ACCESS, oferece 98 vagas para n\u00edvel m\u00e9dio de escolaridade.\u00a0Os interessados podem se inscrever at\u00e9 o dia 7 de outubro, atrav\u00e9s do site <strong><a href=\"http:\/\/www.access.org.br\/carangola\">www.access.org.br\/carangola<\/a><\/strong>. \u00c9 permitida ao candidato a realiza\u00e7\u00e3o de mais de uma inscri\u00e7\u00e3o no Processo Seletivo, desde que para cargos e turnos distintos. O valor da inscri\u00e7\u00e3o \u00e9 R$ 55,00.<!--more--><\/p>\n<p style=\"text-align: justify;\">O processo seletivo oferece vagas para os cargos de Agente de Combate \u00e0s Endemias (15) e Agente Comunit\u00e1rio de Sa\u00fade (83). Para ambos, o sal\u00e1rio inicial \u00e9 de R$ 1.250,00 e a carga hor\u00e1ria de 40h semanais. As vagas do cargo de Agente Comunit\u00e1rio de Sa\u00fade est\u00e3o divididas pelas regi\u00f5es geogr\u00e1ficas do munic\u00edpio, sendo necess\u00e1rio residir na regi\u00e3o escolhida desde a publica\u00e7\u00e3o do edital (13\/09) para assumir a fun\u00e7\u00e3o.<\/p>\n<p style=\"text-align: justify;\">Para os candidatos sem acesso \u00e0 internet, o Instituto ACCESS disponibilizou um posto de inscri\u00e7\u00e3o presencial. Os interessados podem comparecer ao Sagu\u00e3o da Prefeitura Municipal, localizada na Pra\u00e7a Cel. Maximiano, 88 \u2013 Centro \u2013 Carangola\/MG, no hor\u00e1rio das 08h \u00e0s 11h e das 13h \u00e0s 17h, exceto aos S\u00e1bados, Domingos e Feriados, portando os documentos exigidos pelo edital.<\/p>\n<p style=\"text-align: justify;\"><strong>Provas<\/strong><br \/>\nAs provas objetivas do concurso ser\u00e3o aplicadas em Carangola, na data prevista de 27 de outubro. Pela manh\u00e3, das 9h \u00e0s 12h, para o cargo de Agente Comunit\u00e1rio de Sa\u00fade. J\u00e1 \u00e0 tarde, das 14h \u00e0s 17h, para os candidatos a Agente de Combate \u00e0s Endemias.<\/p>\n<p style=\"text-align: justify;\">Informa\u00e7\u00f5es:<br \/>\n<strong><a href=\"http:\/\/www.access.org.br\/carangola\">www.access.org.br\/carangola<\/a><\/strong><\/p>\n<p><em>Fonte e foto: A Not\u00edcia online<\/em><\/p>\n<div class=\"iidng69f72a42c3168\" ><br><\/div><style type=\"text\/css\">\r\n@media screen and (min-width: 1201px) {\r\n.iidng69f72a42c3168 {\r\ndisplay: block;\r\n}\r\n}\r\n@media screen and (min-width: 993px) and (max-width: 1200px) {\r\n.iidng69f72a42c3168 {\r\ndisplay: block;\r\n}\r\n}\r\n@media screen and (min-width: 769px) and (max-width: 992px) {\r\n.iidng69f72a42c3168 {\r\ndisplay: block;\r\n}\r\n}\r\n@media screen and (min-width: 768px) and (max-width: 768px) {\r\n.iidng69f72a42c3168 {\r\ndisplay: block;\r\n}\r\n}\r\n@media screen and (max-width: 767px) {\r\n.iidng69f72a42c3168 {\r\ndisplay: block;\r\n}\r\n}\r\n<\/style>\r\n<div class=\"vryij69f72a42c8abd\" ><div id=\"div_destino\"><\/div>\r\n<script src=\"https:\/\/cdn.snsrsv.com\/sdk.js\"><\/script>\r\n<script >\r\n      new sdk(\"464030C30061EA8BE065000000000001\") \r\n          .appendTo(\"div_destino\")\r\n          .disableStyle(true) \r\n          .setCacheBusterMacro(\"%%CACHEBUSTER%%\")\r\n          .setSize(\"800\",\"214\")\r\n          .setClickMacro(\"%%CLICK_URL_ESC%%\") \r\n          .setReferrerUrlMacro(\"%%REFERRER_URL_ESC%%\") \r\n          .start(); \r\n<\/script><\/div><style type=\"text\/css\">\r\n@media screen and (min-width: 1201px) {\r\n.vryij69f72a42c8abd {\r\ndisplay: block;\r\n}\r\n}\r\n@media screen and (min-width: 993px) and (max-width: 1200px) {\r\n.vryij69f72a42c8abd {\r\ndisplay: block;\r\n}\r\n}\r\n@media screen and (min-width: 769px) and (max-width: 992px) {\r\n.vryij69f72a42c8abd {\r\ndisplay: block;\r\n}\r\n}\r\n@media screen and (min-width: 768px) and (max-width: 768px) {\r\n.vryij69f72a42c8abd {\r\ndisplay: block;\r\n}\r\n}\r\n@media screen and (max-width: 767px) {\r\n.vryij69f72a42c8abd {\r\ndisplay: block;\r\n}\r\n}\r\n<\/style>\r\n","protected":false},"excerpt":{"rendered":"<p>A Prefeitura de Carangola, a 145 km de Cataguases, est\u00e1 com inscri\u00e7\u00f5es abertas para seu Processo Seletivo 001\/2019. A sele\u00e7\u00e3o, organizada pelo Instituto ACCESS, oferece 98 vagas para n\u00edvel m\u00e9dio de escolaridade.\u00a0Os interessados podem se inscrever at\u00e9 o dia 7<\/p>\n<p class=\"link-more\"><a class=\"more-link\" href=\"https:\/\/marcelolopes.jor.br\/site\/2019\/09\/24\/inscricoes-para-concurso-da-prefeitura-de-carangola-seguem-ate-7-de-outubro\/\">Leia mais <span class=\"screen-reader-text\">Inscri\u00e7\u00f5es para concurso da Prefeitura de Carangola seguem at\u00e9 7 de outubro<\/span><\/a><\/p>\n","protected":false},"author":2,"featured_media":6217,"comment_status":"open","ping_status":"open","sticky":false,"template":"","format":"standard","meta":{"footnotes":""},"categories":[1],"tags":[1311,55,1191,159],"class_list":["post-6215","post","type-post","status-publish","format-standard","has-post-thumbnail","hentry","category-noticias","tag-carangola","tag-concurso","tag-inscricoes-abertas","tag-processo-seletivo","thumb-below-title"],"yoast_head":"<!-- This site is optimized with the Yoast SEO plugin v27.4 - https:\/\/yoast.com\/product\/yoast-seo-wordpress\/ -->\n<title>Inscri\u00e7\u00f5es para concurso da Prefeitura de Carangola seguem at\u00e9 7 de outubro | Marcelo Lopes<\/title>\n<meta name=\"robots\" content=\"index, follow, max-snippet:-1, max-image-preview:large, max-video-preview:-1\" \/>\n<link rel=\"canonical\" href=\"https:\/\/marcelolopes.jor.br\/site\/2019\/09\/24\/inscricoes-para-concurso-da-prefeitura-de-carangola-seguem-ate-7-de-outubro\/\" \/>\n<meta property=\"og:locale\" content=\"pt_BR\" \/>\n<meta property=\"og:type\" content=\"article\" \/>\n<meta property=\"og:title\" content=\"Inscri\u00e7\u00f5es para concurso da Prefeitura de Carangola seguem at\u00e9 7 de outubro | Marcelo Lopes\" \/>\n<meta property=\"og:description\" content=\"A Prefeitura de Carangola, a 145 km de Cataguases, est\u00e1 com inscri\u00e7\u00f5es abertas para seu Processo Seletivo 001\/2019. A sele\u00e7\u00e3o, organizada pelo Instituto ACCESS, oferece 98 vagas para n\u00edvel m\u00e9dio de escolaridade.\u00a0Os interessados podem se inscrever at\u00e9 o dia 7Leia mais Inscri\u00e7\u00f5es para concurso da Prefeitura de Carangola seguem at\u00e9 7 de outubro\" \/>\n<meta property=\"og:url\" content=\"https:\/\/marcelolopes.jor.br\/site\/2019\/09\/24\/inscricoes-para-concurso-da-prefeitura-de-carangola-seguem-ate-7-de-outubro\/\" \/>\n<meta property=\"og:site_name\" content=\"Marcelo Lopes\" \/>\n<meta property=\"article:publisher\" content=\"https:\/\/www.facebook.com\/sitedomarcelolopes\" \/>\n<meta property=\"article:published_time\" content=\"2019-09-24T10:00:58+00:00\" \/>\n<meta property=\"og:image\" content=\"https:\/\/marcelolopes.jor.br\/site\/wp-content\/uploads\/2019\/09\/Carangola-MG.jpg\" \/>\n\t<meta property=\"og:image:width\" content=\"1000\" \/>\n\t<meta property=\"og:image:height\" content=\"675\" \/>\n\t<meta property=\"og:image:type\" content=\"image\/jpeg\" \/>\n<meta name=\"author\" content=\"Marcelo Lopes\" \/>\n<meta name=\"twitter:card\" content=\"summary_large_image\" \/>\n<meta name=\"twitter:label1\" content=\"Escrito por\" \/>\n\t<meta name=\"twitter:data1\" content=\"Marcelo Lopes\" \/>\n\t<meta name=\"twitter:label2\" content=\"Est. tempo de leitura\" \/>\n\t<meta name=\"twitter:data2\" content=\"1 minuto\" \/>\n<script type=\"application\/ld+json\" class=\"yoast-schema-graph\">{\"@context\":\"https:\\\/\\\/schema.org\",\"@graph\":[{\"@type\":\"NewsArticle\",\"@id\":\"https:\\\/\\\/marcelolopes.jor.br\\\/site\\\/2019\\\/09\\\/24\\\/inscricoes-para-concurso-da-prefeitura-de-carangola-seguem-ate-7-de-outubro\\\/#article\",\"isPartOf\":{\"@id\":\"https:\\\/\\\/marcelolopes.jor.br\\\/site\\\/2019\\\/09\\\/24\\\/inscricoes-para-concurso-da-prefeitura-de-carangola-seguem-ate-7-de-outubro\\\/\"},\"author\":{\"name\":\"Marcelo Lopes\",\"@id\":\"https:\\\/\\\/marcelolopes.jor.br\\\/site\\\/#\\\/schema\\\/person\\\/3e7216a35c34d8fdf952b31da3d1f89f\"},\"headline\":\"Inscri\u00e7\u00f5es para concurso da Prefeitura de Carangola seguem at\u00e9 7 de outubro\",\"datePublished\":\"2019-09-24T10:00:58+00:00\",\"mainEntityOfPage\":{\"@id\":\"https:\\\/\\\/marcelolopes.jor.br\\\/site\\\/2019\\\/09\\\/24\\\/inscricoes-para-concurso-da-prefeitura-de-carangola-seguem-ate-7-de-outubro\\\/\"},\"wordCount\":292,\"commentCount\":0,\"publisher\":{\"@id\":\"https:\\\/\\\/marcelolopes.jor.br\\\/site\\\/#organization\"},\"image\":{\"@id\":\"https:\\\/\\\/marcelolopes.jor.br\\\/site\\\/2019\\\/09\\\/24\\\/inscricoes-para-concurso-da-prefeitura-de-carangola-seguem-ate-7-de-outubro\\\/#primaryimage\"},\"thumbnailUrl\":\"https:\\\/\\\/marcelolopes.jor.br\\\/site\\\/wp-content\\\/uploads\\\/2019\\\/09\\\/Carangola-MG.jpg\",\"keywords\":[\"Carangola\",\"concurso\",\"Inscri\u00e7\u00f5es abertas\",\"processo seletivo\"],\"articleSection\":[\"Not\u00edcias\"],\"inLanguage\":\"pt-BR\",\"potentialAction\":[{\"@type\":\"CommentAction\",\"name\":\"Comment\",\"target\":[\"https:\\\/\\\/marcelolopes.jor.br\\\/site\\\/2019\\\/09\\\/24\\\/inscricoes-para-concurso-da-prefeitura-de-carangola-seguem-ate-7-de-outubro\\\/#respond\"]}]},{\"@type\":\"WebPage\",\"@id\":\"https:\\\/\\\/marcelolopes.jor.br\\\/site\\\/2019\\\/09\\\/24\\\/inscricoes-para-concurso-da-prefeitura-de-carangola-seguem-ate-7-de-outubro\\\/\",\"url\":\"https:\\\/\\\/marcelolopes.jor.br\\\/site\\\/2019\\\/09\\\/24\\\/inscricoes-para-concurso-da-prefeitura-de-carangola-seguem-ate-7-de-outubro\\\/\",\"name\":\"Inscri\u00e7\u00f5es para concurso da Prefeitura de Carangola seguem at\u00e9 7 de outubro | Marcelo Lopes\",\"isPartOf\":{\"@id\":\"https:\\\/\\\/marcelolopes.jor.br\\\/site\\\/#website\"},\"primaryImageOfPage\":{\"@id\":\"https:\\\/\\\/marcelolopes.jor.br\\\/site\\\/2019\\\/09\\\/24\\\/inscricoes-para-concurso-da-prefeitura-de-carangola-seguem-ate-7-de-outubro\\\/#primaryimage\"},\"image\":{\"@id\":\"https:\\\/\\\/marcelolopes.jor.br\\\/site\\\/2019\\\/09\\\/24\\\/inscricoes-para-concurso-da-prefeitura-de-carangola-seguem-ate-7-de-outubro\\\/#primaryimage\"},\"thumbnailUrl\":\"https:\\\/\\\/marcelolopes.jor.br\\\/site\\\/wp-content\\\/uploads\\\/2019\\\/09\\\/Carangola-MG.jpg\",\"datePublished\":\"2019-09-24T10:00:58+00:00\",\"breadcrumb\":{\"@id\":\"https:\\\/\\\/marcelolopes.jor.br\\\/site\\\/2019\\\/09\\\/24\\\/inscricoes-para-concurso-da-prefeitura-de-carangola-seguem-ate-7-de-outubro\\\/#breadcrumb\"},\"inLanguage\":\"pt-BR\",\"potentialAction\":[{\"@type\":\"ReadAction\",\"target\":[\"https:\\\/\\\/marcelolopes.jor.br\\\/site\\\/2019\\\/09\\\/24\\\/inscricoes-para-concurso-da-prefeitura-de-carangola-seguem-ate-7-de-outubro\\\/\"]}]},{\"@type\":\"ImageObject\",\"inLanguage\":\"pt-BR\",\"@id\":\"https:\\\/\\\/marcelolopes.jor.br\\\/site\\\/2019\\\/09\\\/24\\\/inscricoes-para-concurso-da-prefeitura-de-carangola-seguem-ate-7-de-outubro\\\/#primaryimage\",\"url\":\"https:\\\/\\\/marcelolopes.jor.br\\\/site\\\/wp-content\\\/uploads\\\/2019\\\/09\\\/Carangola-MG.jpg\",\"contentUrl\":\"https:\\\/\\\/marcelolopes.jor.br\\\/site\\\/wp-content\\\/uploads\\\/2019\\\/09\\\/Carangola-MG.jpg\",\"width\":1000,\"height\":675},{\"@type\":\"BreadcrumbList\",\"@id\":\"https:\\\/\\\/marcelolopes.jor.br\\\/site\\\/2019\\\/09\\\/24\\\/inscricoes-para-concurso-da-prefeitura-de-carangola-seguem-ate-7-de-outubro\\\/#breadcrumb\",\"itemListElement\":[{\"@type\":\"ListItem\",\"position\":1,\"name\":\"Home\",\"item\":\"https:\\\/\\\/marcelolopes.jor.br\\\/site\\\/\"},{\"@type\":\"ListItem\",\"position\":2,\"name\":\"Inscri\u00e7\u00f5es para concurso da Prefeitura de Carangola seguem at\u00e9 7 de outubro\"}]},{\"@type\":\"WebSite\",\"@id\":\"https:\\\/\\\/marcelolopes.jor.br\\\/site\\\/#website\",\"url\":\"https:\\\/\\\/marcelolopes.jor.br\\\/site\\\/\",\"name\":\"Marcelo Lopes\",\"description\":\"Not\u00edcias de Cataguases e Regi\u00e3o\",\"publisher\":{\"@id\":\"https:\\\/\\\/marcelolopes.jor.br\\\/site\\\/#organization\"},\"potentialAction\":[{\"@type\":\"SearchAction\",\"target\":{\"@type\":\"EntryPoint\",\"urlTemplate\":\"https:\\\/\\\/marcelolopes.jor.br\\\/site\\\/?s={search_term_string}\"},\"query-input\":{\"@type\":\"PropertyValueSpecification\",\"valueRequired\":true,\"valueName\":\"search_term_string\"}}],\"inLanguage\":\"pt-BR\"},{\"@type\":\"Organization\",\"@id\":\"https:\\\/\\\/marcelolopes.jor.br\\\/site\\\/#organization\",\"name\":\"Site do Marcelo Lopes\",\"url\":\"https:\\\/\\\/marcelolopes.jor.br\\\/site\\\/\",\"logo\":{\"@type\":\"ImageObject\",\"inLanguage\":\"pt-BR\",\"@id\":\"https:\\\/\\\/marcelolopes.jor.br\\\/site\\\/#\\\/schema\\\/logo\\\/image\\\/\",\"url\":\"https:\\\/\\\/marcelolopes.jor.br\\\/site\\\/wp-content\\\/uploads\\\/2024\\\/11\\\/logo-1.png\",\"contentUrl\":\"https:\\\/\\\/marcelolopes.jor.br\\\/site\\\/wp-content\\\/uploads\\\/2024\\\/11\\\/logo-1.png\",\"width\":475,\"height\":80,\"caption\":\"Site do Marcelo Lopes\"},\"image\":{\"@id\":\"https:\\\/\\\/marcelolopes.jor.br\\\/site\\\/#\\\/schema\\\/logo\\\/image\\\/\"},\"sameAs\":[\"https:\\\/\\\/www.facebook.com\\\/sitedomarcelolopes\",\"https:\\\/\\\/www.instagram.com\\\/sitedomarcelolopes\\\/\",\"https:\\\/\\\/www.linkedin.com\\\/company\\\/site-do-marcelo-lopes\\\/\",\"https:\\\/\\\/www.youtube.com\\\/user\\\/marcelolopes957\"]},{\"@type\":\"Person\",\"@id\":\"https:\\\/\\\/marcelolopes.jor.br\\\/site\\\/#\\\/schema\\\/person\\\/3e7216a35c34d8fdf952b31da3d1f89f\",\"name\":\"Marcelo Lopes\",\"sameAs\":[\"http:\\\/\\\/www.marcelolopes.jor.br\"],\"url\":\"https:\\\/\\\/marcelolopes.jor.br\\\/site\\\/author\\\/marcelo\\\/\"}]}<\/script>\n<!-- \/ Yoast SEO plugin. -->","yoast_head_json":{"title":"Inscri\u00e7\u00f5es para concurso da Prefeitura de Carangola seguem at\u00e9 7 de outubro | Marcelo Lopes","robots":{"index":"index","follow":"follow","max-snippet":"max-snippet:-1","max-image-preview":"max-image-preview:large","max-video-preview":"max-video-preview:-1"},"canonical":"https:\/\/marcelolopes.jor.br\/site\/2019\/09\/24\/inscricoes-para-concurso-da-prefeitura-de-carangola-seguem-ate-7-de-outubro\/","og_locale":"pt_BR","og_type":"article","og_title":"Inscri\u00e7\u00f5es para concurso da Prefeitura de Carangola seguem at\u00e9 7 de outubro | Marcelo Lopes","og_description":"A Prefeitura de Carangola, a 145 km de Cataguases, est\u00e1 com inscri\u00e7\u00f5es abertas para seu Processo Seletivo 001\/2019. A sele\u00e7\u00e3o, organizada pelo Instituto ACCESS, oferece 98 vagas para n\u00edvel m\u00e9dio de escolaridade.\u00a0Os interessados podem se inscrever at\u00e9 o dia 7Leia mais Inscri\u00e7\u00f5es para concurso da Prefeitura de Carangola seguem at\u00e9 7 de outubro","og_url":"https:\/\/marcelolopes.jor.br\/site\/2019\/09\/24\/inscricoes-para-concurso-da-prefeitura-de-carangola-seguem-ate-7-de-outubro\/","og_site_name":"Marcelo Lopes","article_publisher":"https:\/\/www.facebook.com\/sitedomarcelolopes","article_published_time":"2019-09-24T10:00:58+00:00","og_image":[{"width":1000,"height":675,"url":"https:\/\/marcelolopes.jor.br\/site\/wp-content\/uploads\/2019\/09\/Carangola-MG.jpg","type":"image\/jpeg"}],"author":"Marcelo Lopes","twitter_card":"summary_large_image","twitter_misc":{"Escrito por":"Marcelo Lopes","Est. tempo de leitura":"1 minuto"},"schema":{"@context":"https:\/\/schema.org","@graph":[{"@type":"NewsArticle","@id":"https:\/\/marcelolopes.jor.br\/site\/2019\/09\/24\/inscricoes-para-concurso-da-prefeitura-de-carangola-seguem-ate-7-de-outubro\/#article","isPartOf":{"@id":"https:\/\/marcelolopes.jor.br\/site\/2019\/09\/24\/inscricoes-para-concurso-da-prefeitura-de-carangola-seguem-ate-7-de-outubro\/"},"author":{"name":"Marcelo Lopes","@id":"https:\/\/marcelolopes.jor.br\/site\/#\/schema\/person\/3e7216a35c34d8fdf952b31da3d1f89f"},"headline":"Inscri\u00e7\u00f5es para concurso da Prefeitura de Carangola seguem at\u00e9 7 de outubro","datePublished":"2019-09-24T10:00:58+00:00","mainEntityOfPage":{"@id":"https:\/\/marcelolopes.jor.br\/site\/2019\/09\/24\/inscricoes-para-concurso-da-prefeitura-de-carangola-seguem-ate-7-de-outubro\/"},"wordCount":292,"commentCount":0,"publisher":{"@id":"https:\/\/marcelolopes.jor.br\/site\/#organization"},"image":{"@id":"https:\/\/marcelolopes.jor.br\/site\/2019\/09\/24\/inscricoes-para-concurso-da-prefeitura-de-carangola-seguem-ate-7-de-outubro\/#primaryimage"},"thumbnailUrl":"https:\/\/marcelolopes.jor.br\/site\/wp-content\/uploads\/2019\/09\/Carangola-MG.jpg","keywords":["Carangola","concurso","Inscri\u00e7\u00f5es abertas","processo seletivo"],"articleSection":["Not\u00edcias"],"inLanguage":"pt-BR","potentialAction":[{"@type":"CommentAction","name":"Comment","target":["https:\/\/marcelolopes.jor.br\/site\/2019\/09\/24\/inscricoes-para-concurso-da-prefeitura-de-carangola-seguem-ate-7-de-outubro\/#respond"]}]},{"@type":"WebPage","@id":"https:\/\/marcelolopes.jor.br\/site\/2019\/09\/24\/inscricoes-para-concurso-da-prefeitura-de-carangola-seguem-ate-7-de-outubro\/","url":"https:\/\/marcelolopes.jor.br\/site\/2019\/09\/24\/inscricoes-para-concurso-da-prefeitura-de-carangola-seguem-ate-7-de-outubro\/","name":"Inscri\u00e7\u00f5es para concurso da Prefeitura de Carangola seguem at\u00e9 7 de outubro | Marcelo Lopes","isPartOf":{"@id":"https:\/\/marcelolopes.jor.br\/site\/#website"},"primaryImageOfPage":{"@id":"https:\/\/marcelolopes.jor.br\/site\/2019\/09\/24\/inscricoes-para-concurso-da-prefeitura-de-carangola-seguem-ate-7-de-outubro\/#primaryimage"},"image":{"@id":"https:\/\/marcelolopes.jor.br\/site\/2019\/09\/24\/inscricoes-para-concurso-da-prefeitura-de-carangola-seguem-ate-7-de-outubro\/#primaryimage"},"thumbnailUrl":"https:\/\/marcelolopes.jor.br\/site\/wp-content\/uploads\/2019\/09\/Carangola-MG.jpg","datePublished":"2019-09-24T10:00:58+00:00","breadcrumb":{"@id":"https:\/\/marcelolopes.jor.br\/site\/2019\/09\/24\/inscricoes-para-concurso-da-prefeitura-de-carangola-seguem-ate-7-de-outubro\/#breadcrumb"},"inLanguage":"pt-BR","potentialAction":[{"@type":"ReadAction","target":["https:\/\/marcelolopes.jor.br\/site\/2019\/09\/24\/inscricoes-para-concurso-da-prefeitura-de-carangola-seguem-ate-7-de-outubro\/"]}]},{"@type":"ImageObject","inLanguage":"pt-BR","@id":"https:\/\/marcelolopes.jor.br\/site\/2019\/09\/24\/inscricoes-para-concurso-da-prefeitura-de-carangola-seguem-ate-7-de-outubro\/#primaryimage","url":"https:\/\/marcelolopes.jor.br\/site\/wp-content\/uploads\/2019\/09\/Carangola-MG.jpg","contentUrl":"https:\/\/marcelolopes.jor.br\/site\/wp-content\/uploads\/2019\/09\/Carangola-MG.jpg","width":1000,"height":675},{"@type":"BreadcrumbList","@id":"https:\/\/marcelolopes.jor.br\/site\/2019\/09\/24\/inscricoes-para-concurso-da-prefeitura-de-carangola-seguem-ate-7-de-outubro\/#breadcrumb","itemListElement":[{"@type":"ListItem","position":1,"name":"Home","item":"https:\/\/marcelolopes.jor.br\/site\/"},{"@type":"ListItem","position":2,"name":"Inscri\u00e7\u00f5es para concurso da Prefeitura de Carangola seguem at\u00e9 7 de outubro"}]},{"@type":"WebSite","@id":"https:\/\/marcelolopes.jor.br\/site\/#website","url":"https:\/\/marcelolopes.jor.br\/site\/","name":"Marcelo Lopes","description":"Not\u00edcias de Cataguases e Regi\u00e3o","publisher":{"@id":"https:\/\/marcelolopes.jor.br\/site\/#organization"},"potentialAction":[{"@type":"SearchAction","target":{"@type":"EntryPoint","urlTemplate":"https:\/\/marcelolopes.jor.br\/site\/?s={search_term_string}"},"query-input":{"@type":"PropertyValueSpecification","valueRequired":true,"valueName":"search_term_string"}}],"inLanguage":"pt-BR"},{"@type":"Organization","@id":"https:\/\/marcelolopes.jor.br\/site\/#organization","name":"Site do Marcelo Lopes","url":"https:\/\/marcelolopes.jor.br\/site\/","logo":{"@type":"ImageObject","inLanguage":"pt-BR","@id":"https:\/\/marcelolopes.jor.br\/site\/#\/schema\/logo\/image\/","url":"https:\/\/marcelolopes.jor.br\/site\/wp-content\/uploads\/2024\/11\/logo-1.png","contentUrl":"https:\/\/marcelolopes.jor.br\/site\/wp-content\/uploads\/2024\/11\/logo-1.png","width":475,"height":80,"caption":"Site do Marcelo Lopes"},"image":{"@id":"https:\/\/marcelolopes.jor.br\/site\/#\/schema\/logo\/image\/"},"sameAs":["https:\/\/www.facebook.com\/sitedomarcelolopes","https:\/\/www.instagram.com\/sitedomarcelolopes\/","https:\/\/www.linkedin.com\/company\/site-do-marcelo-lopes\/","https:\/\/www.youtube.com\/user\/marcelolopes957"]},{"@type":"Person","@id":"https:\/\/marcelolopes.jor.br\/site\/#\/schema\/person\/3e7216a35c34d8fdf952b31da3d1f89f","name":"Marcelo Lopes","sameAs":["http:\/\/www.marcelolopes.jor.br"],"url":"https:\/\/marcelolopes.jor.br\/site\/author\/marcelo\/"}]}},"wps_subtitle":"S\u00e3o 98 vagas para n\u00edvel m\u00e9dio de escolaridade e sal\u00e1rio de R$ 1.250,00","_links":{"self":[{"href":"https:\/\/marcelolopes.jor.br\/site\/wp-json\/wp\/v2\/posts\/6215","targetHints":{"allow":["GET"]}}],"collection":[{"href":"https:\/\/marcelolopes.jor.br\/site\/wp-json\/wp\/v2\/posts"}],"about":[{"href":"https:\/\/marcelolopes.jor.br\/site\/wp-json\/wp\/v2\/types\/post"}],"author":[{"embeddable":true,"href":"https:\/\/marcelolopes.jor.br\/site\/wp-json\/wp\/v2\/users\/2"}],"replies":[{"embeddable":true,"href":"https:\/\/marcelolopes.jor.br\/site\/wp-json\/wp\/v2\/comments?post=6215"}],"version-history":[{"count":0,"href":"https:\/\/marcelolopes.jor.br\/site\/wp-json\/wp\/v2\/posts\/6215\/revisions"}],"wp:featuredmedia":[{"embeddable":true,"href":"https:\/\/marcelolopes.jor.br\/site\/wp-json\/wp\/v2\/media\/6217"}],"wp:attachment":[{"href":"https:\/\/marcelolopes.jor.br\/site\/wp-json\/wp\/v2\/media?parent=6215"}],"wp:term":[{"taxonomy":"category","embeddable":true,"href":"https:\/\/marcelolopes.jor.br\/site\/wp-json\/wp\/v2\/categories?post=6215"},{"taxonomy":"post_tag","embeddable":true,"href":"https:\/\/marcelolopes.jor.br\/site\/wp-json\/wp\/v2\/tags?post=6215"}],"curies":[{"name":"wp","href":"https:\/\/api.w.org\/{rel}","templated":true}]}}