{"id":61729,"date":"2025-11-04T07:00:01","date_gmt":"2025-11-04T10:00:01","guid":{"rendered":"https:\/\/marcelolopes.jor.br\/?p=61729"},"modified":"2025-11-04T10:23:33","modified_gmt":"2025-11-04T13:23:33","slug":"vereadores-aprovam-lei-que-moderniza-a-antiga-emha","status":"publish","type":"post","link":"https:\/\/marcelolopes.jor.br\/site\/2025\/11\/04\/vereadores-aprovam-lei-que-moderniza-a-antiga-emha\/","title":{"rendered":"Vereadores aprovam lei que moderniza a antiga EMHA"},"content":{"rendered":"<p>A C\u00e2mara Municipal de Cataguases aprovou na noite desta segunda-feira, 3 de novembro, o Projeto de Lei n\u00ba 039\/2025, de autoria do Executivo Municipal, que reestruturou e modernizou a antiga EMHA &#8211; Empresa Municipal de Habita\u00e7\u00e3o &#8211; que agora passou a se chamar EMATEC &#8211; Empresa de Manuten\u00e7\u00e3o e Tecnologia de Cataguases. Na pr\u00e1tica ela se torna uma empresa p\u00fablica municipal de direito privado, com autonomia administrativa e financeira, sediada em Cataguases.\u200b<!--more--><\/p>\n<h4 class=\"p1\"><span class=\"s1\">\ud83d\udcf8\u00a0<span style=\"color: #008000;\">Siga o Site do Marcelo Lopes no<\/span>\u00a0<span style=\"color: #800000;\"><a style=\"color: #800000;\" href=\"https:\/\/www.facebook.com\/sitedomarcelolopes\/\"><strong>Facebook<\/strong><\/a><\/span>\u00a0<span style=\"color: #008000;\">e no<\/span>\u00a0<span style=\"color: #800000;\"><strong><a style=\"color: #800000;\" href=\"https:\/\/www.instagram.com\/sitedomarcelolopes\/\">Instagram<\/a><\/strong><\/span><\/span><\/h4>\n<h4 class=\"p1\">\ud83d\udcf1<span style=\"color: #008000;\">Participe do grupo de<\/span>\u00a0<span style=\"color: #800000;\"><a style=\"color: #800000;\" href=\"https:\/\/chat.whatsapp.com\/BibzcI1ibYSKytbdyzubLA\"><strong>WhatsApp<\/strong><\/a><\/span> <span style=\"color: #008000;\">do Site do Marcelo Lopes<\/span><\/h4>\n<p>De acordo com o texto aprovado pelos vereadores a EMATEC ir\u00e1 atender \u00e0s demandas operacionais das administra\u00e7\u00f5es p\u00fablicas direta e indireta, com atua\u00e7\u00e3o voltada para projetos e servi\u00e7os urbanos, operacionais e tecnol\u00f3gicos. Entre suas principais finalidades est\u00e3o a realiza\u00e7\u00e3o de servi\u00e7os de limpeza, conserva\u00e7\u00e3o, apoio operacional, obras de infraestrutura, saneamento, transporte, gest\u00e3o de res\u00edduos, preserva\u00e7\u00e3o ambiental, a\u00e7\u00f5es habitacionais e desenvolvimento de projetos tecnol\u00f3gicos podendo, inclusive, atuar em outros munic\u00edpios e criar subsidi\u00e1rias compat\u00edveis com seus objetivos.\u200b<\/p>\n<blockquote><p>\u201cVamos dar um salto importante na dire\u00e7\u00e3o ao desenvolvimento\u201d, avaliou o prefeito Jos\u00e9 Henriques lembrando que a empresa vai atuar com empenho na \u00e1rea de tecnologia.<\/p><\/blockquote>\n<p>Conforme ainda o texto aprovado, a EMATEC nasce com capital social inicial de R$ 1 milh\u00e3o integralizados pelo munic\u00edpio, com possibilidade de aumento mediante aprova\u00e7\u00e3o espec\u00edfica. O patrim\u00f4nio da empresa compreende bens m\u00f3veis e im\u00f3veis repassados pelo Executivo, al\u00e9m de outros adquiridos ou oriundos das opera\u00e7\u00f5es da empresa.\u200b Ela ir\u00e1 funcionar com uma estrutura administrativa formada por Diretor-Presidente, Diretor Administrativo-Financeiro e Diretor de Opera\u00e7\u00f5es e Servi\u00e7os, todos de livre nomea\u00e7\u00e3o do prefeito municipal.<\/p>\n<p>A empresa conta ainda com Conselhos de Administra\u00e7\u00e3o e Fiscal, com regras espec\u00edficas para composi\u00e7\u00e3o, mandato, reserva de vagas para mulheres (inclusive negras ou com defici\u00eancia), inelegibilidades e crit\u00e9rios de remunera\u00e7\u00e3o. O Conselho de Administra\u00e7\u00e3o \u00e9 respons\u00e1vel por aprovar pol\u00edticas, deliberar sobre altera\u00e7\u00f5es estatut\u00e1rias, propor planos anuais e supervisionar pr\u00e1ticas corporativas e de compliance. J\u00e1 o Conselho Fiscal realiza a fiscaliza\u00e7\u00e3o cont\u00e1bil e financeira, apreciando relat\u00f3rios, pareceres e auditorias da empresa.\u200b<\/p>\n<p>Salvo os cargos em comiss\u00e3o, concurso p\u00fablico ser\u00e1 realizado para a composi\u00e7\u00e3o do quadro de pessoal da empresa em regime celetista. Admite-se contrata\u00e7\u00e3o tempor\u00e1ria, mediante processo seletivo simplificado, para atender demandas excepcionais devidamente justificadas. A empresa pode tamb\u00e9m aproveitar servidores municipais sem preju\u00edzo de direitos. Pol\u00edticas de capacita\u00e7\u00e3o, forma\u00e7\u00e3o, promo\u00e7\u00e3o e avalia\u00e7\u00e3o funcional integram as atribui\u00e7\u00f5es dos diretores, tudo conforme o texto legal aprovado.\u200b<\/p>\n<p>A fiscaliza\u00e7\u00e3o cont\u00e1bil, financeira e patrimonial ser\u00e1 exercida pelo Tribunal de Contas do Estado, sem preju\u00edzo do controle interno do Executivo. Est\u00e3o previstas normas para compras e contrata\u00e7\u00f5es, proibi\u00e7\u00e3o de contratar pessoas com v\u00ednculos pol\u00edticos ou de confian\u00e7a com a administra\u00e7\u00e3o municipal, al\u00e9m de regras para poss\u00edvel extin\u00e7\u00e3o da empresa e revers\u00e3o de patrim\u00f4nio ao munic\u00edpio.\u200b A nova lei entra em vigor ao ser publicada e ser\u00e1 regulamentada pelo Executivo municipal em at\u00e9 quinze dias.<\/p>\n<p><strong>OUTRAS NOT\u00cdCIAS<\/strong><br \/>\n<a href=\"https:\/\/marcelolopes.jor.br\/2025\/10\/28\/camara-municipal-amplia-emissao-de-carteira-de-identidade\/\"><strong><span style=\"color: #800000;\">C\u00e2mara Municipal amplia emiss\u00e3o de Carteira de Identidade<\/span><\/strong><\/a><\/p>\n<p><a href=\"https:\/\/marcelolopes.jor.br\/2025\/10\/10\/reforma-administrativa-vai-elevar-gastos-da-camara-em-r-600-mil\/\"><strong><span style=\"color: #800000;\">Reforma administrativa vai elevar gastos da C\u00e2mara em R$ 600 mil<\/span><\/strong><\/a><\/p>\n<div class=\"aeioz6a956ef17aa0c\" ><br><\/div><style type=\"text\/css\">\r\n@media screen and (min-width: 1201px) {\r\n.aeioz6a956ef17aa0c {\r\ndisplay: block;\r\n}\r\n}\r\n@media screen and (min-width: 993px) and (max-width: 1200px) {\r\n.aeioz6a956ef17aa0c {\r\ndisplay: block;\r\n}\r\n}\r\n@media screen and (min-width: 769px) and (max-width: 992px) {\r\n.aeioz6a956ef17aa0c {\r\ndisplay: block;\r\n}\r\n}\r\n@media screen and (min-width: 768px) and (max-width: 768px) {\r\n.aeioz6a956ef17aa0c {\r\ndisplay: block;\r\n}\r\n}\r\n@media screen and (max-width: 767px) {\r\n.aeioz6a956ef17aa0c {\r\ndisplay: block;\r\n}\r\n}\r\n<\/style>\r\n<div class=\"pzwye6a956ef1818b3\" ><div id=\"div_destino\"><\/div>\r\n<script src=\"https:\/\/cdn.snsrsv.com\/sdk.js\"><\/script>\r\n<script >\r\n      new sdk(\"464030C30061EA8BE065000000000001\") \r\n          .appendTo(\"div_destino\")\r\n          .disableStyle(true) \r\n          .setCacheBusterMacro(\"%%CACHEBUSTER%%\")\r\n          .setSize(\"800\",\"214\")\r\n          .setClickMacro(\"%%CLICK_URL_ESC%%\") \r\n          .setReferrerUrlMacro(\"%%REFERRER_URL_ESC%%\") \r\n          .start(); \r\n<\/script><\/div><style type=\"text\/css\">\r\n@media screen and (min-width: 1201px) {\r\n.pzwye6a956ef1818b3 {\r\ndisplay: block;\r\n}\r\n}\r\n@media screen and (min-width: 993px) and (max-width: 1200px) {\r\n.pzwye6a956ef1818b3 {\r\ndisplay: block;\r\n}\r\n}\r\n@media screen and (min-width: 769px) and (max-width: 992px) {\r\n.pzwye6a956ef1818b3 {\r\ndisplay: block;\r\n}\r\n}\r\n@media screen and (min-width: 768px) and (max-width: 768px) {\r\n.pzwye6a956ef1818b3 {\r\ndisplay: block;\r\n}\r\n}\r\n@media screen and (max-width: 767px) {\r\n.pzwye6a956ef1818b3 {\r\ndisplay: block;\r\n}\r\n}\r\n<\/style>\r\n","protected":false},"excerpt":{"rendered":"<p>A C\u00e2mara Municipal de Cataguases aprovou na noite desta segunda-feira, 3 de novembro, o Projeto de Lei n\u00ba 039\/2025, de autoria do Executivo Municipal, que reestruturou e modernizou a antiga EMHA &#8211; Empresa Municipal de Habita\u00e7\u00e3o &#8211; que agora passou<\/p>\n<p class=\"link-more\"><a class=\"more-link\" href=\"https:\/\/marcelolopes.jor.br\/site\/2025\/11\/04\/vereadores-aprovam-lei-que-moderniza-a-antiga-emha\/\">Leia mais <span class=\"screen-reader-text\">Vereadores aprovam lei que moderniza a antiga EMHA<\/span><\/a><\/p>\n","protected":false},"author":2,"featured_media":61732,"comment_status":"open","ping_status":"closed","sticky":false,"template":"","format":"standard","meta":{"footnotes":""},"categories":[1],"tags":[],"class_list":["post-61729","post","type-post","status-publish","format-standard","has-post-thumbnail","hentry","category-noticias","thumb-below-title"],"yoast_head":"<!-- This site is optimized with the Yoast SEO plugin v28.3 - https:\/\/yoast.com\/product\/yoast-seo-wordpress\/ -->\n<title>Vereadores aprovam lei que moderniza a antiga EMHA | Marcelo Lopes<\/title>\n<meta name=\"description\" content=\"Vereadores aprovam lei que moderniza a antiga EMHA. Agora se tornou uma empresa tecnol\u00f3gica e se chama EMATEC.\" \/>\n<meta name=\"robots\" content=\"index, follow, max-snippet:-1, max-image-preview:large, max-video-preview:-1\" \/>\n<link rel=\"canonical\" href=\"https:\/\/marcelolopes.jor.br\/site\/2025\/11\/04\/vereadores-aprovam-lei-que-moderniza-a-antiga-emha\/\" \/>\n<meta property=\"og:locale\" content=\"pt_BR\" \/>\n<meta property=\"og:type\" content=\"article\" \/>\n<meta property=\"og:title\" content=\"Vereadores aprovam lei que moderniza a antiga EMHA | Marcelo Lopes\" \/>\n<meta property=\"og:description\" content=\"Vereadores aprovam lei que moderniza a antiga EMHA. Agora se tornou uma empresa tecnol\u00f3gica e se chama EMATEC.\" \/>\n<meta property=\"og:url\" content=\"https:\/\/marcelolopes.jor.br\/site\/2025\/11\/04\/vereadores-aprovam-lei-que-moderniza-a-antiga-emha\/\" \/>\n<meta property=\"og:site_name\" content=\"Marcelo Lopes\" \/>\n<meta property=\"article:publisher\" content=\"https:\/\/www.facebook.com\/sitedomarcelolopes\" \/>\n<meta property=\"article:published_time\" content=\"2025-11-04T10:00:01+00:00\" \/>\n<meta property=\"article:modified_time\" content=\"2025-11-04T13:23:33+00:00\" \/>\n<meta property=\"og:image\" content=\"https:\/\/marcelolopes.jor.br\/site\/wp-content\/uploads\/2025\/11\/Vereadores.jpg\" \/>\n\t<meta property=\"og:image:width\" content=\"800\" \/>\n\t<meta property=\"og:image:height\" content=\"496\" \/>\n\t<meta property=\"og:image:type\" content=\"image\/jpeg\" \/>\n<meta name=\"author\" content=\"Marcelo Lopes\" \/>\n<meta name=\"twitter:card\" content=\"summary_large_image\" \/>\n<meta name=\"twitter:label1\" content=\"Escrito por\" \/>\n\t<meta name=\"twitter:data1\" content=\"Marcelo Lopes\" \/>\n\t<meta name=\"twitter:label2\" content=\"Est. tempo de leitura\" \/>\n\t<meta name=\"twitter:data2\" content=\"3 minutos\" \/>\n<script type=\"application\/ld+json\" class=\"yoast-schema-graph\">{\"@context\":\"https:\\\/\\\/schema.org\",\"@graph\":[{\"@type\":\"NewsArticle\",\"@id\":\"https:\\\/\\\/marcelolopes.jor.br\\\/site\\\/2025\\\/11\\\/04\\\/vereadores-aprovam-lei-que-moderniza-a-antiga-emha\\\/#article\",\"isPartOf\":{\"@id\":\"https:\\\/\\\/marcelolopes.jor.br\\\/site\\\/2025\\\/11\\\/04\\\/vereadores-aprovam-lei-que-moderniza-a-antiga-emha\\\/\"},\"author\":{\"name\":\"Marcelo Lopes\",\"@id\":\"https:\\\/\\\/marcelolopes.jor.br\\\/site\\\/#\\\/schema\\\/person\\\/3e7216a35c34d8fdf952b31da3d1f89f\"},\"headline\":\"Vereadores aprovam lei que moderniza a antiga EMHA\",\"datePublished\":\"2025-11-04T10:00:01+00:00\",\"dateModified\":\"2025-11-04T13:23:33+00:00\",\"mainEntityOfPage\":{\"@id\":\"https:\\\/\\\/marcelolopes.jor.br\\\/site\\\/2025\\\/11\\\/04\\\/vereadores-aprovam-lei-que-moderniza-a-antiga-emha\\\/\"},\"wordCount\":585,\"commentCount\":0,\"publisher\":{\"@id\":\"https:\\\/\\\/marcelolopes.jor.br\\\/site\\\/#organization\"},\"image\":{\"@id\":\"https:\\\/\\\/marcelolopes.jor.br\\\/site\\\/2025\\\/11\\\/04\\\/vereadores-aprovam-lei-que-moderniza-a-antiga-emha\\\/#primaryimage\"},\"thumbnailUrl\":\"https:\\\/\\\/marcelolopes.jor.br\\\/site\\\/wp-content\\\/uploads\\\/2025\\\/11\\\/Vereadores.jpg\",\"articleSection\":[\"Not\u00edcias\"],\"inLanguage\":\"pt-BR\",\"potentialAction\":[{\"@type\":\"CommentAction\",\"name\":\"Comment\",\"target\":[\"https:\\\/\\\/marcelolopes.jor.br\\\/site\\\/2025\\\/11\\\/04\\\/vereadores-aprovam-lei-que-moderniza-a-antiga-emha\\\/#respond\"]}]},{\"@type\":\"WebPage\",\"@id\":\"https:\\\/\\\/marcelolopes.jor.br\\\/site\\\/2025\\\/11\\\/04\\\/vereadores-aprovam-lei-que-moderniza-a-antiga-emha\\\/\",\"url\":\"https:\\\/\\\/marcelolopes.jor.br\\\/site\\\/2025\\\/11\\\/04\\\/vereadores-aprovam-lei-que-moderniza-a-antiga-emha\\\/\",\"name\":\"Vereadores aprovam lei que moderniza a antiga EMHA | Marcelo Lopes\",\"isPartOf\":{\"@id\":\"https:\\\/\\\/marcelolopes.jor.br\\\/site\\\/#website\"},\"primaryImageOfPage\":{\"@id\":\"https:\\\/\\\/marcelolopes.jor.br\\\/site\\\/2025\\\/11\\\/04\\\/vereadores-aprovam-lei-que-moderniza-a-antiga-emha\\\/#primaryimage\"},\"image\":{\"@id\":\"https:\\\/\\\/marcelolopes.jor.br\\\/site\\\/2025\\\/11\\\/04\\\/vereadores-aprovam-lei-que-moderniza-a-antiga-emha\\\/#primaryimage\"},\"thumbnailUrl\":\"https:\\\/\\\/marcelolopes.jor.br\\\/site\\\/wp-content\\\/uploads\\\/2025\\\/11\\\/Vereadores.jpg\",\"datePublished\":\"2025-11-04T10:00:01+00:00\",\"dateModified\":\"2025-11-04T13:23:33+00:00\",\"description\":\"Vereadores aprovam lei que moderniza a antiga EMHA. Agora se tornou uma empresa tecnol\u00f3gica e se chama EMATEC.\",\"breadcrumb\":{\"@id\":\"https:\\\/\\\/marcelolopes.jor.br\\\/site\\\/2025\\\/11\\\/04\\\/vereadores-aprovam-lei-que-moderniza-a-antiga-emha\\\/#breadcrumb\"},\"inLanguage\":\"pt-BR\",\"potentialAction\":[{\"@type\":\"ReadAction\",\"target\":[\"https:\\\/\\\/marcelolopes.jor.br\\\/site\\\/2025\\\/11\\\/04\\\/vereadores-aprovam-lei-que-moderniza-a-antiga-emha\\\/\"]}]},{\"@type\":\"ImageObject\",\"inLanguage\":\"pt-BR\",\"@id\":\"https:\\\/\\\/marcelolopes.jor.br\\\/site\\\/2025\\\/11\\\/04\\\/vereadores-aprovam-lei-que-moderniza-a-antiga-emha\\\/#primaryimage\",\"url\":\"https:\\\/\\\/marcelolopes.jor.br\\\/site\\\/wp-content\\\/uploads\\\/2025\\\/11\\\/Vereadores.jpg\",\"contentUrl\":\"https:\\\/\\\/marcelolopes.jor.br\\\/site\\\/wp-content\\\/uploads\\\/2025\\\/11\\\/Vereadores.jpg\",\"width\":800,\"height\":496,\"caption\":\"Vereadores aprovam lei que\"},{\"@type\":\"BreadcrumbList\",\"@id\":\"https:\\\/\\\/marcelolopes.jor.br\\\/site\\\/2025\\\/11\\\/04\\\/vereadores-aprovam-lei-que-moderniza-a-antiga-emha\\\/#breadcrumb\",\"itemListElement\":[{\"@type\":\"ListItem\",\"position\":1,\"name\":\"Home\",\"item\":\"https:\\\/\\\/marcelolopes.jor.br\\\/site\\\/\"},{\"@type\":\"ListItem\",\"position\":2,\"name\":\"Vereadores aprovam lei que moderniza a antiga EMHA\"}]},{\"@type\":\"WebSite\",\"@id\":\"https:\\\/\\\/marcelolopes.jor.br\\\/site\\\/#website\",\"url\":\"https:\\\/\\\/marcelolopes.jor.br\\\/site\\\/\",\"name\":\"Marcelo Lopes\",\"description\":\"Not\u00edcias de Cataguases e Regi\u00e3o\",\"publisher\":{\"@id\":\"https:\\\/\\\/marcelolopes.jor.br\\\/site\\\/#organization\"},\"potentialAction\":[{\"@type\":\"SearchAction\",\"target\":{\"@type\":\"EntryPoint\",\"urlTemplate\":\"https:\\\/\\\/marcelolopes.jor.br\\\/site\\\/?s={search_term_string}\"},\"query-input\":{\"@type\":\"PropertyValueSpecification\",\"valueRequired\":true,\"valueName\":\"search_term_string\"}}],\"inLanguage\":\"pt-BR\"},{\"@type\":\"Organization\",\"@id\":\"https:\\\/\\\/marcelolopes.jor.br\\\/site\\\/#organization\",\"name\":\"Site do Marcelo Lopes\",\"url\":\"https:\\\/\\\/marcelolopes.jor.br\\\/site\\\/\",\"logo\":{\"@type\":\"ImageObject\",\"inLanguage\":\"pt-BR\",\"@id\":\"https:\\\/\\\/marcelolopes.jor.br\\\/site\\\/#\\\/schema\\\/logo\\\/image\\\/\",\"url\":\"https:\\\/\\\/marcelolopes.jor.br\\\/site\\\/wp-content\\\/uploads\\\/2026\\\/07\\\/cropped-logo2026.png\",\"contentUrl\":\"https:\\\/\\\/marcelolopes.jor.br\\\/site\\\/wp-content\\\/uploads\\\/2026\\\/07\\\/cropped-logo2026.png\",\"width\":328,\"height\":96,\"caption\":\"Site do Marcelo Lopes\"},\"image\":{\"@id\":\"https:\\\/\\\/marcelolopes.jor.br\\\/site\\\/#\\\/schema\\\/logo\\\/image\\\/\"},\"sameAs\":[\"https:\\\/\\\/www.facebook.com\\\/sitedomarcelolopes\",\"https:\\\/\\\/www.instagram.com\\\/sitedomarcelolopes\\\/\",\"https:\\\/\\\/www.linkedin.com\\\/company\\\/site-do-marcelo-lopes\\\/\",\"https:\\\/\\\/www.youtube.com\\\/user\\\/marcelolopes957\"]},{\"@type\":\"Person\",\"@id\":\"https:\\\/\\\/marcelolopes.jor.br\\\/site\\\/#\\\/schema\\\/person\\\/3e7216a35c34d8fdf952b31da3d1f89f\",\"name\":\"Marcelo Lopes\",\"sameAs\":[\"http:\\\/\\\/www.marcelolopes.jor.br\"],\"url\":\"https:\\\/\\\/marcelolopes.jor.br\\\/site\\\/author\\\/marcelo\\\/\"}]}<\/script>\n<!-- \/ Yoast SEO plugin. -->","yoast_head_json":{"title":"Vereadores aprovam lei que moderniza a antiga EMHA | Marcelo Lopes","description":"Vereadores aprovam lei que moderniza a antiga EMHA. Agora se tornou uma empresa tecnol\u00f3gica e se chama EMATEC.","robots":{"index":"index","follow":"follow","max-snippet":"max-snippet:-1","max-image-preview":"max-image-preview:large","max-video-preview":"max-video-preview:-1"},"canonical":"https:\/\/marcelolopes.jor.br\/site\/2025\/11\/04\/vereadores-aprovam-lei-que-moderniza-a-antiga-emha\/","og_locale":"pt_BR","og_type":"article","og_title":"Vereadores aprovam lei que moderniza a antiga EMHA | Marcelo Lopes","og_description":"Vereadores aprovam lei que moderniza a antiga EMHA. Agora se tornou uma empresa tecnol\u00f3gica e se chama EMATEC.","og_url":"https:\/\/marcelolopes.jor.br\/site\/2025\/11\/04\/vereadores-aprovam-lei-que-moderniza-a-antiga-emha\/","og_site_name":"Marcelo Lopes","article_publisher":"https:\/\/www.facebook.com\/sitedomarcelolopes","article_published_time":"2025-11-04T10:00:01+00:00","article_modified_time":"2025-11-04T13:23:33+00:00","og_image":[{"width":800,"height":496,"url":"https:\/\/marcelolopes.jor.br\/site\/wp-content\/uploads\/2025\/11\/Vereadores.jpg","type":"image\/jpeg"}],"author":"Marcelo Lopes","twitter_card":"summary_large_image","twitter_misc":{"Escrito por":"Marcelo Lopes","Est. tempo de leitura":"3 minutos"},"schema":{"@context":"https:\/\/schema.org","@graph":[{"@type":"NewsArticle","@id":"https:\/\/marcelolopes.jor.br\/site\/2025\/11\/04\/vereadores-aprovam-lei-que-moderniza-a-antiga-emha\/#article","isPartOf":{"@id":"https:\/\/marcelolopes.jor.br\/site\/2025\/11\/04\/vereadores-aprovam-lei-que-moderniza-a-antiga-emha\/"},"author":{"name":"Marcelo Lopes","@id":"https:\/\/marcelolopes.jor.br\/site\/#\/schema\/person\/3e7216a35c34d8fdf952b31da3d1f89f"},"headline":"Vereadores aprovam lei que moderniza a antiga EMHA","datePublished":"2025-11-04T10:00:01+00:00","dateModified":"2025-11-04T13:23:33+00:00","mainEntityOfPage":{"@id":"https:\/\/marcelolopes.jor.br\/site\/2025\/11\/04\/vereadores-aprovam-lei-que-moderniza-a-antiga-emha\/"},"wordCount":585,"commentCount":0,"publisher":{"@id":"https:\/\/marcelolopes.jor.br\/site\/#organization"},"image":{"@id":"https:\/\/marcelolopes.jor.br\/site\/2025\/11\/04\/vereadores-aprovam-lei-que-moderniza-a-antiga-emha\/#primaryimage"},"thumbnailUrl":"https:\/\/marcelolopes.jor.br\/site\/wp-content\/uploads\/2025\/11\/Vereadores.jpg","articleSection":["Not\u00edcias"],"inLanguage":"pt-BR","potentialAction":[{"@type":"CommentAction","name":"Comment","target":["https:\/\/marcelolopes.jor.br\/site\/2025\/11\/04\/vereadores-aprovam-lei-que-moderniza-a-antiga-emha\/#respond"]}]},{"@type":"WebPage","@id":"https:\/\/marcelolopes.jor.br\/site\/2025\/11\/04\/vereadores-aprovam-lei-que-moderniza-a-antiga-emha\/","url":"https:\/\/marcelolopes.jor.br\/site\/2025\/11\/04\/vereadores-aprovam-lei-que-moderniza-a-antiga-emha\/","name":"Vereadores aprovam lei que moderniza a antiga EMHA | Marcelo Lopes","isPartOf":{"@id":"https:\/\/marcelolopes.jor.br\/site\/#website"},"primaryImageOfPage":{"@id":"https:\/\/marcelolopes.jor.br\/site\/2025\/11\/04\/vereadores-aprovam-lei-que-moderniza-a-antiga-emha\/#primaryimage"},"image":{"@id":"https:\/\/marcelolopes.jor.br\/site\/2025\/11\/04\/vereadores-aprovam-lei-que-moderniza-a-antiga-emha\/#primaryimage"},"thumbnailUrl":"https:\/\/marcelolopes.jor.br\/site\/wp-content\/uploads\/2025\/11\/Vereadores.jpg","datePublished":"2025-11-04T10:00:01+00:00","dateModified":"2025-11-04T13:23:33+00:00","description":"Vereadores aprovam lei que moderniza a antiga EMHA. Agora se tornou uma empresa tecnol\u00f3gica e se chama EMATEC.","breadcrumb":{"@id":"https:\/\/marcelolopes.jor.br\/site\/2025\/11\/04\/vereadores-aprovam-lei-que-moderniza-a-antiga-emha\/#breadcrumb"},"inLanguage":"pt-BR","potentialAction":[{"@type":"ReadAction","target":["https:\/\/marcelolopes.jor.br\/site\/2025\/11\/04\/vereadores-aprovam-lei-que-moderniza-a-antiga-emha\/"]}]},{"@type":"ImageObject","inLanguage":"pt-BR","@id":"https:\/\/marcelolopes.jor.br\/site\/2025\/11\/04\/vereadores-aprovam-lei-que-moderniza-a-antiga-emha\/#primaryimage","url":"https:\/\/marcelolopes.jor.br\/site\/wp-content\/uploads\/2025\/11\/Vereadores.jpg","contentUrl":"https:\/\/marcelolopes.jor.br\/site\/wp-content\/uploads\/2025\/11\/Vereadores.jpg","width":800,"height":496,"caption":"Vereadores aprovam lei que"},{"@type":"BreadcrumbList","@id":"https:\/\/marcelolopes.jor.br\/site\/2025\/11\/04\/vereadores-aprovam-lei-que-moderniza-a-antiga-emha\/#breadcrumb","itemListElement":[{"@type":"ListItem","position":1,"name":"Home","item":"https:\/\/marcelolopes.jor.br\/site\/"},{"@type":"ListItem","position":2,"name":"Vereadores aprovam lei que moderniza a antiga EMHA"}]},{"@type":"WebSite","@id":"https:\/\/marcelolopes.jor.br\/site\/#website","url":"https:\/\/marcelolopes.jor.br\/site\/","name":"Marcelo Lopes","description":"Not\u00edcias de Cataguases e Regi\u00e3o","publisher":{"@id":"https:\/\/marcelolopes.jor.br\/site\/#organization"},"potentialAction":[{"@type":"SearchAction","target":{"@type":"EntryPoint","urlTemplate":"https:\/\/marcelolopes.jor.br\/site\/?s={search_term_string}"},"query-input":{"@type":"PropertyValueSpecification","valueRequired":true,"valueName":"search_term_string"}}],"inLanguage":"pt-BR"},{"@type":"Organization","@id":"https:\/\/marcelolopes.jor.br\/site\/#organization","name":"Site do Marcelo Lopes","url":"https:\/\/marcelolopes.jor.br\/site\/","logo":{"@type":"ImageObject","inLanguage":"pt-BR","@id":"https:\/\/marcelolopes.jor.br\/site\/#\/schema\/logo\/image\/","url":"https:\/\/marcelolopes.jor.br\/site\/wp-content\/uploads\/2026\/07\/cropped-logo2026.png","contentUrl":"https:\/\/marcelolopes.jor.br\/site\/wp-content\/uploads\/2026\/07\/cropped-logo2026.png","width":328,"height":96,"caption":"Site do Marcelo Lopes"},"image":{"@id":"https:\/\/marcelolopes.jor.br\/site\/#\/schema\/logo\/image\/"},"sameAs":["https:\/\/www.facebook.com\/sitedomarcelolopes","https:\/\/www.instagram.com\/sitedomarcelolopes\/","https:\/\/www.linkedin.com\/company\/site-do-marcelo-lopes\/","https:\/\/www.youtube.com\/user\/marcelolopes957"]},{"@type":"Person","@id":"https:\/\/marcelolopes.jor.br\/site\/#\/schema\/person\/3e7216a35c34d8fdf952b31da3d1f89f","name":"Marcelo Lopes","sameAs":["http:\/\/www.marcelolopes.jor.br"],"url":"https:\/\/marcelolopes.jor.br\/site\/author\/marcelo\/"}]}},"wps_subtitle":"Agora se tornou uma empresa tecnol\u00f3gica e se chama EMATEC.","_links":{"self":[{"href":"https:\/\/marcelolopes.jor.br\/site\/wp-json\/wp\/v2\/posts\/61729","targetHints":{"allow":["GET"]}}],"collection":[{"href":"https:\/\/marcelolopes.jor.br\/site\/wp-json\/wp\/v2\/posts"}],"about":[{"href":"https:\/\/marcelolopes.jor.br\/site\/wp-json\/wp\/v2\/types\/post"}],"author":[{"embeddable":true,"href":"https:\/\/marcelolopes.jor.br\/site\/wp-json\/wp\/v2\/users\/2"}],"replies":[{"embeddable":true,"href":"https:\/\/marcelolopes.jor.br\/site\/wp-json\/wp\/v2\/comments?post=61729"}],"version-history":[{"count":0,"href":"https:\/\/marcelolopes.jor.br\/site\/wp-json\/wp\/v2\/posts\/61729\/revisions"}],"wp:featuredmedia":[{"embeddable":true,"href":"https:\/\/marcelolopes.jor.br\/site\/wp-json\/wp\/v2\/media\/61732"}],"wp:attachment":[{"href":"https:\/\/marcelolopes.jor.br\/site\/wp-json\/wp\/v2\/media?parent=61729"}],"wp:term":[{"taxonomy":"category","embeddable":true,"href":"https:\/\/marcelolopes.jor.br\/site\/wp-json\/wp\/v2\/categories?post=61729"},{"taxonomy":"post_tag","embeddable":true,"href":"https:\/\/marcelolopes.jor.br\/site\/wp-json\/wp\/v2\/tags?post=61729"}],"curies":[{"name":"wp","href":"https:\/\/api.w.org\/{rel}","templated":true}]}}