{"id":6139,"date":"2019-09-20T09:00:59","date_gmt":"2019-09-20T12:00:59","guid":{"rendered":"https:\/\/marcelolopes.jor.br\/?p=6139"},"modified":"2019-09-20T09:03:03","modified_gmt":"2019-09-20T12:03:03","slug":"apae-leopoldina-desmente-em-nota-oficial-realizacao-de-evento","status":"publish","type":"post","link":"https:\/\/marcelolopes.jor.br\/site\/2019\/09\/20\/apae-leopoldina-desmente-em-nota-oficial-realizacao-de-evento\/","title":{"rendered":"Apae Leopoldina desmente, em nota oficial, realiza\u00e7\u00e3o de evento"},"content":{"rendered":"<p style=\"text-align: justify;\">A Apae de Leopoldina foi usada por pessoas de m\u00e1 f\u00e9 que divulgaram a realiza\u00e7\u00e3o, por aquela entidade, de um &#8220;Show de Pr\u00eamios&#8221; neste domingo, 22 de setembro, no Parque de Exposi\u00e7\u00f5es daquela cidade. A entidade, que \u00e9 conhecida por sua credibilidade e seriedade em suas a\u00e7\u00f5es, assim que tomou conhecimento da falsa campanha, tomou todas as provid\u00eancias cab\u00edveis, inclusive na esfera judicial, para apurar os respons\u00e1veis e ressarcir os danos causados \u00e0 sua imagem.<!--more--><\/p>\n<p style=\"text-align: justify;\">O presidente da Apae de Leopoldina, Jos\u00e9 do Carmo F\u00f3fano Vieira, a fim de esclarecer em definitivo esta situa\u00e7\u00e3o que vem causando transtornos tamb\u00e9m \u00e0 comunidade em geral, sempre pronta a colaborar nas campanhas daquela entidade, divulgou uma Nota de Esclarecimento negando a realiza\u00e7\u00e3o do &#8220;Show de Pr\u00eamios&#8221; e uma suposta contrata\u00e7\u00e3o de uma empresa que seria a respons\u00e1vel pela organiza\u00e7\u00e3o de tal evento.<\/p>\n<p style=\"text-align: justify;\">Leia abaixo, na \u00edntegra, a Nota de Esclarecimento da Apae Leopoldina.<\/p>\n<p style=\"text-align: justify;\"><strong>Nota de Esclarecimento da APAE Leopoldina<\/strong><\/p>\n<p style=\"text-align: justify;\"><strong>A Associa\u00e7\u00e3o de Pais e Amigos dos Excepcionais e Leopoldina &#8211; APAE, CNPJ 19774.389\/0001-50, com endere\u00e7o na Pra\u00e7a Professor Botelho Reis, 56, Centro, Leopoldina &#8211; MG, CEP 36700-000, por seu presidente Sr. Jos\u00e9 do Carmo F\u00f3fano Vieira, vem a p\u00fablico esclarecer que n\u00e3o ir\u00e1 promover ou realizar qualquer evento com a denomina\u00e7\u00e3o &#8220;Show de Pr\u00eamios&#8221; no dia 22 de setembro de 2019, no Parque de Exposi\u00e7\u00e3o de Leopoldina, ou em qualquer outro dia, nunca tendo, inclusive, contratado qualquer tipo de empresa para realiza\u00e7\u00e3o de tal evento. Ressalta, em raz\u00e3o do fiel compromisso com suas finalidades e com a sociedade civil, que nunca contratou e nem promoveu qualquer tipo de divulga\u00e7\u00e3o sobre o suposto evento, n\u00e3o tendo autorizado quem quer que seja realizar divulga\u00e7\u00e3o em nome da entidade. Renova o compromisso com o fiel cumprimento de seus objetivos sociais previstos no Estatuto.<\/strong><\/p>\n<p style=\"text-align: justify;\"><strong>Leopoldina &#8211; MG, 19 de setembro de 2019.<\/strong><\/p>\n<p style=\"text-align: justify;\"><em><strong>Jos\u00e9 do Carmo F\u00f3fano Vieira<\/strong><\/em><br \/>\n<strong>Presidente <\/strong><br \/>\n<strong>APAE &#8211; Leopoldina &#8211; MG<\/strong><\/p>\n<p><em>Fonte e foto: Apae Leopoldina<\/em><\/p>\n<div class=\"snrez69f732baed393\" ><br><\/div><style type=\"text\/css\">\r\n@media screen and (min-width: 1201px) {\r\n.snrez69f732baed393 {\r\ndisplay: block;\r\n}\r\n}\r\n@media screen and (min-width: 993px) and (max-width: 1200px) {\r\n.snrez69f732baed393 {\r\ndisplay: block;\r\n}\r\n}\r\n@media screen and (min-width: 769px) and (max-width: 992px) {\r\n.snrez69f732baed393 {\r\ndisplay: block;\r\n}\r\n}\r\n@media screen and (min-width: 768px) and (max-width: 768px) {\r\n.snrez69f732baed393 {\r\ndisplay: block;\r\n}\r\n}\r\n@media screen and (max-width: 767px) {\r\n.snrez69f732baed393 {\r\ndisplay: block;\r\n}\r\n}\r\n<\/style>\r\n<div class=\"tsegq69f732baf38e2\" ><div id=\"div_destino\"><\/div>\r\n<script src=\"https:\/\/cdn.snsrsv.com\/sdk.js\"><\/script>\r\n<script >\r\n      new sdk(\"464030C30061EA8BE065000000000001\") \r\n          .appendTo(\"div_destino\")\r\n          .disableStyle(true) \r\n          .setCacheBusterMacro(\"%%CACHEBUSTER%%\")\r\n          .setSize(\"800\",\"214\")\r\n          .setClickMacro(\"%%CLICK_URL_ESC%%\") \r\n          .setReferrerUrlMacro(\"%%REFERRER_URL_ESC%%\") \r\n          .start(); \r\n<\/script><\/div><style type=\"text\/css\">\r\n@media screen and (min-width: 1201px) {\r\n.tsegq69f732baf38e2 {\r\ndisplay: block;\r\n}\r\n}\r\n@media screen and (min-width: 993px) and (max-width: 1200px) {\r\n.tsegq69f732baf38e2 {\r\ndisplay: block;\r\n}\r\n}\r\n@media screen and (min-width: 769px) and (max-width: 992px) {\r\n.tsegq69f732baf38e2 {\r\ndisplay: block;\r\n}\r\n}\r\n@media screen and (min-width: 768px) and (max-width: 768px) {\r\n.tsegq69f732baf38e2 {\r\ndisplay: block;\r\n}\r\n}\r\n@media screen and (max-width: 767px) {\r\n.tsegq69f732baf38e2 {\r\ndisplay: block;\r\n}\r\n}\r\n<\/style>\r\n","protected":false},"excerpt":{"rendered":"<p>A Apae de Leopoldina foi usada por pessoas de m\u00e1 f\u00e9 que divulgaram a realiza\u00e7\u00e3o, por aquela entidade, de um &#8220;Show de Pr\u00eamios&#8221; neste domingo, 22 de setembro, no Parque de Exposi\u00e7\u00f5es daquela cidade. A entidade, que \u00e9 conhecida por<\/p>\n<p class=\"link-more\"><a class=\"more-link\" href=\"https:\/\/marcelolopes.jor.br\/site\/2019\/09\/20\/apae-leopoldina-desmente-em-nota-oficial-realizacao-de-evento\/\">Leia mais <span class=\"screen-reader-text\">Apae Leopoldina desmente, em nota oficial, realiza\u00e7\u00e3o de evento<\/span><\/a><\/p>\n","protected":false},"author":2,"featured_media":6141,"comment_status":"open","ping_status":"open","sticky":false,"template":"","format":"standard","meta":{"footnotes":""},"categories":[1],"tags":[1289,286,1288,1290],"class_list":["post-6139","post","type-post","status-publish","format-standard","has-post-thumbnail","hentry","category-noticias","tag-apae-leopoldina","tag-evento","tag-nota-de-esclarecimento","tag-show-de-premios","thumb-below-title"],"yoast_head":"<!-- This site is optimized with the Yoast SEO plugin v27.4 - https:\/\/yoast.com\/product\/yoast-seo-wordpress\/ -->\n<title>Apae Leopoldina desmente, em nota oficial, realiza\u00e7\u00e3o de evento | Marcelo Lopes<\/title>\n<meta name=\"robots\" content=\"index, follow, max-snippet:-1, max-image-preview:large, max-video-preview:-1\" \/>\n<link rel=\"canonical\" href=\"https:\/\/marcelolopes.jor.br\/site\/2019\/09\/20\/apae-leopoldina-desmente-em-nota-oficial-realizacao-de-evento\/\" \/>\n<meta property=\"og:locale\" content=\"pt_BR\" \/>\n<meta property=\"og:type\" content=\"article\" \/>\n<meta property=\"og:title\" content=\"Apae Leopoldina desmente, em nota oficial, realiza\u00e7\u00e3o de evento | Marcelo Lopes\" \/>\n<meta property=\"og:description\" content=\"A Apae de Leopoldina foi usada por pessoas de m\u00e1 f\u00e9 que divulgaram a realiza\u00e7\u00e3o, por aquela entidade, de um &#8220;Show de Pr\u00eamios&#8221; neste domingo, 22 de setembro, no Parque de Exposi\u00e7\u00f5es daquela cidade. A entidade, que \u00e9 conhecida porLeia mais Apae Leopoldina desmente, em nota oficial, realiza\u00e7\u00e3o de evento\" \/>\n<meta property=\"og:url\" content=\"https:\/\/marcelolopes.jor.br\/site\/2019\/09\/20\/apae-leopoldina-desmente-em-nota-oficial-realizacao-de-evento\/\" \/>\n<meta property=\"og:site_name\" content=\"Marcelo Lopes\" \/>\n<meta property=\"article:publisher\" content=\"https:\/\/www.facebook.com\/sitedomarcelolopes\" \/>\n<meta property=\"article:published_time\" content=\"2019-09-20T12:00:59+00:00\" \/>\n<meta property=\"article:modified_time\" content=\"2019-09-20T12:03:03+00:00\" \/>\n<meta property=\"og:image\" content=\"https:\/\/marcelolopes.jor.br\/site\/wp-content\/uploads\/2019\/09\/APAE-Leopoldina.jpeg\" \/>\n\t<meta property=\"og:image:width\" content=\"1032\" \/>\n\t<meta property=\"og:image:height\" content=\"581\" \/>\n\t<meta property=\"og:image:type\" content=\"image\/jpeg\" \/>\n<meta name=\"author\" content=\"Marcelo Lopes\" \/>\n<meta name=\"twitter:card\" content=\"summary_large_image\" \/>\n<meta name=\"twitter:label1\" content=\"Escrito por\" \/>\n\t<meta name=\"twitter:data1\" content=\"Marcelo Lopes\" \/>\n\t<meta name=\"twitter:label2\" content=\"Est. tempo de leitura\" \/>\n\t<meta name=\"twitter:data2\" content=\"2 minutos\" \/>\n<script type=\"application\/ld+json\" class=\"yoast-schema-graph\">{\"@context\":\"https:\\\/\\\/schema.org\",\"@graph\":[{\"@type\":\"NewsArticle\",\"@id\":\"https:\\\/\\\/marcelolopes.jor.br\\\/site\\\/2019\\\/09\\\/20\\\/apae-leopoldina-desmente-em-nota-oficial-realizacao-de-evento\\\/#article\",\"isPartOf\":{\"@id\":\"https:\\\/\\\/marcelolopes.jor.br\\\/site\\\/2019\\\/09\\\/20\\\/apae-leopoldina-desmente-em-nota-oficial-realizacao-de-evento\\\/\"},\"author\":{\"name\":\"Marcelo Lopes\",\"@id\":\"https:\\\/\\\/marcelolopes.jor.br\\\/site\\\/#\\\/schema\\\/person\\\/3e7216a35c34d8fdf952b31da3d1f89f\"},\"headline\":\"Apae Leopoldina desmente, em nota oficial, realiza\u00e7\u00e3o de evento\",\"datePublished\":\"2019-09-20T12:00:59+00:00\",\"dateModified\":\"2019-09-20T12:03:03+00:00\",\"mainEntityOfPage\":{\"@id\":\"https:\\\/\\\/marcelolopes.jor.br\\\/site\\\/2019\\\/09\\\/20\\\/apae-leopoldina-desmente-em-nota-oficial-realizacao-de-evento\\\/\"},\"wordCount\":352,\"commentCount\":0,\"publisher\":{\"@id\":\"https:\\\/\\\/marcelolopes.jor.br\\\/site\\\/#organization\"},\"image\":{\"@id\":\"https:\\\/\\\/marcelolopes.jor.br\\\/site\\\/2019\\\/09\\\/20\\\/apae-leopoldina-desmente-em-nota-oficial-realizacao-de-evento\\\/#primaryimage\"},\"thumbnailUrl\":\"https:\\\/\\\/marcelolopes.jor.br\\\/site\\\/wp-content\\\/uploads\\\/2019\\\/09\\\/APAE-Leopoldina.jpeg\",\"keywords\":[\"Apae Leopoldina\",\"evento\",\"Nota de Esclarecimento\",\"show de pr\u00eamios\"],\"articleSection\":[\"Not\u00edcias\"],\"inLanguage\":\"pt-BR\",\"potentialAction\":[{\"@type\":\"CommentAction\",\"name\":\"Comment\",\"target\":[\"https:\\\/\\\/marcelolopes.jor.br\\\/site\\\/2019\\\/09\\\/20\\\/apae-leopoldina-desmente-em-nota-oficial-realizacao-de-evento\\\/#respond\"]}]},{\"@type\":\"WebPage\",\"@id\":\"https:\\\/\\\/marcelolopes.jor.br\\\/site\\\/2019\\\/09\\\/20\\\/apae-leopoldina-desmente-em-nota-oficial-realizacao-de-evento\\\/\",\"url\":\"https:\\\/\\\/marcelolopes.jor.br\\\/site\\\/2019\\\/09\\\/20\\\/apae-leopoldina-desmente-em-nota-oficial-realizacao-de-evento\\\/\",\"name\":\"Apae Leopoldina desmente, em nota oficial, realiza\u00e7\u00e3o de evento | Marcelo Lopes\",\"isPartOf\":{\"@id\":\"https:\\\/\\\/marcelolopes.jor.br\\\/site\\\/#website\"},\"primaryImageOfPage\":{\"@id\":\"https:\\\/\\\/marcelolopes.jor.br\\\/site\\\/2019\\\/09\\\/20\\\/apae-leopoldina-desmente-em-nota-oficial-realizacao-de-evento\\\/#primaryimage\"},\"image\":{\"@id\":\"https:\\\/\\\/marcelolopes.jor.br\\\/site\\\/2019\\\/09\\\/20\\\/apae-leopoldina-desmente-em-nota-oficial-realizacao-de-evento\\\/#primaryimage\"},\"thumbnailUrl\":\"https:\\\/\\\/marcelolopes.jor.br\\\/site\\\/wp-content\\\/uploads\\\/2019\\\/09\\\/APAE-Leopoldina.jpeg\",\"datePublished\":\"2019-09-20T12:00:59+00:00\",\"dateModified\":\"2019-09-20T12:03:03+00:00\",\"breadcrumb\":{\"@id\":\"https:\\\/\\\/marcelolopes.jor.br\\\/site\\\/2019\\\/09\\\/20\\\/apae-leopoldina-desmente-em-nota-oficial-realizacao-de-evento\\\/#breadcrumb\"},\"inLanguage\":\"pt-BR\",\"potentialAction\":[{\"@type\":\"ReadAction\",\"target\":[\"https:\\\/\\\/marcelolopes.jor.br\\\/site\\\/2019\\\/09\\\/20\\\/apae-leopoldina-desmente-em-nota-oficial-realizacao-de-evento\\\/\"]}]},{\"@type\":\"ImageObject\",\"inLanguage\":\"pt-BR\",\"@id\":\"https:\\\/\\\/marcelolopes.jor.br\\\/site\\\/2019\\\/09\\\/20\\\/apae-leopoldina-desmente-em-nota-oficial-realizacao-de-evento\\\/#primaryimage\",\"url\":\"https:\\\/\\\/marcelolopes.jor.br\\\/site\\\/wp-content\\\/uploads\\\/2019\\\/09\\\/APAE-Leopoldina.jpeg\",\"contentUrl\":\"https:\\\/\\\/marcelolopes.jor.br\\\/site\\\/wp-content\\\/uploads\\\/2019\\\/09\\\/APAE-Leopoldina.jpeg\",\"width\":1032,\"height\":581},{\"@type\":\"BreadcrumbList\",\"@id\":\"https:\\\/\\\/marcelolopes.jor.br\\\/site\\\/2019\\\/09\\\/20\\\/apae-leopoldina-desmente-em-nota-oficial-realizacao-de-evento\\\/#breadcrumb\",\"itemListElement\":[{\"@type\":\"ListItem\",\"position\":1,\"name\":\"Home\",\"item\":\"https:\\\/\\\/marcelolopes.jor.br\\\/site\\\/\"},{\"@type\":\"ListItem\",\"position\":2,\"name\":\"Apae Leopoldina desmente, em nota oficial, realiza\u00e7\u00e3o de evento\"}]},{\"@type\":\"WebSite\",\"@id\":\"https:\\\/\\\/marcelolopes.jor.br\\\/site\\\/#website\",\"url\":\"https:\\\/\\\/marcelolopes.jor.br\\\/site\\\/\",\"name\":\"Marcelo Lopes\",\"description\":\"Not\u00edcias de Cataguases e Regi\u00e3o\",\"publisher\":{\"@id\":\"https:\\\/\\\/marcelolopes.jor.br\\\/site\\\/#organization\"},\"potentialAction\":[{\"@type\":\"SearchAction\",\"target\":{\"@type\":\"EntryPoint\",\"urlTemplate\":\"https:\\\/\\\/marcelolopes.jor.br\\\/site\\\/?s={search_term_string}\"},\"query-input\":{\"@type\":\"PropertyValueSpecification\",\"valueRequired\":true,\"valueName\":\"search_term_string\"}}],\"inLanguage\":\"pt-BR\"},{\"@type\":\"Organization\",\"@id\":\"https:\\\/\\\/marcelolopes.jor.br\\\/site\\\/#organization\",\"name\":\"Site do Marcelo Lopes\",\"url\":\"https:\\\/\\\/marcelolopes.jor.br\\\/site\\\/\",\"logo\":{\"@type\":\"ImageObject\",\"inLanguage\":\"pt-BR\",\"@id\":\"https:\\\/\\\/marcelolopes.jor.br\\\/site\\\/#\\\/schema\\\/logo\\\/image\\\/\",\"url\":\"https:\\\/\\\/marcelolopes.jor.br\\\/site\\\/wp-content\\\/uploads\\\/2024\\\/11\\\/logo-1.png\",\"contentUrl\":\"https:\\\/\\\/marcelolopes.jor.br\\\/site\\\/wp-content\\\/uploads\\\/2024\\\/11\\\/logo-1.png\",\"width\":475,\"height\":80,\"caption\":\"Site do Marcelo Lopes\"},\"image\":{\"@id\":\"https:\\\/\\\/marcelolopes.jor.br\\\/site\\\/#\\\/schema\\\/logo\\\/image\\\/\"},\"sameAs\":[\"https:\\\/\\\/www.facebook.com\\\/sitedomarcelolopes\",\"https:\\\/\\\/www.instagram.com\\\/sitedomarcelolopes\\\/\",\"https:\\\/\\\/www.linkedin.com\\\/company\\\/site-do-marcelo-lopes\\\/\",\"https:\\\/\\\/www.youtube.com\\\/user\\\/marcelolopes957\"]},{\"@type\":\"Person\",\"@id\":\"https:\\\/\\\/marcelolopes.jor.br\\\/site\\\/#\\\/schema\\\/person\\\/3e7216a35c34d8fdf952b31da3d1f89f\",\"name\":\"Marcelo Lopes\",\"sameAs\":[\"http:\\\/\\\/www.marcelolopes.jor.br\"],\"url\":\"https:\\\/\\\/marcelolopes.jor.br\\\/site\\\/author\\\/marcelo\\\/\"}]}<\/script>\n<!-- \/ Yoast SEO plugin. -->","yoast_head_json":{"title":"Apae Leopoldina desmente, em nota oficial, realiza\u00e7\u00e3o de evento | Marcelo Lopes","robots":{"index":"index","follow":"follow","max-snippet":"max-snippet:-1","max-image-preview":"max-image-preview:large","max-video-preview":"max-video-preview:-1"},"canonical":"https:\/\/marcelolopes.jor.br\/site\/2019\/09\/20\/apae-leopoldina-desmente-em-nota-oficial-realizacao-de-evento\/","og_locale":"pt_BR","og_type":"article","og_title":"Apae Leopoldina desmente, em nota oficial, realiza\u00e7\u00e3o de evento | Marcelo Lopes","og_description":"A Apae de Leopoldina foi usada por pessoas de m\u00e1 f\u00e9 que divulgaram a realiza\u00e7\u00e3o, por aquela entidade, de um &#8220;Show de Pr\u00eamios&#8221; neste domingo, 22 de setembro, no Parque de Exposi\u00e7\u00f5es daquela cidade. A entidade, que \u00e9 conhecida porLeia mais Apae Leopoldina desmente, em nota oficial, realiza\u00e7\u00e3o de evento","og_url":"https:\/\/marcelolopes.jor.br\/site\/2019\/09\/20\/apae-leopoldina-desmente-em-nota-oficial-realizacao-de-evento\/","og_site_name":"Marcelo Lopes","article_publisher":"https:\/\/www.facebook.com\/sitedomarcelolopes","article_published_time":"2019-09-20T12:00:59+00:00","article_modified_time":"2019-09-20T12:03:03+00:00","og_image":[{"width":1032,"height":581,"url":"https:\/\/marcelolopes.jor.br\/site\/wp-content\/uploads\/2019\/09\/APAE-Leopoldina.jpeg","type":"image\/jpeg"}],"author":"Marcelo Lopes","twitter_card":"summary_large_image","twitter_misc":{"Escrito por":"Marcelo Lopes","Est. tempo de leitura":"2 minutos"},"schema":{"@context":"https:\/\/schema.org","@graph":[{"@type":"NewsArticle","@id":"https:\/\/marcelolopes.jor.br\/site\/2019\/09\/20\/apae-leopoldina-desmente-em-nota-oficial-realizacao-de-evento\/#article","isPartOf":{"@id":"https:\/\/marcelolopes.jor.br\/site\/2019\/09\/20\/apae-leopoldina-desmente-em-nota-oficial-realizacao-de-evento\/"},"author":{"name":"Marcelo Lopes","@id":"https:\/\/marcelolopes.jor.br\/site\/#\/schema\/person\/3e7216a35c34d8fdf952b31da3d1f89f"},"headline":"Apae Leopoldina desmente, em nota oficial, realiza\u00e7\u00e3o de evento","datePublished":"2019-09-20T12:00:59+00:00","dateModified":"2019-09-20T12:03:03+00:00","mainEntityOfPage":{"@id":"https:\/\/marcelolopes.jor.br\/site\/2019\/09\/20\/apae-leopoldina-desmente-em-nota-oficial-realizacao-de-evento\/"},"wordCount":352,"commentCount":0,"publisher":{"@id":"https:\/\/marcelolopes.jor.br\/site\/#organization"},"image":{"@id":"https:\/\/marcelolopes.jor.br\/site\/2019\/09\/20\/apae-leopoldina-desmente-em-nota-oficial-realizacao-de-evento\/#primaryimage"},"thumbnailUrl":"https:\/\/marcelolopes.jor.br\/site\/wp-content\/uploads\/2019\/09\/APAE-Leopoldina.jpeg","keywords":["Apae Leopoldina","evento","Nota de Esclarecimento","show de pr\u00eamios"],"articleSection":["Not\u00edcias"],"inLanguage":"pt-BR","potentialAction":[{"@type":"CommentAction","name":"Comment","target":["https:\/\/marcelolopes.jor.br\/site\/2019\/09\/20\/apae-leopoldina-desmente-em-nota-oficial-realizacao-de-evento\/#respond"]}]},{"@type":"WebPage","@id":"https:\/\/marcelolopes.jor.br\/site\/2019\/09\/20\/apae-leopoldina-desmente-em-nota-oficial-realizacao-de-evento\/","url":"https:\/\/marcelolopes.jor.br\/site\/2019\/09\/20\/apae-leopoldina-desmente-em-nota-oficial-realizacao-de-evento\/","name":"Apae Leopoldina desmente, em nota oficial, realiza\u00e7\u00e3o de evento | Marcelo Lopes","isPartOf":{"@id":"https:\/\/marcelolopes.jor.br\/site\/#website"},"primaryImageOfPage":{"@id":"https:\/\/marcelolopes.jor.br\/site\/2019\/09\/20\/apae-leopoldina-desmente-em-nota-oficial-realizacao-de-evento\/#primaryimage"},"image":{"@id":"https:\/\/marcelolopes.jor.br\/site\/2019\/09\/20\/apae-leopoldina-desmente-em-nota-oficial-realizacao-de-evento\/#primaryimage"},"thumbnailUrl":"https:\/\/marcelolopes.jor.br\/site\/wp-content\/uploads\/2019\/09\/APAE-Leopoldina.jpeg","datePublished":"2019-09-20T12:00:59+00:00","dateModified":"2019-09-20T12:03:03+00:00","breadcrumb":{"@id":"https:\/\/marcelolopes.jor.br\/site\/2019\/09\/20\/apae-leopoldina-desmente-em-nota-oficial-realizacao-de-evento\/#breadcrumb"},"inLanguage":"pt-BR","potentialAction":[{"@type":"ReadAction","target":["https:\/\/marcelolopes.jor.br\/site\/2019\/09\/20\/apae-leopoldina-desmente-em-nota-oficial-realizacao-de-evento\/"]}]},{"@type":"ImageObject","inLanguage":"pt-BR","@id":"https:\/\/marcelolopes.jor.br\/site\/2019\/09\/20\/apae-leopoldina-desmente-em-nota-oficial-realizacao-de-evento\/#primaryimage","url":"https:\/\/marcelolopes.jor.br\/site\/wp-content\/uploads\/2019\/09\/APAE-Leopoldina.jpeg","contentUrl":"https:\/\/marcelolopes.jor.br\/site\/wp-content\/uploads\/2019\/09\/APAE-Leopoldina.jpeg","width":1032,"height":581},{"@type":"BreadcrumbList","@id":"https:\/\/marcelolopes.jor.br\/site\/2019\/09\/20\/apae-leopoldina-desmente-em-nota-oficial-realizacao-de-evento\/#breadcrumb","itemListElement":[{"@type":"ListItem","position":1,"name":"Home","item":"https:\/\/marcelolopes.jor.br\/site\/"},{"@type":"ListItem","position":2,"name":"Apae Leopoldina desmente, em nota oficial, realiza\u00e7\u00e3o de evento"}]},{"@type":"WebSite","@id":"https:\/\/marcelolopes.jor.br\/site\/#website","url":"https:\/\/marcelolopes.jor.br\/site\/","name":"Marcelo Lopes","description":"Not\u00edcias de Cataguases e Regi\u00e3o","publisher":{"@id":"https:\/\/marcelolopes.jor.br\/site\/#organization"},"potentialAction":[{"@type":"SearchAction","target":{"@type":"EntryPoint","urlTemplate":"https:\/\/marcelolopes.jor.br\/site\/?s={search_term_string}"},"query-input":{"@type":"PropertyValueSpecification","valueRequired":true,"valueName":"search_term_string"}}],"inLanguage":"pt-BR"},{"@type":"Organization","@id":"https:\/\/marcelolopes.jor.br\/site\/#organization","name":"Site do Marcelo Lopes","url":"https:\/\/marcelolopes.jor.br\/site\/","logo":{"@type":"ImageObject","inLanguage":"pt-BR","@id":"https:\/\/marcelolopes.jor.br\/site\/#\/schema\/logo\/image\/","url":"https:\/\/marcelolopes.jor.br\/site\/wp-content\/uploads\/2024\/11\/logo-1.png","contentUrl":"https:\/\/marcelolopes.jor.br\/site\/wp-content\/uploads\/2024\/11\/logo-1.png","width":475,"height":80,"caption":"Site do Marcelo Lopes"},"image":{"@id":"https:\/\/marcelolopes.jor.br\/site\/#\/schema\/logo\/image\/"},"sameAs":["https:\/\/www.facebook.com\/sitedomarcelolopes","https:\/\/www.instagram.com\/sitedomarcelolopes\/","https:\/\/www.linkedin.com\/company\/site-do-marcelo-lopes\/","https:\/\/www.youtube.com\/user\/marcelolopes957"]},{"@type":"Person","@id":"https:\/\/marcelolopes.jor.br\/site\/#\/schema\/person\/3e7216a35c34d8fdf952b31da3d1f89f","name":"Marcelo Lopes","sameAs":["http:\/\/www.marcelolopes.jor.br"],"url":"https:\/\/marcelolopes.jor.br\/site\/author\/marcelo\/"}]}},"wps_subtitle":"Estava sendo divulgado na regi\u00e3o, sem autoriza\u00e7\u00e3o, a realiza\u00e7\u00e3o de um \"show de pr\u00eamios\".","_links":{"self":[{"href":"https:\/\/marcelolopes.jor.br\/site\/wp-json\/wp\/v2\/posts\/6139","targetHints":{"allow":["GET"]}}],"collection":[{"href":"https:\/\/marcelolopes.jor.br\/site\/wp-json\/wp\/v2\/posts"}],"about":[{"href":"https:\/\/marcelolopes.jor.br\/site\/wp-json\/wp\/v2\/types\/post"}],"author":[{"embeddable":true,"href":"https:\/\/marcelolopes.jor.br\/site\/wp-json\/wp\/v2\/users\/2"}],"replies":[{"embeddable":true,"href":"https:\/\/marcelolopes.jor.br\/site\/wp-json\/wp\/v2\/comments?post=6139"}],"version-history":[{"count":0,"href":"https:\/\/marcelolopes.jor.br\/site\/wp-json\/wp\/v2\/posts\/6139\/revisions"}],"wp:featuredmedia":[{"embeddable":true,"href":"https:\/\/marcelolopes.jor.br\/site\/wp-json\/wp\/v2\/media\/6141"}],"wp:attachment":[{"href":"https:\/\/marcelolopes.jor.br\/site\/wp-json\/wp\/v2\/media?parent=6139"}],"wp:term":[{"taxonomy":"category","embeddable":true,"href":"https:\/\/marcelolopes.jor.br\/site\/wp-json\/wp\/v2\/categories?post=6139"},{"taxonomy":"post_tag","embeddable":true,"href":"https:\/\/marcelolopes.jor.br\/site\/wp-json\/wp\/v2\/tags?post=6139"}],"curies":[{"name":"wp","href":"https:\/\/api.w.org\/{rel}","templated":true}]}}