{"id":6117,"date":"2019-09-21T07:00:39","date_gmt":"2019-09-21T10:00:39","guid":{"rendered":"https:\/\/marcelolopes.jor.br\/?p=6117"},"modified":"2019-09-20T17:11:03","modified_gmt":"2019-09-20T20:11:03","slug":"fic-vai-realizar-semana-academica-de-administracao-e-ciencias-contabeis","status":"publish","type":"post","link":"https:\/\/marcelolopes.jor.br\/site\/2019\/09\/21\/fic-vai-realizar-semana-academica-de-administracao-e-ciencias-contabeis\/","title":{"rendered":"FIC vai realizar Semana Acad\u00eamica de Administra\u00e7\u00e3o e Ci\u00eancias Cont\u00e1beis"},"content":{"rendered":"<p style=\"text-align: justify;\">Entre os dias 30 de setembro e 03 de outubro pr\u00f3ximo as Faculdades Integradas de Cataguases \u2013 Grupo UNIS, vai realizar a Semana Acad\u00eamica de Administra\u00e7\u00e3o e Ci\u00eancias Cont\u00e1beis. A edi\u00e7\u00e3o deste ano novamente inova ao ser produzida e realizada em sua totalidade pelos alunos do oitavo per\u00edodo do curso de Administra\u00e7\u00e3o e uma comiss\u00e3o dos alunos do Curso de Ci\u00eancias Cont\u00e1beis. As atividades acontecem \u00e0 noite, a partir das 19 horas, em sua maioria nas depend\u00eancias da FIC. O evento \u00e9 aberto \u00e0 comunidade com palestras e oficinas, e encerra com um momento de confraterniza\u00e7\u00e3o entre os alunos. As vagas s\u00e3o limitadas e as inscri\u00e7\u00f5es podem ser feitas no link: <strong><a href=\"http:\/\/www.even3.com.br\/semanaadmcc\">www.even3.com.br\/semanaadmcc<\/a><\/strong>. Faz parte tamb\u00e9m das comemora\u00e7\u00f5es pelo Dia do Administrador (09\/09) e do Contador (22\/09).<!--more--><\/p>\n<p style=\"text-align: justify;\">O eixo integrador definido pela equipe organizadora tem \u00eanfase na gest\u00e3o de pessoas, seus reflexos com os novos processos de controle por parte das recentes altera\u00e7\u00f5es legislativas e governamentais e seus reflexos no contexto organizacional. Haver\u00e1 palestras que apresentar\u00e3o os impactos das novas rela\u00e7\u00f5es de trabalho na vida dos trabalhadores, administradores, contadores e empres\u00e1rios.<\/p>\n<p style=\"text-align: justify;\">\u00c9 importante destacar que informa\u00e7\u00f5es fornecidas pelas empresas \u00e0s institui\u00e7\u00f5es governamentais, se n\u00e3o estiverem corretas, podem gerar uma s\u00e9rie de penalidades, atrav\u00e9s sistemas inteligentes com cruzamento de dados e informa\u00e7\u00f5es. Algumas falhas adv\u00eam de omiss\u00f5es em procedimentos, e a conta pode at\u00e9 demorar, mais vai chegar.<\/p>\n<p style=\"text-align: justify;\">&#8211; Estamos preparando nossos alunos para serem protagonistas em suas profiss\u00f5es e colaborando para o desenvolvimento das organiza\u00e7\u00f5es em que atuam, revela o coordenador do curso de Ci\u00eancias Cont\u00e1beis,, professor Jesusimar de Oliveira Dornelas. Os cursos t\u00eam um corpo docente altamente qualificado e a melhor estrutura f\u00edsica da cidade, al\u00e9m de utilizar processos de ensino e aprendizagem reconhecidamente inovadores, acrescenta.<\/p>\n<p style=\"text-align: justify;\"><img loading=\"lazy\" decoding=\"async\" class=\"aligncenter wp-image-6120\" src=\"https:\/\/marcelolopes.jor.br\/site\/wp-content\/uploads\/2019\/09\/IMG_4060-300x225.jpg\" alt=\"\" width=\"500\" height=\"375\" srcset=\"https:\/\/marcelolopes.jor.br\/site\/wp-content\/uploads\/2019\/09\/IMG_4060-300x225.jpg 300w, https:\/\/marcelolopes.jor.br\/site\/wp-content\/uploads\/2019\/09\/IMG_4060-768x576.jpg 768w, https:\/\/marcelolopes.jor.br\/site\/wp-content\/uploads\/2019\/09\/IMG_4060.jpg 800w\" sizes=\"auto, (max-width: 500px) 100vw, 500px\" \/>Jesusimar lembra que o MEC regulamenta e aprova os cursos superiores no Brasil e avalia anualmente cada um deles com notas que podem chegar a 5. O curso de Administra\u00e7\u00e3o recebeu 4 no ENADE e no MEC, e \u00e9 indicado desde 2015 pela Revista Guia do Estudante, da editora Abril, al\u00e9m de fazer parte da Empresa Jr. da FIC. &#8220;O curso de Ci\u00eancias Cont\u00e1beis foi aprovado com nota 4 pelo MEC, possui aulas pr\u00e1ticas e tem conv\u00eanio com a Receita Federal onde os alunos s\u00e3o capacitados com treinamentos e acompanhados por professores para fazerem atendimento no N\u00facleo de Apoio Fiscal &#8211; NAF, atendendo pessoas de baixa renda que t\u00eam pend\u00eancias com a Receita Federal\u201d, informa aquele professor coordenador.<\/p>\n<p style=\"text-align: justify;\">&#8211; A exemplo do FESTIC a parceria est\u00e1 sempre presente em todos os eventos realizados por esses cursos, revela o professor Lu\u00eds Ant\u00f4nio Paix\u00e3o de Rezende, coordenador do Curso de Administra\u00e7\u00e3o. Ele detalha parte da programa\u00e7\u00e3o do evento. &#8220;Dentre as empresas parceiras, a Medclin Work vai ministrar duas palestras e estar\u00e1 com sua unidade m\u00f3vel fazendo orienta\u00e7\u00f5es e procedimentos de preven\u00e7\u00e3o \u00e0 sa\u00fade no primeiro dia do evento como aferi\u00e7\u00e3o de press\u00e3o arterial e testes de glicemia no estacionamento da faculdade. As palestras e oficinas s\u00e3o ministradas por profissionais que atuam no mercado de trabalho e v\u00eam compartilhar suas experi\u00eancias profissionais com aquela comunidade acad\u00eamica\u201d, conta.<\/p>\n<p><em>Fonte: FIC-Unis | Foto: Arquivo<\/em><\/p>\n<div class=\"hqygz69f75f5940a34\" ><br><\/div><style type=\"text\/css\">\r\n@media screen and (min-width: 1201px) {\r\n.hqygz69f75f5940a34 {\r\ndisplay: block;\r\n}\r\n}\r\n@media screen and (min-width: 993px) and (max-width: 1200px) {\r\n.hqygz69f75f5940a34 {\r\ndisplay: block;\r\n}\r\n}\r\n@media screen and (min-width: 769px) and (max-width: 992px) {\r\n.hqygz69f75f5940a34 {\r\ndisplay: block;\r\n}\r\n}\r\n@media screen and (min-width: 768px) and (max-width: 768px) {\r\n.hqygz69f75f5940a34 {\r\ndisplay: block;\r\n}\r\n}\r\n@media screen and (max-width: 767px) {\r\n.hqygz69f75f5940a34 {\r\ndisplay: block;\r\n}\r\n}\r\n<\/style>\r\n<div class=\"xdauc69f75f59466d1\" ><div id=\"div_destino\"><\/div>\r\n<script src=\"https:\/\/cdn.snsrsv.com\/sdk.js\"><\/script>\r\n<script >\r\n      new sdk(\"464030C30061EA8BE065000000000001\") \r\n          .appendTo(\"div_destino\")\r\n          .disableStyle(true) \r\n          .setCacheBusterMacro(\"%%CACHEBUSTER%%\")\r\n          .setSize(\"800\",\"214\")\r\n          .setClickMacro(\"%%CLICK_URL_ESC%%\") \r\n          .setReferrerUrlMacro(\"%%REFERRER_URL_ESC%%\") \r\n          .start(); \r\n<\/script><\/div><style type=\"text\/css\">\r\n@media screen and (min-width: 1201px) {\r\n.xdauc69f75f59466d1 {\r\ndisplay: block;\r\n}\r\n}\r\n@media screen and (min-width: 993px) and (max-width: 1200px) {\r\n.xdauc69f75f59466d1 {\r\ndisplay: block;\r\n}\r\n}\r\n@media screen and (min-width: 769px) and (max-width: 992px) {\r\n.xdauc69f75f59466d1 {\r\ndisplay: block;\r\n}\r\n}\r\n@media screen and (min-width: 768px) and (max-width: 768px) {\r\n.xdauc69f75f59466d1 {\r\ndisplay: block;\r\n}\r\n}\r\n@media screen and (max-width: 767px) {\r\n.xdauc69f75f59466d1 {\r\ndisplay: block;\r\n}\r\n}\r\n<\/style>\r\n","protected":false},"excerpt":{"rendered":"<p>Entre os dias 30 de setembro e 03 de outubro pr\u00f3ximo as Faculdades Integradas de Cataguases \u2013 Grupo UNIS, vai realizar a Semana Acad\u00eamica de Administra\u00e7\u00e3o e Ci\u00eancias Cont\u00e1beis. A edi\u00e7\u00e3o deste ano novamente inova ao ser produzida e realizada<\/p>\n<p class=\"link-more\"><a class=\"more-link\" href=\"https:\/\/marcelolopes.jor.br\/site\/2019\/09\/21\/fic-vai-realizar-semana-academica-de-administracao-e-ciencias-contabeis\/\">Leia mais <span class=\"screen-reader-text\">FIC vai realizar Semana Acad\u00eamica de Administra\u00e7\u00e3o e Ci\u00eancias Cont\u00e1beis<\/span><\/a><\/p>\n","protected":false},"author":2,"featured_media":6119,"comment_status":"open","ping_status":"open","sticky":false,"template":"","format":"standard","meta":{"footnotes":""},"categories":[1],"tags":[1286,745,619,1285],"class_list":["post-6117","post","type-post","status-publish","format-standard","has-post-thumbnail","hentry","category-noticias","tag-administracao","tag-ciencias-contabeis","tag-fic-unis","tag-semana-academica","thumb-below-title"],"yoast_head":"<!-- This site is optimized with the Yoast SEO plugin v27.4 - https:\/\/yoast.com\/product\/yoast-seo-wordpress\/ -->\n<title>FIC vai realizar Semana Acad\u00eamica de Administra\u00e7\u00e3o e Ci\u00eancias Cont\u00e1beis | Marcelo Lopes<\/title>\n<meta name=\"robots\" content=\"index, follow, max-snippet:-1, max-image-preview:large, max-video-preview:-1\" \/>\n<link rel=\"canonical\" href=\"https:\/\/marcelolopes.jor.br\/site\/2019\/09\/21\/fic-vai-realizar-semana-academica-de-administracao-e-ciencias-contabeis\/\" \/>\n<meta property=\"og:locale\" content=\"pt_BR\" \/>\n<meta property=\"og:type\" content=\"article\" \/>\n<meta property=\"og:title\" content=\"FIC vai realizar Semana Acad\u00eamica de Administra\u00e7\u00e3o e Ci\u00eancias Cont\u00e1beis | Marcelo Lopes\" \/>\n<meta property=\"og:description\" content=\"Entre os dias 30 de setembro e 03 de outubro pr\u00f3ximo as Faculdades Integradas de Cataguases \u2013 Grupo UNIS, vai realizar a Semana Acad\u00eamica de Administra\u00e7\u00e3o e Ci\u00eancias Cont\u00e1beis. A edi\u00e7\u00e3o deste ano novamente inova ao ser produzida e realizadaLeia mais FIC vai realizar Semana Acad\u00eamica de Administra\u00e7\u00e3o e Ci\u00eancias Cont\u00e1beis\" \/>\n<meta property=\"og:url\" content=\"https:\/\/marcelolopes.jor.br\/site\/2019\/09\/21\/fic-vai-realizar-semana-academica-de-administracao-e-ciencias-contabeis\/\" \/>\n<meta property=\"og:site_name\" content=\"Marcelo Lopes\" \/>\n<meta property=\"article:publisher\" content=\"https:\/\/www.facebook.com\/sitedomarcelolopes\" \/>\n<meta property=\"article:published_time\" content=\"2019-09-21T10:00:39+00:00\" \/>\n<meta property=\"og:image\" content=\"https:\/\/marcelolopes.jor.br\/site\/wp-content\/uploads\/2019\/09\/Fic1.jpg\" \/>\n\t<meta property=\"og:image:width\" content=\"1025\" \/>\n\t<meta property=\"og:image:height\" content=\"720\" \/>\n\t<meta property=\"og:image:type\" content=\"image\/jpeg\" \/>\n<meta name=\"author\" content=\"Marcelo Lopes\" \/>\n<meta name=\"twitter:card\" content=\"summary_large_image\" \/>\n<meta name=\"twitter:label1\" content=\"Escrito por\" \/>\n\t<meta name=\"twitter:data1\" content=\"Marcelo Lopes\" \/>\n\t<meta name=\"twitter:label2\" content=\"Est. tempo de leitura\" \/>\n\t<meta name=\"twitter:data2\" content=\"3 minutos\" \/>\n<script type=\"application\/ld+json\" class=\"yoast-schema-graph\">{\"@context\":\"https:\\\/\\\/schema.org\",\"@graph\":[{\"@type\":\"NewsArticle\",\"@id\":\"https:\\\/\\\/marcelolopes.jor.br\\\/site\\\/2019\\\/09\\\/21\\\/fic-vai-realizar-semana-academica-de-administracao-e-ciencias-contabeis\\\/#article\",\"isPartOf\":{\"@id\":\"https:\\\/\\\/marcelolopes.jor.br\\\/site\\\/2019\\\/09\\\/21\\\/fic-vai-realizar-semana-academica-de-administracao-e-ciencias-contabeis\\\/\"},\"author\":{\"name\":\"Marcelo Lopes\",\"@id\":\"https:\\\/\\\/marcelolopes.jor.br\\\/site\\\/#\\\/schema\\\/person\\\/3e7216a35c34d8fdf952b31da3d1f89f\"},\"headline\":\"FIC vai realizar Semana Acad\u00eamica de Administra\u00e7\u00e3o e Ci\u00eancias Cont\u00e1beis\",\"datePublished\":\"2019-09-21T10:00:39+00:00\",\"mainEntityOfPage\":{\"@id\":\"https:\\\/\\\/marcelolopes.jor.br\\\/site\\\/2019\\\/09\\\/21\\\/fic-vai-realizar-semana-academica-de-administracao-e-ciencias-contabeis\\\/\"},\"wordCount\":578,\"commentCount\":0,\"publisher\":{\"@id\":\"https:\\\/\\\/marcelolopes.jor.br\\\/site\\\/#organization\"},\"image\":{\"@id\":\"https:\\\/\\\/marcelolopes.jor.br\\\/site\\\/2019\\\/09\\\/21\\\/fic-vai-realizar-semana-academica-de-administracao-e-ciencias-contabeis\\\/#primaryimage\"},\"thumbnailUrl\":\"https:\\\/\\\/marcelolopes.jor.br\\\/site\\\/wp-content\\\/uploads\\\/2019\\\/09\\\/Fic1.jpg\",\"keywords\":[\"Administra\u00e7\u00e3o\",\"Ci\u00eancias Cont\u00e1beis\",\"FIC-UNIS\",\"Semana Acad\u00eamica\"],\"articleSection\":[\"Not\u00edcias\"],\"inLanguage\":\"pt-BR\",\"potentialAction\":[{\"@type\":\"CommentAction\",\"name\":\"Comment\",\"target\":[\"https:\\\/\\\/marcelolopes.jor.br\\\/site\\\/2019\\\/09\\\/21\\\/fic-vai-realizar-semana-academica-de-administracao-e-ciencias-contabeis\\\/#respond\"]}]},{\"@type\":\"WebPage\",\"@id\":\"https:\\\/\\\/marcelolopes.jor.br\\\/site\\\/2019\\\/09\\\/21\\\/fic-vai-realizar-semana-academica-de-administracao-e-ciencias-contabeis\\\/\",\"url\":\"https:\\\/\\\/marcelolopes.jor.br\\\/site\\\/2019\\\/09\\\/21\\\/fic-vai-realizar-semana-academica-de-administracao-e-ciencias-contabeis\\\/\",\"name\":\"FIC vai realizar Semana Acad\u00eamica de Administra\u00e7\u00e3o e Ci\u00eancias Cont\u00e1beis | Marcelo Lopes\",\"isPartOf\":{\"@id\":\"https:\\\/\\\/marcelolopes.jor.br\\\/site\\\/#website\"},\"primaryImageOfPage\":{\"@id\":\"https:\\\/\\\/marcelolopes.jor.br\\\/site\\\/2019\\\/09\\\/21\\\/fic-vai-realizar-semana-academica-de-administracao-e-ciencias-contabeis\\\/#primaryimage\"},\"image\":{\"@id\":\"https:\\\/\\\/marcelolopes.jor.br\\\/site\\\/2019\\\/09\\\/21\\\/fic-vai-realizar-semana-academica-de-administracao-e-ciencias-contabeis\\\/#primaryimage\"},\"thumbnailUrl\":\"https:\\\/\\\/marcelolopes.jor.br\\\/site\\\/wp-content\\\/uploads\\\/2019\\\/09\\\/Fic1.jpg\",\"datePublished\":\"2019-09-21T10:00:39+00:00\",\"breadcrumb\":{\"@id\":\"https:\\\/\\\/marcelolopes.jor.br\\\/site\\\/2019\\\/09\\\/21\\\/fic-vai-realizar-semana-academica-de-administracao-e-ciencias-contabeis\\\/#breadcrumb\"},\"inLanguage\":\"pt-BR\",\"potentialAction\":[{\"@type\":\"ReadAction\",\"target\":[\"https:\\\/\\\/marcelolopes.jor.br\\\/site\\\/2019\\\/09\\\/21\\\/fic-vai-realizar-semana-academica-de-administracao-e-ciencias-contabeis\\\/\"]}]},{\"@type\":\"ImageObject\",\"inLanguage\":\"pt-BR\",\"@id\":\"https:\\\/\\\/marcelolopes.jor.br\\\/site\\\/2019\\\/09\\\/21\\\/fic-vai-realizar-semana-academica-de-administracao-e-ciencias-contabeis\\\/#primaryimage\",\"url\":\"https:\\\/\\\/marcelolopes.jor.br\\\/site\\\/wp-content\\\/uploads\\\/2019\\\/09\\\/Fic1.jpg\",\"contentUrl\":\"https:\\\/\\\/marcelolopes.jor.br\\\/site\\\/wp-content\\\/uploads\\\/2019\\\/09\\\/Fic1.jpg\",\"width\":1025,\"height\":720},{\"@type\":\"BreadcrumbList\",\"@id\":\"https:\\\/\\\/marcelolopes.jor.br\\\/site\\\/2019\\\/09\\\/21\\\/fic-vai-realizar-semana-academica-de-administracao-e-ciencias-contabeis\\\/#breadcrumb\",\"itemListElement\":[{\"@type\":\"ListItem\",\"position\":1,\"name\":\"Home\",\"item\":\"https:\\\/\\\/marcelolopes.jor.br\\\/site\\\/\"},{\"@type\":\"ListItem\",\"position\":2,\"name\":\"FIC vai realizar Semana Acad\u00eamica de Administra\u00e7\u00e3o e Ci\u00eancias Cont\u00e1beis\"}]},{\"@type\":\"WebSite\",\"@id\":\"https:\\\/\\\/marcelolopes.jor.br\\\/site\\\/#website\",\"url\":\"https:\\\/\\\/marcelolopes.jor.br\\\/site\\\/\",\"name\":\"Marcelo Lopes\",\"description\":\"Not\u00edcias de Cataguases e Regi\u00e3o\",\"publisher\":{\"@id\":\"https:\\\/\\\/marcelolopes.jor.br\\\/site\\\/#organization\"},\"potentialAction\":[{\"@type\":\"SearchAction\",\"target\":{\"@type\":\"EntryPoint\",\"urlTemplate\":\"https:\\\/\\\/marcelolopes.jor.br\\\/site\\\/?s={search_term_string}\"},\"query-input\":{\"@type\":\"PropertyValueSpecification\",\"valueRequired\":true,\"valueName\":\"search_term_string\"}}],\"inLanguage\":\"pt-BR\"},{\"@type\":\"Organization\",\"@id\":\"https:\\\/\\\/marcelolopes.jor.br\\\/site\\\/#organization\",\"name\":\"Site do Marcelo Lopes\",\"url\":\"https:\\\/\\\/marcelolopes.jor.br\\\/site\\\/\",\"logo\":{\"@type\":\"ImageObject\",\"inLanguage\":\"pt-BR\",\"@id\":\"https:\\\/\\\/marcelolopes.jor.br\\\/site\\\/#\\\/schema\\\/logo\\\/image\\\/\",\"url\":\"https:\\\/\\\/marcelolopes.jor.br\\\/site\\\/wp-content\\\/uploads\\\/2024\\\/11\\\/logo-1.png\",\"contentUrl\":\"https:\\\/\\\/marcelolopes.jor.br\\\/site\\\/wp-content\\\/uploads\\\/2024\\\/11\\\/logo-1.png\",\"width\":475,\"height\":80,\"caption\":\"Site do Marcelo Lopes\"},\"image\":{\"@id\":\"https:\\\/\\\/marcelolopes.jor.br\\\/site\\\/#\\\/schema\\\/logo\\\/image\\\/\"},\"sameAs\":[\"https:\\\/\\\/www.facebook.com\\\/sitedomarcelolopes\",\"https:\\\/\\\/www.instagram.com\\\/sitedomarcelolopes\\\/\",\"https:\\\/\\\/www.linkedin.com\\\/company\\\/site-do-marcelo-lopes\\\/\",\"https:\\\/\\\/www.youtube.com\\\/user\\\/marcelolopes957\"]},{\"@type\":\"Person\",\"@id\":\"https:\\\/\\\/marcelolopes.jor.br\\\/site\\\/#\\\/schema\\\/person\\\/3e7216a35c34d8fdf952b31da3d1f89f\",\"name\":\"Marcelo Lopes\",\"sameAs\":[\"http:\\\/\\\/www.marcelolopes.jor.br\"],\"url\":\"https:\\\/\\\/marcelolopes.jor.br\\\/site\\\/author\\\/marcelo\\\/\"}]}<\/script>\n<!-- \/ Yoast SEO plugin. -->","yoast_head_json":{"title":"FIC vai realizar Semana Acad\u00eamica de Administra\u00e7\u00e3o e Ci\u00eancias Cont\u00e1beis | Marcelo Lopes","robots":{"index":"index","follow":"follow","max-snippet":"max-snippet:-1","max-image-preview":"max-image-preview:large","max-video-preview":"max-video-preview:-1"},"canonical":"https:\/\/marcelolopes.jor.br\/site\/2019\/09\/21\/fic-vai-realizar-semana-academica-de-administracao-e-ciencias-contabeis\/","og_locale":"pt_BR","og_type":"article","og_title":"FIC vai realizar Semana Acad\u00eamica de Administra\u00e7\u00e3o e Ci\u00eancias Cont\u00e1beis | Marcelo Lopes","og_description":"Entre os dias 30 de setembro e 03 de outubro pr\u00f3ximo as Faculdades Integradas de Cataguases \u2013 Grupo UNIS, vai realizar a Semana Acad\u00eamica de Administra\u00e7\u00e3o e Ci\u00eancias Cont\u00e1beis. A edi\u00e7\u00e3o deste ano novamente inova ao ser produzida e realizadaLeia mais FIC vai realizar Semana Acad\u00eamica de Administra\u00e7\u00e3o e Ci\u00eancias Cont\u00e1beis","og_url":"https:\/\/marcelolopes.jor.br\/site\/2019\/09\/21\/fic-vai-realizar-semana-academica-de-administracao-e-ciencias-contabeis\/","og_site_name":"Marcelo Lopes","article_publisher":"https:\/\/www.facebook.com\/sitedomarcelolopes","article_published_time":"2019-09-21T10:00:39+00:00","og_image":[{"width":1025,"height":720,"url":"https:\/\/marcelolopes.jor.br\/site\/wp-content\/uploads\/2019\/09\/Fic1.jpg","type":"image\/jpeg"}],"author":"Marcelo Lopes","twitter_card":"summary_large_image","twitter_misc":{"Escrito por":"Marcelo Lopes","Est. tempo de leitura":"3 minutos"},"schema":{"@context":"https:\/\/schema.org","@graph":[{"@type":"NewsArticle","@id":"https:\/\/marcelolopes.jor.br\/site\/2019\/09\/21\/fic-vai-realizar-semana-academica-de-administracao-e-ciencias-contabeis\/#article","isPartOf":{"@id":"https:\/\/marcelolopes.jor.br\/site\/2019\/09\/21\/fic-vai-realizar-semana-academica-de-administracao-e-ciencias-contabeis\/"},"author":{"name":"Marcelo Lopes","@id":"https:\/\/marcelolopes.jor.br\/site\/#\/schema\/person\/3e7216a35c34d8fdf952b31da3d1f89f"},"headline":"FIC vai realizar Semana Acad\u00eamica de Administra\u00e7\u00e3o e Ci\u00eancias Cont\u00e1beis","datePublished":"2019-09-21T10:00:39+00:00","mainEntityOfPage":{"@id":"https:\/\/marcelolopes.jor.br\/site\/2019\/09\/21\/fic-vai-realizar-semana-academica-de-administracao-e-ciencias-contabeis\/"},"wordCount":578,"commentCount":0,"publisher":{"@id":"https:\/\/marcelolopes.jor.br\/site\/#organization"},"image":{"@id":"https:\/\/marcelolopes.jor.br\/site\/2019\/09\/21\/fic-vai-realizar-semana-academica-de-administracao-e-ciencias-contabeis\/#primaryimage"},"thumbnailUrl":"https:\/\/marcelolopes.jor.br\/site\/wp-content\/uploads\/2019\/09\/Fic1.jpg","keywords":["Administra\u00e7\u00e3o","Ci\u00eancias Cont\u00e1beis","FIC-UNIS","Semana Acad\u00eamica"],"articleSection":["Not\u00edcias"],"inLanguage":"pt-BR","potentialAction":[{"@type":"CommentAction","name":"Comment","target":["https:\/\/marcelolopes.jor.br\/site\/2019\/09\/21\/fic-vai-realizar-semana-academica-de-administracao-e-ciencias-contabeis\/#respond"]}]},{"@type":"WebPage","@id":"https:\/\/marcelolopes.jor.br\/site\/2019\/09\/21\/fic-vai-realizar-semana-academica-de-administracao-e-ciencias-contabeis\/","url":"https:\/\/marcelolopes.jor.br\/site\/2019\/09\/21\/fic-vai-realizar-semana-academica-de-administracao-e-ciencias-contabeis\/","name":"FIC vai realizar Semana Acad\u00eamica de Administra\u00e7\u00e3o e Ci\u00eancias Cont\u00e1beis | Marcelo Lopes","isPartOf":{"@id":"https:\/\/marcelolopes.jor.br\/site\/#website"},"primaryImageOfPage":{"@id":"https:\/\/marcelolopes.jor.br\/site\/2019\/09\/21\/fic-vai-realizar-semana-academica-de-administracao-e-ciencias-contabeis\/#primaryimage"},"image":{"@id":"https:\/\/marcelolopes.jor.br\/site\/2019\/09\/21\/fic-vai-realizar-semana-academica-de-administracao-e-ciencias-contabeis\/#primaryimage"},"thumbnailUrl":"https:\/\/marcelolopes.jor.br\/site\/wp-content\/uploads\/2019\/09\/Fic1.jpg","datePublished":"2019-09-21T10:00:39+00:00","breadcrumb":{"@id":"https:\/\/marcelolopes.jor.br\/site\/2019\/09\/21\/fic-vai-realizar-semana-academica-de-administracao-e-ciencias-contabeis\/#breadcrumb"},"inLanguage":"pt-BR","potentialAction":[{"@type":"ReadAction","target":["https:\/\/marcelolopes.jor.br\/site\/2019\/09\/21\/fic-vai-realizar-semana-academica-de-administracao-e-ciencias-contabeis\/"]}]},{"@type":"ImageObject","inLanguage":"pt-BR","@id":"https:\/\/marcelolopes.jor.br\/site\/2019\/09\/21\/fic-vai-realizar-semana-academica-de-administracao-e-ciencias-contabeis\/#primaryimage","url":"https:\/\/marcelolopes.jor.br\/site\/wp-content\/uploads\/2019\/09\/Fic1.jpg","contentUrl":"https:\/\/marcelolopes.jor.br\/site\/wp-content\/uploads\/2019\/09\/Fic1.jpg","width":1025,"height":720},{"@type":"BreadcrumbList","@id":"https:\/\/marcelolopes.jor.br\/site\/2019\/09\/21\/fic-vai-realizar-semana-academica-de-administracao-e-ciencias-contabeis\/#breadcrumb","itemListElement":[{"@type":"ListItem","position":1,"name":"Home","item":"https:\/\/marcelolopes.jor.br\/site\/"},{"@type":"ListItem","position":2,"name":"FIC vai realizar Semana Acad\u00eamica de Administra\u00e7\u00e3o e Ci\u00eancias Cont\u00e1beis"}]},{"@type":"WebSite","@id":"https:\/\/marcelolopes.jor.br\/site\/#website","url":"https:\/\/marcelolopes.jor.br\/site\/","name":"Marcelo Lopes","description":"Not\u00edcias de Cataguases e Regi\u00e3o","publisher":{"@id":"https:\/\/marcelolopes.jor.br\/site\/#organization"},"potentialAction":[{"@type":"SearchAction","target":{"@type":"EntryPoint","urlTemplate":"https:\/\/marcelolopes.jor.br\/site\/?s={search_term_string}"},"query-input":{"@type":"PropertyValueSpecification","valueRequired":true,"valueName":"search_term_string"}}],"inLanguage":"pt-BR"},{"@type":"Organization","@id":"https:\/\/marcelolopes.jor.br\/site\/#organization","name":"Site do Marcelo Lopes","url":"https:\/\/marcelolopes.jor.br\/site\/","logo":{"@type":"ImageObject","inLanguage":"pt-BR","@id":"https:\/\/marcelolopes.jor.br\/site\/#\/schema\/logo\/image\/","url":"https:\/\/marcelolopes.jor.br\/site\/wp-content\/uploads\/2024\/11\/logo-1.png","contentUrl":"https:\/\/marcelolopes.jor.br\/site\/wp-content\/uploads\/2024\/11\/logo-1.png","width":475,"height":80,"caption":"Site do Marcelo Lopes"},"image":{"@id":"https:\/\/marcelolopes.jor.br\/site\/#\/schema\/logo\/image\/"},"sameAs":["https:\/\/www.facebook.com\/sitedomarcelolopes","https:\/\/www.instagram.com\/sitedomarcelolopes\/","https:\/\/www.linkedin.com\/company\/site-do-marcelo-lopes\/","https:\/\/www.youtube.com\/user\/marcelolopes957"]},{"@type":"Person","@id":"https:\/\/marcelolopes.jor.br\/site\/#\/schema\/person\/3e7216a35c34d8fdf952b31da3d1f89f","name":"Marcelo Lopes","sameAs":["http:\/\/www.marcelolopes.jor.br"],"url":"https:\/\/marcelolopes.jor.br\/site\/author\/marcelo\/"}]}},"wps_subtitle":"O evento \u00e9 aberto \u00e0 comunidade com palestras e oficinas e ter\u00e1 como eixo a gest\u00e3o de pessoas.","_links":{"self":[{"href":"https:\/\/marcelolopes.jor.br\/site\/wp-json\/wp\/v2\/posts\/6117","targetHints":{"allow":["GET"]}}],"collection":[{"href":"https:\/\/marcelolopes.jor.br\/site\/wp-json\/wp\/v2\/posts"}],"about":[{"href":"https:\/\/marcelolopes.jor.br\/site\/wp-json\/wp\/v2\/types\/post"}],"author":[{"embeddable":true,"href":"https:\/\/marcelolopes.jor.br\/site\/wp-json\/wp\/v2\/users\/2"}],"replies":[{"embeddable":true,"href":"https:\/\/marcelolopes.jor.br\/site\/wp-json\/wp\/v2\/comments?post=6117"}],"version-history":[{"count":0,"href":"https:\/\/marcelolopes.jor.br\/site\/wp-json\/wp\/v2\/posts\/6117\/revisions"}],"wp:featuredmedia":[{"embeddable":true,"href":"https:\/\/marcelolopes.jor.br\/site\/wp-json\/wp\/v2\/media\/6119"}],"wp:attachment":[{"href":"https:\/\/marcelolopes.jor.br\/site\/wp-json\/wp\/v2\/media?parent=6117"}],"wp:term":[{"taxonomy":"category","embeddable":true,"href":"https:\/\/marcelolopes.jor.br\/site\/wp-json\/wp\/v2\/categories?post=6117"},{"taxonomy":"post_tag","embeddable":true,"href":"https:\/\/marcelolopes.jor.br\/site\/wp-json\/wp\/v2\/tags?post=6117"}],"curies":[{"name":"wp","href":"https:\/\/api.w.org\/{rel}","templated":true}]}}