{"id":6113,"date":"2019-09-20T07:00:50","date_gmt":"2019-09-20T10:00:50","guid":{"rendered":"https:\/\/marcelolopes.jor.br\/?p=6113"},"modified":"2019-09-20T09:37:45","modified_gmt":"2019-09-20T12:37:45","slug":"grupo-da-uemg-leopoldina-busca-recursos-para-apresentar-projeto-no-chile","status":"publish","type":"post","link":"https:\/\/marcelolopes.jor.br\/site\/2019\/09\/20\/grupo-da-uemg-leopoldina-busca-recursos-para-apresentar-projeto-no-chile\/","title":{"rendered":"Grupo da UEMG Leopoldina busca recursos para apresentar projeto no Chile"},"content":{"rendered":"<p style=\"text-align: justify;\">A professora cataguasense, Camila Lopes Cravo de Lacerda, Doutora em Educa\u00e7\u00e3o pela PUC-Rio, est\u00e1 coordenando o projeto de extens\u00e3o universit\u00e1ria na unidade da UEMG em Leopoldina com o tema \u201cN\u00e3o, n\u00e3o gostamos de ter medo! Conversando sobre a viol\u00eancia contra mulher\/meninas nas escolas&#8221;. Este trabalho foi, recentemente, aprovado para ser apresentado no IV Congresso de Extens\u00e3o Universit\u00e1ria da Associa\u00e7\u00e3o das Universidades do Grupo de Montevideo, que vai acontecer em Santiago, Chile, nos dias 4, 5 e 6 de novembro.<!--more--><\/p>\n<p style=\"text-align: justify;\">O Congresso \u00e9 uma atividade extensionista e durante o evento as seis alunas da UEMG Leopoldina orientadas por Camila, far\u00e3o a apresenta\u00e7\u00e3o de um Artigo Acad\u00eamico que, depois, ser\u00e1 publicado em livro e far\u00e1 parte dos anais daquele Congresso, o que comprova a seriedade e import\u00e2ncia do trabalho desenvolvido, de acordo com aquela professora doutora. Camila defende a iniciativa afirmando que \u201co alcance do Projeto \u00e9 replic\u00e1vel a outras escolas e munic\u00edpios, e um grande passo para este processo \u00e9 o j\u00e1 obtido reconhecimento internacional\u201d, afirma.<\/p>\n<p style=\"text-align: justify;\">Desde sua cria\u00e7\u00e3o o projeto coordenado pela professora doutora Camila Lacerda visitou 18 escolas e teve a participa\u00e7\u00e3o de 183 professores em Leopoldina. Ela explica que a proposta \u00e9 desenvolvida por meio de oficinas conduzidas por seis alunas do curso de Pedagogia da UEMG-Leopoldina tendo como tema a viol\u00eancia sexual contra crian\u00e7as e adolescentes, al\u00e9m de abordar tamb\u00e9m formas de identifica\u00e7\u00e3o e encaminhamento legal\/den\u00fancia e dialogar com os demais \u00f3rg\u00e3os que comp\u00f5em a rede de atendimento e prote\u00e7\u00e3o a estas pessoas. &#8220;Nosso objetivo \u00e9 contribuir para o fortalecimento dessa rede&#8221;, completa Camila.<\/p>\n<p style=\"text-align: justify;\">Apesar da grande relev\u00e2ncia do projeto no dia a dia das comunidades e o seu precoce reconhecimento internacional, a equipe envolvida est\u00e1 buscando patroc\u00ednio para poder viajar a Santiago. Segundo informa Camila, &#8220;o time respons\u00e1vel est\u00e1 realizando atividades para angariar fundos para custear a viagem, porque o Estado s\u00f3 paga as despesas de um dos representantes. Neste sentido estamos abertos a patroc\u00ednios que ser\u00e3o muito bem-vindos&#8221;, acrescenta. Outras informa\u00e7\u00f5es sobre como contribuir para que o projeto seja apresentado no Chile podem ser obtidas pelo e-mail cravokta@gmail.com.br. e pela conta no Instagram @naogostamosdetermedo.<\/p>\n<p><em>Foto: Reprodu\u00e7\u00e3o O Vigilante Online<\/em><\/p>\n<div class=\"tlpxj69f70559b5d1b\" ><br><\/div><style type=\"text\/css\">\r\n@media screen and (min-width: 1201px) {\r\n.tlpxj69f70559b5d1b {\r\ndisplay: block;\r\n}\r\n}\r\n@media screen and (min-width: 993px) and (max-width: 1200px) {\r\n.tlpxj69f70559b5d1b {\r\ndisplay: block;\r\n}\r\n}\r\n@media screen and (min-width: 769px) and (max-width: 992px) {\r\n.tlpxj69f70559b5d1b {\r\ndisplay: block;\r\n}\r\n}\r\n@media screen and (min-width: 768px) and (max-width: 768px) {\r\n.tlpxj69f70559b5d1b {\r\ndisplay: block;\r\n}\r\n}\r\n@media screen and (max-width: 767px) {\r\n.tlpxj69f70559b5d1b {\r\ndisplay: block;\r\n}\r\n}\r\n<\/style>\r\n<div class=\"mpqjp69f70559ba1d7\" ><div id=\"div_destino\"><\/div>\r\n<script src=\"https:\/\/cdn.snsrsv.com\/sdk.js\"><\/script>\r\n<script >\r\n      new sdk(\"464030C30061EA8BE065000000000001\") \r\n          .appendTo(\"div_destino\")\r\n          .disableStyle(true) \r\n          .setCacheBusterMacro(\"%%CACHEBUSTER%%\")\r\n          .setSize(\"800\",\"214\")\r\n          .setClickMacro(\"%%CLICK_URL_ESC%%\") \r\n          .setReferrerUrlMacro(\"%%REFERRER_URL_ESC%%\") \r\n          .start(); \r\n<\/script><\/div><style type=\"text\/css\">\r\n@media screen and (min-width: 1201px) {\r\n.mpqjp69f70559ba1d7 {\r\ndisplay: block;\r\n}\r\n}\r\n@media screen and (min-width: 993px) and (max-width: 1200px) {\r\n.mpqjp69f70559ba1d7 {\r\ndisplay: block;\r\n}\r\n}\r\n@media screen and (min-width: 769px) and (max-width: 992px) {\r\n.mpqjp69f70559ba1d7 {\r\ndisplay: block;\r\n}\r\n}\r\n@media screen and (min-width: 768px) and (max-width: 768px) {\r\n.mpqjp69f70559ba1d7 {\r\ndisplay: block;\r\n}\r\n}\r\n@media screen and (max-width: 767px) {\r\n.mpqjp69f70559ba1d7 {\r\ndisplay: block;\r\n}\r\n}\r\n<\/style>\r\n","protected":false},"excerpt":{"rendered":"<p>A professora cataguasense, Camila Lopes Cravo de Lacerda, Doutora em Educa\u00e7\u00e3o pela PUC-Rio, est\u00e1 coordenando o projeto de extens\u00e3o universit\u00e1ria na unidade da UEMG em Leopoldina com o tema \u201cN\u00e3o, n\u00e3o gostamos de ter medo! Conversando sobre a viol\u00eancia contra<\/p>\n<p class=\"link-more\"><a class=\"more-link\" href=\"https:\/\/marcelolopes.jor.br\/site\/2019\/09\/20\/grupo-da-uemg-leopoldina-busca-recursos-para-apresentar-projeto-no-chile\/\">Leia mais <span class=\"screen-reader-text\">Grupo da UEMG Leopoldina busca recursos para apresentar projeto no Chile<\/span><\/a><\/p>\n","protected":false},"author":2,"featured_media":6115,"comment_status":"open","ping_status":"open","sticky":false,"template":"","format":"standard","meta":{"footnotes":""},"categories":[1],"tags":[1284,1283,818,1282],"class_list":["post-6113","post","type-post","status-publish","format-standard","has-post-thumbnail","hentry","category-noticias","tag-doutora","tag-professora","tag-uemg","tag-uemg-leopoldina","thumb-below-title"],"yoast_head":"<!-- This site is optimized with the Yoast SEO plugin v27.4 - https:\/\/yoast.com\/product\/yoast-seo-wordpress\/ -->\n<title>Grupo da UEMG Leopoldina busca recursos para apresentar projeto no Chile | Marcelo Lopes<\/title>\n<meta name=\"robots\" content=\"index, follow, max-snippet:-1, max-image-preview:large, max-video-preview:-1\" \/>\n<link rel=\"canonical\" href=\"https:\/\/marcelolopes.jor.br\/site\/2019\/09\/20\/grupo-da-uemg-leopoldina-busca-recursos-para-apresentar-projeto-no-chile\/\" \/>\n<meta property=\"og:locale\" content=\"pt_BR\" \/>\n<meta property=\"og:type\" content=\"article\" \/>\n<meta property=\"og:title\" content=\"Grupo da UEMG Leopoldina busca recursos para apresentar projeto no Chile | Marcelo Lopes\" \/>\n<meta property=\"og:description\" content=\"A professora cataguasense, Camila Lopes Cravo de Lacerda, Doutora em Educa\u00e7\u00e3o pela PUC-Rio, est\u00e1 coordenando o projeto de extens\u00e3o universit\u00e1ria na unidade da UEMG em Leopoldina com o tema \u201cN\u00e3o, n\u00e3o gostamos de ter medo! Conversando sobre a viol\u00eancia contraLeia mais Grupo da UEMG Leopoldina busca recursos para apresentar projeto no Chile\" \/>\n<meta property=\"og:url\" content=\"https:\/\/marcelolopes.jor.br\/site\/2019\/09\/20\/grupo-da-uemg-leopoldina-busca-recursos-para-apresentar-projeto-no-chile\/\" \/>\n<meta property=\"og:site_name\" content=\"Marcelo Lopes\" \/>\n<meta property=\"article:publisher\" content=\"https:\/\/www.facebook.com\/sitedomarcelolopes\" \/>\n<meta property=\"article:published_time\" content=\"2019-09-20T10:00:50+00:00\" \/>\n<meta property=\"article:modified_time\" content=\"2019-09-20T12:37:45+00:00\" \/>\n<meta property=\"og:image\" content=\"https:\/\/marcelolopes.jor.br\/site\/wp-content\/uploads\/2019\/09\/7324dc2507814a75bafdbe40a3e77535.jpg\" \/>\n\t<meta property=\"og:image:width\" content=\"894\" \/>\n\t<meta property=\"og:image:height\" content=\"528\" \/>\n\t<meta property=\"og:image:type\" content=\"image\/jpeg\" \/>\n<meta name=\"author\" content=\"Marcelo Lopes\" \/>\n<meta name=\"twitter:card\" content=\"summary_large_image\" \/>\n<meta name=\"twitter:label1\" content=\"Escrito por\" \/>\n\t<meta name=\"twitter:data1\" content=\"Marcelo Lopes\" \/>\n\t<meta name=\"twitter:label2\" content=\"Est. tempo de leitura\" \/>\n\t<meta name=\"twitter:data2\" content=\"2 minutos\" \/>\n<script type=\"application\/ld+json\" class=\"yoast-schema-graph\">{\"@context\":\"https:\\\/\\\/schema.org\",\"@graph\":[{\"@type\":\"NewsArticle\",\"@id\":\"https:\\\/\\\/marcelolopes.jor.br\\\/site\\\/2019\\\/09\\\/20\\\/grupo-da-uemg-leopoldina-busca-recursos-para-apresentar-projeto-no-chile\\\/#article\",\"isPartOf\":{\"@id\":\"https:\\\/\\\/marcelolopes.jor.br\\\/site\\\/2019\\\/09\\\/20\\\/grupo-da-uemg-leopoldina-busca-recursos-para-apresentar-projeto-no-chile\\\/\"},\"author\":{\"name\":\"Marcelo Lopes\",\"@id\":\"https:\\\/\\\/marcelolopes.jor.br\\\/site\\\/#\\\/schema\\\/person\\\/3e7216a35c34d8fdf952b31da3d1f89f\"},\"headline\":\"Grupo da UEMG Leopoldina busca recursos para apresentar projeto no Chile\",\"datePublished\":\"2019-09-20T10:00:50+00:00\",\"dateModified\":\"2019-09-20T12:37:45+00:00\",\"mainEntityOfPage\":{\"@id\":\"https:\\\/\\\/marcelolopes.jor.br\\\/site\\\/2019\\\/09\\\/20\\\/grupo-da-uemg-leopoldina-busca-recursos-para-apresentar-projeto-no-chile\\\/\"},\"wordCount\":393,\"commentCount\":0,\"publisher\":{\"@id\":\"https:\\\/\\\/marcelolopes.jor.br\\\/site\\\/#organization\"},\"image\":{\"@id\":\"https:\\\/\\\/marcelolopes.jor.br\\\/site\\\/2019\\\/09\\\/20\\\/grupo-da-uemg-leopoldina-busca-recursos-para-apresentar-projeto-no-chile\\\/#primaryimage\"},\"thumbnailUrl\":\"https:\\\/\\\/marcelolopes.jor.br\\\/site\\\/wp-content\\\/uploads\\\/2019\\\/09\\\/7324dc2507814a75bafdbe40a3e77535.jpg\",\"keywords\":[\"doutora\",\"professora\",\"UEMG\",\"UEMG Leopoldina\"],\"articleSection\":[\"Not\u00edcias\"],\"inLanguage\":\"pt-BR\",\"potentialAction\":[{\"@type\":\"CommentAction\",\"name\":\"Comment\",\"target\":[\"https:\\\/\\\/marcelolopes.jor.br\\\/site\\\/2019\\\/09\\\/20\\\/grupo-da-uemg-leopoldina-busca-recursos-para-apresentar-projeto-no-chile\\\/#respond\"]}]},{\"@type\":\"WebPage\",\"@id\":\"https:\\\/\\\/marcelolopes.jor.br\\\/site\\\/2019\\\/09\\\/20\\\/grupo-da-uemg-leopoldina-busca-recursos-para-apresentar-projeto-no-chile\\\/\",\"url\":\"https:\\\/\\\/marcelolopes.jor.br\\\/site\\\/2019\\\/09\\\/20\\\/grupo-da-uemg-leopoldina-busca-recursos-para-apresentar-projeto-no-chile\\\/\",\"name\":\"Grupo da UEMG Leopoldina busca recursos para apresentar projeto no Chile | Marcelo Lopes\",\"isPartOf\":{\"@id\":\"https:\\\/\\\/marcelolopes.jor.br\\\/site\\\/#website\"},\"primaryImageOfPage\":{\"@id\":\"https:\\\/\\\/marcelolopes.jor.br\\\/site\\\/2019\\\/09\\\/20\\\/grupo-da-uemg-leopoldina-busca-recursos-para-apresentar-projeto-no-chile\\\/#primaryimage\"},\"image\":{\"@id\":\"https:\\\/\\\/marcelolopes.jor.br\\\/site\\\/2019\\\/09\\\/20\\\/grupo-da-uemg-leopoldina-busca-recursos-para-apresentar-projeto-no-chile\\\/#primaryimage\"},\"thumbnailUrl\":\"https:\\\/\\\/marcelolopes.jor.br\\\/site\\\/wp-content\\\/uploads\\\/2019\\\/09\\\/7324dc2507814a75bafdbe40a3e77535.jpg\",\"datePublished\":\"2019-09-20T10:00:50+00:00\",\"dateModified\":\"2019-09-20T12:37:45+00:00\",\"breadcrumb\":{\"@id\":\"https:\\\/\\\/marcelolopes.jor.br\\\/site\\\/2019\\\/09\\\/20\\\/grupo-da-uemg-leopoldina-busca-recursos-para-apresentar-projeto-no-chile\\\/#breadcrumb\"},\"inLanguage\":\"pt-BR\",\"potentialAction\":[{\"@type\":\"ReadAction\",\"target\":[\"https:\\\/\\\/marcelolopes.jor.br\\\/site\\\/2019\\\/09\\\/20\\\/grupo-da-uemg-leopoldina-busca-recursos-para-apresentar-projeto-no-chile\\\/\"]}]},{\"@type\":\"ImageObject\",\"inLanguage\":\"pt-BR\",\"@id\":\"https:\\\/\\\/marcelolopes.jor.br\\\/site\\\/2019\\\/09\\\/20\\\/grupo-da-uemg-leopoldina-busca-recursos-para-apresentar-projeto-no-chile\\\/#primaryimage\",\"url\":\"https:\\\/\\\/marcelolopes.jor.br\\\/site\\\/wp-content\\\/uploads\\\/2019\\\/09\\\/7324dc2507814a75bafdbe40a3e77535.jpg\",\"contentUrl\":\"https:\\\/\\\/marcelolopes.jor.br\\\/site\\\/wp-content\\\/uploads\\\/2019\\\/09\\\/7324dc2507814a75bafdbe40a3e77535.jpg\",\"width\":894,\"height\":528},{\"@type\":\"BreadcrumbList\",\"@id\":\"https:\\\/\\\/marcelolopes.jor.br\\\/site\\\/2019\\\/09\\\/20\\\/grupo-da-uemg-leopoldina-busca-recursos-para-apresentar-projeto-no-chile\\\/#breadcrumb\",\"itemListElement\":[{\"@type\":\"ListItem\",\"position\":1,\"name\":\"Home\",\"item\":\"https:\\\/\\\/marcelolopes.jor.br\\\/site\\\/\"},{\"@type\":\"ListItem\",\"position\":2,\"name\":\"Grupo da UEMG Leopoldina busca recursos para apresentar projeto no Chile\"}]},{\"@type\":\"WebSite\",\"@id\":\"https:\\\/\\\/marcelolopes.jor.br\\\/site\\\/#website\",\"url\":\"https:\\\/\\\/marcelolopes.jor.br\\\/site\\\/\",\"name\":\"Marcelo Lopes\",\"description\":\"Not\u00edcias de Cataguases e Regi\u00e3o\",\"publisher\":{\"@id\":\"https:\\\/\\\/marcelolopes.jor.br\\\/site\\\/#organization\"},\"potentialAction\":[{\"@type\":\"SearchAction\",\"target\":{\"@type\":\"EntryPoint\",\"urlTemplate\":\"https:\\\/\\\/marcelolopes.jor.br\\\/site\\\/?s={search_term_string}\"},\"query-input\":{\"@type\":\"PropertyValueSpecification\",\"valueRequired\":true,\"valueName\":\"search_term_string\"}}],\"inLanguage\":\"pt-BR\"},{\"@type\":\"Organization\",\"@id\":\"https:\\\/\\\/marcelolopes.jor.br\\\/site\\\/#organization\",\"name\":\"Site do Marcelo Lopes\",\"url\":\"https:\\\/\\\/marcelolopes.jor.br\\\/site\\\/\",\"logo\":{\"@type\":\"ImageObject\",\"inLanguage\":\"pt-BR\",\"@id\":\"https:\\\/\\\/marcelolopes.jor.br\\\/site\\\/#\\\/schema\\\/logo\\\/image\\\/\",\"url\":\"https:\\\/\\\/marcelolopes.jor.br\\\/site\\\/wp-content\\\/uploads\\\/2024\\\/11\\\/logo-1.png\",\"contentUrl\":\"https:\\\/\\\/marcelolopes.jor.br\\\/site\\\/wp-content\\\/uploads\\\/2024\\\/11\\\/logo-1.png\",\"width\":475,\"height\":80,\"caption\":\"Site do Marcelo Lopes\"},\"image\":{\"@id\":\"https:\\\/\\\/marcelolopes.jor.br\\\/site\\\/#\\\/schema\\\/logo\\\/image\\\/\"},\"sameAs\":[\"https:\\\/\\\/www.facebook.com\\\/sitedomarcelolopes\",\"https:\\\/\\\/www.instagram.com\\\/sitedomarcelolopes\\\/\",\"https:\\\/\\\/www.linkedin.com\\\/company\\\/site-do-marcelo-lopes\\\/\",\"https:\\\/\\\/www.youtube.com\\\/user\\\/marcelolopes957\"]},{\"@type\":\"Person\",\"@id\":\"https:\\\/\\\/marcelolopes.jor.br\\\/site\\\/#\\\/schema\\\/person\\\/3e7216a35c34d8fdf952b31da3d1f89f\",\"name\":\"Marcelo Lopes\",\"sameAs\":[\"http:\\\/\\\/www.marcelolopes.jor.br\"],\"url\":\"https:\\\/\\\/marcelolopes.jor.br\\\/site\\\/author\\\/marcelo\\\/\"}]}<\/script>\n<!-- \/ Yoast SEO plugin. -->","yoast_head_json":{"title":"Grupo da UEMG Leopoldina busca recursos para apresentar projeto no Chile | Marcelo Lopes","robots":{"index":"index","follow":"follow","max-snippet":"max-snippet:-1","max-image-preview":"max-image-preview:large","max-video-preview":"max-video-preview:-1"},"canonical":"https:\/\/marcelolopes.jor.br\/site\/2019\/09\/20\/grupo-da-uemg-leopoldina-busca-recursos-para-apresentar-projeto-no-chile\/","og_locale":"pt_BR","og_type":"article","og_title":"Grupo da UEMG Leopoldina busca recursos para apresentar projeto no Chile | Marcelo Lopes","og_description":"A professora cataguasense, Camila Lopes Cravo de Lacerda, Doutora em Educa\u00e7\u00e3o pela PUC-Rio, est\u00e1 coordenando o projeto de extens\u00e3o universit\u00e1ria na unidade da UEMG em Leopoldina com o tema \u201cN\u00e3o, n\u00e3o gostamos de ter medo! Conversando sobre a viol\u00eancia contraLeia mais Grupo da UEMG Leopoldina busca recursos para apresentar projeto no Chile","og_url":"https:\/\/marcelolopes.jor.br\/site\/2019\/09\/20\/grupo-da-uemg-leopoldina-busca-recursos-para-apresentar-projeto-no-chile\/","og_site_name":"Marcelo Lopes","article_publisher":"https:\/\/www.facebook.com\/sitedomarcelolopes","article_published_time":"2019-09-20T10:00:50+00:00","article_modified_time":"2019-09-20T12:37:45+00:00","og_image":[{"width":894,"height":528,"url":"https:\/\/marcelolopes.jor.br\/site\/wp-content\/uploads\/2019\/09\/7324dc2507814a75bafdbe40a3e77535.jpg","type":"image\/jpeg"}],"author":"Marcelo Lopes","twitter_card":"summary_large_image","twitter_misc":{"Escrito por":"Marcelo Lopes","Est. tempo de leitura":"2 minutos"},"schema":{"@context":"https:\/\/schema.org","@graph":[{"@type":"NewsArticle","@id":"https:\/\/marcelolopes.jor.br\/site\/2019\/09\/20\/grupo-da-uemg-leopoldina-busca-recursos-para-apresentar-projeto-no-chile\/#article","isPartOf":{"@id":"https:\/\/marcelolopes.jor.br\/site\/2019\/09\/20\/grupo-da-uemg-leopoldina-busca-recursos-para-apresentar-projeto-no-chile\/"},"author":{"name":"Marcelo Lopes","@id":"https:\/\/marcelolopes.jor.br\/site\/#\/schema\/person\/3e7216a35c34d8fdf952b31da3d1f89f"},"headline":"Grupo da UEMG Leopoldina busca recursos para apresentar projeto no Chile","datePublished":"2019-09-20T10:00:50+00:00","dateModified":"2019-09-20T12:37:45+00:00","mainEntityOfPage":{"@id":"https:\/\/marcelolopes.jor.br\/site\/2019\/09\/20\/grupo-da-uemg-leopoldina-busca-recursos-para-apresentar-projeto-no-chile\/"},"wordCount":393,"commentCount":0,"publisher":{"@id":"https:\/\/marcelolopes.jor.br\/site\/#organization"},"image":{"@id":"https:\/\/marcelolopes.jor.br\/site\/2019\/09\/20\/grupo-da-uemg-leopoldina-busca-recursos-para-apresentar-projeto-no-chile\/#primaryimage"},"thumbnailUrl":"https:\/\/marcelolopes.jor.br\/site\/wp-content\/uploads\/2019\/09\/7324dc2507814a75bafdbe40a3e77535.jpg","keywords":["doutora","professora","UEMG","UEMG Leopoldina"],"articleSection":["Not\u00edcias"],"inLanguage":"pt-BR","potentialAction":[{"@type":"CommentAction","name":"Comment","target":["https:\/\/marcelolopes.jor.br\/site\/2019\/09\/20\/grupo-da-uemg-leopoldina-busca-recursos-para-apresentar-projeto-no-chile\/#respond"]}]},{"@type":"WebPage","@id":"https:\/\/marcelolopes.jor.br\/site\/2019\/09\/20\/grupo-da-uemg-leopoldina-busca-recursos-para-apresentar-projeto-no-chile\/","url":"https:\/\/marcelolopes.jor.br\/site\/2019\/09\/20\/grupo-da-uemg-leopoldina-busca-recursos-para-apresentar-projeto-no-chile\/","name":"Grupo da UEMG Leopoldina busca recursos para apresentar projeto no Chile | Marcelo Lopes","isPartOf":{"@id":"https:\/\/marcelolopes.jor.br\/site\/#website"},"primaryImageOfPage":{"@id":"https:\/\/marcelolopes.jor.br\/site\/2019\/09\/20\/grupo-da-uemg-leopoldina-busca-recursos-para-apresentar-projeto-no-chile\/#primaryimage"},"image":{"@id":"https:\/\/marcelolopes.jor.br\/site\/2019\/09\/20\/grupo-da-uemg-leopoldina-busca-recursos-para-apresentar-projeto-no-chile\/#primaryimage"},"thumbnailUrl":"https:\/\/marcelolopes.jor.br\/site\/wp-content\/uploads\/2019\/09\/7324dc2507814a75bafdbe40a3e77535.jpg","datePublished":"2019-09-20T10:00:50+00:00","dateModified":"2019-09-20T12:37:45+00:00","breadcrumb":{"@id":"https:\/\/marcelolopes.jor.br\/site\/2019\/09\/20\/grupo-da-uemg-leopoldina-busca-recursos-para-apresentar-projeto-no-chile\/#breadcrumb"},"inLanguage":"pt-BR","potentialAction":[{"@type":"ReadAction","target":["https:\/\/marcelolopes.jor.br\/site\/2019\/09\/20\/grupo-da-uemg-leopoldina-busca-recursos-para-apresentar-projeto-no-chile\/"]}]},{"@type":"ImageObject","inLanguage":"pt-BR","@id":"https:\/\/marcelolopes.jor.br\/site\/2019\/09\/20\/grupo-da-uemg-leopoldina-busca-recursos-para-apresentar-projeto-no-chile\/#primaryimage","url":"https:\/\/marcelolopes.jor.br\/site\/wp-content\/uploads\/2019\/09\/7324dc2507814a75bafdbe40a3e77535.jpg","contentUrl":"https:\/\/marcelolopes.jor.br\/site\/wp-content\/uploads\/2019\/09\/7324dc2507814a75bafdbe40a3e77535.jpg","width":894,"height":528},{"@type":"BreadcrumbList","@id":"https:\/\/marcelolopes.jor.br\/site\/2019\/09\/20\/grupo-da-uemg-leopoldina-busca-recursos-para-apresentar-projeto-no-chile\/#breadcrumb","itemListElement":[{"@type":"ListItem","position":1,"name":"Home","item":"https:\/\/marcelolopes.jor.br\/site\/"},{"@type":"ListItem","position":2,"name":"Grupo da UEMG Leopoldina busca recursos para apresentar projeto no Chile"}]},{"@type":"WebSite","@id":"https:\/\/marcelolopes.jor.br\/site\/#website","url":"https:\/\/marcelolopes.jor.br\/site\/","name":"Marcelo Lopes","description":"Not\u00edcias de Cataguases e Regi\u00e3o","publisher":{"@id":"https:\/\/marcelolopes.jor.br\/site\/#organization"},"potentialAction":[{"@type":"SearchAction","target":{"@type":"EntryPoint","urlTemplate":"https:\/\/marcelolopes.jor.br\/site\/?s={search_term_string}"},"query-input":{"@type":"PropertyValueSpecification","valueRequired":true,"valueName":"search_term_string"}}],"inLanguage":"pt-BR"},{"@type":"Organization","@id":"https:\/\/marcelolopes.jor.br\/site\/#organization","name":"Site do Marcelo Lopes","url":"https:\/\/marcelolopes.jor.br\/site\/","logo":{"@type":"ImageObject","inLanguage":"pt-BR","@id":"https:\/\/marcelolopes.jor.br\/site\/#\/schema\/logo\/image\/","url":"https:\/\/marcelolopes.jor.br\/site\/wp-content\/uploads\/2024\/11\/logo-1.png","contentUrl":"https:\/\/marcelolopes.jor.br\/site\/wp-content\/uploads\/2024\/11\/logo-1.png","width":475,"height":80,"caption":"Site do Marcelo Lopes"},"image":{"@id":"https:\/\/marcelolopes.jor.br\/site\/#\/schema\/logo\/image\/"},"sameAs":["https:\/\/www.facebook.com\/sitedomarcelolopes","https:\/\/www.instagram.com\/sitedomarcelolopes\/","https:\/\/www.linkedin.com\/company\/site-do-marcelo-lopes\/","https:\/\/www.youtube.com\/user\/marcelolopes957"]},{"@type":"Person","@id":"https:\/\/marcelolopes.jor.br\/site\/#\/schema\/person\/3e7216a35c34d8fdf952b31da3d1f89f","name":"Marcelo Lopes","sameAs":["http:\/\/www.marcelolopes.jor.br"],"url":"https:\/\/marcelolopes.jor.br\/site\/author\/marcelo\/"}]}},"wps_subtitle":"Elas vendem rifas e lanches para arrecadarem os recursos necess\u00e1rios para a viagem.","_links":{"self":[{"href":"https:\/\/marcelolopes.jor.br\/site\/wp-json\/wp\/v2\/posts\/6113","targetHints":{"allow":["GET"]}}],"collection":[{"href":"https:\/\/marcelolopes.jor.br\/site\/wp-json\/wp\/v2\/posts"}],"about":[{"href":"https:\/\/marcelolopes.jor.br\/site\/wp-json\/wp\/v2\/types\/post"}],"author":[{"embeddable":true,"href":"https:\/\/marcelolopes.jor.br\/site\/wp-json\/wp\/v2\/users\/2"}],"replies":[{"embeddable":true,"href":"https:\/\/marcelolopes.jor.br\/site\/wp-json\/wp\/v2\/comments?post=6113"}],"version-history":[{"count":0,"href":"https:\/\/marcelolopes.jor.br\/site\/wp-json\/wp\/v2\/posts\/6113\/revisions"}],"wp:featuredmedia":[{"embeddable":true,"href":"https:\/\/marcelolopes.jor.br\/site\/wp-json\/wp\/v2\/media\/6115"}],"wp:attachment":[{"href":"https:\/\/marcelolopes.jor.br\/site\/wp-json\/wp\/v2\/media?parent=6113"}],"wp:term":[{"taxonomy":"category","embeddable":true,"href":"https:\/\/marcelolopes.jor.br\/site\/wp-json\/wp\/v2\/categories?post=6113"},{"taxonomy":"post_tag","embeddable":true,"href":"https:\/\/marcelolopes.jor.br\/site\/wp-json\/wp\/v2\/tags?post=6113"}],"curies":[{"name":"wp","href":"https:\/\/api.w.org\/{rel}","templated":true}]}}