{"id":60704,"date":"2025-09-18T07:00:57","date_gmt":"2025-09-18T10:00:57","guid":{"rendered":"https:\/\/marcelolopes.jor.br\/?p=60704"},"modified":"2025-09-18T10:11:25","modified_gmt":"2025-09-18T13:11:25","slug":"estao-abertas-as-inscricoes-para-o-processo-seletivo-do-if-sudeste","status":"publish","type":"post","link":"https:\/\/marcelolopes.jor.br\/site\/2025\/09\/18\/estao-abertas-as-inscricoes-para-o-processo-seletivo-do-if-sudeste\/","title":{"rendered":"Est\u00e3o abertas as inscri\u00e7\u00f5es para o Processo Seletivo do IF Sudeste"},"content":{"rendered":"<p>Come\u00e7ou na quarta-feira, 17 de setembro, o prazo de inscri\u00e7\u00f5es para quem quer concorrer a uma vaga no Instituto Federal do Sudeste de Minas Gerais, IF Sudeste MG, em Cataguases, ou nas demais unidades da regi\u00e3o. Elas podem ser feitas at\u00e9 o dia 17 de outubro. S\u00e3o ofertadas mais de 4.200 vagas, em mais de 120 cursos nos 10 campi da institui\u00e7\u00e3o: Barbacena, Bom Sucesso, Cataguases, Juiz de Fora, Manhua\u00e7u, Muria\u00e9, Rio Pomba, Santos Dumont, S\u00e3o Jo\u00e3o del-Rei e Ub\u00e1.<!--more--><\/p>\n<h4 class=\"p1\"><span class=\"s1\">\ud83d\udcf8\u00a0<span style=\"color: #008000;\">Siga o Site do Marcelo Lopes no<\/span>\u00a0<span style=\"color: #800000;\"><a style=\"color: #800000;\" href=\"https:\/\/www.facebook.com\/sitedomarcelolopes\/\"><strong>Facebook<\/strong><\/a><\/span>\u00a0<span style=\"color: #008000;\">e no<\/span>\u00a0<span style=\"color: #800000;\"><strong><a style=\"color: #800000;\" href=\"https:\/\/www.instagram.com\/sitedomarcelolopes\/\">Instagram<\/a><\/strong><\/span><\/span><\/h4>\n<h4 class=\"p1\">\ud83d\udcf1<span style=\"color: #008000;\">Participe do grupo de<\/span>\u00a0<span style=\"color: #800000;\"><a style=\"color: #800000;\" href=\"https:\/\/chat.whatsapp.com\/BibzcI1ibYSKytbdyzubLA\"><strong>WhatsApp<\/strong><\/a><\/span> <span style=\"color: #008000;\">do Site do Marcelo Lopes<\/span><\/h4>\n<p>O Campus Avan\u00e7ado do IF Sudeste em Cataguases est\u00e1 em obras e, se as expectativas se confirmarem, a nova sede da institui\u00e7\u00e3o (pr\u00e9dio da antiga FIC) dever\u00e1 ser inaugurada em fevereiro de 2026. Enquanto isso, a unidade segue funcionando nas instala\u00e7\u00f5es do col\u00e9gio Cataguases. Por conta disso, o campus avan\u00e7ado de Cataguases vai oferecer cursos t\u00e9cnicos integrados em 2026, modalidade em que o aluno faz o Ensino M\u00e9dio concomitante ao curso t\u00e9cnico escolhido.<\/p>\n<p>Quem for se candidatar deve possuir conta na plataforma Gov.br, j\u00e1 que o acesso ao sistema de inscri\u00e7\u00f5es \u00e9 feito por meio das mesmas credenciais de login. Quem estudou em escola p\u00fablica ter\u00e1 o direito de se inscrever gratuitamente, mas para isso, tamb\u00e9m dever\u00e3o ser seguidas regras espec\u00edficas. Al\u00e9m de c\u00f3pia do CPF, o(a) candidato(a) precisar\u00e1 apresentar c\u00f3pia do hist\u00f3rico escolar ou uma declara\u00e7\u00e3o fornecida pela escola onde estudou. Vale tamb\u00e9m a certifica\u00e7\u00e3o com base no ENCCEJA ou exames semelhantes. J\u00e1 o pedido de isen\u00e7\u00e3o da taxa de inscri\u00e7\u00e3o ser\u00e1 de 17 de setembro a 01 de outubro de 2025.<\/p>\n<h3>Modalidades em oferta<\/h3>\n<p>Al\u00e9m dos cursos T\u00e9cnicos Integrados, est\u00e3o confirmadas outras quatro modalidades de cursos, Confira quais s\u00e3o e a quem elas se destinam:<\/p>\n<p><strong>T\u00c9CNICOS<\/strong><br \/>\n<strong>Integrado:<\/strong> nesta modalidade, o aluno faz o Curso T\u00e9cnico integrado ao Ensino M\u00e9dio, ou seja, ao mesmo tempo, e os dois no IF Sudeste MG. Para ingressar, o candidato deve ter conclu\u00eddo o Ensino Fundamental ou conclu\u00ed-lo at\u00e9 a data da matr\u00edcula.<\/p>\n<p><strong>Concomitante\/ Subsequente:<\/strong> o aluno faz o curso t\u00e9cnico e o Ensino M\u00e9dio tamb\u00e9m ao mesmo tempo, mas somente o curso t\u00e9cnico \u00e9 feito do IF Sudeste MG. Assim, o aluno faz o Ensino M\u00e9dio em outra institui\u00e7\u00e3o de ensino e, consequentemente, estuda em dois turnos diferentes. Para ingressar, o candidato deve ter conclu\u00eddo, pelo menos, a primeira s\u00e9rie do Ensino M\u00e9dio ou conclu\u00ed-la at\u00e9 a data da matr\u00edcula.<\/p>\n<p><strong>Subsequente:<\/strong> \u00e9 o curso t\u00e9cnico voltado para quem j\u00e1 concluiu o Ensino M\u00e9dio. Por isso, para ingressar nesta modalidade, o aluno deve ter este n\u00edvel de escolaridade completo, ou complet\u00e1-lo at\u00e9 a data da matr\u00edcula.<\/p>\n<p><strong>GRADUA\u00c7\u00c3O<\/strong><br \/>\nOs cursos de gradua\u00e7\u00e3o (\u201cfaculdades\u201d) s\u00e3o destinados a quem j\u00e1 concluiu o Ensino M\u00e9dio. Eles se dividem em: bacharelado, tecn\u00f3logo e licenciatura.<\/p>\n<p><strong>P\u00d3S-GRADUA\u00c7\u00c3O<\/strong><br \/>\nJ\u00e1 a p\u00f3s-gradua\u00e7\u00e3o \u00e9 destinada a quem j\u00e1 se graduou, ou seja, j\u00e1 se formou, mas ainda quer se especializar (p\u00f3s-gradua\u00e7\u00e3o lato sensu). Quem deseja seguir na pesquisa acad\u00eamica tamb\u00e9m poder\u00e1 optar por uma p\u00f3s-gradua\u00e7\u00e3o stricto sensu (mestrados e doutorados), com foco na pesquisa acad\u00eamica e forma\u00e7\u00e3o de pesquisadores.<\/p>\n<p><strong>Cursos oferecidos no Campus Avan\u00e7ado Cataguases<\/strong><\/p>\n<p><img loading=\"lazy\" decoding=\"async\" class=\"aligncenter wp-image-60730\" src=\"https:\/\/marcelolopes.jor.br\/site\/wp-content\/uploads\/2025\/09\/Cursos-240x300.jpeg\" alt=\"\" width=\"500\" height=\"625\" srcset=\"https:\/\/marcelolopes.jor.br\/site\/wp-content\/uploads\/2025\/09\/Cursos-240x300.jpeg 240w, https:\/\/marcelolopes.jor.br\/site\/wp-content\/uploads\/2025\/09\/Cursos-819x1024.jpeg 819w, https:\/\/marcelolopes.jor.br\/site\/wp-content\/uploads\/2025\/09\/Cursos-768x960.jpeg 768w, https:\/\/marcelolopes.jor.br\/site\/wp-content\/uploads\/2025\/09\/Cursos-960x1200.jpeg 960w, https:\/\/marcelolopes.jor.br\/site\/wp-content\/uploads\/2025\/09\/Cursos.jpeg 1080w\" sizes=\"auto, (max-width: 500px) 100vw, 500px\" \/><\/p>\n<p><strong>Outras informa\u00e7\u00f5es e acesso aos editais, clique <a href=\"https:\/\/www.ifsudestemg.edu.br\/hotsites\/processo-seletivo-2026-1\"><span style=\"color: #800000;\">neste link<\/span><\/a>.<\/strong><\/p>\n<p><strong>OUTRAS NOT\u00cdCIAS<\/strong><br \/>\n<a href=\"https:\/\/marcelolopes.jor.br\/2025\/07\/17\/if-sudeste-abre-selecao-para-professor-de-informatica-em-cataguases\/\"><strong><span style=\"color: #800000;\">IF Sudeste abre sele\u00e7\u00e3o para professor de Inform\u00e1tica em Cataguases<\/span><\/strong><\/a><\/p>\n<p><a href=\"https:\/\/marcelolopes.jor.br\/2025\/03\/13\/partiu-if-recebe-inscricoes-de-alunos-para-ingressar-no-if-sudeste\/\"><strong><span style=\"color: #800000;\">Partiu IF recebe inscri\u00e7\u00f5es de alunos para ingressar no IF Sudeste<\/span><\/strong><\/a><\/p>\n<p>Fonte: IF Sudeste | Foto: Pexels<\/p>\n<div class=\"geojc69f7648a55eb4\" ><br><\/div><style type=\"text\/css\">\r\n@media screen and (min-width: 1201px) {\r\n.geojc69f7648a55eb4 {\r\ndisplay: block;\r\n}\r\n}\r\n@media screen and (min-width: 993px) and (max-width: 1200px) {\r\n.geojc69f7648a55eb4 {\r\ndisplay: block;\r\n}\r\n}\r\n@media screen and (min-width: 769px) and (max-width: 992px) {\r\n.geojc69f7648a55eb4 {\r\ndisplay: block;\r\n}\r\n}\r\n@media screen and (min-width: 768px) and (max-width: 768px) {\r\n.geojc69f7648a55eb4 {\r\ndisplay: block;\r\n}\r\n}\r\n@media screen and (max-width: 767px) {\r\n.geojc69f7648a55eb4 {\r\ndisplay: block;\r\n}\r\n}\r\n<\/style>\r\n<div class=\"iumty69f7648a5c332\" ><div id=\"div_destino\"><\/div>\r\n<script src=\"https:\/\/cdn.snsrsv.com\/sdk.js\"><\/script>\r\n<script >\r\n      new sdk(\"464030C30061EA8BE065000000000001\") \r\n          .appendTo(\"div_destino\")\r\n          .disableStyle(true) \r\n          .setCacheBusterMacro(\"%%CACHEBUSTER%%\")\r\n          .setSize(\"800\",\"214\")\r\n          .setClickMacro(\"%%CLICK_URL_ESC%%\") \r\n          .setReferrerUrlMacro(\"%%REFERRER_URL_ESC%%\") \r\n          .start(); \r\n<\/script><\/div><style type=\"text\/css\">\r\n@media screen and (min-width: 1201px) {\r\n.iumty69f7648a5c332 {\r\ndisplay: block;\r\n}\r\n}\r\n@media screen and (min-width: 993px) and (max-width: 1200px) {\r\n.iumty69f7648a5c332 {\r\ndisplay: block;\r\n}\r\n}\r\n@media screen and (min-width: 769px) and (max-width: 992px) {\r\n.iumty69f7648a5c332 {\r\ndisplay: block;\r\n}\r\n}\r\n@media screen and (min-width: 768px) and (max-width: 768px) {\r\n.iumty69f7648a5c332 {\r\ndisplay: block;\r\n}\r\n}\r\n@media screen and (max-width: 767px) {\r\n.iumty69f7648a5c332 {\r\ndisplay: block;\r\n}\r\n}\r\n<\/style>\r\n","protected":false},"excerpt":{"rendered":"<p>Come\u00e7ou na quarta-feira, 17 de setembro, o prazo de inscri\u00e7\u00f5es para quem quer concorrer a uma vaga no Instituto Federal do Sudeste de Minas Gerais, IF Sudeste MG, em Cataguases, ou nas demais unidades da regi\u00e3o. Elas podem ser feitas<\/p>\n<p class=\"link-more\"><a class=\"more-link\" href=\"https:\/\/marcelolopes.jor.br\/site\/2025\/09\/18\/estao-abertas-as-inscricoes-para-o-processo-seletivo-do-if-sudeste\/\">Leia mais <span class=\"screen-reader-text\">Est\u00e3o abertas as inscri\u00e7\u00f5es para o Processo Seletivo do IF Sudeste<\/span><\/a><\/p>\n","protected":false},"author":2,"featured_media":60706,"comment_status":"open","ping_status":"closed","sticky":false,"template":"","format":"standard","meta":{"footnotes":""},"categories":[1],"tags":[],"class_list":["post-60704","post","type-post","status-publish","format-standard","has-post-thumbnail","hentry","category-noticias","thumb-below-title"],"yoast_head":"<!-- This site is optimized with the Yoast SEO plugin v27.4 - https:\/\/yoast.com\/product\/yoast-seo-wordpress\/ -->\n<title>Est\u00e3o abertas as inscri\u00e7\u00f5es para o processo seletivo do IF<\/title>\n<meta name=\"description\" content=\"Est\u00e3o abertas as inscri\u00e7\u00f5es para o processo seletivo do IF Sudeste. Em Cataguases aluno poder\u00e1 fazer o curso t\u00e9cnico integrado.\" \/>\n<meta name=\"robots\" content=\"index, follow, max-snippet:-1, max-image-preview:large, max-video-preview:-1\" \/>\n<link rel=\"canonical\" href=\"https:\/\/marcelolopes.jor.br\/site\/2025\/09\/18\/estao-abertas-as-inscricoes-para-o-processo-seletivo-do-if-sudeste\/\" \/>\n<meta property=\"og:locale\" content=\"pt_BR\" \/>\n<meta property=\"og:type\" content=\"article\" \/>\n<meta property=\"og:title\" content=\"Est\u00e3o abertas as inscri\u00e7\u00f5es para o processo seletivo do IF\" \/>\n<meta property=\"og:description\" content=\"Est\u00e3o abertas as inscri\u00e7\u00f5es para o processo seletivo do IF Sudeste. Em Cataguases aluno poder\u00e1 fazer o curso t\u00e9cnico integrado.\" \/>\n<meta property=\"og:url\" content=\"https:\/\/marcelolopes.jor.br\/site\/2025\/09\/18\/estao-abertas-as-inscricoes-para-o-processo-seletivo-do-if-sudeste\/\" \/>\n<meta property=\"og:site_name\" content=\"Marcelo Lopes\" \/>\n<meta property=\"article:publisher\" content=\"https:\/\/www.facebook.com\/sitedomarcelolopes\" \/>\n<meta property=\"article:published_time\" content=\"2025-09-18T10:00:57+00:00\" \/>\n<meta property=\"article:modified_time\" content=\"2025-09-18T13:11:25+00:00\" \/>\n<meta property=\"og:image\" content=\"https:\/\/marcelolopes.jor.br\/site\/wp-content\/uploads\/2025\/09\/alunos-1.jpg\" \/>\n\t<meta property=\"og:image:width\" content=\"800\" \/>\n\t<meta property=\"og:image:height\" content=\"550\" \/>\n\t<meta property=\"og:image:type\" content=\"image\/jpeg\" \/>\n<meta name=\"author\" content=\"Marcelo Lopes\" \/>\n<meta name=\"twitter:card\" content=\"summary_large_image\" \/>\n<meta name=\"twitter:label1\" content=\"Escrito por\" \/>\n\t<meta name=\"twitter:data1\" content=\"Marcelo Lopes\" \/>\n\t<meta name=\"twitter:label2\" content=\"Est. tempo de leitura\" \/>\n\t<meta name=\"twitter:data2\" content=\"3 minutos\" \/>\n<script type=\"application\/ld+json\" class=\"yoast-schema-graph\">{\"@context\":\"https:\\\/\\\/schema.org\",\"@graph\":[{\"@type\":\"NewsArticle\",\"@id\":\"https:\\\/\\\/marcelolopes.jor.br\\\/site\\\/2025\\\/09\\\/18\\\/estao-abertas-as-inscricoes-para-o-processo-seletivo-do-if-sudeste\\\/#article\",\"isPartOf\":{\"@id\":\"https:\\\/\\\/marcelolopes.jor.br\\\/site\\\/2025\\\/09\\\/18\\\/estao-abertas-as-inscricoes-para-o-processo-seletivo-do-if-sudeste\\\/\"},\"author\":{\"name\":\"Marcelo Lopes\",\"@id\":\"https:\\\/\\\/marcelolopes.jor.br\\\/site\\\/#\\\/schema\\\/person\\\/3e7216a35c34d8fdf952b31da3d1f89f\"},\"headline\":\"Est\u00e3o abertas as inscri\u00e7\u00f5es para o Processo Seletivo do IF Sudeste\",\"datePublished\":\"2025-09-18T10:00:57+00:00\",\"dateModified\":\"2025-09-18T13:11:25+00:00\",\"mainEntityOfPage\":{\"@id\":\"https:\\\/\\\/marcelolopes.jor.br\\\/site\\\/2025\\\/09\\\/18\\\/estao-abertas-as-inscricoes-para-o-processo-seletivo-do-if-sudeste\\\/\"},\"wordCount\":642,\"commentCount\":0,\"publisher\":{\"@id\":\"https:\\\/\\\/marcelolopes.jor.br\\\/site\\\/#organization\"},\"image\":{\"@id\":\"https:\\\/\\\/marcelolopes.jor.br\\\/site\\\/2025\\\/09\\\/18\\\/estao-abertas-as-inscricoes-para-o-processo-seletivo-do-if-sudeste\\\/#primaryimage\"},\"thumbnailUrl\":\"https:\\\/\\\/marcelolopes.jor.br\\\/site\\\/wp-content\\\/uploads\\\/2025\\\/09\\\/alunos-1.jpg\",\"articleSection\":[\"Not\u00edcias\"],\"inLanguage\":\"pt-BR\",\"potentialAction\":[{\"@type\":\"CommentAction\",\"name\":\"Comment\",\"target\":[\"https:\\\/\\\/marcelolopes.jor.br\\\/site\\\/2025\\\/09\\\/18\\\/estao-abertas-as-inscricoes-para-o-processo-seletivo-do-if-sudeste\\\/#respond\"]}]},{\"@type\":\"WebPage\",\"@id\":\"https:\\\/\\\/marcelolopes.jor.br\\\/site\\\/2025\\\/09\\\/18\\\/estao-abertas-as-inscricoes-para-o-processo-seletivo-do-if-sudeste\\\/\",\"url\":\"https:\\\/\\\/marcelolopes.jor.br\\\/site\\\/2025\\\/09\\\/18\\\/estao-abertas-as-inscricoes-para-o-processo-seletivo-do-if-sudeste\\\/\",\"name\":\"Est\u00e3o abertas as inscri\u00e7\u00f5es para o processo seletivo do IF\",\"isPartOf\":{\"@id\":\"https:\\\/\\\/marcelolopes.jor.br\\\/site\\\/#website\"},\"primaryImageOfPage\":{\"@id\":\"https:\\\/\\\/marcelolopes.jor.br\\\/site\\\/2025\\\/09\\\/18\\\/estao-abertas-as-inscricoes-para-o-processo-seletivo-do-if-sudeste\\\/#primaryimage\"},\"image\":{\"@id\":\"https:\\\/\\\/marcelolopes.jor.br\\\/site\\\/2025\\\/09\\\/18\\\/estao-abertas-as-inscricoes-para-o-processo-seletivo-do-if-sudeste\\\/#primaryimage\"},\"thumbnailUrl\":\"https:\\\/\\\/marcelolopes.jor.br\\\/site\\\/wp-content\\\/uploads\\\/2025\\\/09\\\/alunos-1.jpg\",\"datePublished\":\"2025-09-18T10:00:57+00:00\",\"dateModified\":\"2025-09-18T13:11:25+00:00\",\"description\":\"Est\u00e3o abertas as inscri\u00e7\u00f5es para o processo seletivo do IF Sudeste. Em Cataguases aluno poder\u00e1 fazer o curso t\u00e9cnico integrado.\",\"breadcrumb\":{\"@id\":\"https:\\\/\\\/marcelolopes.jor.br\\\/site\\\/2025\\\/09\\\/18\\\/estao-abertas-as-inscricoes-para-o-processo-seletivo-do-if-sudeste\\\/#breadcrumb\"},\"inLanguage\":\"pt-BR\",\"potentialAction\":[{\"@type\":\"ReadAction\",\"target\":[\"https:\\\/\\\/marcelolopes.jor.br\\\/site\\\/2025\\\/09\\\/18\\\/estao-abertas-as-inscricoes-para-o-processo-seletivo-do-if-sudeste\\\/\"]}]},{\"@type\":\"ImageObject\",\"inLanguage\":\"pt-BR\",\"@id\":\"https:\\\/\\\/marcelolopes.jor.br\\\/site\\\/2025\\\/09\\\/18\\\/estao-abertas-as-inscricoes-para-o-processo-seletivo-do-if-sudeste\\\/#primaryimage\",\"url\":\"https:\\\/\\\/marcelolopes.jor.br\\\/site\\\/wp-content\\\/uploads\\\/2025\\\/09\\\/alunos-1.jpg\",\"contentUrl\":\"https:\\\/\\\/marcelolopes.jor.br\\\/site\\\/wp-content\\\/uploads\\\/2025\\\/09\\\/alunos-1.jpg\",\"width\":800,\"height\":550,\"caption\":\"Est\u00e3o abertas as inscri\u00e7\u00f5es\"},{\"@type\":\"BreadcrumbList\",\"@id\":\"https:\\\/\\\/marcelolopes.jor.br\\\/site\\\/2025\\\/09\\\/18\\\/estao-abertas-as-inscricoes-para-o-processo-seletivo-do-if-sudeste\\\/#breadcrumb\",\"itemListElement\":[{\"@type\":\"ListItem\",\"position\":1,\"name\":\"Home\",\"item\":\"https:\\\/\\\/marcelolopes.jor.br\\\/site\\\/\"},{\"@type\":\"ListItem\",\"position\":2,\"name\":\"Est\u00e3o abertas as inscri\u00e7\u00f5es para o Processo Seletivo do IF Sudeste\"}]},{\"@type\":\"WebSite\",\"@id\":\"https:\\\/\\\/marcelolopes.jor.br\\\/site\\\/#website\",\"url\":\"https:\\\/\\\/marcelolopes.jor.br\\\/site\\\/\",\"name\":\"Marcelo Lopes\",\"description\":\"Not\u00edcias de Cataguases e Regi\u00e3o\",\"publisher\":{\"@id\":\"https:\\\/\\\/marcelolopes.jor.br\\\/site\\\/#organization\"},\"potentialAction\":[{\"@type\":\"SearchAction\",\"target\":{\"@type\":\"EntryPoint\",\"urlTemplate\":\"https:\\\/\\\/marcelolopes.jor.br\\\/site\\\/?s={search_term_string}\"},\"query-input\":{\"@type\":\"PropertyValueSpecification\",\"valueRequired\":true,\"valueName\":\"search_term_string\"}}],\"inLanguage\":\"pt-BR\"},{\"@type\":\"Organization\",\"@id\":\"https:\\\/\\\/marcelolopes.jor.br\\\/site\\\/#organization\",\"name\":\"Site do Marcelo Lopes\",\"url\":\"https:\\\/\\\/marcelolopes.jor.br\\\/site\\\/\",\"logo\":{\"@type\":\"ImageObject\",\"inLanguage\":\"pt-BR\",\"@id\":\"https:\\\/\\\/marcelolopes.jor.br\\\/site\\\/#\\\/schema\\\/logo\\\/image\\\/\",\"url\":\"https:\\\/\\\/marcelolopes.jor.br\\\/site\\\/wp-content\\\/uploads\\\/2024\\\/11\\\/logo-1.png\",\"contentUrl\":\"https:\\\/\\\/marcelolopes.jor.br\\\/site\\\/wp-content\\\/uploads\\\/2024\\\/11\\\/logo-1.png\",\"width\":475,\"height\":80,\"caption\":\"Site do Marcelo Lopes\"},\"image\":{\"@id\":\"https:\\\/\\\/marcelolopes.jor.br\\\/site\\\/#\\\/schema\\\/logo\\\/image\\\/\"},\"sameAs\":[\"https:\\\/\\\/www.facebook.com\\\/sitedomarcelolopes\",\"https:\\\/\\\/www.instagram.com\\\/sitedomarcelolopes\\\/\",\"https:\\\/\\\/www.linkedin.com\\\/company\\\/site-do-marcelo-lopes\\\/\",\"https:\\\/\\\/www.youtube.com\\\/user\\\/marcelolopes957\"]},{\"@type\":\"Person\",\"@id\":\"https:\\\/\\\/marcelolopes.jor.br\\\/site\\\/#\\\/schema\\\/person\\\/3e7216a35c34d8fdf952b31da3d1f89f\",\"name\":\"Marcelo Lopes\",\"sameAs\":[\"http:\\\/\\\/www.marcelolopes.jor.br\"],\"url\":\"https:\\\/\\\/marcelolopes.jor.br\\\/site\\\/author\\\/marcelo\\\/\"}]}<\/script>\n<!-- \/ Yoast SEO plugin. -->","yoast_head_json":{"title":"Est\u00e3o abertas as inscri\u00e7\u00f5es para o processo seletivo do IF","description":"Est\u00e3o abertas as inscri\u00e7\u00f5es para o processo seletivo do IF Sudeste. Em Cataguases aluno poder\u00e1 fazer o curso t\u00e9cnico integrado.","robots":{"index":"index","follow":"follow","max-snippet":"max-snippet:-1","max-image-preview":"max-image-preview:large","max-video-preview":"max-video-preview:-1"},"canonical":"https:\/\/marcelolopes.jor.br\/site\/2025\/09\/18\/estao-abertas-as-inscricoes-para-o-processo-seletivo-do-if-sudeste\/","og_locale":"pt_BR","og_type":"article","og_title":"Est\u00e3o abertas as inscri\u00e7\u00f5es para o processo seletivo do IF","og_description":"Est\u00e3o abertas as inscri\u00e7\u00f5es para o processo seletivo do IF Sudeste. Em Cataguases aluno poder\u00e1 fazer o curso t\u00e9cnico integrado.","og_url":"https:\/\/marcelolopes.jor.br\/site\/2025\/09\/18\/estao-abertas-as-inscricoes-para-o-processo-seletivo-do-if-sudeste\/","og_site_name":"Marcelo Lopes","article_publisher":"https:\/\/www.facebook.com\/sitedomarcelolopes","article_published_time":"2025-09-18T10:00:57+00:00","article_modified_time":"2025-09-18T13:11:25+00:00","og_image":[{"width":800,"height":550,"url":"https:\/\/marcelolopes.jor.br\/site\/wp-content\/uploads\/2025\/09\/alunos-1.jpg","type":"image\/jpeg"}],"author":"Marcelo Lopes","twitter_card":"summary_large_image","twitter_misc":{"Escrito por":"Marcelo Lopes","Est. tempo de leitura":"3 minutos"},"schema":{"@context":"https:\/\/schema.org","@graph":[{"@type":"NewsArticle","@id":"https:\/\/marcelolopes.jor.br\/site\/2025\/09\/18\/estao-abertas-as-inscricoes-para-o-processo-seletivo-do-if-sudeste\/#article","isPartOf":{"@id":"https:\/\/marcelolopes.jor.br\/site\/2025\/09\/18\/estao-abertas-as-inscricoes-para-o-processo-seletivo-do-if-sudeste\/"},"author":{"name":"Marcelo Lopes","@id":"https:\/\/marcelolopes.jor.br\/site\/#\/schema\/person\/3e7216a35c34d8fdf952b31da3d1f89f"},"headline":"Est\u00e3o abertas as inscri\u00e7\u00f5es para o Processo Seletivo do IF Sudeste","datePublished":"2025-09-18T10:00:57+00:00","dateModified":"2025-09-18T13:11:25+00:00","mainEntityOfPage":{"@id":"https:\/\/marcelolopes.jor.br\/site\/2025\/09\/18\/estao-abertas-as-inscricoes-para-o-processo-seletivo-do-if-sudeste\/"},"wordCount":642,"commentCount":0,"publisher":{"@id":"https:\/\/marcelolopes.jor.br\/site\/#organization"},"image":{"@id":"https:\/\/marcelolopes.jor.br\/site\/2025\/09\/18\/estao-abertas-as-inscricoes-para-o-processo-seletivo-do-if-sudeste\/#primaryimage"},"thumbnailUrl":"https:\/\/marcelolopes.jor.br\/site\/wp-content\/uploads\/2025\/09\/alunos-1.jpg","articleSection":["Not\u00edcias"],"inLanguage":"pt-BR","potentialAction":[{"@type":"CommentAction","name":"Comment","target":["https:\/\/marcelolopes.jor.br\/site\/2025\/09\/18\/estao-abertas-as-inscricoes-para-o-processo-seletivo-do-if-sudeste\/#respond"]}]},{"@type":"WebPage","@id":"https:\/\/marcelolopes.jor.br\/site\/2025\/09\/18\/estao-abertas-as-inscricoes-para-o-processo-seletivo-do-if-sudeste\/","url":"https:\/\/marcelolopes.jor.br\/site\/2025\/09\/18\/estao-abertas-as-inscricoes-para-o-processo-seletivo-do-if-sudeste\/","name":"Est\u00e3o abertas as inscri\u00e7\u00f5es para o processo seletivo do IF","isPartOf":{"@id":"https:\/\/marcelolopes.jor.br\/site\/#website"},"primaryImageOfPage":{"@id":"https:\/\/marcelolopes.jor.br\/site\/2025\/09\/18\/estao-abertas-as-inscricoes-para-o-processo-seletivo-do-if-sudeste\/#primaryimage"},"image":{"@id":"https:\/\/marcelolopes.jor.br\/site\/2025\/09\/18\/estao-abertas-as-inscricoes-para-o-processo-seletivo-do-if-sudeste\/#primaryimage"},"thumbnailUrl":"https:\/\/marcelolopes.jor.br\/site\/wp-content\/uploads\/2025\/09\/alunos-1.jpg","datePublished":"2025-09-18T10:00:57+00:00","dateModified":"2025-09-18T13:11:25+00:00","description":"Est\u00e3o abertas as inscri\u00e7\u00f5es para o processo seletivo do IF Sudeste. Em Cataguases aluno poder\u00e1 fazer o curso t\u00e9cnico integrado.","breadcrumb":{"@id":"https:\/\/marcelolopes.jor.br\/site\/2025\/09\/18\/estao-abertas-as-inscricoes-para-o-processo-seletivo-do-if-sudeste\/#breadcrumb"},"inLanguage":"pt-BR","potentialAction":[{"@type":"ReadAction","target":["https:\/\/marcelolopes.jor.br\/site\/2025\/09\/18\/estao-abertas-as-inscricoes-para-o-processo-seletivo-do-if-sudeste\/"]}]},{"@type":"ImageObject","inLanguage":"pt-BR","@id":"https:\/\/marcelolopes.jor.br\/site\/2025\/09\/18\/estao-abertas-as-inscricoes-para-o-processo-seletivo-do-if-sudeste\/#primaryimage","url":"https:\/\/marcelolopes.jor.br\/site\/wp-content\/uploads\/2025\/09\/alunos-1.jpg","contentUrl":"https:\/\/marcelolopes.jor.br\/site\/wp-content\/uploads\/2025\/09\/alunos-1.jpg","width":800,"height":550,"caption":"Est\u00e3o abertas as inscri\u00e7\u00f5es"},{"@type":"BreadcrumbList","@id":"https:\/\/marcelolopes.jor.br\/site\/2025\/09\/18\/estao-abertas-as-inscricoes-para-o-processo-seletivo-do-if-sudeste\/#breadcrumb","itemListElement":[{"@type":"ListItem","position":1,"name":"Home","item":"https:\/\/marcelolopes.jor.br\/site\/"},{"@type":"ListItem","position":2,"name":"Est\u00e3o abertas as inscri\u00e7\u00f5es para o Processo Seletivo do IF Sudeste"}]},{"@type":"WebSite","@id":"https:\/\/marcelolopes.jor.br\/site\/#website","url":"https:\/\/marcelolopes.jor.br\/site\/","name":"Marcelo Lopes","description":"Not\u00edcias de Cataguases e Regi\u00e3o","publisher":{"@id":"https:\/\/marcelolopes.jor.br\/site\/#organization"},"potentialAction":[{"@type":"SearchAction","target":{"@type":"EntryPoint","urlTemplate":"https:\/\/marcelolopes.jor.br\/site\/?s={search_term_string}"},"query-input":{"@type":"PropertyValueSpecification","valueRequired":true,"valueName":"search_term_string"}}],"inLanguage":"pt-BR"},{"@type":"Organization","@id":"https:\/\/marcelolopes.jor.br\/site\/#organization","name":"Site do Marcelo Lopes","url":"https:\/\/marcelolopes.jor.br\/site\/","logo":{"@type":"ImageObject","inLanguage":"pt-BR","@id":"https:\/\/marcelolopes.jor.br\/site\/#\/schema\/logo\/image\/","url":"https:\/\/marcelolopes.jor.br\/site\/wp-content\/uploads\/2024\/11\/logo-1.png","contentUrl":"https:\/\/marcelolopes.jor.br\/site\/wp-content\/uploads\/2024\/11\/logo-1.png","width":475,"height":80,"caption":"Site do Marcelo Lopes"},"image":{"@id":"https:\/\/marcelolopes.jor.br\/site\/#\/schema\/logo\/image\/"},"sameAs":["https:\/\/www.facebook.com\/sitedomarcelolopes","https:\/\/www.instagram.com\/sitedomarcelolopes\/","https:\/\/www.linkedin.com\/company\/site-do-marcelo-lopes\/","https:\/\/www.youtube.com\/user\/marcelolopes957"]},{"@type":"Person","@id":"https:\/\/marcelolopes.jor.br\/site\/#\/schema\/person\/3e7216a35c34d8fdf952b31da3d1f89f","name":"Marcelo Lopes","sameAs":["http:\/\/www.marcelolopes.jor.br"],"url":"https:\/\/marcelolopes.jor.br\/site\/author\/marcelo\/"}]}},"wps_subtitle":"Em Cataguases aluno poder\u00e1 fazer o curso t\u00e9cnico integrado.","_links":{"self":[{"href":"https:\/\/marcelolopes.jor.br\/site\/wp-json\/wp\/v2\/posts\/60704","targetHints":{"allow":["GET"]}}],"collection":[{"href":"https:\/\/marcelolopes.jor.br\/site\/wp-json\/wp\/v2\/posts"}],"about":[{"href":"https:\/\/marcelolopes.jor.br\/site\/wp-json\/wp\/v2\/types\/post"}],"author":[{"embeddable":true,"href":"https:\/\/marcelolopes.jor.br\/site\/wp-json\/wp\/v2\/users\/2"}],"replies":[{"embeddable":true,"href":"https:\/\/marcelolopes.jor.br\/site\/wp-json\/wp\/v2\/comments?post=60704"}],"version-history":[{"count":0,"href":"https:\/\/marcelolopes.jor.br\/site\/wp-json\/wp\/v2\/posts\/60704\/revisions"}],"wp:featuredmedia":[{"embeddable":true,"href":"https:\/\/marcelolopes.jor.br\/site\/wp-json\/wp\/v2\/media\/60706"}],"wp:attachment":[{"href":"https:\/\/marcelolopes.jor.br\/site\/wp-json\/wp\/v2\/media?parent=60704"}],"wp:term":[{"taxonomy":"category","embeddable":true,"href":"https:\/\/marcelolopes.jor.br\/site\/wp-json\/wp\/v2\/categories?post=60704"},{"taxonomy":"post_tag","embeddable":true,"href":"https:\/\/marcelolopes.jor.br\/site\/wp-json\/wp\/v2\/tags?post=60704"}],"curies":[{"name":"wp","href":"https:\/\/api.w.org\/{rel}","templated":true}]}}