{"id":60537,"date":"2025-09-08T17:30:03","date_gmt":"2025-09-08T20:30:03","guid":{"rendered":"https:\/\/marcelolopes.jor.br\/?p=60537"},"modified":"2025-09-08T17:29:03","modified_gmt":"2025-09-08T20:29:03","slug":"rapaz-e-assaltado-e-ameacado-com-faca-no-pescoco","status":"publish","type":"post","link":"https:\/\/marcelolopes.jor.br\/site\/2025\/09\/08\/rapaz-e-assaltado-e-ameacado-com-faca-no-pescoco\/","title":{"rendered":"Rapaz \u00e9 assaltado e amea\u00e7ado com faca no pesco\u00e7o"},"content":{"rendered":"<p>Um jovem de 27 anos foi roubado no in\u00edcio da manh\u00e3 deste domingo, 7 de setembro, em Leopoldina. O crime foi registrado pela Guarda Civil Municipal (GCM).<!--more--><\/p>\n<h4 class=\"p1\"><span class=\"s1\">\ud83d\udcf8\u00a0<span style=\"color: #008000;\">Siga o Site do Marcelo Lopes no<\/span>\u00a0<span style=\"color: #800000;\"><a style=\"color: #800000;\" href=\"https:\/\/www.facebook.com\/sitedomarcelolopes\/\"><strong>Facebook<\/strong><\/a><\/span>\u00a0<span style=\"color: #008000;\">e no<\/span>\u00a0<span style=\"color: #800000;\"><strong><a style=\"color: #800000;\" href=\"https:\/\/www.instagram.com\/sitedomarcelolopes\/\">Instagram<\/a><\/strong><\/span><\/span><\/h4>\n<h4 class=\"p1\">\ud83d\udcf1<span style=\"color: #008000;\">Participe do grupo de<\/span>\u00a0<span style=\"color: #800000;\"><a style=\"color: #800000;\" href=\"https:\/\/chat.whatsapp.com\/BibzcI1ibYSKytbdyzubLA\"><strong>WhatsApp<\/strong><\/a><\/span> <span style=\"color: #008000;\">do Site do Marcelo Lopes<\/span><\/h4>\n<p>Segundo a corpora\u00e7\u00e3o, a v\u00edtima informou que estava nas proximidades de uma casa de shows localizada \u00e0 Rua Jos\u00e9 Peres, quando foi abordada por um indiv\u00edduo com uma faca que foi colocada em seu pesco\u00e7o com a exig\u00eancia de que entregasse todos os seus pertences.<\/p>\n<p>Dessa forma o criminoso roubou um aparelho celular Iphone 14 e um rel\u00f3gio Apple Watch, gera\u00e7\u00e3o 5, fugindo em seguida.<\/p>\n<p>Ainda de acordo com a GCM, ap\u00f3s o jovem repassar as caracter\u00edsticas do autor os agentes iniciaram patrulhamento nos bairros Bela Vista, Nova Leopoldina e Alto do Cimenteiro, por\u00e9m at\u00e9 o fechamento desta mat\u00e9ria o bandido n\u00e3o havia sido localizado.<\/p>\n<p>A ocorr\u00eancia foi encaminhada para investiga\u00e7\u00e3o da Pol\u00edcia Civil.<\/p>\n<p><strong>OUTRAS NOT\u00cdCIAS<\/strong><br \/>\n<a href=\"https:\/\/marcelolopes.jor.br\/2025\/08\/10\/motorista-alcoolizado-e-detido-pela-guarda-civil-de-leopoldina\/\"><strong><span style=\"color: #800000;\">Motorista alcoolizado \u00e9 detido pela Guarda Civil de Leopoldina<\/span><\/strong><\/a><\/p>\n<p><a href=\"https:\/\/marcelolopes.jor.br\/2025\/03\/28\/prefeitura-forma-a-1a-turma-da-guarda-civil-municipal-de-leopoldina\/\"><strong><span style=\"color: #800000;\">Prefeitura forma a 1\u00aa Turma da Guarda Civil Municipal de Leopoldina<\/span><\/strong><\/a><\/p>\n<p>Fonte e foto: O Vigilante Online<\/p>\n<div class=\"zfnvc6a94faec78522\" ><br><\/div><style type=\"text\/css\">\r\n@media screen and (min-width: 1201px) {\r\n.zfnvc6a94faec78522 {\r\ndisplay: block;\r\n}\r\n}\r\n@media screen and (min-width: 993px) and (max-width: 1200px) {\r\n.zfnvc6a94faec78522 {\r\ndisplay: block;\r\n}\r\n}\r\n@media screen and (min-width: 769px) and (max-width: 992px) {\r\n.zfnvc6a94faec78522 {\r\ndisplay: block;\r\n}\r\n}\r\n@media screen and (min-width: 768px) and (max-width: 768px) {\r\n.zfnvc6a94faec78522 {\r\ndisplay: block;\r\n}\r\n}\r\n@media screen and (max-width: 767px) {\r\n.zfnvc6a94faec78522 {\r\ndisplay: block;\r\n}\r\n}\r\n<\/style>\r\n<div class=\"kxcds6a94faec7d98a\" ><div id=\"div_destino\"><\/div>\r\n<script src=\"https:\/\/cdn.snsrsv.com\/sdk.js\"><\/script>\r\n<script >\r\n      new sdk(\"464030C30061EA8BE065000000000001\") \r\n          .appendTo(\"div_destino\")\r\n          .disableStyle(true) \r\n          .setCacheBusterMacro(\"%%CACHEBUSTER%%\")\r\n          .setSize(\"800\",\"214\")\r\n          .setClickMacro(\"%%CLICK_URL_ESC%%\") \r\n          .setReferrerUrlMacro(\"%%REFERRER_URL_ESC%%\") \r\n          .start(); \r\n<\/script><\/div><style type=\"text\/css\">\r\n@media screen and (min-width: 1201px) {\r\n.kxcds6a94faec7d98a {\r\ndisplay: block;\r\n}\r\n}\r\n@media screen and (min-width: 993px) and (max-width: 1200px) {\r\n.kxcds6a94faec7d98a {\r\ndisplay: block;\r\n}\r\n}\r\n@media screen and (min-width: 769px) and (max-width: 992px) {\r\n.kxcds6a94faec7d98a {\r\ndisplay: block;\r\n}\r\n}\r\n@media screen and (min-width: 768px) and (max-width: 768px) {\r\n.kxcds6a94faec7d98a {\r\ndisplay: block;\r\n}\r\n}\r\n@media screen and (max-width: 767px) {\r\n.kxcds6a94faec7d98a {\r\ndisplay: block;\r\n}\r\n}\r\n<\/style>\r\n","protected":false},"excerpt":{"rendered":"<p>Um jovem de 27 anos foi roubado no in\u00edcio da manh\u00e3 deste domingo, 7 de setembro, em Leopoldina. O crime foi registrado pela Guarda Civil Municipal (GCM).<\/p>\n","protected":false},"author":2,"featured_media":60539,"comment_status":"open","ping_status":"closed","sticky":false,"template":"","format":"standard","meta":{"footnotes":""},"categories":[1],"tags":[],"class_list":["post-60537","post","type-post","status-publish","format-standard","has-post-thumbnail","hentry","category-noticias","thumb-below-title"],"yoast_head":"<!-- This site is optimized with the Yoast SEO plugin v28.3 - https:\/\/yoast.com\/product\/yoast-seo-wordpress\/ -->\n<title>Rapaz \u00e9 assaltado e amea\u00e7ado com faca no pesco\u00e7o | Marcelo Lopes<\/title>\n<meta name=\"description\" content=\"Rapaz \u00e9 assaltado e amea\u00e7ado com faca no pesco\u00e7o. Crime aconteceu em Leopoldina neste domingo, 7 de setembro.\" \/>\n<meta name=\"robots\" content=\"index, follow, max-snippet:-1, max-image-preview:large, max-video-preview:-1\" \/>\n<link rel=\"canonical\" href=\"https:\/\/marcelolopes.jor.br\/site\/2025\/09\/08\/rapaz-e-assaltado-e-ameacado-com-faca-no-pescoco\/\" \/>\n<meta property=\"og:locale\" content=\"pt_BR\" \/>\n<meta property=\"og:type\" content=\"article\" \/>\n<meta property=\"og:title\" content=\"Rapaz \u00e9 assaltado e amea\u00e7ado com faca no pesco\u00e7o | Marcelo Lopes\" \/>\n<meta property=\"og:description\" content=\"Rapaz \u00e9 assaltado e amea\u00e7ado com faca no pesco\u00e7o. Crime aconteceu em Leopoldina neste domingo, 7 de setembro.\" \/>\n<meta property=\"og:url\" content=\"https:\/\/marcelolopes.jor.br\/site\/2025\/09\/08\/rapaz-e-assaltado-e-ameacado-com-faca-no-pescoco\/\" \/>\n<meta property=\"og:site_name\" content=\"Marcelo Lopes\" \/>\n<meta property=\"article:publisher\" content=\"https:\/\/www.facebook.com\/sitedomarcelolopes\" \/>\n<meta property=\"article:published_time\" content=\"2025-09-08T20:30:03+00:00\" \/>\n<meta property=\"og:image\" content=\"https:\/\/marcelolopes.jor.br\/site\/wp-content\/uploads\/2025\/09\/GCM-1-3-1140x600-1.jpeg\" \/>\n\t<meta property=\"og:image:width\" content=\"1140\" \/>\n\t<meta property=\"og:image:height\" content=\"600\" \/>\n\t<meta property=\"og:image:type\" content=\"image\/jpeg\" \/>\n<meta name=\"author\" content=\"Marcelo Lopes\" \/>\n<meta name=\"twitter:card\" content=\"summary_large_image\" \/>\n<meta name=\"twitter:label1\" content=\"Escrito por\" \/>\n\t<meta name=\"twitter:data1\" content=\"Marcelo Lopes\" \/>\n\t<meta name=\"twitter:label2\" content=\"Est. tempo de leitura\" \/>\n\t<meta name=\"twitter:data2\" content=\"1 minuto\" \/>\n<script type=\"application\/ld+json\" class=\"yoast-schema-graph\">{\"@context\":\"https:\\\/\\\/schema.org\",\"@graph\":[{\"@type\":\"NewsArticle\",\"@id\":\"https:\\\/\\\/marcelolopes.jor.br\\\/site\\\/2025\\\/09\\\/08\\\/rapaz-e-assaltado-e-ameacado-com-faca-no-pescoco\\\/#article\",\"isPartOf\":{\"@id\":\"https:\\\/\\\/marcelolopes.jor.br\\\/site\\\/2025\\\/09\\\/08\\\/rapaz-e-assaltado-e-ameacado-com-faca-no-pescoco\\\/\"},\"author\":{\"name\":\"Marcelo Lopes\",\"@id\":\"https:\\\/\\\/marcelolopes.jor.br\\\/site\\\/#\\\/schema\\\/person\\\/3e7216a35c34d8fdf952b31da3d1f89f\"},\"headline\":\"Rapaz \u00e9 assaltado e amea\u00e7ado com faca no pesco\u00e7o\",\"datePublished\":\"2025-09-08T20:30:03+00:00\",\"mainEntityOfPage\":{\"@id\":\"https:\\\/\\\/marcelolopes.jor.br\\\/site\\\/2025\\\/09\\\/08\\\/rapaz-e-assaltado-e-ameacado-com-faca-no-pescoco\\\/\"},\"wordCount\":210,\"commentCount\":0,\"publisher\":{\"@id\":\"https:\\\/\\\/marcelolopes.jor.br\\\/site\\\/#organization\"},\"image\":{\"@id\":\"https:\\\/\\\/marcelolopes.jor.br\\\/site\\\/2025\\\/09\\\/08\\\/rapaz-e-assaltado-e-ameacado-com-faca-no-pescoco\\\/#primaryimage\"},\"thumbnailUrl\":\"https:\\\/\\\/marcelolopes.jor.br\\\/site\\\/wp-content\\\/uploads\\\/2025\\\/09\\\/GCM-1-3-1140x600-1.jpeg\",\"articleSection\":[\"Not\u00edcias\"],\"inLanguage\":\"pt-BR\",\"potentialAction\":[{\"@type\":\"CommentAction\",\"name\":\"Comment\",\"target\":[\"https:\\\/\\\/marcelolopes.jor.br\\\/site\\\/2025\\\/09\\\/08\\\/rapaz-e-assaltado-e-ameacado-com-faca-no-pescoco\\\/#respond\"]}]},{\"@type\":\"WebPage\",\"@id\":\"https:\\\/\\\/marcelolopes.jor.br\\\/site\\\/2025\\\/09\\\/08\\\/rapaz-e-assaltado-e-ameacado-com-faca-no-pescoco\\\/\",\"url\":\"https:\\\/\\\/marcelolopes.jor.br\\\/site\\\/2025\\\/09\\\/08\\\/rapaz-e-assaltado-e-ameacado-com-faca-no-pescoco\\\/\",\"name\":\"Rapaz \u00e9 assaltado e amea\u00e7ado com faca no pesco\u00e7o | Marcelo Lopes\",\"isPartOf\":{\"@id\":\"https:\\\/\\\/marcelolopes.jor.br\\\/site\\\/#website\"},\"primaryImageOfPage\":{\"@id\":\"https:\\\/\\\/marcelolopes.jor.br\\\/site\\\/2025\\\/09\\\/08\\\/rapaz-e-assaltado-e-ameacado-com-faca-no-pescoco\\\/#primaryimage\"},\"image\":{\"@id\":\"https:\\\/\\\/marcelolopes.jor.br\\\/site\\\/2025\\\/09\\\/08\\\/rapaz-e-assaltado-e-ameacado-com-faca-no-pescoco\\\/#primaryimage\"},\"thumbnailUrl\":\"https:\\\/\\\/marcelolopes.jor.br\\\/site\\\/wp-content\\\/uploads\\\/2025\\\/09\\\/GCM-1-3-1140x600-1.jpeg\",\"datePublished\":\"2025-09-08T20:30:03+00:00\",\"description\":\"Rapaz \u00e9 assaltado e amea\u00e7ado com faca no pesco\u00e7o. Crime aconteceu em Leopoldina neste domingo, 7 de setembro.\",\"breadcrumb\":{\"@id\":\"https:\\\/\\\/marcelolopes.jor.br\\\/site\\\/2025\\\/09\\\/08\\\/rapaz-e-assaltado-e-ameacado-com-faca-no-pescoco\\\/#breadcrumb\"},\"inLanguage\":\"pt-BR\",\"potentialAction\":[{\"@type\":\"ReadAction\",\"target\":[\"https:\\\/\\\/marcelolopes.jor.br\\\/site\\\/2025\\\/09\\\/08\\\/rapaz-e-assaltado-e-ameacado-com-faca-no-pescoco\\\/\"]}]},{\"@type\":\"ImageObject\",\"inLanguage\":\"pt-BR\",\"@id\":\"https:\\\/\\\/marcelolopes.jor.br\\\/site\\\/2025\\\/09\\\/08\\\/rapaz-e-assaltado-e-ameacado-com-faca-no-pescoco\\\/#primaryimage\",\"url\":\"https:\\\/\\\/marcelolopes.jor.br\\\/site\\\/wp-content\\\/uploads\\\/2025\\\/09\\\/GCM-1-3-1140x600-1.jpeg\",\"contentUrl\":\"https:\\\/\\\/marcelolopes.jor.br\\\/site\\\/wp-content\\\/uploads\\\/2025\\\/09\\\/GCM-1-3-1140x600-1.jpeg\",\"width\":1140,\"height\":600,\"caption\":\"Rapaz \u00e9 assaltado e\"},{\"@type\":\"BreadcrumbList\",\"@id\":\"https:\\\/\\\/marcelolopes.jor.br\\\/site\\\/2025\\\/09\\\/08\\\/rapaz-e-assaltado-e-ameacado-com-faca-no-pescoco\\\/#breadcrumb\",\"itemListElement\":[{\"@type\":\"ListItem\",\"position\":1,\"name\":\"Home\",\"item\":\"https:\\\/\\\/marcelolopes.jor.br\\\/site\\\/\"},{\"@type\":\"ListItem\",\"position\":2,\"name\":\"Rapaz \u00e9 assaltado e amea\u00e7ado com faca no pesco\u00e7o\"}]},{\"@type\":\"WebSite\",\"@id\":\"https:\\\/\\\/marcelolopes.jor.br\\\/site\\\/#website\",\"url\":\"https:\\\/\\\/marcelolopes.jor.br\\\/site\\\/\",\"name\":\"Marcelo Lopes\",\"description\":\"Not\u00edcias de Cataguases e Regi\u00e3o\",\"publisher\":{\"@id\":\"https:\\\/\\\/marcelolopes.jor.br\\\/site\\\/#organization\"},\"potentialAction\":[{\"@type\":\"SearchAction\",\"target\":{\"@type\":\"EntryPoint\",\"urlTemplate\":\"https:\\\/\\\/marcelolopes.jor.br\\\/site\\\/?s={search_term_string}\"},\"query-input\":{\"@type\":\"PropertyValueSpecification\",\"valueRequired\":true,\"valueName\":\"search_term_string\"}}],\"inLanguage\":\"pt-BR\"},{\"@type\":\"Organization\",\"@id\":\"https:\\\/\\\/marcelolopes.jor.br\\\/site\\\/#organization\",\"name\":\"Site do Marcelo Lopes\",\"url\":\"https:\\\/\\\/marcelolopes.jor.br\\\/site\\\/\",\"logo\":{\"@type\":\"ImageObject\",\"inLanguage\":\"pt-BR\",\"@id\":\"https:\\\/\\\/marcelolopes.jor.br\\\/site\\\/#\\\/schema\\\/logo\\\/image\\\/\",\"url\":\"https:\\\/\\\/marcelolopes.jor.br\\\/site\\\/wp-content\\\/uploads\\\/2026\\\/07\\\/cropped-logo2026.png\",\"contentUrl\":\"https:\\\/\\\/marcelolopes.jor.br\\\/site\\\/wp-content\\\/uploads\\\/2026\\\/07\\\/cropped-logo2026.png\",\"width\":328,\"height\":96,\"caption\":\"Site do Marcelo Lopes\"},\"image\":{\"@id\":\"https:\\\/\\\/marcelolopes.jor.br\\\/site\\\/#\\\/schema\\\/logo\\\/image\\\/\"},\"sameAs\":[\"https:\\\/\\\/www.facebook.com\\\/sitedomarcelolopes\",\"https:\\\/\\\/www.instagram.com\\\/sitedomarcelolopes\\\/\",\"https:\\\/\\\/www.linkedin.com\\\/company\\\/site-do-marcelo-lopes\\\/\",\"https:\\\/\\\/www.youtube.com\\\/user\\\/marcelolopes957\"]},{\"@type\":\"Person\",\"@id\":\"https:\\\/\\\/marcelolopes.jor.br\\\/site\\\/#\\\/schema\\\/person\\\/3e7216a35c34d8fdf952b31da3d1f89f\",\"name\":\"Marcelo Lopes\",\"sameAs\":[\"http:\\\/\\\/www.marcelolopes.jor.br\"],\"url\":\"https:\\\/\\\/marcelolopes.jor.br\\\/site\\\/author\\\/marcelo\\\/\"}]}<\/script>\n<!-- \/ Yoast SEO plugin. -->","yoast_head_json":{"title":"Rapaz \u00e9 assaltado e amea\u00e7ado com faca no pesco\u00e7o | Marcelo Lopes","description":"Rapaz \u00e9 assaltado e amea\u00e7ado com faca no pesco\u00e7o. Crime aconteceu em Leopoldina neste domingo, 7 de setembro.","robots":{"index":"index","follow":"follow","max-snippet":"max-snippet:-1","max-image-preview":"max-image-preview:large","max-video-preview":"max-video-preview:-1"},"canonical":"https:\/\/marcelolopes.jor.br\/site\/2025\/09\/08\/rapaz-e-assaltado-e-ameacado-com-faca-no-pescoco\/","og_locale":"pt_BR","og_type":"article","og_title":"Rapaz \u00e9 assaltado e amea\u00e7ado com faca no pesco\u00e7o | Marcelo Lopes","og_description":"Rapaz \u00e9 assaltado e amea\u00e7ado com faca no pesco\u00e7o. Crime aconteceu em Leopoldina neste domingo, 7 de setembro.","og_url":"https:\/\/marcelolopes.jor.br\/site\/2025\/09\/08\/rapaz-e-assaltado-e-ameacado-com-faca-no-pescoco\/","og_site_name":"Marcelo Lopes","article_publisher":"https:\/\/www.facebook.com\/sitedomarcelolopes","article_published_time":"2025-09-08T20:30:03+00:00","og_image":[{"width":1140,"height":600,"url":"https:\/\/marcelolopes.jor.br\/site\/wp-content\/uploads\/2025\/09\/GCM-1-3-1140x600-1.jpeg","type":"image\/jpeg"}],"author":"Marcelo Lopes","twitter_card":"summary_large_image","twitter_misc":{"Escrito por":"Marcelo Lopes","Est. tempo de leitura":"1 minuto"},"schema":{"@context":"https:\/\/schema.org","@graph":[{"@type":"NewsArticle","@id":"https:\/\/marcelolopes.jor.br\/site\/2025\/09\/08\/rapaz-e-assaltado-e-ameacado-com-faca-no-pescoco\/#article","isPartOf":{"@id":"https:\/\/marcelolopes.jor.br\/site\/2025\/09\/08\/rapaz-e-assaltado-e-ameacado-com-faca-no-pescoco\/"},"author":{"name":"Marcelo Lopes","@id":"https:\/\/marcelolopes.jor.br\/site\/#\/schema\/person\/3e7216a35c34d8fdf952b31da3d1f89f"},"headline":"Rapaz \u00e9 assaltado e amea\u00e7ado com faca no pesco\u00e7o","datePublished":"2025-09-08T20:30:03+00:00","mainEntityOfPage":{"@id":"https:\/\/marcelolopes.jor.br\/site\/2025\/09\/08\/rapaz-e-assaltado-e-ameacado-com-faca-no-pescoco\/"},"wordCount":210,"commentCount":0,"publisher":{"@id":"https:\/\/marcelolopes.jor.br\/site\/#organization"},"image":{"@id":"https:\/\/marcelolopes.jor.br\/site\/2025\/09\/08\/rapaz-e-assaltado-e-ameacado-com-faca-no-pescoco\/#primaryimage"},"thumbnailUrl":"https:\/\/marcelolopes.jor.br\/site\/wp-content\/uploads\/2025\/09\/GCM-1-3-1140x600-1.jpeg","articleSection":["Not\u00edcias"],"inLanguage":"pt-BR","potentialAction":[{"@type":"CommentAction","name":"Comment","target":["https:\/\/marcelolopes.jor.br\/site\/2025\/09\/08\/rapaz-e-assaltado-e-ameacado-com-faca-no-pescoco\/#respond"]}]},{"@type":"WebPage","@id":"https:\/\/marcelolopes.jor.br\/site\/2025\/09\/08\/rapaz-e-assaltado-e-ameacado-com-faca-no-pescoco\/","url":"https:\/\/marcelolopes.jor.br\/site\/2025\/09\/08\/rapaz-e-assaltado-e-ameacado-com-faca-no-pescoco\/","name":"Rapaz \u00e9 assaltado e amea\u00e7ado com faca no pesco\u00e7o | Marcelo Lopes","isPartOf":{"@id":"https:\/\/marcelolopes.jor.br\/site\/#website"},"primaryImageOfPage":{"@id":"https:\/\/marcelolopes.jor.br\/site\/2025\/09\/08\/rapaz-e-assaltado-e-ameacado-com-faca-no-pescoco\/#primaryimage"},"image":{"@id":"https:\/\/marcelolopes.jor.br\/site\/2025\/09\/08\/rapaz-e-assaltado-e-ameacado-com-faca-no-pescoco\/#primaryimage"},"thumbnailUrl":"https:\/\/marcelolopes.jor.br\/site\/wp-content\/uploads\/2025\/09\/GCM-1-3-1140x600-1.jpeg","datePublished":"2025-09-08T20:30:03+00:00","description":"Rapaz \u00e9 assaltado e amea\u00e7ado com faca no pesco\u00e7o. Crime aconteceu em Leopoldina neste domingo, 7 de setembro.","breadcrumb":{"@id":"https:\/\/marcelolopes.jor.br\/site\/2025\/09\/08\/rapaz-e-assaltado-e-ameacado-com-faca-no-pescoco\/#breadcrumb"},"inLanguage":"pt-BR","potentialAction":[{"@type":"ReadAction","target":["https:\/\/marcelolopes.jor.br\/site\/2025\/09\/08\/rapaz-e-assaltado-e-ameacado-com-faca-no-pescoco\/"]}]},{"@type":"ImageObject","inLanguage":"pt-BR","@id":"https:\/\/marcelolopes.jor.br\/site\/2025\/09\/08\/rapaz-e-assaltado-e-ameacado-com-faca-no-pescoco\/#primaryimage","url":"https:\/\/marcelolopes.jor.br\/site\/wp-content\/uploads\/2025\/09\/GCM-1-3-1140x600-1.jpeg","contentUrl":"https:\/\/marcelolopes.jor.br\/site\/wp-content\/uploads\/2025\/09\/GCM-1-3-1140x600-1.jpeg","width":1140,"height":600,"caption":"Rapaz \u00e9 assaltado e"},{"@type":"BreadcrumbList","@id":"https:\/\/marcelolopes.jor.br\/site\/2025\/09\/08\/rapaz-e-assaltado-e-ameacado-com-faca-no-pescoco\/#breadcrumb","itemListElement":[{"@type":"ListItem","position":1,"name":"Home","item":"https:\/\/marcelolopes.jor.br\/site\/"},{"@type":"ListItem","position":2,"name":"Rapaz \u00e9 assaltado e amea\u00e7ado com faca no pesco\u00e7o"}]},{"@type":"WebSite","@id":"https:\/\/marcelolopes.jor.br\/site\/#website","url":"https:\/\/marcelolopes.jor.br\/site\/","name":"Marcelo Lopes","description":"Not\u00edcias de Cataguases e Regi\u00e3o","publisher":{"@id":"https:\/\/marcelolopes.jor.br\/site\/#organization"},"potentialAction":[{"@type":"SearchAction","target":{"@type":"EntryPoint","urlTemplate":"https:\/\/marcelolopes.jor.br\/site\/?s={search_term_string}"},"query-input":{"@type":"PropertyValueSpecification","valueRequired":true,"valueName":"search_term_string"}}],"inLanguage":"pt-BR"},{"@type":"Organization","@id":"https:\/\/marcelolopes.jor.br\/site\/#organization","name":"Site do Marcelo Lopes","url":"https:\/\/marcelolopes.jor.br\/site\/","logo":{"@type":"ImageObject","inLanguage":"pt-BR","@id":"https:\/\/marcelolopes.jor.br\/site\/#\/schema\/logo\/image\/","url":"https:\/\/marcelolopes.jor.br\/site\/wp-content\/uploads\/2026\/07\/cropped-logo2026.png","contentUrl":"https:\/\/marcelolopes.jor.br\/site\/wp-content\/uploads\/2026\/07\/cropped-logo2026.png","width":328,"height":96,"caption":"Site do Marcelo Lopes"},"image":{"@id":"https:\/\/marcelolopes.jor.br\/site\/#\/schema\/logo\/image\/"},"sameAs":["https:\/\/www.facebook.com\/sitedomarcelolopes","https:\/\/www.instagram.com\/sitedomarcelolopes\/","https:\/\/www.linkedin.com\/company\/site-do-marcelo-lopes\/","https:\/\/www.youtube.com\/user\/marcelolopes957"]},{"@type":"Person","@id":"https:\/\/marcelolopes.jor.br\/site\/#\/schema\/person\/3e7216a35c34d8fdf952b31da3d1f89f","name":"Marcelo Lopes","sameAs":["http:\/\/www.marcelolopes.jor.br"],"url":"https:\/\/marcelolopes.jor.br\/site\/author\/marcelo\/"}]}},"wps_subtitle":"Crime aconteceu em Leopoldina neste domingo, 7.","_links":{"self":[{"href":"https:\/\/marcelolopes.jor.br\/site\/wp-json\/wp\/v2\/posts\/60537","targetHints":{"allow":["GET"]}}],"collection":[{"href":"https:\/\/marcelolopes.jor.br\/site\/wp-json\/wp\/v2\/posts"}],"about":[{"href":"https:\/\/marcelolopes.jor.br\/site\/wp-json\/wp\/v2\/types\/post"}],"author":[{"embeddable":true,"href":"https:\/\/marcelolopes.jor.br\/site\/wp-json\/wp\/v2\/users\/2"}],"replies":[{"embeddable":true,"href":"https:\/\/marcelolopes.jor.br\/site\/wp-json\/wp\/v2\/comments?post=60537"}],"version-history":[{"count":0,"href":"https:\/\/marcelolopes.jor.br\/site\/wp-json\/wp\/v2\/posts\/60537\/revisions"}],"wp:featuredmedia":[{"embeddable":true,"href":"https:\/\/marcelolopes.jor.br\/site\/wp-json\/wp\/v2\/media\/60539"}],"wp:attachment":[{"href":"https:\/\/marcelolopes.jor.br\/site\/wp-json\/wp\/v2\/media?parent=60537"}],"wp:term":[{"taxonomy":"category","embeddable":true,"href":"https:\/\/marcelolopes.jor.br\/site\/wp-json\/wp\/v2\/categories?post=60537"},{"taxonomy":"post_tag","embeddable":true,"href":"https:\/\/marcelolopes.jor.br\/site\/wp-json\/wp\/v2\/tags?post=60537"}],"curies":[{"name":"wp","href":"https:\/\/api.w.org\/{rel}","templated":true}]}}