{"id":60527,"date":"2025-09-08T16:00:55","date_gmt":"2025-09-08T19:00:55","guid":{"rendered":"https:\/\/marcelolopes.jor.br\/?p=60527"},"modified":"2025-09-08T10:39:01","modified_gmt":"2025-09-08T13:39:01","slug":"adolescente-e-apreendido-por-porte-ilegal-de-arma-em-cataguases","status":"publish","type":"post","link":"https:\/\/marcelolopes.jor.br\/site\/2025\/09\/08\/adolescente-e-apreendido-por-porte-ilegal-de-arma-em-cataguases\/","title":{"rendered":"Adolescente \u00e9 apreendido por porte ilegal de arma em Cataguases"},"content":{"rendered":"<p>Um adolescente de 16 anos foi apreendido na madrugada desta segunda-feira, 8 de setembro, por porte ilegal de arma de fogo de uso permitido. A ocorr\u00eancia se deu por volta das 00h15, na Rua Nogueira Neves, Centro, em Cataguases.<!--more--><\/p>\n<h4 class=\"p1\"><span class=\"s1\">\ud83d\udcf8\u00a0<span style=\"color: #008000;\">Siga o Site do Marcelo Lopes no<\/span>\u00a0<span style=\"color: #800000;\"><a style=\"color: #800000;\" href=\"https:\/\/www.facebook.com\/sitedomarcelolopes\/\"><strong>Facebook<\/strong><\/a><\/span>\u00a0<span style=\"color: #008000;\">e no<\/span>\u00a0<span style=\"color: #800000;\"><strong><a style=\"color: #800000;\" href=\"https:\/\/www.instagram.com\/sitedomarcelolopes\/\">Instagram<\/a><\/strong><\/span><\/span><\/h4>\n<h4 class=\"p1\">\ud83d\udcf1<span style=\"color: #008000;\">Participe do grupo de<\/span>\u00a0<span style=\"color: #800000;\"><a style=\"color: #800000;\" href=\"https:\/\/chat.whatsapp.com\/BibzcI1ibYSKytbdyzubLA\"><strong>WhatsApp<\/strong><\/a><\/span> <span style=\"color: #008000;\">do Site do Marcelo Lopes<\/span><\/h4>\n<p>Durante o policiamento ostensivo na festa de anivers\u00e1rio da cidade, a Pol\u00edcia Militar recebeu uma den\u00fancia an\u00f4nima informando que um indiv\u00edduo armado estaria amea\u00e7ando pessoas nas proximidades do Cal\u00e7ad\u00e3o. Diante da gravidade da informa\u00e7\u00e3o, as equipes policiais se deslocaram imediatamente para o local indicado. Ao perceberem a aproxima\u00e7\u00e3o das viaturas, alguns suspeitos que estavam na \u00e1rea se dispersaram rapidamente. Entre eles, um jovem tentou fugir e se esconder atr\u00e1s de um caminh\u00e3o, levantando suspeitas dos militares.<\/p>\n<p>Ap\u00f3s a abordagem, nada de il\u00edcito foi encontrado na posse pessoal do adolescente. No entanto, em uma busca minuciosa nas imedia\u00e7\u00f5es onde ele tentou se esconder, os policiais localizaram um rev\u00f3lver Taurus, calibre .32, desmuniciado. Questionado sobre a arma, o adolescente alegou que a pegou de um desconhecido com o intuito de escond\u00ea-la ao notar a presen\u00e7a policial. Ele foi apreendido em flagrante pelo crime de porte ilegal de arma de fogo de uso permitido.<\/p>\n<p>Ap\u00f3s a apreens\u00e3o, o adolescente foi encaminhado para avalia\u00e7\u00e3o m\u00e9dica e posteriormente apresentado na Delegacia Regional de Pol\u00edcia Civil em Leopoldina, acompanhado de sua av\u00f3. A Pol\u00edcia Civil dar\u00e1 prosseguimento \u00e0s investiga\u00e7\u00f5es para apurar as circunst\u00e2ncias da posse da arma e a eventual participa\u00e7\u00e3o de outros envolvidos.<\/p>\n<p><strong>OUTRAS NOT\u00cdCIAS<\/strong><br \/>\n<a href=\"https:\/\/marcelolopes.jor.br\/2025\/09\/08\/pm-prende-suspeito-em-flagrante-por-furto-em-cataguases\/\"><strong><span style=\"color: #800000;\">PM prende suspeito em flagrante por furto em Cataguases<\/span><\/strong><\/a><\/p>\n<p><a href=\"https:\/\/marcelolopes.jor.br\/2025\/09\/04\/operacao-da-policia-militar-em-leopoldina-prende-quatro-suspeitos\/\"><strong><span style=\"color: #800000;\">Opera\u00e7\u00e3o da Pol\u00edcia Militar em Leopoldina prende quatro suspeitos<\/span><\/strong><\/a><\/p>\n<p>Fonte e foto: PMMG &#8211; divulga\u00e7\u00e3o<\/p>\n<div class=\"hlteg6a950600b32d0\" ><br><\/div><style type=\"text\/css\">\r\n@media screen and (min-width: 1201px) {\r\n.hlteg6a950600b32d0 {\r\ndisplay: block;\r\n}\r\n}\r\n@media screen and (min-width: 993px) and (max-width: 1200px) {\r\n.hlteg6a950600b32d0 {\r\ndisplay: block;\r\n}\r\n}\r\n@media screen and (min-width: 769px) and (max-width: 992px) {\r\n.hlteg6a950600b32d0 {\r\ndisplay: block;\r\n}\r\n}\r\n@media screen and (min-width: 768px) and (max-width: 768px) {\r\n.hlteg6a950600b32d0 {\r\ndisplay: block;\r\n}\r\n}\r\n@media screen and (max-width: 767px) {\r\n.hlteg6a950600b32d0 {\r\ndisplay: block;\r\n}\r\n}\r\n<\/style>\r\n<div class=\"bleiq6a950600b8b79\" ><div id=\"div_destino\"><\/div>\r\n<script src=\"https:\/\/cdn.snsrsv.com\/sdk.js\"><\/script>\r\n<script >\r\n      new sdk(\"464030C30061EA8BE065000000000001\") \r\n          .appendTo(\"div_destino\")\r\n          .disableStyle(true) \r\n          .setCacheBusterMacro(\"%%CACHEBUSTER%%\")\r\n          .setSize(\"800\",\"214\")\r\n          .setClickMacro(\"%%CLICK_URL_ESC%%\") \r\n          .setReferrerUrlMacro(\"%%REFERRER_URL_ESC%%\") \r\n          .start(); \r\n<\/script><\/div><style type=\"text\/css\">\r\n@media screen and (min-width: 1201px) {\r\n.bleiq6a950600b8b79 {\r\ndisplay: block;\r\n}\r\n}\r\n@media screen and (min-width: 993px) and (max-width: 1200px) {\r\n.bleiq6a950600b8b79 {\r\ndisplay: block;\r\n}\r\n}\r\n@media screen and (min-width: 769px) and (max-width: 992px) {\r\n.bleiq6a950600b8b79 {\r\ndisplay: block;\r\n}\r\n}\r\n@media screen and (min-width: 768px) and (max-width: 768px) {\r\n.bleiq6a950600b8b79 {\r\ndisplay: block;\r\n}\r\n}\r\n@media screen and (max-width: 767px) {\r\n.bleiq6a950600b8b79 {\r\ndisplay: block;\r\n}\r\n}\r\n<\/style>\r\n","protected":false},"excerpt":{"rendered":"<p>Um adolescente de 16 anos foi apreendido na madrugada desta segunda-feira, 8 de setembro, por porte ilegal de arma de fogo de uso permitido. A ocorr\u00eancia se deu por volta das 00h15, na Rua Nogueira Neves, Centro, em Cataguases.<\/p>\n","protected":false},"author":2,"featured_media":60529,"comment_status":"open","ping_status":"closed","sticky":false,"template":"","format":"standard","meta":{"footnotes":""},"categories":[1],"tags":[],"class_list":["post-60527","post","type-post","status-publish","format-standard","has-post-thumbnail","hentry","category-noticias","thumb-below-title"],"yoast_head":"<!-- This site is optimized with the Yoast SEO plugin v28.3 - https:\/\/yoast.com\/product\/yoast-seo-wordpress\/ -->\n<title>Adolescente \u00e9 apreendido por porte ilegal de arma em Cataguases | Marcelo Lopes<\/title>\n<meta name=\"description\" content=\"Adolescente \u00e9 apreendido por porte ilegal de arma em Cataguases. Ele disse que o rev\u00f3lver pertencia a uma pessoa que n\u00e3o conhecia.\" \/>\n<meta name=\"robots\" content=\"index, follow, max-snippet:-1, max-image-preview:large, max-video-preview:-1\" \/>\n<link rel=\"canonical\" href=\"https:\/\/marcelolopes.jor.br\/site\/2025\/09\/08\/adolescente-e-apreendido-por-porte-ilegal-de-arma-em-cataguases\/\" \/>\n<meta property=\"og:locale\" content=\"pt_BR\" \/>\n<meta property=\"og:type\" content=\"article\" \/>\n<meta property=\"og:title\" content=\"Adolescente \u00e9 apreendido por porte ilegal de arma em Cataguases | Marcelo Lopes\" \/>\n<meta property=\"og:description\" content=\"Adolescente \u00e9 apreendido por porte ilegal de arma em Cataguases. Ele disse que o rev\u00f3lver pertencia a uma pessoa que n\u00e3o conhecia.\" \/>\n<meta property=\"og:url\" content=\"https:\/\/marcelolopes.jor.br\/site\/2025\/09\/08\/adolescente-e-apreendido-por-porte-ilegal-de-arma-em-cataguases\/\" \/>\n<meta property=\"og:site_name\" content=\"Marcelo Lopes\" \/>\n<meta property=\"article:publisher\" content=\"https:\/\/www.facebook.com\/sitedomarcelolopes\" \/>\n<meta property=\"article:published_time\" content=\"2025-09-08T19:00:55+00:00\" \/>\n<meta property=\"og:image\" content=\"https:\/\/marcelolopes.jor.br\/site\/wp-content\/uploads\/2025\/09\/arma-copiar.jpg\" \/>\n\t<meta property=\"og:image:width\" content=\"800\" \/>\n\t<meta property=\"og:image:height\" content=\"542\" \/>\n\t<meta property=\"og:image:type\" content=\"image\/jpeg\" \/>\n<meta name=\"author\" content=\"Marcelo Lopes\" \/>\n<meta name=\"twitter:card\" content=\"summary_large_image\" \/>\n<meta name=\"twitter:label1\" content=\"Escrito por\" \/>\n\t<meta name=\"twitter:data1\" content=\"Marcelo Lopes\" \/>\n\t<meta name=\"twitter:label2\" content=\"Est. tempo de leitura\" \/>\n\t<meta name=\"twitter:data2\" content=\"2 minutos\" \/>\n<script type=\"application\/ld+json\" class=\"yoast-schema-graph\">{\"@context\":\"https:\\\/\\\/schema.org\",\"@graph\":[{\"@type\":\"NewsArticle\",\"@id\":\"https:\\\/\\\/marcelolopes.jor.br\\\/site\\\/2025\\\/09\\\/08\\\/adolescente-e-apreendido-por-porte-ilegal-de-arma-em-cataguases\\\/#article\",\"isPartOf\":{\"@id\":\"https:\\\/\\\/marcelolopes.jor.br\\\/site\\\/2025\\\/09\\\/08\\\/adolescente-e-apreendido-por-porte-ilegal-de-arma-em-cataguases\\\/\"},\"author\":{\"name\":\"Marcelo Lopes\",\"@id\":\"https:\\\/\\\/marcelolopes.jor.br\\\/site\\\/#\\\/schema\\\/person\\\/3e7216a35c34d8fdf952b31da3d1f89f\"},\"headline\":\"Adolescente \u00e9 apreendido por porte ilegal de arma em Cataguases\",\"datePublished\":\"2025-09-08T19:00:55+00:00\",\"mainEntityOfPage\":{\"@id\":\"https:\\\/\\\/marcelolopes.jor.br\\\/site\\\/2025\\\/09\\\/08\\\/adolescente-e-apreendido-por-porte-ilegal-de-arma-em-cataguases\\\/\"},\"wordCount\":322,\"commentCount\":0,\"publisher\":{\"@id\":\"https:\\\/\\\/marcelolopes.jor.br\\\/site\\\/#organization\"},\"image\":{\"@id\":\"https:\\\/\\\/marcelolopes.jor.br\\\/site\\\/2025\\\/09\\\/08\\\/adolescente-e-apreendido-por-porte-ilegal-de-arma-em-cataguases\\\/#primaryimage\"},\"thumbnailUrl\":\"https:\\\/\\\/marcelolopes.jor.br\\\/site\\\/wp-content\\\/uploads\\\/2025\\\/09\\\/arma-copiar.jpg\",\"articleSection\":[\"Not\u00edcias\"],\"inLanguage\":\"pt-BR\",\"potentialAction\":[{\"@type\":\"CommentAction\",\"name\":\"Comment\",\"target\":[\"https:\\\/\\\/marcelolopes.jor.br\\\/site\\\/2025\\\/09\\\/08\\\/adolescente-e-apreendido-por-porte-ilegal-de-arma-em-cataguases\\\/#respond\"]}]},{\"@type\":\"WebPage\",\"@id\":\"https:\\\/\\\/marcelolopes.jor.br\\\/site\\\/2025\\\/09\\\/08\\\/adolescente-e-apreendido-por-porte-ilegal-de-arma-em-cataguases\\\/\",\"url\":\"https:\\\/\\\/marcelolopes.jor.br\\\/site\\\/2025\\\/09\\\/08\\\/adolescente-e-apreendido-por-porte-ilegal-de-arma-em-cataguases\\\/\",\"name\":\"Adolescente \u00e9 apreendido por porte ilegal de arma em Cataguases | Marcelo Lopes\",\"isPartOf\":{\"@id\":\"https:\\\/\\\/marcelolopes.jor.br\\\/site\\\/#website\"},\"primaryImageOfPage\":{\"@id\":\"https:\\\/\\\/marcelolopes.jor.br\\\/site\\\/2025\\\/09\\\/08\\\/adolescente-e-apreendido-por-porte-ilegal-de-arma-em-cataguases\\\/#primaryimage\"},\"image\":{\"@id\":\"https:\\\/\\\/marcelolopes.jor.br\\\/site\\\/2025\\\/09\\\/08\\\/adolescente-e-apreendido-por-porte-ilegal-de-arma-em-cataguases\\\/#primaryimage\"},\"thumbnailUrl\":\"https:\\\/\\\/marcelolopes.jor.br\\\/site\\\/wp-content\\\/uploads\\\/2025\\\/09\\\/arma-copiar.jpg\",\"datePublished\":\"2025-09-08T19:00:55+00:00\",\"description\":\"Adolescente \u00e9 apreendido por porte ilegal de arma em Cataguases. Ele disse que o rev\u00f3lver pertencia a uma pessoa que n\u00e3o conhecia.\",\"breadcrumb\":{\"@id\":\"https:\\\/\\\/marcelolopes.jor.br\\\/site\\\/2025\\\/09\\\/08\\\/adolescente-e-apreendido-por-porte-ilegal-de-arma-em-cataguases\\\/#breadcrumb\"},\"inLanguage\":\"pt-BR\",\"potentialAction\":[{\"@type\":\"ReadAction\",\"target\":[\"https:\\\/\\\/marcelolopes.jor.br\\\/site\\\/2025\\\/09\\\/08\\\/adolescente-e-apreendido-por-porte-ilegal-de-arma-em-cataguases\\\/\"]}]},{\"@type\":\"ImageObject\",\"inLanguage\":\"pt-BR\",\"@id\":\"https:\\\/\\\/marcelolopes.jor.br\\\/site\\\/2025\\\/09\\\/08\\\/adolescente-e-apreendido-por-porte-ilegal-de-arma-em-cataguases\\\/#primaryimage\",\"url\":\"https:\\\/\\\/marcelolopes.jor.br\\\/site\\\/wp-content\\\/uploads\\\/2025\\\/09\\\/arma-copiar.jpg\",\"contentUrl\":\"https:\\\/\\\/marcelolopes.jor.br\\\/site\\\/wp-content\\\/uploads\\\/2025\\\/09\\\/arma-copiar.jpg\",\"width\":800,\"height\":542,\"caption\":\"Adolescente \u00e9 apreendido por\"},{\"@type\":\"BreadcrumbList\",\"@id\":\"https:\\\/\\\/marcelolopes.jor.br\\\/site\\\/2025\\\/09\\\/08\\\/adolescente-e-apreendido-por-porte-ilegal-de-arma-em-cataguases\\\/#breadcrumb\",\"itemListElement\":[{\"@type\":\"ListItem\",\"position\":1,\"name\":\"Home\",\"item\":\"https:\\\/\\\/marcelolopes.jor.br\\\/site\\\/\"},{\"@type\":\"ListItem\",\"position\":2,\"name\":\"Adolescente \u00e9 apreendido por porte ilegal de arma em Cataguases\"}]},{\"@type\":\"WebSite\",\"@id\":\"https:\\\/\\\/marcelolopes.jor.br\\\/site\\\/#website\",\"url\":\"https:\\\/\\\/marcelolopes.jor.br\\\/site\\\/\",\"name\":\"Marcelo Lopes\",\"description\":\"Not\u00edcias de Cataguases e Regi\u00e3o\",\"publisher\":{\"@id\":\"https:\\\/\\\/marcelolopes.jor.br\\\/site\\\/#organization\"},\"potentialAction\":[{\"@type\":\"SearchAction\",\"target\":{\"@type\":\"EntryPoint\",\"urlTemplate\":\"https:\\\/\\\/marcelolopes.jor.br\\\/site\\\/?s={search_term_string}\"},\"query-input\":{\"@type\":\"PropertyValueSpecification\",\"valueRequired\":true,\"valueName\":\"search_term_string\"}}],\"inLanguage\":\"pt-BR\"},{\"@type\":\"Organization\",\"@id\":\"https:\\\/\\\/marcelolopes.jor.br\\\/site\\\/#organization\",\"name\":\"Site do Marcelo Lopes\",\"url\":\"https:\\\/\\\/marcelolopes.jor.br\\\/site\\\/\",\"logo\":{\"@type\":\"ImageObject\",\"inLanguage\":\"pt-BR\",\"@id\":\"https:\\\/\\\/marcelolopes.jor.br\\\/site\\\/#\\\/schema\\\/logo\\\/image\\\/\",\"url\":\"https:\\\/\\\/marcelolopes.jor.br\\\/site\\\/wp-content\\\/uploads\\\/2026\\\/07\\\/cropped-logo2026.png\",\"contentUrl\":\"https:\\\/\\\/marcelolopes.jor.br\\\/site\\\/wp-content\\\/uploads\\\/2026\\\/07\\\/cropped-logo2026.png\",\"width\":328,\"height\":96,\"caption\":\"Site do Marcelo Lopes\"},\"image\":{\"@id\":\"https:\\\/\\\/marcelolopes.jor.br\\\/site\\\/#\\\/schema\\\/logo\\\/image\\\/\"},\"sameAs\":[\"https:\\\/\\\/www.facebook.com\\\/sitedomarcelolopes\",\"https:\\\/\\\/www.instagram.com\\\/sitedomarcelolopes\\\/\",\"https:\\\/\\\/www.linkedin.com\\\/company\\\/site-do-marcelo-lopes\\\/\",\"https:\\\/\\\/www.youtube.com\\\/user\\\/marcelolopes957\"]},{\"@type\":\"Person\",\"@id\":\"https:\\\/\\\/marcelolopes.jor.br\\\/site\\\/#\\\/schema\\\/person\\\/3e7216a35c34d8fdf952b31da3d1f89f\",\"name\":\"Marcelo Lopes\",\"sameAs\":[\"http:\\\/\\\/www.marcelolopes.jor.br\"],\"url\":\"https:\\\/\\\/marcelolopes.jor.br\\\/site\\\/author\\\/marcelo\\\/\"}]}<\/script>\n<!-- \/ Yoast SEO plugin. -->","yoast_head_json":{"title":"Adolescente \u00e9 apreendido por porte ilegal de arma em Cataguases | Marcelo Lopes","description":"Adolescente \u00e9 apreendido por porte ilegal de arma em Cataguases. Ele disse que o rev\u00f3lver pertencia a uma pessoa que n\u00e3o conhecia.","robots":{"index":"index","follow":"follow","max-snippet":"max-snippet:-1","max-image-preview":"max-image-preview:large","max-video-preview":"max-video-preview:-1"},"canonical":"https:\/\/marcelolopes.jor.br\/site\/2025\/09\/08\/adolescente-e-apreendido-por-porte-ilegal-de-arma-em-cataguases\/","og_locale":"pt_BR","og_type":"article","og_title":"Adolescente \u00e9 apreendido por porte ilegal de arma em Cataguases | Marcelo Lopes","og_description":"Adolescente \u00e9 apreendido por porte ilegal de arma em Cataguases. Ele disse que o rev\u00f3lver pertencia a uma pessoa que n\u00e3o conhecia.","og_url":"https:\/\/marcelolopes.jor.br\/site\/2025\/09\/08\/adolescente-e-apreendido-por-porte-ilegal-de-arma-em-cataguases\/","og_site_name":"Marcelo Lopes","article_publisher":"https:\/\/www.facebook.com\/sitedomarcelolopes","article_published_time":"2025-09-08T19:00:55+00:00","og_image":[{"width":800,"height":542,"url":"https:\/\/marcelolopes.jor.br\/site\/wp-content\/uploads\/2025\/09\/arma-copiar.jpg","type":"image\/jpeg"}],"author":"Marcelo Lopes","twitter_card":"summary_large_image","twitter_misc":{"Escrito por":"Marcelo Lopes","Est. tempo de leitura":"2 minutos"},"schema":{"@context":"https:\/\/schema.org","@graph":[{"@type":"NewsArticle","@id":"https:\/\/marcelolopes.jor.br\/site\/2025\/09\/08\/adolescente-e-apreendido-por-porte-ilegal-de-arma-em-cataguases\/#article","isPartOf":{"@id":"https:\/\/marcelolopes.jor.br\/site\/2025\/09\/08\/adolescente-e-apreendido-por-porte-ilegal-de-arma-em-cataguases\/"},"author":{"name":"Marcelo Lopes","@id":"https:\/\/marcelolopes.jor.br\/site\/#\/schema\/person\/3e7216a35c34d8fdf952b31da3d1f89f"},"headline":"Adolescente \u00e9 apreendido por porte ilegal de arma em Cataguases","datePublished":"2025-09-08T19:00:55+00:00","mainEntityOfPage":{"@id":"https:\/\/marcelolopes.jor.br\/site\/2025\/09\/08\/adolescente-e-apreendido-por-porte-ilegal-de-arma-em-cataguases\/"},"wordCount":322,"commentCount":0,"publisher":{"@id":"https:\/\/marcelolopes.jor.br\/site\/#organization"},"image":{"@id":"https:\/\/marcelolopes.jor.br\/site\/2025\/09\/08\/adolescente-e-apreendido-por-porte-ilegal-de-arma-em-cataguases\/#primaryimage"},"thumbnailUrl":"https:\/\/marcelolopes.jor.br\/site\/wp-content\/uploads\/2025\/09\/arma-copiar.jpg","articleSection":["Not\u00edcias"],"inLanguage":"pt-BR","potentialAction":[{"@type":"CommentAction","name":"Comment","target":["https:\/\/marcelolopes.jor.br\/site\/2025\/09\/08\/adolescente-e-apreendido-por-porte-ilegal-de-arma-em-cataguases\/#respond"]}]},{"@type":"WebPage","@id":"https:\/\/marcelolopes.jor.br\/site\/2025\/09\/08\/adolescente-e-apreendido-por-porte-ilegal-de-arma-em-cataguases\/","url":"https:\/\/marcelolopes.jor.br\/site\/2025\/09\/08\/adolescente-e-apreendido-por-porte-ilegal-de-arma-em-cataguases\/","name":"Adolescente \u00e9 apreendido por porte ilegal de arma em Cataguases | Marcelo Lopes","isPartOf":{"@id":"https:\/\/marcelolopes.jor.br\/site\/#website"},"primaryImageOfPage":{"@id":"https:\/\/marcelolopes.jor.br\/site\/2025\/09\/08\/adolescente-e-apreendido-por-porte-ilegal-de-arma-em-cataguases\/#primaryimage"},"image":{"@id":"https:\/\/marcelolopes.jor.br\/site\/2025\/09\/08\/adolescente-e-apreendido-por-porte-ilegal-de-arma-em-cataguases\/#primaryimage"},"thumbnailUrl":"https:\/\/marcelolopes.jor.br\/site\/wp-content\/uploads\/2025\/09\/arma-copiar.jpg","datePublished":"2025-09-08T19:00:55+00:00","description":"Adolescente \u00e9 apreendido por porte ilegal de arma em Cataguases. Ele disse que o rev\u00f3lver pertencia a uma pessoa que n\u00e3o conhecia.","breadcrumb":{"@id":"https:\/\/marcelolopes.jor.br\/site\/2025\/09\/08\/adolescente-e-apreendido-por-porte-ilegal-de-arma-em-cataguases\/#breadcrumb"},"inLanguage":"pt-BR","potentialAction":[{"@type":"ReadAction","target":["https:\/\/marcelolopes.jor.br\/site\/2025\/09\/08\/adolescente-e-apreendido-por-porte-ilegal-de-arma-em-cataguases\/"]}]},{"@type":"ImageObject","inLanguage":"pt-BR","@id":"https:\/\/marcelolopes.jor.br\/site\/2025\/09\/08\/adolescente-e-apreendido-por-porte-ilegal-de-arma-em-cataguases\/#primaryimage","url":"https:\/\/marcelolopes.jor.br\/site\/wp-content\/uploads\/2025\/09\/arma-copiar.jpg","contentUrl":"https:\/\/marcelolopes.jor.br\/site\/wp-content\/uploads\/2025\/09\/arma-copiar.jpg","width":800,"height":542,"caption":"Adolescente \u00e9 apreendido por"},{"@type":"BreadcrumbList","@id":"https:\/\/marcelolopes.jor.br\/site\/2025\/09\/08\/adolescente-e-apreendido-por-porte-ilegal-de-arma-em-cataguases\/#breadcrumb","itemListElement":[{"@type":"ListItem","position":1,"name":"Home","item":"https:\/\/marcelolopes.jor.br\/site\/"},{"@type":"ListItem","position":2,"name":"Adolescente \u00e9 apreendido por porte ilegal de arma em Cataguases"}]},{"@type":"WebSite","@id":"https:\/\/marcelolopes.jor.br\/site\/#website","url":"https:\/\/marcelolopes.jor.br\/site\/","name":"Marcelo Lopes","description":"Not\u00edcias de Cataguases e Regi\u00e3o","publisher":{"@id":"https:\/\/marcelolopes.jor.br\/site\/#organization"},"potentialAction":[{"@type":"SearchAction","target":{"@type":"EntryPoint","urlTemplate":"https:\/\/marcelolopes.jor.br\/site\/?s={search_term_string}"},"query-input":{"@type":"PropertyValueSpecification","valueRequired":true,"valueName":"search_term_string"}}],"inLanguage":"pt-BR"},{"@type":"Organization","@id":"https:\/\/marcelolopes.jor.br\/site\/#organization","name":"Site do Marcelo Lopes","url":"https:\/\/marcelolopes.jor.br\/site\/","logo":{"@type":"ImageObject","inLanguage":"pt-BR","@id":"https:\/\/marcelolopes.jor.br\/site\/#\/schema\/logo\/image\/","url":"https:\/\/marcelolopes.jor.br\/site\/wp-content\/uploads\/2026\/07\/cropped-logo2026.png","contentUrl":"https:\/\/marcelolopes.jor.br\/site\/wp-content\/uploads\/2026\/07\/cropped-logo2026.png","width":328,"height":96,"caption":"Site do Marcelo Lopes"},"image":{"@id":"https:\/\/marcelolopes.jor.br\/site\/#\/schema\/logo\/image\/"},"sameAs":["https:\/\/www.facebook.com\/sitedomarcelolopes","https:\/\/www.instagram.com\/sitedomarcelolopes\/","https:\/\/www.linkedin.com\/company\/site-do-marcelo-lopes\/","https:\/\/www.youtube.com\/user\/marcelolopes957"]},{"@type":"Person","@id":"https:\/\/marcelolopes.jor.br\/site\/#\/schema\/person\/3e7216a35c34d8fdf952b31da3d1f89f","name":"Marcelo Lopes","sameAs":["http:\/\/www.marcelolopes.jor.br"],"url":"https:\/\/marcelolopes.jor.br\/site\/author\/marcelo\/"}]}},"wps_subtitle":"Ele disse que o rev\u00f3lver pertencia a uma pessoa que n\u00e3o conhecia.","_links":{"self":[{"href":"https:\/\/marcelolopes.jor.br\/site\/wp-json\/wp\/v2\/posts\/60527","targetHints":{"allow":["GET"]}}],"collection":[{"href":"https:\/\/marcelolopes.jor.br\/site\/wp-json\/wp\/v2\/posts"}],"about":[{"href":"https:\/\/marcelolopes.jor.br\/site\/wp-json\/wp\/v2\/types\/post"}],"author":[{"embeddable":true,"href":"https:\/\/marcelolopes.jor.br\/site\/wp-json\/wp\/v2\/users\/2"}],"replies":[{"embeddable":true,"href":"https:\/\/marcelolopes.jor.br\/site\/wp-json\/wp\/v2\/comments?post=60527"}],"version-history":[{"count":0,"href":"https:\/\/marcelolopes.jor.br\/site\/wp-json\/wp\/v2\/posts\/60527\/revisions"}],"wp:featuredmedia":[{"embeddable":true,"href":"https:\/\/marcelolopes.jor.br\/site\/wp-json\/wp\/v2\/media\/60529"}],"wp:attachment":[{"href":"https:\/\/marcelolopes.jor.br\/site\/wp-json\/wp\/v2\/media?parent=60527"}],"wp:term":[{"taxonomy":"category","embeddable":true,"href":"https:\/\/marcelolopes.jor.br\/site\/wp-json\/wp\/v2\/categories?post=60527"},{"taxonomy":"post_tag","embeddable":true,"href":"https:\/\/marcelolopes.jor.br\/site\/wp-json\/wp\/v2\/tags?post=60527"}],"curies":[{"name":"wp","href":"https:\/\/api.w.org\/{rel}","templated":true}]}}