{"id":60180,"date":"2025-08-25T16:00:45","date_gmt":"2025-08-25T19:00:45","guid":{"rendered":"https:\/\/marcelolopes.jor.br\/?p=60180"},"modified":"2025-08-25T10:20:36","modified_gmt":"2025-08-25T13:20:36","slug":"forcas-de-seguranca-que-atuam-no-municipio-recebem-homenagem","status":"publish","type":"post","link":"https:\/\/marcelolopes.jor.br\/site\/2025\/08\/25\/forcas-de-seguranca-que-atuam-no-municipio-recebem-homenagem\/","title":{"rendered":"For\u00e7as de Seguran\u00e7a que atuam no munic\u00edpio recebem homenagem"},"content":{"rendered":"<p>Neste domingo, 24 de agosto, a Igreja Universal do Reino de Deus realizou uma homenagem especial a todos os representantes da seguran\u00e7a p\u00fablica de Cataguases. A solenidade foi em reconhecimento ao trabalho dedicado e \u00e0 import\u00e2ncia de cada profissional na manuten\u00e7\u00e3o da ordem e da prote\u00e7\u00e3o da popula\u00e7\u00e3o, conforme frisou aquela institui\u00e7\u00e3o.<!--more--><\/p>\n<h4 class=\"p1\"><span class=\"s1\">\ud83d\udcf8\u00a0<span style=\"color: #008000;\">Siga o Site do Marcelo Lopes no<\/span>\u00a0<span style=\"color: #800000;\"><a style=\"color: #800000;\" href=\"https:\/\/www.facebook.com\/sitedomarcelolopes\/\"><strong>Facebook<\/strong><\/a><\/span>\u00a0<span style=\"color: #008000;\">e no<\/span>\u00a0<span style=\"color: #800000;\"><strong><a style=\"color: #800000;\" href=\"https:\/\/www.instagram.com\/sitedomarcelolopes\/\">Instagram<\/a><\/strong><\/span><\/span><\/h4>\n<h4 class=\"p1\">\ud83d\udcf1<span style=\"color: #008000;\">Participe do grupo de<\/span>\u00a0<span style=\"color: #800000;\"><a style=\"color: #800000;\" href=\"https:\/\/chat.whatsapp.com\/BibzcI1ibYSKytbdyzubLA\"><strong>WhatsApp<\/strong><\/a><\/span> <span style=\"color: #008000;\">do Site do Marcelo Lopes<\/span><\/h4>\n<p>O evento contou com a presen\u00e7a de integrantes da Pol\u00edcia Civil, Pol\u00edcia Militar, Pol\u00edcia Penal, Corpo de Bombeiros, Minist\u00e9rio P\u00fablico e do Ex\u00e9rcito, ressaltando a integra\u00e7\u00e3o e o esfor\u00e7o conjunto entre as diferentes institui\u00e7\u00f5es que atuam diariamente em prol da seguran\u00e7a da cidade.<\/p>\n<p>A homenagem refor\u00e7a a relev\u00e2ncia do trabalho desempenhado por cada profissional da seguran\u00e7a p\u00fablica, evidenciando o valor do compromisso, da coragem e da dedica\u00e7\u00e3o que garantem a prote\u00e7\u00e3o e o bem-estar da popula\u00e7\u00e3o de Cataguases.<\/p>\n<p><img loading=\"lazy\" decoding=\"async\" class=\"aligncenter wp-image-60184\" src=\"https:\/\/marcelolopes.jor.br\/site\/wp-content\/uploads\/2025\/08\/Seguranca2-300x225.jpeg\" alt=\"For\u00e7as de Seguran\u00e7a que\" width=\"700\" height=\"525\" srcset=\"https:\/\/marcelolopes.jor.br\/site\/wp-content\/uploads\/2025\/08\/Seguranca2-300x225.jpeg 300w, https:\/\/marcelolopes.jor.br\/site\/wp-content\/uploads\/2025\/08\/Seguranca2-1024x768.jpeg 1024w, https:\/\/marcelolopes.jor.br\/site\/wp-content\/uploads\/2025\/08\/Seguranca2-768x576.jpeg 768w, https:\/\/marcelolopes.jor.br\/site\/wp-content\/uploads\/2025\/08\/Seguranca2-1536x1152.jpeg 1536w, https:\/\/marcelolopes.jor.br\/site\/wp-content\/uploads\/2025\/08\/Seguranca2-1200x900.jpeg 1200w, https:\/\/marcelolopes.jor.br\/site\/wp-content\/uploads\/2025\/08\/Seguranca2-320x240.jpeg 320w, https:\/\/marcelolopes.jor.br\/site\/wp-content\/uploads\/2025\/08\/Seguranca2.jpeg 1600w\" sizes=\"auto, (max-width: 700px) 100vw, 700px\" \/><\/p>\n<p><img loading=\"lazy\" decoding=\"async\" class=\"aligncenter wp-image-60186\" src=\"https:\/\/marcelolopes.jor.br\/site\/wp-content\/uploads\/2025\/08\/Seguranca6-300x225.jpeg\" alt=\"For\u00e7as de Seguran\u00e7a que\" width=\"700\" height=\"525\" srcset=\"https:\/\/marcelolopes.jor.br\/site\/wp-content\/uploads\/2025\/08\/Seguranca6-300x225.jpeg 300w, https:\/\/marcelolopes.jor.br\/site\/wp-content\/uploads\/2025\/08\/Seguranca6-1024x768.jpeg 1024w, https:\/\/marcelolopes.jor.br\/site\/wp-content\/uploads\/2025\/08\/Seguranca6-768x576.jpeg 768w, https:\/\/marcelolopes.jor.br\/site\/wp-content\/uploads\/2025\/08\/Seguranca6-1536x1152.jpeg 1536w, https:\/\/marcelolopes.jor.br\/site\/wp-content\/uploads\/2025\/08\/Seguranca6-1200x900.jpeg 1200w, https:\/\/marcelolopes.jor.br\/site\/wp-content\/uploads\/2025\/08\/Seguranca6-320x240.jpeg 320w, https:\/\/marcelolopes.jor.br\/site\/wp-content\/uploads\/2025\/08\/Seguranca6.jpeg 1600w\" sizes=\"auto, (max-width: 700px) 100vw, 700px\" \/><\/p>\n<p><img loading=\"lazy\" decoding=\"async\" class=\"aligncenter wp-image-60185\" src=\"https:\/\/marcelolopes.jor.br\/site\/wp-content\/uploads\/2025\/08\/Seguranca4-300x285.jpeg\" alt=\"\" width=\"700\" height=\"664\" srcset=\"https:\/\/marcelolopes.jor.br\/site\/wp-content\/uploads\/2025\/08\/Seguranca4-300x285.jpeg 300w, https:\/\/marcelolopes.jor.br\/site\/wp-content\/uploads\/2025\/08\/Seguranca4-1024x972.jpeg 1024w, https:\/\/marcelolopes.jor.br\/site\/wp-content\/uploads\/2025\/08\/Seguranca4-768x729.jpeg 768w, https:\/\/marcelolopes.jor.br\/site\/wp-content\/uploads\/2025\/08\/Seguranca4-1536x1458.jpeg 1536w, https:\/\/marcelolopes.jor.br\/site\/wp-content\/uploads\/2025\/08\/Seguranca4-1200x1139.jpeg 1200w, https:\/\/marcelolopes.jor.br\/site\/wp-content\/uploads\/2025\/08\/Seguranca4.jpeg 1571w\" sizes=\"auto, (max-width: 700px) 100vw, 700px\" \/><\/p>\n<p><img loading=\"lazy\" decoding=\"async\" class=\"aligncenter wp-image-60187\" src=\"https:\/\/marcelolopes.jor.br\/site\/wp-content\/uploads\/2025\/08\/Seguranjca5-300x288.jpeg\" alt=\"\" width=\"700\" height=\"671\" srcset=\"https:\/\/marcelolopes.jor.br\/site\/wp-content\/uploads\/2025\/08\/Seguranjca5-300x288.jpeg 300w, https:\/\/marcelolopes.jor.br\/site\/wp-content\/uploads\/2025\/08\/Seguranjca5-1024x982.jpeg 1024w, https:\/\/marcelolopes.jor.br\/site\/wp-content\/uploads\/2025\/08\/Seguranjca5-768x737.jpeg 768w, https:\/\/marcelolopes.jor.br\/site\/wp-content\/uploads\/2025\/08\/Seguranjca5-1536x1473.jpeg 1536w, https:\/\/marcelolopes.jor.br\/site\/wp-content\/uploads\/2025\/08\/Seguranjca5-1200x1151.jpeg 1200w, https:\/\/marcelolopes.jor.br\/site\/wp-content\/uploads\/2025\/08\/Seguranjca5.jpeg 1595w\" sizes=\"auto, (max-width: 700px) 100vw, 700px\" \/><\/p>\n<p><img loading=\"lazy\" decoding=\"async\" class=\"aligncenter wp-image-60182\" src=\"https:\/\/marcelolopes.jor.br\/site\/wp-content\/uploads\/2025\/08\/Sefguranca3-300x267.jpeg\" alt=\"\" width=\"700\" height=\"624\" srcset=\"https:\/\/marcelolopes.jor.br\/site\/wp-content\/uploads\/2025\/08\/Sefguranca3-300x267.jpeg 300w, https:\/\/marcelolopes.jor.br\/site\/wp-content\/uploads\/2025\/08\/Sefguranca3-1024x913.jpeg 1024w, https:\/\/marcelolopes.jor.br\/site\/wp-content\/uploads\/2025\/08\/Sefguranca3-768x685.jpeg 768w, https:\/\/marcelolopes.jor.br\/site\/wp-content\/uploads\/2025\/08\/Sefguranca3-1200x1070.jpeg 1200w, https:\/\/marcelolopes.jor.br\/site\/wp-content\/uploads\/2025\/08\/Sefguranca3.jpeg 1483w\" sizes=\"auto, (max-width: 700px) 100vw, 700px\" \/><\/p>\n<p><strong>OUTRAS NOT\u00cdCIAS<\/strong><br \/>\n<a href=\"https:\/\/marcelolopes.jor.br\/2025\/03\/10\/idosas-do-lar-sao-vicente-de-paulo-recebem-homenagem\/\"><strong><span style=\"color: #800000;\">Idosas do Lar S\u00e3o Vicente de Paulo recebem homenagem<\/span><\/strong><\/a><\/p>\n<p><a href=\"https:\/\/marcelolopes.jor.br\/2024\/03\/06\/camara-de-cataguases-presta-homenagem-a-mulher-nesta-quarta-feira\/\"><strong><span style=\"color: #800000;\">C\u00e2mara de Cataguases presta homenagem \u00e0 mulher nesta quarta-feira<\/span><\/strong><\/a><\/p>\n<p>Texto e fotos: IURD<\/p>\n<div class=\"xwlic69f7632705ca0\" ><br><\/div><style type=\"text\/css\">\r\n@media screen and (min-width: 1201px) {\r\n.xwlic69f7632705ca0 {\r\ndisplay: block;\r\n}\r\n}\r\n@media screen and (min-width: 993px) and (max-width: 1200px) {\r\n.xwlic69f7632705ca0 {\r\ndisplay: block;\r\n}\r\n}\r\n@media screen and (min-width: 769px) and (max-width: 992px) {\r\n.xwlic69f7632705ca0 {\r\ndisplay: block;\r\n}\r\n}\r\n@media screen and (min-width: 768px) and (max-width: 768px) {\r\n.xwlic69f7632705ca0 {\r\ndisplay: block;\r\n}\r\n}\r\n@media screen and (max-width: 767px) {\r\n.xwlic69f7632705ca0 {\r\ndisplay: block;\r\n}\r\n}\r\n<\/style>\r\n<div class=\"sjeol69f763270bbbf\" ><div id=\"div_destino\"><\/div>\r\n<script src=\"https:\/\/cdn.snsrsv.com\/sdk.js\"><\/script>\r\n<script >\r\n      new sdk(\"464030C30061EA8BE065000000000001\") \r\n          .appendTo(\"div_destino\")\r\n          .disableStyle(true) \r\n          .setCacheBusterMacro(\"%%CACHEBUSTER%%\")\r\n          .setSize(\"800\",\"214\")\r\n          .setClickMacro(\"%%CLICK_URL_ESC%%\") \r\n          .setReferrerUrlMacro(\"%%REFERRER_URL_ESC%%\") \r\n          .start(); \r\n<\/script><\/div><style type=\"text\/css\">\r\n@media screen and (min-width: 1201px) {\r\n.sjeol69f763270bbbf {\r\ndisplay: block;\r\n}\r\n}\r\n@media screen and (min-width: 993px) and (max-width: 1200px) {\r\n.sjeol69f763270bbbf {\r\ndisplay: block;\r\n}\r\n}\r\n@media screen and (min-width: 769px) and (max-width: 992px) {\r\n.sjeol69f763270bbbf {\r\ndisplay: block;\r\n}\r\n}\r\n@media screen and (min-width: 768px) and (max-width: 768px) {\r\n.sjeol69f763270bbbf {\r\ndisplay: block;\r\n}\r\n}\r\n@media screen and (max-width: 767px) {\r\n.sjeol69f763270bbbf {\r\ndisplay: block;\r\n}\r\n}\r\n<\/style>\r\n","protected":false},"excerpt":{"rendered":"<p>Neste domingo, 24 de agosto, a Igreja Universal do Reino de Deus realizou uma homenagem especial a todos os representantes da seguran\u00e7a p\u00fablica de Cataguases. A solenidade foi em reconhecimento ao trabalho dedicado e \u00e0 import\u00e2ncia de cada profissional na<\/p>\n<p class=\"link-more\"><a class=\"more-link\" href=\"https:\/\/marcelolopes.jor.br\/site\/2025\/08\/25\/forcas-de-seguranca-que-atuam-no-municipio-recebem-homenagem\/\">Leia mais <span class=\"screen-reader-text\">For\u00e7as de Seguran\u00e7a que atuam no munic\u00edpio recebem homenagem<\/span><\/a><\/p>\n","protected":false},"author":2,"featured_media":60183,"comment_status":"open","ping_status":"closed","sticky":false,"template":"","format":"standard","meta":{"footnotes":""},"categories":[1],"tags":[],"class_list":["post-60180","post","type-post","status-publish","format-standard","has-post-thumbnail","hentry","category-noticias","thumb-below-title"],"yoast_head":"<!-- This site is optimized with the Yoast SEO plugin v27.4 - https:\/\/yoast.com\/product\/yoast-seo-wordpress\/ -->\n<title>For\u00e7as de Seguran\u00e7a que atuam no munic\u00edpio recebem<\/title>\n<meta name=\"description\" content=\"For\u00e7as de Seguran\u00e7a que atuam no munic\u00edpio recebem homenagem. Evento foi promovido pela Igreja Universal do Reino de Deus.\" \/>\n<meta name=\"robots\" content=\"index, follow, max-snippet:-1, max-image-preview:large, max-video-preview:-1\" \/>\n<link rel=\"canonical\" href=\"https:\/\/marcelolopes.jor.br\/site\/2025\/08\/25\/forcas-de-seguranca-que-atuam-no-municipio-recebem-homenagem\/\" \/>\n<meta property=\"og:locale\" content=\"pt_BR\" \/>\n<meta property=\"og:type\" content=\"article\" \/>\n<meta property=\"og:title\" content=\"For\u00e7as de Seguran\u00e7a que atuam no munic\u00edpio recebem\" \/>\n<meta property=\"og:description\" content=\"For\u00e7as de Seguran\u00e7a que atuam no munic\u00edpio recebem homenagem. Evento foi promovido pela Igreja Universal do Reino de Deus.\" \/>\n<meta property=\"og:url\" content=\"https:\/\/marcelolopes.jor.br\/site\/2025\/08\/25\/forcas-de-seguranca-que-atuam-no-municipio-recebem-homenagem\/\" \/>\n<meta property=\"og:site_name\" content=\"Marcelo Lopes\" \/>\n<meta property=\"article:publisher\" content=\"https:\/\/www.facebook.com\/sitedomarcelolopes\" \/>\n<meta property=\"article:published_time\" content=\"2025-08-25T19:00:45+00:00\" \/>\n<meta property=\"og:image\" content=\"https:\/\/marcelolopes.jor.br\/site\/wp-content\/uploads\/2025\/08\/Seguranca1.jpeg\" \/>\n\t<meta property=\"og:image:width\" content=\"1600\" \/>\n\t<meta property=\"og:image:height\" content=\"986\" \/>\n\t<meta property=\"og:image:type\" content=\"image\/jpeg\" \/>\n<meta name=\"author\" content=\"Marcelo Lopes\" \/>\n<meta name=\"twitter:card\" content=\"summary_large_image\" \/>\n<meta name=\"twitter:label1\" content=\"Escrito por\" \/>\n\t<meta name=\"twitter:data1\" content=\"Marcelo Lopes\" \/>\n\t<meta name=\"twitter:label2\" content=\"Est. tempo de leitura\" \/>\n\t<meta name=\"twitter:data2\" content=\"1 minuto\" \/>\n<script type=\"application\/ld+json\" class=\"yoast-schema-graph\">{\"@context\":\"https:\\\/\\\/schema.org\",\"@graph\":[{\"@type\":\"NewsArticle\",\"@id\":\"https:\\\/\\\/marcelolopes.jor.br\\\/site\\\/2025\\\/08\\\/25\\\/forcas-de-seguranca-que-atuam-no-municipio-recebem-homenagem\\\/#article\",\"isPartOf\":{\"@id\":\"https:\\\/\\\/marcelolopes.jor.br\\\/site\\\/2025\\\/08\\\/25\\\/forcas-de-seguranca-que-atuam-no-municipio-recebem-homenagem\\\/\"},\"author\":{\"name\":\"Marcelo Lopes\",\"@id\":\"https:\\\/\\\/marcelolopes.jor.br\\\/site\\\/#\\\/schema\\\/person\\\/3e7216a35c34d8fdf952b31da3d1f89f\"},\"headline\":\"For\u00e7as de Seguran\u00e7a que atuam no munic\u00edpio recebem homenagem\",\"datePublished\":\"2025-08-25T19:00:45+00:00\",\"mainEntityOfPage\":{\"@id\":\"https:\\\/\\\/marcelolopes.jor.br\\\/site\\\/2025\\\/08\\\/25\\\/forcas-de-seguranca-que-atuam-no-municipio-recebem-homenagem\\\/\"},\"wordCount\":212,\"commentCount\":0,\"publisher\":{\"@id\":\"https:\\\/\\\/marcelolopes.jor.br\\\/site\\\/#organization\"},\"image\":{\"@id\":\"https:\\\/\\\/marcelolopes.jor.br\\\/site\\\/2025\\\/08\\\/25\\\/forcas-de-seguranca-que-atuam-no-municipio-recebem-homenagem\\\/#primaryimage\"},\"thumbnailUrl\":\"https:\\\/\\\/marcelolopes.jor.br\\\/site\\\/wp-content\\\/uploads\\\/2025\\\/08\\\/Seguranca1.jpeg\",\"articleSection\":[\"Not\u00edcias\"],\"inLanguage\":\"pt-BR\",\"potentialAction\":[{\"@type\":\"CommentAction\",\"name\":\"Comment\",\"target\":[\"https:\\\/\\\/marcelolopes.jor.br\\\/site\\\/2025\\\/08\\\/25\\\/forcas-de-seguranca-que-atuam-no-municipio-recebem-homenagem\\\/#respond\"]}]},{\"@type\":\"WebPage\",\"@id\":\"https:\\\/\\\/marcelolopes.jor.br\\\/site\\\/2025\\\/08\\\/25\\\/forcas-de-seguranca-que-atuam-no-municipio-recebem-homenagem\\\/\",\"url\":\"https:\\\/\\\/marcelolopes.jor.br\\\/site\\\/2025\\\/08\\\/25\\\/forcas-de-seguranca-que-atuam-no-municipio-recebem-homenagem\\\/\",\"name\":\"For\u00e7as de Seguran\u00e7a que atuam no munic\u00edpio recebem\",\"isPartOf\":{\"@id\":\"https:\\\/\\\/marcelolopes.jor.br\\\/site\\\/#website\"},\"primaryImageOfPage\":{\"@id\":\"https:\\\/\\\/marcelolopes.jor.br\\\/site\\\/2025\\\/08\\\/25\\\/forcas-de-seguranca-que-atuam-no-municipio-recebem-homenagem\\\/#primaryimage\"},\"image\":{\"@id\":\"https:\\\/\\\/marcelolopes.jor.br\\\/site\\\/2025\\\/08\\\/25\\\/forcas-de-seguranca-que-atuam-no-municipio-recebem-homenagem\\\/#primaryimage\"},\"thumbnailUrl\":\"https:\\\/\\\/marcelolopes.jor.br\\\/site\\\/wp-content\\\/uploads\\\/2025\\\/08\\\/Seguranca1.jpeg\",\"datePublished\":\"2025-08-25T19:00:45+00:00\",\"description\":\"For\u00e7as de Seguran\u00e7a que atuam no munic\u00edpio recebem homenagem. Evento foi promovido pela Igreja Universal do Reino de Deus.\",\"breadcrumb\":{\"@id\":\"https:\\\/\\\/marcelolopes.jor.br\\\/site\\\/2025\\\/08\\\/25\\\/forcas-de-seguranca-que-atuam-no-municipio-recebem-homenagem\\\/#breadcrumb\"},\"inLanguage\":\"pt-BR\",\"potentialAction\":[{\"@type\":\"ReadAction\",\"target\":[\"https:\\\/\\\/marcelolopes.jor.br\\\/site\\\/2025\\\/08\\\/25\\\/forcas-de-seguranca-que-atuam-no-municipio-recebem-homenagem\\\/\"]}]},{\"@type\":\"ImageObject\",\"inLanguage\":\"pt-BR\",\"@id\":\"https:\\\/\\\/marcelolopes.jor.br\\\/site\\\/2025\\\/08\\\/25\\\/forcas-de-seguranca-que-atuam-no-municipio-recebem-homenagem\\\/#primaryimage\",\"url\":\"https:\\\/\\\/marcelolopes.jor.br\\\/site\\\/wp-content\\\/uploads\\\/2025\\\/08\\\/Seguranca1.jpeg\",\"contentUrl\":\"https:\\\/\\\/marcelolopes.jor.br\\\/site\\\/wp-content\\\/uploads\\\/2025\\\/08\\\/Seguranca1.jpeg\",\"width\":1600,\"height\":986,\"caption\":\"For\u00e7as de Seguran\u00e7a que\"},{\"@type\":\"BreadcrumbList\",\"@id\":\"https:\\\/\\\/marcelolopes.jor.br\\\/site\\\/2025\\\/08\\\/25\\\/forcas-de-seguranca-que-atuam-no-municipio-recebem-homenagem\\\/#breadcrumb\",\"itemListElement\":[{\"@type\":\"ListItem\",\"position\":1,\"name\":\"Home\",\"item\":\"https:\\\/\\\/marcelolopes.jor.br\\\/site\\\/\"},{\"@type\":\"ListItem\",\"position\":2,\"name\":\"For\u00e7as de Seguran\u00e7a que atuam no munic\u00edpio recebem homenagem\"}]},{\"@type\":\"WebSite\",\"@id\":\"https:\\\/\\\/marcelolopes.jor.br\\\/site\\\/#website\",\"url\":\"https:\\\/\\\/marcelolopes.jor.br\\\/site\\\/\",\"name\":\"Marcelo Lopes\",\"description\":\"Not\u00edcias de Cataguases e Regi\u00e3o\",\"publisher\":{\"@id\":\"https:\\\/\\\/marcelolopes.jor.br\\\/site\\\/#organization\"},\"potentialAction\":[{\"@type\":\"SearchAction\",\"target\":{\"@type\":\"EntryPoint\",\"urlTemplate\":\"https:\\\/\\\/marcelolopes.jor.br\\\/site\\\/?s={search_term_string}\"},\"query-input\":{\"@type\":\"PropertyValueSpecification\",\"valueRequired\":true,\"valueName\":\"search_term_string\"}}],\"inLanguage\":\"pt-BR\"},{\"@type\":\"Organization\",\"@id\":\"https:\\\/\\\/marcelolopes.jor.br\\\/site\\\/#organization\",\"name\":\"Site do Marcelo Lopes\",\"url\":\"https:\\\/\\\/marcelolopes.jor.br\\\/site\\\/\",\"logo\":{\"@type\":\"ImageObject\",\"inLanguage\":\"pt-BR\",\"@id\":\"https:\\\/\\\/marcelolopes.jor.br\\\/site\\\/#\\\/schema\\\/logo\\\/image\\\/\",\"url\":\"https:\\\/\\\/marcelolopes.jor.br\\\/site\\\/wp-content\\\/uploads\\\/2024\\\/11\\\/logo-1.png\",\"contentUrl\":\"https:\\\/\\\/marcelolopes.jor.br\\\/site\\\/wp-content\\\/uploads\\\/2024\\\/11\\\/logo-1.png\",\"width\":475,\"height\":80,\"caption\":\"Site do Marcelo Lopes\"},\"image\":{\"@id\":\"https:\\\/\\\/marcelolopes.jor.br\\\/site\\\/#\\\/schema\\\/logo\\\/image\\\/\"},\"sameAs\":[\"https:\\\/\\\/www.facebook.com\\\/sitedomarcelolopes\",\"https:\\\/\\\/www.instagram.com\\\/sitedomarcelolopes\\\/\",\"https:\\\/\\\/www.linkedin.com\\\/company\\\/site-do-marcelo-lopes\\\/\",\"https:\\\/\\\/www.youtube.com\\\/user\\\/marcelolopes957\"]},{\"@type\":\"Person\",\"@id\":\"https:\\\/\\\/marcelolopes.jor.br\\\/site\\\/#\\\/schema\\\/person\\\/3e7216a35c34d8fdf952b31da3d1f89f\",\"name\":\"Marcelo Lopes\",\"sameAs\":[\"http:\\\/\\\/www.marcelolopes.jor.br\"],\"url\":\"https:\\\/\\\/marcelolopes.jor.br\\\/site\\\/author\\\/marcelo\\\/\"}]}<\/script>\n<!-- \/ Yoast SEO plugin. -->","yoast_head_json":{"title":"For\u00e7as de Seguran\u00e7a que atuam no munic\u00edpio recebem","description":"For\u00e7as de Seguran\u00e7a que atuam no munic\u00edpio recebem homenagem. Evento foi promovido pela Igreja Universal do Reino de Deus.","robots":{"index":"index","follow":"follow","max-snippet":"max-snippet:-1","max-image-preview":"max-image-preview:large","max-video-preview":"max-video-preview:-1"},"canonical":"https:\/\/marcelolopes.jor.br\/site\/2025\/08\/25\/forcas-de-seguranca-que-atuam-no-municipio-recebem-homenagem\/","og_locale":"pt_BR","og_type":"article","og_title":"For\u00e7as de Seguran\u00e7a que atuam no munic\u00edpio recebem","og_description":"For\u00e7as de Seguran\u00e7a que atuam no munic\u00edpio recebem homenagem. Evento foi promovido pela Igreja Universal do Reino de Deus.","og_url":"https:\/\/marcelolopes.jor.br\/site\/2025\/08\/25\/forcas-de-seguranca-que-atuam-no-municipio-recebem-homenagem\/","og_site_name":"Marcelo Lopes","article_publisher":"https:\/\/www.facebook.com\/sitedomarcelolopes","article_published_time":"2025-08-25T19:00:45+00:00","og_image":[{"width":1600,"height":986,"url":"https:\/\/marcelolopes.jor.br\/site\/wp-content\/uploads\/2025\/08\/Seguranca1.jpeg","type":"image\/jpeg"}],"author":"Marcelo Lopes","twitter_card":"summary_large_image","twitter_misc":{"Escrito por":"Marcelo Lopes","Est. tempo de leitura":"1 minuto"},"schema":{"@context":"https:\/\/schema.org","@graph":[{"@type":"NewsArticle","@id":"https:\/\/marcelolopes.jor.br\/site\/2025\/08\/25\/forcas-de-seguranca-que-atuam-no-municipio-recebem-homenagem\/#article","isPartOf":{"@id":"https:\/\/marcelolopes.jor.br\/site\/2025\/08\/25\/forcas-de-seguranca-que-atuam-no-municipio-recebem-homenagem\/"},"author":{"name":"Marcelo Lopes","@id":"https:\/\/marcelolopes.jor.br\/site\/#\/schema\/person\/3e7216a35c34d8fdf952b31da3d1f89f"},"headline":"For\u00e7as de Seguran\u00e7a que atuam no munic\u00edpio recebem homenagem","datePublished":"2025-08-25T19:00:45+00:00","mainEntityOfPage":{"@id":"https:\/\/marcelolopes.jor.br\/site\/2025\/08\/25\/forcas-de-seguranca-que-atuam-no-municipio-recebem-homenagem\/"},"wordCount":212,"commentCount":0,"publisher":{"@id":"https:\/\/marcelolopes.jor.br\/site\/#organization"},"image":{"@id":"https:\/\/marcelolopes.jor.br\/site\/2025\/08\/25\/forcas-de-seguranca-que-atuam-no-municipio-recebem-homenagem\/#primaryimage"},"thumbnailUrl":"https:\/\/marcelolopes.jor.br\/site\/wp-content\/uploads\/2025\/08\/Seguranca1.jpeg","articleSection":["Not\u00edcias"],"inLanguage":"pt-BR","potentialAction":[{"@type":"CommentAction","name":"Comment","target":["https:\/\/marcelolopes.jor.br\/site\/2025\/08\/25\/forcas-de-seguranca-que-atuam-no-municipio-recebem-homenagem\/#respond"]}]},{"@type":"WebPage","@id":"https:\/\/marcelolopes.jor.br\/site\/2025\/08\/25\/forcas-de-seguranca-que-atuam-no-municipio-recebem-homenagem\/","url":"https:\/\/marcelolopes.jor.br\/site\/2025\/08\/25\/forcas-de-seguranca-que-atuam-no-municipio-recebem-homenagem\/","name":"For\u00e7as de Seguran\u00e7a que atuam no munic\u00edpio recebem","isPartOf":{"@id":"https:\/\/marcelolopes.jor.br\/site\/#website"},"primaryImageOfPage":{"@id":"https:\/\/marcelolopes.jor.br\/site\/2025\/08\/25\/forcas-de-seguranca-que-atuam-no-municipio-recebem-homenagem\/#primaryimage"},"image":{"@id":"https:\/\/marcelolopes.jor.br\/site\/2025\/08\/25\/forcas-de-seguranca-que-atuam-no-municipio-recebem-homenagem\/#primaryimage"},"thumbnailUrl":"https:\/\/marcelolopes.jor.br\/site\/wp-content\/uploads\/2025\/08\/Seguranca1.jpeg","datePublished":"2025-08-25T19:00:45+00:00","description":"For\u00e7as de Seguran\u00e7a que atuam no munic\u00edpio recebem homenagem. Evento foi promovido pela Igreja Universal do Reino de Deus.","breadcrumb":{"@id":"https:\/\/marcelolopes.jor.br\/site\/2025\/08\/25\/forcas-de-seguranca-que-atuam-no-municipio-recebem-homenagem\/#breadcrumb"},"inLanguage":"pt-BR","potentialAction":[{"@type":"ReadAction","target":["https:\/\/marcelolopes.jor.br\/site\/2025\/08\/25\/forcas-de-seguranca-que-atuam-no-municipio-recebem-homenagem\/"]}]},{"@type":"ImageObject","inLanguage":"pt-BR","@id":"https:\/\/marcelolopes.jor.br\/site\/2025\/08\/25\/forcas-de-seguranca-que-atuam-no-municipio-recebem-homenagem\/#primaryimage","url":"https:\/\/marcelolopes.jor.br\/site\/wp-content\/uploads\/2025\/08\/Seguranca1.jpeg","contentUrl":"https:\/\/marcelolopes.jor.br\/site\/wp-content\/uploads\/2025\/08\/Seguranca1.jpeg","width":1600,"height":986,"caption":"For\u00e7as de Seguran\u00e7a que"},{"@type":"BreadcrumbList","@id":"https:\/\/marcelolopes.jor.br\/site\/2025\/08\/25\/forcas-de-seguranca-que-atuam-no-municipio-recebem-homenagem\/#breadcrumb","itemListElement":[{"@type":"ListItem","position":1,"name":"Home","item":"https:\/\/marcelolopes.jor.br\/site\/"},{"@type":"ListItem","position":2,"name":"For\u00e7as de Seguran\u00e7a que atuam no munic\u00edpio recebem homenagem"}]},{"@type":"WebSite","@id":"https:\/\/marcelolopes.jor.br\/site\/#website","url":"https:\/\/marcelolopes.jor.br\/site\/","name":"Marcelo Lopes","description":"Not\u00edcias de Cataguases e Regi\u00e3o","publisher":{"@id":"https:\/\/marcelolopes.jor.br\/site\/#organization"},"potentialAction":[{"@type":"SearchAction","target":{"@type":"EntryPoint","urlTemplate":"https:\/\/marcelolopes.jor.br\/site\/?s={search_term_string}"},"query-input":{"@type":"PropertyValueSpecification","valueRequired":true,"valueName":"search_term_string"}}],"inLanguage":"pt-BR"},{"@type":"Organization","@id":"https:\/\/marcelolopes.jor.br\/site\/#organization","name":"Site do Marcelo Lopes","url":"https:\/\/marcelolopes.jor.br\/site\/","logo":{"@type":"ImageObject","inLanguage":"pt-BR","@id":"https:\/\/marcelolopes.jor.br\/site\/#\/schema\/logo\/image\/","url":"https:\/\/marcelolopes.jor.br\/site\/wp-content\/uploads\/2024\/11\/logo-1.png","contentUrl":"https:\/\/marcelolopes.jor.br\/site\/wp-content\/uploads\/2024\/11\/logo-1.png","width":475,"height":80,"caption":"Site do Marcelo Lopes"},"image":{"@id":"https:\/\/marcelolopes.jor.br\/site\/#\/schema\/logo\/image\/"},"sameAs":["https:\/\/www.facebook.com\/sitedomarcelolopes","https:\/\/www.instagram.com\/sitedomarcelolopes\/","https:\/\/www.linkedin.com\/company\/site-do-marcelo-lopes\/","https:\/\/www.youtube.com\/user\/marcelolopes957"]},{"@type":"Person","@id":"https:\/\/marcelolopes.jor.br\/site\/#\/schema\/person\/3e7216a35c34d8fdf952b31da3d1f89f","name":"Marcelo Lopes","sameAs":["http:\/\/www.marcelolopes.jor.br"],"url":"https:\/\/marcelolopes.jor.br\/site\/author\/marcelo\/"}]}},"wps_subtitle":"Evento foi promovido pela Igreja Universal do Reino de Deus.","_links":{"self":[{"href":"https:\/\/marcelolopes.jor.br\/site\/wp-json\/wp\/v2\/posts\/60180","targetHints":{"allow":["GET"]}}],"collection":[{"href":"https:\/\/marcelolopes.jor.br\/site\/wp-json\/wp\/v2\/posts"}],"about":[{"href":"https:\/\/marcelolopes.jor.br\/site\/wp-json\/wp\/v2\/types\/post"}],"author":[{"embeddable":true,"href":"https:\/\/marcelolopes.jor.br\/site\/wp-json\/wp\/v2\/users\/2"}],"replies":[{"embeddable":true,"href":"https:\/\/marcelolopes.jor.br\/site\/wp-json\/wp\/v2\/comments?post=60180"}],"version-history":[{"count":0,"href":"https:\/\/marcelolopes.jor.br\/site\/wp-json\/wp\/v2\/posts\/60180\/revisions"}],"wp:featuredmedia":[{"embeddable":true,"href":"https:\/\/marcelolopes.jor.br\/site\/wp-json\/wp\/v2\/media\/60183"}],"wp:attachment":[{"href":"https:\/\/marcelolopes.jor.br\/site\/wp-json\/wp\/v2\/media?parent=60180"}],"wp:term":[{"taxonomy":"category","embeddable":true,"href":"https:\/\/marcelolopes.jor.br\/site\/wp-json\/wp\/v2\/categories?post=60180"},{"taxonomy":"post_tag","embeddable":true,"href":"https:\/\/marcelolopes.jor.br\/site\/wp-json\/wp\/v2\/tags?post=60180"}],"curies":[{"name":"wp","href":"https:\/\/api.w.org\/{rel}","templated":true}]}}