{"id":60176,"date":"2025-08-25T12:00:34","date_gmt":"2025-08-25T15:00:34","guid":{"rendered":"https:\/\/marcelolopes.jor.br\/?p=60176"},"modified":"2025-08-25T10:06:38","modified_gmt":"2025-08-25T13:06:38","slug":"homem-morre-atropelado-na-estrada-por-veiculo-nao-identificado","status":"publish","type":"post","link":"https:\/\/marcelolopes.jor.br\/site\/2025\/08\/25\/homem-morre-atropelado-na-estrada-por-veiculo-nao-identificado\/","title":{"rendered":"Homem morre atropelado na estrada por ve\u00edculo n\u00e3o identificado"},"content":{"rendered":"<p>O corpo de um homem, de 61 anos, foi encontrado sem vida na noite deste domingo, 24 de agosto, \u00e0s margens da rodovia MG-447, pr\u00f3ximo a uma empresa de piscinas, em Cataguases. Segundo informa\u00e7\u00f5es da Pol\u00edcia Militar, que fez o registro do caso, ele foi identificado como Josias Gomes Reis, residente na cidade, e foi v\u00edtima de atropelamento cometido por um autom\u00f3vel preto, que fugiu do local.<!--more--><\/p>\n<h4 class=\"p1\"><span class=\"s1\">\ud83d\udcf8\u00a0<span style=\"color: #008000;\">Siga o Site do Marcelo Lopes no<\/span>\u00a0<span style=\"color: #800000;\"><a style=\"color: #800000;\" href=\"https:\/\/www.facebook.com\/sitedomarcelolopes\/\"><strong>Facebook<\/strong><\/a><\/span>\u00a0<span style=\"color: #008000;\">e no<\/span>\u00a0<span style=\"color: #800000;\"><strong><a style=\"color: #800000;\" href=\"https:\/\/www.instagram.com\/sitedomarcelolopes\/\">Instagram<\/a><\/strong><\/span><\/span><\/h4>\n<h4 class=\"p1\">\ud83d\udcf1<span style=\"color: #008000;\">Participe do grupo de<\/span>\u00a0<span style=\"color: #800000;\"><a style=\"color: #800000;\" href=\"https:\/\/chat.whatsapp.com\/BibzcI1ibYSKytbdyzubLA\"><strong>WhatsApp<\/strong><\/a><\/span> <span style=\"color: #008000;\">do Site do Marcelo Lopes<\/span><\/h4>\n<p>A Per\u00edcia T\u00e9cnica da Pol\u00edcia Civil esteve no local e fez os exames de rotina para auxiliar na causa do acidente. Em seguida liberou o corpo para sepultamento. Como a v\u00edtima vivia em situa\u00e7\u00e3o de rua, uma equipe da Secretaria de Assist\u00eancia Social providenciou a remo\u00e7\u00e3o do corpo para os procedimentos funer\u00e1rios.<\/p>\n<p>A Pol\u00edcia Civil assumiu o caso e busca de informa\u00e7\u00f5es que possam identificar o ve\u00edculo respons\u00e1vel pelo atropelamento e responsabilizar seu condutor. Tamb\u00e9m foram requisitadas imagens de c\u00e2meras de seguran\u00e7a dos im\u00f3veis nas imedia\u00e7\u00f5es para serem analisadas.<\/p>\n<p><strong>OUTRAS NOT\u00cdCIAS<\/strong><br \/>\n<a href=\"https:\/\/marcelolopes.jor.br\/2025\/07\/13\/acidente-proximo-ao-trevo-de-recreio-deixa-idoso-gravemente-ferido\/\"><strong><span style=\"color: #800000;\">Acidente pr\u00f3ximo ao trevo de Recreio deixa idoso gravemente ferido<\/span><\/strong><\/a><\/p>\n<p><a href=\"https:\/\/marcelolopes.jor.br\/2025\/08\/17\/acidente-com-tres-carros-deixa-dez-feridos-na-br-116\/\"><strong><span style=\"color: #800000;\">Acidente com tr\u00eas carros deixa dez feridos na BR-116<\/span><\/strong><\/a><\/p>\n<p>Fonte: PMMG | Foto: Arquivo<\/p>\n<div class=\"fubok69f74bc7385ff\" ><br><\/div><style type=\"text\/css\">\r\n@media screen and (min-width: 1201px) {\r\n.fubok69f74bc7385ff {\r\ndisplay: block;\r\n}\r\n}\r\n@media screen and (min-width: 993px) and (max-width: 1200px) {\r\n.fubok69f74bc7385ff {\r\ndisplay: block;\r\n}\r\n}\r\n@media screen and (min-width: 769px) and (max-width: 992px) {\r\n.fubok69f74bc7385ff {\r\ndisplay: block;\r\n}\r\n}\r\n@media screen and (min-width: 768px) and (max-width: 768px) {\r\n.fubok69f74bc7385ff {\r\ndisplay: block;\r\n}\r\n}\r\n@media screen and (max-width: 767px) {\r\n.fubok69f74bc7385ff {\r\ndisplay: block;\r\n}\r\n}\r\n<\/style>\r\n<div class=\"fgzcs69f74bc73e87a\" ><div id=\"div_destino\"><\/div>\r\n<script src=\"https:\/\/cdn.snsrsv.com\/sdk.js\"><\/script>\r\n<script >\r\n      new sdk(\"464030C30061EA8BE065000000000001\") \r\n          .appendTo(\"div_destino\")\r\n          .disableStyle(true) \r\n          .setCacheBusterMacro(\"%%CACHEBUSTER%%\")\r\n          .setSize(\"800\",\"214\")\r\n          .setClickMacro(\"%%CLICK_URL_ESC%%\") \r\n          .setReferrerUrlMacro(\"%%REFERRER_URL_ESC%%\") \r\n          .start(); \r\n<\/script><\/div><style type=\"text\/css\">\r\n@media screen and (min-width: 1201px) {\r\n.fgzcs69f74bc73e87a {\r\ndisplay: block;\r\n}\r\n}\r\n@media screen and (min-width: 993px) and (max-width: 1200px) {\r\n.fgzcs69f74bc73e87a {\r\ndisplay: block;\r\n}\r\n}\r\n@media screen and (min-width: 769px) and (max-width: 992px) {\r\n.fgzcs69f74bc73e87a {\r\ndisplay: block;\r\n}\r\n}\r\n@media screen and (min-width: 768px) and (max-width: 768px) {\r\n.fgzcs69f74bc73e87a {\r\ndisplay: block;\r\n}\r\n}\r\n@media screen and (max-width: 767px) {\r\n.fgzcs69f74bc73e87a {\r\ndisplay: block;\r\n}\r\n}\r\n<\/style>\r\n","protected":false},"excerpt":{"rendered":"<p>O corpo de um homem, de 61 anos, foi encontrado sem vida na noite deste domingo, 24 de agosto, \u00e0s margens da rodovia MG-447, pr\u00f3ximo a uma empresa de piscinas, em Cataguases. Segundo informa\u00e7\u00f5es da Pol\u00edcia Militar, que fez o<\/p>\n<p class=\"link-more\"><a class=\"more-link\" href=\"https:\/\/marcelolopes.jor.br\/site\/2025\/08\/25\/homem-morre-atropelado-na-estrada-por-veiculo-nao-identificado\/\">Leia mais <span class=\"screen-reader-text\">Homem morre atropelado na estrada por ve\u00edculo n\u00e3o identificado<\/span><\/a><\/p>\n","protected":false},"author":2,"featured_media":60179,"comment_status":"open","ping_status":"closed","sticky":false,"template":"","format":"standard","meta":{"footnotes":""},"categories":[1],"tags":[],"class_list":["post-60176","post","type-post","status-publish","format-standard","has-post-thumbnail","hentry","category-noticias","thumb-below-title"],"yoast_head":"<!-- This site is optimized with the Yoast SEO plugin v27.4 - https:\/\/yoast.com\/product\/yoast-seo-wordpress\/ -->\n<title>Homem morre atropelado na estrada por ve\u00edculo n\u00e3o identificado | Marcelo Lopes<\/title>\n<meta name=\"description\" content=\"Homem morre atropelado na estrada por ve\u00edculo n\u00e3o identificado. Acidente aconteceu na sa\u00edda de Cataguases para Leopoldina.\" \/>\n<meta name=\"robots\" content=\"index, follow, max-snippet:-1, max-image-preview:large, max-video-preview:-1\" \/>\n<link rel=\"canonical\" href=\"https:\/\/marcelolopes.jor.br\/site\/2025\/08\/25\/homem-morre-atropelado-na-estrada-por-veiculo-nao-identificado\/\" \/>\n<meta property=\"og:locale\" content=\"pt_BR\" \/>\n<meta property=\"og:type\" content=\"article\" \/>\n<meta property=\"og:title\" content=\"Homem morre atropelado na estrada por ve\u00edculo n\u00e3o identificado | Marcelo Lopes\" \/>\n<meta property=\"og:description\" content=\"Homem morre atropelado na estrada por ve\u00edculo n\u00e3o identificado. Acidente aconteceu na sa\u00edda de Cataguases para Leopoldina.\" \/>\n<meta property=\"og:url\" content=\"https:\/\/marcelolopes.jor.br\/site\/2025\/08\/25\/homem-morre-atropelado-na-estrada-por-veiculo-nao-identificado\/\" \/>\n<meta property=\"og:site_name\" content=\"Marcelo Lopes\" \/>\n<meta property=\"article:publisher\" content=\"https:\/\/www.facebook.com\/sitedomarcelolopes\" \/>\n<meta property=\"article:published_time\" content=\"2025-08-25T15:00:34+00:00\" \/>\n<meta property=\"og:image\" content=\"https:\/\/marcelolopes.jor.br\/site\/wp-content\/uploads\/2025\/08\/viaturas.jpeg\" \/>\n\t<meta property=\"og:image:width\" content=\"812\" \/>\n\t<meta property=\"og:image:height\" content=\"508\" \/>\n\t<meta property=\"og:image:type\" content=\"image\/jpeg\" \/>\n<meta name=\"author\" content=\"Marcelo Lopes\" \/>\n<meta name=\"twitter:card\" content=\"summary_large_image\" \/>\n<meta name=\"twitter:label1\" content=\"Escrito por\" \/>\n\t<meta name=\"twitter:data1\" content=\"Marcelo Lopes\" \/>\n\t<meta name=\"twitter:label2\" content=\"Est. tempo de leitura\" \/>\n\t<meta name=\"twitter:data2\" content=\"1 minuto\" \/>\n<script type=\"application\/ld+json\" class=\"yoast-schema-graph\">{\"@context\":\"https:\\\/\\\/schema.org\",\"@graph\":[{\"@type\":\"NewsArticle\",\"@id\":\"https:\\\/\\\/marcelolopes.jor.br\\\/site\\\/2025\\\/08\\\/25\\\/homem-morre-atropelado-na-estrada-por-veiculo-nao-identificado\\\/#article\",\"isPartOf\":{\"@id\":\"https:\\\/\\\/marcelolopes.jor.br\\\/site\\\/2025\\\/08\\\/25\\\/homem-morre-atropelado-na-estrada-por-veiculo-nao-identificado\\\/\"},\"author\":{\"name\":\"Marcelo Lopes\",\"@id\":\"https:\\\/\\\/marcelolopes.jor.br\\\/site\\\/#\\\/schema\\\/person\\\/3e7216a35c34d8fdf952b31da3d1f89f\"},\"headline\":\"Homem morre atropelado na estrada por ve\u00edculo n\u00e3o identificado\",\"datePublished\":\"2025-08-25T15:00:34+00:00\",\"mainEntityOfPage\":{\"@id\":\"https:\\\/\\\/marcelolopes.jor.br\\\/site\\\/2025\\\/08\\\/25\\\/homem-morre-atropelado-na-estrada-por-veiculo-nao-identificado\\\/\"},\"wordCount\":236,\"commentCount\":0,\"publisher\":{\"@id\":\"https:\\\/\\\/marcelolopes.jor.br\\\/site\\\/#organization\"},\"image\":{\"@id\":\"https:\\\/\\\/marcelolopes.jor.br\\\/site\\\/2025\\\/08\\\/25\\\/homem-morre-atropelado-na-estrada-por-veiculo-nao-identificado\\\/#primaryimage\"},\"thumbnailUrl\":\"https:\\\/\\\/marcelolopes.jor.br\\\/site\\\/wp-content\\\/uploads\\\/2025\\\/08\\\/viaturas.jpeg\",\"articleSection\":[\"Not\u00edcias\"],\"inLanguage\":\"pt-BR\",\"potentialAction\":[{\"@type\":\"CommentAction\",\"name\":\"Comment\",\"target\":[\"https:\\\/\\\/marcelolopes.jor.br\\\/site\\\/2025\\\/08\\\/25\\\/homem-morre-atropelado-na-estrada-por-veiculo-nao-identificado\\\/#respond\"]}]},{\"@type\":\"WebPage\",\"@id\":\"https:\\\/\\\/marcelolopes.jor.br\\\/site\\\/2025\\\/08\\\/25\\\/homem-morre-atropelado-na-estrada-por-veiculo-nao-identificado\\\/\",\"url\":\"https:\\\/\\\/marcelolopes.jor.br\\\/site\\\/2025\\\/08\\\/25\\\/homem-morre-atropelado-na-estrada-por-veiculo-nao-identificado\\\/\",\"name\":\"Homem morre atropelado na estrada por ve\u00edculo n\u00e3o identificado | Marcelo Lopes\",\"isPartOf\":{\"@id\":\"https:\\\/\\\/marcelolopes.jor.br\\\/site\\\/#website\"},\"primaryImageOfPage\":{\"@id\":\"https:\\\/\\\/marcelolopes.jor.br\\\/site\\\/2025\\\/08\\\/25\\\/homem-morre-atropelado-na-estrada-por-veiculo-nao-identificado\\\/#primaryimage\"},\"image\":{\"@id\":\"https:\\\/\\\/marcelolopes.jor.br\\\/site\\\/2025\\\/08\\\/25\\\/homem-morre-atropelado-na-estrada-por-veiculo-nao-identificado\\\/#primaryimage\"},\"thumbnailUrl\":\"https:\\\/\\\/marcelolopes.jor.br\\\/site\\\/wp-content\\\/uploads\\\/2025\\\/08\\\/viaturas.jpeg\",\"datePublished\":\"2025-08-25T15:00:34+00:00\",\"description\":\"Homem morre atropelado na estrada por ve\u00edculo n\u00e3o identificado. Acidente aconteceu na sa\u00edda de Cataguases para Leopoldina.\",\"breadcrumb\":{\"@id\":\"https:\\\/\\\/marcelolopes.jor.br\\\/site\\\/2025\\\/08\\\/25\\\/homem-morre-atropelado-na-estrada-por-veiculo-nao-identificado\\\/#breadcrumb\"},\"inLanguage\":\"pt-BR\",\"potentialAction\":[{\"@type\":\"ReadAction\",\"target\":[\"https:\\\/\\\/marcelolopes.jor.br\\\/site\\\/2025\\\/08\\\/25\\\/homem-morre-atropelado-na-estrada-por-veiculo-nao-identificado\\\/\"]}]},{\"@type\":\"ImageObject\",\"inLanguage\":\"pt-BR\",\"@id\":\"https:\\\/\\\/marcelolopes.jor.br\\\/site\\\/2025\\\/08\\\/25\\\/homem-morre-atropelado-na-estrada-por-veiculo-nao-identificado\\\/#primaryimage\",\"url\":\"https:\\\/\\\/marcelolopes.jor.br\\\/site\\\/wp-content\\\/uploads\\\/2025\\\/08\\\/viaturas.jpeg\",\"contentUrl\":\"https:\\\/\\\/marcelolopes.jor.br\\\/site\\\/wp-content\\\/uploads\\\/2025\\\/08\\\/viaturas.jpeg\",\"width\":812,\"height\":508,\"caption\":\"Homem morre atropelado na\"},{\"@type\":\"BreadcrumbList\",\"@id\":\"https:\\\/\\\/marcelolopes.jor.br\\\/site\\\/2025\\\/08\\\/25\\\/homem-morre-atropelado-na-estrada-por-veiculo-nao-identificado\\\/#breadcrumb\",\"itemListElement\":[{\"@type\":\"ListItem\",\"position\":1,\"name\":\"Home\",\"item\":\"https:\\\/\\\/marcelolopes.jor.br\\\/site\\\/\"},{\"@type\":\"ListItem\",\"position\":2,\"name\":\"Homem morre atropelado na estrada por ve\u00edculo n\u00e3o identificado\"}]},{\"@type\":\"WebSite\",\"@id\":\"https:\\\/\\\/marcelolopes.jor.br\\\/site\\\/#website\",\"url\":\"https:\\\/\\\/marcelolopes.jor.br\\\/site\\\/\",\"name\":\"Marcelo Lopes\",\"description\":\"Not\u00edcias de Cataguases e Regi\u00e3o\",\"publisher\":{\"@id\":\"https:\\\/\\\/marcelolopes.jor.br\\\/site\\\/#organization\"},\"potentialAction\":[{\"@type\":\"SearchAction\",\"target\":{\"@type\":\"EntryPoint\",\"urlTemplate\":\"https:\\\/\\\/marcelolopes.jor.br\\\/site\\\/?s={search_term_string}\"},\"query-input\":{\"@type\":\"PropertyValueSpecification\",\"valueRequired\":true,\"valueName\":\"search_term_string\"}}],\"inLanguage\":\"pt-BR\"},{\"@type\":\"Organization\",\"@id\":\"https:\\\/\\\/marcelolopes.jor.br\\\/site\\\/#organization\",\"name\":\"Site do Marcelo Lopes\",\"url\":\"https:\\\/\\\/marcelolopes.jor.br\\\/site\\\/\",\"logo\":{\"@type\":\"ImageObject\",\"inLanguage\":\"pt-BR\",\"@id\":\"https:\\\/\\\/marcelolopes.jor.br\\\/site\\\/#\\\/schema\\\/logo\\\/image\\\/\",\"url\":\"https:\\\/\\\/marcelolopes.jor.br\\\/site\\\/wp-content\\\/uploads\\\/2024\\\/11\\\/logo-1.png\",\"contentUrl\":\"https:\\\/\\\/marcelolopes.jor.br\\\/site\\\/wp-content\\\/uploads\\\/2024\\\/11\\\/logo-1.png\",\"width\":475,\"height\":80,\"caption\":\"Site do Marcelo Lopes\"},\"image\":{\"@id\":\"https:\\\/\\\/marcelolopes.jor.br\\\/site\\\/#\\\/schema\\\/logo\\\/image\\\/\"},\"sameAs\":[\"https:\\\/\\\/www.facebook.com\\\/sitedomarcelolopes\",\"https:\\\/\\\/www.instagram.com\\\/sitedomarcelolopes\\\/\",\"https:\\\/\\\/www.linkedin.com\\\/company\\\/site-do-marcelo-lopes\\\/\",\"https:\\\/\\\/www.youtube.com\\\/user\\\/marcelolopes957\"]},{\"@type\":\"Person\",\"@id\":\"https:\\\/\\\/marcelolopes.jor.br\\\/site\\\/#\\\/schema\\\/person\\\/3e7216a35c34d8fdf952b31da3d1f89f\",\"name\":\"Marcelo Lopes\",\"sameAs\":[\"http:\\\/\\\/www.marcelolopes.jor.br\"],\"url\":\"https:\\\/\\\/marcelolopes.jor.br\\\/site\\\/author\\\/marcelo\\\/\"}]}<\/script>\n<!-- \/ Yoast SEO plugin. -->","yoast_head_json":{"title":"Homem morre atropelado na estrada por ve\u00edculo n\u00e3o identificado | Marcelo Lopes","description":"Homem morre atropelado na estrada por ve\u00edculo n\u00e3o identificado. Acidente aconteceu na sa\u00edda de Cataguases para Leopoldina.","robots":{"index":"index","follow":"follow","max-snippet":"max-snippet:-1","max-image-preview":"max-image-preview:large","max-video-preview":"max-video-preview:-1"},"canonical":"https:\/\/marcelolopes.jor.br\/site\/2025\/08\/25\/homem-morre-atropelado-na-estrada-por-veiculo-nao-identificado\/","og_locale":"pt_BR","og_type":"article","og_title":"Homem morre atropelado na estrada por ve\u00edculo n\u00e3o identificado | Marcelo Lopes","og_description":"Homem morre atropelado na estrada por ve\u00edculo n\u00e3o identificado. Acidente aconteceu na sa\u00edda de Cataguases para Leopoldina.","og_url":"https:\/\/marcelolopes.jor.br\/site\/2025\/08\/25\/homem-morre-atropelado-na-estrada-por-veiculo-nao-identificado\/","og_site_name":"Marcelo Lopes","article_publisher":"https:\/\/www.facebook.com\/sitedomarcelolopes","article_published_time":"2025-08-25T15:00:34+00:00","og_image":[{"width":812,"height":508,"url":"https:\/\/marcelolopes.jor.br\/site\/wp-content\/uploads\/2025\/08\/viaturas.jpeg","type":"image\/jpeg"}],"author":"Marcelo Lopes","twitter_card":"summary_large_image","twitter_misc":{"Escrito por":"Marcelo Lopes","Est. tempo de leitura":"1 minuto"},"schema":{"@context":"https:\/\/schema.org","@graph":[{"@type":"NewsArticle","@id":"https:\/\/marcelolopes.jor.br\/site\/2025\/08\/25\/homem-morre-atropelado-na-estrada-por-veiculo-nao-identificado\/#article","isPartOf":{"@id":"https:\/\/marcelolopes.jor.br\/site\/2025\/08\/25\/homem-morre-atropelado-na-estrada-por-veiculo-nao-identificado\/"},"author":{"name":"Marcelo Lopes","@id":"https:\/\/marcelolopes.jor.br\/site\/#\/schema\/person\/3e7216a35c34d8fdf952b31da3d1f89f"},"headline":"Homem morre atropelado na estrada por ve\u00edculo n\u00e3o identificado","datePublished":"2025-08-25T15:00:34+00:00","mainEntityOfPage":{"@id":"https:\/\/marcelolopes.jor.br\/site\/2025\/08\/25\/homem-morre-atropelado-na-estrada-por-veiculo-nao-identificado\/"},"wordCount":236,"commentCount":0,"publisher":{"@id":"https:\/\/marcelolopes.jor.br\/site\/#organization"},"image":{"@id":"https:\/\/marcelolopes.jor.br\/site\/2025\/08\/25\/homem-morre-atropelado-na-estrada-por-veiculo-nao-identificado\/#primaryimage"},"thumbnailUrl":"https:\/\/marcelolopes.jor.br\/site\/wp-content\/uploads\/2025\/08\/viaturas.jpeg","articleSection":["Not\u00edcias"],"inLanguage":"pt-BR","potentialAction":[{"@type":"CommentAction","name":"Comment","target":["https:\/\/marcelolopes.jor.br\/site\/2025\/08\/25\/homem-morre-atropelado-na-estrada-por-veiculo-nao-identificado\/#respond"]}]},{"@type":"WebPage","@id":"https:\/\/marcelolopes.jor.br\/site\/2025\/08\/25\/homem-morre-atropelado-na-estrada-por-veiculo-nao-identificado\/","url":"https:\/\/marcelolopes.jor.br\/site\/2025\/08\/25\/homem-morre-atropelado-na-estrada-por-veiculo-nao-identificado\/","name":"Homem morre atropelado na estrada por ve\u00edculo n\u00e3o identificado | Marcelo Lopes","isPartOf":{"@id":"https:\/\/marcelolopes.jor.br\/site\/#website"},"primaryImageOfPage":{"@id":"https:\/\/marcelolopes.jor.br\/site\/2025\/08\/25\/homem-morre-atropelado-na-estrada-por-veiculo-nao-identificado\/#primaryimage"},"image":{"@id":"https:\/\/marcelolopes.jor.br\/site\/2025\/08\/25\/homem-morre-atropelado-na-estrada-por-veiculo-nao-identificado\/#primaryimage"},"thumbnailUrl":"https:\/\/marcelolopes.jor.br\/site\/wp-content\/uploads\/2025\/08\/viaturas.jpeg","datePublished":"2025-08-25T15:00:34+00:00","description":"Homem morre atropelado na estrada por ve\u00edculo n\u00e3o identificado. Acidente aconteceu na sa\u00edda de Cataguases para Leopoldina.","breadcrumb":{"@id":"https:\/\/marcelolopes.jor.br\/site\/2025\/08\/25\/homem-morre-atropelado-na-estrada-por-veiculo-nao-identificado\/#breadcrumb"},"inLanguage":"pt-BR","potentialAction":[{"@type":"ReadAction","target":["https:\/\/marcelolopes.jor.br\/site\/2025\/08\/25\/homem-morre-atropelado-na-estrada-por-veiculo-nao-identificado\/"]}]},{"@type":"ImageObject","inLanguage":"pt-BR","@id":"https:\/\/marcelolopes.jor.br\/site\/2025\/08\/25\/homem-morre-atropelado-na-estrada-por-veiculo-nao-identificado\/#primaryimage","url":"https:\/\/marcelolopes.jor.br\/site\/wp-content\/uploads\/2025\/08\/viaturas.jpeg","contentUrl":"https:\/\/marcelolopes.jor.br\/site\/wp-content\/uploads\/2025\/08\/viaturas.jpeg","width":812,"height":508,"caption":"Homem morre atropelado na"},{"@type":"BreadcrumbList","@id":"https:\/\/marcelolopes.jor.br\/site\/2025\/08\/25\/homem-morre-atropelado-na-estrada-por-veiculo-nao-identificado\/#breadcrumb","itemListElement":[{"@type":"ListItem","position":1,"name":"Home","item":"https:\/\/marcelolopes.jor.br\/site\/"},{"@type":"ListItem","position":2,"name":"Homem morre atropelado na estrada por ve\u00edculo n\u00e3o identificado"}]},{"@type":"WebSite","@id":"https:\/\/marcelolopes.jor.br\/site\/#website","url":"https:\/\/marcelolopes.jor.br\/site\/","name":"Marcelo Lopes","description":"Not\u00edcias de Cataguases e Regi\u00e3o","publisher":{"@id":"https:\/\/marcelolopes.jor.br\/site\/#organization"},"potentialAction":[{"@type":"SearchAction","target":{"@type":"EntryPoint","urlTemplate":"https:\/\/marcelolopes.jor.br\/site\/?s={search_term_string}"},"query-input":{"@type":"PropertyValueSpecification","valueRequired":true,"valueName":"search_term_string"}}],"inLanguage":"pt-BR"},{"@type":"Organization","@id":"https:\/\/marcelolopes.jor.br\/site\/#organization","name":"Site do Marcelo Lopes","url":"https:\/\/marcelolopes.jor.br\/site\/","logo":{"@type":"ImageObject","inLanguage":"pt-BR","@id":"https:\/\/marcelolopes.jor.br\/site\/#\/schema\/logo\/image\/","url":"https:\/\/marcelolopes.jor.br\/site\/wp-content\/uploads\/2024\/11\/logo-1.png","contentUrl":"https:\/\/marcelolopes.jor.br\/site\/wp-content\/uploads\/2024\/11\/logo-1.png","width":475,"height":80,"caption":"Site do Marcelo Lopes"},"image":{"@id":"https:\/\/marcelolopes.jor.br\/site\/#\/schema\/logo\/image\/"},"sameAs":["https:\/\/www.facebook.com\/sitedomarcelolopes","https:\/\/www.instagram.com\/sitedomarcelolopes\/","https:\/\/www.linkedin.com\/company\/site-do-marcelo-lopes\/","https:\/\/www.youtube.com\/user\/marcelolopes957"]},{"@type":"Person","@id":"https:\/\/marcelolopes.jor.br\/site\/#\/schema\/person\/3e7216a35c34d8fdf952b31da3d1f89f","name":"Marcelo Lopes","sameAs":["http:\/\/www.marcelolopes.jor.br"],"url":"https:\/\/marcelolopes.jor.br\/site\/author\/marcelo\/"}]}},"wps_subtitle":"Acidente aconteceu na sa\u00edda de Cataguases para Leopoldina.","_links":{"self":[{"href":"https:\/\/marcelolopes.jor.br\/site\/wp-json\/wp\/v2\/posts\/60176","targetHints":{"allow":["GET"]}}],"collection":[{"href":"https:\/\/marcelolopes.jor.br\/site\/wp-json\/wp\/v2\/posts"}],"about":[{"href":"https:\/\/marcelolopes.jor.br\/site\/wp-json\/wp\/v2\/types\/post"}],"author":[{"embeddable":true,"href":"https:\/\/marcelolopes.jor.br\/site\/wp-json\/wp\/v2\/users\/2"}],"replies":[{"embeddable":true,"href":"https:\/\/marcelolopes.jor.br\/site\/wp-json\/wp\/v2\/comments?post=60176"}],"version-history":[{"count":0,"href":"https:\/\/marcelolopes.jor.br\/site\/wp-json\/wp\/v2\/posts\/60176\/revisions"}],"wp:featuredmedia":[{"embeddable":true,"href":"https:\/\/marcelolopes.jor.br\/site\/wp-json\/wp\/v2\/media\/60179"}],"wp:attachment":[{"href":"https:\/\/marcelolopes.jor.br\/site\/wp-json\/wp\/v2\/media?parent=60176"}],"wp:term":[{"taxonomy":"category","embeddable":true,"href":"https:\/\/marcelolopes.jor.br\/site\/wp-json\/wp\/v2\/categories?post=60176"},{"taxonomy":"post_tag","embeddable":true,"href":"https:\/\/marcelolopes.jor.br\/site\/wp-json\/wp\/v2\/tags?post=60176"}],"curies":[{"name":"wp","href":"https:\/\/api.w.org\/{rel}","templated":true}]}}