{"id":60172,"date":"2025-08-24T19:00:26","date_gmt":"2025-08-24T22:00:26","guid":{"rendered":"https:\/\/marcelolopes.jor.br\/?p=60172"},"modified":"2025-08-24T16:22:50","modified_gmt":"2025-08-24T19:22:50","slug":"vicosa-vai-a-justica-para-receber-mais-recursos-do-fpm","status":"publish","type":"post","link":"https:\/\/marcelolopes.jor.br\/site\/2025\/08\/24\/vicosa-vai-a-justica-para-receber-mais-recursos-do-fpm\/","title":{"rendered":"Vi\u00e7osa vai \u00e0 Justi\u00e7a para receber mais recursos do FPM"},"content":{"rendered":"<p>A Prefeitura de Vi\u00e7osa ingressou, no \u00faltimo dia 20 de agosto, com A\u00e7\u00e3o Ordin\u00e1ria com pedido liminar na Justi\u00e7a Federal da Subse\u00e7\u00e3o Judici\u00e1ria de Vi\u00e7osa. A medida, assinada pela Procuradoria-Geral do Munic\u00edpio, busca que o Instituto Brasileiro de Geografia e Estat\u00edstica (IBGE) e a Uni\u00e3o Federal corrijam a estimativa populacional usada no c\u00e1lculo do Fundo de Participa\u00e7\u00e3o dos Munic\u00edpios (FPM).<!--more--><\/p>\n<h4 class=\"p1\"><span class=\"s1\">\ud83d\udcf8\u00a0<span style=\"color: #008000;\">Siga o Site do Marcelo Lopes no<\/span>\u00a0<span style=\"color: #800000;\"><a style=\"color: #800000;\" href=\"https:\/\/www.facebook.com\/sitedomarcelolopes\/\"><strong>Facebook<\/strong><\/a><\/span>\u00a0<span style=\"color: #008000;\">e no<\/span>\u00a0<span style=\"color: #800000;\"><strong><a style=\"color: #800000;\" href=\"https:\/\/www.instagram.com\/sitedomarcelolopes\/\">Instagram<\/a><\/strong><\/span><\/span><\/h4>\n<h4 class=\"p1\">\ud83d\udcf1<span style=\"color: #008000;\">Participe do grupo de<\/span>\u00a0<span style=\"color: #800000;\"><a style=\"color: #800000;\" href=\"https:\/\/chat.whatsapp.com\/BibzcI1ibYSKytbdyzubLA\"><strong>WhatsApp<\/strong><\/a><\/span> <span style=\"color: #008000;\">do Site do Marcelo Lopes<\/span><\/h4>\n<p>O IBGE estimou a popula\u00e7\u00e3o local em 79.221 habitantes em 2024, o que enquadra Vi\u00e7osa no coeficiente 2,6 do FPM. Por\u00e9m, a a\u00e7\u00e3o sustenta que esse n\u00famero n\u00e3o reflete a realidade, j\u00e1 que a cidade abriga uma popula\u00e7\u00e3o flutuante entre 15 e 20 mil pessoas, composta principalmente por estudantes de gradua\u00e7\u00e3o e p\u00f3s-gradua\u00e7\u00e3o que residem no munic\u00edpio durante os anos de estudo.<\/p>\n<p>Considerando esse contingente, a popula\u00e7\u00e3o real de Vi\u00e7osa variaria entre 94.221 e 99.221 habitantes, o que a enquadraria no coeficiente 3,0 do FPM, aplicado a munic\u00edpios entre 91.693 e 101.880 habitantes. Essa diferen\u00e7a, segundo o munic\u00edpio, gerou em julho de 2025 uma perda superior a R$ 579 mil, valor que poderia ser incorporado ao or\u00e7amento municipal.<\/p>\n<p>Entre os dados apresentados para sustentar o pedido, destacam-se: 17.879 estudantes matriculados na Universidade Federal de Vi\u00e7osa (UFV), sendo mais de 15 mil de fora; 2.836 alunos da Univi\u00e7osa, dos quais 73% s\u00e3o de outros munic\u00edpios; consumo m\u00e9dio di\u00e1rio de 12,5 milh\u00f5es de litros de \u00e1gua pelo SAAE, equivalente a uma popula\u00e7\u00e3o de 125 mil pessoas; al\u00e9m de indicadores de sa\u00fade, educa\u00e7\u00e3o e assist\u00eancia social compar\u00e1veis aos de cidades de porte semelhante, como Manhua\u00e7u e Caratinga.<\/p>\n<p>A a\u00e7\u00e3o tamb\u00e9m menciona o n\u00famero de eleitores registrados em junho de 2025: 59.463, pr\u00f3ximo ao de munic\u00edpios oficialmente maiores pelo IBGE.<\/p>\n<p>O prefeito \u00c2ngelo Chequer afirmou que o levantamento contou com apoio das secretarias municipais, UFV e Univi\u00e7osa, e refor\u00e7ou que o munic\u00edpio deixa de receber recursos condizentes com sua realidade. O vereador Dr. Omar, que colaborou com o documento, defendeu que a mudan\u00e7a no coeficiente representar\u00e1 aumento significativo nos repasses.<\/p>\n<p>O procurador-geral Lucas Soares Sathler destacou que a situa\u00e7\u00e3o gera preju\u00edzos mensais e compromete a presta\u00e7\u00e3o de servi\u00e7os. A a\u00e7\u00e3o pede que a Justi\u00e7a determine liminarmente o reenquadramento imediato de Vi\u00e7osa no coeficiente 3,0 do FPM. Em car\u00e1ter alternativo, solicita a classifica\u00e7\u00e3o no coeficiente 2,8, destinado a cidades com popula\u00e7\u00e3o entre 81.505 e 91.692 habitantes.<\/p>\n<p>Se aceita, a medida pode acrescentar mais de R$ 7 milh\u00f5es por ano ao or\u00e7amento municipal, valor que poder\u00e1 ser aplicado em sa\u00fade, educa\u00e7\u00e3o, saneamento e infraestrutura.<\/p>\n<p><strong>OUTRAS NOT\u00cdCIAS<\/strong><br \/>\n<a href=\"https:\/\/marcelolopes.jor.br\/2021\/11\/08\/prefeitura-de-vicosa-faz-primeira-entrega-de-uniformes-confeccionados-pelo-presidio\/\"><strong><span style=\"color: #800000;\">Prefeitura de Vi\u00e7osa faz primeira entrega de uniformes confeccionados pelo pres\u00eddio<\/span><\/strong><\/a><\/p>\n<p><a href=\"https:\/\/marcelolopes.jor.br\/2021\/01\/04\/prefeitura-de-vicosa-adapta-onibus-e-implanta-programa-consultorio-na-rua\/\"><strong><span style=\"color: #800000;\">Prefeitura de Vi\u00e7osa adapta \u00f4nibus e implanta programa Consult\u00f3rio na Rua<\/span><\/strong><\/a><\/p>\n<p>Fonte: Prefeitura de Vi\u00e7osa | Foto: Arquivo<\/p>\n<div class=\"xaavp69f736acf0c04\" ><br><\/div><style type=\"text\/css\">\r\n@media screen and (min-width: 1201px) {\r\n.xaavp69f736acf0c04 {\r\ndisplay: block;\r\n}\r\n}\r\n@media screen and (min-width: 993px) and (max-width: 1200px) {\r\n.xaavp69f736acf0c04 {\r\ndisplay: block;\r\n}\r\n}\r\n@media screen and (min-width: 769px) and (max-width: 992px) {\r\n.xaavp69f736acf0c04 {\r\ndisplay: block;\r\n}\r\n}\r\n@media screen and (min-width: 768px) and (max-width: 768px) {\r\n.xaavp69f736acf0c04 {\r\ndisplay: block;\r\n}\r\n}\r\n@media screen and (max-width: 767px) {\r\n.xaavp69f736acf0c04 {\r\ndisplay: block;\r\n}\r\n}\r\n<\/style>\r\n<div class=\"mbmct69f736ad044c3\" ><div id=\"div_destino\"><\/div>\r\n<script src=\"https:\/\/cdn.snsrsv.com\/sdk.js\"><\/script>\r\n<script >\r\n      new sdk(\"464030C30061EA8BE065000000000001\") \r\n          .appendTo(\"div_destino\")\r\n          .disableStyle(true) \r\n          .setCacheBusterMacro(\"%%CACHEBUSTER%%\")\r\n          .setSize(\"800\",\"214\")\r\n          .setClickMacro(\"%%CLICK_URL_ESC%%\") \r\n          .setReferrerUrlMacro(\"%%REFERRER_URL_ESC%%\") \r\n          .start(); \r\n<\/script><\/div><style type=\"text\/css\">\r\n@media screen and (min-width: 1201px) {\r\n.mbmct69f736ad044c3 {\r\ndisplay: block;\r\n}\r\n}\r\n@media screen and (min-width: 993px) and (max-width: 1200px) {\r\n.mbmct69f736ad044c3 {\r\ndisplay: block;\r\n}\r\n}\r\n@media screen and (min-width: 769px) and (max-width: 992px) {\r\n.mbmct69f736ad044c3 {\r\ndisplay: block;\r\n}\r\n}\r\n@media screen and (min-width: 768px) and (max-width: 768px) {\r\n.mbmct69f736ad044c3 {\r\ndisplay: block;\r\n}\r\n}\r\n@media screen and (max-width: 767px) {\r\n.mbmct69f736ad044c3 {\r\ndisplay: block;\r\n}\r\n}\r\n<\/style>\r\n","protected":false},"excerpt":{"rendered":"<p>A Prefeitura de Vi\u00e7osa ingressou, no \u00faltimo dia 20 de agosto, com A\u00e7\u00e3o Ordin\u00e1ria com pedido liminar na Justi\u00e7a Federal da Subse\u00e7\u00e3o Judici\u00e1ria de Vi\u00e7osa. A medida, assinada pela Procuradoria-Geral do Munic\u00edpio, busca que o Instituto Brasileiro de Geografia e<\/p>\n<p class=\"link-more\"><a class=\"more-link\" href=\"https:\/\/marcelolopes.jor.br\/site\/2025\/08\/24\/vicosa-vai-a-justica-para-receber-mais-recursos-do-fpm\/\">Leia mais <span class=\"screen-reader-text\">Vi\u00e7osa vai \u00e0 Justi\u00e7a para receber mais recursos do FPM<\/span><\/a><\/p>\n","protected":false},"author":2,"featured_media":60174,"comment_status":"open","ping_status":"closed","sticky":false,"template":"","format":"standard","meta":{"footnotes":""},"categories":[1],"tags":[],"class_list":["post-60172","post","type-post","status-publish","format-standard","has-post-thumbnail","hentry","category-noticias","thumb-below-title"],"yoast_head":"<!-- This site is optimized with the Yoast SEO plugin v27.4 - https:\/\/yoast.com\/product\/yoast-seo-wordpress\/ -->\n<title>Vi\u00e7osa vai \u00e0 Justi\u00e7a para receber mais recursos do FPM | Marcelo Lopes<\/title>\n<meta name=\"description\" content=\"Vi\u00e7osa vai \u00e0 Justi\u00e7a para receber mais recursos do FPM. Munic\u00edpio \u200bdiz que \u200bperdas em julho foram superiores a R$ 579 mil.\" \/>\n<meta name=\"robots\" content=\"index, follow, max-snippet:-1, max-image-preview:large, max-video-preview:-1\" \/>\n<link rel=\"canonical\" href=\"https:\/\/marcelolopes.jor.br\/site\/2025\/08\/24\/vicosa-vai-a-justica-para-receber-mais-recursos-do-fpm\/\" \/>\n<meta property=\"og:locale\" content=\"pt_BR\" \/>\n<meta property=\"og:type\" content=\"article\" \/>\n<meta property=\"og:title\" content=\"Vi\u00e7osa vai \u00e0 Justi\u00e7a para receber mais recursos do FPM | Marcelo Lopes\" \/>\n<meta property=\"og:description\" content=\"Vi\u00e7osa vai \u00e0 Justi\u00e7a para receber mais recursos do FPM. Munic\u00edpio \u200bdiz que \u200bperdas em julho foram superiores a R$ 579 mil.\" \/>\n<meta property=\"og:url\" content=\"https:\/\/marcelolopes.jor.br\/site\/2025\/08\/24\/vicosa-vai-a-justica-para-receber-mais-recursos-do-fpm\/\" \/>\n<meta property=\"og:site_name\" content=\"Marcelo Lopes\" \/>\n<meta property=\"article:publisher\" content=\"https:\/\/www.facebook.com\/sitedomarcelolopes\" \/>\n<meta property=\"article:published_time\" content=\"2025-08-24T22:00:26+00:00\" \/>\n<meta property=\"og:image\" content=\"https:\/\/marcelolopes.jor.br\/site\/wp-content\/uploads\/2025\/08\/Prefeitura-de-Vicosa.jpg\" \/>\n\t<meta property=\"og:image:width\" content=\"599\" \/>\n\t<meta property=\"og:image:height\" content=\"380\" \/>\n\t<meta property=\"og:image:type\" content=\"image\/jpeg\" \/>\n<meta name=\"author\" content=\"Marcelo Lopes\" \/>\n<meta name=\"twitter:card\" content=\"summary_large_image\" \/>\n<meta name=\"twitter:label1\" content=\"Escrito por\" \/>\n\t<meta name=\"twitter:data1\" content=\"Marcelo Lopes\" \/>\n\t<meta name=\"twitter:label2\" content=\"Est. tempo de leitura\" \/>\n\t<meta name=\"twitter:data2\" content=\"3 minutos\" \/>\n<script type=\"application\/ld+json\" class=\"yoast-schema-graph\">{\"@context\":\"https:\\\/\\\/schema.org\",\"@graph\":[{\"@type\":\"NewsArticle\",\"@id\":\"https:\\\/\\\/marcelolopes.jor.br\\\/site\\\/2025\\\/08\\\/24\\\/vicosa-vai-a-justica-para-receber-mais-recursos-do-fpm\\\/#article\",\"isPartOf\":{\"@id\":\"https:\\\/\\\/marcelolopes.jor.br\\\/site\\\/2025\\\/08\\\/24\\\/vicosa-vai-a-justica-para-receber-mais-recursos-do-fpm\\\/\"},\"author\":{\"name\":\"Marcelo Lopes\",\"@id\":\"https:\\\/\\\/marcelolopes.jor.br\\\/site\\\/#\\\/schema\\\/person\\\/3e7216a35c34d8fdf952b31da3d1f89f\"},\"headline\":\"Vi\u00e7osa vai \u00e0 Justi\u00e7a para receber mais recursos do FPM\",\"datePublished\":\"2025-08-24T22:00:26+00:00\",\"mainEntityOfPage\":{\"@id\":\"https:\\\/\\\/marcelolopes.jor.br\\\/site\\\/2025\\\/08\\\/24\\\/vicosa-vai-a-justica-para-receber-mais-recursos-do-fpm\\\/\"},\"wordCount\":517,\"commentCount\":0,\"publisher\":{\"@id\":\"https:\\\/\\\/marcelolopes.jor.br\\\/site\\\/#organization\"},\"image\":{\"@id\":\"https:\\\/\\\/marcelolopes.jor.br\\\/site\\\/2025\\\/08\\\/24\\\/vicosa-vai-a-justica-para-receber-mais-recursos-do-fpm\\\/#primaryimage\"},\"thumbnailUrl\":\"https:\\\/\\\/marcelolopes.jor.br\\\/site\\\/wp-content\\\/uploads\\\/2025\\\/08\\\/Prefeitura-de-Vicosa.jpg\",\"articleSection\":[\"Not\u00edcias\"],\"inLanguage\":\"pt-BR\",\"potentialAction\":[{\"@type\":\"CommentAction\",\"name\":\"Comment\",\"target\":[\"https:\\\/\\\/marcelolopes.jor.br\\\/site\\\/2025\\\/08\\\/24\\\/vicosa-vai-a-justica-para-receber-mais-recursos-do-fpm\\\/#respond\"]}]},{\"@type\":\"WebPage\",\"@id\":\"https:\\\/\\\/marcelolopes.jor.br\\\/site\\\/2025\\\/08\\\/24\\\/vicosa-vai-a-justica-para-receber-mais-recursos-do-fpm\\\/\",\"url\":\"https:\\\/\\\/marcelolopes.jor.br\\\/site\\\/2025\\\/08\\\/24\\\/vicosa-vai-a-justica-para-receber-mais-recursos-do-fpm\\\/\",\"name\":\"Vi\u00e7osa vai \u00e0 Justi\u00e7a para receber mais recursos do FPM | Marcelo Lopes\",\"isPartOf\":{\"@id\":\"https:\\\/\\\/marcelolopes.jor.br\\\/site\\\/#website\"},\"primaryImageOfPage\":{\"@id\":\"https:\\\/\\\/marcelolopes.jor.br\\\/site\\\/2025\\\/08\\\/24\\\/vicosa-vai-a-justica-para-receber-mais-recursos-do-fpm\\\/#primaryimage\"},\"image\":{\"@id\":\"https:\\\/\\\/marcelolopes.jor.br\\\/site\\\/2025\\\/08\\\/24\\\/vicosa-vai-a-justica-para-receber-mais-recursos-do-fpm\\\/#primaryimage\"},\"thumbnailUrl\":\"https:\\\/\\\/marcelolopes.jor.br\\\/site\\\/wp-content\\\/uploads\\\/2025\\\/08\\\/Prefeitura-de-Vicosa.jpg\",\"datePublished\":\"2025-08-24T22:00:26+00:00\",\"description\":\"Vi\u00e7osa vai \u00e0 Justi\u00e7a para receber mais recursos do FPM. Munic\u00edpio \u200bdiz que \u200bperdas em julho foram superiores a R$ 579 mil.\",\"breadcrumb\":{\"@id\":\"https:\\\/\\\/marcelolopes.jor.br\\\/site\\\/2025\\\/08\\\/24\\\/vicosa-vai-a-justica-para-receber-mais-recursos-do-fpm\\\/#breadcrumb\"},\"inLanguage\":\"pt-BR\",\"potentialAction\":[{\"@type\":\"ReadAction\",\"target\":[\"https:\\\/\\\/marcelolopes.jor.br\\\/site\\\/2025\\\/08\\\/24\\\/vicosa-vai-a-justica-para-receber-mais-recursos-do-fpm\\\/\"]}]},{\"@type\":\"ImageObject\",\"inLanguage\":\"pt-BR\",\"@id\":\"https:\\\/\\\/marcelolopes.jor.br\\\/site\\\/2025\\\/08\\\/24\\\/vicosa-vai-a-justica-para-receber-mais-recursos-do-fpm\\\/#primaryimage\",\"url\":\"https:\\\/\\\/marcelolopes.jor.br\\\/site\\\/wp-content\\\/uploads\\\/2025\\\/08\\\/Prefeitura-de-Vicosa.jpg\",\"contentUrl\":\"https:\\\/\\\/marcelolopes.jor.br\\\/site\\\/wp-content\\\/uploads\\\/2025\\\/08\\\/Prefeitura-de-Vicosa.jpg\",\"width\":599,\"height\":380,\"caption\":\"Vi\u00e7osa vai \u00e0 Justi\u00e7a\"},{\"@type\":\"BreadcrumbList\",\"@id\":\"https:\\\/\\\/marcelolopes.jor.br\\\/site\\\/2025\\\/08\\\/24\\\/vicosa-vai-a-justica-para-receber-mais-recursos-do-fpm\\\/#breadcrumb\",\"itemListElement\":[{\"@type\":\"ListItem\",\"position\":1,\"name\":\"Home\",\"item\":\"https:\\\/\\\/marcelolopes.jor.br\\\/site\\\/\"},{\"@type\":\"ListItem\",\"position\":2,\"name\":\"Vi\u00e7osa vai \u00e0 Justi\u00e7a para receber mais recursos do FPM\"}]},{\"@type\":\"WebSite\",\"@id\":\"https:\\\/\\\/marcelolopes.jor.br\\\/site\\\/#website\",\"url\":\"https:\\\/\\\/marcelolopes.jor.br\\\/site\\\/\",\"name\":\"Marcelo Lopes\",\"description\":\"Not\u00edcias de Cataguases e Regi\u00e3o\",\"publisher\":{\"@id\":\"https:\\\/\\\/marcelolopes.jor.br\\\/site\\\/#organization\"},\"potentialAction\":[{\"@type\":\"SearchAction\",\"target\":{\"@type\":\"EntryPoint\",\"urlTemplate\":\"https:\\\/\\\/marcelolopes.jor.br\\\/site\\\/?s={search_term_string}\"},\"query-input\":{\"@type\":\"PropertyValueSpecification\",\"valueRequired\":true,\"valueName\":\"search_term_string\"}}],\"inLanguage\":\"pt-BR\"},{\"@type\":\"Organization\",\"@id\":\"https:\\\/\\\/marcelolopes.jor.br\\\/site\\\/#organization\",\"name\":\"Site do Marcelo Lopes\",\"url\":\"https:\\\/\\\/marcelolopes.jor.br\\\/site\\\/\",\"logo\":{\"@type\":\"ImageObject\",\"inLanguage\":\"pt-BR\",\"@id\":\"https:\\\/\\\/marcelolopes.jor.br\\\/site\\\/#\\\/schema\\\/logo\\\/image\\\/\",\"url\":\"https:\\\/\\\/marcelolopes.jor.br\\\/site\\\/wp-content\\\/uploads\\\/2024\\\/11\\\/logo-1.png\",\"contentUrl\":\"https:\\\/\\\/marcelolopes.jor.br\\\/site\\\/wp-content\\\/uploads\\\/2024\\\/11\\\/logo-1.png\",\"width\":475,\"height\":80,\"caption\":\"Site do Marcelo Lopes\"},\"image\":{\"@id\":\"https:\\\/\\\/marcelolopes.jor.br\\\/site\\\/#\\\/schema\\\/logo\\\/image\\\/\"},\"sameAs\":[\"https:\\\/\\\/www.facebook.com\\\/sitedomarcelolopes\",\"https:\\\/\\\/www.instagram.com\\\/sitedomarcelolopes\\\/\",\"https:\\\/\\\/www.linkedin.com\\\/company\\\/site-do-marcelo-lopes\\\/\",\"https:\\\/\\\/www.youtube.com\\\/user\\\/marcelolopes957\"]},{\"@type\":\"Person\",\"@id\":\"https:\\\/\\\/marcelolopes.jor.br\\\/site\\\/#\\\/schema\\\/person\\\/3e7216a35c34d8fdf952b31da3d1f89f\",\"name\":\"Marcelo Lopes\",\"sameAs\":[\"http:\\\/\\\/www.marcelolopes.jor.br\"],\"url\":\"https:\\\/\\\/marcelolopes.jor.br\\\/site\\\/author\\\/marcelo\\\/\"}]}<\/script>\n<!-- \/ Yoast SEO plugin. -->","yoast_head_json":{"title":"Vi\u00e7osa vai \u00e0 Justi\u00e7a para receber mais recursos do FPM | Marcelo Lopes","description":"Vi\u00e7osa vai \u00e0 Justi\u00e7a para receber mais recursos do FPM. Munic\u00edpio \u200bdiz que \u200bperdas em julho foram superiores a R$ 579 mil.","robots":{"index":"index","follow":"follow","max-snippet":"max-snippet:-1","max-image-preview":"max-image-preview:large","max-video-preview":"max-video-preview:-1"},"canonical":"https:\/\/marcelolopes.jor.br\/site\/2025\/08\/24\/vicosa-vai-a-justica-para-receber-mais-recursos-do-fpm\/","og_locale":"pt_BR","og_type":"article","og_title":"Vi\u00e7osa vai \u00e0 Justi\u00e7a para receber mais recursos do FPM | Marcelo Lopes","og_description":"Vi\u00e7osa vai \u00e0 Justi\u00e7a para receber mais recursos do FPM. Munic\u00edpio \u200bdiz que \u200bperdas em julho foram superiores a R$ 579 mil.","og_url":"https:\/\/marcelolopes.jor.br\/site\/2025\/08\/24\/vicosa-vai-a-justica-para-receber-mais-recursos-do-fpm\/","og_site_name":"Marcelo Lopes","article_publisher":"https:\/\/www.facebook.com\/sitedomarcelolopes","article_published_time":"2025-08-24T22:00:26+00:00","og_image":[{"width":599,"height":380,"url":"https:\/\/marcelolopes.jor.br\/site\/wp-content\/uploads\/2025\/08\/Prefeitura-de-Vicosa.jpg","type":"image\/jpeg"}],"author":"Marcelo Lopes","twitter_card":"summary_large_image","twitter_misc":{"Escrito por":"Marcelo Lopes","Est. tempo de leitura":"3 minutos"},"schema":{"@context":"https:\/\/schema.org","@graph":[{"@type":"NewsArticle","@id":"https:\/\/marcelolopes.jor.br\/site\/2025\/08\/24\/vicosa-vai-a-justica-para-receber-mais-recursos-do-fpm\/#article","isPartOf":{"@id":"https:\/\/marcelolopes.jor.br\/site\/2025\/08\/24\/vicosa-vai-a-justica-para-receber-mais-recursos-do-fpm\/"},"author":{"name":"Marcelo Lopes","@id":"https:\/\/marcelolopes.jor.br\/site\/#\/schema\/person\/3e7216a35c34d8fdf952b31da3d1f89f"},"headline":"Vi\u00e7osa vai \u00e0 Justi\u00e7a para receber mais recursos do FPM","datePublished":"2025-08-24T22:00:26+00:00","mainEntityOfPage":{"@id":"https:\/\/marcelolopes.jor.br\/site\/2025\/08\/24\/vicosa-vai-a-justica-para-receber-mais-recursos-do-fpm\/"},"wordCount":517,"commentCount":0,"publisher":{"@id":"https:\/\/marcelolopes.jor.br\/site\/#organization"},"image":{"@id":"https:\/\/marcelolopes.jor.br\/site\/2025\/08\/24\/vicosa-vai-a-justica-para-receber-mais-recursos-do-fpm\/#primaryimage"},"thumbnailUrl":"https:\/\/marcelolopes.jor.br\/site\/wp-content\/uploads\/2025\/08\/Prefeitura-de-Vicosa.jpg","articleSection":["Not\u00edcias"],"inLanguage":"pt-BR","potentialAction":[{"@type":"CommentAction","name":"Comment","target":["https:\/\/marcelolopes.jor.br\/site\/2025\/08\/24\/vicosa-vai-a-justica-para-receber-mais-recursos-do-fpm\/#respond"]}]},{"@type":"WebPage","@id":"https:\/\/marcelolopes.jor.br\/site\/2025\/08\/24\/vicosa-vai-a-justica-para-receber-mais-recursos-do-fpm\/","url":"https:\/\/marcelolopes.jor.br\/site\/2025\/08\/24\/vicosa-vai-a-justica-para-receber-mais-recursos-do-fpm\/","name":"Vi\u00e7osa vai \u00e0 Justi\u00e7a para receber mais recursos do FPM | Marcelo Lopes","isPartOf":{"@id":"https:\/\/marcelolopes.jor.br\/site\/#website"},"primaryImageOfPage":{"@id":"https:\/\/marcelolopes.jor.br\/site\/2025\/08\/24\/vicosa-vai-a-justica-para-receber-mais-recursos-do-fpm\/#primaryimage"},"image":{"@id":"https:\/\/marcelolopes.jor.br\/site\/2025\/08\/24\/vicosa-vai-a-justica-para-receber-mais-recursos-do-fpm\/#primaryimage"},"thumbnailUrl":"https:\/\/marcelolopes.jor.br\/site\/wp-content\/uploads\/2025\/08\/Prefeitura-de-Vicosa.jpg","datePublished":"2025-08-24T22:00:26+00:00","description":"Vi\u00e7osa vai \u00e0 Justi\u00e7a para receber mais recursos do FPM. Munic\u00edpio \u200bdiz que \u200bperdas em julho foram superiores a R$ 579 mil.","breadcrumb":{"@id":"https:\/\/marcelolopes.jor.br\/site\/2025\/08\/24\/vicosa-vai-a-justica-para-receber-mais-recursos-do-fpm\/#breadcrumb"},"inLanguage":"pt-BR","potentialAction":[{"@type":"ReadAction","target":["https:\/\/marcelolopes.jor.br\/site\/2025\/08\/24\/vicosa-vai-a-justica-para-receber-mais-recursos-do-fpm\/"]}]},{"@type":"ImageObject","inLanguage":"pt-BR","@id":"https:\/\/marcelolopes.jor.br\/site\/2025\/08\/24\/vicosa-vai-a-justica-para-receber-mais-recursos-do-fpm\/#primaryimage","url":"https:\/\/marcelolopes.jor.br\/site\/wp-content\/uploads\/2025\/08\/Prefeitura-de-Vicosa.jpg","contentUrl":"https:\/\/marcelolopes.jor.br\/site\/wp-content\/uploads\/2025\/08\/Prefeitura-de-Vicosa.jpg","width":599,"height":380,"caption":"Vi\u00e7osa vai \u00e0 Justi\u00e7a"},{"@type":"BreadcrumbList","@id":"https:\/\/marcelolopes.jor.br\/site\/2025\/08\/24\/vicosa-vai-a-justica-para-receber-mais-recursos-do-fpm\/#breadcrumb","itemListElement":[{"@type":"ListItem","position":1,"name":"Home","item":"https:\/\/marcelolopes.jor.br\/site\/"},{"@type":"ListItem","position":2,"name":"Vi\u00e7osa vai \u00e0 Justi\u00e7a para receber mais recursos do FPM"}]},{"@type":"WebSite","@id":"https:\/\/marcelolopes.jor.br\/site\/#website","url":"https:\/\/marcelolopes.jor.br\/site\/","name":"Marcelo Lopes","description":"Not\u00edcias de Cataguases e Regi\u00e3o","publisher":{"@id":"https:\/\/marcelolopes.jor.br\/site\/#organization"},"potentialAction":[{"@type":"SearchAction","target":{"@type":"EntryPoint","urlTemplate":"https:\/\/marcelolopes.jor.br\/site\/?s={search_term_string}"},"query-input":{"@type":"PropertyValueSpecification","valueRequired":true,"valueName":"search_term_string"}}],"inLanguage":"pt-BR"},{"@type":"Organization","@id":"https:\/\/marcelolopes.jor.br\/site\/#organization","name":"Site do Marcelo Lopes","url":"https:\/\/marcelolopes.jor.br\/site\/","logo":{"@type":"ImageObject","inLanguage":"pt-BR","@id":"https:\/\/marcelolopes.jor.br\/site\/#\/schema\/logo\/image\/","url":"https:\/\/marcelolopes.jor.br\/site\/wp-content\/uploads\/2024\/11\/logo-1.png","contentUrl":"https:\/\/marcelolopes.jor.br\/site\/wp-content\/uploads\/2024\/11\/logo-1.png","width":475,"height":80,"caption":"Site do Marcelo Lopes"},"image":{"@id":"https:\/\/marcelolopes.jor.br\/site\/#\/schema\/logo\/image\/"},"sameAs":["https:\/\/www.facebook.com\/sitedomarcelolopes","https:\/\/www.instagram.com\/sitedomarcelolopes\/","https:\/\/www.linkedin.com\/company\/site-do-marcelo-lopes\/","https:\/\/www.youtube.com\/user\/marcelolopes957"]},{"@type":"Person","@id":"https:\/\/marcelolopes.jor.br\/site\/#\/schema\/person\/3e7216a35c34d8fdf952b31da3d1f89f","name":"Marcelo Lopes","sameAs":["http:\/\/www.marcelolopes.jor.br"],"url":"https:\/\/marcelolopes.jor.br\/site\/author\/marcelo\/"}]}},"wps_subtitle":"Munic\u00edpio \u200bdiz que \u200bperdas em julho foram superiores a R$ 579 mil.","_links":{"self":[{"href":"https:\/\/marcelolopes.jor.br\/site\/wp-json\/wp\/v2\/posts\/60172","targetHints":{"allow":["GET"]}}],"collection":[{"href":"https:\/\/marcelolopes.jor.br\/site\/wp-json\/wp\/v2\/posts"}],"about":[{"href":"https:\/\/marcelolopes.jor.br\/site\/wp-json\/wp\/v2\/types\/post"}],"author":[{"embeddable":true,"href":"https:\/\/marcelolopes.jor.br\/site\/wp-json\/wp\/v2\/users\/2"}],"replies":[{"embeddable":true,"href":"https:\/\/marcelolopes.jor.br\/site\/wp-json\/wp\/v2\/comments?post=60172"}],"version-history":[{"count":0,"href":"https:\/\/marcelolopes.jor.br\/site\/wp-json\/wp\/v2\/posts\/60172\/revisions"}],"wp:featuredmedia":[{"embeddable":true,"href":"https:\/\/marcelolopes.jor.br\/site\/wp-json\/wp\/v2\/media\/60174"}],"wp:attachment":[{"href":"https:\/\/marcelolopes.jor.br\/site\/wp-json\/wp\/v2\/media?parent=60172"}],"wp:term":[{"taxonomy":"category","embeddable":true,"href":"https:\/\/marcelolopes.jor.br\/site\/wp-json\/wp\/v2\/categories?post=60172"},{"taxonomy":"post_tag","embeddable":true,"href":"https:\/\/marcelolopes.jor.br\/site\/wp-json\/wp\/v2\/tags?post=60172"}],"curies":[{"name":"wp","href":"https:\/\/api.w.org\/{rel}","templated":true}]}}