{"id":60164,"date":"2025-08-24T12:00:52","date_gmt":"2025-08-24T15:00:52","guid":{"rendered":"https:\/\/marcelolopes.jor.br\/?p=60164"},"modified":"2025-08-24T09:13:24","modified_gmt":"2025-08-24T12:13:24","slug":"acao-conjunta-das-policias-civil-e-militar-prende-autor-de-furtos","status":"publish","type":"post","link":"https:\/\/marcelolopes.jor.br\/site\/2025\/08\/24\/acao-conjunta-das-policias-civil-e-militar-prende-autor-de-furtos\/","title":{"rendered":"A\u00e7\u00e3o conjunta das pol\u00edcias Civil e Militar prende autor de furtos"},"content":{"rendered":"<p>Uma a\u00e7\u00e3o coordenada entre as Pol\u00edcias Civil e Militar de Cataguases, levou \u00e0 pris\u00e3o de um homem de 37 anos, suspeito de envolvimento em diversos furtos na regi\u00e3o.<!--more--><\/p>\n<h4 class=\"p1\"><span class=\"s1\">\ud83d\udcf8\u00a0<span style=\"color: #008000;\">Siga o Site do Marcelo Lopes no<\/span>\u00a0<span style=\"color: #800000;\"><a style=\"color: #800000;\" href=\"https:\/\/www.facebook.com\/sitedomarcelolopes\/\"><strong>Facebook<\/strong><\/a><\/span>\u00a0<span style=\"color: #008000;\">e no<\/span>\u00a0<span style=\"color: #800000;\"><strong><a style=\"color: #800000;\" href=\"https:\/\/www.instagram.com\/sitedomarcelolopes\/\">Instagram<\/a><\/strong><\/span><\/span><\/h4>\n<h4 class=\"p1\">\ud83d\udcf1<span style=\"color: #008000;\">Participe do grupo de<\/span>\u00a0<span style=\"color: #800000;\"><a style=\"color: #800000;\" href=\"https:\/\/chat.whatsapp.com\/BibzcI1ibYSKytbdyzubLA\"><strong>WhatsApp<\/strong><\/a><\/span> <span style=\"color: #008000;\">do Site do Marcelo Lopes<\/span><\/h4>\n<p>O trabalho de investiga\u00e7\u00e3o da Pol\u00edcia Civil teve in\u00edcio ap\u00f3s o registro de um furto ocorrido na madrugada do dia 18 de julho de 2025, quando o autor invadiu uma cl\u00ednica odontol\u00f3gica em Cataguases, de onde subtraiu um notebook e dois aparelhos celulares. Para entrar no estabelecimento, o suspeito arrombou a porta de vidro da cl\u00ednica.<\/p>\n<p>De acordo com a Pol\u00edcia Civil, o suspeito \u00e9 amplamente conhecido no meio policial, possuindo dez passagens criminais por delitos contra o patrim\u00f4nio, todos registrados em Cataguases. Seus crimes, em sua maioria, foram praticados durante a madrugada ou \u00e0 noite, tendo como alvos principais estabelecimentos comerciais e resid\u00eancias.<\/p>\n<p>Diante da gravidade e reincid\u00eancia dos crimes, a pris\u00e3o preventiva foi representada pelo delegado de Pol\u00edcia Marcelo Manna, que destacou a import\u00e2ncia da deten\u00e7\u00e3o do investigado, tendo em vista o perfil de atua\u00e7\u00e3o furtiva e recorrente do autor, sempre em hor\u00e1rios noturnos.<\/p>\n<blockquote><p>&#8220;Essa a\u00e7\u00e3o integra as atividades do GIESP \u2013 Grupo Integrado Estrat\u00e9gico de Seguran\u00e7a P\u00fablica, que re\u00fane esfor\u00e7os das Pol\u00edcias Civil e Militar, juntamente com o Minist\u00e9rio P\u00fablico, para combater de forma eficaz a criminalidade no munic\u00edpio&#8221;, acrescentou o delegado. Ele finalizou dizendo que a\u00e7\u00f5es semelhantes &#8220;continuar\u00e3o nos pr\u00f3ximos dias, com novas investiga\u00e7\u00f5es em andamento e outros autores sendo retirados de circula\u00e7\u00e3o.&#8221;<\/p><\/blockquote>\n<p><strong>OUTRAS NOT\u00cdCIAS<\/strong><br \/>\n<a href=\"https:\/\/marcelolopes.jor.br\/2025\/08\/20\/policias-civil-e-militar-prendem-jovem-no-bairro-pouso-alegre\/\"><strong><span style=\"color: #800000;\">Pol\u00edcias Civil e Militar prendem jovem no Bairro Pouso Alegre<\/span><\/strong><\/a><\/p>\n<p><a href=\"https:\/\/marcelolopes.jor.br\/2025\/05\/29\/policias-civil-e-militar-prendem-suspeito-de-furtos\/\"><strong><span style=\"color: #800000;\">Pol\u00edcias Civil e Militar prendem suspeito de furtos<\/span><\/strong><\/a><\/p>\n<p>Foto: Arquivo<\/p>\n<div class=\"sxlhy69f74bf0af82c\" ><br><\/div><style type=\"text\/css\">\r\n@media screen and (min-width: 1201px) {\r\n.sxlhy69f74bf0af82c {\r\ndisplay: block;\r\n}\r\n}\r\n@media screen and (min-width: 993px) and (max-width: 1200px) {\r\n.sxlhy69f74bf0af82c {\r\ndisplay: block;\r\n}\r\n}\r\n@media screen and (min-width: 769px) and (max-width: 992px) {\r\n.sxlhy69f74bf0af82c {\r\ndisplay: block;\r\n}\r\n}\r\n@media screen and (min-width: 768px) and (max-width: 768px) {\r\n.sxlhy69f74bf0af82c {\r\ndisplay: block;\r\n}\r\n}\r\n@media screen and (max-width: 767px) {\r\n.sxlhy69f74bf0af82c {\r\ndisplay: block;\r\n}\r\n}\r\n<\/style>\r\n<div class=\"dinog69f74bf0b6c04\" ><div id=\"div_destino\"><\/div>\r\n<script src=\"https:\/\/cdn.snsrsv.com\/sdk.js\"><\/script>\r\n<script >\r\n      new sdk(\"464030C30061EA8BE065000000000001\") \r\n          .appendTo(\"div_destino\")\r\n          .disableStyle(true) \r\n          .setCacheBusterMacro(\"%%CACHEBUSTER%%\")\r\n          .setSize(\"800\",\"214\")\r\n          .setClickMacro(\"%%CLICK_URL_ESC%%\") \r\n          .setReferrerUrlMacro(\"%%REFERRER_URL_ESC%%\") \r\n          .start(); \r\n<\/script><\/div><style type=\"text\/css\">\r\n@media screen and (min-width: 1201px) {\r\n.dinog69f74bf0b6c04 {\r\ndisplay: block;\r\n}\r\n}\r\n@media screen and (min-width: 993px) and (max-width: 1200px) {\r\n.dinog69f74bf0b6c04 {\r\ndisplay: block;\r\n}\r\n}\r\n@media screen and (min-width: 769px) and (max-width: 992px) {\r\n.dinog69f74bf0b6c04 {\r\ndisplay: block;\r\n}\r\n}\r\n@media screen and (min-width: 768px) and (max-width: 768px) {\r\n.dinog69f74bf0b6c04 {\r\ndisplay: block;\r\n}\r\n}\r\n@media screen and (max-width: 767px) {\r\n.dinog69f74bf0b6c04 {\r\ndisplay: block;\r\n}\r\n}\r\n<\/style>\r\n","protected":false},"excerpt":{"rendered":"<p>Uma a\u00e7\u00e3o coordenada entre as Pol\u00edcias Civil e Militar de Cataguases, levou \u00e0 pris\u00e3o de um homem de 37 anos, suspeito de envolvimento em diversos furtos na regi\u00e3o.<\/p>\n","protected":false},"author":2,"featured_media":60167,"comment_status":"open","ping_status":"closed","sticky":false,"template":"","format":"standard","meta":{"footnotes":""},"categories":[1],"tags":[],"class_list":["post-60164","post","type-post","status-publish","format-standard","has-post-thumbnail","hentry","category-noticias","thumb-below-title"],"yoast_head":"<!-- This site is optimized with the Yoast SEO plugin v27.4 - https:\/\/yoast.com\/product\/yoast-seo-wordpress\/ -->\n<title>A\u00e7\u00e3o conjunta das pol\u00edcias Civil e Militar prende autor de furtos | Marcelo Lopes<\/title>\n<meta name=\"description\" content=\"A\u00e7\u00e3o conjunta das pol\u00edcias civil e militar prende autor de furtos. Homem de 37 anos \u00e9 conhecido no meio policial em Cataguases.\" \/>\n<meta name=\"robots\" content=\"index, follow, max-snippet:-1, max-image-preview:large, max-video-preview:-1\" \/>\n<link rel=\"canonical\" href=\"https:\/\/marcelolopes.jor.br\/site\/2025\/08\/24\/acao-conjunta-das-policias-civil-e-militar-prende-autor-de-furtos\/\" \/>\n<meta property=\"og:locale\" content=\"pt_BR\" \/>\n<meta property=\"og:type\" content=\"article\" \/>\n<meta property=\"og:title\" content=\"A\u00e7\u00e3o conjunta das pol\u00edcias Civil e Militar prende autor de furtos | Marcelo Lopes\" \/>\n<meta property=\"og:description\" content=\"A\u00e7\u00e3o conjunta das pol\u00edcias civil e militar prende autor de furtos. Homem de 37 anos \u00e9 conhecido no meio policial em Cataguases.\" \/>\n<meta property=\"og:url\" content=\"https:\/\/marcelolopes.jor.br\/site\/2025\/08\/24\/acao-conjunta-das-policias-civil-e-militar-prende-autor-de-furtos\/\" \/>\n<meta property=\"og:site_name\" content=\"Marcelo Lopes\" \/>\n<meta property=\"article:publisher\" content=\"https:\/\/www.facebook.com\/sitedomarcelolopes\" \/>\n<meta property=\"article:published_time\" content=\"2025-08-24T15:00:52+00:00\" \/>\n<meta property=\"og:image\" content=\"https:\/\/marcelolopes.jor.br\/site\/wp-content\/uploads\/2025\/08\/WhatsApp-Image-2025-05-19-at-13.55.32-800x540-1.jpeg\" \/>\n\t<meta property=\"og:image:width\" content=\"800\" \/>\n\t<meta property=\"og:image:height\" content=\"540\" \/>\n\t<meta property=\"og:image:type\" content=\"image\/jpeg\" \/>\n<meta name=\"author\" content=\"Marcelo Lopes\" \/>\n<meta name=\"twitter:card\" content=\"summary_large_image\" \/>\n<meta name=\"twitter:label1\" content=\"Escrito por\" \/>\n\t<meta name=\"twitter:data1\" content=\"Marcelo Lopes\" \/>\n\t<meta name=\"twitter:label2\" content=\"Est. tempo de leitura\" \/>\n\t<meta name=\"twitter:data2\" content=\"2 minutos\" \/>\n<script type=\"application\/ld+json\" class=\"yoast-schema-graph\">{\"@context\":\"https:\\\/\\\/schema.org\",\"@graph\":[{\"@type\":\"NewsArticle\",\"@id\":\"https:\\\/\\\/marcelolopes.jor.br\\\/site\\\/2025\\\/08\\\/24\\\/acao-conjunta-das-policias-civil-e-militar-prende-autor-de-furtos\\\/#article\",\"isPartOf\":{\"@id\":\"https:\\\/\\\/marcelolopes.jor.br\\\/site\\\/2025\\\/08\\\/24\\\/acao-conjunta-das-policias-civil-e-militar-prende-autor-de-furtos\\\/\"},\"author\":{\"name\":\"Marcelo Lopes\",\"@id\":\"https:\\\/\\\/marcelolopes.jor.br\\\/site\\\/#\\\/schema\\\/person\\\/3e7216a35c34d8fdf952b31da3d1f89f\"},\"headline\":\"A\u00e7\u00e3o conjunta das pol\u00edcias Civil e Militar prende autor de furtos\",\"datePublished\":\"2025-08-24T15:00:52+00:00\",\"mainEntityOfPage\":{\"@id\":\"https:\\\/\\\/marcelolopes.jor.br\\\/site\\\/2025\\\/08\\\/24\\\/acao-conjunta-das-policias-civil-e-militar-prende-autor-de-furtos\\\/\"},\"wordCount\":323,\"commentCount\":0,\"publisher\":{\"@id\":\"https:\\\/\\\/marcelolopes.jor.br\\\/site\\\/#organization\"},\"image\":{\"@id\":\"https:\\\/\\\/marcelolopes.jor.br\\\/site\\\/2025\\\/08\\\/24\\\/acao-conjunta-das-policias-civil-e-militar-prende-autor-de-furtos\\\/#primaryimage\"},\"thumbnailUrl\":\"https:\\\/\\\/marcelolopes.jor.br\\\/site\\\/wp-content\\\/uploads\\\/2025\\\/08\\\/WhatsApp-Image-2025-05-19-at-13.55.32-800x540-1.jpeg\",\"articleSection\":[\"Not\u00edcias\"],\"inLanguage\":\"pt-BR\",\"potentialAction\":[{\"@type\":\"CommentAction\",\"name\":\"Comment\",\"target\":[\"https:\\\/\\\/marcelolopes.jor.br\\\/site\\\/2025\\\/08\\\/24\\\/acao-conjunta-das-policias-civil-e-militar-prende-autor-de-furtos\\\/#respond\"]}]},{\"@type\":\"WebPage\",\"@id\":\"https:\\\/\\\/marcelolopes.jor.br\\\/site\\\/2025\\\/08\\\/24\\\/acao-conjunta-das-policias-civil-e-militar-prende-autor-de-furtos\\\/\",\"url\":\"https:\\\/\\\/marcelolopes.jor.br\\\/site\\\/2025\\\/08\\\/24\\\/acao-conjunta-das-policias-civil-e-militar-prende-autor-de-furtos\\\/\",\"name\":\"A\u00e7\u00e3o conjunta das pol\u00edcias Civil e Militar prende autor de furtos | Marcelo Lopes\",\"isPartOf\":{\"@id\":\"https:\\\/\\\/marcelolopes.jor.br\\\/site\\\/#website\"},\"primaryImageOfPage\":{\"@id\":\"https:\\\/\\\/marcelolopes.jor.br\\\/site\\\/2025\\\/08\\\/24\\\/acao-conjunta-das-policias-civil-e-militar-prende-autor-de-furtos\\\/#primaryimage\"},\"image\":{\"@id\":\"https:\\\/\\\/marcelolopes.jor.br\\\/site\\\/2025\\\/08\\\/24\\\/acao-conjunta-das-policias-civil-e-militar-prende-autor-de-furtos\\\/#primaryimage\"},\"thumbnailUrl\":\"https:\\\/\\\/marcelolopes.jor.br\\\/site\\\/wp-content\\\/uploads\\\/2025\\\/08\\\/WhatsApp-Image-2025-05-19-at-13.55.32-800x540-1.jpeg\",\"datePublished\":\"2025-08-24T15:00:52+00:00\",\"description\":\"A\u00e7\u00e3o conjunta das pol\u00edcias civil e militar prende autor de furtos. Homem de 37 anos \u00e9 conhecido no meio policial em Cataguases.\",\"breadcrumb\":{\"@id\":\"https:\\\/\\\/marcelolopes.jor.br\\\/site\\\/2025\\\/08\\\/24\\\/acao-conjunta-das-policias-civil-e-militar-prende-autor-de-furtos\\\/#breadcrumb\"},\"inLanguage\":\"pt-BR\",\"potentialAction\":[{\"@type\":\"ReadAction\",\"target\":[\"https:\\\/\\\/marcelolopes.jor.br\\\/site\\\/2025\\\/08\\\/24\\\/acao-conjunta-das-policias-civil-e-militar-prende-autor-de-furtos\\\/\"]}]},{\"@type\":\"ImageObject\",\"inLanguage\":\"pt-BR\",\"@id\":\"https:\\\/\\\/marcelolopes.jor.br\\\/site\\\/2025\\\/08\\\/24\\\/acao-conjunta-das-policias-civil-e-militar-prende-autor-de-furtos\\\/#primaryimage\",\"url\":\"https:\\\/\\\/marcelolopes.jor.br\\\/site\\\/wp-content\\\/uploads\\\/2025\\\/08\\\/WhatsApp-Image-2025-05-19-at-13.55.32-800x540-1.jpeg\",\"contentUrl\":\"https:\\\/\\\/marcelolopes.jor.br\\\/site\\\/wp-content\\\/uploads\\\/2025\\\/08\\\/WhatsApp-Image-2025-05-19-at-13.55.32-800x540-1.jpeg\",\"width\":800,\"height\":540,\"caption\":\"A\u00e7\u00e3o conjunta das pol\u00edcias\"},{\"@type\":\"BreadcrumbList\",\"@id\":\"https:\\\/\\\/marcelolopes.jor.br\\\/site\\\/2025\\\/08\\\/24\\\/acao-conjunta-das-policias-civil-e-militar-prende-autor-de-furtos\\\/#breadcrumb\",\"itemListElement\":[{\"@type\":\"ListItem\",\"position\":1,\"name\":\"Home\",\"item\":\"https:\\\/\\\/marcelolopes.jor.br\\\/site\\\/\"},{\"@type\":\"ListItem\",\"position\":2,\"name\":\"A\u00e7\u00e3o conjunta das pol\u00edcias Civil e Militar prende autor de furtos\"}]},{\"@type\":\"WebSite\",\"@id\":\"https:\\\/\\\/marcelolopes.jor.br\\\/site\\\/#website\",\"url\":\"https:\\\/\\\/marcelolopes.jor.br\\\/site\\\/\",\"name\":\"Marcelo Lopes\",\"description\":\"Not\u00edcias de Cataguases e Regi\u00e3o\",\"publisher\":{\"@id\":\"https:\\\/\\\/marcelolopes.jor.br\\\/site\\\/#organization\"},\"potentialAction\":[{\"@type\":\"SearchAction\",\"target\":{\"@type\":\"EntryPoint\",\"urlTemplate\":\"https:\\\/\\\/marcelolopes.jor.br\\\/site\\\/?s={search_term_string}\"},\"query-input\":{\"@type\":\"PropertyValueSpecification\",\"valueRequired\":true,\"valueName\":\"search_term_string\"}}],\"inLanguage\":\"pt-BR\"},{\"@type\":\"Organization\",\"@id\":\"https:\\\/\\\/marcelolopes.jor.br\\\/site\\\/#organization\",\"name\":\"Site do Marcelo Lopes\",\"url\":\"https:\\\/\\\/marcelolopes.jor.br\\\/site\\\/\",\"logo\":{\"@type\":\"ImageObject\",\"inLanguage\":\"pt-BR\",\"@id\":\"https:\\\/\\\/marcelolopes.jor.br\\\/site\\\/#\\\/schema\\\/logo\\\/image\\\/\",\"url\":\"https:\\\/\\\/marcelolopes.jor.br\\\/site\\\/wp-content\\\/uploads\\\/2024\\\/11\\\/logo-1.png\",\"contentUrl\":\"https:\\\/\\\/marcelolopes.jor.br\\\/site\\\/wp-content\\\/uploads\\\/2024\\\/11\\\/logo-1.png\",\"width\":475,\"height\":80,\"caption\":\"Site do Marcelo Lopes\"},\"image\":{\"@id\":\"https:\\\/\\\/marcelolopes.jor.br\\\/site\\\/#\\\/schema\\\/logo\\\/image\\\/\"},\"sameAs\":[\"https:\\\/\\\/www.facebook.com\\\/sitedomarcelolopes\",\"https:\\\/\\\/www.instagram.com\\\/sitedomarcelolopes\\\/\",\"https:\\\/\\\/www.linkedin.com\\\/company\\\/site-do-marcelo-lopes\\\/\",\"https:\\\/\\\/www.youtube.com\\\/user\\\/marcelolopes957\"]},{\"@type\":\"Person\",\"@id\":\"https:\\\/\\\/marcelolopes.jor.br\\\/site\\\/#\\\/schema\\\/person\\\/3e7216a35c34d8fdf952b31da3d1f89f\",\"name\":\"Marcelo Lopes\",\"sameAs\":[\"http:\\\/\\\/www.marcelolopes.jor.br\"],\"url\":\"https:\\\/\\\/marcelolopes.jor.br\\\/site\\\/author\\\/marcelo\\\/\"}]}<\/script>\n<!-- \/ Yoast SEO plugin. -->","yoast_head_json":{"title":"A\u00e7\u00e3o conjunta das pol\u00edcias Civil e Militar prende autor de furtos | Marcelo Lopes","description":"A\u00e7\u00e3o conjunta das pol\u00edcias civil e militar prende autor de furtos. Homem de 37 anos \u00e9 conhecido no meio policial em Cataguases.","robots":{"index":"index","follow":"follow","max-snippet":"max-snippet:-1","max-image-preview":"max-image-preview:large","max-video-preview":"max-video-preview:-1"},"canonical":"https:\/\/marcelolopes.jor.br\/site\/2025\/08\/24\/acao-conjunta-das-policias-civil-e-militar-prende-autor-de-furtos\/","og_locale":"pt_BR","og_type":"article","og_title":"A\u00e7\u00e3o conjunta das pol\u00edcias Civil e Militar prende autor de furtos | Marcelo Lopes","og_description":"A\u00e7\u00e3o conjunta das pol\u00edcias civil e militar prende autor de furtos. Homem de 37 anos \u00e9 conhecido no meio policial em Cataguases.","og_url":"https:\/\/marcelolopes.jor.br\/site\/2025\/08\/24\/acao-conjunta-das-policias-civil-e-militar-prende-autor-de-furtos\/","og_site_name":"Marcelo Lopes","article_publisher":"https:\/\/www.facebook.com\/sitedomarcelolopes","article_published_time":"2025-08-24T15:00:52+00:00","og_image":[{"width":800,"height":540,"url":"https:\/\/marcelolopes.jor.br\/site\/wp-content\/uploads\/2025\/08\/WhatsApp-Image-2025-05-19-at-13.55.32-800x540-1.jpeg","type":"image\/jpeg"}],"author":"Marcelo Lopes","twitter_card":"summary_large_image","twitter_misc":{"Escrito por":"Marcelo Lopes","Est. tempo de leitura":"2 minutos"},"schema":{"@context":"https:\/\/schema.org","@graph":[{"@type":"NewsArticle","@id":"https:\/\/marcelolopes.jor.br\/site\/2025\/08\/24\/acao-conjunta-das-policias-civil-e-militar-prende-autor-de-furtos\/#article","isPartOf":{"@id":"https:\/\/marcelolopes.jor.br\/site\/2025\/08\/24\/acao-conjunta-das-policias-civil-e-militar-prende-autor-de-furtos\/"},"author":{"name":"Marcelo Lopes","@id":"https:\/\/marcelolopes.jor.br\/site\/#\/schema\/person\/3e7216a35c34d8fdf952b31da3d1f89f"},"headline":"A\u00e7\u00e3o conjunta das pol\u00edcias Civil e Militar prende autor de furtos","datePublished":"2025-08-24T15:00:52+00:00","mainEntityOfPage":{"@id":"https:\/\/marcelolopes.jor.br\/site\/2025\/08\/24\/acao-conjunta-das-policias-civil-e-militar-prende-autor-de-furtos\/"},"wordCount":323,"commentCount":0,"publisher":{"@id":"https:\/\/marcelolopes.jor.br\/site\/#organization"},"image":{"@id":"https:\/\/marcelolopes.jor.br\/site\/2025\/08\/24\/acao-conjunta-das-policias-civil-e-militar-prende-autor-de-furtos\/#primaryimage"},"thumbnailUrl":"https:\/\/marcelolopes.jor.br\/site\/wp-content\/uploads\/2025\/08\/WhatsApp-Image-2025-05-19-at-13.55.32-800x540-1.jpeg","articleSection":["Not\u00edcias"],"inLanguage":"pt-BR","potentialAction":[{"@type":"CommentAction","name":"Comment","target":["https:\/\/marcelolopes.jor.br\/site\/2025\/08\/24\/acao-conjunta-das-policias-civil-e-militar-prende-autor-de-furtos\/#respond"]}]},{"@type":"WebPage","@id":"https:\/\/marcelolopes.jor.br\/site\/2025\/08\/24\/acao-conjunta-das-policias-civil-e-militar-prende-autor-de-furtos\/","url":"https:\/\/marcelolopes.jor.br\/site\/2025\/08\/24\/acao-conjunta-das-policias-civil-e-militar-prende-autor-de-furtos\/","name":"A\u00e7\u00e3o conjunta das pol\u00edcias Civil e Militar prende autor de furtos | Marcelo Lopes","isPartOf":{"@id":"https:\/\/marcelolopes.jor.br\/site\/#website"},"primaryImageOfPage":{"@id":"https:\/\/marcelolopes.jor.br\/site\/2025\/08\/24\/acao-conjunta-das-policias-civil-e-militar-prende-autor-de-furtos\/#primaryimage"},"image":{"@id":"https:\/\/marcelolopes.jor.br\/site\/2025\/08\/24\/acao-conjunta-das-policias-civil-e-militar-prende-autor-de-furtos\/#primaryimage"},"thumbnailUrl":"https:\/\/marcelolopes.jor.br\/site\/wp-content\/uploads\/2025\/08\/WhatsApp-Image-2025-05-19-at-13.55.32-800x540-1.jpeg","datePublished":"2025-08-24T15:00:52+00:00","description":"A\u00e7\u00e3o conjunta das pol\u00edcias civil e militar prende autor de furtos. Homem de 37 anos \u00e9 conhecido no meio policial em Cataguases.","breadcrumb":{"@id":"https:\/\/marcelolopes.jor.br\/site\/2025\/08\/24\/acao-conjunta-das-policias-civil-e-militar-prende-autor-de-furtos\/#breadcrumb"},"inLanguage":"pt-BR","potentialAction":[{"@type":"ReadAction","target":["https:\/\/marcelolopes.jor.br\/site\/2025\/08\/24\/acao-conjunta-das-policias-civil-e-militar-prende-autor-de-furtos\/"]}]},{"@type":"ImageObject","inLanguage":"pt-BR","@id":"https:\/\/marcelolopes.jor.br\/site\/2025\/08\/24\/acao-conjunta-das-policias-civil-e-militar-prende-autor-de-furtos\/#primaryimage","url":"https:\/\/marcelolopes.jor.br\/site\/wp-content\/uploads\/2025\/08\/WhatsApp-Image-2025-05-19-at-13.55.32-800x540-1.jpeg","contentUrl":"https:\/\/marcelolopes.jor.br\/site\/wp-content\/uploads\/2025\/08\/WhatsApp-Image-2025-05-19-at-13.55.32-800x540-1.jpeg","width":800,"height":540,"caption":"A\u00e7\u00e3o conjunta das pol\u00edcias"},{"@type":"BreadcrumbList","@id":"https:\/\/marcelolopes.jor.br\/site\/2025\/08\/24\/acao-conjunta-das-policias-civil-e-militar-prende-autor-de-furtos\/#breadcrumb","itemListElement":[{"@type":"ListItem","position":1,"name":"Home","item":"https:\/\/marcelolopes.jor.br\/site\/"},{"@type":"ListItem","position":2,"name":"A\u00e7\u00e3o conjunta das pol\u00edcias Civil e Militar prende autor de furtos"}]},{"@type":"WebSite","@id":"https:\/\/marcelolopes.jor.br\/site\/#website","url":"https:\/\/marcelolopes.jor.br\/site\/","name":"Marcelo Lopes","description":"Not\u00edcias de Cataguases e Regi\u00e3o","publisher":{"@id":"https:\/\/marcelolopes.jor.br\/site\/#organization"},"potentialAction":[{"@type":"SearchAction","target":{"@type":"EntryPoint","urlTemplate":"https:\/\/marcelolopes.jor.br\/site\/?s={search_term_string}"},"query-input":{"@type":"PropertyValueSpecification","valueRequired":true,"valueName":"search_term_string"}}],"inLanguage":"pt-BR"},{"@type":"Organization","@id":"https:\/\/marcelolopes.jor.br\/site\/#organization","name":"Site do Marcelo Lopes","url":"https:\/\/marcelolopes.jor.br\/site\/","logo":{"@type":"ImageObject","inLanguage":"pt-BR","@id":"https:\/\/marcelolopes.jor.br\/site\/#\/schema\/logo\/image\/","url":"https:\/\/marcelolopes.jor.br\/site\/wp-content\/uploads\/2024\/11\/logo-1.png","contentUrl":"https:\/\/marcelolopes.jor.br\/site\/wp-content\/uploads\/2024\/11\/logo-1.png","width":475,"height":80,"caption":"Site do Marcelo Lopes"},"image":{"@id":"https:\/\/marcelolopes.jor.br\/site\/#\/schema\/logo\/image\/"},"sameAs":["https:\/\/www.facebook.com\/sitedomarcelolopes","https:\/\/www.instagram.com\/sitedomarcelolopes\/","https:\/\/www.linkedin.com\/company\/site-do-marcelo-lopes\/","https:\/\/www.youtube.com\/user\/marcelolopes957"]},{"@type":"Person","@id":"https:\/\/marcelolopes.jor.br\/site\/#\/schema\/person\/3e7216a35c34d8fdf952b31da3d1f89f","name":"Marcelo Lopes","sameAs":["http:\/\/www.marcelolopes.jor.br"],"url":"https:\/\/marcelolopes.jor.br\/site\/author\/marcelo\/"}]}},"wps_subtitle":"Homem de 37 anos \u00e9 conhecido no meio policial em Cataguases.","_links":{"self":[{"href":"https:\/\/marcelolopes.jor.br\/site\/wp-json\/wp\/v2\/posts\/60164","targetHints":{"allow":["GET"]}}],"collection":[{"href":"https:\/\/marcelolopes.jor.br\/site\/wp-json\/wp\/v2\/posts"}],"about":[{"href":"https:\/\/marcelolopes.jor.br\/site\/wp-json\/wp\/v2\/types\/post"}],"author":[{"embeddable":true,"href":"https:\/\/marcelolopes.jor.br\/site\/wp-json\/wp\/v2\/users\/2"}],"replies":[{"embeddable":true,"href":"https:\/\/marcelolopes.jor.br\/site\/wp-json\/wp\/v2\/comments?post=60164"}],"version-history":[{"count":0,"href":"https:\/\/marcelolopes.jor.br\/site\/wp-json\/wp\/v2\/posts\/60164\/revisions"}],"wp:featuredmedia":[{"embeddable":true,"href":"https:\/\/marcelolopes.jor.br\/site\/wp-json\/wp\/v2\/media\/60167"}],"wp:attachment":[{"href":"https:\/\/marcelolopes.jor.br\/site\/wp-json\/wp\/v2\/media?parent=60164"}],"wp:term":[{"taxonomy":"category","embeddable":true,"href":"https:\/\/marcelolopes.jor.br\/site\/wp-json\/wp\/v2\/categories?post=60164"},{"taxonomy":"post_tag","embeddable":true,"href":"https:\/\/marcelolopes.jor.br\/site\/wp-json\/wp\/v2\/tags?post=60164"}],"curies":[{"name":"wp","href":"https:\/\/api.w.org\/{rel}","templated":true}]}}