{"id":60160,"date":"2025-08-24T07:00:51","date_gmt":"2025-08-24T10:00:51","guid":{"rendered":"https:\/\/marcelolopes.jor.br\/?p=60160"},"modified":"2025-11-09T09:12:56","modified_gmt":"2025-11-09T12:12:56","slug":"deputada-federal-ana-pimentel-e-eleita-parlamentar-revelacao","status":"publish","type":"post","link":"https:\/\/marcelolopes.jor.br\/site\/2025\/08\/24\/deputada-federal-ana-pimentel-e-eleita-parlamentar-revelacao\/","title":{"rendered":"Deputada Federal Ana Pimentel \u00e9 eleita Parlamentar Revela\u00e7\u00e3o"},"content":{"rendered":"<p>A deputada federal Ana Pimentel (PT-MG) foi eleita Parlamentar Revela\u00e7\u00e3o no Pr\u00eamio Congresso em Foco 2025, uma das principais homenagens da pol\u00edtica nacional. A premia\u00e7\u00e3o reconhece os congressistas em primeiro mandato que se destacam pela atua\u00e7\u00e3o qualificada no Legislativo, capacidade de articula\u00e7\u00e3o e compromisso com o interesse p\u00fablico.<!--more--><\/p>\n<h4 class=\"p1\"><span class=\"s1\">\ud83d\udcf8\u00a0<span style=\"color: #008000;\">Siga o Site do Marcelo Lopes no<\/span>\u00a0<span style=\"color: #800000;\"><a style=\"color: #800000;\" href=\"https:\/\/www.facebook.com\/sitedomarcelolopes\/\"><strong>Facebook<\/strong><\/a><\/span>\u00a0<span style=\"color: #008000;\">e no<\/span>\u00a0<span style=\"color: #800000;\"><strong><a style=\"color: #800000;\" href=\"https:\/\/www.instagram.com\/sitedomarcelolopes\/\">Instagram<\/a><\/strong><\/span><\/span><\/h4>\n<h4 class=\"p1\">\ud83d\udcf1<span style=\"color: #008000;\">Participe do grupo de<\/span>\u00a0<span style=\"color: #800000;\"><a style=\"color: #800000;\" href=\"https:\/\/chat.whatsapp.com\/BibzcI1ibYSKytbdyzubLA\"><strong>WhatsApp<\/strong><\/a><\/span> <span style=\"color: #008000;\">do Site do Marcelo Lopes<\/span><\/h4>\n<p>Ao lado da deputada Any Ortiz (Cidadania-RS) e do deputado Mauricio Carvalho (Uni\u00e3o-RO), Ana Pimentel recebeu o reconhecimento do j\u00fari t\u00e9cnico, composto por representantes do terceiro setor, da academia, dos trabalhadores, do empresariado e do pr\u00f3prio Congresso em Foco. A diversidade dos avaliadores assegura credibilidade e pluralidade \u00e0 escolha.<\/p>\n<p>A cerim\u00f4nia ocorreu na quarta-feira, 20 de agosto, no Teatro Nacional Claudio Santoro, em Bras\u00edlia, com transmiss\u00e3o ao vivo.<\/p>\n<blockquote><p>\u201cEste t\u00edtulo mostra o reconhecimento da pol\u00edtica que fazemos: com di\u00e1logo e responsabilidade, em defesa dos interesses da popula\u00e7\u00e3o e da democracia do pa\u00eds\u201d, afirma a Ana Pimentel.<\/p><\/blockquote>\n<p>O Pr\u00eamio Congresso em Foco \u00e9 considerado um dos mais respeitados do cen\u00e1rio pol\u00edtico nacional, funcionando como uma vitrine da boa pr\u00e1tica parlamentar. Criado em 2006, destaca parlamentares que se sobressaem de forma positiva em um ambiente muitas vezes marcado por descr\u00e9dito e desconfian\u00e7a.<\/p>\n<p>A deputada mant\u00e9m uma rela\u00e7\u00e3o muito pr\u00f3xima com Cataguases j\u00e1 tendo enviado muitos recursos por meio de suas emendas como descrito abaixo:<\/p>\n<p>\ud83d\udc49\ud83c\udffb Restaurante Popular &#8211; R$500 mil (2024)<\/p>\n<p>\ud83d\udc49\ud83c\udffb Constru\u00e7\u00e3o da nova UBS no Bairro Justino &#8211; R$ 2 milh\u00f5es (2024)<\/p>\n<p>\ud83d\udc49\ud83c\udffb Destina\u00e7\u00e3o de R$ 160 mil para a Secretaria Municipal de Sa\u00fade, que foi utilizado na compra de insumos para aplica\u00e7\u00e3o de mais de 300 DIU`s em programa realizado pela m\u00e9dica Maria \u00c2ngela Girardi. (2024)<\/p>\n<p>Para este ano Ana Pimentel j\u00e1 indicou R$ 400 mil para a Preifeitura de Cataguases para custeio do Atendimento \u00e0 Aten\u00e7\u00e3o Prim\u00e1ria \u00e0 Sa\u00fade. Al\u00e9m disso, articulou junto ao governo federal, atrav\u00e9s do Novo PAC Sele\u00e7\u00f5es, destinar para Cataguases equipamentos para a UBS em constru\u00e7\u00e3o em uma parceria com a vereadora Cristina Santos e a professora Val\u00e9ria Dias.<\/p>\n<p><strong>OUTRAS NOT\u00cdCIAS<\/strong><br \/>\n<a href=\"https:\/\/marcelolopes.jor.br\/2024\/06\/09\/ana-pimentel-anuncia-recursos-para-construcao-de-creche-em-sereno\/\"><strong><span style=\"color: #800000;\">Ana Pimentel anuncia recursos para constru\u00e7\u00e3o de creche em Sereno<\/span><\/strong><\/a><\/p>\n<p><a href=\"https:\/\/marcelolopes.jor.br\/2023\/06\/30\/deputada-federal-ana-pimentel-doa-78-computadores-para-escolas-municipais\/\"><strong><span style=\"color: #800000;\">Deputada Federal Ana Pimentel doa 78 computadores para escolas municipais<\/span><\/strong><\/a><\/p>\n<p>Fonte e foto: Gabinete Ana Pimentel<\/p>\n<div class=\"xresh69f763267db92\" ><br><\/div><style type=\"text\/css\">\r\n@media screen and (min-width: 1201px) {\r\n.xresh69f763267db92 {\r\ndisplay: block;\r\n}\r\n}\r\n@media screen and (min-width: 993px) and (max-width: 1200px) {\r\n.xresh69f763267db92 {\r\ndisplay: block;\r\n}\r\n}\r\n@media screen and (min-width: 769px) and (max-width: 992px) {\r\n.xresh69f763267db92 {\r\ndisplay: block;\r\n}\r\n}\r\n@media screen and (min-width: 768px) and (max-width: 768px) {\r\n.xresh69f763267db92 {\r\ndisplay: block;\r\n}\r\n}\r\n@media screen and (max-width: 767px) {\r\n.xresh69f763267db92 {\r\ndisplay: block;\r\n}\r\n}\r\n<\/style>\r\n<div class=\"lynml69f76326843a4\" ><div id=\"div_destino\"><\/div>\r\n<script src=\"https:\/\/cdn.snsrsv.com\/sdk.js\"><\/script>\r\n<script >\r\n      new sdk(\"464030C30061EA8BE065000000000001\") \r\n          .appendTo(\"div_destino\")\r\n          .disableStyle(true) \r\n          .setCacheBusterMacro(\"%%CACHEBUSTER%%\")\r\n          .setSize(\"800\",\"214\")\r\n          .setClickMacro(\"%%CLICK_URL_ESC%%\") \r\n          .setReferrerUrlMacro(\"%%REFERRER_URL_ESC%%\") \r\n          .start(); \r\n<\/script><\/div><style type=\"text\/css\">\r\n@media screen and (min-width: 1201px) {\r\n.lynml69f76326843a4 {\r\ndisplay: block;\r\n}\r\n}\r\n@media screen and (min-width: 993px) and (max-width: 1200px) {\r\n.lynml69f76326843a4 {\r\ndisplay: block;\r\n}\r\n}\r\n@media screen and (min-width: 769px) and (max-width: 992px) {\r\n.lynml69f76326843a4 {\r\ndisplay: block;\r\n}\r\n}\r\n@media screen and (min-width: 768px) and (max-width: 768px) {\r\n.lynml69f76326843a4 {\r\ndisplay: block;\r\n}\r\n}\r\n@media screen and (max-width: 767px) {\r\n.lynml69f76326843a4 {\r\ndisplay: block;\r\n}\r\n}\r\n<\/style>\r\n","protected":false},"excerpt":{"rendered":"<p>A deputada federal Ana Pimentel (PT-MG) foi eleita Parlamentar Revela\u00e7\u00e3o no Pr\u00eamio Congresso em Foco 2025, uma das principais homenagens da pol\u00edtica nacional. A premia\u00e7\u00e3o reconhece os congressistas em primeiro mandato que se destacam pela atua\u00e7\u00e3o qualificada no Legislativo, capacidade<\/p>\n<p class=\"link-more\"><a class=\"more-link\" href=\"https:\/\/marcelolopes.jor.br\/site\/2025\/08\/24\/deputada-federal-ana-pimentel-e-eleita-parlamentar-revelacao\/\">Leia mais <span class=\"screen-reader-text\">Deputada Federal Ana Pimentel \u00e9 eleita Parlamentar Revela\u00e7\u00e3o<\/span><\/a><\/p>\n","protected":false},"author":2,"featured_media":60162,"comment_status":"open","ping_status":"closed","sticky":false,"template":"","format":"standard","meta":{"footnotes":""},"categories":[1],"tags":[],"class_list":["post-60160","post","type-post","status-publish","format-standard","has-post-thumbnail","hentry","category-noticias","thumb-below-title"],"yoast_head":"<!-- This site is optimized with the Yoast SEO plugin v27.4 - https:\/\/yoast.com\/product\/yoast-seo-wordpress\/ -->\n<title>Deputada Federal Ana Pimentel \u00e9 eleita Parlamentar Revela\u00e7\u00e3o | Marcelo Lopes<\/title>\n<meta name=\"description\" content=\"Deputada Federal Ana Pimentel \u00e9 eleita parlamentar revela\u00e7\u00e3o. Elei\u00e7\u00e3o \u00e9 promovida pelo site Congresso em Foco e realizada por j\u00fari t\u00e9cnico.\" \/>\n<meta name=\"robots\" content=\"index, follow, max-snippet:-1, max-image-preview:large, max-video-preview:-1\" \/>\n<link rel=\"canonical\" href=\"https:\/\/marcelolopes.jor.br\/site\/2025\/08\/24\/deputada-federal-ana-pimentel-e-eleita-parlamentar-revelacao\/\" \/>\n<meta property=\"og:locale\" content=\"pt_BR\" \/>\n<meta property=\"og:type\" content=\"article\" \/>\n<meta property=\"og:title\" content=\"Deputada Federal Ana Pimentel \u00e9 eleita Parlamentar Revela\u00e7\u00e3o | Marcelo Lopes\" \/>\n<meta property=\"og:description\" content=\"Deputada Federal Ana Pimentel \u00e9 eleita parlamentar revela\u00e7\u00e3o. Elei\u00e7\u00e3o \u00e9 promovida pelo site Congresso em Foco e realizada por j\u00fari t\u00e9cnico.\" \/>\n<meta property=\"og:url\" content=\"https:\/\/marcelolopes.jor.br\/site\/2025\/08\/24\/deputada-federal-ana-pimentel-e-eleita-parlamentar-revelacao\/\" \/>\n<meta property=\"og:site_name\" content=\"Marcelo Lopes\" \/>\n<meta property=\"article:publisher\" content=\"https:\/\/www.facebook.com\/sitedomarcelolopes\" \/>\n<meta property=\"article:published_time\" content=\"2025-08-24T10:00:51+00:00\" \/>\n<meta property=\"article:modified_time\" content=\"2025-11-09T12:12:56+00:00\" \/>\n<meta property=\"og:image\" content=\"https:\/\/marcelolopes.jor.br\/site\/wp-content\/uploads\/2025\/08\/Ana.jpeg\" \/>\n\t<meta property=\"og:image:width\" content=\"1280\" \/>\n\t<meta property=\"og:image:height\" content=\"852\" \/>\n\t<meta property=\"og:image:type\" content=\"image\/jpeg\" \/>\n<meta name=\"author\" content=\"Marcelo Lopes\" \/>\n<meta name=\"twitter:card\" content=\"summary_large_image\" \/>\n<meta name=\"twitter:label1\" content=\"Escrito por\" \/>\n\t<meta name=\"twitter:data1\" content=\"Marcelo Lopes\" \/>\n\t<meta name=\"twitter:label2\" content=\"Est. tempo de leitura\" \/>\n\t<meta name=\"twitter:data2\" content=\"2 minutos\" \/>\n<script type=\"application\/ld+json\" class=\"yoast-schema-graph\">{\"@context\":\"https:\\\/\\\/schema.org\",\"@graph\":[{\"@type\":\"NewsArticle\",\"@id\":\"https:\\\/\\\/marcelolopes.jor.br\\\/site\\\/2025\\\/08\\\/24\\\/deputada-federal-ana-pimentel-e-eleita-parlamentar-revelacao\\\/#article\",\"isPartOf\":{\"@id\":\"https:\\\/\\\/marcelolopes.jor.br\\\/site\\\/2025\\\/08\\\/24\\\/deputada-federal-ana-pimentel-e-eleita-parlamentar-revelacao\\\/\"},\"author\":{\"name\":\"Marcelo Lopes\",\"@id\":\"https:\\\/\\\/marcelolopes.jor.br\\\/site\\\/#\\\/schema\\\/person\\\/3e7216a35c34d8fdf952b31da3d1f89f\"},\"headline\":\"Deputada Federal Ana Pimentel \u00e9 eleita Parlamentar Revela\u00e7\u00e3o\",\"datePublished\":\"2025-08-24T10:00:51+00:00\",\"dateModified\":\"2025-11-09T12:12:56+00:00\",\"mainEntityOfPage\":{\"@id\":\"https:\\\/\\\/marcelolopes.jor.br\\\/site\\\/2025\\\/08\\\/24\\\/deputada-federal-ana-pimentel-e-eleita-parlamentar-revelacao\\\/\"},\"wordCount\":407,\"commentCount\":0,\"publisher\":{\"@id\":\"https:\\\/\\\/marcelolopes.jor.br\\\/site\\\/#organization\"},\"image\":{\"@id\":\"https:\\\/\\\/marcelolopes.jor.br\\\/site\\\/2025\\\/08\\\/24\\\/deputada-federal-ana-pimentel-e-eleita-parlamentar-revelacao\\\/#primaryimage\"},\"thumbnailUrl\":\"https:\\\/\\\/marcelolopes.jor.br\\\/site\\\/wp-content\\\/uploads\\\/2025\\\/08\\\/Ana.jpeg\",\"articleSection\":[\"Not\u00edcias\"],\"inLanguage\":\"pt-BR\",\"potentialAction\":[{\"@type\":\"CommentAction\",\"name\":\"Comment\",\"target\":[\"https:\\\/\\\/marcelolopes.jor.br\\\/site\\\/2025\\\/08\\\/24\\\/deputada-federal-ana-pimentel-e-eleita-parlamentar-revelacao\\\/#respond\"]}]},{\"@type\":\"WebPage\",\"@id\":\"https:\\\/\\\/marcelolopes.jor.br\\\/site\\\/2025\\\/08\\\/24\\\/deputada-federal-ana-pimentel-e-eleita-parlamentar-revelacao\\\/\",\"url\":\"https:\\\/\\\/marcelolopes.jor.br\\\/site\\\/2025\\\/08\\\/24\\\/deputada-federal-ana-pimentel-e-eleita-parlamentar-revelacao\\\/\",\"name\":\"Deputada Federal Ana Pimentel \u00e9 eleita Parlamentar Revela\u00e7\u00e3o | Marcelo Lopes\",\"isPartOf\":{\"@id\":\"https:\\\/\\\/marcelolopes.jor.br\\\/site\\\/#website\"},\"primaryImageOfPage\":{\"@id\":\"https:\\\/\\\/marcelolopes.jor.br\\\/site\\\/2025\\\/08\\\/24\\\/deputada-federal-ana-pimentel-e-eleita-parlamentar-revelacao\\\/#primaryimage\"},\"image\":{\"@id\":\"https:\\\/\\\/marcelolopes.jor.br\\\/site\\\/2025\\\/08\\\/24\\\/deputada-federal-ana-pimentel-e-eleita-parlamentar-revelacao\\\/#primaryimage\"},\"thumbnailUrl\":\"https:\\\/\\\/marcelolopes.jor.br\\\/site\\\/wp-content\\\/uploads\\\/2025\\\/08\\\/Ana.jpeg\",\"datePublished\":\"2025-08-24T10:00:51+00:00\",\"dateModified\":\"2025-11-09T12:12:56+00:00\",\"description\":\"Deputada Federal Ana Pimentel \u00e9 eleita parlamentar revela\u00e7\u00e3o. Elei\u00e7\u00e3o \u00e9 promovida pelo site Congresso em Foco e realizada por j\u00fari t\u00e9cnico.\",\"breadcrumb\":{\"@id\":\"https:\\\/\\\/marcelolopes.jor.br\\\/site\\\/2025\\\/08\\\/24\\\/deputada-federal-ana-pimentel-e-eleita-parlamentar-revelacao\\\/#breadcrumb\"},\"inLanguage\":\"pt-BR\",\"potentialAction\":[{\"@type\":\"ReadAction\",\"target\":[\"https:\\\/\\\/marcelolopes.jor.br\\\/site\\\/2025\\\/08\\\/24\\\/deputada-federal-ana-pimentel-e-eleita-parlamentar-revelacao\\\/\"]}]},{\"@type\":\"ImageObject\",\"inLanguage\":\"pt-BR\",\"@id\":\"https:\\\/\\\/marcelolopes.jor.br\\\/site\\\/2025\\\/08\\\/24\\\/deputada-federal-ana-pimentel-e-eleita-parlamentar-revelacao\\\/#primaryimage\",\"url\":\"https:\\\/\\\/marcelolopes.jor.br\\\/site\\\/wp-content\\\/uploads\\\/2025\\\/08\\\/Ana.jpeg\",\"contentUrl\":\"https:\\\/\\\/marcelolopes.jor.br\\\/site\\\/wp-content\\\/uploads\\\/2025\\\/08\\\/Ana.jpeg\",\"width\":1280,\"height\":852,\"caption\":\"Deputada Federal Ana Pimentel\"},{\"@type\":\"BreadcrumbList\",\"@id\":\"https:\\\/\\\/marcelolopes.jor.br\\\/site\\\/2025\\\/08\\\/24\\\/deputada-federal-ana-pimentel-e-eleita-parlamentar-revelacao\\\/#breadcrumb\",\"itemListElement\":[{\"@type\":\"ListItem\",\"position\":1,\"name\":\"Home\",\"item\":\"https:\\\/\\\/marcelolopes.jor.br\\\/site\\\/\"},{\"@type\":\"ListItem\",\"position\":2,\"name\":\"Deputada Federal Ana Pimentel \u00e9 eleita Parlamentar Revela\u00e7\u00e3o\"}]},{\"@type\":\"WebSite\",\"@id\":\"https:\\\/\\\/marcelolopes.jor.br\\\/site\\\/#website\",\"url\":\"https:\\\/\\\/marcelolopes.jor.br\\\/site\\\/\",\"name\":\"Marcelo Lopes\",\"description\":\"Not\u00edcias de Cataguases e Regi\u00e3o\",\"publisher\":{\"@id\":\"https:\\\/\\\/marcelolopes.jor.br\\\/site\\\/#organization\"},\"potentialAction\":[{\"@type\":\"SearchAction\",\"target\":{\"@type\":\"EntryPoint\",\"urlTemplate\":\"https:\\\/\\\/marcelolopes.jor.br\\\/site\\\/?s={search_term_string}\"},\"query-input\":{\"@type\":\"PropertyValueSpecification\",\"valueRequired\":true,\"valueName\":\"search_term_string\"}}],\"inLanguage\":\"pt-BR\"},{\"@type\":\"Organization\",\"@id\":\"https:\\\/\\\/marcelolopes.jor.br\\\/site\\\/#organization\",\"name\":\"Site do Marcelo Lopes\",\"url\":\"https:\\\/\\\/marcelolopes.jor.br\\\/site\\\/\",\"logo\":{\"@type\":\"ImageObject\",\"inLanguage\":\"pt-BR\",\"@id\":\"https:\\\/\\\/marcelolopes.jor.br\\\/site\\\/#\\\/schema\\\/logo\\\/image\\\/\",\"url\":\"https:\\\/\\\/marcelolopes.jor.br\\\/site\\\/wp-content\\\/uploads\\\/2024\\\/11\\\/logo-1.png\",\"contentUrl\":\"https:\\\/\\\/marcelolopes.jor.br\\\/site\\\/wp-content\\\/uploads\\\/2024\\\/11\\\/logo-1.png\",\"width\":475,\"height\":80,\"caption\":\"Site do Marcelo Lopes\"},\"image\":{\"@id\":\"https:\\\/\\\/marcelolopes.jor.br\\\/site\\\/#\\\/schema\\\/logo\\\/image\\\/\"},\"sameAs\":[\"https:\\\/\\\/www.facebook.com\\\/sitedomarcelolopes\",\"https:\\\/\\\/www.instagram.com\\\/sitedomarcelolopes\\\/\",\"https:\\\/\\\/www.linkedin.com\\\/company\\\/site-do-marcelo-lopes\\\/\",\"https:\\\/\\\/www.youtube.com\\\/user\\\/marcelolopes957\"]},{\"@type\":\"Person\",\"@id\":\"https:\\\/\\\/marcelolopes.jor.br\\\/site\\\/#\\\/schema\\\/person\\\/3e7216a35c34d8fdf952b31da3d1f89f\",\"name\":\"Marcelo Lopes\",\"sameAs\":[\"http:\\\/\\\/www.marcelolopes.jor.br\"],\"url\":\"https:\\\/\\\/marcelolopes.jor.br\\\/site\\\/author\\\/marcelo\\\/\"}]}<\/script>\n<!-- \/ Yoast SEO plugin. -->","yoast_head_json":{"title":"Deputada Federal Ana Pimentel \u00e9 eleita Parlamentar Revela\u00e7\u00e3o | Marcelo Lopes","description":"Deputada Federal Ana Pimentel \u00e9 eleita parlamentar revela\u00e7\u00e3o. Elei\u00e7\u00e3o \u00e9 promovida pelo site Congresso em Foco e realizada por j\u00fari t\u00e9cnico.","robots":{"index":"index","follow":"follow","max-snippet":"max-snippet:-1","max-image-preview":"max-image-preview:large","max-video-preview":"max-video-preview:-1"},"canonical":"https:\/\/marcelolopes.jor.br\/site\/2025\/08\/24\/deputada-federal-ana-pimentel-e-eleita-parlamentar-revelacao\/","og_locale":"pt_BR","og_type":"article","og_title":"Deputada Federal Ana Pimentel \u00e9 eleita Parlamentar Revela\u00e7\u00e3o | Marcelo Lopes","og_description":"Deputada Federal Ana Pimentel \u00e9 eleita parlamentar revela\u00e7\u00e3o. Elei\u00e7\u00e3o \u00e9 promovida pelo site Congresso em Foco e realizada por j\u00fari t\u00e9cnico.","og_url":"https:\/\/marcelolopes.jor.br\/site\/2025\/08\/24\/deputada-federal-ana-pimentel-e-eleita-parlamentar-revelacao\/","og_site_name":"Marcelo Lopes","article_publisher":"https:\/\/www.facebook.com\/sitedomarcelolopes","article_published_time":"2025-08-24T10:00:51+00:00","article_modified_time":"2025-11-09T12:12:56+00:00","og_image":[{"width":1280,"height":852,"url":"https:\/\/marcelolopes.jor.br\/site\/wp-content\/uploads\/2025\/08\/Ana.jpeg","type":"image\/jpeg"}],"author":"Marcelo Lopes","twitter_card":"summary_large_image","twitter_misc":{"Escrito por":"Marcelo Lopes","Est. tempo de leitura":"2 minutos"},"schema":{"@context":"https:\/\/schema.org","@graph":[{"@type":"NewsArticle","@id":"https:\/\/marcelolopes.jor.br\/site\/2025\/08\/24\/deputada-federal-ana-pimentel-e-eleita-parlamentar-revelacao\/#article","isPartOf":{"@id":"https:\/\/marcelolopes.jor.br\/site\/2025\/08\/24\/deputada-federal-ana-pimentel-e-eleita-parlamentar-revelacao\/"},"author":{"name":"Marcelo Lopes","@id":"https:\/\/marcelolopes.jor.br\/site\/#\/schema\/person\/3e7216a35c34d8fdf952b31da3d1f89f"},"headline":"Deputada Federal Ana Pimentel \u00e9 eleita Parlamentar Revela\u00e7\u00e3o","datePublished":"2025-08-24T10:00:51+00:00","dateModified":"2025-11-09T12:12:56+00:00","mainEntityOfPage":{"@id":"https:\/\/marcelolopes.jor.br\/site\/2025\/08\/24\/deputada-federal-ana-pimentel-e-eleita-parlamentar-revelacao\/"},"wordCount":407,"commentCount":0,"publisher":{"@id":"https:\/\/marcelolopes.jor.br\/site\/#organization"},"image":{"@id":"https:\/\/marcelolopes.jor.br\/site\/2025\/08\/24\/deputada-federal-ana-pimentel-e-eleita-parlamentar-revelacao\/#primaryimage"},"thumbnailUrl":"https:\/\/marcelolopes.jor.br\/site\/wp-content\/uploads\/2025\/08\/Ana.jpeg","articleSection":["Not\u00edcias"],"inLanguage":"pt-BR","potentialAction":[{"@type":"CommentAction","name":"Comment","target":["https:\/\/marcelolopes.jor.br\/site\/2025\/08\/24\/deputada-federal-ana-pimentel-e-eleita-parlamentar-revelacao\/#respond"]}]},{"@type":"WebPage","@id":"https:\/\/marcelolopes.jor.br\/site\/2025\/08\/24\/deputada-federal-ana-pimentel-e-eleita-parlamentar-revelacao\/","url":"https:\/\/marcelolopes.jor.br\/site\/2025\/08\/24\/deputada-federal-ana-pimentel-e-eleita-parlamentar-revelacao\/","name":"Deputada Federal Ana Pimentel \u00e9 eleita Parlamentar Revela\u00e7\u00e3o | Marcelo Lopes","isPartOf":{"@id":"https:\/\/marcelolopes.jor.br\/site\/#website"},"primaryImageOfPage":{"@id":"https:\/\/marcelolopes.jor.br\/site\/2025\/08\/24\/deputada-federal-ana-pimentel-e-eleita-parlamentar-revelacao\/#primaryimage"},"image":{"@id":"https:\/\/marcelolopes.jor.br\/site\/2025\/08\/24\/deputada-federal-ana-pimentel-e-eleita-parlamentar-revelacao\/#primaryimage"},"thumbnailUrl":"https:\/\/marcelolopes.jor.br\/site\/wp-content\/uploads\/2025\/08\/Ana.jpeg","datePublished":"2025-08-24T10:00:51+00:00","dateModified":"2025-11-09T12:12:56+00:00","description":"Deputada Federal Ana Pimentel \u00e9 eleita parlamentar revela\u00e7\u00e3o. Elei\u00e7\u00e3o \u00e9 promovida pelo site Congresso em Foco e realizada por j\u00fari t\u00e9cnico.","breadcrumb":{"@id":"https:\/\/marcelolopes.jor.br\/site\/2025\/08\/24\/deputada-federal-ana-pimentel-e-eleita-parlamentar-revelacao\/#breadcrumb"},"inLanguage":"pt-BR","potentialAction":[{"@type":"ReadAction","target":["https:\/\/marcelolopes.jor.br\/site\/2025\/08\/24\/deputada-federal-ana-pimentel-e-eleita-parlamentar-revelacao\/"]}]},{"@type":"ImageObject","inLanguage":"pt-BR","@id":"https:\/\/marcelolopes.jor.br\/site\/2025\/08\/24\/deputada-federal-ana-pimentel-e-eleita-parlamentar-revelacao\/#primaryimage","url":"https:\/\/marcelolopes.jor.br\/site\/wp-content\/uploads\/2025\/08\/Ana.jpeg","contentUrl":"https:\/\/marcelolopes.jor.br\/site\/wp-content\/uploads\/2025\/08\/Ana.jpeg","width":1280,"height":852,"caption":"Deputada Federal Ana Pimentel"},{"@type":"BreadcrumbList","@id":"https:\/\/marcelolopes.jor.br\/site\/2025\/08\/24\/deputada-federal-ana-pimentel-e-eleita-parlamentar-revelacao\/#breadcrumb","itemListElement":[{"@type":"ListItem","position":1,"name":"Home","item":"https:\/\/marcelolopes.jor.br\/site\/"},{"@type":"ListItem","position":2,"name":"Deputada Federal Ana Pimentel \u00e9 eleita Parlamentar Revela\u00e7\u00e3o"}]},{"@type":"WebSite","@id":"https:\/\/marcelolopes.jor.br\/site\/#website","url":"https:\/\/marcelolopes.jor.br\/site\/","name":"Marcelo Lopes","description":"Not\u00edcias de Cataguases e Regi\u00e3o","publisher":{"@id":"https:\/\/marcelolopes.jor.br\/site\/#organization"},"potentialAction":[{"@type":"SearchAction","target":{"@type":"EntryPoint","urlTemplate":"https:\/\/marcelolopes.jor.br\/site\/?s={search_term_string}"},"query-input":{"@type":"PropertyValueSpecification","valueRequired":true,"valueName":"search_term_string"}}],"inLanguage":"pt-BR"},{"@type":"Organization","@id":"https:\/\/marcelolopes.jor.br\/site\/#organization","name":"Site do Marcelo Lopes","url":"https:\/\/marcelolopes.jor.br\/site\/","logo":{"@type":"ImageObject","inLanguage":"pt-BR","@id":"https:\/\/marcelolopes.jor.br\/site\/#\/schema\/logo\/image\/","url":"https:\/\/marcelolopes.jor.br\/site\/wp-content\/uploads\/2024\/11\/logo-1.png","contentUrl":"https:\/\/marcelolopes.jor.br\/site\/wp-content\/uploads\/2024\/11\/logo-1.png","width":475,"height":80,"caption":"Site do Marcelo Lopes"},"image":{"@id":"https:\/\/marcelolopes.jor.br\/site\/#\/schema\/logo\/image\/"},"sameAs":["https:\/\/www.facebook.com\/sitedomarcelolopes","https:\/\/www.instagram.com\/sitedomarcelolopes\/","https:\/\/www.linkedin.com\/company\/site-do-marcelo-lopes\/","https:\/\/www.youtube.com\/user\/marcelolopes957"]},{"@type":"Person","@id":"https:\/\/marcelolopes.jor.br\/site\/#\/schema\/person\/3e7216a35c34d8fdf952b31da3d1f89f","name":"Marcelo Lopes","sameAs":["http:\/\/www.marcelolopes.jor.br"],"url":"https:\/\/marcelolopes.jor.br\/site\/author\/marcelo\/"}]}},"wps_subtitle":"Elei\u00e7\u00e3o \u00e9 promovida pelo site Congresso em Foco e realizada por j\u00fari t\u00e9cnico.","_links":{"self":[{"href":"https:\/\/marcelolopes.jor.br\/site\/wp-json\/wp\/v2\/posts\/60160","targetHints":{"allow":["GET"]}}],"collection":[{"href":"https:\/\/marcelolopes.jor.br\/site\/wp-json\/wp\/v2\/posts"}],"about":[{"href":"https:\/\/marcelolopes.jor.br\/site\/wp-json\/wp\/v2\/types\/post"}],"author":[{"embeddable":true,"href":"https:\/\/marcelolopes.jor.br\/site\/wp-json\/wp\/v2\/users\/2"}],"replies":[{"embeddable":true,"href":"https:\/\/marcelolopes.jor.br\/site\/wp-json\/wp\/v2\/comments?post=60160"}],"version-history":[{"count":0,"href":"https:\/\/marcelolopes.jor.br\/site\/wp-json\/wp\/v2\/posts\/60160\/revisions"}],"wp:featuredmedia":[{"embeddable":true,"href":"https:\/\/marcelolopes.jor.br\/site\/wp-json\/wp\/v2\/media\/60162"}],"wp:attachment":[{"href":"https:\/\/marcelolopes.jor.br\/site\/wp-json\/wp\/v2\/media?parent=60160"}],"wp:term":[{"taxonomy":"category","embeddable":true,"href":"https:\/\/marcelolopes.jor.br\/site\/wp-json\/wp\/v2\/categories?post=60160"},{"taxonomy":"post_tag","embeddable":true,"href":"https:\/\/marcelolopes.jor.br\/site\/wp-json\/wp\/v2\/tags?post=60160"}],"curies":[{"name":"wp","href":"https:\/\/api.w.org\/{rel}","templated":true}]}}