{"id":60154,"date":"2025-08-23T19:00:32","date_gmt":"2025-08-23T22:00:32","guid":{"rendered":"https:\/\/marcelolopes.jor.br\/?p=60154"},"modified":"2025-08-23T14:42:49","modified_gmt":"2025-08-23T17:42:49","slug":"dois-morrem-em-troca-de-tiro-com-a-pm-em-alem-paraiba","status":"publish","type":"post","link":"https:\/\/marcelolopes.jor.br\/site\/2025\/08\/23\/dois-morrem-em-troca-de-tiro-com-a-pm-em-alem-paraiba\/","title":{"rendered":"Dois morrem em troca de tiro com a PM em Al\u00e9m Para\u00edba"},"content":{"rendered":"<p>Na tarde desta sexta-feira, 22 de agosto, uma opera\u00e7\u00e3o da Pol\u00edcia Militar em Al\u00e9m Para\u00edba, no bairro Goiabal, terminou em confronto com criminosos ligados a uma fac\u00e7\u00e3o criminosa.<!--more--><\/p>\n<h4 class=\"p1\"><span class=\"s1\">\ud83d\udcf8\u00a0<span style=\"color: #008000;\">Siga o Site do Marcelo Lopes no<\/span>\u00a0<span style=\"color: #800000;\"><a style=\"color: #800000;\" href=\"https:\/\/www.facebook.com\/sitedomarcelolopes\/\"><strong>Facebook<\/strong><\/a><\/span>\u00a0<span style=\"color: #008000;\">e no<\/span>\u00a0<span style=\"color: #800000;\"><strong><a style=\"color: #800000;\" href=\"https:\/\/www.instagram.com\/sitedomarcelolopes\/\">Instagram<\/a><\/strong><\/span><\/span><\/h4>\n<h4 class=\"p1\">\ud83d\udcf1<span style=\"color: #008000;\">Participe do grupo de<\/span>\u00a0<span style=\"color: #800000;\"><a style=\"color: #800000;\" href=\"https:\/\/chat.whatsapp.com\/BibzcI1ibYSKytbdyzubLA\"><strong>WhatsApp<\/strong><\/a><\/span> <span style=\"color: #008000;\">do Site do Marcelo Lopes<\/span><\/h4>\n<p>De acordo com a corpora\u00e7\u00e3o, durante a a\u00e7\u00e3o, dois indiv\u00edduos, identificados como membros do Comando Vermelho (CV), reagiram \u00e0 abordagem policial e optaram pelo confronto. As guarni\u00e7\u00f5es revidaram \u00e0 agress\u00e3o, e os dois homens foram alvejados e n\u00e3o resistiram aos ferimentos, vindo a \u00f3bito no local. Um deles era considerado alvo priorit\u00e1rio pelas for\u00e7as de seguran\u00e7a.<\/p>\n<p>Ainda no decorrer da opera\u00e7\u00e3o, outros dois suspeitos, tamb\u00e9m ligados \u00e0 mesma fac\u00e7\u00e3o, foram presos. As equipes da ROTAM e do Servi\u00e7o de Intelig\u00eancia da PM realizaram uma expressiva apreens\u00e3o de drogas, armas e materiais utilizados no tr\u00e1fico, descritos abaixo.<\/p>\n<p>\u25aa\ufe0e 1 pistola Taurus calibre 9mm<br \/>\n\u25aa\ufe0e 1 pistola Colt 1902 calibre 9mm<br \/>\n\u25aa\ufe0e 1 pistola Taurus calibre .765<br \/>\n\u25aa\ufe0e 25 cartuchos intactos calibre 9mm<br \/>\n\u25aa\ufe0e 8 cartuchos intactos calibre .32<br \/>\n\u25aa\ufe0e 5.808 pinos de coca\u00edna<br \/>\n\u25aa\ufe0e 2.011 por\u00e7\u00f5es de maconha<br \/>\n\u25aa\ufe0e 837 pedras de crack<br \/>\n\u25aa\ufe0e R$ 492,00 em dinheiro<br \/>\n\u25aa\ufe0e3 r\u00e1dios comunicadores<br \/>\n\u25aa\ufe0e 1 balan\u00e7a de precis\u00e3o<\/p>\n<p>A identidade dos mortos n\u00e3o foi revelada nem a idade dos outros presos. Ao final da ocorr\u00eancia, os presos e o material apreendido foram encaminhados para a Delegacia de Pol\u00edcia Civil de Leopoldina, onde o caso foi registrado.<\/p>\n<p><strong>OUTRAS NOT\u00cdCIAS<\/strong><br \/>\n<a href=\"https:\/\/marcelolopes.jor.br\/2025\/08\/18\/pcmg-flagra-recebimento-de-drogas-nos-correios-de-alem-paraiba\/\"><strong><span style=\"color: #800000;\">PCMG flagra recebimento de drogas nos Correios de Al\u00e9m Para\u00edba<\/span><\/strong><\/a><\/p>\n<p><a href=\"https:\/\/marcelolopes.jor.br\/2025\/08\/14\/preso-suspeito-de-homicidio-por-conflitos-entre-faccoes-em-alem-paraiba\/\"><strong><span style=\"color: #800000;\">Preso suspeito de homic\u00eddio por conflitos entre fac\u00e7\u00f5es em Al\u00e9m Para\u00edba<\/span><\/strong><\/a><\/p>\n<p>Fonte e foto: PMMG<\/p>\n<div class=\"exkgx69f7798c20f80\" ><br><\/div><style type=\"text\/css\">\r\n@media screen and (min-width: 1201px) {\r\n.exkgx69f7798c20f80 {\r\ndisplay: block;\r\n}\r\n}\r\n@media screen and (min-width: 993px) and (max-width: 1200px) {\r\n.exkgx69f7798c20f80 {\r\ndisplay: block;\r\n}\r\n}\r\n@media screen and (min-width: 769px) and (max-width: 992px) {\r\n.exkgx69f7798c20f80 {\r\ndisplay: block;\r\n}\r\n}\r\n@media screen and (min-width: 768px) and (max-width: 768px) {\r\n.exkgx69f7798c20f80 {\r\ndisplay: block;\r\n}\r\n}\r\n@media screen and (max-width: 767px) {\r\n.exkgx69f7798c20f80 {\r\ndisplay: block;\r\n}\r\n}\r\n<\/style>\r\n<div class=\"nnxig69f7798c264b0\" ><div id=\"div_destino\"><\/div>\r\n<script src=\"https:\/\/cdn.snsrsv.com\/sdk.js\"><\/script>\r\n<script >\r\n      new sdk(\"464030C30061EA8BE065000000000001\") \r\n          .appendTo(\"div_destino\")\r\n          .disableStyle(true) \r\n          .setCacheBusterMacro(\"%%CACHEBUSTER%%\")\r\n          .setSize(\"800\",\"214\")\r\n          .setClickMacro(\"%%CLICK_URL_ESC%%\") \r\n          .setReferrerUrlMacro(\"%%REFERRER_URL_ESC%%\") \r\n          .start(); \r\n<\/script><\/div><style type=\"text\/css\">\r\n@media screen and (min-width: 1201px) {\r\n.nnxig69f7798c264b0 {\r\ndisplay: block;\r\n}\r\n}\r\n@media screen and (min-width: 993px) and (max-width: 1200px) {\r\n.nnxig69f7798c264b0 {\r\ndisplay: block;\r\n}\r\n}\r\n@media screen and (min-width: 769px) and (max-width: 992px) {\r\n.nnxig69f7798c264b0 {\r\ndisplay: block;\r\n}\r\n}\r\n@media screen and (min-width: 768px) and (max-width: 768px) {\r\n.nnxig69f7798c264b0 {\r\ndisplay: block;\r\n}\r\n}\r\n@media screen and (max-width: 767px) {\r\n.nnxig69f7798c264b0 {\r\ndisplay: block;\r\n}\r\n}\r\n<\/style>\r\n","protected":false},"excerpt":{"rendered":"<p>Na tarde desta sexta-feira, 22 de agosto, uma opera\u00e7\u00e3o da Pol\u00edcia Militar em Al\u00e9m Para\u00edba, no bairro Goiabal, terminou em confronto com criminosos ligados a uma fac\u00e7\u00e3o criminosa.<\/p>\n","protected":false},"author":2,"featured_media":60156,"comment_status":"open","ping_status":"closed","sticky":false,"template":"","format":"standard","meta":{"footnotes":""},"categories":[1],"tags":[],"class_list":["post-60154","post","type-post","status-publish","format-standard","has-post-thumbnail","hentry","category-noticias","thumb-below-title"],"yoast_head":"<!-- This site is optimized with the Yoast SEO plugin v27.4 - https:\/\/yoast.com\/product\/yoast-seo-wordpress\/ -->\n<title>Dois morrem em troca de tiro com a PM em Al\u00e9m Para\u00edba | Marcelo Lopes<\/title>\n<meta name=\"description\" content=\"Dois morrem em troca de tiro com a PM em Al\u00e9m Para\u00edba. Opera\u00e7\u00e3o tamb\u00e9m prendeu dois suspeitos e apreendeu drogas.\" \/>\n<meta name=\"robots\" content=\"index, follow, max-snippet:-1, max-image-preview:large, max-video-preview:-1\" \/>\n<link rel=\"canonical\" href=\"https:\/\/marcelolopes.jor.br\/site\/2025\/08\/23\/dois-morrem-em-troca-de-tiro-com-a-pm-em-alem-paraiba\/\" \/>\n<meta property=\"og:locale\" content=\"pt_BR\" \/>\n<meta property=\"og:type\" content=\"article\" \/>\n<meta property=\"og:title\" content=\"Dois morrem em troca de tiro com a PM em Al\u00e9m Para\u00edba | Marcelo Lopes\" \/>\n<meta property=\"og:description\" content=\"Dois morrem em troca de tiro com a PM em Al\u00e9m Para\u00edba. Opera\u00e7\u00e3o tamb\u00e9m prendeu dois suspeitos e apreendeu drogas.\" \/>\n<meta property=\"og:url\" content=\"https:\/\/marcelolopes.jor.br\/site\/2025\/08\/23\/dois-morrem-em-troca-de-tiro-com-a-pm-em-alem-paraiba\/\" \/>\n<meta property=\"og:site_name\" content=\"Marcelo Lopes\" \/>\n<meta property=\"article:publisher\" content=\"https:\/\/www.facebook.com\/sitedomarcelolopes\" \/>\n<meta property=\"article:published_time\" content=\"2025-08-23T22:00:32+00:00\" \/>\n<meta property=\"og:image\" content=\"https:\/\/marcelolopes.jor.br\/site\/wp-content\/uploads\/2025\/08\/WhatsApp-Image-2025-08-23-at-09.05.23.jpeg\" \/>\n\t<meta property=\"og:image:width\" content=\"750\" \/>\n\t<meta property=\"og:image:height\" content=\"500\" \/>\n\t<meta property=\"og:image:type\" content=\"image\/jpeg\" \/>\n<meta name=\"author\" content=\"Marcelo Lopes\" \/>\n<meta name=\"twitter:card\" content=\"summary_large_image\" \/>\n<meta name=\"twitter:label1\" content=\"Escrito por\" \/>\n\t<meta name=\"twitter:data1\" content=\"Marcelo Lopes\" \/>\n\t<meta name=\"twitter:label2\" content=\"Est. tempo de leitura\" \/>\n\t<meta name=\"twitter:data2\" content=\"1 minuto\" \/>\n<script type=\"application\/ld+json\" class=\"yoast-schema-graph\">{\"@context\":\"https:\\\/\\\/schema.org\",\"@graph\":[{\"@type\":\"NewsArticle\",\"@id\":\"https:\\\/\\\/marcelolopes.jor.br\\\/site\\\/2025\\\/08\\\/23\\\/dois-morrem-em-troca-de-tiro-com-a-pm-em-alem-paraiba\\\/#article\",\"isPartOf\":{\"@id\":\"https:\\\/\\\/marcelolopes.jor.br\\\/site\\\/2025\\\/08\\\/23\\\/dois-morrem-em-troca-de-tiro-com-a-pm-em-alem-paraiba\\\/\"},\"author\":{\"name\":\"Marcelo Lopes\",\"@id\":\"https:\\\/\\\/marcelolopes.jor.br\\\/site\\\/#\\\/schema\\\/person\\\/3e7216a35c34d8fdf952b31da3d1f89f\"},\"headline\":\"Dois morrem em troca de tiro com a PM em Al\u00e9m Para\u00edba\",\"datePublished\":\"2025-08-23T22:00:32+00:00\",\"mainEntityOfPage\":{\"@id\":\"https:\\\/\\\/marcelolopes.jor.br\\\/site\\\/2025\\\/08\\\/23\\\/dois-morrem-em-troca-de-tiro-com-a-pm-em-alem-paraiba\\\/\"},\"wordCount\":291,\"commentCount\":0,\"publisher\":{\"@id\":\"https:\\\/\\\/marcelolopes.jor.br\\\/site\\\/#organization\"},\"image\":{\"@id\":\"https:\\\/\\\/marcelolopes.jor.br\\\/site\\\/2025\\\/08\\\/23\\\/dois-morrem-em-troca-de-tiro-com-a-pm-em-alem-paraiba\\\/#primaryimage\"},\"thumbnailUrl\":\"https:\\\/\\\/marcelolopes.jor.br\\\/site\\\/wp-content\\\/uploads\\\/2025\\\/08\\\/WhatsApp-Image-2025-08-23-at-09.05.23.jpeg\",\"articleSection\":[\"Not\u00edcias\"],\"inLanguage\":\"pt-BR\",\"potentialAction\":[{\"@type\":\"CommentAction\",\"name\":\"Comment\",\"target\":[\"https:\\\/\\\/marcelolopes.jor.br\\\/site\\\/2025\\\/08\\\/23\\\/dois-morrem-em-troca-de-tiro-com-a-pm-em-alem-paraiba\\\/#respond\"]}]},{\"@type\":\"WebPage\",\"@id\":\"https:\\\/\\\/marcelolopes.jor.br\\\/site\\\/2025\\\/08\\\/23\\\/dois-morrem-em-troca-de-tiro-com-a-pm-em-alem-paraiba\\\/\",\"url\":\"https:\\\/\\\/marcelolopes.jor.br\\\/site\\\/2025\\\/08\\\/23\\\/dois-morrem-em-troca-de-tiro-com-a-pm-em-alem-paraiba\\\/\",\"name\":\"Dois morrem em troca de tiro com a PM em Al\u00e9m Para\u00edba | Marcelo Lopes\",\"isPartOf\":{\"@id\":\"https:\\\/\\\/marcelolopes.jor.br\\\/site\\\/#website\"},\"primaryImageOfPage\":{\"@id\":\"https:\\\/\\\/marcelolopes.jor.br\\\/site\\\/2025\\\/08\\\/23\\\/dois-morrem-em-troca-de-tiro-com-a-pm-em-alem-paraiba\\\/#primaryimage\"},\"image\":{\"@id\":\"https:\\\/\\\/marcelolopes.jor.br\\\/site\\\/2025\\\/08\\\/23\\\/dois-morrem-em-troca-de-tiro-com-a-pm-em-alem-paraiba\\\/#primaryimage\"},\"thumbnailUrl\":\"https:\\\/\\\/marcelolopes.jor.br\\\/site\\\/wp-content\\\/uploads\\\/2025\\\/08\\\/WhatsApp-Image-2025-08-23-at-09.05.23.jpeg\",\"datePublished\":\"2025-08-23T22:00:32+00:00\",\"description\":\"Dois morrem em troca de tiro com a PM em Al\u00e9m Para\u00edba. Opera\u00e7\u00e3o tamb\u00e9m prendeu dois suspeitos e apreendeu drogas.\",\"breadcrumb\":{\"@id\":\"https:\\\/\\\/marcelolopes.jor.br\\\/site\\\/2025\\\/08\\\/23\\\/dois-morrem-em-troca-de-tiro-com-a-pm-em-alem-paraiba\\\/#breadcrumb\"},\"inLanguage\":\"pt-BR\",\"potentialAction\":[{\"@type\":\"ReadAction\",\"target\":[\"https:\\\/\\\/marcelolopes.jor.br\\\/site\\\/2025\\\/08\\\/23\\\/dois-morrem-em-troca-de-tiro-com-a-pm-em-alem-paraiba\\\/\"]}]},{\"@type\":\"ImageObject\",\"inLanguage\":\"pt-BR\",\"@id\":\"https:\\\/\\\/marcelolopes.jor.br\\\/site\\\/2025\\\/08\\\/23\\\/dois-morrem-em-troca-de-tiro-com-a-pm-em-alem-paraiba\\\/#primaryimage\",\"url\":\"https:\\\/\\\/marcelolopes.jor.br\\\/site\\\/wp-content\\\/uploads\\\/2025\\\/08\\\/WhatsApp-Image-2025-08-23-at-09.05.23.jpeg\",\"contentUrl\":\"https:\\\/\\\/marcelolopes.jor.br\\\/site\\\/wp-content\\\/uploads\\\/2025\\\/08\\\/WhatsApp-Image-2025-08-23-at-09.05.23.jpeg\",\"width\":750,\"height\":500,\"caption\":\"Dois morrem em troca\"},{\"@type\":\"BreadcrumbList\",\"@id\":\"https:\\\/\\\/marcelolopes.jor.br\\\/site\\\/2025\\\/08\\\/23\\\/dois-morrem-em-troca-de-tiro-com-a-pm-em-alem-paraiba\\\/#breadcrumb\",\"itemListElement\":[{\"@type\":\"ListItem\",\"position\":1,\"name\":\"Home\",\"item\":\"https:\\\/\\\/marcelolopes.jor.br\\\/site\\\/\"},{\"@type\":\"ListItem\",\"position\":2,\"name\":\"Dois morrem em troca de tiro com a PM em Al\u00e9m Para\u00edba\"}]},{\"@type\":\"WebSite\",\"@id\":\"https:\\\/\\\/marcelolopes.jor.br\\\/site\\\/#website\",\"url\":\"https:\\\/\\\/marcelolopes.jor.br\\\/site\\\/\",\"name\":\"Marcelo Lopes\",\"description\":\"Not\u00edcias de Cataguases e Regi\u00e3o\",\"publisher\":{\"@id\":\"https:\\\/\\\/marcelolopes.jor.br\\\/site\\\/#organization\"},\"potentialAction\":[{\"@type\":\"SearchAction\",\"target\":{\"@type\":\"EntryPoint\",\"urlTemplate\":\"https:\\\/\\\/marcelolopes.jor.br\\\/site\\\/?s={search_term_string}\"},\"query-input\":{\"@type\":\"PropertyValueSpecification\",\"valueRequired\":true,\"valueName\":\"search_term_string\"}}],\"inLanguage\":\"pt-BR\"},{\"@type\":\"Organization\",\"@id\":\"https:\\\/\\\/marcelolopes.jor.br\\\/site\\\/#organization\",\"name\":\"Site do Marcelo Lopes\",\"url\":\"https:\\\/\\\/marcelolopes.jor.br\\\/site\\\/\",\"logo\":{\"@type\":\"ImageObject\",\"inLanguage\":\"pt-BR\",\"@id\":\"https:\\\/\\\/marcelolopes.jor.br\\\/site\\\/#\\\/schema\\\/logo\\\/image\\\/\",\"url\":\"https:\\\/\\\/marcelolopes.jor.br\\\/site\\\/wp-content\\\/uploads\\\/2024\\\/11\\\/logo-1.png\",\"contentUrl\":\"https:\\\/\\\/marcelolopes.jor.br\\\/site\\\/wp-content\\\/uploads\\\/2024\\\/11\\\/logo-1.png\",\"width\":475,\"height\":80,\"caption\":\"Site do Marcelo Lopes\"},\"image\":{\"@id\":\"https:\\\/\\\/marcelolopes.jor.br\\\/site\\\/#\\\/schema\\\/logo\\\/image\\\/\"},\"sameAs\":[\"https:\\\/\\\/www.facebook.com\\\/sitedomarcelolopes\",\"https:\\\/\\\/www.instagram.com\\\/sitedomarcelolopes\\\/\",\"https:\\\/\\\/www.linkedin.com\\\/company\\\/site-do-marcelo-lopes\\\/\",\"https:\\\/\\\/www.youtube.com\\\/user\\\/marcelolopes957\"]},{\"@type\":\"Person\",\"@id\":\"https:\\\/\\\/marcelolopes.jor.br\\\/site\\\/#\\\/schema\\\/person\\\/3e7216a35c34d8fdf952b31da3d1f89f\",\"name\":\"Marcelo Lopes\",\"sameAs\":[\"http:\\\/\\\/www.marcelolopes.jor.br\"],\"url\":\"https:\\\/\\\/marcelolopes.jor.br\\\/site\\\/author\\\/marcelo\\\/\"}]}<\/script>\n<!-- \/ Yoast SEO plugin. -->","yoast_head_json":{"title":"Dois morrem em troca de tiro com a PM em Al\u00e9m Para\u00edba | Marcelo Lopes","description":"Dois morrem em troca de tiro com a PM em Al\u00e9m Para\u00edba. Opera\u00e7\u00e3o tamb\u00e9m prendeu dois suspeitos e apreendeu drogas.","robots":{"index":"index","follow":"follow","max-snippet":"max-snippet:-1","max-image-preview":"max-image-preview:large","max-video-preview":"max-video-preview:-1"},"canonical":"https:\/\/marcelolopes.jor.br\/site\/2025\/08\/23\/dois-morrem-em-troca-de-tiro-com-a-pm-em-alem-paraiba\/","og_locale":"pt_BR","og_type":"article","og_title":"Dois morrem em troca de tiro com a PM em Al\u00e9m Para\u00edba | Marcelo Lopes","og_description":"Dois morrem em troca de tiro com a PM em Al\u00e9m Para\u00edba. Opera\u00e7\u00e3o tamb\u00e9m prendeu dois suspeitos e apreendeu drogas.","og_url":"https:\/\/marcelolopes.jor.br\/site\/2025\/08\/23\/dois-morrem-em-troca-de-tiro-com-a-pm-em-alem-paraiba\/","og_site_name":"Marcelo Lopes","article_publisher":"https:\/\/www.facebook.com\/sitedomarcelolopes","article_published_time":"2025-08-23T22:00:32+00:00","og_image":[{"width":750,"height":500,"url":"https:\/\/marcelolopes.jor.br\/site\/wp-content\/uploads\/2025\/08\/WhatsApp-Image-2025-08-23-at-09.05.23.jpeg","type":"image\/jpeg"}],"author":"Marcelo Lopes","twitter_card":"summary_large_image","twitter_misc":{"Escrito por":"Marcelo Lopes","Est. tempo de leitura":"1 minuto"},"schema":{"@context":"https:\/\/schema.org","@graph":[{"@type":"NewsArticle","@id":"https:\/\/marcelolopes.jor.br\/site\/2025\/08\/23\/dois-morrem-em-troca-de-tiro-com-a-pm-em-alem-paraiba\/#article","isPartOf":{"@id":"https:\/\/marcelolopes.jor.br\/site\/2025\/08\/23\/dois-morrem-em-troca-de-tiro-com-a-pm-em-alem-paraiba\/"},"author":{"name":"Marcelo Lopes","@id":"https:\/\/marcelolopes.jor.br\/site\/#\/schema\/person\/3e7216a35c34d8fdf952b31da3d1f89f"},"headline":"Dois morrem em troca de tiro com a PM em Al\u00e9m Para\u00edba","datePublished":"2025-08-23T22:00:32+00:00","mainEntityOfPage":{"@id":"https:\/\/marcelolopes.jor.br\/site\/2025\/08\/23\/dois-morrem-em-troca-de-tiro-com-a-pm-em-alem-paraiba\/"},"wordCount":291,"commentCount":0,"publisher":{"@id":"https:\/\/marcelolopes.jor.br\/site\/#organization"},"image":{"@id":"https:\/\/marcelolopes.jor.br\/site\/2025\/08\/23\/dois-morrem-em-troca-de-tiro-com-a-pm-em-alem-paraiba\/#primaryimage"},"thumbnailUrl":"https:\/\/marcelolopes.jor.br\/site\/wp-content\/uploads\/2025\/08\/WhatsApp-Image-2025-08-23-at-09.05.23.jpeg","articleSection":["Not\u00edcias"],"inLanguage":"pt-BR","potentialAction":[{"@type":"CommentAction","name":"Comment","target":["https:\/\/marcelolopes.jor.br\/site\/2025\/08\/23\/dois-morrem-em-troca-de-tiro-com-a-pm-em-alem-paraiba\/#respond"]}]},{"@type":"WebPage","@id":"https:\/\/marcelolopes.jor.br\/site\/2025\/08\/23\/dois-morrem-em-troca-de-tiro-com-a-pm-em-alem-paraiba\/","url":"https:\/\/marcelolopes.jor.br\/site\/2025\/08\/23\/dois-morrem-em-troca-de-tiro-com-a-pm-em-alem-paraiba\/","name":"Dois morrem em troca de tiro com a PM em Al\u00e9m Para\u00edba | Marcelo Lopes","isPartOf":{"@id":"https:\/\/marcelolopes.jor.br\/site\/#website"},"primaryImageOfPage":{"@id":"https:\/\/marcelolopes.jor.br\/site\/2025\/08\/23\/dois-morrem-em-troca-de-tiro-com-a-pm-em-alem-paraiba\/#primaryimage"},"image":{"@id":"https:\/\/marcelolopes.jor.br\/site\/2025\/08\/23\/dois-morrem-em-troca-de-tiro-com-a-pm-em-alem-paraiba\/#primaryimage"},"thumbnailUrl":"https:\/\/marcelolopes.jor.br\/site\/wp-content\/uploads\/2025\/08\/WhatsApp-Image-2025-08-23-at-09.05.23.jpeg","datePublished":"2025-08-23T22:00:32+00:00","description":"Dois morrem em troca de tiro com a PM em Al\u00e9m Para\u00edba. Opera\u00e7\u00e3o tamb\u00e9m prendeu dois suspeitos e apreendeu drogas.","breadcrumb":{"@id":"https:\/\/marcelolopes.jor.br\/site\/2025\/08\/23\/dois-morrem-em-troca-de-tiro-com-a-pm-em-alem-paraiba\/#breadcrumb"},"inLanguage":"pt-BR","potentialAction":[{"@type":"ReadAction","target":["https:\/\/marcelolopes.jor.br\/site\/2025\/08\/23\/dois-morrem-em-troca-de-tiro-com-a-pm-em-alem-paraiba\/"]}]},{"@type":"ImageObject","inLanguage":"pt-BR","@id":"https:\/\/marcelolopes.jor.br\/site\/2025\/08\/23\/dois-morrem-em-troca-de-tiro-com-a-pm-em-alem-paraiba\/#primaryimage","url":"https:\/\/marcelolopes.jor.br\/site\/wp-content\/uploads\/2025\/08\/WhatsApp-Image-2025-08-23-at-09.05.23.jpeg","contentUrl":"https:\/\/marcelolopes.jor.br\/site\/wp-content\/uploads\/2025\/08\/WhatsApp-Image-2025-08-23-at-09.05.23.jpeg","width":750,"height":500,"caption":"Dois morrem em troca"},{"@type":"BreadcrumbList","@id":"https:\/\/marcelolopes.jor.br\/site\/2025\/08\/23\/dois-morrem-em-troca-de-tiro-com-a-pm-em-alem-paraiba\/#breadcrumb","itemListElement":[{"@type":"ListItem","position":1,"name":"Home","item":"https:\/\/marcelolopes.jor.br\/site\/"},{"@type":"ListItem","position":2,"name":"Dois morrem em troca de tiro com a PM em Al\u00e9m Para\u00edba"}]},{"@type":"WebSite","@id":"https:\/\/marcelolopes.jor.br\/site\/#website","url":"https:\/\/marcelolopes.jor.br\/site\/","name":"Marcelo Lopes","description":"Not\u00edcias de Cataguases e Regi\u00e3o","publisher":{"@id":"https:\/\/marcelolopes.jor.br\/site\/#organization"},"potentialAction":[{"@type":"SearchAction","target":{"@type":"EntryPoint","urlTemplate":"https:\/\/marcelolopes.jor.br\/site\/?s={search_term_string}"},"query-input":{"@type":"PropertyValueSpecification","valueRequired":true,"valueName":"search_term_string"}}],"inLanguage":"pt-BR"},{"@type":"Organization","@id":"https:\/\/marcelolopes.jor.br\/site\/#organization","name":"Site do Marcelo Lopes","url":"https:\/\/marcelolopes.jor.br\/site\/","logo":{"@type":"ImageObject","inLanguage":"pt-BR","@id":"https:\/\/marcelolopes.jor.br\/site\/#\/schema\/logo\/image\/","url":"https:\/\/marcelolopes.jor.br\/site\/wp-content\/uploads\/2024\/11\/logo-1.png","contentUrl":"https:\/\/marcelolopes.jor.br\/site\/wp-content\/uploads\/2024\/11\/logo-1.png","width":475,"height":80,"caption":"Site do Marcelo Lopes"},"image":{"@id":"https:\/\/marcelolopes.jor.br\/site\/#\/schema\/logo\/image\/"},"sameAs":["https:\/\/www.facebook.com\/sitedomarcelolopes","https:\/\/www.instagram.com\/sitedomarcelolopes\/","https:\/\/www.linkedin.com\/company\/site-do-marcelo-lopes\/","https:\/\/www.youtube.com\/user\/marcelolopes957"]},{"@type":"Person","@id":"https:\/\/marcelolopes.jor.br\/site\/#\/schema\/person\/3e7216a35c34d8fdf952b31da3d1f89f","name":"Marcelo Lopes","sameAs":["http:\/\/www.marcelolopes.jor.br"],"url":"https:\/\/marcelolopes.jor.br\/site\/author\/marcelo\/"}]}},"wps_subtitle":"Opera\u00e7\u00e3o tamb\u00e9m prendeu dois suspeitos e apreendeu drogas.","_links":{"self":[{"href":"https:\/\/marcelolopes.jor.br\/site\/wp-json\/wp\/v2\/posts\/60154","targetHints":{"allow":["GET"]}}],"collection":[{"href":"https:\/\/marcelolopes.jor.br\/site\/wp-json\/wp\/v2\/posts"}],"about":[{"href":"https:\/\/marcelolopes.jor.br\/site\/wp-json\/wp\/v2\/types\/post"}],"author":[{"embeddable":true,"href":"https:\/\/marcelolopes.jor.br\/site\/wp-json\/wp\/v2\/users\/2"}],"replies":[{"embeddable":true,"href":"https:\/\/marcelolopes.jor.br\/site\/wp-json\/wp\/v2\/comments?post=60154"}],"version-history":[{"count":0,"href":"https:\/\/marcelolopes.jor.br\/site\/wp-json\/wp\/v2\/posts\/60154\/revisions"}],"wp:featuredmedia":[{"embeddable":true,"href":"https:\/\/marcelolopes.jor.br\/site\/wp-json\/wp\/v2\/media\/60156"}],"wp:attachment":[{"href":"https:\/\/marcelolopes.jor.br\/site\/wp-json\/wp\/v2\/media?parent=60154"}],"wp:term":[{"taxonomy":"category","embeddable":true,"href":"https:\/\/marcelolopes.jor.br\/site\/wp-json\/wp\/v2\/categories?post=60154"},{"taxonomy":"post_tag","embeddable":true,"href":"https:\/\/marcelolopes.jor.br\/site\/wp-json\/wp\/v2\/tags?post=60154"}],"curies":[{"name":"wp","href":"https:\/\/api.w.org\/{rel}","templated":true}]}}