{"id":59972,"date":"2025-08-16T12:00:29","date_gmt":"2025-08-16T15:00:29","guid":{"rendered":"https:\/\/marcelolopes.jor.br\/?p=59972"},"modified":"2025-08-16T10:56:35","modified_gmt":"2025-08-16T13:56:35","slug":"preso-suspeito-de-articular-ataque-contra-guarda-municipal-em-uba","status":"publish","type":"post","link":"https:\/\/marcelolopes.jor.br\/site\/2025\/08\/16\/preso-suspeito-de-articular-ataque-contra-guarda-municipal-em-uba\/","title":{"rendered":"Preso suspeito de articular ataque contra guarda municipal em Ub\u00e1"},"content":{"rendered":"<p>A Pol\u00edcia Civil de Minas Gerais (PCMG), por meio da 2\u00aa Delegacia Regional em Ub\u00e1, deflagrou nesta sexta-feira, 15 de agosto, a \u201cOpera\u00e7\u00e3o \u00daltima Linha\u201d, visando o cumprimento de mandado de pris\u00e3o tempor\u00e1ria, mandados de busca e apreens\u00e3o domiciliar e apreens\u00e3o de instrumentos relacionados a crime em desfavor de um jovem de 18 anos.<!--more--><\/p>\n<h4 class=\"p1\"><span class=\"s1\">\ud83d\udcf8\u00a0<span style=\"color: #008000;\">Siga o Site do Marcelo Lopes no<\/span>\u00a0<span style=\"color: #800000;\"><a style=\"color: #800000;\" href=\"https:\/\/www.facebook.com\/sitedomarcelolopes\/\"><strong>Facebook<\/strong><\/a><\/span>\u00a0<span style=\"color: #008000;\">e no<\/span>\u00a0<span style=\"color: #800000;\"><strong><a style=\"color: #800000;\" href=\"https:\/\/www.instagram.com\/sitedomarcelolopes\/\">Instagram<\/a><\/strong><\/span><\/span><\/h4>\n<h4 class=\"p1\">\ud83d\udcf1<span style=\"color: #008000;\">Participe do grupo de<\/span>\u00a0<span style=\"color: #800000;\"><a style=\"color: #800000;\" href=\"https:\/\/chat.whatsapp.com\/BibzcI1ibYSKytbdyzubLA\"><strong>WhatsApp<\/strong><\/a><\/span> <span style=\"color: #008000;\">do Site do Marcelo Lopes<\/span><\/h4>\n<p>&nbsp;<\/p>\n<p>O investigado \u00e9 apontado como principal articulador dos ataques ocorridos contra um guarda municipal de Ub\u00e1, tendo, segundo apurado, fornecido apoio log\u00edstico e entregue artefatos explosivos utilizados no atentado \u00e0 resid\u00eancia do agente p\u00fablico.<\/p>\n<p>Durante o cumprimento das ordens judiciais, foram apreendidos artefatos explosivos semelhantes aos do ataque, al\u00e9m de dois ve\u00edculos, um deles identificado como o autom\u00f3vel utilizado no dia da a\u00e7\u00e3o criminosa.<\/p>\n<h3>O ataque<\/h3>\n<p>No \u00faltimo dia 3, dois indiv\u00edduos se deslocaram at\u00e9 a resid\u00eancia do guarda municipal com o objetivo de intimid\u00e1-lo em raz\u00e3o de sua atua\u00e7\u00e3o profissional, mesmo ele estando de f\u00e9rias. Ao chegarem ao local, houve um desentendimento com familiares do agente, resultando em briga, situa\u00e7\u00e3o registrada em v\u00eddeo e amplamente divulgada nas redes sociais.<\/p>\n<p>Na noite de 4 de agosto e na madrugada do dia seguinte, diversos indiv\u00edduos praticaram atos de vandalismo, amea\u00e7a e intimida\u00e7\u00e3o contra o im\u00f3vel do guarda municipal e seus familiares. As a\u00e7\u00f5es, de cunho nitidamente intimidat\u00f3rio, tamb\u00e9m foram divulgadas na rede social Instagram.<\/p>\n<h3>Investiga\u00e7\u00f5es<\/h3>\n<p>De acordo com o delegado Giovane Dantas, respons\u00e1vel pelo caso, a denomina\u00e7\u00e3o da opera\u00e7\u00e3o representa a resposta da PCMG ao avan\u00e7o da criminalidade e aos ataques pessoais a agentes p\u00fablicos. \u201cTodos os instrumentos legais ser\u00e3o utilizados para preservar a ordem e a paz social\u201d, afirmou.<\/p>\n<p>As investiga\u00e7\u00f5es prosseguem para identificar os demais envolvidos e apurar as respectivas responsabilidades penais.<\/p>\n<p><strong>OUTRAS NOT\u00cdCIAS<\/strong><br \/>\n<a href=\"https:\/\/marcelolopes.jor.br\/2025\/08\/14\/pcmg-desarticula-esquema-milionario-de-furto-de-equipamentos-de-telefonia\/\"><strong><span style=\"color: #800000;\">PCMG desarticula esquema milion\u00e1rio de furto de equipamentos de telefonia<\/span><\/strong><\/a><\/p>\n<p><a href=\"https:\/\/marcelolopes.jor.br\/2025\/07\/29\/pcmg-prende-suspeito-de-lavagem-de-dinheiro-em-muriae\/\"><strong><span style=\"color: #800000;\">PCMG prende suspeito de lavagem de dinheiro em Muria\u00e9<\/span><\/strong><\/a><\/p>\n<p>Fonte e foto: Ascom PCMG<\/p>\n<div class=\"tnhtc6a955f5952b2e\" ><br><\/div><style type=\"text\/css\">\r\n@media screen and (min-width: 1201px) {\r\n.tnhtc6a955f5952b2e {\r\ndisplay: block;\r\n}\r\n}\r\n@media screen and (min-width: 993px) and (max-width: 1200px) {\r\n.tnhtc6a955f5952b2e {\r\ndisplay: block;\r\n}\r\n}\r\n@media screen and (min-width: 769px) and (max-width: 992px) {\r\n.tnhtc6a955f5952b2e {\r\ndisplay: block;\r\n}\r\n}\r\n@media screen and (min-width: 768px) and (max-width: 768px) {\r\n.tnhtc6a955f5952b2e {\r\ndisplay: block;\r\n}\r\n}\r\n@media screen and (max-width: 767px) {\r\n.tnhtc6a955f5952b2e {\r\ndisplay: block;\r\n}\r\n}\r\n<\/style>\r\n<div class=\"tumao6a955f5957eb1\" ><div id=\"div_destino\"><\/div>\r\n<script src=\"https:\/\/cdn.snsrsv.com\/sdk.js\"><\/script>\r\n<script >\r\n      new sdk(\"464030C30061EA8BE065000000000001\") \r\n          .appendTo(\"div_destino\")\r\n          .disableStyle(true) \r\n          .setCacheBusterMacro(\"%%CACHEBUSTER%%\")\r\n          .setSize(\"800\",\"214\")\r\n          .setClickMacro(\"%%CLICK_URL_ESC%%\") \r\n          .setReferrerUrlMacro(\"%%REFERRER_URL_ESC%%\") \r\n          .start(); \r\n<\/script><\/div><style type=\"text\/css\">\r\n@media screen and (min-width: 1201px) {\r\n.tumao6a955f5957eb1 {\r\ndisplay: block;\r\n}\r\n}\r\n@media screen and (min-width: 993px) and (max-width: 1200px) {\r\n.tumao6a955f5957eb1 {\r\ndisplay: block;\r\n}\r\n}\r\n@media screen and (min-width: 769px) and (max-width: 992px) {\r\n.tumao6a955f5957eb1 {\r\ndisplay: block;\r\n}\r\n}\r\n@media screen and (min-width: 768px) and (max-width: 768px) {\r\n.tumao6a955f5957eb1 {\r\ndisplay: block;\r\n}\r\n}\r\n@media screen and (max-width: 767px) {\r\n.tumao6a955f5957eb1 {\r\ndisplay: block;\r\n}\r\n}\r\n<\/style>\r\n","protected":false},"excerpt":{"rendered":"<p>A Pol\u00edcia Civil de Minas Gerais (PCMG), por meio da 2\u00aa Delegacia Regional em Ub\u00e1, deflagrou nesta sexta-feira, 15 de agosto, a \u201cOpera\u00e7\u00e3o \u00daltima Linha\u201d, visando o cumprimento de mandado de pris\u00e3o tempor\u00e1ria, mandados de busca e apreens\u00e3o domiciliar e<\/p>\n<p class=\"link-more\"><a class=\"more-link\" href=\"https:\/\/marcelolopes.jor.br\/site\/2025\/08\/16\/preso-suspeito-de-articular-ataque-contra-guarda-municipal-em-uba\/\">Leia mais <span class=\"screen-reader-text\">Preso suspeito de articular ataque contra guarda municipal em Ub\u00e1<\/span><\/a><\/p>\n","protected":false},"author":2,"featured_media":59974,"comment_status":"open","ping_status":"closed","sticky":false,"template":"","format":"standard","meta":{"footnotes":""},"categories":[1],"tags":[],"class_list":["post-59972","post","type-post","status-publish","format-standard","has-post-thumbnail","hentry","category-noticias","thumb-below-title"],"yoast_head":"<!-- This site is optimized with the Yoast SEO plugin v28.3 - https:\/\/yoast.com\/product\/yoast-seo-wordpress\/ -->\n<title>Preso suspeito de articular ataque contra guarda municipal em Ub\u00e1 | Marcelo Lopes<\/title>\n<meta name=\"description\" content=\"Preso suspeito de articular ataque contra guarda municipal em Ub\u00e1. \u201cOpera\u00e7\u00e3o \u00daltima Linha\u201d cumpriu mandados de pris\u00e3o e localizou explosivos.\" \/>\n<meta name=\"robots\" content=\"index, follow, max-snippet:-1, max-image-preview:large, max-video-preview:-1\" \/>\n<link rel=\"canonical\" href=\"https:\/\/marcelolopes.jor.br\/site\/2025\/08\/16\/preso-suspeito-de-articular-ataque-contra-guarda-municipal-em-uba\/\" \/>\n<meta property=\"og:locale\" content=\"pt_BR\" \/>\n<meta property=\"og:type\" content=\"article\" \/>\n<meta property=\"og:title\" content=\"Preso suspeito de articular ataque contra guarda municipal em Ub\u00e1 | Marcelo Lopes\" \/>\n<meta property=\"og:description\" content=\"Preso suspeito de articular ataque contra guarda municipal em Ub\u00e1. \u201cOpera\u00e7\u00e3o \u00daltima Linha\u201d cumpriu mandados de pris\u00e3o e localizou explosivos.\" \/>\n<meta property=\"og:url\" content=\"https:\/\/marcelolopes.jor.br\/site\/2025\/08\/16\/preso-suspeito-de-articular-ataque-contra-guarda-municipal-em-uba\/\" \/>\n<meta property=\"og:site_name\" content=\"Marcelo Lopes\" \/>\n<meta property=\"article:publisher\" content=\"https:\/\/www.facebook.com\/sitedomarcelolopes\" \/>\n<meta property=\"article:published_time\" content=\"2025-08-16T15:00:29+00:00\" \/>\n<meta property=\"og:image\" content=\"https:\/\/marcelolopes.jor.br\/site\/wp-content\/uploads\/2025\/08\/PCMG-e1755350935241.jpeg\" \/>\n\t<meta property=\"og:image:width\" content=\"1257\" \/>\n\t<meta property=\"og:image:height\" content=\"817\" \/>\n\t<meta property=\"og:image:type\" content=\"image\/jpeg\" \/>\n<meta name=\"author\" content=\"Marcelo Lopes\" \/>\n<meta name=\"twitter:card\" content=\"summary_large_image\" \/>\n<meta name=\"twitter:label1\" content=\"Escrito por\" \/>\n\t<meta name=\"twitter:data1\" content=\"Marcelo Lopes\" \/>\n\t<meta name=\"twitter:label2\" content=\"Est. tempo de leitura\" \/>\n\t<meta name=\"twitter:data2\" content=\"2 minutos\" \/>\n<script type=\"application\/ld+json\" class=\"yoast-schema-graph\">{\"@context\":\"https:\\\/\\\/schema.org\",\"@graph\":[{\"@type\":\"NewsArticle\",\"@id\":\"https:\\\/\\\/marcelolopes.jor.br\\\/site\\\/2025\\\/08\\\/16\\\/preso-suspeito-de-articular-ataque-contra-guarda-municipal-em-uba\\\/#article\",\"isPartOf\":{\"@id\":\"https:\\\/\\\/marcelolopes.jor.br\\\/site\\\/2025\\\/08\\\/16\\\/preso-suspeito-de-articular-ataque-contra-guarda-municipal-em-uba\\\/\"},\"author\":{\"name\":\"Marcelo Lopes\",\"@id\":\"https:\\\/\\\/marcelolopes.jor.br\\\/site\\\/#\\\/schema\\\/person\\\/3e7216a35c34d8fdf952b31da3d1f89f\"},\"headline\":\"Preso suspeito de articular ataque contra guarda municipal em Ub\u00e1\",\"datePublished\":\"2025-08-16T15:00:29+00:00\",\"mainEntityOfPage\":{\"@id\":\"https:\\\/\\\/marcelolopes.jor.br\\\/site\\\/2025\\\/08\\\/16\\\/preso-suspeito-de-articular-ataque-contra-guarda-municipal-em-uba\\\/\"},\"wordCount\":366,\"commentCount\":0,\"publisher\":{\"@id\":\"https:\\\/\\\/marcelolopes.jor.br\\\/site\\\/#organization\"},\"image\":{\"@id\":\"https:\\\/\\\/marcelolopes.jor.br\\\/site\\\/2025\\\/08\\\/16\\\/preso-suspeito-de-articular-ataque-contra-guarda-municipal-em-uba\\\/#primaryimage\"},\"thumbnailUrl\":\"https:\\\/\\\/marcelolopes.jor.br\\\/site\\\/wp-content\\\/uploads\\\/2025\\\/08\\\/PCMG-e1755350935241.jpeg\",\"articleSection\":[\"Not\u00edcias\"],\"inLanguage\":\"pt-BR\",\"potentialAction\":[{\"@type\":\"CommentAction\",\"name\":\"Comment\",\"target\":[\"https:\\\/\\\/marcelolopes.jor.br\\\/site\\\/2025\\\/08\\\/16\\\/preso-suspeito-de-articular-ataque-contra-guarda-municipal-em-uba\\\/#respond\"]}]},{\"@type\":\"WebPage\",\"@id\":\"https:\\\/\\\/marcelolopes.jor.br\\\/site\\\/2025\\\/08\\\/16\\\/preso-suspeito-de-articular-ataque-contra-guarda-municipal-em-uba\\\/\",\"url\":\"https:\\\/\\\/marcelolopes.jor.br\\\/site\\\/2025\\\/08\\\/16\\\/preso-suspeito-de-articular-ataque-contra-guarda-municipal-em-uba\\\/\",\"name\":\"Preso suspeito de articular ataque contra guarda municipal em Ub\u00e1 | Marcelo Lopes\",\"isPartOf\":{\"@id\":\"https:\\\/\\\/marcelolopes.jor.br\\\/site\\\/#website\"},\"primaryImageOfPage\":{\"@id\":\"https:\\\/\\\/marcelolopes.jor.br\\\/site\\\/2025\\\/08\\\/16\\\/preso-suspeito-de-articular-ataque-contra-guarda-municipal-em-uba\\\/#primaryimage\"},\"image\":{\"@id\":\"https:\\\/\\\/marcelolopes.jor.br\\\/site\\\/2025\\\/08\\\/16\\\/preso-suspeito-de-articular-ataque-contra-guarda-municipal-em-uba\\\/#primaryimage\"},\"thumbnailUrl\":\"https:\\\/\\\/marcelolopes.jor.br\\\/site\\\/wp-content\\\/uploads\\\/2025\\\/08\\\/PCMG-e1755350935241.jpeg\",\"datePublished\":\"2025-08-16T15:00:29+00:00\",\"description\":\"Preso suspeito de articular ataque contra guarda municipal em Ub\u00e1. \u201cOpera\u00e7\u00e3o \u00daltima Linha\u201d cumpriu mandados de pris\u00e3o e localizou explosivos.\",\"breadcrumb\":{\"@id\":\"https:\\\/\\\/marcelolopes.jor.br\\\/site\\\/2025\\\/08\\\/16\\\/preso-suspeito-de-articular-ataque-contra-guarda-municipal-em-uba\\\/#breadcrumb\"},\"inLanguage\":\"pt-BR\",\"potentialAction\":[{\"@type\":\"ReadAction\",\"target\":[\"https:\\\/\\\/marcelolopes.jor.br\\\/site\\\/2025\\\/08\\\/16\\\/preso-suspeito-de-articular-ataque-contra-guarda-municipal-em-uba\\\/\"]}]},{\"@type\":\"ImageObject\",\"inLanguage\":\"pt-BR\",\"@id\":\"https:\\\/\\\/marcelolopes.jor.br\\\/site\\\/2025\\\/08\\\/16\\\/preso-suspeito-de-articular-ataque-contra-guarda-municipal-em-uba\\\/#primaryimage\",\"url\":\"https:\\\/\\\/marcelolopes.jor.br\\\/site\\\/wp-content\\\/uploads\\\/2025\\\/08\\\/PCMG-e1755350935241.jpeg\",\"contentUrl\":\"https:\\\/\\\/marcelolopes.jor.br\\\/site\\\/wp-content\\\/uploads\\\/2025\\\/08\\\/PCMG-e1755350935241.jpeg\",\"width\":1257,\"height\":817,\"caption\":\"Preso suspeito de articular\"},{\"@type\":\"BreadcrumbList\",\"@id\":\"https:\\\/\\\/marcelolopes.jor.br\\\/site\\\/2025\\\/08\\\/16\\\/preso-suspeito-de-articular-ataque-contra-guarda-municipal-em-uba\\\/#breadcrumb\",\"itemListElement\":[{\"@type\":\"ListItem\",\"position\":1,\"name\":\"Home\",\"item\":\"https:\\\/\\\/marcelolopes.jor.br\\\/site\\\/\"},{\"@type\":\"ListItem\",\"position\":2,\"name\":\"Preso suspeito de articular ataque contra guarda municipal em Ub\u00e1\"}]},{\"@type\":\"WebSite\",\"@id\":\"https:\\\/\\\/marcelolopes.jor.br\\\/site\\\/#website\",\"url\":\"https:\\\/\\\/marcelolopes.jor.br\\\/site\\\/\",\"name\":\"Marcelo Lopes\",\"description\":\"Not\u00edcias de Cataguases e Regi\u00e3o\",\"publisher\":{\"@id\":\"https:\\\/\\\/marcelolopes.jor.br\\\/site\\\/#organization\"},\"potentialAction\":[{\"@type\":\"SearchAction\",\"target\":{\"@type\":\"EntryPoint\",\"urlTemplate\":\"https:\\\/\\\/marcelolopes.jor.br\\\/site\\\/?s={search_term_string}\"},\"query-input\":{\"@type\":\"PropertyValueSpecification\",\"valueRequired\":true,\"valueName\":\"search_term_string\"}}],\"inLanguage\":\"pt-BR\"},{\"@type\":\"Organization\",\"@id\":\"https:\\\/\\\/marcelolopes.jor.br\\\/site\\\/#organization\",\"name\":\"Site do Marcelo Lopes\",\"url\":\"https:\\\/\\\/marcelolopes.jor.br\\\/site\\\/\",\"logo\":{\"@type\":\"ImageObject\",\"inLanguage\":\"pt-BR\",\"@id\":\"https:\\\/\\\/marcelolopes.jor.br\\\/site\\\/#\\\/schema\\\/logo\\\/image\\\/\",\"url\":\"https:\\\/\\\/marcelolopes.jor.br\\\/site\\\/wp-content\\\/uploads\\\/2026\\\/07\\\/cropped-logo2026.png\",\"contentUrl\":\"https:\\\/\\\/marcelolopes.jor.br\\\/site\\\/wp-content\\\/uploads\\\/2026\\\/07\\\/cropped-logo2026.png\",\"width\":328,\"height\":96,\"caption\":\"Site do Marcelo Lopes\"},\"image\":{\"@id\":\"https:\\\/\\\/marcelolopes.jor.br\\\/site\\\/#\\\/schema\\\/logo\\\/image\\\/\"},\"sameAs\":[\"https:\\\/\\\/www.facebook.com\\\/sitedomarcelolopes\",\"https:\\\/\\\/www.instagram.com\\\/sitedomarcelolopes\\\/\",\"https:\\\/\\\/www.linkedin.com\\\/company\\\/site-do-marcelo-lopes\\\/\",\"https:\\\/\\\/www.youtube.com\\\/user\\\/marcelolopes957\"]},{\"@type\":\"Person\",\"@id\":\"https:\\\/\\\/marcelolopes.jor.br\\\/site\\\/#\\\/schema\\\/person\\\/3e7216a35c34d8fdf952b31da3d1f89f\",\"name\":\"Marcelo Lopes\",\"sameAs\":[\"http:\\\/\\\/www.marcelolopes.jor.br\"],\"url\":\"https:\\\/\\\/marcelolopes.jor.br\\\/site\\\/author\\\/marcelo\\\/\"}]}<\/script>\n<!-- \/ Yoast SEO plugin. -->","yoast_head_json":{"title":"Preso suspeito de articular ataque contra guarda municipal em Ub\u00e1 | Marcelo Lopes","description":"Preso suspeito de articular ataque contra guarda municipal em Ub\u00e1. \u201cOpera\u00e7\u00e3o \u00daltima Linha\u201d cumpriu mandados de pris\u00e3o e localizou explosivos.","robots":{"index":"index","follow":"follow","max-snippet":"max-snippet:-1","max-image-preview":"max-image-preview:large","max-video-preview":"max-video-preview:-1"},"canonical":"https:\/\/marcelolopes.jor.br\/site\/2025\/08\/16\/preso-suspeito-de-articular-ataque-contra-guarda-municipal-em-uba\/","og_locale":"pt_BR","og_type":"article","og_title":"Preso suspeito de articular ataque contra guarda municipal em Ub\u00e1 | Marcelo Lopes","og_description":"Preso suspeito de articular ataque contra guarda municipal em Ub\u00e1. \u201cOpera\u00e7\u00e3o \u00daltima Linha\u201d cumpriu mandados de pris\u00e3o e localizou explosivos.","og_url":"https:\/\/marcelolopes.jor.br\/site\/2025\/08\/16\/preso-suspeito-de-articular-ataque-contra-guarda-municipal-em-uba\/","og_site_name":"Marcelo Lopes","article_publisher":"https:\/\/www.facebook.com\/sitedomarcelolopes","article_published_time":"2025-08-16T15:00:29+00:00","og_image":[{"width":1257,"height":817,"url":"https:\/\/marcelolopes.jor.br\/site\/wp-content\/uploads\/2025\/08\/PCMG-e1755350935241.jpeg","type":"image\/jpeg"}],"author":"Marcelo Lopes","twitter_card":"summary_large_image","twitter_misc":{"Escrito por":"Marcelo Lopes","Est. tempo de leitura":"2 minutos"},"schema":{"@context":"https:\/\/schema.org","@graph":[{"@type":"NewsArticle","@id":"https:\/\/marcelolopes.jor.br\/site\/2025\/08\/16\/preso-suspeito-de-articular-ataque-contra-guarda-municipal-em-uba\/#article","isPartOf":{"@id":"https:\/\/marcelolopes.jor.br\/site\/2025\/08\/16\/preso-suspeito-de-articular-ataque-contra-guarda-municipal-em-uba\/"},"author":{"name":"Marcelo Lopes","@id":"https:\/\/marcelolopes.jor.br\/site\/#\/schema\/person\/3e7216a35c34d8fdf952b31da3d1f89f"},"headline":"Preso suspeito de articular ataque contra guarda municipal em Ub\u00e1","datePublished":"2025-08-16T15:00:29+00:00","mainEntityOfPage":{"@id":"https:\/\/marcelolopes.jor.br\/site\/2025\/08\/16\/preso-suspeito-de-articular-ataque-contra-guarda-municipal-em-uba\/"},"wordCount":366,"commentCount":0,"publisher":{"@id":"https:\/\/marcelolopes.jor.br\/site\/#organization"},"image":{"@id":"https:\/\/marcelolopes.jor.br\/site\/2025\/08\/16\/preso-suspeito-de-articular-ataque-contra-guarda-municipal-em-uba\/#primaryimage"},"thumbnailUrl":"https:\/\/marcelolopes.jor.br\/site\/wp-content\/uploads\/2025\/08\/PCMG-e1755350935241.jpeg","articleSection":["Not\u00edcias"],"inLanguage":"pt-BR","potentialAction":[{"@type":"CommentAction","name":"Comment","target":["https:\/\/marcelolopes.jor.br\/site\/2025\/08\/16\/preso-suspeito-de-articular-ataque-contra-guarda-municipal-em-uba\/#respond"]}]},{"@type":"WebPage","@id":"https:\/\/marcelolopes.jor.br\/site\/2025\/08\/16\/preso-suspeito-de-articular-ataque-contra-guarda-municipal-em-uba\/","url":"https:\/\/marcelolopes.jor.br\/site\/2025\/08\/16\/preso-suspeito-de-articular-ataque-contra-guarda-municipal-em-uba\/","name":"Preso suspeito de articular ataque contra guarda municipal em Ub\u00e1 | Marcelo Lopes","isPartOf":{"@id":"https:\/\/marcelolopes.jor.br\/site\/#website"},"primaryImageOfPage":{"@id":"https:\/\/marcelolopes.jor.br\/site\/2025\/08\/16\/preso-suspeito-de-articular-ataque-contra-guarda-municipal-em-uba\/#primaryimage"},"image":{"@id":"https:\/\/marcelolopes.jor.br\/site\/2025\/08\/16\/preso-suspeito-de-articular-ataque-contra-guarda-municipal-em-uba\/#primaryimage"},"thumbnailUrl":"https:\/\/marcelolopes.jor.br\/site\/wp-content\/uploads\/2025\/08\/PCMG-e1755350935241.jpeg","datePublished":"2025-08-16T15:00:29+00:00","description":"Preso suspeito de articular ataque contra guarda municipal em Ub\u00e1. \u201cOpera\u00e7\u00e3o \u00daltima Linha\u201d cumpriu mandados de pris\u00e3o e localizou explosivos.","breadcrumb":{"@id":"https:\/\/marcelolopes.jor.br\/site\/2025\/08\/16\/preso-suspeito-de-articular-ataque-contra-guarda-municipal-em-uba\/#breadcrumb"},"inLanguage":"pt-BR","potentialAction":[{"@type":"ReadAction","target":["https:\/\/marcelolopes.jor.br\/site\/2025\/08\/16\/preso-suspeito-de-articular-ataque-contra-guarda-municipal-em-uba\/"]}]},{"@type":"ImageObject","inLanguage":"pt-BR","@id":"https:\/\/marcelolopes.jor.br\/site\/2025\/08\/16\/preso-suspeito-de-articular-ataque-contra-guarda-municipal-em-uba\/#primaryimage","url":"https:\/\/marcelolopes.jor.br\/site\/wp-content\/uploads\/2025\/08\/PCMG-e1755350935241.jpeg","contentUrl":"https:\/\/marcelolopes.jor.br\/site\/wp-content\/uploads\/2025\/08\/PCMG-e1755350935241.jpeg","width":1257,"height":817,"caption":"Preso suspeito de articular"},{"@type":"BreadcrumbList","@id":"https:\/\/marcelolopes.jor.br\/site\/2025\/08\/16\/preso-suspeito-de-articular-ataque-contra-guarda-municipal-em-uba\/#breadcrumb","itemListElement":[{"@type":"ListItem","position":1,"name":"Home","item":"https:\/\/marcelolopes.jor.br\/site\/"},{"@type":"ListItem","position":2,"name":"Preso suspeito de articular ataque contra guarda municipal em Ub\u00e1"}]},{"@type":"WebSite","@id":"https:\/\/marcelolopes.jor.br\/site\/#website","url":"https:\/\/marcelolopes.jor.br\/site\/","name":"Marcelo Lopes","description":"Not\u00edcias de Cataguases e Regi\u00e3o","publisher":{"@id":"https:\/\/marcelolopes.jor.br\/site\/#organization"},"potentialAction":[{"@type":"SearchAction","target":{"@type":"EntryPoint","urlTemplate":"https:\/\/marcelolopes.jor.br\/site\/?s={search_term_string}"},"query-input":{"@type":"PropertyValueSpecification","valueRequired":true,"valueName":"search_term_string"}}],"inLanguage":"pt-BR"},{"@type":"Organization","@id":"https:\/\/marcelolopes.jor.br\/site\/#organization","name":"Site do Marcelo Lopes","url":"https:\/\/marcelolopes.jor.br\/site\/","logo":{"@type":"ImageObject","inLanguage":"pt-BR","@id":"https:\/\/marcelolopes.jor.br\/site\/#\/schema\/logo\/image\/","url":"https:\/\/marcelolopes.jor.br\/site\/wp-content\/uploads\/2026\/07\/cropped-logo2026.png","contentUrl":"https:\/\/marcelolopes.jor.br\/site\/wp-content\/uploads\/2026\/07\/cropped-logo2026.png","width":328,"height":96,"caption":"Site do Marcelo Lopes"},"image":{"@id":"https:\/\/marcelolopes.jor.br\/site\/#\/schema\/logo\/image\/"},"sameAs":["https:\/\/www.facebook.com\/sitedomarcelolopes","https:\/\/www.instagram.com\/sitedomarcelolopes\/","https:\/\/www.linkedin.com\/company\/site-do-marcelo-lopes\/","https:\/\/www.youtube.com\/user\/marcelolopes957"]},{"@type":"Person","@id":"https:\/\/marcelolopes.jor.br\/site\/#\/schema\/person\/3e7216a35c34d8fdf952b31da3d1f89f","name":"Marcelo Lopes","sameAs":["http:\/\/www.marcelolopes.jor.br"],"url":"https:\/\/marcelolopes.jor.br\/site\/author\/marcelo\/"}]}},"wps_subtitle":"\u201cOpera\u00e7\u00e3o \u00daltima Linha\u201d cumpriu mandados de pris\u00e3o, busca e apreens\u00e3o e localizou artefatos explosivos","_links":{"self":[{"href":"https:\/\/marcelolopes.jor.br\/site\/wp-json\/wp\/v2\/posts\/59972","targetHints":{"allow":["GET"]}}],"collection":[{"href":"https:\/\/marcelolopes.jor.br\/site\/wp-json\/wp\/v2\/posts"}],"about":[{"href":"https:\/\/marcelolopes.jor.br\/site\/wp-json\/wp\/v2\/types\/post"}],"author":[{"embeddable":true,"href":"https:\/\/marcelolopes.jor.br\/site\/wp-json\/wp\/v2\/users\/2"}],"replies":[{"embeddable":true,"href":"https:\/\/marcelolopes.jor.br\/site\/wp-json\/wp\/v2\/comments?post=59972"}],"version-history":[{"count":0,"href":"https:\/\/marcelolopes.jor.br\/site\/wp-json\/wp\/v2\/posts\/59972\/revisions"}],"wp:featuredmedia":[{"embeddable":true,"href":"https:\/\/marcelolopes.jor.br\/site\/wp-json\/wp\/v2\/media\/59974"}],"wp:attachment":[{"href":"https:\/\/marcelolopes.jor.br\/site\/wp-json\/wp\/v2\/media?parent=59972"}],"wp:term":[{"taxonomy":"category","embeddable":true,"href":"https:\/\/marcelolopes.jor.br\/site\/wp-json\/wp\/v2\/categories?post=59972"},{"taxonomy":"post_tag","embeddable":true,"href":"https:\/\/marcelolopes.jor.br\/site\/wp-json\/wp\/v2\/tags?post=59972"}],"curies":[{"name":"wp","href":"https:\/\/api.w.org\/{rel}","templated":true}]}}