{"id":59826,"date":"2025-08-09T19:00:17","date_gmt":"2025-08-09T22:00:17","guid":{"rendered":"https:\/\/marcelolopes.jor.br\/?p=59826"},"modified":"2025-08-09T19:18:07","modified_gmt":"2025-08-09T22:18:07","slug":"mae-surda-da-a-luz-com-ajuda-de-interprete-de-libras","status":"publish","type":"post","link":"https:\/\/marcelolopes.jor.br\/site\/2025\/08\/09\/mae-surda-da-a-luz-com-ajuda-de-interprete-de-libras\/","title":{"rendered":"M\u00e3e surda d\u00e1 \u00e0 luz com ajuda de int\u00e9rprete de libras"},"content":{"rendered":"<p>Cataguases viveu, neste s\u00e1bado, 9 de agosto, um exemplo inspirador de inclus\u00e3o e cuidado humanizado na sa\u00fade. No Hospital de Cataguases, Amanda Vit\u00f3ria da Silva Felipe, 26 anos, natural de Itamarati de Minas e surda, deu \u00e0 luz ao pequeno Nathan da Silva Dias \u2014 um beb\u00ea saud\u00e1vel, com 3,480 kg e 48 cm \u2014 em um parto marcado pela acessibilidade e aten\u00e7\u00e3o integral da equipe m\u00e9dica.<!--more--><\/p>\n<h4 class=\"p1\"><span class=\"s1\">\ud83d\udcf8\u00a0<span style=\"color: #008000;\">Siga o Site do Marcelo Lopes no<\/span>\u00a0<span style=\"color: #800000;\"><a style=\"color: #800000;\" href=\"https:\/\/www.facebook.com\/sitedomarcelolopes\/\"><strong>Facebook<\/strong><\/a><\/span>\u00a0<span style=\"color: #008000;\">e no<\/span>\u00a0<span style=\"color: #800000;\"><strong><a style=\"color: #800000;\" href=\"https:\/\/www.instagram.com\/sitedomarcelolopes\/\">Instagram<\/a><\/strong><\/span><\/span><\/h4>\n<h4 class=\"p1\">\ud83d\udcf1<span style=\"color: #008000;\">Participe do grupo de<\/span>\u00a0<span style=\"color: #800000;\"><a style=\"color: #800000;\" href=\"https:\/\/chat.whatsapp.com\/BibzcI1ibYSKytbdyzubLA\"><strong>WhatsApp<\/strong><\/a><\/span> <span style=\"color: #008000;\">do Site do Marcelo Lopes<\/span><\/h4>\n<p>&nbsp;<\/p>\n<p>A jornada come\u00e7ou na tarde de sexta-feira (8), quando a bolsa de Amanda rompeu \u00e0s 17h. Foram 15 horas de esfor\u00e7o, at\u00e9 que, com 7 cm de dilata\u00e7\u00e3o e ap\u00f3s exame realizado pela m\u00e9dica plantonista do Pronto-Socorro, Doutora Roseane, detectou-se a necessidade de uma cesariana, garantindo a seguran\u00e7a da m\u00e3e e de seu filho. O parto foi feito com sucesso por uma equipe de profissionais dedicada, e o beb\u00ea recebeu os primeiros atendimentos da pediatra de plant\u00e3o, Doutora Jana\u00edna.<\/p>\n<p><img loading=\"lazy\" decoding=\"async\" class=\"size-full wp-image-59828 alignleft\" src=\"https:\/\/marcelolopes.jor.br\/site\/wp-content\/uploads\/2025\/08\/pai.jpg\" alt=\"\" width=\"200\" height=\"256\" \/>Durante todo o processo, Amanda contou com a presen\u00e7a fundamental da int\u00e9rprete de Libras, Hilmara Miranda Gomes, que assegurou a comunica\u00e7\u00e3o plena entre paciente e equipe. A medida, garantida por lei, mostrou na pr\u00e1tica a import\u00e2ncia de profissionais capacitados para atender pessoas com defici\u00eancia auditiva, respeitando seus direitos e necessidades.<\/p>\n<p>O momento do nascimento emocionou n\u00e3o s\u00f3 o pai da crian\u00e7a, Gustavo Dias Brim (foto ao lado), bem como todos que estavam na sala, evidenciando o comprometimento do Hospital de Cataguases em oferecer um ambiente seguro, acolhedor e acess\u00edvel. A acessibilidade disponibilizada pelo Hospital foi essencial para que os pacientes recebessem atendimento digno e de qualidade.<\/p>\n<p><strong>OUTRAS NOT\u00cdCIAS<\/strong><br \/>\n<a href=\"https:\/\/marcelolopes.jor.br\/2025\/06\/06\/energisa-instala-sistema-fotovoltaico-no-hospital-de-cataguases-2\/\"><strong><span style=\"color: #800000;\">Energisa instala sistema fotovoltaico no Hospital de Cataguases<\/span><\/strong><\/a><\/p>\n<p><a href=\"https:\/\/marcelolopes.jor.br\/2025\/01\/02\/hospital-de-cataguases-volta-a-atender-pelo-ipsemg\/\"><strong><span style=\"color: #800000;\">Hospital de Cataguases volta a atender pelo IPSEMG<\/span><\/strong><\/a><\/p>\n<p>Fotos: Equipe de Enfermagem do Hospital de Cataguases<\/p>\n<div class=\"lhjij69f7796a46c43\" ><br><\/div><style type=\"text\/css\">\r\n@media screen and (min-width: 1201px) {\r\n.lhjij69f7796a46c43 {\r\ndisplay: block;\r\n}\r\n}\r\n@media screen and (min-width: 993px) and (max-width: 1200px) {\r\n.lhjij69f7796a46c43 {\r\ndisplay: block;\r\n}\r\n}\r\n@media screen and (min-width: 769px) and (max-width: 992px) {\r\n.lhjij69f7796a46c43 {\r\ndisplay: block;\r\n}\r\n}\r\n@media screen and (min-width: 768px) and (max-width: 768px) {\r\n.lhjij69f7796a46c43 {\r\ndisplay: block;\r\n}\r\n}\r\n@media screen and (max-width: 767px) {\r\n.lhjij69f7796a46c43 {\r\ndisplay: block;\r\n}\r\n}\r\n<\/style>\r\n<div class=\"qkyne69f7796a4c1ff\" ><div id=\"div_destino\"><\/div>\r\n<script src=\"https:\/\/cdn.snsrsv.com\/sdk.js\"><\/script>\r\n<script >\r\n      new sdk(\"464030C30061EA8BE065000000000001\") \r\n          .appendTo(\"div_destino\")\r\n          .disableStyle(true) \r\n          .setCacheBusterMacro(\"%%CACHEBUSTER%%\")\r\n          .setSize(\"800\",\"214\")\r\n          .setClickMacro(\"%%CLICK_URL_ESC%%\") \r\n          .setReferrerUrlMacro(\"%%REFERRER_URL_ESC%%\") \r\n          .start(); \r\n<\/script><\/div><style type=\"text\/css\">\r\n@media screen and (min-width: 1201px) {\r\n.qkyne69f7796a4c1ff {\r\ndisplay: block;\r\n}\r\n}\r\n@media screen and (min-width: 993px) and (max-width: 1200px) {\r\n.qkyne69f7796a4c1ff {\r\ndisplay: block;\r\n}\r\n}\r\n@media screen and (min-width: 769px) and (max-width: 992px) {\r\n.qkyne69f7796a4c1ff {\r\ndisplay: block;\r\n}\r\n}\r\n@media screen and (min-width: 768px) and (max-width: 768px) {\r\n.qkyne69f7796a4c1ff {\r\ndisplay: block;\r\n}\r\n}\r\n@media screen and (max-width: 767px) {\r\n.qkyne69f7796a4c1ff {\r\ndisplay: block;\r\n}\r\n}\r\n<\/style>\r\n","protected":false},"excerpt":{"rendered":"<p>Cataguases viveu, neste s\u00e1bado, 9 de agosto, um exemplo inspirador de inclus\u00e3o e cuidado humanizado na sa\u00fade. No Hospital de Cataguases, Amanda Vit\u00f3ria da Silva Felipe, 26 anos, natural de Itamarati de Minas e surda, deu \u00e0 luz ao pequeno<\/p>\n<p class=\"link-more\"><a class=\"more-link\" href=\"https:\/\/marcelolopes.jor.br\/site\/2025\/08\/09\/mae-surda-da-a-luz-com-ajuda-de-interprete-de-libras\/\">Leia mais <span class=\"screen-reader-text\">M\u00e3e surda d\u00e1 \u00e0 luz com ajuda de int\u00e9rprete de libras<\/span><\/a><\/p>\n","protected":false},"author":2,"featured_media":59827,"comment_status":"open","ping_status":"closed","sticky":false,"template":"","format":"standard","meta":{"footnotes":""},"categories":[1],"tags":[],"class_list":["post-59826","post","type-post","status-publish","format-standard","has-post-thumbnail","hentry","category-noticias","thumb-below-title"],"yoast_head":"<!-- This site is optimized with the Yoast SEO plugin v27.4 - https:\/\/yoast.com\/product\/yoast-seo-wordpress\/ -->\n<title>M\u00e3e surda d\u00e1 \u00e0 luz com ajuda de int\u00e9rprete de libras | Marcelo Lopes<\/title>\n<meta name=\"description\" content=\"M\u00e3e surda d\u00e1 \u00e0 luz com ajuda de Int\u00e9rprete de Libras. Parto humanizado e acess\u00edvel foi realizado no Hospital de Cataguases.\" \/>\n<meta name=\"robots\" content=\"index, follow, max-snippet:-1, max-image-preview:large, max-video-preview:-1\" \/>\n<link rel=\"canonical\" href=\"https:\/\/marcelolopes.jor.br\/site\/2025\/08\/09\/mae-surda-da-a-luz-com-ajuda-de-interprete-de-libras\/\" \/>\n<meta property=\"og:locale\" content=\"pt_BR\" \/>\n<meta property=\"og:type\" content=\"article\" \/>\n<meta property=\"og:title\" content=\"M\u00e3e surda d\u00e1 \u00e0 luz com ajuda de int\u00e9rprete de libras | Marcelo Lopes\" \/>\n<meta property=\"og:description\" content=\"M\u00e3e surda d\u00e1 \u00e0 luz com ajuda de Int\u00e9rprete de Libras. Parto humanizado e acess\u00edvel foi realizado no Hospital de Cataguases.\" \/>\n<meta property=\"og:url\" content=\"https:\/\/marcelolopes.jor.br\/site\/2025\/08\/09\/mae-surda-da-a-luz-com-ajuda-de-interprete-de-libras\/\" \/>\n<meta property=\"og:site_name\" content=\"Marcelo Lopes\" \/>\n<meta property=\"article:publisher\" content=\"https:\/\/www.facebook.com\/sitedomarcelolopes\" \/>\n<meta property=\"article:published_time\" content=\"2025-08-09T22:00:17+00:00\" \/>\n<meta property=\"article:modified_time\" content=\"2025-08-09T22:18:07+00:00\" \/>\n<meta property=\"og:image\" content=\"https:\/\/marcelolopes.jor.br\/site\/wp-content\/uploads\/2025\/08\/paciente.jpg\" \/>\n\t<meta property=\"og:image:width\" content=\"800\" \/>\n\t<meta property=\"og:image:height\" content=\"555\" \/>\n\t<meta property=\"og:image:type\" content=\"image\/jpeg\" \/>\n<meta name=\"author\" content=\"Marcelo Lopes\" \/>\n<meta name=\"twitter:card\" content=\"summary_large_image\" \/>\n<meta name=\"twitter:label1\" content=\"Escrito por\" \/>\n\t<meta name=\"twitter:data1\" content=\"Marcelo Lopes\" \/>\n\t<meta name=\"twitter:label2\" content=\"Est. tempo de leitura\" \/>\n\t<meta name=\"twitter:data2\" content=\"2 minutos\" \/>\n<script type=\"application\/ld+json\" class=\"yoast-schema-graph\">{\"@context\":\"https:\\\/\\\/schema.org\",\"@graph\":[{\"@type\":\"NewsArticle\",\"@id\":\"https:\\\/\\\/marcelolopes.jor.br\\\/site\\\/2025\\\/08\\\/09\\\/mae-surda-da-a-luz-com-ajuda-de-interprete-de-libras\\\/#article\",\"isPartOf\":{\"@id\":\"https:\\\/\\\/marcelolopes.jor.br\\\/site\\\/2025\\\/08\\\/09\\\/mae-surda-da-a-luz-com-ajuda-de-interprete-de-libras\\\/\"},\"author\":{\"name\":\"Marcelo Lopes\",\"@id\":\"https:\\\/\\\/marcelolopes.jor.br\\\/site\\\/#\\\/schema\\\/person\\\/3e7216a35c34d8fdf952b31da3d1f89f\"},\"headline\":\"M\u00e3e surda d\u00e1 \u00e0 luz com ajuda de int\u00e9rprete de libras\",\"datePublished\":\"2025-08-09T22:00:17+00:00\",\"dateModified\":\"2025-08-09T22:18:07+00:00\",\"mainEntityOfPage\":{\"@id\":\"https:\\\/\\\/marcelolopes.jor.br\\\/site\\\/2025\\\/08\\\/09\\\/mae-surda-da-a-luz-com-ajuda-de-interprete-de-libras\\\/\"},\"wordCount\":328,\"commentCount\":0,\"publisher\":{\"@id\":\"https:\\\/\\\/marcelolopes.jor.br\\\/site\\\/#organization\"},\"image\":{\"@id\":\"https:\\\/\\\/marcelolopes.jor.br\\\/site\\\/2025\\\/08\\\/09\\\/mae-surda-da-a-luz-com-ajuda-de-interprete-de-libras\\\/#primaryimage\"},\"thumbnailUrl\":\"https:\\\/\\\/marcelolopes.jor.br\\\/site\\\/wp-content\\\/uploads\\\/2025\\\/08\\\/paciente.jpg\",\"articleSection\":[\"Not\u00edcias\"],\"inLanguage\":\"pt-BR\",\"potentialAction\":[{\"@type\":\"CommentAction\",\"name\":\"Comment\",\"target\":[\"https:\\\/\\\/marcelolopes.jor.br\\\/site\\\/2025\\\/08\\\/09\\\/mae-surda-da-a-luz-com-ajuda-de-interprete-de-libras\\\/#respond\"]}]},{\"@type\":\"WebPage\",\"@id\":\"https:\\\/\\\/marcelolopes.jor.br\\\/site\\\/2025\\\/08\\\/09\\\/mae-surda-da-a-luz-com-ajuda-de-interprete-de-libras\\\/\",\"url\":\"https:\\\/\\\/marcelolopes.jor.br\\\/site\\\/2025\\\/08\\\/09\\\/mae-surda-da-a-luz-com-ajuda-de-interprete-de-libras\\\/\",\"name\":\"M\u00e3e surda d\u00e1 \u00e0 luz com ajuda de int\u00e9rprete de libras | Marcelo Lopes\",\"isPartOf\":{\"@id\":\"https:\\\/\\\/marcelolopes.jor.br\\\/site\\\/#website\"},\"primaryImageOfPage\":{\"@id\":\"https:\\\/\\\/marcelolopes.jor.br\\\/site\\\/2025\\\/08\\\/09\\\/mae-surda-da-a-luz-com-ajuda-de-interprete-de-libras\\\/#primaryimage\"},\"image\":{\"@id\":\"https:\\\/\\\/marcelolopes.jor.br\\\/site\\\/2025\\\/08\\\/09\\\/mae-surda-da-a-luz-com-ajuda-de-interprete-de-libras\\\/#primaryimage\"},\"thumbnailUrl\":\"https:\\\/\\\/marcelolopes.jor.br\\\/site\\\/wp-content\\\/uploads\\\/2025\\\/08\\\/paciente.jpg\",\"datePublished\":\"2025-08-09T22:00:17+00:00\",\"dateModified\":\"2025-08-09T22:18:07+00:00\",\"description\":\"M\u00e3e surda d\u00e1 \u00e0 luz com ajuda de Int\u00e9rprete de Libras. Parto humanizado e acess\u00edvel foi realizado no Hospital de Cataguases.\",\"breadcrumb\":{\"@id\":\"https:\\\/\\\/marcelolopes.jor.br\\\/site\\\/2025\\\/08\\\/09\\\/mae-surda-da-a-luz-com-ajuda-de-interprete-de-libras\\\/#breadcrumb\"},\"inLanguage\":\"pt-BR\",\"potentialAction\":[{\"@type\":\"ReadAction\",\"target\":[\"https:\\\/\\\/marcelolopes.jor.br\\\/site\\\/2025\\\/08\\\/09\\\/mae-surda-da-a-luz-com-ajuda-de-interprete-de-libras\\\/\"]}]},{\"@type\":\"ImageObject\",\"inLanguage\":\"pt-BR\",\"@id\":\"https:\\\/\\\/marcelolopes.jor.br\\\/site\\\/2025\\\/08\\\/09\\\/mae-surda-da-a-luz-com-ajuda-de-interprete-de-libras\\\/#primaryimage\",\"url\":\"https:\\\/\\\/marcelolopes.jor.br\\\/site\\\/wp-content\\\/uploads\\\/2025\\\/08\\\/paciente.jpg\",\"contentUrl\":\"https:\\\/\\\/marcelolopes.jor.br\\\/site\\\/wp-content\\\/uploads\\\/2025\\\/08\\\/paciente.jpg\",\"width\":800,\"height\":555,\"caption\":\"M\u00e3e surda d\u00e1 \u00e0\"},{\"@type\":\"BreadcrumbList\",\"@id\":\"https:\\\/\\\/marcelolopes.jor.br\\\/site\\\/2025\\\/08\\\/09\\\/mae-surda-da-a-luz-com-ajuda-de-interprete-de-libras\\\/#breadcrumb\",\"itemListElement\":[{\"@type\":\"ListItem\",\"position\":1,\"name\":\"Home\",\"item\":\"https:\\\/\\\/marcelolopes.jor.br\\\/site\\\/\"},{\"@type\":\"ListItem\",\"position\":2,\"name\":\"M\u00e3e surda d\u00e1 \u00e0 luz com ajuda de int\u00e9rprete de libras\"}]},{\"@type\":\"WebSite\",\"@id\":\"https:\\\/\\\/marcelolopes.jor.br\\\/site\\\/#website\",\"url\":\"https:\\\/\\\/marcelolopes.jor.br\\\/site\\\/\",\"name\":\"Marcelo Lopes\",\"description\":\"Not\u00edcias de Cataguases e Regi\u00e3o\",\"publisher\":{\"@id\":\"https:\\\/\\\/marcelolopes.jor.br\\\/site\\\/#organization\"},\"potentialAction\":[{\"@type\":\"SearchAction\",\"target\":{\"@type\":\"EntryPoint\",\"urlTemplate\":\"https:\\\/\\\/marcelolopes.jor.br\\\/site\\\/?s={search_term_string}\"},\"query-input\":{\"@type\":\"PropertyValueSpecification\",\"valueRequired\":true,\"valueName\":\"search_term_string\"}}],\"inLanguage\":\"pt-BR\"},{\"@type\":\"Organization\",\"@id\":\"https:\\\/\\\/marcelolopes.jor.br\\\/site\\\/#organization\",\"name\":\"Site do Marcelo Lopes\",\"url\":\"https:\\\/\\\/marcelolopes.jor.br\\\/site\\\/\",\"logo\":{\"@type\":\"ImageObject\",\"inLanguage\":\"pt-BR\",\"@id\":\"https:\\\/\\\/marcelolopes.jor.br\\\/site\\\/#\\\/schema\\\/logo\\\/image\\\/\",\"url\":\"https:\\\/\\\/marcelolopes.jor.br\\\/site\\\/wp-content\\\/uploads\\\/2024\\\/11\\\/logo-1.png\",\"contentUrl\":\"https:\\\/\\\/marcelolopes.jor.br\\\/site\\\/wp-content\\\/uploads\\\/2024\\\/11\\\/logo-1.png\",\"width\":475,\"height\":80,\"caption\":\"Site do Marcelo Lopes\"},\"image\":{\"@id\":\"https:\\\/\\\/marcelolopes.jor.br\\\/site\\\/#\\\/schema\\\/logo\\\/image\\\/\"},\"sameAs\":[\"https:\\\/\\\/www.facebook.com\\\/sitedomarcelolopes\",\"https:\\\/\\\/www.instagram.com\\\/sitedomarcelolopes\\\/\",\"https:\\\/\\\/www.linkedin.com\\\/company\\\/site-do-marcelo-lopes\\\/\",\"https:\\\/\\\/www.youtube.com\\\/user\\\/marcelolopes957\"]},{\"@type\":\"Person\",\"@id\":\"https:\\\/\\\/marcelolopes.jor.br\\\/site\\\/#\\\/schema\\\/person\\\/3e7216a35c34d8fdf952b31da3d1f89f\",\"name\":\"Marcelo Lopes\",\"sameAs\":[\"http:\\\/\\\/www.marcelolopes.jor.br\"],\"url\":\"https:\\\/\\\/marcelolopes.jor.br\\\/site\\\/author\\\/marcelo\\\/\"}]}<\/script>\n<!-- \/ Yoast SEO plugin. -->","yoast_head_json":{"title":"M\u00e3e surda d\u00e1 \u00e0 luz com ajuda de int\u00e9rprete de libras | Marcelo Lopes","description":"M\u00e3e surda d\u00e1 \u00e0 luz com ajuda de Int\u00e9rprete de Libras. Parto humanizado e acess\u00edvel foi realizado no Hospital de Cataguases.","robots":{"index":"index","follow":"follow","max-snippet":"max-snippet:-1","max-image-preview":"max-image-preview:large","max-video-preview":"max-video-preview:-1"},"canonical":"https:\/\/marcelolopes.jor.br\/site\/2025\/08\/09\/mae-surda-da-a-luz-com-ajuda-de-interprete-de-libras\/","og_locale":"pt_BR","og_type":"article","og_title":"M\u00e3e surda d\u00e1 \u00e0 luz com ajuda de int\u00e9rprete de libras | Marcelo Lopes","og_description":"M\u00e3e surda d\u00e1 \u00e0 luz com ajuda de Int\u00e9rprete de Libras. Parto humanizado e acess\u00edvel foi realizado no Hospital de Cataguases.","og_url":"https:\/\/marcelolopes.jor.br\/site\/2025\/08\/09\/mae-surda-da-a-luz-com-ajuda-de-interprete-de-libras\/","og_site_name":"Marcelo Lopes","article_publisher":"https:\/\/www.facebook.com\/sitedomarcelolopes","article_published_time":"2025-08-09T22:00:17+00:00","article_modified_time":"2025-08-09T22:18:07+00:00","og_image":[{"width":800,"height":555,"url":"https:\/\/marcelolopes.jor.br\/site\/wp-content\/uploads\/2025\/08\/paciente.jpg","type":"image\/jpeg"}],"author":"Marcelo Lopes","twitter_card":"summary_large_image","twitter_misc":{"Escrito por":"Marcelo Lopes","Est. tempo de leitura":"2 minutos"},"schema":{"@context":"https:\/\/schema.org","@graph":[{"@type":"NewsArticle","@id":"https:\/\/marcelolopes.jor.br\/site\/2025\/08\/09\/mae-surda-da-a-luz-com-ajuda-de-interprete-de-libras\/#article","isPartOf":{"@id":"https:\/\/marcelolopes.jor.br\/site\/2025\/08\/09\/mae-surda-da-a-luz-com-ajuda-de-interprete-de-libras\/"},"author":{"name":"Marcelo Lopes","@id":"https:\/\/marcelolopes.jor.br\/site\/#\/schema\/person\/3e7216a35c34d8fdf952b31da3d1f89f"},"headline":"M\u00e3e surda d\u00e1 \u00e0 luz com ajuda de int\u00e9rprete de libras","datePublished":"2025-08-09T22:00:17+00:00","dateModified":"2025-08-09T22:18:07+00:00","mainEntityOfPage":{"@id":"https:\/\/marcelolopes.jor.br\/site\/2025\/08\/09\/mae-surda-da-a-luz-com-ajuda-de-interprete-de-libras\/"},"wordCount":328,"commentCount":0,"publisher":{"@id":"https:\/\/marcelolopes.jor.br\/site\/#organization"},"image":{"@id":"https:\/\/marcelolopes.jor.br\/site\/2025\/08\/09\/mae-surda-da-a-luz-com-ajuda-de-interprete-de-libras\/#primaryimage"},"thumbnailUrl":"https:\/\/marcelolopes.jor.br\/site\/wp-content\/uploads\/2025\/08\/paciente.jpg","articleSection":["Not\u00edcias"],"inLanguage":"pt-BR","potentialAction":[{"@type":"CommentAction","name":"Comment","target":["https:\/\/marcelolopes.jor.br\/site\/2025\/08\/09\/mae-surda-da-a-luz-com-ajuda-de-interprete-de-libras\/#respond"]}]},{"@type":"WebPage","@id":"https:\/\/marcelolopes.jor.br\/site\/2025\/08\/09\/mae-surda-da-a-luz-com-ajuda-de-interprete-de-libras\/","url":"https:\/\/marcelolopes.jor.br\/site\/2025\/08\/09\/mae-surda-da-a-luz-com-ajuda-de-interprete-de-libras\/","name":"M\u00e3e surda d\u00e1 \u00e0 luz com ajuda de int\u00e9rprete de libras | Marcelo Lopes","isPartOf":{"@id":"https:\/\/marcelolopes.jor.br\/site\/#website"},"primaryImageOfPage":{"@id":"https:\/\/marcelolopes.jor.br\/site\/2025\/08\/09\/mae-surda-da-a-luz-com-ajuda-de-interprete-de-libras\/#primaryimage"},"image":{"@id":"https:\/\/marcelolopes.jor.br\/site\/2025\/08\/09\/mae-surda-da-a-luz-com-ajuda-de-interprete-de-libras\/#primaryimage"},"thumbnailUrl":"https:\/\/marcelolopes.jor.br\/site\/wp-content\/uploads\/2025\/08\/paciente.jpg","datePublished":"2025-08-09T22:00:17+00:00","dateModified":"2025-08-09T22:18:07+00:00","description":"M\u00e3e surda d\u00e1 \u00e0 luz com ajuda de Int\u00e9rprete de Libras. Parto humanizado e acess\u00edvel foi realizado no Hospital de Cataguases.","breadcrumb":{"@id":"https:\/\/marcelolopes.jor.br\/site\/2025\/08\/09\/mae-surda-da-a-luz-com-ajuda-de-interprete-de-libras\/#breadcrumb"},"inLanguage":"pt-BR","potentialAction":[{"@type":"ReadAction","target":["https:\/\/marcelolopes.jor.br\/site\/2025\/08\/09\/mae-surda-da-a-luz-com-ajuda-de-interprete-de-libras\/"]}]},{"@type":"ImageObject","inLanguage":"pt-BR","@id":"https:\/\/marcelolopes.jor.br\/site\/2025\/08\/09\/mae-surda-da-a-luz-com-ajuda-de-interprete-de-libras\/#primaryimage","url":"https:\/\/marcelolopes.jor.br\/site\/wp-content\/uploads\/2025\/08\/paciente.jpg","contentUrl":"https:\/\/marcelolopes.jor.br\/site\/wp-content\/uploads\/2025\/08\/paciente.jpg","width":800,"height":555,"caption":"M\u00e3e surda d\u00e1 \u00e0"},{"@type":"BreadcrumbList","@id":"https:\/\/marcelolopes.jor.br\/site\/2025\/08\/09\/mae-surda-da-a-luz-com-ajuda-de-interprete-de-libras\/#breadcrumb","itemListElement":[{"@type":"ListItem","position":1,"name":"Home","item":"https:\/\/marcelolopes.jor.br\/site\/"},{"@type":"ListItem","position":2,"name":"M\u00e3e surda d\u00e1 \u00e0 luz com ajuda de int\u00e9rprete de libras"}]},{"@type":"WebSite","@id":"https:\/\/marcelolopes.jor.br\/site\/#website","url":"https:\/\/marcelolopes.jor.br\/site\/","name":"Marcelo Lopes","description":"Not\u00edcias de Cataguases e Regi\u00e3o","publisher":{"@id":"https:\/\/marcelolopes.jor.br\/site\/#organization"},"potentialAction":[{"@type":"SearchAction","target":{"@type":"EntryPoint","urlTemplate":"https:\/\/marcelolopes.jor.br\/site\/?s={search_term_string}"},"query-input":{"@type":"PropertyValueSpecification","valueRequired":true,"valueName":"search_term_string"}}],"inLanguage":"pt-BR"},{"@type":"Organization","@id":"https:\/\/marcelolopes.jor.br\/site\/#organization","name":"Site do Marcelo Lopes","url":"https:\/\/marcelolopes.jor.br\/site\/","logo":{"@type":"ImageObject","inLanguage":"pt-BR","@id":"https:\/\/marcelolopes.jor.br\/site\/#\/schema\/logo\/image\/","url":"https:\/\/marcelolopes.jor.br\/site\/wp-content\/uploads\/2024\/11\/logo-1.png","contentUrl":"https:\/\/marcelolopes.jor.br\/site\/wp-content\/uploads\/2024\/11\/logo-1.png","width":475,"height":80,"caption":"Site do Marcelo Lopes"},"image":{"@id":"https:\/\/marcelolopes.jor.br\/site\/#\/schema\/logo\/image\/"},"sameAs":["https:\/\/www.facebook.com\/sitedomarcelolopes","https:\/\/www.instagram.com\/sitedomarcelolopes\/","https:\/\/www.linkedin.com\/company\/site-do-marcelo-lopes\/","https:\/\/www.youtube.com\/user\/marcelolopes957"]},{"@type":"Person","@id":"https:\/\/marcelolopes.jor.br\/site\/#\/schema\/person\/3e7216a35c34d8fdf952b31da3d1f89f","name":"Marcelo Lopes","sameAs":["http:\/\/www.marcelolopes.jor.br"],"url":"https:\/\/marcelolopes.jor.br\/site\/author\/marcelo\/"}]}},"wps_subtitle":"Parto humanizado e acess\u00edvel foi realizado no Hospital de Cataguases.","_links":{"self":[{"href":"https:\/\/marcelolopes.jor.br\/site\/wp-json\/wp\/v2\/posts\/59826","targetHints":{"allow":["GET"]}}],"collection":[{"href":"https:\/\/marcelolopes.jor.br\/site\/wp-json\/wp\/v2\/posts"}],"about":[{"href":"https:\/\/marcelolopes.jor.br\/site\/wp-json\/wp\/v2\/types\/post"}],"author":[{"embeddable":true,"href":"https:\/\/marcelolopes.jor.br\/site\/wp-json\/wp\/v2\/users\/2"}],"replies":[{"embeddable":true,"href":"https:\/\/marcelolopes.jor.br\/site\/wp-json\/wp\/v2\/comments?post=59826"}],"version-history":[{"count":0,"href":"https:\/\/marcelolopes.jor.br\/site\/wp-json\/wp\/v2\/posts\/59826\/revisions"}],"wp:featuredmedia":[{"embeddable":true,"href":"https:\/\/marcelolopes.jor.br\/site\/wp-json\/wp\/v2\/media\/59827"}],"wp:attachment":[{"href":"https:\/\/marcelolopes.jor.br\/site\/wp-json\/wp\/v2\/media?parent=59826"}],"wp:term":[{"taxonomy":"category","embeddable":true,"href":"https:\/\/marcelolopes.jor.br\/site\/wp-json\/wp\/v2\/categories?post=59826"},{"taxonomy":"post_tag","embeddable":true,"href":"https:\/\/marcelolopes.jor.br\/site\/wp-json\/wp\/v2\/tags?post=59826"}],"curies":[{"name":"wp","href":"https:\/\/api.w.org\/{rel}","templated":true}]}}