{"id":5963,"date":"2019-09-15T13:00:53","date_gmt":"2019-09-15T16:00:53","guid":{"rendered":"https:\/\/marcelolopes.jor.br\/?p=5963"},"modified":"2019-09-15T13:17:54","modified_gmt":"2019-09-15T16:17:54","slug":"novas-regras-para-tirar-cnh-entram-em-vigor-segunda-feira-16","status":"publish","type":"post","link":"https:\/\/marcelolopes.jor.br\/site\/2019\/09\/15\/novas-regras-para-tirar-cnh-entram-em-vigor-segunda-feira-16\/","title":{"rendered":"Novas regras para tirar CNH entram em vigor segunda-feira, 16"},"content":{"rendered":"<p style=\"text-align: justify;\">Come\u00e7am a valer a partir desta segunda-feira, 16 de setembro, as novas regras para tirar a Carteira Nacional de Habilita\u00e7\u00e3o (CNH). As mudan\u00e7as foram publicadas na Resolu\u00e7\u00e3o n\u00b0778\/2019 do Conselho Nacional de Tr\u00e2nsito (Contran) e preveem, entre outras altera\u00e7\u00f5es, a n\u00e3o obrigatoriedade do uso de simulador nas autoescolas e a redu\u00e7\u00e3o na carga hor\u00e1ria de aulas pr\u00e1ticas noturnas.<!--more--><\/p>\n<p style=\"text-align: justify;\">A expectativa \u00e9 de que as novas normas provoquem uma redu\u00e7\u00e3o no valor cobrado pelos centros de forma\u00e7\u00e3o de condutores (CFCs). Quando foram publicadas, em junho, a estimativa do ministro da Infraestrutura, Tarc\u00edsio Freitas, era de que o custo fosse reduzido em at\u00e9 15% apenas considerando o uso facultativo dos simuladores.&#8221;<\/p>\n<p style=\"text-align: justify;\">Veja o que muda:<\/p>\n<p style=\"text-align: justify;\"><strong>Simulador n\u00e3o obrigat\u00f3rio<\/strong><br \/>\nA resolu\u00e7\u00e3o faz com que o uso do simulador para obten\u00e7\u00e3o da CNH na categoria B seja facultativo. Com isso, o candidato poder\u00e1 optar por fazer as aulas no aparelho antes de sair para as ruas &#8211; desde que ele esteja dispon\u00edvel no CFC.<\/p>\n<p style=\"text-align: justify;\">A resolu\u00e7\u00e3o determina ainda que o Departamento Nacional de Tr\u00e2nsito (Denatran) ficar\u00e1 respons\u00e1vel por acompanhar o uso do simulador em todo o Brasil e avaliar a sua efic\u00e1cia no processo de forma\u00e7\u00e3o de condutores.<\/p>\n<p style=\"text-align: justify;\"><strong>Carga hor\u00e1ria menor<\/strong><br \/>\nCom o uso facultativo do simulador, a carga hor\u00e1ria necess\u00e1ria de aulas pr\u00e1ticas volta a ser de 20 horas\/aula &#8211; era de 25 horas com o equipamento de dire\u00e7\u00e3o veicular.<\/p>\n<p style=\"text-align: justify;\">Caso o aspirante \u00e0 CNH opte por usar o aparelho, ele poder\u00e1 cumprir 5 horas\/aula no simulador e as outras 15 horas\/aula em vias p\u00fablicas. Sen\u00e3o, as 20 horas\/aula s\u00e3o nas ruas.<\/p>\n<p style=\"text-align: justify;\">J\u00e1 para a inclus\u00e3o da categoria A \u00e0 CNH, a carga hor\u00e1ria do curso pr\u00e1tico volta a ser de, no m\u00ednimo, 15 horas\/ aula.<\/p>\n<p style=\"text-align: justify;\"><strong>Aula pr\u00e1tica noturna reduzida<\/strong><br \/>\nQuem quer tirar carteira de habilita\u00e7\u00e3o nas categorias A (moto), B (autom\u00f3veis) e ACC (ciclomotores) n\u00e3o precisa mais cumprir 5 horas de aulas \u00e0 noite: a partir de agora a exig\u00eancia \u00e9 para apenas 1 hora\/aula.<\/p>\n<p style=\"text-align: justify;\">A exig\u00eancia de aulas noturnas caiu de 5 horas para apenas 1 hora\/ pr\u00e1tica para os aspirantes \u00e0s categorias A (moto), B (autom\u00f3veis) e ACC (Autoriza\u00e7\u00e3o para Conduzir Ciclomotores).<\/p>\n<p style=\"text-align: justify;\"><strong>Permiss\u00e3o para ciclomotores facilitada<\/strong><br \/>\nA carga hor\u00e1ria para obter a permiss\u00e3o de conduzir ciclomotores (ACC) &#8211; ve\u00edculos de duas rodas de 50 cm\u00b3 -, tamb\u00e9m foi reduzida, de 20 para 5 horas\/ aula.<\/p>\n<p style=\"text-align: justify;\">Al\u00e9m disso, quem desejar a autoriza\u00e7\u00e3o, poder\u00e1, dentro de um ano, realizar apenas as provas, sem a necessidade das aulas te\u00f3ricas e pr\u00e1ticas. Por\u00e9m, caso seja reprovado, dever\u00e1 frequentar as aulas pr\u00e1ticas.<\/p>\n<p style=\"text-align: justify;\">Os CFCs poder\u00e3o utilizar ve\u00edculo pr\u00f3prio ou permitir que o aluno possa apresentar um ve\u00edculo para realizar as aulas.<\/p>\n<p><i>Fonte: Jornal Gazeta do Povo | Foto:\u00a0reprodu\u00e7\u00e3o internet<\/i><\/p>\n<div class=\"aemew69f75c16e55fe\" ><br><\/div><style type=\"text\/css\">\r\n@media screen and (min-width: 1201px) {\r\n.aemew69f75c16e55fe {\r\ndisplay: block;\r\n}\r\n}\r\n@media screen and (min-width: 993px) and (max-width: 1200px) {\r\n.aemew69f75c16e55fe {\r\ndisplay: block;\r\n}\r\n}\r\n@media screen and (min-width: 769px) and (max-width: 992px) {\r\n.aemew69f75c16e55fe {\r\ndisplay: block;\r\n}\r\n}\r\n@media screen and (min-width: 768px) and (max-width: 768px) {\r\n.aemew69f75c16e55fe {\r\ndisplay: block;\r\n}\r\n}\r\n@media screen and (max-width: 767px) {\r\n.aemew69f75c16e55fe {\r\ndisplay: block;\r\n}\r\n}\r\n<\/style>\r\n<div class=\"abvcr69f75c16eae52\" ><div id=\"div_destino\"><\/div>\r\n<script src=\"https:\/\/cdn.snsrsv.com\/sdk.js\"><\/script>\r\n<script >\r\n      new sdk(\"464030C30061EA8BE065000000000001\") \r\n          .appendTo(\"div_destino\")\r\n          .disableStyle(true) \r\n          .setCacheBusterMacro(\"%%CACHEBUSTER%%\")\r\n          .setSize(\"800\",\"214\")\r\n          .setClickMacro(\"%%CLICK_URL_ESC%%\") \r\n          .setReferrerUrlMacro(\"%%REFERRER_URL_ESC%%\") \r\n          .start(); \r\n<\/script><\/div><style type=\"text\/css\">\r\n@media screen and (min-width: 1201px) {\r\n.abvcr69f75c16eae52 {\r\ndisplay: block;\r\n}\r\n}\r\n@media screen and (min-width: 993px) and (max-width: 1200px) {\r\n.abvcr69f75c16eae52 {\r\ndisplay: block;\r\n}\r\n}\r\n@media screen and (min-width: 769px) and (max-width: 992px) {\r\n.abvcr69f75c16eae52 {\r\ndisplay: block;\r\n}\r\n}\r\n@media screen and (min-width: 768px) and (max-width: 768px) {\r\n.abvcr69f75c16eae52 {\r\ndisplay: block;\r\n}\r\n}\r\n@media screen and (max-width: 767px) {\r\n.abvcr69f75c16eae52 {\r\ndisplay: block;\r\n}\r\n}\r\n<\/style>\r\n","protected":false},"excerpt":{"rendered":"<p>Come\u00e7am a valer a partir desta segunda-feira, 16 de setembro, as novas regras para tirar a Carteira Nacional de Habilita\u00e7\u00e3o (CNH). As mudan\u00e7as foram publicadas na Resolu\u00e7\u00e3o n\u00b0778\/2019 do Conselho Nacional de Tr\u00e2nsito (Contran) e preveem, entre outras altera\u00e7\u00f5es, a<\/p>\n<p class=\"link-more\"><a class=\"more-link\" href=\"https:\/\/marcelolopes.jor.br\/site\/2019\/09\/15\/novas-regras-para-tirar-cnh-entram-em-vigor-segunda-feira-16\/\">Leia mais <span class=\"screen-reader-text\">Novas regras para tirar CNH entram em vigor segunda-feira, 16<\/span><\/a><\/p>\n","protected":false},"author":2,"featured_media":5965,"comment_status":"open","ping_status":"open","sticky":false,"template":"","format":"standard","meta":{"footnotes":""},"categories":[1],"tags":[1245,1243,995,1246,1244],"class_list":["post-5963","post","type-post","status-publish","format-standard","has-post-thumbnail","hentry","category-noticias","tag-autoescola","tag-carteira-de-habilitacao","tag-carteira-de-motorista","tag-cfc","tag-cnh","thumb-below-title"],"yoast_head":"<!-- This site is optimized with the Yoast SEO plugin v27.4 - https:\/\/yoast.com\/product\/yoast-seo-wordpress\/ -->\n<title>Novas regras para tirar CNH entram em vigor segunda-feira, 16 | Marcelo Lopes<\/title>\n<meta name=\"robots\" content=\"index, follow, max-snippet:-1, max-image-preview:large, max-video-preview:-1\" \/>\n<link rel=\"canonical\" href=\"https:\/\/marcelolopes.jor.br\/site\/2019\/09\/15\/novas-regras-para-tirar-cnh-entram-em-vigor-segunda-feira-16\/\" \/>\n<meta property=\"og:locale\" content=\"pt_BR\" \/>\n<meta property=\"og:type\" content=\"article\" \/>\n<meta property=\"og:title\" content=\"Novas regras para tirar CNH entram em vigor segunda-feira, 16 | Marcelo Lopes\" \/>\n<meta property=\"og:description\" content=\"Come\u00e7am a valer a partir desta segunda-feira, 16 de setembro, as novas regras para tirar a Carteira Nacional de Habilita\u00e7\u00e3o (CNH). As mudan\u00e7as foram publicadas na Resolu\u00e7\u00e3o n\u00b0778\/2019 do Conselho Nacional de Tr\u00e2nsito (Contran) e preveem, entre outras altera\u00e7\u00f5es, aLeia mais Novas regras para tirar CNH entram em vigor segunda-feira, 16\" \/>\n<meta property=\"og:url\" content=\"https:\/\/marcelolopes.jor.br\/site\/2019\/09\/15\/novas-regras-para-tirar-cnh-entram-em-vigor-segunda-feira-16\/\" \/>\n<meta property=\"og:site_name\" content=\"Marcelo Lopes\" \/>\n<meta property=\"article:publisher\" content=\"https:\/\/www.facebook.com\/sitedomarcelolopes\" \/>\n<meta property=\"article:published_time\" content=\"2019-09-15T16:00:53+00:00\" \/>\n<meta property=\"article:modified_time\" content=\"2019-09-15T16:17:54+00:00\" \/>\n<meta property=\"og:image\" content=\"https:\/\/marcelolopes.jor.br\/site\/wp-content\/uploads\/2019\/09\/1_unnamed__2_-8213721.jpg\" \/>\n\t<meta property=\"og:image:width\" content=\"700\" \/>\n\t<meta property=\"og:image:height\" content=\"469\" \/>\n\t<meta property=\"og:image:type\" content=\"image\/jpeg\" \/>\n<meta name=\"author\" content=\"Marcelo Lopes\" \/>\n<meta name=\"twitter:card\" content=\"summary_large_image\" \/>\n<meta name=\"twitter:label1\" content=\"Escrito por\" \/>\n\t<meta name=\"twitter:data1\" content=\"Marcelo Lopes\" \/>\n\t<meta name=\"twitter:label2\" content=\"Est. tempo de leitura\" \/>\n\t<meta name=\"twitter:data2\" content=\"2 minutos\" \/>\n<script type=\"application\/ld+json\" class=\"yoast-schema-graph\">{\"@context\":\"https:\\\/\\\/schema.org\",\"@graph\":[{\"@type\":\"NewsArticle\",\"@id\":\"https:\\\/\\\/marcelolopes.jor.br\\\/site\\\/2019\\\/09\\\/15\\\/novas-regras-para-tirar-cnh-entram-em-vigor-segunda-feira-16\\\/#article\",\"isPartOf\":{\"@id\":\"https:\\\/\\\/marcelolopes.jor.br\\\/site\\\/2019\\\/09\\\/15\\\/novas-regras-para-tirar-cnh-entram-em-vigor-segunda-feira-16\\\/\"},\"author\":{\"name\":\"Marcelo Lopes\",\"@id\":\"https:\\\/\\\/marcelolopes.jor.br\\\/site\\\/#\\\/schema\\\/person\\\/3e7216a35c34d8fdf952b31da3d1f89f\"},\"headline\":\"Novas regras para tirar CNH entram em vigor segunda-feira, 16\",\"datePublished\":\"2019-09-15T16:00:53+00:00\",\"dateModified\":\"2019-09-15T16:17:54+00:00\",\"mainEntityOfPage\":{\"@id\":\"https:\\\/\\\/marcelolopes.jor.br\\\/site\\\/2019\\\/09\\\/15\\\/novas-regras-para-tirar-cnh-entram-em-vigor-segunda-feira-16\\\/\"},\"wordCount\":498,\"commentCount\":0,\"publisher\":{\"@id\":\"https:\\\/\\\/marcelolopes.jor.br\\\/site\\\/#organization\"},\"image\":{\"@id\":\"https:\\\/\\\/marcelolopes.jor.br\\\/site\\\/2019\\\/09\\\/15\\\/novas-regras-para-tirar-cnh-entram-em-vigor-segunda-feira-16\\\/#primaryimage\"},\"thumbnailUrl\":\"https:\\\/\\\/marcelolopes.jor.br\\\/site\\\/wp-content\\\/uploads\\\/2019\\\/09\\\/1_unnamed__2_-8213721.jpg\",\"keywords\":[\"Autoescola\",\"Carteira de Habilita\u00e7\u00e3o\",\"carteira de motorista\",\"CFC\",\"CNH\"],\"articleSection\":[\"Not\u00edcias\"],\"inLanguage\":\"pt-BR\",\"potentialAction\":[{\"@type\":\"CommentAction\",\"name\":\"Comment\",\"target\":[\"https:\\\/\\\/marcelolopes.jor.br\\\/site\\\/2019\\\/09\\\/15\\\/novas-regras-para-tirar-cnh-entram-em-vigor-segunda-feira-16\\\/#respond\"]}]},{\"@type\":\"WebPage\",\"@id\":\"https:\\\/\\\/marcelolopes.jor.br\\\/site\\\/2019\\\/09\\\/15\\\/novas-regras-para-tirar-cnh-entram-em-vigor-segunda-feira-16\\\/\",\"url\":\"https:\\\/\\\/marcelolopes.jor.br\\\/site\\\/2019\\\/09\\\/15\\\/novas-regras-para-tirar-cnh-entram-em-vigor-segunda-feira-16\\\/\",\"name\":\"Novas regras para tirar CNH entram em vigor segunda-feira, 16 | Marcelo Lopes\",\"isPartOf\":{\"@id\":\"https:\\\/\\\/marcelolopes.jor.br\\\/site\\\/#website\"},\"primaryImageOfPage\":{\"@id\":\"https:\\\/\\\/marcelolopes.jor.br\\\/site\\\/2019\\\/09\\\/15\\\/novas-regras-para-tirar-cnh-entram-em-vigor-segunda-feira-16\\\/#primaryimage\"},\"image\":{\"@id\":\"https:\\\/\\\/marcelolopes.jor.br\\\/site\\\/2019\\\/09\\\/15\\\/novas-regras-para-tirar-cnh-entram-em-vigor-segunda-feira-16\\\/#primaryimage\"},\"thumbnailUrl\":\"https:\\\/\\\/marcelolopes.jor.br\\\/site\\\/wp-content\\\/uploads\\\/2019\\\/09\\\/1_unnamed__2_-8213721.jpg\",\"datePublished\":\"2019-09-15T16:00:53+00:00\",\"dateModified\":\"2019-09-15T16:17:54+00:00\",\"breadcrumb\":{\"@id\":\"https:\\\/\\\/marcelolopes.jor.br\\\/site\\\/2019\\\/09\\\/15\\\/novas-regras-para-tirar-cnh-entram-em-vigor-segunda-feira-16\\\/#breadcrumb\"},\"inLanguage\":\"pt-BR\",\"potentialAction\":[{\"@type\":\"ReadAction\",\"target\":[\"https:\\\/\\\/marcelolopes.jor.br\\\/site\\\/2019\\\/09\\\/15\\\/novas-regras-para-tirar-cnh-entram-em-vigor-segunda-feira-16\\\/\"]}]},{\"@type\":\"ImageObject\",\"inLanguage\":\"pt-BR\",\"@id\":\"https:\\\/\\\/marcelolopes.jor.br\\\/site\\\/2019\\\/09\\\/15\\\/novas-regras-para-tirar-cnh-entram-em-vigor-segunda-feira-16\\\/#primaryimage\",\"url\":\"https:\\\/\\\/marcelolopes.jor.br\\\/site\\\/wp-content\\\/uploads\\\/2019\\\/09\\\/1_unnamed__2_-8213721.jpg\",\"contentUrl\":\"https:\\\/\\\/marcelolopes.jor.br\\\/site\\\/wp-content\\\/uploads\\\/2019\\\/09\\\/1_unnamed__2_-8213721.jpg\",\"width\":700,\"height\":469},{\"@type\":\"BreadcrumbList\",\"@id\":\"https:\\\/\\\/marcelolopes.jor.br\\\/site\\\/2019\\\/09\\\/15\\\/novas-regras-para-tirar-cnh-entram-em-vigor-segunda-feira-16\\\/#breadcrumb\",\"itemListElement\":[{\"@type\":\"ListItem\",\"position\":1,\"name\":\"Home\",\"item\":\"https:\\\/\\\/marcelolopes.jor.br\\\/site\\\/\"},{\"@type\":\"ListItem\",\"position\":2,\"name\":\"Novas regras para tirar CNH entram em vigor segunda-feira, 16\"}]},{\"@type\":\"WebSite\",\"@id\":\"https:\\\/\\\/marcelolopes.jor.br\\\/site\\\/#website\",\"url\":\"https:\\\/\\\/marcelolopes.jor.br\\\/site\\\/\",\"name\":\"Marcelo Lopes\",\"description\":\"Not\u00edcias de Cataguases e Regi\u00e3o\",\"publisher\":{\"@id\":\"https:\\\/\\\/marcelolopes.jor.br\\\/site\\\/#organization\"},\"potentialAction\":[{\"@type\":\"SearchAction\",\"target\":{\"@type\":\"EntryPoint\",\"urlTemplate\":\"https:\\\/\\\/marcelolopes.jor.br\\\/site\\\/?s={search_term_string}\"},\"query-input\":{\"@type\":\"PropertyValueSpecification\",\"valueRequired\":true,\"valueName\":\"search_term_string\"}}],\"inLanguage\":\"pt-BR\"},{\"@type\":\"Organization\",\"@id\":\"https:\\\/\\\/marcelolopes.jor.br\\\/site\\\/#organization\",\"name\":\"Site do Marcelo Lopes\",\"url\":\"https:\\\/\\\/marcelolopes.jor.br\\\/site\\\/\",\"logo\":{\"@type\":\"ImageObject\",\"inLanguage\":\"pt-BR\",\"@id\":\"https:\\\/\\\/marcelolopes.jor.br\\\/site\\\/#\\\/schema\\\/logo\\\/image\\\/\",\"url\":\"https:\\\/\\\/marcelolopes.jor.br\\\/site\\\/wp-content\\\/uploads\\\/2024\\\/11\\\/logo-1.png\",\"contentUrl\":\"https:\\\/\\\/marcelolopes.jor.br\\\/site\\\/wp-content\\\/uploads\\\/2024\\\/11\\\/logo-1.png\",\"width\":475,\"height\":80,\"caption\":\"Site do Marcelo Lopes\"},\"image\":{\"@id\":\"https:\\\/\\\/marcelolopes.jor.br\\\/site\\\/#\\\/schema\\\/logo\\\/image\\\/\"},\"sameAs\":[\"https:\\\/\\\/www.facebook.com\\\/sitedomarcelolopes\",\"https:\\\/\\\/www.instagram.com\\\/sitedomarcelolopes\\\/\",\"https:\\\/\\\/www.linkedin.com\\\/company\\\/site-do-marcelo-lopes\\\/\",\"https:\\\/\\\/www.youtube.com\\\/user\\\/marcelolopes957\"]},{\"@type\":\"Person\",\"@id\":\"https:\\\/\\\/marcelolopes.jor.br\\\/site\\\/#\\\/schema\\\/person\\\/3e7216a35c34d8fdf952b31da3d1f89f\",\"name\":\"Marcelo Lopes\",\"sameAs\":[\"http:\\\/\\\/www.marcelolopes.jor.br\"],\"url\":\"https:\\\/\\\/marcelolopes.jor.br\\\/site\\\/author\\\/marcelo\\\/\"}]}<\/script>\n<!-- \/ Yoast SEO plugin. -->","yoast_head_json":{"title":"Novas regras para tirar CNH entram em vigor segunda-feira, 16 | Marcelo Lopes","robots":{"index":"index","follow":"follow","max-snippet":"max-snippet:-1","max-image-preview":"max-image-preview:large","max-video-preview":"max-video-preview:-1"},"canonical":"https:\/\/marcelolopes.jor.br\/site\/2019\/09\/15\/novas-regras-para-tirar-cnh-entram-em-vigor-segunda-feira-16\/","og_locale":"pt_BR","og_type":"article","og_title":"Novas regras para tirar CNH entram em vigor segunda-feira, 16 | Marcelo Lopes","og_description":"Come\u00e7am a valer a partir desta segunda-feira, 16 de setembro, as novas regras para tirar a Carteira Nacional de Habilita\u00e7\u00e3o (CNH). As mudan\u00e7as foram publicadas na Resolu\u00e7\u00e3o n\u00b0778\/2019 do Conselho Nacional de Tr\u00e2nsito (Contran) e preveem, entre outras altera\u00e7\u00f5es, aLeia mais Novas regras para tirar CNH entram em vigor segunda-feira, 16","og_url":"https:\/\/marcelolopes.jor.br\/site\/2019\/09\/15\/novas-regras-para-tirar-cnh-entram-em-vigor-segunda-feira-16\/","og_site_name":"Marcelo Lopes","article_publisher":"https:\/\/www.facebook.com\/sitedomarcelolopes","article_published_time":"2019-09-15T16:00:53+00:00","article_modified_time":"2019-09-15T16:17:54+00:00","og_image":[{"width":700,"height":469,"url":"https:\/\/marcelolopes.jor.br\/site\/wp-content\/uploads\/2019\/09\/1_unnamed__2_-8213721.jpg","type":"image\/jpeg"}],"author":"Marcelo Lopes","twitter_card":"summary_large_image","twitter_misc":{"Escrito por":"Marcelo Lopes","Est. tempo de leitura":"2 minutos"},"schema":{"@context":"https:\/\/schema.org","@graph":[{"@type":"NewsArticle","@id":"https:\/\/marcelolopes.jor.br\/site\/2019\/09\/15\/novas-regras-para-tirar-cnh-entram-em-vigor-segunda-feira-16\/#article","isPartOf":{"@id":"https:\/\/marcelolopes.jor.br\/site\/2019\/09\/15\/novas-regras-para-tirar-cnh-entram-em-vigor-segunda-feira-16\/"},"author":{"name":"Marcelo Lopes","@id":"https:\/\/marcelolopes.jor.br\/site\/#\/schema\/person\/3e7216a35c34d8fdf952b31da3d1f89f"},"headline":"Novas regras para tirar CNH entram em vigor segunda-feira, 16","datePublished":"2019-09-15T16:00:53+00:00","dateModified":"2019-09-15T16:17:54+00:00","mainEntityOfPage":{"@id":"https:\/\/marcelolopes.jor.br\/site\/2019\/09\/15\/novas-regras-para-tirar-cnh-entram-em-vigor-segunda-feira-16\/"},"wordCount":498,"commentCount":0,"publisher":{"@id":"https:\/\/marcelolopes.jor.br\/site\/#organization"},"image":{"@id":"https:\/\/marcelolopes.jor.br\/site\/2019\/09\/15\/novas-regras-para-tirar-cnh-entram-em-vigor-segunda-feira-16\/#primaryimage"},"thumbnailUrl":"https:\/\/marcelolopes.jor.br\/site\/wp-content\/uploads\/2019\/09\/1_unnamed__2_-8213721.jpg","keywords":["Autoescola","Carteira de Habilita\u00e7\u00e3o","carteira de motorista","CFC","CNH"],"articleSection":["Not\u00edcias"],"inLanguage":"pt-BR","potentialAction":[{"@type":"CommentAction","name":"Comment","target":["https:\/\/marcelolopes.jor.br\/site\/2019\/09\/15\/novas-regras-para-tirar-cnh-entram-em-vigor-segunda-feira-16\/#respond"]}]},{"@type":"WebPage","@id":"https:\/\/marcelolopes.jor.br\/site\/2019\/09\/15\/novas-regras-para-tirar-cnh-entram-em-vigor-segunda-feira-16\/","url":"https:\/\/marcelolopes.jor.br\/site\/2019\/09\/15\/novas-regras-para-tirar-cnh-entram-em-vigor-segunda-feira-16\/","name":"Novas regras para tirar CNH entram em vigor segunda-feira, 16 | Marcelo Lopes","isPartOf":{"@id":"https:\/\/marcelolopes.jor.br\/site\/#website"},"primaryImageOfPage":{"@id":"https:\/\/marcelolopes.jor.br\/site\/2019\/09\/15\/novas-regras-para-tirar-cnh-entram-em-vigor-segunda-feira-16\/#primaryimage"},"image":{"@id":"https:\/\/marcelolopes.jor.br\/site\/2019\/09\/15\/novas-regras-para-tirar-cnh-entram-em-vigor-segunda-feira-16\/#primaryimage"},"thumbnailUrl":"https:\/\/marcelolopes.jor.br\/site\/wp-content\/uploads\/2019\/09\/1_unnamed__2_-8213721.jpg","datePublished":"2019-09-15T16:00:53+00:00","dateModified":"2019-09-15T16:17:54+00:00","breadcrumb":{"@id":"https:\/\/marcelolopes.jor.br\/site\/2019\/09\/15\/novas-regras-para-tirar-cnh-entram-em-vigor-segunda-feira-16\/#breadcrumb"},"inLanguage":"pt-BR","potentialAction":[{"@type":"ReadAction","target":["https:\/\/marcelolopes.jor.br\/site\/2019\/09\/15\/novas-regras-para-tirar-cnh-entram-em-vigor-segunda-feira-16\/"]}]},{"@type":"ImageObject","inLanguage":"pt-BR","@id":"https:\/\/marcelolopes.jor.br\/site\/2019\/09\/15\/novas-regras-para-tirar-cnh-entram-em-vigor-segunda-feira-16\/#primaryimage","url":"https:\/\/marcelolopes.jor.br\/site\/wp-content\/uploads\/2019\/09\/1_unnamed__2_-8213721.jpg","contentUrl":"https:\/\/marcelolopes.jor.br\/site\/wp-content\/uploads\/2019\/09\/1_unnamed__2_-8213721.jpg","width":700,"height":469},{"@type":"BreadcrumbList","@id":"https:\/\/marcelolopes.jor.br\/site\/2019\/09\/15\/novas-regras-para-tirar-cnh-entram-em-vigor-segunda-feira-16\/#breadcrumb","itemListElement":[{"@type":"ListItem","position":1,"name":"Home","item":"https:\/\/marcelolopes.jor.br\/site\/"},{"@type":"ListItem","position":2,"name":"Novas regras para tirar CNH entram em vigor segunda-feira, 16"}]},{"@type":"WebSite","@id":"https:\/\/marcelolopes.jor.br\/site\/#website","url":"https:\/\/marcelolopes.jor.br\/site\/","name":"Marcelo Lopes","description":"Not\u00edcias de Cataguases e Regi\u00e3o","publisher":{"@id":"https:\/\/marcelolopes.jor.br\/site\/#organization"},"potentialAction":[{"@type":"SearchAction","target":{"@type":"EntryPoint","urlTemplate":"https:\/\/marcelolopes.jor.br\/site\/?s={search_term_string}"},"query-input":{"@type":"PropertyValueSpecification","valueRequired":true,"valueName":"search_term_string"}}],"inLanguage":"pt-BR"},{"@type":"Organization","@id":"https:\/\/marcelolopes.jor.br\/site\/#organization","name":"Site do Marcelo Lopes","url":"https:\/\/marcelolopes.jor.br\/site\/","logo":{"@type":"ImageObject","inLanguage":"pt-BR","@id":"https:\/\/marcelolopes.jor.br\/site\/#\/schema\/logo\/image\/","url":"https:\/\/marcelolopes.jor.br\/site\/wp-content\/uploads\/2024\/11\/logo-1.png","contentUrl":"https:\/\/marcelolopes.jor.br\/site\/wp-content\/uploads\/2024\/11\/logo-1.png","width":475,"height":80,"caption":"Site do Marcelo Lopes"},"image":{"@id":"https:\/\/marcelolopes.jor.br\/site\/#\/schema\/logo\/image\/"},"sameAs":["https:\/\/www.facebook.com\/sitedomarcelolopes","https:\/\/www.instagram.com\/sitedomarcelolopes\/","https:\/\/www.linkedin.com\/company\/site-do-marcelo-lopes\/","https:\/\/www.youtube.com\/user\/marcelolopes957"]},{"@type":"Person","@id":"https:\/\/marcelolopes.jor.br\/site\/#\/schema\/person\/3e7216a35c34d8fdf952b31da3d1f89f","name":"Marcelo Lopes","sameAs":["http:\/\/www.marcelolopes.jor.br"],"url":"https:\/\/marcelolopes.jor.br\/site\/author\/marcelo\/"}]}},"wps_subtitle":"As mudan\u00e7as foram publicadas na Resolu\u00e7\u00e3o n\u00ba778\/2019 do Conselho Nacional de Tr\u00e2nsito.","_links":{"self":[{"href":"https:\/\/marcelolopes.jor.br\/site\/wp-json\/wp\/v2\/posts\/5963","targetHints":{"allow":["GET"]}}],"collection":[{"href":"https:\/\/marcelolopes.jor.br\/site\/wp-json\/wp\/v2\/posts"}],"about":[{"href":"https:\/\/marcelolopes.jor.br\/site\/wp-json\/wp\/v2\/types\/post"}],"author":[{"embeddable":true,"href":"https:\/\/marcelolopes.jor.br\/site\/wp-json\/wp\/v2\/users\/2"}],"replies":[{"embeddable":true,"href":"https:\/\/marcelolopes.jor.br\/site\/wp-json\/wp\/v2\/comments?post=5963"}],"version-history":[{"count":0,"href":"https:\/\/marcelolopes.jor.br\/site\/wp-json\/wp\/v2\/posts\/5963\/revisions"}],"wp:featuredmedia":[{"embeddable":true,"href":"https:\/\/marcelolopes.jor.br\/site\/wp-json\/wp\/v2\/media\/5965"}],"wp:attachment":[{"href":"https:\/\/marcelolopes.jor.br\/site\/wp-json\/wp\/v2\/media?parent=5963"}],"wp:term":[{"taxonomy":"category","embeddable":true,"href":"https:\/\/marcelolopes.jor.br\/site\/wp-json\/wp\/v2\/categories?post=5963"},{"taxonomy":"post_tag","embeddable":true,"href":"https:\/\/marcelolopes.jor.br\/site\/wp-json\/wp\/v2\/tags?post=5963"}],"curies":[{"name":"wp","href":"https:\/\/api.w.org\/{rel}","templated":true}]}}