{"id":59583,"date":"2025-08-01T07:00:31","date_gmt":"2025-08-01T10:00:31","guid":{"rendered":"https:\/\/marcelolopes.jor.br\/?p=59583"},"modified":"2025-08-01T09:45:53","modified_gmt":"2025-08-01T12:45:53","slug":"finc-2024-e-aberta-oficialmente-com-recorde-de-expositores","status":"publish","type":"post","link":"https:\/\/marcelolopes.jor.br\/site\/2025\/08\/01\/finc-2024-e-aberta-oficialmente-com-recorde-de-expositores\/","title":{"rendered":"Finc 2025 \u00e9 aberta oficialmente com recorde de expositores"},"content":{"rendered":"<p>Foi aberta oficialmente \u00e0s 19h desta quinta-feira, 31 de julho, a Finc \u2013 Feira Industrial e Comercial de Cataguases. \u00c9 realizada pelo Sieel \u2013 Sindicato Intermunicipal das Ind\u00fastrias de Energia El\u00e9trica e Empresas Prestadoras de Servi\u00e7o no Setor El\u00e9trico \u2013, em parceria com diversas institui\u00e7\u00f5es e apoio da Prefeitura de Cataguases.<!--more--><\/p>\n<h4 class=\"p1\"><span class=\"s1\">\ud83d\udcf8\u00a0<span style=\"color: #008000;\">Siga o Site do Marcelo Lopes no<\/span>\u00a0<span style=\"color: #800000;\"><a style=\"color: #800000;\" href=\"https:\/\/www.facebook.com\/sitedomarcelolopes\/\"><strong>Facebook<\/strong><\/a><\/span>\u00a0<span style=\"color: #008000;\">e no<\/span>\u00a0<span style=\"color: #800000;\"><strong><a style=\"color: #800000;\" href=\"https:\/\/www.instagram.com\/sitedomarcelolopes\/\">Instagram<\/a><\/strong><\/span><\/span><\/h4>\n<h4 class=\"p1\">\ud83d\udcf1<span style=\"color: #008000;\">Participe do grupo de<\/span>\u00a0<span style=\"color: #800000;\"><a style=\"color: #800000;\" href=\"https:\/\/chat.whatsapp.com\/BibzcI1ibYSKytbdyzubLA\"><strong>WhatsApp<\/strong><\/a><\/span> <span style=\"color: #008000;\">do Site do Marcelo Lopes<\/span><\/h4>\n<p>&nbsp;<\/p>\n<p>O evento, que segue at\u00e9 o pr\u00f3ximo domingo, 3 de agosto, acontece no pr\u00e9dio da antiga Manufatora e re\u00fane o maior n\u00famero de expositores de sua hist\u00f3ria: s\u00e3o 66 empresas distribu\u00eddas em 40 estandes, al\u00e9m de uma ampla pra\u00e7a de alimenta\u00e7\u00e3o e uma programa\u00e7\u00e3o gratuita com onze shows musicais e palestras sobre temas variados. A primeira delas foi ministrada pelo CEO da Tecidos Cataguases, Tiago Peixoto (foto abaixo), que falou sobre a empresa que est\u00e1 prestes a completar 90 anos em atividade.<\/p>\n<p><img loading=\"lazy\" decoding=\"async\" class=\"aligncenter wp-image-59587\" src=\"https:\/\/marcelolopes.jor.br\/site\/wp-content\/uploads\/2025\/07\/Finc3-e1754007063324-300x183.jpeg\" alt=\"Finc 2024 \u00e9 aberta\" width=\"700\" height=\"428\" srcset=\"https:\/\/marcelolopes.jor.br\/site\/wp-content\/uploads\/2025\/07\/Finc3-e1754007063324-300x183.jpeg 300w, https:\/\/marcelolopes.jor.br\/site\/wp-content\/uploads\/2025\/07\/Finc3-e1754007063324-1024x626.jpeg 1024w, https:\/\/marcelolopes.jor.br\/site\/wp-content\/uploads\/2025\/07\/Finc3-e1754007063324-768x469.jpeg 768w, https:\/\/marcelolopes.jor.br\/site\/wp-content\/uploads\/2025\/07\/Finc3-e1754007063324-640x392.jpeg 640w, https:\/\/marcelolopes.jor.br\/site\/wp-content\/uploads\/2025\/07\/Finc3-e1754007063324.jpeg 1080w\" sizes=\"auto, (max-width: 700px) 100vw, 700px\" \/><\/p>\n<p>Durante a solenidade de abertura, o coordenador da Feira e presidente do Sieel, Ricardo Mattos (foto abaixo), celebrou o crescimento da Finc e agradeceu a todos os parceiros que contribu\u00edram para a sua realiza\u00e7\u00e3o. \u201cEste evento mostra a for\u00e7a das empresas locais e o quanto o setor produtivo pode impulsionar o desenvolvimento da nossa regi\u00e3o\u201d, destacou.<\/p>\n<p><img loading=\"lazy\" decoding=\"async\" class=\"alignnone wp-image-59589\" src=\"https:\/\/marcelolopes.jor.br\/site\/wp-content\/uploads\/2025\/07\/Finc5-e1754007129178-300x199.jpeg\" alt=\"Finc 2024 \u00e9 aberta\" width=\"700\" height=\"464\" srcset=\"https:\/\/marcelolopes.jor.br\/site\/wp-content\/uploads\/2025\/07\/Finc5-e1754007129178-300x199.jpeg 300w, https:\/\/marcelolopes.jor.br\/site\/wp-content\/uploads\/2025\/07\/Finc5-e1754007129178-768x509.jpeg 768w, https:\/\/marcelolopes.jor.br\/site\/wp-content\/uploads\/2025\/07\/Finc5-e1754007129178.jpeg 917w\" sizes=\"auto, (max-width: 700px) 100vw, 700px\" \/><\/p>\n<p>Estiveram presentes na cerim\u00f4nia o prefeito de Cataguases, Jos\u00e9 Henriques, o superintendente de Micro e Pequenas Empresas da Secretaria de Desenvolvimento de Minas Gerais, Marco Ant\u00f4nio Gaspar, o representante do Sebrae-MG em Cataguases, Marco Ant\u00f4nio Mendon\u00e7a, e o representante do Investminas, Igor Bukowski.<\/p>\n<blockquote><p>Durante seu pronunciamento, o prefeito Jos\u00e9 Henriques apresentou uma novidade: o aplicativo Cataguases Mais, uma iniciativa da administra\u00e7\u00e3o municipal para facilitar o acesso da popula\u00e7\u00e3o aos servi\u00e7os p\u00fablicos. \u201cEstamos colocando Cataguases na vanguarda do servi\u00e7o p\u00fablico. Com esse app, o cidad\u00e3o poder\u00e1 acompanhar obras, solicitar servi\u00e7os, marcar atendimentos em sa\u00fade, sugerir, reclamar e at\u00e9 buscar uma coloca\u00e7\u00e3o no mercado de trabalho\u201d, afirmou. O aplicativo j\u00e1 est\u00e1 dispon\u00edvel para download nas lojas virtuais de celulares.<\/p><\/blockquote>\n<p><img loading=\"lazy\" decoding=\"async\" class=\"aligncenter wp-image-59588\" src=\"https:\/\/marcelolopes.jor.br\/site\/wp-content\/uploads\/2025\/07\/Finc4-300x169.jpeg\" alt=\"Finc 2024 \u00e9 aberta\" width=\"700\" height=\"394\" srcset=\"https:\/\/marcelolopes.jor.br\/site\/wp-content\/uploads\/2025\/07\/Finc4-300x169.jpeg 300w, https:\/\/marcelolopes.jor.br\/site\/wp-content\/uploads\/2025\/07\/Finc4-1024x576.jpeg 1024w, https:\/\/marcelolopes.jor.br\/site\/wp-content\/uploads\/2025\/07\/Finc4-768x432.jpeg 768w, https:\/\/marcelolopes.jor.br\/site\/wp-content\/uploads\/2025\/07\/Finc4-1200x675.jpeg 1200w, https:\/\/marcelolopes.jor.br\/site\/wp-content\/uploads\/2025\/07\/Finc4.jpeg 1280w\" sizes=\"auto, (max-width: 700px) 100vw, 700px\" \/>Para o superintendente Marco Ant\u00f4nio Gaspar, a Finc \u00e9 uma \u201coportunidade \u00edmpar\u201d para empresas de todos os portes se apresentarem e fecharem novos neg\u00f3cios. Na mesma linha, Marco Ant\u00f4nio Mendon\u00e7a destacou a gera\u00e7\u00e3o de empregos tempor\u00e1rios proporcionada pela feira como reflexo positivo em toda a economia local. Igor Bukowski lembrou que Minas Gerais atingiu recentemente a marca de 1 milh\u00e3o de trabalhadores empregados, o que representa 25% da popula\u00e7\u00e3o ativa do estado. Segundo ele, \u201ceventos como a Finc s\u00e3o fundamentais para o alcance desse resultado\u201d.<\/p>\n<p>A cerim\u00f4nia foi encerrada com o tradicional desenlace da fita inaugural, feito por Ricardo Mattos e Jos\u00e9 Henriques, marcando a abertura oficial dos port\u00f5es ao p\u00fablico. A expectativa \u00e9 que milhares de pessoas visitem o espa\u00e7o at\u00e9 domingo, ampliando conex\u00f5es empresariais e fortalecendo o otimismo do setor produtivo local.<\/p>\n<p><img loading=\"lazy\" decoding=\"async\" class=\"aligncenter wp-image-59590\" src=\"https:\/\/marcelolopes.jor.br\/site\/wp-content\/uploads\/2025\/07\/Finc6-e1754007205477-300x185.jpeg\" alt=\"\" width=\"700\" height=\"431\" srcset=\"https:\/\/marcelolopes.jor.br\/site\/wp-content\/uploads\/2025\/07\/Finc6-e1754007205477-300x185.jpeg 300w, https:\/\/marcelolopes.jor.br\/site\/wp-content\/uploads\/2025\/07\/Finc6-e1754007205477.jpeg 698w\" sizes=\"auto, (max-width: 700px) 100vw, 700px\" \/><\/p>\n<p><strong>OUTRAS NOT\u00cdCIAS<\/strong><br \/>\n<a href=\"https:\/\/marcelolopes.jor.br\/2025\/07\/30\/finc-2025-tera-palestras-e-shows-gratuitos\/\"><strong><span style=\"color: #800000;\">FINC 2025 ter\u00e1 palestras e shows gratuitos<\/span><\/strong><\/a><\/p>\n<p><a href=\"https:\/\/marcelolopes.jor.br\/2025\/07\/04\/finc-2025-comeca-dia-31-de-julho-e-vai-ate-3-de-agosto\/\"><strong><span style=\"color: #800000;\">Finc 2025 come\u00e7a dia 31 de julho e vai at\u00e9 3 de agosto<\/span><\/strong><\/a><\/p>\n<p>Fotos exclusivas: Site do Marcelo Lopes<\/p>\n<div class=\"dprpm69f71f7a442ad\" ><br><\/div><style type=\"text\/css\">\r\n@media screen and (min-width: 1201px) {\r\n.dprpm69f71f7a442ad {\r\ndisplay: block;\r\n}\r\n}\r\n@media screen and (min-width: 993px) and (max-width: 1200px) {\r\n.dprpm69f71f7a442ad {\r\ndisplay: block;\r\n}\r\n}\r\n@media screen and (min-width: 769px) and (max-width: 992px) {\r\n.dprpm69f71f7a442ad {\r\ndisplay: block;\r\n}\r\n}\r\n@media screen and (min-width: 768px) and (max-width: 768px) {\r\n.dprpm69f71f7a442ad {\r\ndisplay: block;\r\n}\r\n}\r\n@media screen and (max-width: 767px) {\r\n.dprpm69f71f7a442ad {\r\ndisplay: block;\r\n}\r\n}\r\n<\/style>\r\n<div class=\"mbeaa69f71f7a49ce9\" ><div id=\"div_destino\"><\/div>\r\n<script src=\"https:\/\/cdn.snsrsv.com\/sdk.js\"><\/script>\r\n<script >\r\n      new sdk(\"464030C30061EA8BE065000000000001\") \r\n          .appendTo(\"div_destino\")\r\n          .disableStyle(true) \r\n          .setCacheBusterMacro(\"%%CACHEBUSTER%%\")\r\n          .setSize(\"800\",\"214\")\r\n          .setClickMacro(\"%%CLICK_URL_ESC%%\") \r\n          .setReferrerUrlMacro(\"%%REFERRER_URL_ESC%%\") \r\n          .start(); \r\n<\/script><\/div><style type=\"text\/css\">\r\n@media screen and (min-width: 1201px) {\r\n.mbeaa69f71f7a49ce9 {\r\ndisplay: block;\r\n}\r\n}\r\n@media screen and (min-width: 993px) and (max-width: 1200px) {\r\n.mbeaa69f71f7a49ce9 {\r\ndisplay: block;\r\n}\r\n}\r\n@media screen and (min-width: 769px) and (max-width: 992px) {\r\n.mbeaa69f71f7a49ce9 {\r\ndisplay: block;\r\n}\r\n}\r\n@media screen and (min-width: 768px) and (max-width: 768px) {\r\n.mbeaa69f71f7a49ce9 {\r\ndisplay: block;\r\n}\r\n}\r\n@media screen and (max-width: 767px) {\r\n.mbeaa69f71f7a49ce9 {\r\ndisplay: block;\r\n}\r\n}\r\n<\/style>\r\n","protected":false},"excerpt":{"rendered":"<p>Foi aberta oficialmente \u00e0s 19h desta quinta-feira, 31 de julho, a Finc \u2013 Feira Industrial e Comercial de Cataguases. \u00c9 realizada pelo Sieel \u2013 Sindicato Intermunicipal das Ind\u00fastrias de Energia El\u00e9trica e Empresas Prestadoras de Servi\u00e7o no Setor El\u00e9trico \u2013,<\/p>\n<p class=\"link-more\"><a class=\"more-link\" href=\"https:\/\/marcelolopes.jor.br\/site\/2025\/08\/01\/finc-2024-e-aberta-oficialmente-com-recorde-de-expositores\/\">Leia mais <span class=\"screen-reader-text\">Finc 2025 \u00e9 aberta oficialmente com recorde de expositores<\/span><\/a><\/p>\n","protected":false},"author":2,"featured_media":59586,"comment_status":"open","ping_status":"closed","sticky":false,"template":"","format":"standard","meta":{"footnotes":""},"categories":[1],"tags":[],"class_list":["post-59583","post","type-post","status-publish","format-standard","has-post-thumbnail","hentry","category-noticias","thumb-below-title"],"yoast_head":"<!-- This site is optimized with the Yoast SEO plugin v27.4 - https:\/\/yoast.com\/product\/yoast-seo-wordpress\/ -->\n<title>Finc 2025 \u00e9 aberta oficialmente com recorde de expositores | Marcelo Lopes<\/title>\n<meta name=\"description\" content=\"Finc 2024 \u00e9 aberta oficialmente com recorde de expositores. Evento tem como objetivo fortalecer a economia do munic\u00edpio.\" \/>\n<meta name=\"robots\" content=\"index, follow, max-snippet:-1, max-image-preview:large, max-video-preview:-1\" \/>\n<link rel=\"canonical\" href=\"https:\/\/marcelolopes.jor.br\/site\/2025\/08\/01\/finc-2024-e-aberta-oficialmente-com-recorde-de-expositores\/\" \/>\n<meta property=\"og:locale\" content=\"pt_BR\" \/>\n<meta property=\"og:type\" content=\"article\" \/>\n<meta property=\"og:title\" content=\"Finc 2025 \u00e9 aberta oficialmente com recorde de expositores | Marcelo Lopes\" \/>\n<meta property=\"og:description\" content=\"Finc 2024 \u00e9 aberta oficialmente com recorde de expositores. Evento tem como objetivo fortalecer a economia do munic\u00edpio.\" \/>\n<meta property=\"og:url\" content=\"https:\/\/marcelolopes.jor.br\/site\/2025\/08\/01\/finc-2024-e-aberta-oficialmente-com-recorde-de-expositores\/\" \/>\n<meta property=\"og:site_name\" content=\"Marcelo Lopes\" \/>\n<meta property=\"article:publisher\" content=\"https:\/\/www.facebook.com\/sitedomarcelolopes\" \/>\n<meta property=\"article:published_time\" content=\"2025-08-01T10:00:31+00:00\" \/>\n<meta property=\"article:modified_time\" content=\"2025-08-01T12:45:53+00:00\" \/>\n<meta property=\"og:image\" content=\"https:\/\/marcelolopes.jor.br\/site\/wp-content\/uploads\/2025\/07\/Fita.jpeg\" \/>\n\t<meta property=\"og:image:width\" content=\"1280\" \/>\n\t<meta property=\"og:image:height\" content=\"751\" \/>\n\t<meta property=\"og:image:type\" content=\"image\/jpeg\" \/>\n<meta name=\"author\" content=\"Marcelo Lopes\" \/>\n<meta name=\"twitter:card\" content=\"summary_large_image\" \/>\n<meta name=\"twitter:label1\" content=\"Escrito por\" \/>\n\t<meta name=\"twitter:data1\" content=\"Marcelo Lopes\" \/>\n\t<meta name=\"twitter:label2\" content=\"Est. tempo de leitura\" \/>\n\t<meta name=\"twitter:data2\" content=\"3 minutos\" \/>\n<script type=\"application\/ld+json\" class=\"yoast-schema-graph\">{\"@context\":\"https:\\\/\\\/schema.org\",\"@graph\":[{\"@type\":\"NewsArticle\",\"@id\":\"https:\\\/\\\/marcelolopes.jor.br\\\/site\\\/2025\\\/08\\\/01\\\/finc-2024-e-aberta-oficialmente-com-recorde-de-expositores\\\/#article\",\"isPartOf\":{\"@id\":\"https:\\\/\\\/marcelolopes.jor.br\\\/site\\\/2025\\\/08\\\/01\\\/finc-2024-e-aberta-oficialmente-com-recorde-de-expositores\\\/\"},\"author\":{\"name\":\"Marcelo Lopes\",\"@id\":\"https:\\\/\\\/marcelolopes.jor.br\\\/site\\\/#\\\/schema\\\/person\\\/3e7216a35c34d8fdf952b31da3d1f89f\"},\"headline\":\"Finc 2025 \u00e9 aberta oficialmente com recorde de expositores\",\"datePublished\":\"2025-08-01T10:00:31+00:00\",\"dateModified\":\"2025-08-01T12:45:53+00:00\",\"mainEntityOfPage\":{\"@id\":\"https:\\\/\\\/marcelolopes.jor.br\\\/site\\\/2025\\\/08\\\/01\\\/finc-2024-e-aberta-oficialmente-com-recorde-de-expositores\\\/\"},\"wordCount\":531,\"commentCount\":0,\"publisher\":{\"@id\":\"https:\\\/\\\/marcelolopes.jor.br\\\/site\\\/#organization\"},\"image\":{\"@id\":\"https:\\\/\\\/marcelolopes.jor.br\\\/site\\\/2025\\\/08\\\/01\\\/finc-2024-e-aberta-oficialmente-com-recorde-de-expositores\\\/#primaryimage\"},\"thumbnailUrl\":\"https:\\\/\\\/marcelolopes.jor.br\\\/site\\\/wp-content\\\/uploads\\\/2025\\\/07\\\/Fita.jpeg\",\"articleSection\":[\"Not\u00edcias\"],\"inLanguage\":\"pt-BR\",\"potentialAction\":[{\"@type\":\"CommentAction\",\"name\":\"Comment\",\"target\":[\"https:\\\/\\\/marcelolopes.jor.br\\\/site\\\/2025\\\/08\\\/01\\\/finc-2024-e-aberta-oficialmente-com-recorde-de-expositores\\\/#respond\"]}]},{\"@type\":\"WebPage\",\"@id\":\"https:\\\/\\\/marcelolopes.jor.br\\\/site\\\/2025\\\/08\\\/01\\\/finc-2024-e-aberta-oficialmente-com-recorde-de-expositores\\\/\",\"url\":\"https:\\\/\\\/marcelolopes.jor.br\\\/site\\\/2025\\\/08\\\/01\\\/finc-2024-e-aberta-oficialmente-com-recorde-de-expositores\\\/\",\"name\":\"Finc 2025 \u00e9 aberta oficialmente com recorde de expositores | Marcelo Lopes\",\"isPartOf\":{\"@id\":\"https:\\\/\\\/marcelolopes.jor.br\\\/site\\\/#website\"},\"primaryImageOfPage\":{\"@id\":\"https:\\\/\\\/marcelolopes.jor.br\\\/site\\\/2025\\\/08\\\/01\\\/finc-2024-e-aberta-oficialmente-com-recorde-de-expositores\\\/#primaryimage\"},\"image\":{\"@id\":\"https:\\\/\\\/marcelolopes.jor.br\\\/site\\\/2025\\\/08\\\/01\\\/finc-2024-e-aberta-oficialmente-com-recorde-de-expositores\\\/#primaryimage\"},\"thumbnailUrl\":\"https:\\\/\\\/marcelolopes.jor.br\\\/site\\\/wp-content\\\/uploads\\\/2025\\\/07\\\/Fita.jpeg\",\"datePublished\":\"2025-08-01T10:00:31+00:00\",\"dateModified\":\"2025-08-01T12:45:53+00:00\",\"description\":\"Finc 2024 \u00e9 aberta oficialmente com recorde de expositores. Evento tem como objetivo fortalecer a economia do munic\u00edpio.\",\"breadcrumb\":{\"@id\":\"https:\\\/\\\/marcelolopes.jor.br\\\/site\\\/2025\\\/08\\\/01\\\/finc-2024-e-aberta-oficialmente-com-recorde-de-expositores\\\/#breadcrumb\"},\"inLanguage\":\"pt-BR\",\"potentialAction\":[{\"@type\":\"ReadAction\",\"target\":[\"https:\\\/\\\/marcelolopes.jor.br\\\/site\\\/2025\\\/08\\\/01\\\/finc-2024-e-aberta-oficialmente-com-recorde-de-expositores\\\/\"]}]},{\"@type\":\"ImageObject\",\"inLanguage\":\"pt-BR\",\"@id\":\"https:\\\/\\\/marcelolopes.jor.br\\\/site\\\/2025\\\/08\\\/01\\\/finc-2024-e-aberta-oficialmente-com-recorde-de-expositores\\\/#primaryimage\",\"url\":\"https:\\\/\\\/marcelolopes.jor.br\\\/site\\\/wp-content\\\/uploads\\\/2025\\\/07\\\/Fita.jpeg\",\"contentUrl\":\"https:\\\/\\\/marcelolopes.jor.br\\\/site\\\/wp-content\\\/uploads\\\/2025\\\/07\\\/Fita.jpeg\",\"width\":1280,\"height\":751,\"caption\":\"Finc 2024 \u00e9 aberta\"},{\"@type\":\"BreadcrumbList\",\"@id\":\"https:\\\/\\\/marcelolopes.jor.br\\\/site\\\/2025\\\/08\\\/01\\\/finc-2024-e-aberta-oficialmente-com-recorde-de-expositores\\\/#breadcrumb\",\"itemListElement\":[{\"@type\":\"ListItem\",\"position\":1,\"name\":\"Home\",\"item\":\"https:\\\/\\\/marcelolopes.jor.br\\\/site\\\/\"},{\"@type\":\"ListItem\",\"position\":2,\"name\":\"Finc 2025 \u00e9 aberta oficialmente com recorde de expositores\"}]},{\"@type\":\"WebSite\",\"@id\":\"https:\\\/\\\/marcelolopes.jor.br\\\/site\\\/#website\",\"url\":\"https:\\\/\\\/marcelolopes.jor.br\\\/site\\\/\",\"name\":\"Marcelo Lopes\",\"description\":\"Not\u00edcias de Cataguases e Regi\u00e3o\",\"publisher\":{\"@id\":\"https:\\\/\\\/marcelolopes.jor.br\\\/site\\\/#organization\"},\"potentialAction\":[{\"@type\":\"SearchAction\",\"target\":{\"@type\":\"EntryPoint\",\"urlTemplate\":\"https:\\\/\\\/marcelolopes.jor.br\\\/site\\\/?s={search_term_string}\"},\"query-input\":{\"@type\":\"PropertyValueSpecification\",\"valueRequired\":true,\"valueName\":\"search_term_string\"}}],\"inLanguage\":\"pt-BR\"},{\"@type\":\"Organization\",\"@id\":\"https:\\\/\\\/marcelolopes.jor.br\\\/site\\\/#organization\",\"name\":\"Site do Marcelo Lopes\",\"url\":\"https:\\\/\\\/marcelolopes.jor.br\\\/site\\\/\",\"logo\":{\"@type\":\"ImageObject\",\"inLanguage\":\"pt-BR\",\"@id\":\"https:\\\/\\\/marcelolopes.jor.br\\\/site\\\/#\\\/schema\\\/logo\\\/image\\\/\",\"url\":\"https:\\\/\\\/marcelolopes.jor.br\\\/site\\\/wp-content\\\/uploads\\\/2024\\\/11\\\/logo-1.png\",\"contentUrl\":\"https:\\\/\\\/marcelolopes.jor.br\\\/site\\\/wp-content\\\/uploads\\\/2024\\\/11\\\/logo-1.png\",\"width\":475,\"height\":80,\"caption\":\"Site do Marcelo Lopes\"},\"image\":{\"@id\":\"https:\\\/\\\/marcelolopes.jor.br\\\/site\\\/#\\\/schema\\\/logo\\\/image\\\/\"},\"sameAs\":[\"https:\\\/\\\/www.facebook.com\\\/sitedomarcelolopes\",\"https:\\\/\\\/www.instagram.com\\\/sitedomarcelolopes\\\/\",\"https:\\\/\\\/www.linkedin.com\\\/company\\\/site-do-marcelo-lopes\\\/\",\"https:\\\/\\\/www.youtube.com\\\/user\\\/marcelolopes957\"]},{\"@type\":\"Person\",\"@id\":\"https:\\\/\\\/marcelolopes.jor.br\\\/site\\\/#\\\/schema\\\/person\\\/3e7216a35c34d8fdf952b31da3d1f89f\",\"name\":\"Marcelo Lopes\",\"sameAs\":[\"http:\\\/\\\/www.marcelolopes.jor.br\"],\"url\":\"https:\\\/\\\/marcelolopes.jor.br\\\/site\\\/author\\\/marcelo\\\/\"}]}<\/script>\n<!-- \/ Yoast SEO plugin. -->","yoast_head_json":{"title":"Finc 2025 \u00e9 aberta oficialmente com recorde de expositores | Marcelo Lopes","description":"Finc 2024 \u00e9 aberta oficialmente com recorde de expositores. Evento tem como objetivo fortalecer a economia do munic\u00edpio.","robots":{"index":"index","follow":"follow","max-snippet":"max-snippet:-1","max-image-preview":"max-image-preview:large","max-video-preview":"max-video-preview:-1"},"canonical":"https:\/\/marcelolopes.jor.br\/site\/2025\/08\/01\/finc-2024-e-aberta-oficialmente-com-recorde-de-expositores\/","og_locale":"pt_BR","og_type":"article","og_title":"Finc 2025 \u00e9 aberta oficialmente com recorde de expositores | Marcelo Lopes","og_description":"Finc 2024 \u00e9 aberta oficialmente com recorde de expositores. Evento tem como objetivo fortalecer a economia do munic\u00edpio.","og_url":"https:\/\/marcelolopes.jor.br\/site\/2025\/08\/01\/finc-2024-e-aberta-oficialmente-com-recorde-de-expositores\/","og_site_name":"Marcelo Lopes","article_publisher":"https:\/\/www.facebook.com\/sitedomarcelolopes","article_published_time":"2025-08-01T10:00:31+00:00","article_modified_time":"2025-08-01T12:45:53+00:00","og_image":[{"width":1280,"height":751,"url":"https:\/\/marcelolopes.jor.br\/site\/wp-content\/uploads\/2025\/07\/Fita.jpeg","type":"image\/jpeg"}],"author":"Marcelo Lopes","twitter_card":"summary_large_image","twitter_misc":{"Escrito por":"Marcelo Lopes","Est. tempo de leitura":"3 minutos"},"schema":{"@context":"https:\/\/schema.org","@graph":[{"@type":"NewsArticle","@id":"https:\/\/marcelolopes.jor.br\/site\/2025\/08\/01\/finc-2024-e-aberta-oficialmente-com-recorde-de-expositores\/#article","isPartOf":{"@id":"https:\/\/marcelolopes.jor.br\/site\/2025\/08\/01\/finc-2024-e-aberta-oficialmente-com-recorde-de-expositores\/"},"author":{"name":"Marcelo Lopes","@id":"https:\/\/marcelolopes.jor.br\/site\/#\/schema\/person\/3e7216a35c34d8fdf952b31da3d1f89f"},"headline":"Finc 2025 \u00e9 aberta oficialmente com recorde de expositores","datePublished":"2025-08-01T10:00:31+00:00","dateModified":"2025-08-01T12:45:53+00:00","mainEntityOfPage":{"@id":"https:\/\/marcelolopes.jor.br\/site\/2025\/08\/01\/finc-2024-e-aberta-oficialmente-com-recorde-de-expositores\/"},"wordCount":531,"commentCount":0,"publisher":{"@id":"https:\/\/marcelolopes.jor.br\/site\/#organization"},"image":{"@id":"https:\/\/marcelolopes.jor.br\/site\/2025\/08\/01\/finc-2024-e-aberta-oficialmente-com-recorde-de-expositores\/#primaryimage"},"thumbnailUrl":"https:\/\/marcelolopes.jor.br\/site\/wp-content\/uploads\/2025\/07\/Fita.jpeg","articleSection":["Not\u00edcias"],"inLanguage":"pt-BR","potentialAction":[{"@type":"CommentAction","name":"Comment","target":["https:\/\/marcelolopes.jor.br\/site\/2025\/08\/01\/finc-2024-e-aberta-oficialmente-com-recorde-de-expositores\/#respond"]}]},{"@type":"WebPage","@id":"https:\/\/marcelolopes.jor.br\/site\/2025\/08\/01\/finc-2024-e-aberta-oficialmente-com-recorde-de-expositores\/","url":"https:\/\/marcelolopes.jor.br\/site\/2025\/08\/01\/finc-2024-e-aberta-oficialmente-com-recorde-de-expositores\/","name":"Finc 2025 \u00e9 aberta oficialmente com recorde de expositores | Marcelo Lopes","isPartOf":{"@id":"https:\/\/marcelolopes.jor.br\/site\/#website"},"primaryImageOfPage":{"@id":"https:\/\/marcelolopes.jor.br\/site\/2025\/08\/01\/finc-2024-e-aberta-oficialmente-com-recorde-de-expositores\/#primaryimage"},"image":{"@id":"https:\/\/marcelolopes.jor.br\/site\/2025\/08\/01\/finc-2024-e-aberta-oficialmente-com-recorde-de-expositores\/#primaryimage"},"thumbnailUrl":"https:\/\/marcelolopes.jor.br\/site\/wp-content\/uploads\/2025\/07\/Fita.jpeg","datePublished":"2025-08-01T10:00:31+00:00","dateModified":"2025-08-01T12:45:53+00:00","description":"Finc 2024 \u00e9 aberta oficialmente com recorde de expositores. Evento tem como objetivo fortalecer a economia do munic\u00edpio.","breadcrumb":{"@id":"https:\/\/marcelolopes.jor.br\/site\/2025\/08\/01\/finc-2024-e-aberta-oficialmente-com-recorde-de-expositores\/#breadcrumb"},"inLanguage":"pt-BR","potentialAction":[{"@type":"ReadAction","target":["https:\/\/marcelolopes.jor.br\/site\/2025\/08\/01\/finc-2024-e-aberta-oficialmente-com-recorde-de-expositores\/"]}]},{"@type":"ImageObject","inLanguage":"pt-BR","@id":"https:\/\/marcelolopes.jor.br\/site\/2025\/08\/01\/finc-2024-e-aberta-oficialmente-com-recorde-de-expositores\/#primaryimage","url":"https:\/\/marcelolopes.jor.br\/site\/wp-content\/uploads\/2025\/07\/Fita.jpeg","contentUrl":"https:\/\/marcelolopes.jor.br\/site\/wp-content\/uploads\/2025\/07\/Fita.jpeg","width":1280,"height":751,"caption":"Finc 2024 \u00e9 aberta"},{"@type":"BreadcrumbList","@id":"https:\/\/marcelolopes.jor.br\/site\/2025\/08\/01\/finc-2024-e-aberta-oficialmente-com-recorde-de-expositores\/#breadcrumb","itemListElement":[{"@type":"ListItem","position":1,"name":"Home","item":"https:\/\/marcelolopes.jor.br\/site\/"},{"@type":"ListItem","position":2,"name":"Finc 2025 \u00e9 aberta oficialmente com recorde de expositores"}]},{"@type":"WebSite","@id":"https:\/\/marcelolopes.jor.br\/site\/#website","url":"https:\/\/marcelolopes.jor.br\/site\/","name":"Marcelo Lopes","description":"Not\u00edcias de Cataguases e Regi\u00e3o","publisher":{"@id":"https:\/\/marcelolopes.jor.br\/site\/#organization"},"potentialAction":[{"@type":"SearchAction","target":{"@type":"EntryPoint","urlTemplate":"https:\/\/marcelolopes.jor.br\/site\/?s={search_term_string}"},"query-input":{"@type":"PropertyValueSpecification","valueRequired":true,"valueName":"search_term_string"}}],"inLanguage":"pt-BR"},{"@type":"Organization","@id":"https:\/\/marcelolopes.jor.br\/site\/#organization","name":"Site do Marcelo Lopes","url":"https:\/\/marcelolopes.jor.br\/site\/","logo":{"@type":"ImageObject","inLanguage":"pt-BR","@id":"https:\/\/marcelolopes.jor.br\/site\/#\/schema\/logo\/image\/","url":"https:\/\/marcelolopes.jor.br\/site\/wp-content\/uploads\/2024\/11\/logo-1.png","contentUrl":"https:\/\/marcelolopes.jor.br\/site\/wp-content\/uploads\/2024\/11\/logo-1.png","width":475,"height":80,"caption":"Site do Marcelo Lopes"},"image":{"@id":"https:\/\/marcelolopes.jor.br\/site\/#\/schema\/logo\/image\/"},"sameAs":["https:\/\/www.facebook.com\/sitedomarcelolopes","https:\/\/www.instagram.com\/sitedomarcelolopes\/","https:\/\/www.linkedin.com\/company\/site-do-marcelo-lopes\/","https:\/\/www.youtube.com\/user\/marcelolopes957"]},{"@type":"Person","@id":"https:\/\/marcelolopes.jor.br\/site\/#\/schema\/person\/3e7216a35c34d8fdf952b31da3d1f89f","name":"Marcelo Lopes","sameAs":["http:\/\/www.marcelolopes.jor.br"],"url":"https:\/\/marcelolopes.jor.br\/site\/author\/marcelo\/"}]}},"wps_subtitle":"Evento tem como objetivo fortalecer a economia do munic\u00edpio.","_links":{"self":[{"href":"https:\/\/marcelolopes.jor.br\/site\/wp-json\/wp\/v2\/posts\/59583","targetHints":{"allow":["GET"]}}],"collection":[{"href":"https:\/\/marcelolopes.jor.br\/site\/wp-json\/wp\/v2\/posts"}],"about":[{"href":"https:\/\/marcelolopes.jor.br\/site\/wp-json\/wp\/v2\/types\/post"}],"author":[{"embeddable":true,"href":"https:\/\/marcelolopes.jor.br\/site\/wp-json\/wp\/v2\/users\/2"}],"replies":[{"embeddable":true,"href":"https:\/\/marcelolopes.jor.br\/site\/wp-json\/wp\/v2\/comments?post=59583"}],"version-history":[{"count":0,"href":"https:\/\/marcelolopes.jor.br\/site\/wp-json\/wp\/v2\/posts\/59583\/revisions"}],"wp:featuredmedia":[{"embeddable":true,"href":"https:\/\/marcelolopes.jor.br\/site\/wp-json\/wp\/v2\/media\/59586"}],"wp:attachment":[{"href":"https:\/\/marcelolopes.jor.br\/site\/wp-json\/wp\/v2\/media?parent=59583"}],"wp:term":[{"taxonomy":"category","embeddable":true,"href":"https:\/\/marcelolopes.jor.br\/site\/wp-json\/wp\/v2\/categories?post=59583"},{"taxonomy":"post_tag","embeddable":true,"href":"https:\/\/marcelolopes.jor.br\/site\/wp-json\/wp\/v2\/tags?post=59583"}],"curies":[{"name":"wp","href":"https:\/\/api.w.org\/{rel}","templated":true}]}}