{"id":59576,"date":"2025-08-01T12:00:08","date_gmt":"2025-08-01T15:00:08","guid":{"rendered":"https:\/\/marcelolopes.jor.br\/?p=59576"},"modified":"2025-08-01T12:10:12","modified_gmt":"2025-08-01T15:10:12","slug":"coluni-abre-inscricoes-para-selecao-do-ensino-medio-em-2026","status":"publish","type":"post","link":"https:\/\/marcelolopes.jor.br\/site\/2025\/08\/01\/coluni-abre-inscricoes-para-selecao-do-ensino-medio-em-2026\/","title":{"rendered":"Coluni abre inscri\u00e7\u00f5es para sele\u00e7\u00e3o do ensino m\u00e9dio em 2026"},"content":{"rendered":"<p>O Col\u00e9gio de Aplica\u00e7\u00e3o CAp-Coluni, da Universidade Federal de Vi\u00e7osa (UFV), publicou o edital do exame de sele\u00e7\u00e3o para ingresso na primeira s\u00e9rie do ensino m\u00e9dio em 2026. Ser\u00e3o ofertadas 150 vagas.<!--more--><\/p>\n<h4 class=\"p1\"><span class=\"s1\">\ud83d\udcf8\u00a0<span style=\"color: #008000;\">Siga o Site do Marcelo Lopes no<\/span>\u00a0<span style=\"color: #800000;\"><a style=\"color: #800000;\" href=\"https:\/\/www.facebook.com\/sitedomarcelolopes\/\"><strong>Facebook<\/strong><\/a><\/span>\u00a0<span style=\"color: #008000;\">e no<\/span>\u00a0<span style=\"color: #800000;\"><strong><a style=\"color: #800000;\" href=\"https:\/\/www.instagram.com\/sitedomarcelolopes\/\">Instagram<\/a><\/strong><\/span><\/span><\/h4>\n<h4 class=\"p1\">\ud83d\udcf1<span style=\"color: #008000;\">Participe do grupo de<\/span>\u00a0<span style=\"color: #800000;\"><a style=\"color: #800000;\" href=\"https:\/\/chat.whatsapp.com\/BibzcI1ibYSKytbdyzubLA\"><strong>WhatsApp<\/strong><\/a><\/span> <span style=\"color: #008000;\">do Site do Marcelo Lopes<\/span><\/h4>\n<p>&nbsp;<\/p>\n<p>As inscri\u00e7\u00f5es estar\u00e3o abertas das 9h do dia 12 de agosto at\u00e9 as 18h de 3 de outubro, exclusivamente pelo site oficial do CAp-Coluni.<\/p>\n<p>Podem participar estudantes que tenham conclu\u00eddo o ensino fundamental, com certificado obtido pela via regular ou por supl\u00eancia, al\u00e9m de alunos matriculados no nono ano em 2025. A prova ser\u00e1 aplicada no dia 8 de novembro, das 13h \u00e0s 18h, no campus da UFV, em Vi\u00e7osa.<\/p>\n<p>O edital traz informa\u00e7\u00f5es sobre o processo seletivo, incluindo valor da taxa de inscri\u00e7\u00e3o, crit\u00e9rios de isen\u00e7\u00e3o, vagas reservadas e conte\u00fado das provas. O <a href=\"https:\/\/coluni.ufv.br\/\"><strong><span style=\"color: #800000;\">site<\/span><\/strong><\/a> do col\u00e9gio tamb\u00e9m disponibiliza dados referentes a sele\u00e7\u00f5es anteriores.<\/p>\n<p><strong>OUTRAS NOT\u00cdCIAS<\/strong><br \/>\n<a href=\"https:\/\/marcelolopes.jor.br\/2024\/08\/14\/abertas-as-inscricoes-para-o-exame-de-selecao-do-coluni-para-2025\/\"><strong><span style=\"color: #800000;\">Abertas as inscri\u00e7\u00f5es para o Exame de Sele\u00e7\u00e3o do Coluni para 2025<\/span><\/strong><\/a><\/p>\n<p><a href=\"https:\/\/marcelolopes.jor.br\/2022\/09\/18\/inscricoes-abertas-para-exame-de-selecao-do-coluni\/\"><strong><span style=\"color: #800000;\">Inscri\u00e7\u00f5es abertas para exame de sele\u00e7\u00e3o do Coluni<\/span><\/strong><\/a><\/p>\n<p>Fonte: UFV | Foto: CAp-Coluni &#8211; divulga\u00e7\u00e3o<\/p>\n<div class=\"lhunh69f736b50c1ae\" ><br><\/div><style type=\"text\/css\">\r\n@media screen and (min-width: 1201px) {\r\n.lhunh69f736b50c1ae {\r\ndisplay: block;\r\n}\r\n}\r\n@media screen and (min-width: 993px) and (max-width: 1200px) {\r\n.lhunh69f736b50c1ae {\r\ndisplay: block;\r\n}\r\n}\r\n@media screen and (min-width: 769px) and (max-width: 992px) {\r\n.lhunh69f736b50c1ae {\r\ndisplay: block;\r\n}\r\n}\r\n@media screen and (min-width: 768px) and (max-width: 768px) {\r\n.lhunh69f736b50c1ae {\r\ndisplay: block;\r\n}\r\n}\r\n@media screen and (max-width: 767px) {\r\n.lhunh69f736b50c1ae {\r\ndisplay: block;\r\n}\r\n}\r\n<\/style>\r\n<div class=\"nfzpb69f736b510dd4\" ><div id=\"div_destino\"><\/div>\r\n<script src=\"https:\/\/cdn.snsrsv.com\/sdk.js\"><\/script>\r\n<script >\r\n      new sdk(\"464030C30061EA8BE065000000000001\") \r\n          .appendTo(\"div_destino\")\r\n          .disableStyle(true) \r\n          .setCacheBusterMacro(\"%%CACHEBUSTER%%\")\r\n          .setSize(\"800\",\"214\")\r\n          .setClickMacro(\"%%CLICK_URL_ESC%%\") \r\n          .setReferrerUrlMacro(\"%%REFERRER_URL_ESC%%\") \r\n          .start(); \r\n<\/script><\/div><style type=\"text\/css\">\r\n@media screen and (min-width: 1201px) {\r\n.nfzpb69f736b510dd4 {\r\ndisplay: block;\r\n}\r\n}\r\n@media screen and (min-width: 993px) and (max-width: 1200px) {\r\n.nfzpb69f736b510dd4 {\r\ndisplay: block;\r\n}\r\n}\r\n@media screen and (min-width: 769px) and (max-width: 992px) {\r\n.nfzpb69f736b510dd4 {\r\ndisplay: block;\r\n}\r\n}\r\n@media screen and (min-width: 768px) and (max-width: 768px) {\r\n.nfzpb69f736b510dd4 {\r\ndisplay: block;\r\n}\r\n}\r\n@media screen and (max-width: 767px) {\r\n.nfzpb69f736b510dd4 {\r\ndisplay: block;\r\n}\r\n}\r\n<\/style>\r\n","protected":false},"excerpt":{"rendered":"<p>O Col\u00e9gio de Aplica\u00e7\u00e3o CAp-Coluni, da Universidade Federal de Vi\u00e7osa (UFV), publicou o edital do exame de sele\u00e7\u00e3o para ingresso na primeira s\u00e9rie do ensino m\u00e9dio em 2026. Ser\u00e3o ofertadas 150 vagas.<\/p>\n","protected":false},"author":2,"featured_media":59578,"comment_status":"open","ping_status":"closed","sticky":false,"template":"","format":"standard","meta":{"footnotes":""},"categories":[1],"tags":[],"class_list":["post-59576","post","type-post","status-publish","format-standard","has-post-thumbnail","hentry","category-noticias","thumb-below-title"],"yoast_head":"<!-- This site is optimized with the Yoast SEO plugin v27.4 - https:\/\/yoast.com\/product\/yoast-seo-wordpress\/ -->\n<title>Coluni abre inscri\u00e7\u00f5es para sele\u00e7\u00e3o do ensino m\u00e9dio em 2026 | Marcelo Lopes<\/title>\n<meta name=\"description\" content=\"Coluni abre inscri\u00e7\u00f5es para sele\u00e7\u00e3o do ensino m\u00e9dio em 2026. Processo seletivo oferece 150 vagas na primeira s\u00e9rie do ensino m\u00e9dio.\" \/>\n<meta name=\"robots\" content=\"index, follow, max-snippet:-1, max-image-preview:large, max-video-preview:-1\" \/>\n<link rel=\"canonical\" href=\"https:\/\/marcelolopes.jor.br\/site\/2025\/08\/01\/coluni-abre-inscricoes-para-selecao-do-ensino-medio-em-2026\/\" \/>\n<meta property=\"og:locale\" content=\"pt_BR\" \/>\n<meta property=\"og:type\" content=\"article\" \/>\n<meta property=\"og:title\" content=\"Coluni abre inscri\u00e7\u00f5es para sele\u00e7\u00e3o do ensino m\u00e9dio em 2026 | Marcelo Lopes\" \/>\n<meta property=\"og:description\" content=\"Coluni abre inscri\u00e7\u00f5es para sele\u00e7\u00e3o do ensino m\u00e9dio em 2026. Processo seletivo oferece 150 vagas na primeira s\u00e9rie do ensino m\u00e9dio.\" \/>\n<meta property=\"og:url\" content=\"https:\/\/marcelolopes.jor.br\/site\/2025\/08\/01\/coluni-abre-inscricoes-para-selecao-do-ensino-medio-em-2026\/\" \/>\n<meta property=\"og:site_name\" content=\"Marcelo Lopes\" \/>\n<meta property=\"article:publisher\" content=\"https:\/\/www.facebook.com\/sitedomarcelolopes\" \/>\n<meta property=\"article:published_time\" content=\"2025-08-01T15:00:08+00:00\" \/>\n<meta property=\"article:modified_time\" content=\"2025-08-01T15:10:12+00:00\" \/>\n<meta property=\"og:image\" content=\"https:\/\/marcelolopes.jor.br\/site\/wp-content\/uploads\/2025\/07\/cap-coluni-1024x614-1.jpg\" \/>\n\t<meta property=\"og:image:width\" content=\"1024\" \/>\n\t<meta property=\"og:image:height\" content=\"614\" \/>\n\t<meta property=\"og:image:type\" content=\"image\/jpeg\" \/>\n<meta name=\"author\" content=\"Marcelo Lopes\" \/>\n<meta name=\"twitter:card\" content=\"summary_large_image\" \/>\n<meta name=\"twitter:label1\" content=\"Escrito por\" \/>\n\t<meta name=\"twitter:data1\" content=\"Marcelo Lopes\" \/>\n\t<meta name=\"twitter:label2\" content=\"Est. tempo de leitura\" \/>\n\t<meta name=\"twitter:data2\" content=\"1 minuto\" \/>\n<script type=\"application\/ld+json\" class=\"yoast-schema-graph\">{\"@context\":\"https:\\\/\\\/schema.org\",\"@graph\":[{\"@type\":\"NewsArticle\",\"@id\":\"https:\\\/\\\/marcelolopes.jor.br\\\/site\\\/2025\\\/08\\\/01\\\/coluni-abre-inscricoes-para-selecao-do-ensino-medio-em-2026\\\/#article\",\"isPartOf\":{\"@id\":\"https:\\\/\\\/marcelolopes.jor.br\\\/site\\\/2025\\\/08\\\/01\\\/coluni-abre-inscricoes-para-selecao-do-ensino-medio-em-2026\\\/\"},\"author\":{\"name\":\"Marcelo Lopes\",\"@id\":\"https:\\\/\\\/marcelolopes.jor.br\\\/site\\\/#\\\/schema\\\/person\\\/3e7216a35c34d8fdf952b31da3d1f89f\"},\"headline\":\"Coluni abre inscri\u00e7\u00f5es para sele\u00e7\u00e3o do ensino m\u00e9dio em 2026\",\"datePublished\":\"2025-08-01T15:00:08+00:00\",\"dateModified\":\"2025-08-01T15:10:12+00:00\",\"mainEntityOfPage\":{\"@id\":\"https:\\\/\\\/marcelolopes.jor.br\\\/site\\\/2025\\\/08\\\/01\\\/coluni-abre-inscricoes-para-selecao-do-ensino-medio-em-2026\\\/\"},\"wordCount\":218,\"commentCount\":0,\"publisher\":{\"@id\":\"https:\\\/\\\/marcelolopes.jor.br\\\/site\\\/#organization\"},\"image\":{\"@id\":\"https:\\\/\\\/marcelolopes.jor.br\\\/site\\\/2025\\\/08\\\/01\\\/coluni-abre-inscricoes-para-selecao-do-ensino-medio-em-2026\\\/#primaryimage\"},\"thumbnailUrl\":\"https:\\\/\\\/marcelolopes.jor.br\\\/site\\\/wp-content\\\/uploads\\\/2025\\\/07\\\/cap-coluni-1024x614-1.jpg\",\"articleSection\":[\"Not\u00edcias\"],\"inLanguage\":\"pt-BR\",\"potentialAction\":[{\"@type\":\"CommentAction\",\"name\":\"Comment\",\"target\":[\"https:\\\/\\\/marcelolopes.jor.br\\\/site\\\/2025\\\/08\\\/01\\\/coluni-abre-inscricoes-para-selecao-do-ensino-medio-em-2026\\\/#respond\"]}]},{\"@type\":\"WebPage\",\"@id\":\"https:\\\/\\\/marcelolopes.jor.br\\\/site\\\/2025\\\/08\\\/01\\\/coluni-abre-inscricoes-para-selecao-do-ensino-medio-em-2026\\\/\",\"url\":\"https:\\\/\\\/marcelolopes.jor.br\\\/site\\\/2025\\\/08\\\/01\\\/coluni-abre-inscricoes-para-selecao-do-ensino-medio-em-2026\\\/\",\"name\":\"Coluni abre inscri\u00e7\u00f5es para sele\u00e7\u00e3o do ensino m\u00e9dio em 2026 | Marcelo Lopes\",\"isPartOf\":{\"@id\":\"https:\\\/\\\/marcelolopes.jor.br\\\/site\\\/#website\"},\"primaryImageOfPage\":{\"@id\":\"https:\\\/\\\/marcelolopes.jor.br\\\/site\\\/2025\\\/08\\\/01\\\/coluni-abre-inscricoes-para-selecao-do-ensino-medio-em-2026\\\/#primaryimage\"},\"image\":{\"@id\":\"https:\\\/\\\/marcelolopes.jor.br\\\/site\\\/2025\\\/08\\\/01\\\/coluni-abre-inscricoes-para-selecao-do-ensino-medio-em-2026\\\/#primaryimage\"},\"thumbnailUrl\":\"https:\\\/\\\/marcelolopes.jor.br\\\/site\\\/wp-content\\\/uploads\\\/2025\\\/07\\\/cap-coluni-1024x614-1.jpg\",\"datePublished\":\"2025-08-01T15:00:08+00:00\",\"dateModified\":\"2025-08-01T15:10:12+00:00\",\"description\":\"Coluni abre inscri\u00e7\u00f5es para sele\u00e7\u00e3o do ensino m\u00e9dio em 2026. Processo seletivo oferece 150 vagas na primeira s\u00e9rie do ensino m\u00e9dio.\",\"breadcrumb\":{\"@id\":\"https:\\\/\\\/marcelolopes.jor.br\\\/site\\\/2025\\\/08\\\/01\\\/coluni-abre-inscricoes-para-selecao-do-ensino-medio-em-2026\\\/#breadcrumb\"},\"inLanguage\":\"pt-BR\",\"potentialAction\":[{\"@type\":\"ReadAction\",\"target\":[\"https:\\\/\\\/marcelolopes.jor.br\\\/site\\\/2025\\\/08\\\/01\\\/coluni-abre-inscricoes-para-selecao-do-ensino-medio-em-2026\\\/\"]}]},{\"@type\":\"ImageObject\",\"inLanguage\":\"pt-BR\",\"@id\":\"https:\\\/\\\/marcelolopes.jor.br\\\/site\\\/2025\\\/08\\\/01\\\/coluni-abre-inscricoes-para-selecao-do-ensino-medio-em-2026\\\/#primaryimage\",\"url\":\"https:\\\/\\\/marcelolopes.jor.br\\\/site\\\/wp-content\\\/uploads\\\/2025\\\/07\\\/cap-coluni-1024x614-1.jpg\",\"contentUrl\":\"https:\\\/\\\/marcelolopes.jor.br\\\/site\\\/wp-content\\\/uploads\\\/2025\\\/07\\\/cap-coluni-1024x614-1.jpg\",\"width\":1024,\"height\":614,\"caption\":\"Coluni abre inscri\u00e7\u00f5es para\"},{\"@type\":\"BreadcrumbList\",\"@id\":\"https:\\\/\\\/marcelolopes.jor.br\\\/site\\\/2025\\\/08\\\/01\\\/coluni-abre-inscricoes-para-selecao-do-ensino-medio-em-2026\\\/#breadcrumb\",\"itemListElement\":[{\"@type\":\"ListItem\",\"position\":1,\"name\":\"Home\",\"item\":\"https:\\\/\\\/marcelolopes.jor.br\\\/site\\\/\"},{\"@type\":\"ListItem\",\"position\":2,\"name\":\"Coluni abre inscri\u00e7\u00f5es para sele\u00e7\u00e3o do ensino m\u00e9dio em 2026\"}]},{\"@type\":\"WebSite\",\"@id\":\"https:\\\/\\\/marcelolopes.jor.br\\\/site\\\/#website\",\"url\":\"https:\\\/\\\/marcelolopes.jor.br\\\/site\\\/\",\"name\":\"Marcelo Lopes\",\"description\":\"Not\u00edcias de Cataguases e Regi\u00e3o\",\"publisher\":{\"@id\":\"https:\\\/\\\/marcelolopes.jor.br\\\/site\\\/#organization\"},\"potentialAction\":[{\"@type\":\"SearchAction\",\"target\":{\"@type\":\"EntryPoint\",\"urlTemplate\":\"https:\\\/\\\/marcelolopes.jor.br\\\/site\\\/?s={search_term_string}\"},\"query-input\":{\"@type\":\"PropertyValueSpecification\",\"valueRequired\":true,\"valueName\":\"search_term_string\"}}],\"inLanguage\":\"pt-BR\"},{\"@type\":\"Organization\",\"@id\":\"https:\\\/\\\/marcelolopes.jor.br\\\/site\\\/#organization\",\"name\":\"Site do Marcelo Lopes\",\"url\":\"https:\\\/\\\/marcelolopes.jor.br\\\/site\\\/\",\"logo\":{\"@type\":\"ImageObject\",\"inLanguage\":\"pt-BR\",\"@id\":\"https:\\\/\\\/marcelolopes.jor.br\\\/site\\\/#\\\/schema\\\/logo\\\/image\\\/\",\"url\":\"https:\\\/\\\/marcelolopes.jor.br\\\/site\\\/wp-content\\\/uploads\\\/2024\\\/11\\\/logo-1.png\",\"contentUrl\":\"https:\\\/\\\/marcelolopes.jor.br\\\/site\\\/wp-content\\\/uploads\\\/2024\\\/11\\\/logo-1.png\",\"width\":475,\"height\":80,\"caption\":\"Site do Marcelo Lopes\"},\"image\":{\"@id\":\"https:\\\/\\\/marcelolopes.jor.br\\\/site\\\/#\\\/schema\\\/logo\\\/image\\\/\"},\"sameAs\":[\"https:\\\/\\\/www.facebook.com\\\/sitedomarcelolopes\",\"https:\\\/\\\/www.instagram.com\\\/sitedomarcelolopes\\\/\",\"https:\\\/\\\/www.linkedin.com\\\/company\\\/site-do-marcelo-lopes\\\/\",\"https:\\\/\\\/www.youtube.com\\\/user\\\/marcelolopes957\"]},{\"@type\":\"Person\",\"@id\":\"https:\\\/\\\/marcelolopes.jor.br\\\/site\\\/#\\\/schema\\\/person\\\/3e7216a35c34d8fdf952b31da3d1f89f\",\"name\":\"Marcelo Lopes\",\"sameAs\":[\"http:\\\/\\\/www.marcelolopes.jor.br\"],\"url\":\"https:\\\/\\\/marcelolopes.jor.br\\\/site\\\/author\\\/marcelo\\\/\"}]}<\/script>\n<!-- \/ Yoast SEO plugin. -->","yoast_head_json":{"title":"Coluni abre inscri\u00e7\u00f5es para sele\u00e7\u00e3o do ensino m\u00e9dio em 2026 | Marcelo Lopes","description":"Coluni abre inscri\u00e7\u00f5es para sele\u00e7\u00e3o do ensino m\u00e9dio em 2026. Processo seletivo oferece 150 vagas na primeira s\u00e9rie do ensino m\u00e9dio.","robots":{"index":"index","follow":"follow","max-snippet":"max-snippet:-1","max-image-preview":"max-image-preview:large","max-video-preview":"max-video-preview:-1"},"canonical":"https:\/\/marcelolopes.jor.br\/site\/2025\/08\/01\/coluni-abre-inscricoes-para-selecao-do-ensino-medio-em-2026\/","og_locale":"pt_BR","og_type":"article","og_title":"Coluni abre inscri\u00e7\u00f5es para sele\u00e7\u00e3o do ensino m\u00e9dio em 2026 | Marcelo Lopes","og_description":"Coluni abre inscri\u00e7\u00f5es para sele\u00e7\u00e3o do ensino m\u00e9dio em 2026. Processo seletivo oferece 150 vagas na primeira s\u00e9rie do ensino m\u00e9dio.","og_url":"https:\/\/marcelolopes.jor.br\/site\/2025\/08\/01\/coluni-abre-inscricoes-para-selecao-do-ensino-medio-em-2026\/","og_site_name":"Marcelo Lopes","article_publisher":"https:\/\/www.facebook.com\/sitedomarcelolopes","article_published_time":"2025-08-01T15:00:08+00:00","article_modified_time":"2025-08-01T15:10:12+00:00","og_image":[{"width":1024,"height":614,"url":"https:\/\/marcelolopes.jor.br\/site\/wp-content\/uploads\/2025\/07\/cap-coluni-1024x614-1.jpg","type":"image\/jpeg"}],"author":"Marcelo Lopes","twitter_card":"summary_large_image","twitter_misc":{"Escrito por":"Marcelo Lopes","Est. tempo de leitura":"1 minuto"},"schema":{"@context":"https:\/\/schema.org","@graph":[{"@type":"NewsArticle","@id":"https:\/\/marcelolopes.jor.br\/site\/2025\/08\/01\/coluni-abre-inscricoes-para-selecao-do-ensino-medio-em-2026\/#article","isPartOf":{"@id":"https:\/\/marcelolopes.jor.br\/site\/2025\/08\/01\/coluni-abre-inscricoes-para-selecao-do-ensino-medio-em-2026\/"},"author":{"name":"Marcelo Lopes","@id":"https:\/\/marcelolopes.jor.br\/site\/#\/schema\/person\/3e7216a35c34d8fdf952b31da3d1f89f"},"headline":"Coluni abre inscri\u00e7\u00f5es para sele\u00e7\u00e3o do ensino m\u00e9dio em 2026","datePublished":"2025-08-01T15:00:08+00:00","dateModified":"2025-08-01T15:10:12+00:00","mainEntityOfPage":{"@id":"https:\/\/marcelolopes.jor.br\/site\/2025\/08\/01\/coluni-abre-inscricoes-para-selecao-do-ensino-medio-em-2026\/"},"wordCount":218,"commentCount":0,"publisher":{"@id":"https:\/\/marcelolopes.jor.br\/site\/#organization"},"image":{"@id":"https:\/\/marcelolopes.jor.br\/site\/2025\/08\/01\/coluni-abre-inscricoes-para-selecao-do-ensino-medio-em-2026\/#primaryimage"},"thumbnailUrl":"https:\/\/marcelolopes.jor.br\/site\/wp-content\/uploads\/2025\/07\/cap-coluni-1024x614-1.jpg","articleSection":["Not\u00edcias"],"inLanguage":"pt-BR","potentialAction":[{"@type":"CommentAction","name":"Comment","target":["https:\/\/marcelolopes.jor.br\/site\/2025\/08\/01\/coluni-abre-inscricoes-para-selecao-do-ensino-medio-em-2026\/#respond"]}]},{"@type":"WebPage","@id":"https:\/\/marcelolopes.jor.br\/site\/2025\/08\/01\/coluni-abre-inscricoes-para-selecao-do-ensino-medio-em-2026\/","url":"https:\/\/marcelolopes.jor.br\/site\/2025\/08\/01\/coluni-abre-inscricoes-para-selecao-do-ensino-medio-em-2026\/","name":"Coluni abre inscri\u00e7\u00f5es para sele\u00e7\u00e3o do ensino m\u00e9dio em 2026 | Marcelo Lopes","isPartOf":{"@id":"https:\/\/marcelolopes.jor.br\/site\/#website"},"primaryImageOfPage":{"@id":"https:\/\/marcelolopes.jor.br\/site\/2025\/08\/01\/coluni-abre-inscricoes-para-selecao-do-ensino-medio-em-2026\/#primaryimage"},"image":{"@id":"https:\/\/marcelolopes.jor.br\/site\/2025\/08\/01\/coluni-abre-inscricoes-para-selecao-do-ensino-medio-em-2026\/#primaryimage"},"thumbnailUrl":"https:\/\/marcelolopes.jor.br\/site\/wp-content\/uploads\/2025\/07\/cap-coluni-1024x614-1.jpg","datePublished":"2025-08-01T15:00:08+00:00","dateModified":"2025-08-01T15:10:12+00:00","description":"Coluni abre inscri\u00e7\u00f5es para sele\u00e7\u00e3o do ensino m\u00e9dio em 2026. Processo seletivo oferece 150 vagas na primeira s\u00e9rie do ensino m\u00e9dio.","breadcrumb":{"@id":"https:\/\/marcelolopes.jor.br\/site\/2025\/08\/01\/coluni-abre-inscricoes-para-selecao-do-ensino-medio-em-2026\/#breadcrumb"},"inLanguage":"pt-BR","potentialAction":[{"@type":"ReadAction","target":["https:\/\/marcelolopes.jor.br\/site\/2025\/08\/01\/coluni-abre-inscricoes-para-selecao-do-ensino-medio-em-2026\/"]}]},{"@type":"ImageObject","inLanguage":"pt-BR","@id":"https:\/\/marcelolopes.jor.br\/site\/2025\/08\/01\/coluni-abre-inscricoes-para-selecao-do-ensino-medio-em-2026\/#primaryimage","url":"https:\/\/marcelolopes.jor.br\/site\/wp-content\/uploads\/2025\/07\/cap-coluni-1024x614-1.jpg","contentUrl":"https:\/\/marcelolopes.jor.br\/site\/wp-content\/uploads\/2025\/07\/cap-coluni-1024x614-1.jpg","width":1024,"height":614,"caption":"Coluni abre inscri\u00e7\u00f5es para"},{"@type":"BreadcrumbList","@id":"https:\/\/marcelolopes.jor.br\/site\/2025\/08\/01\/coluni-abre-inscricoes-para-selecao-do-ensino-medio-em-2026\/#breadcrumb","itemListElement":[{"@type":"ListItem","position":1,"name":"Home","item":"https:\/\/marcelolopes.jor.br\/site\/"},{"@type":"ListItem","position":2,"name":"Coluni abre inscri\u00e7\u00f5es para sele\u00e7\u00e3o do ensino m\u00e9dio em 2026"}]},{"@type":"WebSite","@id":"https:\/\/marcelolopes.jor.br\/site\/#website","url":"https:\/\/marcelolopes.jor.br\/site\/","name":"Marcelo Lopes","description":"Not\u00edcias de Cataguases e Regi\u00e3o","publisher":{"@id":"https:\/\/marcelolopes.jor.br\/site\/#organization"},"potentialAction":[{"@type":"SearchAction","target":{"@type":"EntryPoint","urlTemplate":"https:\/\/marcelolopes.jor.br\/site\/?s={search_term_string}"},"query-input":{"@type":"PropertyValueSpecification","valueRequired":true,"valueName":"search_term_string"}}],"inLanguage":"pt-BR"},{"@type":"Organization","@id":"https:\/\/marcelolopes.jor.br\/site\/#organization","name":"Site do Marcelo Lopes","url":"https:\/\/marcelolopes.jor.br\/site\/","logo":{"@type":"ImageObject","inLanguage":"pt-BR","@id":"https:\/\/marcelolopes.jor.br\/site\/#\/schema\/logo\/image\/","url":"https:\/\/marcelolopes.jor.br\/site\/wp-content\/uploads\/2024\/11\/logo-1.png","contentUrl":"https:\/\/marcelolopes.jor.br\/site\/wp-content\/uploads\/2024\/11\/logo-1.png","width":475,"height":80,"caption":"Site do Marcelo Lopes"},"image":{"@id":"https:\/\/marcelolopes.jor.br\/site\/#\/schema\/logo\/image\/"},"sameAs":["https:\/\/www.facebook.com\/sitedomarcelolopes","https:\/\/www.instagram.com\/sitedomarcelolopes\/","https:\/\/www.linkedin.com\/company\/site-do-marcelo-lopes\/","https:\/\/www.youtube.com\/user\/marcelolopes957"]},{"@type":"Person","@id":"https:\/\/marcelolopes.jor.br\/site\/#\/schema\/person\/3e7216a35c34d8fdf952b31da3d1f89f","name":"Marcelo Lopes","sameAs":["http:\/\/www.marcelolopes.jor.br"],"url":"https:\/\/marcelolopes.jor.br\/site\/author\/marcelo\/"}]}},"wps_subtitle":"Processo seletivo oferece 150 vagas na primeira s\u00e9rie do ensino m\u00e9dio.","_links":{"self":[{"href":"https:\/\/marcelolopes.jor.br\/site\/wp-json\/wp\/v2\/posts\/59576","targetHints":{"allow":["GET"]}}],"collection":[{"href":"https:\/\/marcelolopes.jor.br\/site\/wp-json\/wp\/v2\/posts"}],"about":[{"href":"https:\/\/marcelolopes.jor.br\/site\/wp-json\/wp\/v2\/types\/post"}],"author":[{"embeddable":true,"href":"https:\/\/marcelolopes.jor.br\/site\/wp-json\/wp\/v2\/users\/2"}],"replies":[{"embeddable":true,"href":"https:\/\/marcelolopes.jor.br\/site\/wp-json\/wp\/v2\/comments?post=59576"}],"version-history":[{"count":0,"href":"https:\/\/marcelolopes.jor.br\/site\/wp-json\/wp\/v2\/posts\/59576\/revisions"}],"wp:featuredmedia":[{"embeddable":true,"href":"https:\/\/marcelolopes.jor.br\/site\/wp-json\/wp\/v2\/media\/59578"}],"wp:attachment":[{"href":"https:\/\/marcelolopes.jor.br\/site\/wp-json\/wp\/v2\/media?parent=59576"}],"wp:term":[{"taxonomy":"category","embeddable":true,"href":"https:\/\/marcelolopes.jor.br\/site\/wp-json\/wp\/v2\/categories?post=59576"},{"taxonomy":"post_tag","embeddable":true,"href":"https:\/\/marcelolopes.jor.br\/site\/wp-json\/wp\/v2\/tags?post=59576"}],"curies":[{"name":"wp","href":"https:\/\/api.w.org\/{rel}","templated":true}]}}