{"id":59564,"date":"2025-07-31T16:00:52","date_gmt":"2025-07-31T19:00:52","guid":{"rendered":"https:\/\/marcelolopes.jor.br\/?p=59564"},"modified":"2025-07-31T16:01:41","modified_gmt":"2025-07-31T19:01:41","slug":"festival-forca-luz-e-arte-transforma-cataguases-com-programacao-imersiva","status":"publish","type":"post","link":"https:\/\/marcelolopes.jor.br\/site\/2025\/07\/31\/festival-forca-luz-e-arte-transforma-cataguases-com-programacao-imersiva\/","title":{"rendered":"Festival For\u00e7a, Luz e Arte transforma Cataguases com programa\u00e7\u00e3o imersiva"},"content":{"rendered":"<p>De 5 a 9 de agosto, Cataguases se transformar\u00e1 em um grande palco de experi\u00eancias culturais e sensoriais com o Festival For\u00e7a, Luz e Arte. Patrocinado pela Energisa e com programa\u00e7\u00e3o totalmente gratuita, o evento celebra a chegada da energia el\u00e9trica \u00e0 cidade com uma agenda vibrante que une hist\u00f3ria, arte e transforma\u00e7\u00e3o social.<!--more--><\/p>\n<h4 class=\"p1\"><span class=\"s1\">\ud83d\udcf8\u00a0<span style=\"color: #008000;\">Siga o Site do Marcelo Lopes no<\/span>\u00a0<span style=\"color: #800000;\"><a style=\"color: #800000;\" href=\"https:\/\/www.facebook.com\/sitedomarcelolopes\/\"><strong>Facebook<\/strong><\/a><\/span>\u00a0<span style=\"color: #008000;\">e no<\/span>\u00a0<span style=\"color: #800000;\"><strong><a style=\"color: #800000;\" href=\"https:\/\/www.instagram.com\/sitedomarcelolopes\/\">Instagram<\/a><\/strong><\/span><\/span><\/h4>\n<h4 class=\"p1\">\ud83d\udcf1<span style=\"color: #008000;\">Participe do grupo de<\/span>\u00a0<span style=\"color: #800000;\"><a style=\"color: #800000;\" href=\"https:\/\/chat.whatsapp.com\/BibzcI1ibYSKytbdyzubLA\"><strong>WhatsApp<\/strong><\/a><\/span> <span style=\"color: #008000;\">do Site do Marcelo Lopes<\/span><\/h4>\n<p>&nbsp;<\/p>\n<p>Instala\u00e7\u00f5es imersivas, espet\u00e1culos de teatro, dan\u00e7a, circo, cortejos, homenagens e shows musicais v\u00e3o ocupar espa\u00e7os simb\u00f3licos da cidade, como a Ponte Met\u00e1lica, a Pra\u00e7a Rui Barbosa e o Centro Cultural Humberto Mauro (CCHM). Tudo isso de forma acess\u00edvel, inclusiva e com a\u00e7\u00f5es de sustentabilidade.<\/p>\n<p>O Festival \u00e9 inspirado na chegada da luz el\u00e9trica em 1908, marco que impulsionou o desenvolvimento de Cataguases e segue sendo celebrado como s\u00edmbolo de progresso e conex\u00e3o entre passado, presente e futuro.<\/p>\n<blockquote><p>\u201cEste festival representa o nosso compromisso com o desenvolvimento humano e cultural dos territ\u00f3rios onde atuamos. Acreditamos que investir em cultura \u00e9 tamb\u00e9m iluminar possibilidades e fortalecer a identidade das comunidades, especialmente em cidades com tanta hist\u00f3ria e protagonismo como Cataguases\u201d, destaca Delania Cavalcante, coordenadora de investimento cultural e social do Instituto Energisa.<\/p><\/blockquote>\n<h3>Ilumina\u00e7\u00e3o simb\u00f3lica e atra\u00e7\u00f5es para todos<\/h3>\n<p>A abertura oficial acontece no dia 1\u00ba de agosto, com a inaugura\u00e7\u00e3o da ilumina\u00e7\u00e3o art\u00edstica da Ponte Met\u00e1lica, um gesto simb\u00f3lico que remete aos primeiros dias da energia na cidade.<\/p>\n<p>J\u00e1 no dia 5 de agosto, a partir das 8h30, o p\u00fablico confere a estreia da exposi\u00e7\u00e3o sensorial \u201cFor\u00e7a, Luz e Arte\u201d, assinada pelo artista Marcelo X, no Centro Cultural Humberto Mauro.<\/p>\n<p>A mostra receber\u00e1 visita\u00e7\u00f5es escolares ao longo do dia e ficar\u00e1 aberta ao p\u00fablico durante todo o m\u00eas. \u00c0s 9h, no mesmo local, acontece a apresenta\u00e7\u00e3o da pe\u00e7a infantil \u201cA Cigarra e a Formiga: Festa no C\u00e9u\u201d, pela Cia. Riso Solto.<\/p>\n<p>Ao longo da semana, o CCHM receber\u00e1 visitas guiadas e atividades especiais. Na quarta-feira (7\/08), o espa\u00e7o ser\u00e1 palco de uma emocionante Noite de Homenagens a pessoas e institui\u00e7\u00f5es que mant\u00eam viva a chama da cultura em Cataguases.<\/p>\n<p>O encerramento, no dia 9 de agosto, ser\u00e1 na Pra\u00e7a Rui Barbosa com uma grande celebra\u00e7\u00e3o popular. A programa\u00e7\u00e3o come\u00e7a \u00e0s 9h da manh\u00e3 com espet\u00e1culo circense e cortejo, al\u00e9m de barracas de artesanato, comidas t\u00edpicas e a Tenda Escambo, onde o p\u00fablico poder\u00e1 trocar alimentos por roupas e acess\u00f3rios.<\/p>\n<p>No palco, as atra\u00e7\u00f5es musicais come\u00e7am \u00e0s 13h com a cantora Jana\u00edna Gentil. Em seguida, \u00e0s 16h, show do Projeto \u201cCanta, Canta Minha Gente\u201d com Th\u00e9o Bial e Analimar Ventapane. Para fechar com chave de ouro, \u00e0s 19h30, apresenta\u00e7\u00e3o da Big Band Cataguases com o cantor Pedro Lu\u00eds.<\/p>\n<h3>Cultura, afeto e transforma\u00e7\u00e3o<\/h3>\n<p>O Festival For\u00e7a, Luz e Arte \u00e9 uma iniciativa que refor\u00e7a a atua\u00e7\u00e3o da Energisa na promo\u00e7\u00e3o da cultura como ferramenta de transforma\u00e7\u00e3o social. O evento conta com o patroc\u00ednio da Energisa, por meio da Lei Estadual de Incentivo \u00e0 Cultura de Minas Gerais, e tem como parceiros o Sicoob e a Funda\u00e7\u00e3o BAUMINAS, al\u00e9m do apoio institucional da Prefeitura Municipal de Cataguases.<\/p>\n<p><strong>OUTRAS NOT\u00cdCIAS<\/strong><br \/>\n<a href=\"https:\/\/marcelolopes.jor.br\/2025\/06\/18\/instituto-energisa-celebra-o-mes-do-orgulho-lgbtqia\/\"><strong><span style=\"color: #800000;\">Instituto Energisa celebra o m\u00eas do Orgulho LGBTQIA+<\/span><\/strong><\/a><\/p>\n<p><a href=\"https:\/\/marcelolopes.jor.br\/2025\/03\/20\/museu-energisa-lanca-o-projeto-energia-que-nos-move\/\"><strong><span style=\"color: #800000;\">Museu Energisa lan\u00e7a o projeto &#8220;Energia que nos move&#8221;<\/span><\/strong><\/a><\/p>\n<p>Fonte: Energisa Minas Rio | Foto: Marcelo Lopes<\/p>\n<div class=\"wliyf69f74bc975b43\" ><br><\/div><style type=\"text\/css\">\r\n@media screen and (min-width: 1201px) {\r\n.wliyf69f74bc975b43 {\r\ndisplay: block;\r\n}\r\n}\r\n@media screen and (min-width: 993px) and (max-width: 1200px) {\r\n.wliyf69f74bc975b43 {\r\ndisplay: block;\r\n}\r\n}\r\n@media screen and (min-width: 769px) and (max-width: 992px) {\r\n.wliyf69f74bc975b43 {\r\ndisplay: block;\r\n}\r\n}\r\n@media screen and (min-width: 768px) and (max-width: 768px) {\r\n.wliyf69f74bc975b43 {\r\ndisplay: block;\r\n}\r\n}\r\n@media screen and (max-width: 767px) {\r\n.wliyf69f74bc975b43 {\r\ndisplay: block;\r\n}\r\n}\r\n<\/style>\r\n<div class=\"fbrhz69f74bc97bcd0\" ><div id=\"div_destino\"><\/div>\r\n<script src=\"https:\/\/cdn.snsrsv.com\/sdk.js\"><\/script>\r\n<script >\r\n      new sdk(\"464030C30061EA8BE065000000000001\") \r\n          .appendTo(\"div_destino\")\r\n          .disableStyle(true) \r\n          .setCacheBusterMacro(\"%%CACHEBUSTER%%\")\r\n          .setSize(\"800\",\"214\")\r\n          .setClickMacro(\"%%CLICK_URL_ESC%%\") \r\n          .setReferrerUrlMacro(\"%%REFERRER_URL_ESC%%\") \r\n          .start(); \r\n<\/script><\/div><style type=\"text\/css\">\r\n@media screen and (min-width: 1201px) {\r\n.fbrhz69f74bc97bcd0 {\r\ndisplay: block;\r\n}\r\n}\r\n@media screen and (min-width: 993px) and (max-width: 1200px) {\r\n.fbrhz69f74bc97bcd0 {\r\ndisplay: block;\r\n}\r\n}\r\n@media screen and (min-width: 769px) and (max-width: 992px) {\r\n.fbrhz69f74bc97bcd0 {\r\ndisplay: block;\r\n}\r\n}\r\n@media screen and (min-width: 768px) and (max-width: 768px) {\r\n.fbrhz69f74bc97bcd0 {\r\ndisplay: block;\r\n}\r\n}\r\n@media screen and (max-width: 767px) {\r\n.fbrhz69f74bc97bcd0 {\r\ndisplay: block;\r\n}\r\n}\r\n<\/style>\r\n","protected":false},"excerpt":{"rendered":"<p>De 5 a 9 de agosto, Cataguases se transformar\u00e1 em um grande palco de experi\u00eancias culturais e sensoriais com o Festival For\u00e7a, Luz e Arte. Patrocinado pela Energisa e com programa\u00e7\u00e3o totalmente gratuita, o evento celebra a chegada da energia<\/p>\n<p class=\"link-more\"><a class=\"more-link\" href=\"https:\/\/marcelolopes.jor.br\/site\/2025\/07\/31\/festival-forca-luz-e-arte-transforma-cataguases-com-programacao-imersiva\/\">Leia mais <span class=\"screen-reader-text\">Festival For\u00e7a, Luz e Arte transforma Cataguases com programa\u00e7\u00e3o imersiva<\/span><\/a><\/p>\n","protected":false},"author":2,"featured_media":59566,"comment_status":"open","ping_status":"closed","sticky":false,"template":"","format":"standard","meta":{"footnotes":""},"categories":[1],"tags":[],"class_list":["post-59564","post","type-post","status-publish","format-standard","has-post-thumbnail","hentry","category-noticias","thumb-below-title"],"yoast_head":"<!-- This site is optimized with the Yoast SEO plugin v27.4 - https:\/\/yoast.com\/product\/yoast-seo-wordpress\/ -->\n<title>Festival For\u00e7a, Luz e Arte transforma Cataguases com<\/title>\n<meta name=\"description\" content=\"Festival For\u00e7a, Luz e Arte transforma Cataguases com programa\u00e7\u00e3o imersiva. Evento patrocinado pela Energisa comemora a chegada da luz.\" \/>\n<meta name=\"robots\" content=\"index, follow, max-snippet:-1, max-image-preview:large, max-video-preview:-1\" \/>\n<link rel=\"canonical\" href=\"https:\/\/marcelolopes.jor.br\/site\/2025\/07\/31\/festival-forca-luz-e-arte-transforma-cataguases-com-programacao-imersiva\/\" \/>\n<meta property=\"og:locale\" content=\"pt_BR\" \/>\n<meta property=\"og:type\" content=\"article\" \/>\n<meta property=\"og:title\" content=\"Festival For\u00e7a, Luz e Arte transforma Cataguases com\" \/>\n<meta property=\"og:description\" content=\"Festival For\u00e7a, Luz e Arte transforma Cataguases com programa\u00e7\u00e3o imersiva. Evento patrocinado pela Energisa comemora a chegada da luz.\" \/>\n<meta property=\"og:url\" content=\"https:\/\/marcelolopes.jor.br\/site\/2025\/07\/31\/festival-forca-luz-e-arte-transforma-cataguases-com-programacao-imersiva\/\" \/>\n<meta property=\"og:site_name\" content=\"Marcelo Lopes\" \/>\n<meta property=\"article:publisher\" content=\"https:\/\/www.facebook.com\/sitedomarcelolopes\" \/>\n<meta property=\"article:published_time\" content=\"2025-07-31T19:00:52+00:00\" \/>\n<meta property=\"article:modified_time\" content=\"2025-07-31T19:01:41+00:00\" \/>\n<meta property=\"og:image\" content=\"https:\/\/marcelolopes.jor.br\/site\/wp-content\/uploads\/2025\/07\/meia-Pataca.jpeg\" \/>\n\t<meta property=\"og:image:width\" content=\"1280\" \/>\n\t<meta property=\"og:image:height\" content=\"977\" \/>\n\t<meta property=\"og:image:type\" content=\"image\/jpeg\" \/>\n<meta name=\"author\" content=\"Marcelo Lopes\" \/>\n<meta name=\"twitter:card\" content=\"summary_large_image\" \/>\n<meta name=\"twitter:label1\" content=\"Escrito por\" \/>\n\t<meta name=\"twitter:data1\" content=\"Marcelo Lopes\" \/>\n\t<meta name=\"twitter:label2\" content=\"Est. tempo de leitura\" \/>\n\t<meta name=\"twitter:data2\" content=\"3 minutos\" \/>\n<script type=\"application\/ld+json\" class=\"yoast-schema-graph\">{\"@context\":\"https:\\\/\\\/schema.org\",\"@graph\":[{\"@type\":\"NewsArticle\",\"@id\":\"https:\\\/\\\/marcelolopes.jor.br\\\/site\\\/2025\\\/07\\\/31\\\/festival-forca-luz-e-arte-transforma-cataguases-com-programacao-imersiva\\\/#article\",\"isPartOf\":{\"@id\":\"https:\\\/\\\/marcelolopes.jor.br\\\/site\\\/2025\\\/07\\\/31\\\/festival-forca-luz-e-arte-transforma-cataguases-com-programacao-imersiva\\\/\"},\"author\":{\"name\":\"Marcelo Lopes\",\"@id\":\"https:\\\/\\\/marcelolopes.jor.br\\\/site\\\/#\\\/schema\\\/person\\\/3e7216a35c34d8fdf952b31da3d1f89f\"},\"headline\":\"Festival For\u00e7a, Luz e Arte transforma Cataguases com programa\u00e7\u00e3o imersiva\",\"datePublished\":\"2025-07-31T19:00:52+00:00\",\"dateModified\":\"2025-07-31T19:01:41+00:00\",\"mainEntityOfPage\":{\"@id\":\"https:\\\/\\\/marcelolopes.jor.br\\\/site\\\/2025\\\/07\\\/31\\\/festival-forca-luz-e-arte-transforma-cataguases-com-programacao-imersiva\\\/\"},\"wordCount\":613,\"commentCount\":0,\"publisher\":{\"@id\":\"https:\\\/\\\/marcelolopes.jor.br\\\/site\\\/#organization\"},\"image\":{\"@id\":\"https:\\\/\\\/marcelolopes.jor.br\\\/site\\\/2025\\\/07\\\/31\\\/festival-forca-luz-e-arte-transforma-cataguases-com-programacao-imersiva\\\/#primaryimage\"},\"thumbnailUrl\":\"https:\\\/\\\/marcelolopes.jor.br\\\/site\\\/wp-content\\\/uploads\\\/2025\\\/07\\\/meia-Pataca.jpeg\",\"articleSection\":[\"Not\u00edcias\"],\"inLanguage\":\"pt-BR\",\"potentialAction\":[{\"@type\":\"CommentAction\",\"name\":\"Comment\",\"target\":[\"https:\\\/\\\/marcelolopes.jor.br\\\/site\\\/2025\\\/07\\\/31\\\/festival-forca-luz-e-arte-transforma-cataguases-com-programacao-imersiva\\\/#respond\"]}]},{\"@type\":\"WebPage\",\"@id\":\"https:\\\/\\\/marcelolopes.jor.br\\\/site\\\/2025\\\/07\\\/31\\\/festival-forca-luz-e-arte-transforma-cataguases-com-programacao-imersiva\\\/\",\"url\":\"https:\\\/\\\/marcelolopes.jor.br\\\/site\\\/2025\\\/07\\\/31\\\/festival-forca-luz-e-arte-transforma-cataguases-com-programacao-imersiva\\\/\",\"name\":\"Festival For\u00e7a, Luz e Arte transforma Cataguases com\",\"isPartOf\":{\"@id\":\"https:\\\/\\\/marcelolopes.jor.br\\\/site\\\/#website\"},\"primaryImageOfPage\":{\"@id\":\"https:\\\/\\\/marcelolopes.jor.br\\\/site\\\/2025\\\/07\\\/31\\\/festival-forca-luz-e-arte-transforma-cataguases-com-programacao-imersiva\\\/#primaryimage\"},\"image\":{\"@id\":\"https:\\\/\\\/marcelolopes.jor.br\\\/site\\\/2025\\\/07\\\/31\\\/festival-forca-luz-e-arte-transforma-cataguases-com-programacao-imersiva\\\/#primaryimage\"},\"thumbnailUrl\":\"https:\\\/\\\/marcelolopes.jor.br\\\/site\\\/wp-content\\\/uploads\\\/2025\\\/07\\\/meia-Pataca.jpeg\",\"datePublished\":\"2025-07-31T19:00:52+00:00\",\"dateModified\":\"2025-07-31T19:01:41+00:00\",\"description\":\"Festival For\u00e7a, Luz e Arte transforma Cataguases com programa\u00e7\u00e3o imersiva. Evento patrocinado pela Energisa comemora a chegada da luz.\",\"breadcrumb\":{\"@id\":\"https:\\\/\\\/marcelolopes.jor.br\\\/site\\\/2025\\\/07\\\/31\\\/festival-forca-luz-e-arte-transforma-cataguases-com-programacao-imersiva\\\/#breadcrumb\"},\"inLanguage\":\"pt-BR\",\"potentialAction\":[{\"@type\":\"ReadAction\",\"target\":[\"https:\\\/\\\/marcelolopes.jor.br\\\/site\\\/2025\\\/07\\\/31\\\/festival-forca-luz-e-arte-transforma-cataguases-com-programacao-imersiva\\\/\"]}]},{\"@type\":\"ImageObject\",\"inLanguage\":\"pt-BR\",\"@id\":\"https:\\\/\\\/marcelolopes.jor.br\\\/site\\\/2025\\\/07\\\/31\\\/festival-forca-luz-e-arte-transforma-cataguases-com-programacao-imersiva\\\/#primaryimage\",\"url\":\"https:\\\/\\\/marcelolopes.jor.br\\\/site\\\/wp-content\\\/uploads\\\/2025\\\/07\\\/meia-Pataca.jpeg\",\"contentUrl\":\"https:\\\/\\\/marcelolopes.jor.br\\\/site\\\/wp-content\\\/uploads\\\/2025\\\/07\\\/meia-Pataca.jpeg\",\"width\":1280,\"height\":977,\"caption\":\"Festival For\u00e7a, Luz e\"},{\"@type\":\"BreadcrumbList\",\"@id\":\"https:\\\/\\\/marcelolopes.jor.br\\\/site\\\/2025\\\/07\\\/31\\\/festival-forca-luz-e-arte-transforma-cataguases-com-programacao-imersiva\\\/#breadcrumb\",\"itemListElement\":[{\"@type\":\"ListItem\",\"position\":1,\"name\":\"Home\",\"item\":\"https:\\\/\\\/marcelolopes.jor.br\\\/site\\\/\"},{\"@type\":\"ListItem\",\"position\":2,\"name\":\"Festival For\u00e7a, Luz e Arte transforma Cataguases com programa\u00e7\u00e3o imersiva\"}]},{\"@type\":\"WebSite\",\"@id\":\"https:\\\/\\\/marcelolopes.jor.br\\\/site\\\/#website\",\"url\":\"https:\\\/\\\/marcelolopes.jor.br\\\/site\\\/\",\"name\":\"Marcelo Lopes\",\"description\":\"Not\u00edcias de Cataguases e Regi\u00e3o\",\"publisher\":{\"@id\":\"https:\\\/\\\/marcelolopes.jor.br\\\/site\\\/#organization\"},\"potentialAction\":[{\"@type\":\"SearchAction\",\"target\":{\"@type\":\"EntryPoint\",\"urlTemplate\":\"https:\\\/\\\/marcelolopes.jor.br\\\/site\\\/?s={search_term_string}\"},\"query-input\":{\"@type\":\"PropertyValueSpecification\",\"valueRequired\":true,\"valueName\":\"search_term_string\"}}],\"inLanguage\":\"pt-BR\"},{\"@type\":\"Organization\",\"@id\":\"https:\\\/\\\/marcelolopes.jor.br\\\/site\\\/#organization\",\"name\":\"Site do Marcelo Lopes\",\"url\":\"https:\\\/\\\/marcelolopes.jor.br\\\/site\\\/\",\"logo\":{\"@type\":\"ImageObject\",\"inLanguage\":\"pt-BR\",\"@id\":\"https:\\\/\\\/marcelolopes.jor.br\\\/site\\\/#\\\/schema\\\/logo\\\/image\\\/\",\"url\":\"https:\\\/\\\/marcelolopes.jor.br\\\/site\\\/wp-content\\\/uploads\\\/2024\\\/11\\\/logo-1.png\",\"contentUrl\":\"https:\\\/\\\/marcelolopes.jor.br\\\/site\\\/wp-content\\\/uploads\\\/2024\\\/11\\\/logo-1.png\",\"width\":475,\"height\":80,\"caption\":\"Site do Marcelo Lopes\"},\"image\":{\"@id\":\"https:\\\/\\\/marcelolopes.jor.br\\\/site\\\/#\\\/schema\\\/logo\\\/image\\\/\"},\"sameAs\":[\"https:\\\/\\\/www.facebook.com\\\/sitedomarcelolopes\",\"https:\\\/\\\/www.instagram.com\\\/sitedomarcelolopes\\\/\",\"https:\\\/\\\/www.linkedin.com\\\/company\\\/site-do-marcelo-lopes\\\/\",\"https:\\\/\\\/www.youtube.com\\\/user\\\/marcelolopes957\"]},{\"@type\":\"Person\",\"@id\":\"https:\\\/\\\/marcelolopes.jor.br\\\/site\\\/#\\\/schema\\\/person\\\/3e7216a35c34d8fdf952b31da3d1f89f\",\"name\":\"Marcelo Lopes\",\"sameAs\":[\"http:\\\/\\\/www.marcelolopes.jor.br\"],\"url\":\"https:\\\/\\\/marcelolopes.jor.br\\\/site\\\/author\\\/marcelo\\\/\"}]}<\/script>\n<!-- \/ Yoast SEO plugin. -->","yoast_head_json":{"title":"Festival For\u00e7a, Luz e Arte transforma Cataguases com","description":"Festival For\u00e7a, Luz e Arte transforma Cataguases com programa\u00e7\u00e3o imersiva. Evento patrocinado pela Energisa comemora a chegada da luz.","robots":{"index":"index","follow":"follow","max-snippet":"max-snippet:-1","max-image-preview":"max-image-preview:large","max-video-preview":"max-video-preview:-1"},"canonical":"https:\/\/marcelolopes.jor.br\/site\/2025\/07\/31\/festival-forca-luz-e-arte-transforma-cataguases-com-programacao-imersiva\/","og_locale":"pt_BR","og_type":"article","og_title":"Festival For\u00e7a, Luz e Arte transforma Cataguases com","og_description":"Festival For\u00e7a, Luz e Arte transforma Cataguases com programa\u00e7\u00e3o imersiva. Evento patrocinado pela Energisa comemora a chegada da luz.","og_url":"https:\/\/marcelolopes.jor.br\/site\/2025\/07\/31\/festival-forca-luz-e-arte-transforma-cataguases-com-programacao-imersiva\/","og_site_name":"Marcelo Lopes","article_publisher":"https:\/\/www.facebook.com\/sitedomarcelolopes","article_published_time":"2025-07-31T19:00:52+00:00","article_modified_time":"2025-07-31T19:01:41+00:00","og_image":[{"width":1280,"height":977,"url":"https:\/\/marcelolopes.jor.br\/site\/wp-content\/uploads\/2025\/07\/meia-Pataca.jpeg","type":"image\/jpeg"}],"author":"Marcelo Lopes","twitter_card":"summary_large_image","twitter_misc":{"Escrito por":"Marcelo Lopes","Est. tempo de leitura":"3 minutos"},"schema":{"@context":"https:\/\/schema.org","@graph":[{"@type":"NewsArticle","@id":"https:\/\/marcelolopes.jor.br\/site\/2025\/07\/31\/festival-forca-luz-e-arte-transforma-cataguases-com-programacao-imersiva\/#article","isPartOf":{"@id":"https:\/\/marcelolopes.jor.br\/site\/2025\/07\/31\/festival-forca-luz-e-arte-transforma-cataguases-com-programacao-imersiva\/"},"author":{"name":"Marcelo Lopes","@id":"https:\/\/marcelolopes.jor.br\/site\/#\/schema\/person\/3e7216a35c34d8fdf952b31da3d1f89f"},"headline":"Festival For\u00e7a, Luz e Arte transforma Cataguases com programa\u00e7\u00e3o imersiva","datePublished":"2025-07-31T19:00:52+00:00","dateModified":"2025-07-31T19:01:41+00:00","mainEntityOfPage":{"@id":"https:\/\/marcelolopes.jor.br\/site\/2025\/07\/31\/festival-forca-luz-e-arte-transforma-cataguases-com-programacao-imersiva\/"},"wordCount":613,"commentCount":0,"publisher":{"@id":"https:\/\/marcelolopes.jor.br\/site\/#organization"},"image":{"@id":"https:\/\/marcelolopes.jor.br\/site\/2025\/07\/31\/festival-forca-luz-e-arte-transforma-cataguases-com-programacao-imersiva\/#primaryimage"},"thumbnailUrl":"https:\/\/marcelolopes.jor.br\/site\/wp-content\/uploads\/2025\/07\/meia-Pataca.jpeg","articleSection":["Not\u00edcias"],"inLanguage":"pt-BR","potentialAction":[{"@type":"CommentAction","name":"Comment","target":["https:\/\/marcelolopes.jor.br\/site\/2025\/07\/31\/festival-forca-luz-e-arte-transforma-cataguases-com-programacao-imersiva\/#respond"]}]},{"@type":"WebPage","@id":"https:\/\/marcelolopes.jor.br\/site\/2025\/07\/31\/festival-forca-luz-e-arte-transforma-cataguases-com-programacao-imersiva\/","url":"https:\/\/marcelolopes.jor.br\/site\/2025\/07\/31\/festival-forca-luz-e-arte-transforma-cataguases-com-programacao-imersiva\/","name":"Festival For\u00e7a, Luz e Arte transforma Cataguases com","isPartOf":{"@id":"https:\/\/marcelolopes.jor.br\/site\/#website"},"primaryImageOfPage":{"@id":"https:\/\/marcelolopes.jor.br\/site\/2025\/07\/31\/festival-forca-luz-e-arte-transforma-cataguases-com-programacao-imersiva\/#primaryimage"},"image":{"@id":"https:\/\/marcelolopes.jor.br\/site\/2025\/07\/31\/festival-forca-luz-e-arte-transforma-cataguases-com-programacao-imersiva\/#primaryimage"},"thumbnailUrl":"https:\/\/marcelolopes.jor.br\/site\/wp-content\/uploads\/2025\/07\/meia-Pataca.jpeg","datePublished":"2025-07-31T19:00:52+00:00","dateModified":"2025-07-31T19:01:41+00:00","description":"Festival For\u00e7a, Luz e Arte transforma Cataguases com programa\u00e7\u00e3o imersiva. Evento patrocinado pela Energisa comemora a chegada da luz.","breadcrumb":{"@id":"https:\/\/marcelolopes.jor.br\/site\/2025\/07\/31\/festival-forca-luz-e-arte-transforma-cataguases-com-programacao-imersiva\/#breadcrumb"},"inLanguage":"pt-BR","potentialAction":[{"@type":"ReadAction","target":["https:\/\/marcelolopes.jor.br\/site\/2025\/07\/31\/festival-forca-luz-e-arte-transforma-cataguases-com-programacao-imersiva\/"]}]},{"@type":"ImageObject","inLanguage":"pt-BR","@id":"https:\/\/marcelolopes.jor.br\/site\/2025\/07\/31\/festival-forca-luz-e-arte-transforma-cataguases-com-programacao-imersiva\/#primaryimage","url":"https:\/\/marcelolopes.jor.br\/site\/wp-content\/uploads\/2025\/07\/meia-Pataca.jpeg","contentUrl":"https:\/\/marcelolopes.jor.br\/site\/wp-content\/uploads\/2025\/07\/meia-Pataca.jpeg","width":1280,"height":977,"caption":"Festival For\u00e7a, Luz e"},{"@type":"BreadcrumbList","@id":"https:\/\/marcelolopes.jor.br\/site\/2025\/07\/31\/festival-forca-luz-e-arte-transforma-cataguases-com-programacao-imersiva\/#breadcrumb","itemListElement":[{"@type":"ListItem","position":1,"name":"Home","item":"https:\/\/marcelolopes.jor.br\/site\/"},{"@type":"ListItem","position":2,"name":"Festival For\u00e7a, Luz e Arte transforma Cataguases com programa\u00e7\u00e3o imersiva"}]},{"@type":"WebSite","@id":"https:\/\/marcelolopes.jor.br\/site\/#website","url":"https:\/\/marcelolopes.jor.br\/site\/","name":"Marcelo Lopes","description":"Not\u00edcias de Cataguases e Regi\u00e3o","publisher":{"@id":"https:\/\/marcelolopes.jor.br\/site\/#organization"},"potentialAction":[{"@type":"SearchAction","target":{"@type":"EntryPoint","urlTemplate":"https:\/\/marcelolopes.jor.br\/site\/?s={search_term_string}"},"query-input":{"@type":"PropertyValueSpecification","valueRequired":true,"valueName":"search_term_string"}}],"inLanguage":"pt-BR"},{"@type":"Organization","@id":"https:\/\/marcelolopes.jor.br\/site\/#organization","name":"Site do Marcelo Lopes","url":"https:\/\/marcelolopes.jor.br\/site\/","logo":{"@type":"ImageObject","inLanguage":"pt-BR","@id":"https:\/\/marcelolopes.jor.br\/site\/#\/schema\/logo\/image\/","url":"https:\/\/marcelolopes.jor.br\/site\/wp-content\/uploads\/2024\/11\/logo-1.png","contentUrl":"https:\/\/marcelolopes.jor.br\/site\/wp-content\/uploads\/2024\/11\/logo-1.png","width":475,"height":80,"caption":"Site do Marcelo Lopes"},"image":{"@id":"https:\/\/marcelolopes.jor.br\/site\/#\/schema\/logo\/image\/"},"sameAs":["https:\/\/www.facebook.com\/sitedomarcelolopes","https:\/\/www.instagram.com\/sitedomarcelolopes\/","https:\/\/www.linkedin.com\/company\/site-do-marcelo-lopes\/","https:\/\/www.youtube.com\/user\/marcelolopes957"]},{"@type":"Person","@id":"https:\/\/marcelolopes.jor.br\/site\/#\/schema\/person\/3e7216a35c34d8fdf952b31da3d1f89f","name":"Marcelo Lopes","sameAs":["http:\/\/www.marcelolopes.jor.br"],"url":"https:\/\/marcelolopes.jor.br\/site\/author\/marcelo\/"}]}},"wps_subtitle":"Evento gratuito patrocinado pela Energisa comemora a chegada da luz el\u00e9trica.","_links":{"self":[{"href":"https:\/\/marcelolopes.jor.br\/site\/wp-json\/wp\/v2\/posts\/59564","targetHints":{"allow":["GET"]}}],"collection":[{"href":"https:\/\/marcelolopes.jor.br\/site\/wp-json\/wp\/v2\/posts"}],"about":[{"href":"https:\/\/marcelolopes.jor.br\/site\/wp-json\/wp\/v2\/types\/post"}],"author":[{"embeddable":true,"href":"https:\/\/marcelolopes.jor.br\/site\/wp-json\/wp\/v2\/users\/2"}],"replies":[{"embeddable":true,"href":"https:\/\/marcelolopes.jor.br\/site\/wp-json\/wp\/v2\/comments?post=59564"}],"version-history":[{"count":0,"href":"https:\/\/marcelolopes.jor.br\/site\/wp-json\/wp\/v2\/posts\/59564\/revisions"}],"wp:featuredmedia":[{"embeddable":true,"href":"https:\/\/marcelolopes.jor.br\/site\/wp-json\/wp\/v2\/media\/59566"}],"wp:attachment":[{"href":"https:\/\/marcelolopes.jor.br\/site\/wp-json\/wp\/v2\/media?parent=59564"}],"wp:term":[{"taxonomy":"category","embeddable":true,"href":"https:\/\/marcelolopes.jor.br\/site\/wp-json\/wp\/v2\/categories?post=59564"},{"taxonomy":"post_tag","embeddable":true,"href":"https:\/\/marcelolopes.jor.br\/site\/wp-json\/wp\/v2\/tags?post=59564"}],"curies":[{"name":"wp","href":"https:\/\/api.w.org\/{rel}","templated":true}]}}