{"id":59558,"date":"2025-07-31T12:00:45","date_gmt":"2025-07-31T15:00:45","guid":{"rendered":"https:\/\/marcelolopes.jor.br\/?p=59558"},"modified":"2025-07-31T12:04:26","modified_gmt":"2025-07-31T15:04:26","slug":"homem-e-preso-apos-assaltar-motoboy-com-encomenda-de-iphone","status":"publish","type":"post","link":"https:\/\/marcelolopes.jor.br\/site\/2025\/07\/31\/homem-e-preso-apos-assaltar-motoboy-com-encomenda-de-iphone\/","title":{"rendered":"Homem \u00e9 preso ap\u00f3s assaltar motoboy com encomenda de iPhone"},"content":{"rendered":"<p>Um homem de 24 anos foi preso na quarta-feira, 30 de julho, ap\u00f3s roubar um motoboy que levava um iPhone encomendado por ele mesmo. O crime aconteceu no trevo de acesso ao distrito de Aba\u00edba, em Leopoldina.<!--more--><\/p>\n<h4 class=\"p1\"><span class=\"s1\">\ud83d\udcf8\u00a0<span style=\"color: #008000;\">Siga o Site do Marcelo Lopes no<\/span>\u00a0<span style=\"color: #800000;\"><a style=\"color: #800000;\" href=\"https:\/\/www.facebook.com\/sitedomarcelolopes\/\"><strong>Facebook<\/strong><\/a><\/span>\u00a0<span style=\"color: #008000;\">e no<\/span>\u00a0<span style=\"color: #800000;\"><strong><a style=\"color: #800000;\" href=\"https:\/\/www.instagram.com\/sitedomarcelolopes\/\">Instagram<\/a><\/strong><\/span><\/span><\/h4>\n<h4 class=\"p1\">\ud83d\udcf1<span style=\"color: #008000;\">Participe do grupo de<\/span>\u00a0<span style=\"color: #800000;\"><a style=\"color: #800000;\" href=\"https:\/\/chat.whatsapp.com\/BibzcI1ibYSKytbdyzubLA\"><strong>WhatsApp<\/strong><\/a><\/span> <span style=\"color: #008000;\">do Site do Marcelo Lopes<\/span><\/h4>\n<p>&nbsp;<\/p>\n<p>De acordo com a Pol\u00edcia Militar, o suspeito havia feito a encomenda do celular em uma loja de Muria\u00e9 utilizando o pr\u00f3prio telefone. No momento da entrega, ele surpreendeu o entregador e roubou o aparelho. Ap\u00f3s o crime, fugiu do local e escondeu o celular o enterrando no quintal de casa.<\/p>\n<p>A v\u00edtima acionou imediatamente a PM de Recreio, que iniciou dilig\u00eancias com apoio da Pol\u00edcia Civil. Imagens de c\u00e2meras de seguran\u00e7a ajudaram na identifica\u00e7\u00e3o do autor, que foi localizado no distrito de Concei\u00e7\u00e3o da Boa Vista, que pertence \u00e0quele munic\u00edpio (o v\u00eddeo abaixo mostra o momento em que o aparelho \u00e9 recuperado).<\/p>\n<div style=\"width: 576px;\" class=\"wp-video\"><video class=\"wp-video-shortcode\" id=\"video-59558-1\" width=\"576\" height=\"392\" preload=\"metadata\" controls=\"controls\"><source type=\"video\/mp4\" src=\"https:\/\/marcelolopes.jor.br\/site\/wp-content\/uploads\/2025\/07\/apreensao.mp4?_=1\" \/><a href=\"https:\/\/marcelolopes.jor.br\/site\/wp-content\/uploads\/2025\/07\/apreensao.mp4\">https:\/\/marcelolopes.jor.br\/site\/wp-content\/uploads\/2025\/07\/apreensao.mp4<\/a><\/video><\/div>\n<p>Durante a abordagem, os policiais encontraram o celular enterrado nos fundos da resid\u00eancia. A motocicleta usada no assalto tamb\u00e9m foi apreendida. O suspeito contou ainda que usou uma faca no crime, mas que a havia dispensado na estrada. O homem foi preso em flagrante e levado \u00e0 delegacia.<\/p>\n<p><img loading=\"lazy\" decoding=\"async\" class=\"aligncenter wp-image-59561\" src=\"https:\/\/marcelolopes.jor.br\/site\/wp-content\/uploads\/2025\/07\/moto-300x135.jpeg\" alt=\"Homen \u00e9 preso ap\u00f3s\" width=\"700\" height=\"315\" srcset=\"https:\/\/marcelolopes.jor.br\/site\/wp-content\/uploads\/2025\/07\/moto-300x135.jpeg 300w, https:\/\/marcelolopes.jor.br\/site\/wp-content\/uploads\/2025\/07\/moto-1024x461.jpeg 1024w, https:\/\/marcelolopes.jor.br\/site\/wp-content\/uploads\/2025\/07\/moto-768x346.jpeg 768w, https:\/\/marcelolopes.jor.br\/site\/wp-content\/uploads\/2025\/07\/moto-1200x540.jpeg 1200w, https:\/\/marcelolopes.jor.br\/site\/wp-content\/uploads\/2025\/07\/moto.jpeg 1280w\" sizes=\"auto, (max-width: 700px) 100vw, 700px\" \/><\/p>\n<p><strong>OUTRAS NOT\u00cdCIAS<\/strong><br \/>\n<a href=\"https:\/\/marcelolopes.jor.br\/2025\/02\/08\/menores-sao-apreendidos-apos-assalto-a-mercearia-no-centro\/\"><strong><span style=\"color: #800000;\">Menores s\u00e3o apreendidos ap\u00f3s assalto a mercearia no Centro<\/span><\/strong><\/a><\/p>\n<p><a href=\"https:\/\/marcelolopes.jor.br\/2024\/10\/30\/pm-prende-cinco-suspeitos-de-assalto-a-onibus-em-pirauba\/\"><strong><span style=\"color: #800000;\">PM prende cinco suspeitos de assalto a \u00f4nibus em Pira\u00faba<\/span><\/strong><\/a><\/p>\n<p>Fonte, foto e v\u00eddeo: 68\u00ba BPM &#8211; divulga\u00e7\u00e3o<\/p>\n<div class=\"gxays69f7648ccb2d7\" ><br><\/div><style type=\"text\/css\">\r\n@media screen and (min-width: 1201px) {\r\n.gxays69f7648ccb2d7 {\r\ndisplay: block;\r\n}\r\n}\r\n@media screen and (min-width: 993px) and (max-width: 1200px) {\r\n.gxays69f7648ccb2d7 {\r\ndisplay: block;\r\n}\r\n}\r\n@media screen and (min-width: 769px) and (max-width: 992px) {\r\n.gxays69f7648ccb2d7 {\r\ndisplay: block;\r\n}\r\n}\r\n@media screen and (min-width: 768px) and (max-width: 768px) {\r\n.gxays69f7648ccb2d7 {\r\ndisplay: block;\r\n}\r\n}\r\n@media screen and (max-width: 767px) {\r\n.gxays69f7648ccb2d7 {\r\ndisplay: block;\r\n}\r\n}\r\n<\/style>\r\n<div class=\"fdvcq69f7648cd0d54\" ><div id=\"div_destino\"><\/div>\r\n<script src=\"https:\/\/cdn.snsrsv.com\/sdk.js\"><\/script>\r\n<script >\r\n      new sdk(\"464030C30061EA8BE065000000000001\") \r\n          .appendTo(\"div_destino\")\r\n          .disableStyle(true) \r\n          .setCacheBusterMacro(\"%%CACHEBUSTER%%\")\r\n          .setSize(\"800\",\"214\")\r\n          .setClickMacro(\"%%CLICK_URL_ESC%%\") \r\n          .setReferrerUrlMacro(\"%%REFERRER_URL_ESC%%\") \r\n          .start(); \r\n<\/script><\/div><style type=\"text\/css\">\r\n@media screen and (min-width: 1201px) {\r\n.fdvcq69f7648cd0d54 {\r\ndisplay: block;\r\n}\r\n}\r\n@media screen and (min-width: 993px) and (max-width: 1200px) {\r\n.fdvcq69f7648cd0d54 {\r\ndisplay: block;\r\n}\r\n}\r\n@media screen and (min-width: 769px) and (max-width: 992px) {\r\n.fdvcq69f7648cd0d54 {\r\ndisplay: block;\r\n}\r\n}\r\n@media screen and (min-width: 768px) and (max-width: 768px) {\r\n.fdvcq69f7648cd0d54 {\r\ndisplay: block;\r\n}\r\n}\r\n@media screen and (max-width: 767px) {\r\n.fdvcq69f7648cd0d54 {\r\ndisplay: block;\r\n}\r\n}\r\n<\/style>\r\n","protected":false},"excerpt":{"rendered":"<p>Um homem de 24 anos foi preso na quarta-feira, 30 de julho, ap\u00f3s roubar um motoboy que levava um iPhone encomendado por ele mesmo. O crime aconteceu no trevo de acesso ao distrito de Aba\u00edba, em Leopoldina.<\/p>\n","protected":false},"author":2,"featured_media":59560,"comment_status":"open","ping_status":"closed","sticky":false,"template":"","format":"standard","meta":{"footnotes":""},"categories":[1],"tags":[],"class_list":["post-59558","post","type-post","status-publish","format-standard","has-post-thumbnail","hentry","category-noticias","thumb-below-title"],"yoast_head":"<!-- This site is optimized with the Yoast SEO plugin v27.4 - https:\/\/yoast.com\/product\/yoast-seo-wordpress\/ -->\n<title>Homem \u00e9 preso ap\u00f3s assaltar motoboy com encomenda de iPhone | Marcelo Lopes<\/title>\n<meta name=\"description\" content=\"Homem \u00e9 preso ap\u00f3s assaltar motoboy com encomenda de iPhone. Crime ocorreu em Aba\u00edba, mas pris\u00e3o aconteceu em Concei\u00e7\u00e3o da Boa Vista.\" \/>\n<meta name=\"robots\" content=\"index, follow, max-snippet:-1, max-image-preview:large, max-video-preview:-1\" \/>\n<link rel=\"canonical\" href=\"https:\/\/marcelolopes.jor.br\/site\/2025\/07\/31\/homem-e-preso-apos-assaltar-motoboy-com-encomenda-de-iphone\/\" \/>\n<meta property=\"og:locale\" content=\"pt_BR\" \/>\n<meta property=\"og:type\" content=\"article\" \/>\n<meta property=\"og:title\" content=\"Homem \u00e9 preso ap\u00f3s assaltar motoboy com encomenda de iPhone | Marcelo Lopes\" \/>\n<meta property=\"og:description\" content=\"Homem \u00e9 preso ap\u00f3s assaltar motoboy com encomenda de iPhone. Crime ocorreu em Aba\u00edba, mas pris\u00e3o aconteceu em Concei\u00e7\u00e3o da Boa Vista.\" \/>\n<meta property=\"og:url\" content=\"https:\/\/marcelolopes.jor.br\/site\/2025\/07\/31\/homem-e-preso-apos-assaltar-motoboy-com-encomenda-de-iphone\/\" \/>\n<meta property=\"og:site_name\" content=\"Marcelo Lopes\" \/>\n<meta property=\"article:publisher\" content=\"https:\/\/www.facebook.com\/sitedomarcelolopes\" \/>\n<meta property=\"article:published_time\" content=\"2025-07-31T15:00:45+00:00\" \/>\n<meta property=\"article:modified_time\" content=\"2025-07-31T15:04:26+00:00\" \/>\n<meta property=\"og:image\" content=\"https:\/\/marcelolopes.jor.br\/site\/wp-content\/uploads\/2025\/07\/iphone.jpeg\" \/>\n\t<meta property=\"og:image:width\" content=\"900\" \/>\n\t<meta property=\"og:image:height\" content=\"570\" \/>\n\t<meta property=\"og:image:type\" content=\"image\/jpeg\" \/>\n<meta name=\"author\" content=\"Marcelo Lopes\" \/>\n<meta name=\"twitter:card\" content=\"summary_large_image\" \/>\n<meta name=\"twitter:label1\" content=\"Escrito por\" \/>\n\t<meta name=\"twitter:data1\" content=\"Marcelo Lopes\" \/>\n\t<meta name=\"twitter:label2\" content=\"Est. tempo de leitura\" \/>\n\t<meta name=\"twitter:data2\" content=\"1 minuto\" \/>\n<script type=\"application\/ld+json\" class=\"yoast-schema-graph\">{\"@context\":\"https:\\\/\\\/schema.org\",\"@graph\":[{\"@type\":\"NewsArticle\",\"@id\":\"https:\\\/\\\/marcelolopes.jor.br\\\/site\\\/2025\\\/07\\\/31\\\/homem-e-preso-apos-assaltar-motoboy-com-encomenda-de-iphone\\\/#article\",\"isPartOf\":{\"@id\":\"https:\\\/\\\/marcelolopes.jor.br\\\/site\\\/2025\\\/07\\\/31\\\/homem-e-preso-apos-assaltar-motoboy-com-encomenda-de-iphone\\\/\"},\"author\":{\"name\":\"Marcelo Lopes\",\"@id\":\"https:\\\/\\\/marcelolopes.jor.br\\\/site\\\/#\\\/schema\\\/person\\\/3e7216a35c34d8fdf952b31da3d1f89f\"},\"headline\":\"Homem \u00e9 preso ap\u00f3s assaltar motoboy com encomenda de iPhone\",\"datePublished\":\"2025-07-31T15:00:45+00:00\",\"dateModified\":\"2025-07-31T15:04:26+00:00\",\"mainEntityOfPage\":{\"@id\":\"https:\\\/\\\/marcelolopes.jor.br\\\/site\\\/2025\\\/07\\\/31\\\/homem-e-preso-apos-assaltar-motoboy-com-encomenda-de-iphone\\\/\"},\"wordCount\":280,\"commentCount\":0,\"publisher\":{\"@id\":\"https:\\\/\\\/marcelolopes.jor.br\\\/site\\\/#organization\"},\"image\":{\"@id\":\"https:\\\/\\\/marcelolopes.jor.br\\\/site\\\/2025\\\/07\\\/31\\\/homem-e-preso-apos-assaltar-motoboy-com-encomenda-de-iphone\\\/#primaryimage\"},\"thumbnailUrl\":\"https:\\\/\\\/marcelolopes.jor.br\\\/site\\\/wp-content\\\/uploads\\\/2025\\\/07\\\/iphone.jpeg\",\"articleSection\":[\"Not\u00edcias\"],\"inLanguage\":\"pt-BR\",\"potentialAction\":[{\"@type\":\"CommentAction\",\"name\":\"Comment\",\"target\":[\"https:\\\/\\\/marcelolopes.jor.br\\\/site\\\/2025\\\/07\\\/31\\\/homem-e-preso-apos-assaltar-motoboy-com-encomenda-de-iphone\\\/#respond\"]}]},{\"@type\":\"WebPage\",\"@id\":\"https:\\\/\\\/marcelolopes.jor.br\\\/site\\\/2025\\\/07\\\/31\\\/homem-e-preso-apos-assaltar-motoboy-com-encomenda-de-iphone\\\/\",\"url\":\"https:\\\/\\\/marcelolopes.jor.br\\\/site\\\/2025\\\/07\\\/31\\\/homem-e-preso-apos-assaltar-motoboy-com-encomenda-de-iphone\\\/\",\"name\":\"Homem \u00e9 preso ap\u00f3s assaltar motoboy com encomenda de iPhone | Marcelo Lopes\",\"isPartOf\":{\"@id\":\"https:\\\/\\\/marcelolopes.jor.br\\\/site\\\/#website\"},\"primaryImageOfPage\":{\"@id\":\"https:\\\/\\\/marcelolopes.jor.br\\\/site\\\/2025\\\/07\\\/31\\\/homem-e-preso-apos-assaltar-motoboy-com-encomenda-de-iphone\\\/#primaryimage\"},\"image\":{\"@id\":\"https:\\\/\\\/marcelolopes.jor.br\\\/site\\\/2025\\\/07\\\/31\\\/homem-e-preso-apos-assaltar-motoboy-com-encomenda-de-iphone\\\/#primaryimage\"},\"thumbnailUrl\":\"https:\\\/\\\/marcelolopes.jor.br\\\/site\\\/wp-content\\\/uploads\\\/2025\\\/07\\\/iphone.jpeg\",\"datePublished\":\"2025-07-31T15:00:45+00:00\",\"dateModified\":\"2025-07-31T15:04:26+00:00\",\"description\":\"Homem \u00e9 preso ap\u00f3s assaltar motoboy com encomenda de iPhone. Crime ocorreu em Aba\u00edba, mas pris\u00e3o aconteceu em Concei\u00e7\u00e3o da Boa Vista.\",\"breadcrumb\":{\"@id\":\"https:\\\/\\\/marcelolopes.jor.br\\\/site\\\/2025\\\/07\\\/31\\\/homem-e-preso-apos-assaltar-motoboy-com-encomenda-de-iphone\\\/#breadcrumb\"},\"inLanguage\":\"pt-BR\",\"potentialAction\":[{\"@type\":\"ReadAction\",\"target\":[\"https:\\\/\\\/marcelolopes.jor.br\\\/site\\\/2025\\\/07\\\/31\\\/homem-e-preso-apos-assaltar-motoboy-com-encomenda-de-iphone\\\/\"]}]},{\"@type\":\"ImageObject\",\"inLanguage\":\"pt-BR\",\"@id\":\"https:\\\/\\\/marcelolopes.jor.br\\\/site\\\/2025\\\/07\\\/31\\\/homem-e-preso-apos-assaltar-motoboy-com-encomenda-de-iphone\\\/#primaryimage\",\"url\":\"https:\\\/\\\/marcelolopes.jor.br\\\/site\\\/wp-content\\\/uploads\\\/2025\\\/07\\\/iphone.jpeg\",\"contentUrl\":\"https:\\\/\\\/marcelolopes.jor.br\\\/site\\\/wp-content\\\/uploads\\\/2025\\\/07\\\/iphone.jpeg\",\"width\":900,\"height\":570,\"caption\":\"Homem \u00e9 preso ap\u00f3s\"},{\"@type\":\"BreadcrumbList\",\"@id\":\"https:\\\/\\\/marcelolopes.jor.br\\\/site\\\/2025\\\/07\\\/31\\\/homem-e-preso-apos-assaltar-motoboy-com-encomenda-de-iphone\\\/#breadcrumb\",\"itemListElement\":[{\"@type\":\"ListItem\",\"position\":1,\"name\":\"Home\",\"item\":\"https:\\\/\\\/marcelolopes.jor.br\\\/site\\\/\"},{\"@type\":\"ListItem\",\"position\":2,\"name\":\"Homem \u00e9 preso ap\u00f3s assaltar motoboy com encomenda de iPhone\"}]},{\"@type\":\"WebSite\",\"@id\":\"https:\\\/\\\/marcelolopes.jor.br\\\/site\\\/#website\",\"url\":\"https:\\\/\\\/marcelolopes.jor.br\\\/site\\\/\",\"name\":\"Marcelo Lopes\",\"description\":\"Not\u00edcias de Cataguases e Regi\u00e3o\",\"publisher\":{\"@id\":\"https:\\\/\\\/marcelolopes.jor.br\\\/site\\\/#organization\"},\"potentialAction\":[{\"@type\":\"SearchAction\",\"target\":{\"@type\":\"EntryPoint\",\"urlTemplate\":\"https:\\\/\\\/marcelolopes.jor.br\\\/site\\\/?s={search_term_string}\"},\"query-input\":{\"@type\":\"PropertyValueSpecification\",\"valueRequired\":true,\"valueName\":\"search_term_string\"}}],\"inLanguage\":\"pt-BR\"},{\"@type\":\"Organization\",\"@id\":\"https:\\\/\\\/marcelolopes.jor.br\\\/site\\\/#organization\",\"name\":\"Site do Marcelo Lopes\",\"url\":\"https:\\\/\\\/marcelolopes.jor.br\\\/site\\\/\",\"logo\":{\"@type\":\"ImageObject\",\"inLanguage\":\"pt-BR\",\"@id\":\"https:\\\/\\\/marcelolopes.jor.br\\\/site\\\/#\\\/schema\\\/logo\\\/image\\\/\",\"url\":\"https:\\\/\\\/marcelolopes.jor.br\\\/site\\\/wp-content\\\/uploads\\\/2024\\\/11\\\/logo-1.png\",\"contentUrl\":\"https:\\\/\\\/marcelolopes.jor.br\\\/site\\\/wp-content\\\/uploads\\\/2024\\\/11\\\/logo-1.png\",\"width\":475,\"height\":80,\"caption\":\"Site do Marcelo Lopes\"},\"image\":{\"@id\":\"https:\\\/\\\/marcelolopes.jor.br\\\/site\\\/#\\\/schema\\\/logo\\\/image\\\/\"},\"sameAs\":[\"https:\\\/\\\/www.facebook.com\\\/sitedomarcelolopes\",\"https:\\\/\\\/www.instagram.com\\\/sitedomarcelolopes\\\/\",\"https:\\\/\\\/www.linkedin.com\\\/company\\\/site-do-marcelo-lopes\\\/\",\"https:\\\/\\\/www.youtube.com\\\/user\\\/marcelolopes957\"]},{\"@type\":\"Person\",\"@id\":\"https:\\\/\\\/marcelolopes.jor.br\\\/site\\\/#\\\/schema\\\/person\\\/3e7216a35c34d8fdf952b31da3d1f89f\",\"name\":\"Marcelo Lopes\",\"sameAs\":[\"http:\\\/\\\/www.marcelolopes.jor.br\"],\"url\":\"https:\\\/\\\/marcelolopes.jor.br\\\/site\\\/author\\\/marcelo\\\/\"}]}<\/script>\n<!-- \/ Yoast SEO plugin. -->","yoast_head_json":{"title":"Homem \u00e9 preso ap\u00f3s assaltar motoboy com encomenda de iPhone | Marcelo Lopes","description":"Homem \u00e9 preso ap\u00f3s assaltar motoboy com encomenda de iPhone. Crime ocorreu em Aba\u00edba, mas pris\u00e3o aconteceu em Concei\u00e7\u00e3o da Boa Vista.","robots":{"index":"index","follow":"follow","max-snippet":"max-snippet:-1","max-image-preview":"max-image-preview:large","max-video-preview":"max-video-preview:-1"},"canonical":"https:\/\/marcelolopes.jor.br\/site\/2025\/07\/31\/homem-e-preso-apos-assaltar-motoboy-com-encomenda-de-iphone\/","og_locale":"pt_BR","og_type":"article","og_title":"Homem \u00e9 preso ap\u00f3s assaltar motoboy com encomenda de iPhone | Marcelo Lopes","og_description":"Homem \u00e9 preso ap\u00f3s assaltar motoboy com encomenda de iPhone. Crime ocorreu em Aba\u00edba, mas pris\u00e3o aconteceu em Concei\u00e7\u00e3o da Boa Vista.","og_url":"https:\/\/marcelolopes.jor.br\/site\/2025\/07\/31\/homem-e-preso-apos-assaltar-motoboy-com-encomenda-de-iphone\/","og_site_name":"Marcelo Lopes","article_publisher":"https:\/\/www.facebook.com\/sitedomarcelolopes","article_published_time":"2025-07-31T15:00:45+00:00","article_modified_time":"2025-07-31T15:04:26+00:00","og_image":[{"width":900,"height":570,"url":"https:\/\/marcelolopes.jor.br\/site\/wp-content\/uploads\/2025\/07\/iphone.jpeg","type":"image\/jpeg"}],"author":"Marcelo Lopes","twitter_card":"summary_large_image","twitter_misc":{"Escrito por":"Marcelo Lopes","Est. tempo de leitura":"1 minuto"},"schema":{"@context":"https:\/\/schema.org","@graph":[{"@type":"NewsArticle","@id":"https:\/\/marcelolopes.jor.br\/site\/2025\/07\/31\/homem-e-preso-apos-assaltar-motoboy-com-encomenda-de-iphone\/#article","isPartOf":{"@id":"https:\/\/marcelolopes.jor.br\/site\/2025\/07\/31\/homem-e-preso-apos-assaltar-motoboy-com-encomenda-de-iphone\/"},"author":{"name":"Marcelo Lopes","@id":"https:\/\/marcelolopes.jor.br\/site\/#\/schema\/person\/3e7216a35c34d8fdf952b31da3d1f89f"},"headline":"Homem \u00e9 preso ap\u00f3s assaltar motoboy com encomenda de iPhone","datePublished":"2025-07-31T15:00:45+00:00","dateModified":"2025-07-31T15:04:26+00:00","mainEntityOfPage":{"@id":"https:\/\/marcelolopes.jor.br\/site\/2025\/07\/31\/homem-e-preso-apos-assaltar-motoboy-com-encomenda-de-iphone\/"},"wordCount":280,"commentCount":0,"publisher":{"@id":"https:\/\/marcelolopes.jor.br\/site\/#organization"},"image":{"@id":"https:\/\/marcelolopes.jor.br\/site\/2025\/07\/31\/homem-e-preso-apos-assaltar-motoboy-com-encomenda-de-iphone\/#primaryimage"},"thumbnailUrl":"https:\/\/marcelolopes.jor.br\/site\/wp-content\/uploads\/2025\/07\/iphone.jpeg","articleSection":["Not\u00edcias"],"inLanguage":"pt-BR","potentialAction":[{"@type":"CommentAction","name":"Comment","target":["https:\/\/marcelolopes.jor.br\/site\/2025\/07\/31\/homem-e-preso-apos-assaltar-motoboy-com-encomenda-de-iphone\/#respond"]}]},{"@type":"WebPage","@id":"https:\/\/marcelolopes.jor.br\/site\/2025\/07\/31\/homem-e-preso-apos-assaltar-motoboy-com-encomenda-de-iphone\/","url":"https:\/\/marcelolopes.jor.br\/site\/2025\/07\/31\/homem-e-preso-apos-assaltar-motoboy-com-encomenda-de-iphone\/","name":"Homem \u00e9 preso ap\u00f3s assaltar motoboy com encomenda de iPhone | Marcelo Lopes","isPartOf":{"@id":"https:\/\/marcelolopes.jor.br\/site\/#website"},"primaryImageOfPage":{"@id":"https:\/\/marcelolopes.jor.br\/site\/2025\/07\/31\/homem-e-preso-apos-assaltar-motoboy-com-encomenda-de-iphone\/#primaryimage"},"image":{"@id":"https:\/\/marcelolopes.jor.br\/site\/2025\/07\/31\/homem-e-preso-apos-assaltar-motoboy-com-encomenda-de-iphone\/#primaryimage"},"thumbnailUrl":"https:\/\/marcelolopes.jor.br\/site\/wp-content\/uploads\/2025\/07\/iphone.jpeg","datePublished":"2025-07-31T15:00:45+00:00","dateModified":"2025-07-31T15:04:26+00:00","description":"Homem \u00e9 preso ap\u00f3s assaltar motoboy com encomenda de iPhone. Crime ocorreu em Aba\u00edba, mas pris\u00e3o aconteceu em Concei\u00e7\u00e3o da Boa Vista.","breadcrumb":{"@id":"https:\/\/marcelolopes.jor.br\/site\/2025\/07\/31\/homem-e-preso-apos-assaltar-motoboy-com-encomenda-de-iphone\/#breadcrumb"},"inLanguage":"pt-BR","potentialAction":[{"@type":"ReadAction","target":["https:\/\/marcelolopes.jor.br\/site\/2025\/07\/31\/homem-e-preso-apos-assaltar-motoboy-com-encomenda-de-iphone\/"]}]},{"@type":"ImageObject","inLanguage":"pt-BR","@id":"https:\/\/marcelolopes.jor.br\/site\/2025\/07\/31\/homem-e-preso-apos-assaltar-motoboy-com-encomenda-de-iphone\/#primaryimage","url":"https:\/\/marcelolopes.jor.br\/site\/wp-content\/uploads\/2025\/07\/iphone.jpeg","contentUrl":"https:\/\/marcelolopes.jor.br\/site\/wp-content\/uploads\/2025\/07\/iphone.jpeg","width":900,"height":570,"caption":"Homem \u00e9 preso ap\u00f3s"},{"@type":"BreadcrumbList","@id":"https:\/\/marcelolopes.jor.br\/site\/2025\/07\/31\/homem-e-preso-apos-assaltar-motoboy-com-encomenda-de-iphone\/#breadcrumb","itemListElement":[{"@type":"ListItem","position":1,"name":"Home","item":"https:\/\/marcelolopes.jor.br\/site\/"},{"@type":"ListItem","position":2,"name":"Homem \u00e9 preso ap\u00f3s assaltar motoboy com encomenda de iPhone"}]},{"@type":"WebSite","@id":"https:\/\/marcelolopes.jor.br\/site\/#website","url":"https:\/\/marcelolopes.jor.br\/site\/","name":"Marcelo Lopes","description":"Not\u00edcias de Cataguases e Regi\u00e3o","publisher":{"@id":"https:\/\/marcelolopes.jor.br\/site\/#organization"},"potentialAction":[{"@type":"SearchAction","target":{"@type":"EntryPoint","urlTemplate":"https:\/\/marcelolopes.jor.br\/site\/?s={search_term_string}"},"query-input":{"@type":"PropertyValueSpecification","valueRequired":true,"valueName":"search_term_string"}}],"inLanguage":"pt-BR"},{"@type":"Organization","@id":"https:\/\/marcelolopes.jor.br\/site\/#organization","name":"Site do Marcelo Lopes","url":"https:\/\/marcelolopes.jor.br\/site\/","logo":{"@type":"ImageObject","inLanguage":"pt-BR","@id":"https:\/\/marcelolopes.jor.br\/site\/#\/schema\/logo\/image\/","url":"https:\/\/marcelolopes.jor.br\/site\/wp-content\/uploads\/2024\/11\/logo-1.png","contentUrl":"https:\/\/marcelolopes.jor.br\/site\/wp-content\/uploads\/2024\/11\/logo-1.png","width":475,"height":80,"caption":"Site do Marcelo Lopes"},"image":{"@id":"https:\/\/marcelolopes.jor.br\/site\/#\/schema\/logo\/image\/"},"sameAs":["https:\/\/www.facebook.com\/sitedomarcelolopes","https:\/\/www.instagram.com\/sitedomarcelolopes\/","https:\/\/www.linkedin.com\/company\/site-do-marcelo-lopes\/","https:\/\/www.youtube.com\/user\/marcelolopes957"]},{"@type":"Person","@id":"https:\/\/marcelolopes.jor.br\/site\/#\/schema\/person\/3e7216a35c34d8fdf952b31da3d1f89f","name":"Marcelo Lopes","sameAs":["http:\/\/www.marcelolopes.jor.br"],"url":"https:\/\/marcelolopes.jor.br\/site\/author\/marcelo\/"}]}},"wps_subtitle":"Crime ocorreu em Aba\u00edba, mas pris\u00e3o aconteceu em Concei\u00e7\u00e3o da Boa Vista.","_links":{"self":[{"href":"https:\/\/marcelolopes.jor.br\/site\/wp-json\/wp\/v2\/posts\/59558","targetHints":{"allow":["GET"]}}],"collection":[{"href":"https:\/\/marcelolopes.jor.br\/site\/wp-json\/wp\/v2\/posts"}],"about":[{"href":"https:\/\/marcelolopes.jor.br\/site\/wp-json\/wp\/v2\/types\/post"}],"author":[{"embeddable":true,"href":"https:\/\/marcelolopes.jor.br\/site\/wp-json\/wp\/v2\/users\/2"}],"replies":[{"embeddable":true,"href":"https:\/\/marcelolopes.jor.br\/site\/wp-json\/wp\/v2\/comments?post=59558"}],"version-history":[{"count":0,"href":"https:\/\/marcelolopes.jor.br\/site\/wp-json\/wp\/v2\/posts\/59558\/revisions"}],"wp:featuredmedia":[{"embeddable":true,"href":"https:\/\/marcelolopes.jor.br\/site\/wp-json\/wp\/v2\/media\/59560"}],"wp:attachment":[{"href":"https:\/\/marcelolopes.jor.br\/site\/wp-json\/wp\/v2\/media?parent=59558"}],"wp:term":[{"taxonomy":"category","embeddable":true,"href":"https:\/\/marcelolopes.jor.br\/site\/wp-json\/wp\/v2\/categories?post=59558"},{"taxonomy":"post_tag","embeddable":true,"href":"https:\/\/marcelolopes.jor.br\/site\/wp-json\/wp\/v2\/tags?post=59558"}],"curies":[{"name":"wp","href":"https:\/\/api.w.org\/{rel}","templated":true}]}}