{"id":59339,"date":"2025-07-21T20:00:44","date_gmt":"2025-07-21T23:00:44","guid":{"rendered":"https:\/\/marcelolopes.jor.br\/?p=59339"},"modified":"2025-07-21T17:24:29","modified_gmt":"2025-07-21T20:24:29","slug":"secretaria-municipal-de-assistencia-social-adota-o-gesuas","status":"publish","type":"post","link":"https:\/\/marcelolopes.jor.br\/site\/2025\/07\/21\/secretaria-municipal-de-assistencia-social-adota-o-gesuas\/","title":{"rendered":"Secretaria Municipal de Assist\u00eancia Social adota o GESUAS"},"content":{"rendered":"<p>A Prefeitura de Cataguases deu in\u00edcio \u00e0 implanta\u00e7\u00e3o do GESUAS (Gest\u00e3o do Sistema \u00danico de Assist\u00eancia Social) como ferramenta de apoio \u00e0 atua\u00e7\u00e3o da Secretaria Municipal de Assist\u00eancia Social. A iniciativa visa modernizar e tornar mais eficiente o trabalho das equipes t\u00e9cnicas, al\u00e9m de ampliar a qualidade do atendimento \u00e0 popula\u00e7\u00e3o que depende dos servi\u00e7os socioassistenciais.<!--more--><\/p>\n<h4 class=\"p1\"><span class=\"s1\">\ud83d\udcf8\u00a0<span style=\"color: #008000;\">Siga o Site do Marcelo Lopes no<\/span>\u00a0<span style=\"color: #800000;\"><a style=\"color: #800000;\" href=\"https:\/\/www.facebook.com\/sitedomarcelolopes\/\"><strong>Facebook<\/strong><\/a><\/span>\u00a0<span style=\"color: #008000;\">e no<\/span>\u00a0<span style=\"color: #800000;\"><strong><a style=\"color: #800000;\" href=\"https:\/\/www.instagram.com\/sitedomarcelolopes\/\">Instagram<\/a><\/strong><\/span><\/span><\/h4>\n<h4 class=\"p1\">\ud83d\udcf1<span style=\"color: #008000;\">Participe do grupo de<\/span>\u00a0<span style=\"color: #800000;\"><a style=\"color: #800000;\" href=\"https:\/\/chat.whatsapp.com\/BibzcI1ibYSKytbdyzubLA\"><strong>WhatsApp<\/strong><\/a><\/span> <span style=\"color: #008000;\">do Site do Marcelo Lopes<\/span><\/h4>\n<p>&nbsp;<\/p>\n<p>Nesta semana, uma equipe de profissionais da pasta come\u00e7ou a participar de um treinamento voltado ao uso da plataforma, que \u00e9 utilizada em diversos munic\u00edpios brasileiros como forma de fortalecer a gest\u00e3o do SUAS e aprimorar o monitoramento das a\u00e7\u00f5es no setor.<\/p>\n<p>O GESUAS \u00e9 um software que permite o registro, organiza\u00e7\u00e3o e acompanhamento dos atendimentos realizados pelos Centros de Refer\u00eancia da Assist\u00eancia Social (CRAS), Centros de Refer\u00eancia Especializados de Assist\u00eancia Social (CREAS) e demais unidades vinculadas ao sistema. A ferramenta integra dados em tempo real, padroniza os procedimentos, gera relat\u00f3rios automatizados e facilita a an\u00e1lise das pol\u00edticas p\u00fablicas de assist\u00eancia no munic\u00edpio.<\/p>\n<p>Entre os principais benef\u00edcios do GESUAS, destacam-se:<\/p>\n<p>\u2714\ufe0e Maior efici\u00eancia na gest\u00e3o: o software organiza as informa\u00e7\u00f5es em uma base unificada, evitando retrabalho e perda de dados, al\u00e9m de permitir o planejamento mais estrat\u00e9gico das a\u00e7\u00f5es.<br \/>\n\u2714\ufe0e Facilidade na presta\u00e7\u00e3o de contas: com relat\u00f3rios autom\u00e1ticos, a gest\u00e3o consegue apresentar dados detalhados das atividades aos \u00f3rg\u00e3os de controle e financiadores, garantindo mais transpar\u00eancia.<br \/>\n\u2714\ufe0e Melhor acompanhamento das fam\u00edlias: com o hist\u00f3rico digitalizado dos atendimentos, \u00e9 poss\u00edvel ter uma vis\u00e3o integral das necessidades de cada fam\u00edlia, o que contribui para interven\u00e7\u00f5es mais precisas e eficazes.<br \/>\n\u2714\ufe0e Acesso mais r\u00e1pido e seguro \u00e0s informa\u00e7\u00f5es: as equipes ganham agilidade no dia a dia e conseguem focar mais tempo no atendimento direto \u00e0 popula\u00e7\u00e3o.<br \/>\n\u2714\ufe0e Integra\u00e7\u00e3o com o Cad\u00danico e outros sistemas federais, o que facilita o cruzamento de dados e a oferta de servi\u00e7os de forma mais coordenada.<\/p>\n<p>Para os usu\u00e1rios dos servi\u00e7os da Assist\u00eancia Social, a ado\u00e7\u00e3o do GESUAS representa mais agilidade, organiza\u00e7\u00e3o e personaliza\u00e7\u00e3o do atendimento, al\u00e9m de maior prote\u00e7\u00e3o de seus dados e acompanhamento mais atento de suas demandas.<\/p>\n<blockquote><p>Segundo a Secret\u00e1ria Municipal de Assist\u00eancia Social, Clarice Leite, a implementa\u00e7\u00e3o do sistema faz parte de um processo de moderniza\u00e7\u00e3o do setor no munic\u00edpio. \u201cEssa ferramenta vem para somar. Vai nos permitir trabalhar com mais clareza, controle e precis\u00e3o, garantindo que as fam\u00edlias recebam os servi\u00e7os e benef\u00edcios com mais rapidez e qualidade\u201d, afirmou.<\/p><\/blockquote>\n<p>A previs\u00e3o \u00e9 que, nos pr\u00f3ximos meses, toda a rede de atendimento j\u00e1 esteja operando com o novo sistema, consolidando um novo patamar de gest\u00e3o na pol\u00edtica de Assist\u00eancia Social em Cataguases.<\/p>\n<p><strong>OUTRAS NOT\u00cdCIAS<\/strong><br \/>\n<a href=\"https:\/\/marcelolopes.jor.br\/2025\/01\/11\/prefeitura-de-cataguases-busca-mais-seguranca-nos-locais-publicos\/\"><strong><span style=\"color: #800000;\">Prefeitura de Cataguases busca mais seguran\u00e7a nos locais p\u00fablicos<\/span><\/strong><\/a><\/p>\n<p><a href=\"https:\/\/marcelolopes.jor.br\/2023\/12\/16\/prefeitura-de-cataguases-inaugura-o-gaia-para-atendimento-a-autistas\/\"><strong><span style=\"color: #800000;\">Prefeitura de Cataguases inaugura o GAIA para atendimento a autistas<\/span><\/strong><\/a><\/p>\n<p>Foto: Reprodu\u00e7\u00e3o<\/p>\n<div class=\"fcmya69f76325f32ee\" ><br><\/div><style type=\"text\/css\">\r\n@media screen and (min-width: 1201px) {\r\n.fcmya69f76325f32ee {\r\ndisplay: block;\r\n}\r\n}\r\n@media screen and (min-width: 993px) and (max-width: 1200px) {\r\n.fcmya69f76325f32ee {\r\ndisplay: block;\r\n}\r\n}\r\n@media screen and (min-width: 769px) and (max-width: 992px) {\r\n.fcmya69f76325f32ee {\r\ndisplay: block;\r\n}\r\n}\r\n@media screen and (min-width: 768px) and (max-width: 768px) {\r\n.fcmya69f76325f32ee {\r\ndisplay: block;\r\n}\r\n}\r\n@media screen and (max-width: 767px) {\r\n.fcmya69f76325f32ee {\r\ndisplay: block;\r\n}\r\n}\r\n<\/style>\r\n<div class=\"vgpcq69f7632605ac1\" ><div id=\"div_destino\"><\/div>\r\n<script src=\"https:\/\/cdn.snsrsv.com\/sdk.js\"><\/script>\r\n<script >\r\n      new sdk(\"464030C30061EA8BE065000000000001\") \r\n          .appendTo(\"div_destino\")\r\n          .disableStyle(true) \r\n          .setCacheBusterMacro(\"%%CACHEBUSTER%%\")\r\n          .setSize(\"800\",\"214\")\r\n          .setClickMacro(\"%%CLICK_URL_ESC%%\") \r\n          .setReferrerUrlMacro(\"%%REFERRER_URL_ESC%%\") \r\n          .start(); \r\n<\/script><\/div><style type=\"text\/css\">\r\n@media screen and (min-width: 1201px) {\r\n.vgpcq69f7632605ac1 {\r\ndisplay: block;\r\n}\r\n}\r\n@media screen and (min-width: 993px) and (max-width: 1200px) {\r\n.vgpcq69f7632605ac1 {\r\ndisplay: block;\r\n}\r\n}\r\n@media screen and (min-width: 769px) and (max-width: 992px) {\r\n.vgpcq69f7632605ac1 {\r\ndisplay: block;\r\n}\r\n}\r\n@media screen and (min-width: 768px) and (max-width: 768px) {\r\n.vgpcq69f7632605ac1 {\r\ndisplay: block;\r\n}\r\n}\r\n@media screen and (max-width: 767px) {\r\n.vgpcq69f7632605ac1 {\r\ndisplay: block;\r\n}\r\n}\r\n<\/style>\r\n","protected":false},"excerpt":{"rendered":"<p>A Prefeitura de Cataguases deu in\u00edcio \u00e0 implanta\u00e7\u00e3o do GESUAS (Gest\u00e3o do Sistema \u00danico de Assist\u00eancia Social) como ferramenta de apoio \u00e0 atua\u00e7\u00e3o da Secretaria Municipal de Assist\u00eancia Social. A iniciativa visa modernizar e tornar mais eficiente o trabalho das<\/p>\n<p class=\"link-more\"><a class=\"more-link\" href=\"https:\/\/marcelolopes.jor.br\/site\/2025\/07\/21\/secretaria-municipal-de-assistencia-social-adota-o-gesuas\/\">Leia mais <span class=\"screen-reader-text\">Secretaria Municipal de Assist\u00eancia Social adota o GESUAS<\/span><\/a><\/p>\n","protected":false},"author":2,"featured_media":59340,"comment_status":"open","ping_status":"closed","sticky":false,"template":"","format":"standard","meta":{"footnotes":""},"categories":[1],"tags":[],"class_list":["post-59339","post","type-post","status-publish","format-standard","has-post-thumbnail","hentry","category-noticias","thumb-below-title"],"yoast_head":"<!-- This site is optimized with the Yoast SEO plugin v27.4 - https:\/\/yoast.com\/product\/yoast-seo-wordpress\/ -->\n<title>Secretaria Municipal de Assist\u00eancia Social adota o GESUAS | Marcelo Lopes<\/title>\n<meta name=\"description\" content=\"Secretaria Municipal de Assist\u00eancia social adota o GESUAS. Iniciativa visa modernizar o atendimento do setor.\" \/>\n<meta name=\"robots\" content=\"index, follow, max-snippet:-1, max-image-preview:large, max-video-preview:-1\" \/>\n<link rel=\"canonical\" href=\"https:\/\/marcelolopes.jor.br\/site\/2025\/07\/21\/secretaria-municipal-de-assistencia-social-adota-o-gesuas\/\" \/>\n<meta property=\"og:locale\" content=\"pt_BR\" \/>\n<meta property=\"og:type\" content=\"article\" \/>\n<meta property=\"og:title\" content=\"Secretaria Municipal de Assist\u00eancia Social adota o GESUAS | Marcelo Lopes\" \/>\n<meta property=\"og:description\" content=\"Secretaria Municipal de Assist\u00eancia social adota o GESUAS. Iniciativa visa modernizar o atendimento do setor.\" \/>\n<meta property=\"og:url\" content=\"https:\/\/marcelolopes.jor.br\/site\/2025\/07\/21\/secretaria-municipal-de-assistencia-social-adota-o-gesuas\/\" \/>\n<meta property=\"og:site_name\" content=\"Marcelo Lopes\" \/>\n<meta property=\"article:publisher\" content=\"https:\/\/www.facebook.com\/sitedomarcelolopes\" \/>\n<meta property=\"article:published_time\" content=\"2025-07-21T23:00:44+00:00\" \/>\n<meta property=\"og:image\" content=\"https:\/\/marcelolopes.jor.br\/site\/wp-content\/uploads\/2025\/07\/funcionalidades-tela-1.jpg\" \/>\n\t<meta property=\"og:image:width\" content=\"794\" \/>\n\t<meta property=\"og:image:height\" content=\"559\" \/>\n\t<meta property=\"og:image:type\" content=\"image\/jpeg\" \/>\n<meta name=\"author\" content=\"Marcelo Lopes\" \/>\n<meta name=\"twitter:card\" content=\"summary_large_image\" \/>\n<meta name=\"twitter:label1\" content=\"Escrito por\" \/>\n\t<meta name=\"twitter:data1\" content=\"Marcelo Lopes\" \/>\n\t<meta name=\"twitter:label2\" content=\"Est. tempo de leitura\" \/>\n\t<meta name=\"twitter:data2\" content=\"3 minutos\" \/>\n<script type=\"application\/ld+json\" class=\"yoast-schema-graph\">{\"@context\":\"https:\\\/\\\/schema.org\",\"@graph\":[{\"@type\":\"NewsArticle\",\"@id\":\"https:\\\/\\\/marcelolopes.jor.br\\\/site\\\/2025\\\/07\\\/21\\\/secretaria-municipal-de-assistencia-social-adota-o-gesuas\\\/#article\",\"isPartOf\":{\"@id\":\"https:\\\/\\\/marcelolopes.jor.br\\\/site\\\/2025\\\/07\\\/21\\\/secretaria-municipal-de-assistencia-social-adota-o-gesuas\\\/\"},\"author\":{\"name\":\"Marcelo Lopes\",\"@id\":\"https:\\\/\\\/marcelolopes.jor.br\\\/site\\\/#\\\/schema\\\/person\\\/3e7216a35c34d8fdf952b31da3d1f89f\"},\"headline\":\"Secretaria Municipal de Assist\u00eancia Social adota o GESUAS\",\"datePublished\":\"2025-07-21T23:00:44+00:00\",\"mainEntityOfPage\":{\"@id\":\"https:\\\/\\\/marcelolopes.jor.br\\\/site\\\/2025\\\/07\\\/21\\\/secretaria-municipal-de-assistencia-social-adota-o-gesuas\\\/\"},\"wordCount\":540,\"commentCount\":0,\"publisher\":{\"@id\":\"https:\\\/\\\/marcelolopes.jor.br\\\/site\\\/#organization\"},\"image\":{\"@id\":\"https:\\\/\\\/marcelolopes.jor.br\\\/site\\\/2025\\\/07\\\/21\\\/secretaria-municipal-de-assistencia-social-adota-o-gesuas\\\/#primaryimage\"},\"thumbnailUrl\":\"https:\\\/\\\/marcelolopes.jor.br\\\/site\\\/wp-content\\\/uploads\\\/2025\\\/07\\\/funcionalidades-tela-1.jpg\",\"articleSection\":[\"Not\u00edcias\"],\"inLanguage\":\"pt-BR\",\"potentialAction\":[{\"@type\":\"CommentAction\",\"name\":\"Comment\",\"target\":[\"https:\\\/\\\/marcelolopes.jor.br\\\/site\\\/2025\\\/07\\\/21\\\/secretaria-municipal-de-assistencia-social-adota-o-gesuas\\\/#respond\"]}]},{\"@type\":\"WebPage\",\"@id\":\"https:\\\/\\\/marcelolopes.jor.br\\\/site\\\/2025\\\/07\\\/21\\\/secretaria-municipal-de-assistencia-social-adota-o-gesuas\\\/\",\"url\":\"https:\\\/\\\/marcelolopes.jor.br\\\/site\\\/2025\\\/07\\\/21\\\/secretaria-municipal-de-assistencia-social-adota-o-gesuas\\\/\",\"name\":\"Secretaria Municipal de Assist\u00eancia Social adota o GESUAS | Marcelo Lopes\",\"isPartOf\":{\"@id\":\"https:\\\/\\\/marcelolopes.jor.br\\\/site\\\/#website\"},\"primaryImageOfPage\":{\"@id\":\"https:\\\/\\\/marcelolopes.jor.br\\\/site\\\/2025\\\/07\\\/21\\\/secretaria-municipal-de-assistencia-social-adota-o-gesuas\\\/#primaryimage\"},\"image\":{\"@id\":\"https:\\\/\\\/marcelolopes.jor.br\\\/site\\\/2025\\\/07\\\/21\\\/secretaria-municipal-de-assistencia-social-adota-o-gesuas\\\/#primaryimage\"},\"thumbnailUrl\":\"https:\\\/\\\/marcelolopes.jor.br\\\/site\\\/wp-content\\\/uploads\\\/2025\\\/07\\\/funcionalidades-tela-1.jpg\",\"datePublished\":\"2025-07-21T23:00:44+00:00\",\"description\":\"Secretaria Municipal de Assist\u00eancia social adota o GESUAS. Iniciativa visa modernizar o atendimento do setor.\",\"breadcrumb\":{\"@id\":\"https:\\\/\\\/marcelolopes.jor.br\\\/site\\\/2025\\\/07\\\/21\\\/secretaria-municipal-de-assistencia-social-adota-o-gesuas\\\/#breadcrumb\"},\"inLanguage\":\"pt-BR\",\"potentialAction\":[{\"@type\":\"ReadAction\",\"target\":[\"https:\\\/\\\/marcelolopes.jor.br\\\/site\\\/2025\\\/07\\\/21\\\/secretaria-municipal-de-assistencia-social-adota-o-gesuas\\\/\"]}]},{\"@type\":\"ImageObject\",\"inLanguage\":\"pt-BR\",\"@id\":\"https:\\\/\\\/marcelolopes.jor.br\\\/site\\\/2025\\\/07\\\/21\\\/secretaria-municipal-de-assistencia-social-adota-o-gesuas\\\/#primaryimage\",\"url\":\"https:\\\/\\\/marcelolopes.jor.br\\\/site\\\/wp-content\\\/uploads\\\/2025\\\/07\\\/funcionalidades-tela-1.jpg\",\"contentUrl\":\"https:\\\/\\\/marcelolopes.jor.br\\\/site\\\/wp-content\\\/uploads\\\/2025\\\/07\\\/funcionalidades-tela-1.jpg\",\"width\":794,\"height\":559,\"caption\":\"Secretaria Municipal de Assist\u00eancia\"},{\"@type\":\"BreadcrumbList\",\"@id\":\"https:\\\/\\\/marcelolopes.jor.br\\\/site\\\/2025\\\/07\\\/21\\\/secretaria-municipal-de-assistencia-social-adota-o-gesuas\\\/#breadcrumb\",\"itemListElement\":[{\"@type\":\"ListItem\",\"position\":1,\"name\":\"Home\",\"item\":\"https:\\\/\\\/marcelolopes.jor.br\\\/site\\\/\"},{\"@type\":\"ListItem\",\"position\":2,\"name\":\"Secretaria Municipal de Assist\u00eancia Social adota o GESUAS\"}]},{\"@type\":\"WebSite\",\"@id\":\"https:\\\/\\\/marcelolopes.jor.br\\\/site\\\/#website\",\"url\":\"https:\\\/\\\/marcelolopes.jor.br\\\/site\\\/\",\"name\":\"Marcelo Lopes\",\"description\":\"Not\u00edcias de Cataguases e Regi\u00e3o\",\"publisher\":{\"@id\":\"https:\\\/\\\/marcelolopes.jor.br\\\/site\\\/#organization\"},\"potentialAction\":[{\"@type\":\"SearchAction\",\"target\":{\"@type\":\"EntryPoint\",\"urlTemplate\":\"https:\\\/\\\/marcelolopes.jor.br\\\/site\\\/?s={search_term_string}\"},\"query-input\":{\"@type\":\"PropertyValueSpecification\",\"valueRequired\":true,\"valueName\":\"search_term_string\"}}],\"inLanguage\":\"pt-BR\"},{\"@type\":\"Organization\",\"@id\":\"https:\\\/\\\/marcelolopes.jor.br\\\/site\\\/#organization\",\"name\":\"Site do Marcelo Lopes\",\"url\":\"https:\\\/\\\/marcelolopes.jor.br\\\/site\\\/\",\"logo\":{\"@type\":\"ImageObject\",\"inLanguage\":\"pt-BR\",\"@id\":\"https:\\\/\\\/marcelolopes.jor.br\\\/site\\\/#\\\/schema\\\/logo\\\/image\\\/\",\"url\":\"https:\\\/\\\/marcelolopes.jor.br\\\/site\\\/wp-content\\\/uploads\\\/2024\\\/11\\\/logo-1.png\",\"contentUrl\":\"https:\\\/\\\/marcelolopes.jor.br\\\/site\\\/wp-content\\\/uploads\\\/2024\\\/11\\\/logo-1.png\",\"width\":475,\"height\":80,\"caption\":\"Site do Marcelo Lopes\"},\"image\":{\"@id\":\"https:\\\/\\\/marcelolopes.jor.br\\\/site\\\/#\\\/schema\\\/logo\\\/image\\\/\"},\"sameAs\":[\"https:\\\/\\\/www.facebook.com\\\/sitedomarcelolopes\",\"https:\\\/\\\/www.instagram.com\\\/sitedomarcelolopes\\\/\",\"https:\\\/\\\/www.linkedin.com\\\/company\\\/site-do-marcelo-lopes\\\/\",\"https:\\\/\\\/www.youtube.com\\\/user\\\/marcelolopes957\"]},{\"@type\":\"Person\",\"@id\":\"https:\\\/\\\/marcelolopes.jor.br\\\/site\\\/#\\\/schema\\\/person\\\/3e7216a35c34d8fdf952b31da3d1f89f\",\"name\":\"Marcelo Lopes\",\"sameAs\":[\"http:\\\/\\\/www.marcelolopes.jor.br\"],\"url\":\"https:\\\/\\\/marcelolopes.jor.br\\\/site\\\/author\\\/marcelo\\\/\"}]}<\/script>\n<!-- \/ Yoast SEO plugin. -->","yoast_head_json":{"title":"Secretaria Municipal de Assist\u00eancia Social adota o GESUAS | Marcelo Lopes","description":"Secretaria Municipal de Assist\u00eancia social adota o GESUAS. Iniciativa visa modernizar o atendimento do setor.","robots":{"index":"index","follow":"follow","max-snippet":"max-snippet:-1","max-image-preview":"max-image-preview:large","max-video-preview":"max-video-preview:-1"},"canonical":"https:\/\/marcelolopes.jor.br\/site\/2025\/07\/21\/secretaria-municipal-de-assistencia-social-adota-o-gesuas\/","og_locale":"pt_BR","og_type":"article","og_title":"Secretaria Municipal de Assist\u00eancia Social adota o GESUAS | Marcelo Lopes","og_description":"Secretaria Municipal de Assist\u00eancia social adota o GESUAS. Iniciativa visa modernizar o atendimento do setor.","og_url":"https:\/\/marcelolopes.jor.br\/site\/2025\/07\/21\/secretaria-municipal-de-assistencia-social-adota-o-gesuas\/","og_site_name":"Marcelo Lopes","article_publisher":"https:\/\/www.facebook.com\/sitedomarcelolopes","article_published_time":"2025-07-21T23:00:44+00:00","og_image":[{"width":794,"height":559,"url":"https:\/\/marcelolopes.jor.br\/site\/wp-content\/uploads\/2025\/07\/funcionalidades-tela-1.jpg","type":"image\/jpeg"}],"author":"Marcelo Lopes","twitter_card":"summary_large_image","twitter_misc":{"Escrito por":"Marcelo Lopes","Est. tempo de leitura":"3 minutos"},"schema":{"@context":"https:\/\/schema.org","@graph":[{"@type":"NewsArticle","@id":"https:\/\/marcelolopes.jor.br\/site\/2025\/07\/21\/secretaria-municipal-de-assistencia-social-adota-o-gesuas\/#article","isPartOf":{"@id":"https:\/\/marcelolopes.jor.br\/site\/2025\/07\/21\/secretaria-municipal-de-assistencia-social-adota-o-gesuas\/"},"author":{"name":"Marcelo Lopes","@id":"https:\/\/marcelolopes.jor.br\/site\/#\/schema\/person\/3e7216a35c34d8fdf952b31da3d1f89f"},"headline":"Secretaria Municipal de Assist\u00eancia Social adota o GESUAS","datePublished":"2025-07-21T23:00:44+00:00","mainEntityOfPage":{"@id":"https:\/\/marcelolopes.jor.br\/site\/2025\/07\/21\/secretaria-municipal-de-assistencia-social-adota-o-gesuas\/"},"wordCount":540,"commentCount":0,"publisher":{"@id":"https:\/\/marcelolopes.jor.br\/site\/#organization"},"image":{"@id":"https:\/\/marcelolopes.jor.br\/site\/2025\/07\/21\/secretaria-municipal-de-assistencia-social-adota-o-gesuas\/#primaryimage"},"thumbnailUrl":"https:\/\/marcelolopes.jor.br\/site\/wp-content\/uploads\/2025\/07\/funcionalidades-tela-1.jpg","articleSection":["Not\u00edcias"],"inLanguage":"pt-BR","potentialAction":[{"@type":"CommentAction","name":"Comment","target":["https:\/\/marcelolopes.jor.br\/site\/2025\/07\/21\/secretaria-municipal-de-assistencia-social-adota-o-gesuas\/#respond"]}]},{"@type":"WebPage","@id":"https:\/\/marcelolopes.jor.br\/site\/2025\/07\/21\/secretaria-municipal-de-assistencia-social-adota-o-gesuas\/","url":"https:\/\/marcelolopes.jor.br\/site\/2025\/07\/21\/secretaria-municipal-de-assistencia-social-adota-o-gesuas\/","name":"Secretaria Municipal de Assist\u00eancia Social adota o GESUAS | Marcelo Lopes","isPartOf":{"@id":"https:\/\/marcelolopes.jor.br\/site\/#website"},"primaryImageOfPage":{"@id":"https:\/\/marcelolopes.jor.br\/site\/2025\/07\/21\/secretaria-municipal-de-assistencia-social-adota-o-gesuas\/#primaryimage"},"image":{"@id":"https:\/\/marcelolopes.jor.br\/site\/2025\/07\/21\/secretaria-municipal-de-assistencia-social-adota-o-gesuas\/#primaryimage"},"thumbnailUrl":"https:\/\/marcelolopes.jor.br\/site\/wp-content\/uploads\/2025\/07\/funcionalidades-tela-1.jpg","datePublished":"2025-07-21T23:00:44+00:00","description":"Secretaria Municipal de Assist\u00eancia social adota o GESUAS. Iniciativa visa modernizar o atendimento do setor.","breadcrumb":{"@id":"https:\/\/marcelolopes.jor.br\/site\/2025\/07\/21\/secretaria-municipal-de-assistencia-social-adota-o-gesuas\/#breadcrumb"},"inLanguage":"pt-BR","potentialAction":[{"@type":"ReadAction","target":["https:\/\/marcelolopes.jor.br\/site\/2025\/07\/21\/secretaria-municipal-de-assistencia-social-adota-o-gesuas\/"]}]},{"@type":"ImageObject","inLanguage":"pt-BR","@id":"https:\/\/marcelolopes.jor.br\/site\/2025\/07\/21\/secretaria-municipal-de-assistencia-social-adota-o-gesuas\/#primaryimage","url":"https:\/\/marcelolopes.jor.br\/site\/wp-content\/uploads\/2025\/07\/funcionalidades-tela-1.jpg","contentUrl":"https:\/\/marcelolopes.jor.br\/site\/wp-content\/uploads\/2025\/07\/funcionalidades-tela-1.jpg","width":794,"height":559,"caption":"Secretaria Municipal de Assist\u00eancia"},{"@type":"BreadcrumbList","@id":"https:\/\/marcelolopes.jor.br\/site\/2025\/07\/21\/secretaria-municipal-de-assistencia-social-adota-o-gesuas\/#breadcrumb","itemListElement":[{"@type":"ListItem","position":1,"name":"Home","item":"https:\/\/marcelolopes.jor.br\/site\/"},{"@type":"ListItem","position":2,"name":"Secretaria Municipal de Assist\u00eancia Social adota o GESUAS"}]},{"@type":"WebSite","@id":"https:\/\/marcelolopes.jor.br\/site\/#website","url":"https:\/\/marcelolopes.jor.br\/site\/","name":"Marcelo Lopes","description":"Not\u00edcias de Cataguases e Regi\u00e3o","publisher":{"@id":"https:\/\/marcelolopes.jor.br\/site\/#organization"},"potentialAction":[{"@type":"SearchAction","target":{"@type":"EntryPoint","urlTemplate":"https:\/\/marcelolopes.jor.br\/site\/?s={search_term_string}"},"query-input":{"@type":"PropertyValueSpecification","valueRequired":true,"valueName":"search_term_string"}}],"inLanguage":"pt-BR"},{"@type":"Organization","@id":"https:\/\/marcelolopes.jor.br\/site\/#organization","name":"Site do Marcelo Lopes","url":"https:\/\/marcelolopes.jor.br\/site\/","logo":{"@type":"ImageObject","inLanguage":"pt-BR","@id":"https:\/\/marcelolopes.jor.br\/site\/#\/schema\/logo\/image\/","url":"https:\/\/marcelolopes.jor.br\/site\/wp-content\/uploads\/2024\/11\/logo-1.png","contentUrl":"https:\/\/marcelolopes.jor.br\/site\/wp-content\/uploads\/2024\/11\/logo-1.png","width":475,"height":80,"caption":"Site do Marcelo Lopes"},"image":{"@id":"https:\/\/marcelolopes.jor.br\/site\/#\/schema\/logo\/image\/"},"sameAs":["https:\/\/www.facebook.com\/sitedomarcelolopes","https:\/\/www.instagram.com\/sitedomarcelolopes\/","https:\/\/www.linkedin.com\/company\/site-do-marcelo-lopes\/","https:\/\/www.youtube.com\/user\/marcelolopes957"]},{"@type":"Person","@id":"https:\/\/marcelolopes.jor.br\/site\/#\/schema\/person\/3e7216a35c34d8fdf952b31da3d1f89f","name":"Marcelo Lopes","sameAs":["http:\/\/www.marcelolopes.jor.br"],"url":"https:\/\/marcelolopes.jor.br\/site\/author\/marcelo\/"}]}},"wps_subtitle":"Iniciativa visa modernizar o atendimento do setor.","_links":{"self":[{"href":"https:\/\/marcelolopes.jor.br\/site\/wp-json\/wp\/v2\/posts\/59339","targetHints":{"allow":["GET"]}}],"collection":[{"href":"https:\/\/marcelolopes.jor.br\/site\/wp-json\/wp\/v2\/posts"}],"about":[{"href":"https:\/\/marcelolopes.jor.br\/site\/wp-json\/wp\/v2\/types\/post"}],"author":[{"embeddable":true,"href":"https:\/\/marcelolopes.jor.br\/site\/wp-json\/wp\/v2\/users\/2"}],"replies":[{"embeddable":true,"href":"https:\/\/marcelolopes.jor.br\/site\/wp-json\/wp\/v2\/comments?post=59339"}],"version-history":[{"count":0,"href":"https:\/\/marcelolopes.jor.br\/site\/wp-json\/wp\/v2\/posts\/59339\/revisions"}],"wp:featuredmedia":[{"embeddable":true,"href":"https:\/\/marcelolopes.jor.br\/site\/wp-json\/wp\/v2\/media\/59340"}],"wp:attachment":[{"href":"https:\/\/marcelolopes.jor.br\/site\/wp-json\/wp\/v2\/media?parent=59339"}],"wp:term":[{"taxonomy":"category","embeddable":true,"href":"https:\/\/marcelolopes.jor.br\/site\/wp-json\/wp\/v2\/categories?post=59339"},{"taxonomy":"post_tag","embeddable":true,"href":"https:\/\/marcelolopes.jor.br\/site\/wp-json\/wp\/v2\/tags?post=59339"}],"curies":[{"name":"wp","href":"https:\/\/api.w.org\/{rel}","templated":true}]}}