{"id":59335,"date":"2025-07-22T07:00:16","date_gmt":"2025-07-22T10:00:16","guid":{"rendered":"https:\/\/marcelolopes.jor.br\/?p=59335"},"modified":"2025-07-21T15:45:42","modified_gmt":"2025-07-21T18:45:42","slug":"32-mil-clientes-da-energisa-foram-afetados-por-colisoes-em-postes","status":"publish","type":"post","link":"https:\/\/marcelolopes.jor.br\/site\/2025\/07\/22\/32-mil-clientes-da-energisa-foram-afetados-por-colisoes-em-postes\/","title":{"rendered":"32 mil clientes da Energisa foram afetados por colis\u00f5es em postes"},"content":{"rendered":"<p>Al\u00e9m das festas julinas, o m\u00eas de julho \u00e9 marcado por diversas exposi\u00e7\u00f5es agropecu\u00e1rias e eventos na regi\u00e3o, isso sem contar que \u00e9 per\u00edodo de f\u00e9rias. No entanto, esse clima festivo exige aten\u00e7\u00e3o redobrada no tr\u00e2nsito. Com o aumento do fluxo de ve\u00edculos, especialmente \u00e0 noite, e, muitas vezes, com o consumo de bebidas alco\u00f3licas, os riscos de acidentes crescem \u2014 especialmente com estruturas el\u00e9tricas.<!--more--><\/p>\n<h4 class=\"p1\"><span class=\"s1\">\ud83d\udcf8\u00a0<span style=\"color: #008000;\">Siga o Site do Marcelo Lopes no<\/span>\u00a0<span style=\"color: #800000;\"><a style=\"color: #800000;\" href=\"https:\/\/www.facebook.com\/sitedomarcelolopes\/\"><strong>Facebook<\/strong><\/a><\/span>\u00a0<span style=\"color: #008000;\">e no<\/span>\u00a0<span style=\"color: #800000;\"><strong><a style=\"color: #800000;\" href=\"https:\/\/www.instagram.com\/sitedomarcelolopes\/\">Instagram<\/a><\/strong><\/span><\/span><\/h4>\n<h4 class=\"p1\">\ud83d\udcf1<span style=\"color: #008000;\">Participe do grupo de<\/span>\u00a0<span style=\"color: #800000;\"><a style=\"color: #800000;\" href=\"https:\/\/chat.whatsapp.com\/BibzcI1ibYSKytbdyzubLA\"><strong>WhatsApp<\/strong><\/a><\/span> <span style=\"color: #008000;\">do Site do Marcelo Lopes<\/span><\/h4>\n<p>&nbsp;<\/p>\n<p>Em 2025, somente na regi\u00e3o de Cataguases foram registrados 16 acidentes com postes. Isso representa 29% de todos os acidentes registrados na \u00e1rea de concess\u00e3o da Energisa Minas Rio. Ao todo, a concession\u00e1ria registrou 56 colis\u00f5es durante o ano. Isso pode causar s\u00e9rios transtornos, que v\u00e3o desde a interrup\u00e7\u00e3o no fornecimento de energia el\u00e9trica at\u00e9 acidentes graves envolvendo motoristas, passageiros e pedestres. Por isso, \u00e9 essencial dirigir com aten\u00e7\u00e3o e responsabilidade.<\/p>\n<p>Mesmo assim, imprevistos podem acontecer. Nesses momentos, saber como agir com seguran\u00e7a \u00e9 fundamental. A seguir, veja o que fazer em caso de colis\u00e3o com um poste:<br \/>\n\u25cf Mantenha a calma e permane\u00e7a dentro do ve\u00edculo, sem tocar nas partes met\u00e1licas.<br \/>\n\u25cf Caso n\u00e3o seja um ocupante do ve\u00edculo, mantenha dist\u00e2ncia e informe \u00e0s pessoas pr\u00f3ximas sobre o risco de choque el\u00e9trico.<br \/>\n\u25cf Acione imediatamente o Corpo de Bombeiros (193) e a Energisa (0800 032 0196).<br \/>\n\u25cf Aguarde a chegada de uma equipe especializada da distribuidora, que ir\u00e1 realizar os procedimentos com a m\u00e1xima seguran\u00e7a.<br \/>\n\u25cf N\u00e3o toque no poste ou nos fios el\u00e9tricos. Mesmo que pare\u00e7am inofensivos, os fios podem estar energizados e representar um risco \u00e0 vida.<\/p>\n<h3>Liga\u00e7\u00f5es provis\u00f3rias<\/h3>\n<p>Al\u00e9m dos cuidados para quem vai aproveitar o per\u00edodo festivo, a Energisa faz um alerta importante para aqueles que ir\u00e3o trabalhar durante os dias de festa. A primeira orienta\u00e7\u00e3o \u00e9 n\u00e3o fazer liga\u00e7\u00f5es clandestinas. Al\u00e9m de crime, oferece alto risco de acidente e pode ser fatal. Somente a Energisa pode executar liga\u00e7\u00e3o provis\u00f3ria de energia.<\/p>\n<blockquote><p>&#8220;Essas instala\u00e7\u00f5es s\u00e3o extremamente perigosas e podem causar curtos-circuitos, inc\u00eandios e at\u00e9 mesmo choques el\u00e9tricos fatais. \u00c9 essencial que todos utilizem apenas liga\u00e7\u00f5es regulares e seguras,&#8221; alerta Valtair Teodoro, gerente de manuten\u00e7\u00e3o da Energisa Minas Rio.<\/p><\/blockquote>\n<p>Se precisar fazer qualquer tipo de instala\u00e7\u00e3o el\u00e9trica na parte interna, a orienta\u00e7\u00e3o \u00e9 procurar um profissional qualificado para realizar o servi\u00e7o. Para os clientes que desejam esse tipo atendimento que envolva a rede de distribui\u00e7\u00e3o da Energisa, o ideal \u00e9 que a solicita\u00e7\u00e3o seja feita junto \u00e0 concession\u00e1ria com, no m\u00ednimo, 30 dias de anteced\u00eancia. O mesmo vale para outros eventos p\u00fablicos como exposi\u00e7\u00f5es e shows.<\/p>\n<h3>Seguran\u00e7a nos detalhes<\/h3>\n<p>A decora\u00e7\u00e3o tamb\u00e9m requer cuidados especiais. Prefira:<br \/>\n\u261e Extens\u00f5es e tomadas de boa qualidade, que reduzam o risco de curtos-circuitos.<br \/>\n\u261e Materiais resistentes ao fogo, principalmente pr\u00f3ximos a fogueiras ou fogos de artif\u00edcio.<br \/>\n\u261e L\u00e2mpadas LED, que s\u00e3o mais eficientes e seguras.<br \/>\n\u261e Ambientes livres de obst\u00e1culos, para garantir rotas de sa\u00edda livres em caso de emerg\u00eancia.<\/p>\n<p><strong>OUTRAS NOT\u00cdCIAS<\/strong><br \/>\n<a href=\"https:\/\/marcelolopes.jor.br\/2025\/07\/17\/mais-de-21-mil-residencias-sao-faturadas-pela-media-diz-energisa\/\"><strong><span style=\"color: #800000;\">Mais de 21 mil resid\u00eancias s\u00e3o faturadas pela m\u00e9dia, diz Energisa<\/span><\/strong><\/a><\/p>\n<p><a href=\"https:\/\/marcelolopes.jor.br\/2025\/07\/15\/numero-de-identificacao-de-clientes-da-energisa-sera-atualizado\/\"><strong><span style=\"color: #800000;\">N\u00famero de identifica\u00e7\u00e3o de clientes da Energisa ser\u00e1 atualizado<\/span><\/strong><\/a><\/p>\n<p>Fonte e foto: Energisa Minas Rio<\/p>\n<div class=\"tamrz69f7796ac11d5\" ><br><\/div><style type=\"text\/css\">\r\n@media screen and (min-width: 1201px) {\r\n.tamrz69f7796ac11d5 {\r\ndisplay: block;\r\n}\r\n}\r\n@media screen and (min-width: 993px) and (max-width: 1200px) {\r\n.tamrz69f7796ac11d5 {\r\ndisplay: block;\r\n}\r\n}\r\n@media screen and (min-width: 769px) and (max-width: 992px) {\r\n.tamrz69f7796ac11d5 {\r\ndisplay: block;\r\n}\r\n}\r\n@media screen and (min-width: 768px) and (max-width: 768px) {\r\n.tamrz69f7796ac11d5 {\r\ndisplay: block;\r\n}\r\n}\r\n@media screen and (max-width: 767px) {\r\n.tamrz69f7796ac11d5 {\r\ndisplay: block;\r\n}\r\n}\r\n<\/style>\r\n<div class=\"latkp69f7796ac643e\" ><div id=\"div_destino\"><\/div>\r\n<script src=\"https:\/\/cdn.snsrsv.com\/sdk.js\"><\/script>\r\n<script >\r\n      new sdk(\"464030C30061EA8BE065000000000001\") \r\n          .appendTo(\"div_destino\")\r\n          .disableStyle(true) \r\n          .setCacheBusterMacro(\"%%CACHEBUSTER%%\")\r\n          .setSize(\"800\",\"214\")\r\n          .setClickMacro(\"%%CLICK_URL_ESC%%\") \r\n          .setReferrerUrlMacro(\"%%REFERRER_URL_ESC%%\") \r\n          .start(); \r\n<\/script><\/div><style type=\"text\/css\">\r\n@media screen and (min-width: 1201px) {\r\n.latkp69f7796ac643e {\r\ndisplay: block;\r\n}\r\n}\r\n@media screen and (min-width: 993px) and (max-width: 1200px) {\r\n.latkp69f7796ac643e {\r\ndisplay: block;\r\n}\r\n}\r\n@media screen and (min-width: 769px) and (max-width: 992px) {\r\n.latkp69f7796ac643e {\r\ndisplay: block;\r\n}\r\n}\r\n@media screen and (min-width: 768px) and (max-width: 768px) {\r\n.latkp69f7796ac643e {\r\ndisplay: block;\r\n}\r\n}\r\n@media screen and (max-width: 767px) {\r\n.latkp69f7796ac643e {\r\ndisplay: block;\r\n}\r\n}\r\n<\/style>\r\n","protected":false},"excerpt":{"rendered":"<p>Al\u00e9m das festas julinas, o m\u00eas de julho \u00e9 marcado por diversas exposi\u00e7\u00f5es agropecu\u00e1rias e eventos na regi\u00e3o, isso sem contar que \u00e9 per\u00edodo de f\u00e9rias. No entanto, esse clima festivo exige aten\u00e7\u00e3o redobrada no tr\u00e2nsito. Com o aumento do<\/p>\n<p class=\"link-more\"><a class=\"more-link\" href=\"https:\/\/marcelolopes.jor.br\/site\/2025\/07\/22\/32-mil-clientes-da-energisa-foram-afetados-por-colisoes-em-postes\/\">Leia mais <span class=\"screen-reader-text\">32 mil clientes da Energisa foram afetados por colis\u00f5es em postes<\/span><\/a><\/p>\n","protected":false},"author":2,"featured_media":59336,"comment_status":"open","ping_status":"closed","sticky":false,"template":"","format":"standard","meta":{"footnotes":""},"categories":[1],"tags":[],"class_list":["post-59335","post","type-post","status-publish","format-standard","has-post-thumbnail","hentry","category-noticias","thumb-below-title"],"yoast_head":"<!-- This site is optimized with the Yoast SEO plugin v27.4 - https:\/\/yoast.com\/product\/yoast-seo-wordpress\/ -->\n<title>32 mil clientes da Energisa foram afetados por colis\u00f5es em postes | Marcelo Lopes<\/title>\n<meta name=\"description\" content=\"32 mil clientes da Energisa foram afetados por colis\u00f5es em postes. Maior parte dos acidentes foram registrados em Ub\u00e1, Manhua\u00e7u e Cataguases.\" \/>\n<meta name=\"robots\" content=\"index, follow, max-snippet:-1, max-image-preview:large, max-video-preview:-1\" \/>\n<link rel=\"canonical\" href=\"https:\/\/marcelolopes.jor.br\/site\/2025\/07\/22\/32-mil-clientes-da-energisa-foram-afetados-por-colisoes-em-postes\/\" \/>\n<meta property=\"og:locale\" content=\"pt_BR\" \/>\n<meta property=\"og:type\" content=\"article\" \/>\n<meta property=\"og:title\" content=\"32 mil clientes da Energisa foram afetados por colis\u00f5es em postes | Marcelo Lopes\" \/>\n<meta property=\"og:description\" content=\"32 mil clientes da Energisa foram afetados por colis\u00f5es em postes. Maior parte dos acidentes foram registrados em Ub\u00e1, Manhua\u00e7u e Cataguases.\" \/>\n<meta property=\"og:url\" content=\"https:\/\/marcelolopes.jor.br\/site\/2025\/07\/22\/32-mil-clientes-da-energisa-foram-afetados-por-colisoes-em-postes\/\" \/>\n<meta property=\"og:site_name\" content=\"Marcelo Lopes\" \/>\n<meta property=\"article:publisher\" content=\"https:\/\/www.facebook.com\/sitedomarcelolopes\" \/>\n<meta property=\"article:published_time\" content=\"2025-07-22T10:00:16+00:00\" \/>\n<meta property=\"og:image\" content=\"https:\/\/marcelolopes.jor.br\/site\/wp-content\/uploads\/2025\/07\/image3.png\" \/>\n\t<meta property=\"og:image:width\" content=\"474\" \/>\n\t<meta property=\"og:image:height\" content=\"351\" \/>\n\t<meta property=\"og:image:type\" content=\"image\/png\" \/>\n<meta name=\"author\" content=\"Marcelo Lopes\" \/>\n<meta name=\"twitter:card\" content=\"summary_large_image\" \/>\n<meta name=\"twitter:label1\" content=\"Escrito por\" \/>\n\t<meta name=\"twitter:data1\" content=\"Marcelo Lopes\" \/>\n\t<meta name=\"twitter:label2\" content=\"Est. tempo de leitura\" \/>\n\t<meta name=\"twitter:data2\" content=\"3 minutos\" \/>\n<script type=\"application\/ld+json\" class=\"yoast-schema-graph\">{\"@context\":\"https:\\\/\\\/schema.org\",\"@graph\":[{\"@type\":\"NewsArticle\",\"@id\":\"https:\\\/\\\/marcelolopes.jor.br\\\/site\\\/2025\\\/07\\\/22\\\/32-mil-clientes-da-energisa-foram-afetados-por-colisoes-em-postes\\\/#article\",\"isPartOf\":{\"@id\":\"https:\\\/\\\/marcelolopes.jor.br\\\/site\\\/2025\\\/07\\\/22\\\/32-mil-clientes-da-energisa-foram-afetados-por-colisoes-em-postes\\\/\"},\"author\":{\"name\":\"Marcelo Lopes\",\"@id\":\"https:\\\/\\\/marcelolopes.jor.br\\\/site\\\/#\\\/schema\\\/person\\\/3e7216a35c34d8fdf952b31da3d1f89f\"},\"headline\":\"32 mil clientes da Energisa foram afetados por colis\u00f5es em postes\",\"datePublished\":\"2025-07-22T10:00:16+00:00\",\"mainEntityOfPage\":{\"@id\":\"https:\\\/\\\/marcelolopes.jor.br\\\/site\\\/2025\\\/07\\\/22\\\/32-mil-clientes-da-energisa-foram-afetados-por-colisoes-em-postes\\\/\"},\"wordCount\":586,\"commentCount\":0,\"publisher\":{\"@id\":\"https:\\\/\\\/marcelolopes.jor.br\\\/site\\\/#organization\"},\"image\":{\"@id\":\"https:\\\/\\\/marcelolopes.jor.br\\\/site\\\/2025\\\/07\\\/22\\\/32-mil-clientes-da-energisa-foram-afetados-por-colisoes-em-postes\\\/#primaryimage\"},\"thumbnailUrl\":\"https:\\\/\\\/marcelolopes.jor.br\\\/site\\\/wp-content\\\/uploads\\\/2025\\\/07\\\/image3.png\",\"articleSection\":[\"Not\u00edcias\"],\"inLanguage\":\"pt-BR\",\"potentialAction\":[{\"@type\":\"CommentAction\",\"name\":\"Comment\",\"target\":[\"https:\\\/\\\/marcelolopes.jor.br\\\/site\\\/2025\\\/07\\\/22\\\/32-mil-clientes-da-energisa-foram-afetados-por-colisoes-em-postes\\\/#respond\"]}]},{\"@type\":\"WebPage\",\"@id\":\"https:\\\/\\\/marcelolopes.jor.br\\\/site\\\/2025\\\/07\\\/22\\\/32-mil-clientes-da-energisa-foram-afetados-por-colisoes-em-postes\\\/\",\"url\":\"https:\\\/\\\/marcelolopes.jor.br\\\/site\\\/2025\\\/07\\\/22\\\/32-mil-clientes-da-energisa-foram-afetados-por-colisoes-em-postes\\\/\",\"name\":\"32 mil clientes da Energisa foram afetados por colis\u00f5es em postes | Marcelo Lopes\",\"isPartOf\":{\"@id\":\"https:\\\/\\\/marcelolopes.jor.br\\\/site\\\/#website\"},\"primaryImageOfPage\":{\"@id\":\"https:\\\/\\\/marcelolopes.jor.br\\\/site\\\/2025\\\/07\\\/22\\\/32-mil-clientes-da-energisa-foram-afetados-por-colisoes-em-postes\\\/#primaryimage\"},\"image\":{\"@id\":\"https:\\\/\\\/marcelolopes.jor.br\\\/site\\\/2025\\\/07\\\/22\\\/32-mil-clientes-da-energisa-foram-afetados-por-colisoes-em-postes\\\/#primaryimage\"},\"thumbnailUrl\":\"https:\\\/\\\/marcelolopes.jor.br\\\/site\\\/wp-content\\\/uploads\\\/2025\\\/07\\\/image3.png\",\"datePublished\":\"2025-07-22T10:00:16+00:00\",\"description\":\"32 mil clientes da Energisa foram afetados por colis\u00f5es em postes. Maior parte dos acidentes foram registrados em Ub\u00e1, Manhua\u00e7u e Cataguases.\",\"breadcrumb\":{\"@id\":\"https:\\\/\\\/marcelolopes.jor.br\\\/site\\\/2025\\\/07\\\/22\\\/32-mil-clientes-da-energisa-foram-afetados-por-colisoes-em-postes\\\/#breadcrumb\"},\"inLanguage\":\"pt-BR\",\"potentialAction\":[{\"@type\":\"ReadAction\",\"target\":[\"https:\\\/\\\/marcelolopes.jor.br\\\/site\\\/2025\\\/07\\\/22\\\/32-mil-clientes-da-energisa-foram-afetados-por-colisoes-em-postes\\\/\"]}]},{\"@type\":\"ImageObject\",\"inLanguage\":\"pt-BR\",\"@id\":\"https:\\\/\\\/marcelolopes.jor.br\\\/site\\\/2025\\\/07\\\/22\\\/32-mil-clientes-da-energisa-foram-afetados-por-colisoes-em-postes\\\/#primaryimage\",\"url\":\"https:\\\/\\\/marcelolopes.jor.br\\\/site\\\/wp-content\\\/uploads\\\/2025\\\/07\\\/image3.png\",\"contentUrl\":\"https:\\\/\\\/marcelolopes.jor.br\\\/site\\\/wp-content\\\/uploads\\\/2025\\\/07\\\/image3.png\",\"width\":474,\"height\":351,\"caption\":\"32 mil clientes da\"},{\"@type\":\"BreadcrumbList\",\"@id\":\"https:\\\/\\\/marcelolopes.jor.br\\\/site\\\/2025\\\/07\\\/22\\\/32-mil-clientes-da-energisa-foram-afetados-por-colisoes-em-postes\\\/#breadcrumb\",\"itemListElement\":[{\"@type\":\"ListItem\",\"position\":1,\"name\":\"Home\",\"item\":\"https:\\\/\\\/marcelolopes.jor.br\\\/site\\\/\"},{\"@type\":\"ListItem\",\"position\":2,\"name\":\"32 mil clientes da Energisa foram afetados por colis\u00f5es em postes\"}]},{\"@type\":\"WebSite\",\"@id\":\"https:\\\/\\\/marcelolopes.jor.br\\\/site\\\/#website\",\"url\":\"https:\\\/\\\/marcelolopes.jor.br\\\/site\\\/\",\"name\":\"Marcelo Lopes\",\"description\":\"Not\u00edcias de Cataguases e Regi\u00e3o\",\"publisher\":{\"@id\":\"https:\\\/\\\/marcelolopes.jor.br\\\/site\\\/#organization\"},\"potentialAction\":[{\"@type\":\"SearchAction\",\"target\":{\"@type\":\"EntryPoint\",\"urlTemplate\":\"https:\\\/\\\/marcelolopes.jor.br\\\/site\\\/?s={search_term_string}\"},\"query-input\":{\"@type\":\"PropertyValueSpecification\",\"valueRequired\":true,\"valueName\":\"search_term_string\"}}],\"inLanguage\":\"pt-BR\"},{\"@type\":\"Organization\",\"@id\":\"https:\\\/\\\/marcelolopes.jor.br\\\/site\\\/#organization\",\"name\":\"Site do Marcelo Lopes\",\"url\":\"https:\\\/\\\/marcelolopes.jor.br\\\/site\\\/\",\"logo\":{\"@type\":\"ImageObject\",\"inLanguage\":\"pt-BR\",\"@id\":\"https:\\\/\\\/marcelolopes.jor.br\\\/site\\\/#\\\/schema\\\/logo\\\/image\\\/\",\"url\":\"https:\\\/\\\/marcelolopes.jor.br\\\/site\\\/wp-content\\\/uploads\\\/2024\\\/11\\\/logo-1.png\",\"contentUrl\":\"https:\\\/\\\/marcelolopes.jor.br\\\/site\\\/wp-content\\\/uploads\\\/2024\\\/11\\\/logo-1.png\",\"width\":475,\"height\":80,\"caption\":\"Site do Marcelo Lopes\"},\"image\":{\"@id\":\"https:\\\/\\\/marcelolopes.jor.br\\\/site\\\/#\\\/schema\\\/logo\\\/image\\\/\"},\"sameAs\":[\"https:\\\/\\\/www.facebook.com\\\/sitedomarcelolopes\",\"https:\\\/\\\/www.instagram.com\\\/sitedomarcelolopes\\\/\",\"https:\\\/\\\/www.linkedin.com\\\/company\\\/site-do-marcelo-lopes\\\/\",\"https:\\\/\\\/www.youtube.com\\\/user\\\/marcelolopes957\"]},{\"@type\":\"Person\",\"@id\":\"https:\\\/\\\/marcelolopes.jor.br\\\/site\\\/#\\\/schema\\\/person\\\/3e7216a35c34d8fdf952b31da3d1f89f\",\"name\":\"Marcelo Lopes\",\"sameAs\":[\"http:\\\/\\\/www.marcelolopes.jor.br\"],\"url\":\"https:\\\/\\\/marcelolopes.jor.br\\\/site\\\/author\\\/marcelo\\\/\"}]}<\/script>\n<!-- \/ Yoast SEO plugin. -->","yoast_head_json":{"title":"32 mil clientes da Energisa foram afetados por colis\u00f5es em postes | Marcelo Lopes","description":"32 mil clientes da Energisa foram afetados por colis\u00f5es em postes. Maior parte dos acidentes foram registrados em Ub\u00e1, Manhua\u00e7u e Cataguases.","robots":{"index":"index","follow":"follow","max-snippet":"max-snippet:-1","max-image-preview":"max-image-preview:large","max-video-preview":"max-video-preview:-1"},"canonical":"https:\/\/marcelolopes.jor.br\/site\/2025\/07\/22\/32-mil-clientes-da-energisa-foram-afetados-por-colisoes-em-postes\/","og_locale":"pt_BR","og_type":"article","og_title":"32 mil clientes da Energisa foram afetados por colis\u00f5es em postes | Marcelo Lopes","og_description":"32 mil clientes da Energisa foram afetados por colis\u00f5es em postes. Maior parte dos acidentes foram registrados em Ub\u00e1, Manhua\u00e7u e Cataguases.","og_url":"https:\/\/marcelolopes.jor.br\/site\/2025\/07\/22\/32-mil-clientes-da-energisa-foram-afetados-por-colisoes-em-postes\/","og_site_name":"Marcelo Lopes","article_publisher":"https:\/\/www.facebook.com\/sitedomarcelolopes","article_published_time":"2025-07-22T10:00:16+00:00","og_image":[{"width":474,"height":351,"url":"https:\/\/marcelolopes.jor.br\/site\/wp-content\/uploads\/2025\/07\/image3.png","type":"image\/png"}],"author":"Marcelo Lopes","twitter_card":"summary_large_image","twitter_misc":{"Escrito por":"Marcelo Lopes","Est. tempo de leitura":"3 minutos"},"schema":{"@context":"https:\/\/schema.org","@graph":[{"@type":"NewsArticle","@id":"https:\/\/marcelolopes.jor.br\/site\/2025\/07\/22\/32-mil-clientes-da-energisa-foram-afetados-por-colisoes-em-postes\/#article","isPartOf":{"@id":"https:\/\/marcelolopes.jor.br\/site\/2025\/07\/22\/32-mil-clientes-da-energisa-foram-afetados-por-colisoes-em-postes\/"},"author":{"name":"Marcelo Lopes","@id":"https:\/\/marcelolopes.jor.br\/site\/#\/schema\/person\/3e7216a35c34d8fdf952b31da3d1f89f"},"headline":"32 mil clientes da Energisa foram afetados por colis\u00f5es em postes","datePublished":"2025-07-22T10:00:16+00:00","mainEntityOfPage":{"@id":"https:\/\/marcelolopes.jor.br\/site\/2025\/07\/22\/32-mil-clientes-da-energisa-foram-afetados-por-colisoes-em-postes\/"},"wordCount":586,"commentCount":0,"publisher":{"@id":"https:\/\/marcelolopes.jor.br\/site\/#organization"},"image":{"@id":"https:\/\/marcelolopes.jor.br\/site\/2025\/07\/22\/32-mil-clientes-da-energisa-foram-afetados-por-colisoes-em-postes\/#primaryimage"},"thumbnailUrl":"https:\/\/marcelolopes.jor.br\/site\/wp-content\/uploads\/2025\/07\/image3.png","articleSection":["Not\u00edcias"],"inLanguage":"pt-BR","potentialAction":[{"@type":"CommentAction","name":"Comment","target":["https:\/\/marcelolopes.jor.br\/site\/2025\/07\/22\/32-mil-clientes-da-energisa-foram-afetados-por-colisoes-em-postes\/#respond"]}]},{"@type":"WebPage","@id":"https:\/\/marcelolopes.jor.br\/site\/2025\/07\/22\/32-mil-clientes-da-energisa-foram-afetados-por-colisoes-em-postes\/","url":"https:\/\/marcelolopes.jor.br\/site\/2025\/07\/22\/32-mil-clientes-da-energisa-foram-afetados-por-colisoes-em-postes\/","name":"32 mil clientes da Energisa foram afetados por colis\u00f5es em postes | Marcelo Lopes","isPartOf":{"@id":"https:\/\/marcelolopes.jor.br\/site\/#website"},"primaryImageOfPage":{"@id":"https:\/\/marcelolopes.jor.br\/site\/2025\/07\/22\/32-mil-clientes-da-energisa-foram-afetados-por-colisoes-em-postes\/#primaryimage"},"image":{"@id":"https:\/\/marcelolopes.jor.br\/site\/2025\/07\/22\/32-mil-clientes-da-energisa-foram-afetados-por-colisoes-em-postes\/#primaryimage"},"thumbnailUrl":"https:\/\/marcelolopes.jor.br\/site\/wp-content\/uploads\/2025\/07\/image3.png","datePublished":"2025-07-22T10:00:16+00:00","description":"32 mil clientes da Energisa foram afetados por colis\u00f5es em postes. Maior parte dos acidentes foram registrados em Ub\u00e1, Manhua\u00e7u e Cataguases.","breadcrumb":{"@id":"https:\/\/marcelolopes.jor.br\/site\/2025\/07\/22\/32-mil-clientes-da-energisa-foram-afetados-por-colisoes-em-postes\/#breadcrumb"},"inLanguage":"pt-BR","potentialAction":[{"@type":"ReadAction","target":["https:\/\/marcelolopes.jor.br\/site\/2025\/07\/22\/32-mil-clientes-da-energisa-foram-afetados-por-colisoes-em-postes\/"]}]},{"@type":"ImageObject","inLanguage":"pt-BR","@id":"https:\/\/marcelolopes.jor.br\/site\/2025\/07\/22\/32-mil-clientes-da-energisa-foram-afetados-por-colisoes-em-postes\/#primaryimage","url":"https:\/\/marcelolopes.jor.br\/site\/wp-content\/uploads\/2025\/07\/image3.png","contentUrl":"https:\/\/marcelolopes.jor.br\/site\/wp-content\/uploads\/2025\/07\/image3.png","width":474,"height":351,"caption":"32 mil clientes da"},{"@type":"BreadcrumbList","@id":"https:\/\/marcelolopes.jor.br\/site\/2025\/07\/22\/32-mil-clientes-da-energisa-foram-afetados-por-colisoes-em-postes\/#breadcrumb","itemListElement":[{"@type":"ListItem","position":1,"name":"Home","item":"https:\/\/marcelolopes.jor.br\/site\/"},{"@type":"ListItem","position":2,"name":"32 mil clientes da Energisa foram afetados por colis\u00f5es em postes"}]},{"@type":"WebSite","@id":"https:\/\/marcelolopes.jor.br\/site\/#website","url":"https:\/\/marcelolopes.jor.br\/site\/","name":"Marcelo Lopes","description":"Not\u00edcias de Cataguases e Regi\u00e3o","publisher":{"@id":"https:\/\/marcelolopes.jor.br\/site\/#organization"},"potentialAction":[{"@type":"SearchAction","target":{"@type":"EntryPoint","urlTemplate":"https:\/\/marcelolopes.jor.br\/site\/?s={search_term_string}"},"query-input":{"@type":"PropertyValueSpecification","valueRequired":true,"valueName":"search_term_string"}}],"inLanguage":"pt-BR"},{"@type":"Organization","@id":"https:\/\/marcelolopes.jor.br\/site\/#organization","name":"Site do Marcelo Lopes","url":"https:\/\/marcelolopes.jor.br\/site\/","logo":{"@type":"ImageObject","inLanguage":"pt-BR","@id":"https:\/\/marcelolopes.jor.br\/site\/#\/schema\/logo\/image\/","url":"https:\/\/marcelolopes.jor.br\/site\/wp-content\/uploads\/2024\/11\/logo-1.png","contentUrl":"https:\/\/marcelolopes.jor.br\/site\/wp-content\/uploads\/2024\/11\/logo-1.png","width":475,"height":80,"caption":"Site do Marcelo Lopes"},"image":{"@id":"https:\/\/marcelolopes.jor.br\/site\/#\/schema\/logo\/image\/"},"sameAs":["https:\/\/www.facebook.com\/sitedomarcelolopes","https:\/\/www.instagram.com\/sitedomarcelolopes\/","https:\/\/www.linkedin.com\/company\/site-do-marcelo-lopes\/","https:\/\/www.youtube.com\/user\/marcelolopes957"]},{"@type":"Person","@id":"https:\/\/marcelolopes.jor.br\/site\/#\/schema\/person\/3e7216a35c34d8fdf952b31da3d1f89f","name":"Marcelo Lopes","sameAs":["http:\/\/www.marcelolopes.jor.br"],"url":"https:\/\/marcelolopes.jor.br\/site\/author\/marcelo\/"}]}},"wps_subtitle":"Maior parte dos acidentes foram registrados em Ub\u00e1, Manhua\u00e7u e Cataguases.","_links":{"self":[{"href":"https:\/\/marcelolopes.jor.br\/site\/wp-json\/wp\/v2\/posts\/59335","targetHints":{"allow":["GET"]}}],"collection":[{"href":"https:\/\/marcelolopes.jor.br\/site\/wp-json\/wp\/v2\/posts"}],"about":[{"href":"https:\/\/marcelolopes.jor.br\/site\/wp-json\/wp\/v2\/types\/post"}],"author":[{"embeddable":true,"href":"https:\/\/marcelolopes.jor.br\/site\/wp-json\/wp\/v2\/users\/2"}],"replies":[{"embeddable":true,"href":"https:\/\/marcelolopes.jor.br\/site\/wp-json\/wp\/v2\/comments?post=59335"}],"version-history":[{"count":0,"href":"https:\/\/marcelolopes.jor.br\/site\/wp-json\/wp\/v2\/posts\/59335\/revisions"}],"wp:featuredmedia":[{"embeddable":true,"href":"https:\/\/marcelolopes.jor.br\/site\/wp-json\/wp\/v2\/media\/59336"}],"wp:attachment":[{"href":"https:\/\/marcelolopes.jor.br\/site\/wp-json\/wp\/v2\/media?parent=59335"}],"wp:term":[{"taxonomy":"category","embeddable":true,"href":"https:\/\/marcelolopes.jor.br\/site\/wp-json\/wp\/v2\/categories?post=59335"},{"taxonomy":"post_tag","embeddable":true,"href":"https:\/\/marcelolopes.jor.br\/site\/wp-json\/wp\/v2\/tags?post=59335"}],"curies":[{"name":"wp","href":"https:\/\/api.w.org\/{rel}","templated":true}]}}