{"id":59331,"date":"2025-07-21T16:00:35","date_gmt":"2025-07-21T19:00:35","guid":{"rendered":"https:\/\/marcelolopes.jor.br\/?p=59331"},"modified":"2025-07-21T11:34:12","modified_gmt":"2025-07-21T14:34:12","slug":"jovem-e-socorrido-com-tiro-na-cabeca-em-pirauba","status":"publish","type":"post","link":"https:\/\/marcelolopes.jor.br\/site\/2025\/07\/21\/jovem-e-socorrido-com-tiro-na-cabeca-em-pirauba\/","title":{"rendered":"Jovem \u00e9 socorrido com tiro na cabe\u00e7a em Pira\u00faba"},"content":{"rendered":"<p>Um jovem de 23 anos foi encontrado inconsciente com um ferimento na cabe\u00e7a causado por disparo de arma de fogo, na manh\u00e3 deste domingo, 20 de julho, no bairro Jo\u00e3o Gon\u00e7alves da Neiva, em Pira\u00faba. A v\u00edtima foi socorrida por uma equipe do SAMU, por volta das 6h, e encaminhada ao hospital de Rio Pomba.<!--more--><\/p>\n<h4 class=\"p1\"><span class=\"s1\">\ud83d\udcf8\u00a0<span style=\"color: #008000;\">Siga o Site do Marcelo Lopes no<\/span>\u00a0<span style=\"color: #800000;\"><a style=\"color: #800000;\" href=\"https:\/\/www.facebook.com\/sitedomarcelolopes\/\"><strong>Facebook<\/strong><\/a><\/span>\u00a0<span style=\"color: #008000;\">e no<\/span>\u00a0<span style=\"color: #800000;\"><strong><a style=\"color: #800000;\" href=\"https:\/\/www.instagram.com\/sitedomarcelolopes\/\">Instagram<\/a><\/strong><\/span><\/span><\/h4>\n<h4 class=\"p1\">\ud83d\udcf1<span style=\"color: #008000;\">Participe do grupo de<\/span>\u00a0<span style=\"color: #800000;\"><a style=\"color: #800000;\" href=\"https:\/\/chat.whatsapp.com\/BibzcI1ibYSKytbdyzubLA\"><strong>WhatsApp<\/strong><\/a><\/span> <span style=\"color: #008000;\">do Site do Marcelo Lopes<\/span><\/h4>\n<p>&nbsp;<\/p>\n<p>Posteriormente, devido \u00e0 gravidade do ferimento, foi transferida para o Hospital Santa Isabel, em Ub\u00e1, onde exames constataram que o proj\u00e9til permaneceu alojado no cr\u00e2nio. At\u00e9 o momento, n\u00e3o h\u00e1 informa\u00e7\u00f5es atualizadas sobre seu estado de sa\u00fade.<\/p>\n<p>Segundo informa\u00e7\u00f5es da Pol\u00edcia Militar, o caso teve in\u00edcio com uma briga entre tr\u00eas indiv\u00edduos no Parque de Exposi\u00e7\u00f5es da cidade. A corpora\u00e7\u00e3o foi acionada por meio de uma den\u00fancia an\u00f4nima relatando disparos de arma de fogo durante o conflito. Quando chegaram ao local, os militares n\u00e3o encontraram v\u00edtimas.<\/p>\n<p>Populares relataram \u00e0 PM, sob anonimato, que a discuss\u00e3o come\u00e7ou no Parque de Exposi\u00e7\u00f5es e prosseguiu at\u00e9 a Pra\u00e7a Guarurama. Conforme esses relatos, dois dos envolvidos estariam armados \u2014 um com uma arma de fogo e outro com um fac\u00e3o \u2014 e agrediram a v\u00edtima durante a confus\u00e3o.<\/p>\n<p>Ainda de acordo com os depoimentos, ap\u00f3s o disparo que atingiu a cabe\u00e7a do jovem, ele foi colocado no porta-malas de um carro e levado at\u00e9 o bairro Jo\u00e3o Gon\u00e7alves da Neiva, onde foi deixado ca\u00eddo no ch\u00e3o.<\/p>\n<p>A v\u00edtima tem passagens pela pol\u00edcia por suspeita de amea\u00e7a e tr\u00e1fico de drogas. A Pol\u00edcia Militar continua em dilig\u00eancias para identificar e localizar os suspeitos envolvidos na agress\u00e3o.<\/p>\n<p><strong>OUTRAS NOT\u00cdCIAS<\/strong><br \/>\n<a href=\"https:\/\/marcelolopes.jor.br\/2025\/07\/10\/suspeito-de-liderar-faccao-criminosa-e-preso-em-pirauba\/\"><strong><span style=\"color: #800000;\">Suspeito de liderar fac\u00e7\u00e3o criminosa \u00e9 preso em Pira\u00faba<\/span><\/strong><\/a><\/p>\n<p><a href=\"https:\/\/marcelolopes.jor.br\/2025\/05\/11\/em-pirauba-cinco-homens-sao-detidos-e-multados-por-crime-ambiental\/\"><strong><span style=\"color: #800000;\">Em Pira\u00faba cinco homens s\u00e3o detidos e multados por crime ambiental<\/span><\/strong><\/a><\/p>\n<p>Fonte e foto: Portal RKF<\/p>\n<div class=\"dhobb69f7796fd079c\" ><br><\/div><style type=\"text\/css\">\r\n@media screen and (min-width: 1201px) {\r\n.dhobb69f7796fd079c {\r\ndisplay: block;\r\n}\r\n}\r\n@media screen and (min-width: 993px) and (max-width: 1200px) {\r\n.dhobb69f7796fd079c {\r\ndisplay: block;\r\n}\r\n}\r\n@media screen and (min-width: 769px) and (max-width: 992px) {\r\n.dhobb69f7796fd079c {\r\ndisplay: block;\r\n}\r\n}\r\n@media screen and (min-width: 768px) and (max-width: 768px) {\r\n.dhobb69f7796fd079c {\r\ndisplay: block;\r\n}\r\n}\r\n@media screen and (max-width: 767px) {\r\n.dhobb69f7796fd079c {\r\ndisplay: block;\r\n}\r\n}\r\n<\/style>\r\n<div class=\"dyila69f7796fd6ecd\" ><div id=\"div_destino\"><\/div>\r\n<script src=\"https:\/\/cdn.snsrsv.com\/sdk.js\"><\/script>\r\n<script >\r\n      new sdk(\"464030C30061EA8BE065000000000001\") \r\n          .appendTo(\"div_destino\")\r\n          .disableStyle(true) \r\n          .setCacheBusterMacro(\"%%CACHEBUSTER%%\")\r\n          .setSize(\"800\",\"214\")\r\n          .setClickMacro(\"%%CLICK_URL_ESC%%\") \r\n          .setReferrerUrlMacro(\"%%REFERRER_URL_ESC%%\") \r\n          .start(); \r\n<\/script><\/div><style type=\"text\/css\">\r\n@media screen and (min-width: 1201px) {\r\n.dyila69f7796fd6ecd {\r\ndisplay: block;\r\n}\r\n}\r\n@media screen and (min-width: 993px) and (max-width: 1200px) {\r\n.dyila69f7796fd6ecd {\r\ndisplay: block;\r\n}\r\n}\r\n@media screen and (min-width: 769px) and (max-width: 992px) {\r\n.dyila69f7796fd6ecd {\r\ndisplay: block;\r\n}\r\n}\r\n@media screen and (min-width: 768px) and (max-width: 768px) {\r\n.dyila69f7796fd6ecd {\r\ndisplay: block;\r\n}\r\n}\r\n@media screen and (max-width: 767px) {\r\n.dyila69f7796fd6ecd {\r\ndisplay: block;\r\n}\r\n}\r\n<\/style>\r\n","protected":false},"excerpt":{"rendered":"<p>Um jovem de 23 anos foi encontrado inconsciente com um ferimento na cabe\u00e7a causado por disparo de arma de fogo, na manh\u00e3 deste domingo, 20 de julho, no bairro Jo\u00e3o Gon\u00e7alves da Neiva, em Pira\u00faba. A v\u00edtima foi socorrida por<\/p>\n<p class=\"link-more\"><a class=\"more-link\" href=\"https:\/\/marcelolopes.jor.br\/site\/2025\/07\/21\/jovem-e-socorrido-com-tiro-na-cabeca-em-pirauba\/\">Leia mais <span class=\"screen-reader-text\">Jovem \u00e9 socorrido com tiro na cabe\u00e7a em Pira\u00faba<\/span><\/a><\/p>\n","protected":false},"author":2,"featured_media":59333,"comment_status":"open","ping_status":"closed","sticky":false,"template":"","format":"standard","meta":{"footnotes":""},"categories":[1],"tags":[],"class_list":["post-59331","post","type-post","status-publish","format-standard","has-post-thumbnail","hentry","category-noticias","thumb-below-title"],"yoast_head":"<!-- This site is optimized with the Yoast SEO plugin v27.4 - https:\/\/yoast.com\/product\/yoast-seo-wordpress\/ -->\n<title>Jovem \u00e9 socorrido com tiro na cabe\u00e7a em Pira\u00faba | Marcelo Lopes<\/title>\n<meta name=\"description\" content=\"Jovem \u00e9 socorrido com tiro na cabe\u00e7a em Pira\u00faba. Ele foi deixado inconsciente ca\u00eddo ao ch\u00e3o em uma rua ap\u00f3s briga.\" \/>\n<meta name=\"robots\" content=\"index, follow, max-snippet:-1, max-image-preview:large, max-video-preview:-1\" \/>\n<link rel=\"canonical\" href=\"https:\/\/marcelolopes.jor.br\/site\/2025\/07\/21\/jovem-e-socorrido-com-tiro-na-cabeca-em-pirauba\/\" \/>\n<meta property=\"og:locale\" content=\"pt_BR\" \/>\n<meta property=\"og:type\" content=\"article\" \/>\n<meta property=\"og:title\" content=\"Jovem \u00e9 socorrido com tiro na cabe\u00e7a em Pira\u00faba | Marcelo Lopes\" \/>\n<meta property=\"og:description\" content=\"Jovem \u00e9 socorrido com tiro na cabe\u00e7a em Pira\u00faba. Ele foi deixado inconsciente ca\u00eddo ao ch\u00e3o em uma rua ap\u00f3s briga.\" \/>\n<meta property=\"og:url\" content=\"https:\/\/marcelolopes.jor.br\/site\/2025\/07\/21\/jovem-e-socorrido-com-tiro-na-cabeca-em-pirauba\/\" \/>\n<meta property=\"og:site_name\" content=\"Marcelo Lopes\" \/>\n<meta property=\"article:publisher\" content=\"https:\/\/www.facebook.com\/sitedomarcelolopes\" \/>\n<meta property=\"article:published_time\" content=\"2025-07-21T19:00:35+00:00\" \/>\n<meta property=\"og:image\" content=\"https:\/\/marcelolopes.jor.br\/site\/wp-content\/uploads\/2025\/07\/Captura-de-Tela-2025-07-21-as-11.26.22.png\" \/>\n\t<meta property=\"og:image:width\" content=\"1314\" \/>\n\t<meta property=\"og:image:height\" content=\"890\" \/>\n\t<meta property=\"og:image:type\" content=\"image\/png\" \/>\n<meta name=\"author\" content=\"Marcelo Lopes\" \/>\n<meta name=\"twitter:card\" content=\"summary_large_image\" \/>\n<meta name=\"twitter:label1\" content=\"Escrito por\" \/>\n\t<meta name=\"twitter:data1\" content=\"Marcelo Lopes\" \/>\n\t<meta name=\"twitter:label2\" content=\"Est. tempo de leitura\" \/>\n\t<meta name=\"twitter:data2\" content=\"2 minutos\" \/>\n<script type=\"application\/ld+json\" class=\"yoast-schema-graph\">{\"@context\":\"https:\\\/\\\/schema.org\",\"@graph\":[{\"@type\":\"NewsArticle\",\"@id\":\"https:\\\/\\\/marcelolopes.jor.br\\\/site\\\/2025\\\/07\\\/21\\\/jovem-e-socorrido-com-tiro-na-cabeca-em-pirauba\\\/#article\",\"isPartOf\":{\"@id\":\"https:\\\/\\\/marcelolopes.jor.br\\\/site\\\/2025\\\/07\\\/21\\\/jovem-e-socorrido-com-tiro-na-cabeca-em-pirauba\\\/\"},\"author\":{\"name\":\"Marcelo Lopes\",\"@id\":\"https:\\\/\\\/marcelolopes.jor.br\\\/site\\\/#\\\/schema\\\/person\\\/3e7216a35c34d8fdf952b31da3d1f89f\"},\"headline\":\"Jovem \u00e9 socorrido com tiro na cabe\u00e7a em Pira\u00faba\",\"datePublished\":\"2025-07-21T19:00:35+00:00\",\"mainEntityOfPage\":{\"@id\":\"https:\\\/\\\/marcelolopes.jor.br\\\/site\\\/2025\\\/07\\\/21\\\/jovem-e-socorrido-com-tiro-na-cabeca-em-pirauba\\\/\"},\"wordCount\":354,\"commentCount\":0,\"publisher\":{\"@id\":\"https:\\\/\\\/marcelolopes.jor.br\\\/site\\\/#organization\"},\"image\":{\"@id\":\"https:\\\/\\\/marcelolopes.jor.br\\\/site\\\/2025\\\/07\\\/21\\\/jovem-e-socorrido-com-tiro-na-cabeca-em-pirauba\\\/#primaryimage\"},\"thumbnailUrl\":\"https:\\\/\\\/marcelolopes.jor.br\\\/site\\\/wp-content\\\/uploads\\\/2025\\\/07\\\/Captura-de-Tela-2025-07-21-as-11.26.22.png\",\"articleSection\":[\"Not\u00edcias\"],\"inLanguage\":\"pt-BR\",\"potentialAction\":[{\"@type\":\"CommentAction\",\"name\":\"Comment\",\"target\":[\"https:\\\/\\\/marcelolopes.jor.br\\\/site\\\/2025\\\/07\\\/21\\\/jovem-e-socorrido-com-tiro-na-cabeca-em-pirauba\\\/#respond\"]}]},{\"@type\":\"WebPage\",\"@id\":\"https:\\\/\\\/marcelolopes.jor.br\\\/site\\\/2025\\\/07\\\/21\\\/jovem-e-socorrido-com-tiro-na-cabeca-em-pirauba\\\/\",\"url\":\"https:\\\/\\\/marcelolopes.jor.br\\\/site\\\/2025\\\/07\\\/21\\\/jovem-e-socorrido-com-tiro-na-cabeca-em-pirauba\\\/\",\"name\":\"Jovem \u00e9 socorrido com tiro na cabe\u00e7a em Pira\u00faba | Marcelo Lopes\",\"isPartOf\":{\"@id\":\"https:\\\/\\\/marcelolopes.jor.br\\\/site\\\/#website\"},\"primaryImageOfPage\":{\"@id\":\"https:\\\/\\\/marcelolopes.jor.br\\\/site\\\/2025\\\/07\\\/21\\\/jovem-e-socorrido-com-tiro-na-cabeca-em-pirauba\\\/#primaryimage\"},\"image\":{\"@id\":\"https:\\\/\\\/marcelolopes.jor.br\\\/site\\\/2025\\\/07\\\/21\\\/jovem-e-socorrido-com-tiro-na-cabeca-em-pirauba\\\/#primaryimage\"},\"thumbnailUrl\":\"https:\\\/\\\/marcelolopes.jor.br\\\/site\\\/wp-content\\\/uploads\\\/2025\\\/07\\\/Captura-de-Tela-2025-07-21-as-11.26.22.png\",\"datePublished\":\"2025-07-21T19:00:35+00:00\",\"description\":\"Jovem \u00e9 socorrido com tiro na cabe\u00e7a em Pira\u00faba. Ele foi deixado inconsciente ca\u00eddo ao ch\u00e3o em uma rua ap\u00f3s briga.\",\"breadcrumb\":{\"@id\":\"https:\\\/\\\/marcelolopes.jor.br\\\/site\\\/2025\\\/07\\\/21\\\/jovem-e-socorrido-com-tiro-na-cabeca-em-pirauba\\\/#breadcrumb\"},\"inLanguage\":\"pt-BR\",\"potentialAction\":[{\"@type\":\"ReadAction\",\"target\":[\"https:\\\/\\\/marcelolopes.jor.br\\\/site\\\/2025\\\/07\\\/21\\\/jovem-e-socorrido-com-tiro-na-cabeca-em-pirauba\\\/\"]}]},{\"@type\":\"ImageObject\",\"inLanguage\":\"pt-BR\",\"@id\":\"https:\\\/\\\/marcelolopes.jor.br\\\/site\\\/2025\\\/07\\\/21\\\/jovem-e-socorrido-com-tiro-na-cabeca-em-pirauba\\\/#primaryimage\",\"url\":\"https:\\\/\\\/marcelolopes.jor.br\\\/site\\\/wp-content\\\/uploads\\\/2025\\\/07\\\/Captura-de-Tela-2025-07-21-as-11.26.22.png\",\"contentUrl\":\"https:\\\/\\\/marcelolopes.jor.br\\\/site\\\/wp-content\\\/uploads\\\/2025\\\/07\\\/Captura-de-Tela-2025-07-21-as-11.26.22.png\",\"width\":1314,\"height\":890,\"caption\":\"Jovem \u00e9 socorrido com\"},{\"@type\":\"BreadcrumbList\",\"@id\":\"https:\\\/\\\/marcelolopes.jor.br\\\/site\\\/2025\\\/07\\\/21\\\/jovem-e-socorrido-com-tiro-na-cabeca-em-pirauba\\\/#breadcrumb\",\"itemListElement\":[{\"@type\":\"ListItem\",\"position\":1,\"name\":\"Home\",\"item\":\"https:\\\/\\\/marcelolopes.jor.br\\\/site\\\/\"},{\"@type\":\"ListItem\",\"position\":2,\"name\":\"Jovem \u00e9 socorrido com tiro na cabe\u00e7a em Pira\u00faba\"}]},{\"@type\":\"WebSite\",\"@id\":\"https:\\\/\\\/marcelolopes.jor.br\\\/site\\\/#website\",\"url\":\"https:\\\/\\\/marcelolopes.jor.br\\\/site\\\/\",\"name\":\"Marcelo Lopes\",\"description\":\"Not\u00edcias de Cataguases e Regi\u00e3o\",\"publisher\":{\"@id\":\"https:\\\/\\\/marcelolopes.jor.br\\\/site\\\/#organization\"},\"potentialAction\":[{\"@type\":\"SearchAction\",\"target\":{\"@type\":\"EntryPoint\",\"urlTemplate\":\"https:\\\/\\\/marcelolopes.jor.br\\\/site\\\/?s={search_term_string}\"},\"query-input\":{\"@type\":\"PropertyValueSpecification\",\"valueRequired\":true,\"valueName\":\"search_term_string\"}}],\"inLanguage\":\"pt-BR\"},{\"@type\":\"Organization\",\"@id\":\"https:\\\/\\\/marcelolopes.jor.br\\\/site\\\/#organization\",\"name\":\"Site do Marcelo Lopes\",\"url\":\"https:\\\/\\\/marcelolopes.jor.br\\\/site\\\/\",\"logo\":{\"@type\":\"ImageObject\",\"inLanguage\":\"pt-BR\",\"@id\":\"https:\\\/\\\/marcelolopes.jor.br\\\/site\\\/#\\\/schema\\\/logo\\\/image\\\/\",\"url\":\"https:\\\/\\\/marcelolopes.jor.br\\\/site\\\/wp-content\\\/uploads\\\/2024\\\/11\\\/logo-1.png\",\"contentUrl\":\"https:\\\/\\\/marcelolopes.jor.br\\\/site\\\/wp-content\\\/uploads\\\/2024\\\/11\\\/logo-1.png\",\"width\":475,\"height\":80,\"caption\":\"Site do Marcelo Lopes\"},\"image\":{\"@id\":\"https:\\\/\\\/marcelolopes.jor.br\\\/site\\\/#\\\/schema\\\/logo\\\/image\\\/\"},\"sameAs\":[\"https:\\\/\\\/www.facebook.com\\\/sitedomarcelolopes\",\"https:\\\/\\\/www.instagram.com\\\/sitedomarcelolopes\\\/\",\"https:\\\/\\\/www.linkedin.com\\\/company\\\/site-do-marcelo-lopes\\\/\",\"https:\\\/\\\/www.youtube.com\\\/user\\\/marcelolopes957\"]},{\"@type\":\"Person\",\"@id\":\"https:\\\/\\\/marcelolopes.jor.br\\\/site\\\/#\\\/schema\\\/person\\\/3e7216a35c34d8fdf952b31da3d1f89f\",\"name\":\"Marcelo Lopes\",\"sameAs\":[\"http:\\\/\\\/www.marcelolopes.jor.br\"],\"url\":\"https:\\\/\\\/marcelolopes.jor.br\\\/site\\\/author\\\/marcelo\\\/\"}]}<\/script>\n<!-- \/ Yoast SEO plugin. -->","yoast_head_json":{"title":"Jovem \u00e9 socorrido com tiro na cabe\u00e7a em Pira\u00faba | Marcelo Lopes","description":"Jovem \u00e9 socorrido com tiro na cabe\u00e7a em Pira\u00faba. Ele foi deixado inconsciente ca\u00eddo ao ch\u00e3o em uma rua ap\u00f3s briga.","robots":{"index":"index","follow":"follow","max-snippet":"max-snippet:-1","max-image-preview":"max-image-preview:large","max-video-preview":"max-video-preview:-1"},"canonical":"https:\/\/marcelolopes.jor.br\/site\/2025\/07\/21\/jovem-e-socorrido-com-tiro-na-cabeca-em-pirauba\/","og_locale":"pt_BR","og_type":"article","og_title":"Jovem \u00e9 socorrido com tiro na cabe\u00e7a em Pira\u00faba | Marcelo Lopes","og_description":"Jovem \u00e9 socorrido com tiro na cabe\u00e7a em Pira\u00faba. Ele foi deixado inconsciente ca\u00eddo ao ch\u00e3o em uma rua ap\u00f3s briga.","og_url":"https:\/\/marcelolopes.jor.br\/site\/2025\/07\/21\/jovem-e-socorrido-com-tiro-na-cabeca-em-pirauba\/","og_site_name":"Marcelo Lopes","article_publisher":"https:\/\/www.facebook.com\/sitedomarcelolopes","article_published_time":"2025-07-21T19:00:35+00:00","og_image":[{"width":1314,"height":890,"url":"https:\/\/marcelolopes.jor.br\/site\/wp-content\/uploads\/2025\/07\/Captura-de-Tela-2025-07-21-as-11.26.22.png","type":"image\/png"}],"author":"Marcelo Lopes","twitter_card":"summary_large_image","twitter_misc":{"Escrito por":"Marcelo Lopes","Est. tempo de leitura":"2 minutos"},"schema":{"@context":"https:\/\/schema.org","@graph":[{"@type":"NewsArticle","@id":"https:\/\/marcelolopes.jor.br\/site\/2025\/07\/21\/jovem-e-socorrido-com-tiro-na-cabeca-em-pirauba\/#article","isPartOf":{"@id":"https:\/\/marcelolopes.jor.br\/site\/2025\/07\/21\/jovem-e-socorrido-com-tiro-na-cabeca-em-pirauba\/"},"author":{"name":"Marcelo Lopes","@id":"https:\/\/marcelolopes.jor.br\/site\/#\/schema\/person\/3e7216a35c34d8fdf952b31da3d1f89f"},"headline":"Jovem \u00e9 socorrido com tiro na cabe\u00e7a em Pira\u00faba","datePublished":"2025-07-21T19:00:35+00:00","mainEntityOfPage":{"@id":"https:\/\/marcelolopes.jor.br\/site\/2025\/07\/21\/jovem-e-socorrido-com-tiro-na-cabeca-em-pirauba\/"},"wordCount":354,"commentCount":0,"publisher":{"@id":"https:\/\/marcelolopes.jor.br\/site\/#organization"},"image":{"@id":"https:\/\/marcelolopes.jor.br\/site\/2025\/07\/21\/jovem-e-socorrido-com-tiro-na-cabeca-em-pirauba\/#primaryimage"},"thumbnailUrl":"https:\/\/marcelolopes.jor.br\/site\/wp-content\/uploads\/2025\/07\/Captura-de-Tela-2025-07-21-as-11.26.22.png","articleSection":["Not\u00edcias"],"inLanguage":"pt-BR","potentialAction":[{"@type":"CommentAction","name":"Comment","target":["https:\/\/marcelolopes.jor.br\/site\/2025\/07\/21\/jovem-e-socorrido-com-tiro-na-cabeca-em-pirauba\/#respond"]}]},{"@type":"WebPage","@id":"https:\/\/marcelolopes.jor.br\/site\/2025\/07\/21\/jovem-e-socorrido-com-tiro-na-cabeca-em-pirauba\/","url":"https:\/\/marcelolopes.jor.br\/site\/2025\/07\/21\/jovem-e-socorrido-com-tiro-na-cabeca-em-pirauba\/","name":"Jovem \u00e9 socorrido com tiro na cabe\u00e7a em Pira\u00faba | Marcelo Lopes","isPartOf":{"@id":"https:\/\/marcelolopes.jor.br\/site\/#website"},"primaryImageOfPage":{"@id":"https:\/\/marcelolopes.jor.br\/site\/2025\/07\/21\/jovem-e-socorrido-com-tiro-na-cabeca-em-pirauba\/#primaryimage"},"image":{"@id":"https:\/\/marcelolopes.jor.br\/site\/2025\/07\/21\/jovem-e-socorrido-com-tiro-na-cabeca-em-pirauba\/#primaryimage"},"thumbnailUrl":"https:\/\/marcelolopes.jor.br\/site\/wp-content\/uploads\/2025\/07\/Captura-de-Tela-2025-07-21-as-11.26.22.png","datePublished":"2025-07-21T19:00:35+00:00","description":"Jovem \u00e9 socorrido com tiro na cabe\u00e7a em Pira\u00faba. Ele foi deixado inconsciente ca\u00eddo ao ch\u00e3o em uma rua ap\u00f3s briga.","breadcrumb":{"@id":"https:\/\/marcelolopes.jor.br\/site\/2025\/07\/21\/jovem-e-socorrido-com-tiro-na-cabeca-em-pirauba\/#breadcrumb"},"inLanguage":"pt-BR","potentialAction":[{"@type":"ReadAction","target":["https:\/\/marcelolopes.jor.br\/site\/2025\/07\/21\/jovem-e-socorrido-com-tiro-na-cabeca-em-pirauba\/"]}]},{"@type":"ImageObject","inLanguage":"pt-BR","@id":"https:\/\/marcelolopes.jor.br\/site\/2025\/07\/21\/jovem-e-socorrido-com-tiro-na-cabeca-em-pirauba\/#primaryimage","url":"https:\/\/marcelolopes.jor.br\/site\/wp-content\/uploads\/2025\/07\/Captura-de-Tela-2025-07-21-as-11.26.22.png","contentUrl":"https:\/\/marcelolopes.jor.br\/site\/wp-content\/uploads\/2025\/07\/Captura-de-Tela-2025-07-21-as-11.26.22.png","width":1314,"height":890,"caption":"Jovem \u00e9 socorrido com"},{"@type":"BreadcrumbList","@id":"https:\/\/marcelolopes.jor.br\/site\/2025\/07\/21\/jovem-e-socorrido-com-tiro-na-cabeca-em-pirauba\/#breadcrumb","itemListElement":[{"@type":"ListItem","position":1,"name":"Home","item":"https:\/\/marcelolopes.jor.br\/site\/"},{"@type":"ListItem","position":2,"name":"Jovem \u00e9 socorrido com tiro na cabe\u00e7a em Pira\u00faba"}]},{"@type":"WebSite","@id":"https:\/\/marcelolopes.jor.br\/site\/#website","url":"https:\/\/marcelolopes.jor.br\/site\/","name":"Marcelo Lopes","description":"Not\u00edcias de Cataguases e Regi\u00e3o","publisher":{"@id":"https:\/\/marcelolopes.jor.br\/site\/#organization"},"potentialAction":[{"@type":"SearchAction","target":{"@type":"EntryPoint","urlTemplate":"https:\/\/marcelolopes.jor.br\/site\/?s={search_term_string}"},"query-input":{"@type":"PropertyValueSpecification","valueRequired":true,"valueName":"search_term_string"}}],"inLanguage":"pt-BR"},{"@type":"Organization","@id":"https:\/\/marcelolopes.jor.br\/site\/#organization","name":"Site do Marcelo Lopes","url":"https:\/\/marcelolopes.jor.br\/site\/","logo":{"@type":"ImageObject","inLanguage":"pt-BR","@id":"https:\/\/marcelolopes.jor.br\/site\/#\/schema\/logo\/image\/","url":"https:\/\/marcelolopes.jor.br\/site\/wp-content\/uploads\/2024\/11\/logo-1.png","contentUrl":"https:\/\/marcelolopes.jor.br\/site\/wp-content\/uploads\/2024\/11\/logo-1.png","width":475,"height":80,"caption":"Site do Marcelo Lopes"},"image":{"@id":"https:\/\/marcelolopes.jor.br\/site\/#\/schema\/logo\/image\/"},"sameAs":["https:\/\/www.facebook.com\/sitedomarcelolopes","https:\/\/www.instagram.com\/sitedomarcelolopes\/","https:\/\/www.linkedin.com\/company\/site-do-marcelo-lopes\/","https:\/\/www.youtube.com\/user\/marcelolopes957"]},{"@type":"Person","@id":"https:\/\/marcelolopes.jor.br\/site\/#\/schema\/person\/3e7216a35c34d8fdf952b31da3d1f89f","name":"Marcelo Lopes","sameAs":["http:\/\/www.marcelolopes.jor.br"],"url":"https:\/\/marcelolopes.jor.br\/site\/author\/marcelo\/"}]}},"wps_subtitle":"Ele foi deixado inconsciente em uma rua ap\u00f3s briga.","_links":{"self":[{"href":"https:\/\/marcelolopes.jor.br\/site\/wp-json\/wp\/v2\/posts\/59331","targetHints":{"allow":["GET"]}}],"collection":[{"href":"https:\/\/marcelolopes.jor.br\/site\/wp-json\/wp\/v2\/posts"}],"about":[{"href":"https:\/\/marcelolopes.jor.br\/site\/wp-json\/wp\/v2\/types\/post"}],"author":[{"embeddable":true,"href":"https:\/\/marcelolopes.jor.br\/site\/wp-json\/wp\/v2\/users\/2"}],"replies":[{"embeddable":true,"href":"https:\/\/marcelolopes.jor.br\/site\/wp-json\/wp\/v2\/comments?post=59331"}],"version-history":[{"count":0,"href":"https:\/\/marcelolopes.jor.br\/site\/wp-json\/wp\/v2\/posts\/59331\/revisions"}],"wp:featuredmedia":[{"embeddable":true,"href":"https:\/\/marcelolopes.jor.br\/site\/wp-json\/wp\/v2\/media\/59333"}],"wp:attachment":[{"href":"https:\/\/marcelolopes.jor.br\/site\/wp-json\/wp\/v2\/media?parent=59331"}],"wp:term":[{"taxonomy":"category","embeddable":true,"href":"https:\/\/marcelolopes.jor.br\/site\/wp-json\/wp\/v2\/categories?post=59331"},{"taxonomy":"post_tag","embeddable":true,"href":"https:\/\/marcelolopes.jor.br\/site\/wp-json\/wp\/v2\/tags?post=59331"}],"curies":[{"name":"wp","href":"https:\/\/api.w.org\/{rel}","templated":true}]}}