{"id":59235,"date":"2025-07-17T07:00:53","date_gmt":"2025-07-17T10:00:53","guid":{"rendered":"https:\/\/marcelolopes.jor.br\/?p=59235"},"modified":"2025-07-16T14:46:19","modified_gmt":"2025-07-16T17:46:19","slug":"if-sudeste-abre-selecao-para-professor-de-informatica-em-cataguases","status":"publish","type":"post","link":"https:\/\/marcelolopes.jor.br\/site\/2025\/07\/17\/if-sudeste-abre-selecao-para-professor-de-informatica-em-cataguases\/","title":{"rendered":"IF Sudeste abre sele\u00e7\u00e3o para professor de Inform\u00e1tica em Cataguases"},"content":{"rendered":"<p>O Instituto Federal de Educa\u00e7\u00e3o, Ci\u00eancia e Tecnologia do Sudeste de Minas Gerais (IF Sudeste MG) est\u00e1 com inscri\u00e7\u00f5es abertas para processo seletivo no Campus Avan\u00e7ado Cataguases. A sele\u00e7\u00e3o visa preencher uma vaga para o cargo de professor substituto na \u00e1rea de Inform\u00e1tica\/Ci\u00eancia da Computa\u00e7\u00e3o.<!--more--><\/p>\n<h4 class=\"p1\"><span class=\"s1\">\ud83d\udcf8\u00a0<span style=\"color: #008000;\">Siga o Site do Marcelo Lopes no<\/span>\u00a0<span style=\"color: #800000;\"><a style=\"color: #800000;\" href=\"https:\/\/www.facebook.com\/sitedomarcelolopes\/\"><strong>Facebook<\/strong><\/a><\/span>\u00a0<span style=\"color: #008000;\">e no<\/span>\u00a0<span style=\"color: #800000;\"><strong><a style=\"color: #800000;\" href=\"https:\/\/www.instagram.com\/sitedomarcelolopes\/\">Instagram<\/a><\/strong><\/span><\/span><\/h4>\n<h4 class=\"p1\">\ud83d\udcf1<span style=\"color: #008000;\">Participe do grupo de<\/span>\u00a0<span style=\"color: #800000;\"><a style=\"color: #800000;\" href=\"https:\/\/chat.whatsapp.com\/BibzcI1ibYSKytbdyzubLA\"><strong>WhatsApp<\/strong><\/a><\/span> <span style=\"color: #008000;\">do Site do Marcelo Lopes<\/span><\/h4>\n<p>&nbsp;<\/p>\n<p>Para concorrer \u00e0 vaga, os candidatos devem possuir gradua\u00e7\u00e3o em \u00e1reas como Ci\u00eancia da Computa\u00e7\u00e3o, Sistemas de Informa\u00e7\u00e3o, Engenharia da Computa\u00e7\u00e3o, entre outras correlatas, e especializa\u00e7\u00e3o, mestrado e\/ou doutorado conforme as \u00e1reas da tabela da Capes.<\/p>\n<p>O selecionado atuar\u00e1 em jornada de 40 horas semanais, com remunera\u00e7\u00e3o que varia de R$ 4.867,77 a R$ 8.059,29, al\u00e9m de benef\u00edcios.<\/p>\n<p>As inscri\u00e7\u00f5es devem ser realizadas entre os dias 16 e 30 de julho, at\u00e9 as 23h59, por meio do <a href=\"https:\/\/concursos.ifsudestemg.edu.br\/\"><strong><span style=\"color: #800000;\">site do IF Sudeste MG<\/span><\/strong><\/a>. O processo de sele\u00e7\u00e3o incluir\u00e1 prova de desempenho did\u00e1tico e prova de t\u00edtulos, programadas para os dias 11 e 12 de agosto.<\/p>\n<p>Este processo seletivo ter\u00e1 validade de 12 meses a partir da data de publica\u00e7\u00e3o da homologa\u00e7\u00e3o do resultado final no Di\u00e1rio Oficial da Uni\u00e3o, com a possibilidade de prorroga\u00e7\u00e3o por mais um ano.<\/p>\n<p>Veja o <a href=\"https:\/\/www.ifsudestemg.edu.br\/editais\/reitoria\/concurso-professor-substituto\/2025\/copy39_of_modelo\/edital\/edital-51-ca_informatica.pdf\"><strong><span style=\"color: #800000;\">edital<\/span><\/strong><\/a> completo aqui.<\/p>\n<p><strong>OUTRAS NOT\u00cdCIAS<\/strong><br \/>\n<a href=\"https:\/\/marcelolopes.jor.br\/2025\/05\/10\/if-sudeste-mg-lanca-pos-graduacao-para-professores\/\"><strong><span style=\"color: #800000;\">IF Sudeste MG lan\u00e7a p\u00f3s-gradua\u00e7\u00e3o para professores<\/span><\/strong><\/a><\/p>\n<p><a href=\"https:\/\/marcelolopes.jor.br\/2025\/03\/13\/partiu-if-recebe-inscricoes-de-alunos-para-ingressar-no-if-sudeste\/\"><strong><span style=\"color: #800000;\">Partiu IF recebe inscri\u00e7\u00f5es de alunos para ingressar no IF Sudeste<\/span><\/strong><\/a><\/p>\n<p>Fonte: QConcurso | Foto: Arquivo<\/p>\n<div class=\"rwsdm69f76486c613e\" ><br><\/div><style type=\"text\/css\">\r\n@media screen and (min-width: 1201px) {\r\n.rwsdm69f76486c613e {\r\ndisplay: block;\r\n}\r\n}\r\n@media screen and (min-width: 993px) and (max-width: 1200px) {\r\n.rwsdm69f76486c613e {\r\ndisplay: block;\r\n}\r\n}\r\n@media screen and (min-width: 769px) and (max-width: 992px) {\r\n.rwsdm69f76486c613e {\r\ndisplay: block;\r\n}\r\n}\r\n@media screen and (min-width: 768px) and (max-width: 768px) {\r\n.rwsdm69f76486c613e {\r\ndisplay: block;\r\n}\r\n}\r\n@media screen and (max-width: 767px) {\r\n.rwsdm69f76486c613e {\r\ndisplay: block;\r\n}\r\n}\r\n<\/style>\r\n<div class=\"tymtf69f76486cc200\" ><div id=\"div_destino\"><\/div>\r\n<script src=\"https:\/\/cdn.snsrsv.com\/sdk.js\"><\/script>\r\n<script >\r\n      new sdk(\"464030C30061EA8BE065000000000001\") \r\n          .appendTo(\"div_destino\")\r\n          .disableStyle(true) \r\n          .setCacheBusterMacro(\"%%CACHEBUSTER%%\")\r\n          .setSize(\"800\",\"214\")\r\n          .setClickMacro(\"%%CLICK_URL_ESC%%\") \r\n          .setReferrerUrlMacro(\"%%REFERRER_URL_ESC%%\") \r\n          .start(); \r\n<\/script><\/div><style type=\"text\/css\">\r\n@media screen and (min-width: 1201px) {\r\n.tymtf69f76486cc200 {\r\ndisplay: block;\r\n}\r\n}\r\n@media screen and (min-width: 993px) and (max-width: 1200px) {\r\n.tymtf69f76486cc200 {\r\ndisplay: block;\r\n}\r\n}\r\n@media screen and (min-width: 769px) and (max-width: 992px) {\r\n.tymtf69f76486cc200 {\r\ndisplay: block;\r\n}\r\n}\r\n@media screen and (min-width: 768px) and (max-width: 768px) {\r\n.tymtf69f76486cc200 {\r\ndisplay: block;\r\n}\r\n}\r\n@media screen and (max-width: 767px) {\r\n.tymtf69f76486cc200 {\r\ndisplay: block;\r\n}\r\n}\r\n<\/style>\r\n","protected":false},"excerpt":{"rendered":"<p>O Instituto Federal de Educa\u00e7\u00e3o, Ci\u00eancia e Tecnologia do Sudeste de Minas Gerais (IF Sudeste MG) est\u00e1 com inscri\u00e7\u00f5es abertas para processo seletivo no Campus Avan\u00e7ado Cataguases. A sele\u00e7\u00e3o visa preencher uma vaga para o cargo de professor substituto na<\/p>\n<p class=\"link-more\"><a class=\"more-link\" href=\"https:\/\/marcelolopes.jor.br\/site\/2025\/07\/17\/if-sudeste-abre-selecao-para-professor-de-informatica-em-cataguases\/\">Leia mais <span class=\"screen-reader-text\">IF Sudeste abre sele\u00e7\u00e3o para professor de Inform\u00e1tica em Cataguases<\/span><\/a><\/p>\n","protected":false},"author":2,"featured_media":59238,"comment_status":"open","ping_status":"closed","sticky":false,"template":"","format":"standard","meta":{"footnotes":""},"categories":[1],"tags":[],"class_list":["post-59235","post","type-post","status-publish","format-standard","has-post-thumbnail","hentry","category-noticias","thumb-below-title"],"yoast_head":"<!-- This site is optimized with the Yoast SEO plugin v27.4 - https:\/\/yoast.com\/product\/yoast-seo-wordpress\/ -->\n<title>IF Sudeste abre sele\u00e7\u00e3o para professor de Inform\u00e1tica em<\/title>\n<meta name=\"description\" content=\"IF Sudeste abre sele\u00e7\u00e3o para professor de Inform\u00e1tica em Cataguases. Inscri\u00e7\u00f5es v\u00e3o at\u00e9 30 de julho. Sal\u00e1rio de R$ 4.867,77 a R$ 8.059,29.\" \/>\n<meta name=\"robots\" content=\"index, follow, max-snippet:-1, max-image-preview:large, max-video-preview:-1\" \/>\n<link rel=\"canonical\" href=\"https:\/\/marcelolopes.jor.br\/site\/2025\/07\/17\/if-sudeste-abre-selecao-para-professor-de-informatica-em-cataguases\/\" \/>\n<meta property=\"og:locale\" content=\"pt_BR\" \/>\n<meta property=\"og:type\" content=\"article\" \/>\n<meta property=\"og:title\" content=\"IF Sudeste abre sele\u00e7\u00e3o para professor de Inform\u00e1tica em\" \/>\n<meta property=\"og:description\" content=\"IF Sudeste abre sele\u00e7\u00e3o para professor de Inform\u00e1tica em Cataguases. Inscri\u00e7\u00f5es v\u00e3o at\u00e9 30 de julho. Sal\u00e1rio de R$ 4.867,77 a R$ 8.059,29.\" \/>\n<meta property=\"og:url\" content=\"https:\/\/marcelolopes.jor.br\/site\/2025\/07\/17\/if-sudeste-abre-selecao-para-professor-de-informatica-em-cataguases\/\" \/>\n<meta property=\"og:site_name\" content=\"Marcelo Lopes\" \/>\n<meta property=\"article:publisher\" content=\"https:\/\/www.facebook.com\/sitedomarcelolopes\" \/>\n<meta property=\"article:published_time\" content=\"2025-07-17T10:00:53+00:00\" \/>\n<meta property=\"og:image\" content=\"https:\/\/marcelolopes.jor.br\/site\/wp-content\/uploads\/2025\/07\/Informatica.png\" \/>\n\t<meta property=\"og:image:width\" content=\"800\" \/>\n\t<meta property=\"og:image:height\" content=\"550\" \/>\n\t<meta property=\"og:image:type\" content=\"image\/png\" \/>\n<meta name=\"author\" content=\"Marcelo Lopes\" \/>\n<meta name=\"twitter:card\" content=\"summary_large_image\" \/>\n<meta name=\"twitter:label1\" content=\"Escrito por\" \/>\n\t<meta name=\"twitter:data1\" content=\"Marcelo Lopes\" \/>\n\t<meta name=\"twitter:label2\" content=\"Est. tempo de leitura\" \/>\n\t<meta name=\"twitter:data2\" content=\"1 minuto\" \/>\n<script type=\"application\/ld+json\" class=\"yoast-schema-graph\">{\"@context\":\"https:\\\/\\\/schema.org\",\"@graph\":[{\"@type\":\"NewsArticle\",\"@id\":\"https:\\\/\\\/marcelolopes.jor.br\\\/site\\\/2025\\\/07\\\/17\\\/if-sudeste-abre-selecao-para-professor-de-informatica-em-cataguases\\\/#article\",\"isPartOf\":{\"@id\":\"https:\\\/\\\/marcelolopes.jor.br\\\/site\\\/2025\\\/07\\\/17\\\/if-sudeste-abre-selecao-para-professor-de-informatica-em-cataguases\\\/\"},\"author\":{\"name\":\"Marcelo Lopes\",\"@id\":\"https:\\\/\\\/marcelolopes.jor.br\\\/site\\\/#\\\/schema\\\/person\\\/3e7216a35c34d8fdf952b31da3d1f89f\"},\"headline\":\"IF Sudeste abre sele\u00e7\u00e3o para professor de Inform\u00e1tica em Cataguases\",\"datePublished\":\"2025-07-17T10:00:53+00:00\",\"mainEntityOfPage\":{\"@id\":\"https:\\\/\\\/marcelolopes.jor.br\\\/site\\\/2025\\\/07\\\/17\\\/if-sudeste-abre-selecao-para-professor-de-informatica-em-cataguases\\\/\"},\"wordCount\":269,\"commentCount\":0,\"publisher\":{\"@id\":\"https:\\\/\\\/marcelolopes.jor.br\\\/site\\\/#organization\"},\"image\":{\"@id\":\"https:\\\/\\\/marcelolopes.jor.br\\\/site\\\/2025\\\/07\\\/17\\\/if-sudeste-abre-selecao-para-professor-de-informatica-em-cataguases\\\/#primaryimage\"},\"thumbnailUrl\":\"https:\\\/\\\/marcelolopes.jor.br\\\/site\\\/wp-content\\\/uploads\\\/2025\\\/07\\\/Informatica.png\",\"articleSection\":[\"Not\u00edcias\"],\"inLanguage\":\"pt-BR\",\"potentialAction\":[{\"@type\":\"CommentAction\",\"name\":\"Comment\",\"target\":[\"https:\\\/\\\/marcelolopes.jor.br\\\/site\\\/2025\\\/07\\\/17\\\/if-sudeste-abre-selecao-para-professor-de-informatica-em-cataguases\\\/#respond\"]}]},{\"@type\":\"WebPage\",\"@id\":\"https:\\\/\\\/marcelolopes.jor.br\\\/site\\\/2025\\\/07\\\/17\\\/if-sudeste-abre-selecao-para-professor-de-informatica-em-cataguases\\\/\",\"url\":\"https:\\\/\\\/marcelolopes.jor.br\\\/site\\\/2025\\\/07\\\/17\\\/if-sudeste-abre-selecao-para-professor-de-informatica-em-cataguases\\\/\",\"name\":\"IF Sudeste abre sele\u00e7\u00e3o para professor de Inform\u00e1tica em\",\"isPartOf\":{\"@id\":\"https:\\\/\\\/marcelolopes.jor.br\\\/site\\\/#website\"},\"primaryImageOfPage\":{\"@id\":\"https:\\\/\\\/marcelolopes.jor.br\\\/site\\\/2025\\\/07\\\/17\\\/if-sudeste-abre-selecao-para-professor-de-informatica-em-cataguases\\\/#primaryimage\"},\"image\":{\"@id\":\"https:\\\/\\\/marcelolopes.jor.br\\\/site\\\/2025\\\/07\\\/17\\\/if-sudeste-abre-selecao-para-professor-de-informatica-em-cataguases\\\/#primaryimage\"},\"thumbnailUrl\":\"https:\\\/\\\/marcelolopes.jor.br\\\/site\\\/wp-content\\\/uploads\\\/2025\\\/07\\\/Informatica.png\",\"datePublished\":\"2025-07-17T10:00:53+00:00\",\"description\":\"IF Sudeste abre sele\u00e7\u00e3o para professor de Inform\u00e1tica em Cataguases. Inscri\u00e7\u00f5es v\u00e3o at\u00e9 30 de julho. Sal\u00e1rio de R$ 4.867,77 a R$ 8.059,29.\",\"breadcrumb\":{\"@id\":\"https:\\\/\\\/marcelolopes.jor.br\\\/site\\\/2025\\\/07\\\/17\\\/if-sudeste-abre-selecao-para-professor-de-informatica-em-cataguases\\\/#breadcrumb\"},\"inLanguage\":\"pt-BR\",\"potentialAction\":[{\"@type\":\"ReadAction\",\"target\":[\"https:\\\/\\\/marcelolopes.jor.br\\\/site\\\/2025\\\/07\\\/17\\\/if-sudeste-abre-selecao-para-professor-de-informatica-em-cataguases\\\/\"]}]},{\"@type\":\"ImageObject\",\"inLanguage\":\"pt-BR\",\"@id\":\"https:\\\/\\\/marcelolopes.jor.br\\\/site\\\/2025\\\/07\\\/17\\\/if-sudeste-abre-selecao-para-professor-de-informatica-em-cataguases\\\/#primaryimage\",\"url\":\"https:\\\/\\\/marcelolopes.jor.br\\\/site\\\/wp-content\\\/uploads\\\/2025\\\/07\\\/Informatica.png\",\"contentUrl\":\"https:\\\/\\\/marcelolopes.jor.br\\\/site\\\/wp-content\\\/uploads\\\/2025\\\/07\\\/Informatica.png\",\"width\":800,\"height\":550,\"caption\":\"IF Sudeste abre sele\u00e7\u00e3o\"},{\"@type\":\"BreadcrumbList\",\"@id\":\"https:\\\/\\\/marcelolopes.jor.br\\\/site\\\/2025\\\/07\\\/17\\\/if-sudeste-abre-selecao-para-professor-de-informatica-em-cataguases\\\/#breadcrumb\",\"itemListElement\":[{\"@type\":\"ListItem\",\"position\":1,\"name\":\"Home\",\"item\":\"https:\\\/\\\/marcelolopes.jor.br\\\/site\\\/\"},{\"@type\":\"ListItem\",\"position\":2,\"name\":\"IF Sudeste abre sele\u00e7\u00e3o para professor de Inform\u00e1tica em Cataguases\"}]},{\"@type\":\"WebSite\",\"@id\":\"https:\\\/\\\/marcelolopes.jor.br\\\/site\\\/#website\",\"url\":\"https:\\\/\\\/marcelolopes.jor.br\\\/site\\\/\",\"name\":\"Marcelo Lopes\",\"description\":\"Not\u00edcias de Cataguases e Regi\u00e3o\",\"publisher\":{\"@id\":\"https:\\\/\\\/marcelolopes.jor.br\\\/site\\\/#organization\"},\"potentialAction\":[{\"@type\":\"SearchAction\",\"target\":{\"@type\":\"EntryPoint\",\"urlTemplate\":\"https:\\\/\\\/marcelolopes.jor.br\\\/site\\\/?s={search_term_string}\"},\"query-input\":{\"@type\":\"PropertyValueSpecification\",\"valueRequired\":true,\"valueName\":\"search_term_string\"}}],\"inLanguage\":\"pt-BR\"},{\"@type\":\"Organization\",\"@id\":\"https:\\\/\\\/marcelolopes.jor.br\\\/site\\\/#organization\",\"name\":\"Site do Marcelo Lopes\",\"url\":\"https:\\\/\\\/marcelolopes.jor.br\\\/site\\\/\",\"logo\":{\"@type\":\"ImageObject\",\"inLanguage\":\"pt-BR\",\"@id\":\"https:\\\/\\\/marcelolopes.jor.br\\\/site\\\/#\\\/schema\\\/logo\\\/image\\\/\",\"url\":\"https:\\\/\\\/marcelolopes.jor.br\\\/site\\\/wp-content\\\/uploads\\\/2024\\\/11\\\/logo-1.png\",\"contentUrl\":\"https:\\\/\\\/marcelolopes.jor.br\\\/site\\\/wp-content\\\/uploads\\\/2024\\\/11\\\/logo-1.png\",\"width\":475,\"height\":80,\"caption\":\"Site do Marcelo Lopes\"},\"image\":{\"@id\":\"https:\\\/\\\/marcelolopes.jor.br\\\/site\\\/#\\\/schema\\\/logo\\\/image\\\/\"},\"sameAs\":[\"https:\\\/\\\/www.facebook.com\\\/sitedomarcelolopes\",\"https:\\\/\\\/www.instagram.com\\\/sitedomarcelolopes\\\/\",\"https:\\\/\\\/www.linkedin.com\\\/company\\\/site-do-marcelo-lopes\\\/\",\"https:\\\/\\\/www.youtube.com\\\/user\\\/marcelolopes957\"]},{\"@type\":\"Person\",\"@id\":\"https:\\\/\\\/marcelolopes.jor.br\\\/site\\\/#\\\/schema\\\/person\\\/3e7216a35c34d8fdf952b31da3d1f89f\",\"name\":\"Marcelo Lopes\",\"sameAs\":[\"http:\\\/\\\/www.marcelolopes.jor.br\"],\"url\":\"https:\\\/\\\/marcelolopes.jor.br\\\/site\\\/author\\\/marcelo\\\/\"}]}<\/script>\n<!-- \/ Yoast SEO plugin. -->","yoast_head_json":{"title":"IF Sudeste abre sele\u00e7\u00e3o para professor de Inform\u00e1tica em","description":"IF Sudeste abre sele\u00e7\u00e3o para professor de Inform\u00e1tica em Cataguases. Inscri\u00e7\u00f5es v\u00e3o at\u00e9 30 de julho. Sal\u00e1rio de R$ 4.867,77 a R$ 8.059,29.","robots":{"index":"index","follow":"follow","max-snippet":"max-snippet:-1","max-image-preview":"max-image-preview:large","max-video-preview":"max-video-preview:-1"},"canonical":"https:\/\/marcelolopes.jor.br\/site\/2025\/07\/17\/if-sudeste-abre-selecao-para-professor-de-informatica-em-cataguases\/","og_locale":"pt_BR","og_type":"article","og_title":"IF Sudeste abre sele\u00e7\u00e3o para professor de Inform\u00e1tica em","og_description":"IF Sudeste abre sele\u00e7\u00e3o para professor de Inform\u00e1tica em Cataguases. Inscri\u00e7\u00f5es v\u00e3o at\u00e9 30 de julho. Sal\u00e1rio de R$ 4.867,77 a R$ 8.059,29.","og_url":"https:\/\/marcelolopes.jor.br\/site\/2025\/07\/17\/if-sudeste-abre-selecao-para-professor-de-informatica-em-cataguases\/","og_site_name":"Marcelo Lopes","article_publisher":"https:\/\/www.facebook.com\/sitedomarcelolopes","article_published_time":"2025-07-17T10:00:53+00:00","og_image":[{"width":800,"height":550,"url":"https:\/\/marcelolopes.jor.br\/site\/wp-content\/uploads\/2025\/07\/Informatica.png","type":"image\/png"}],"author":"Marcelo Lopes","twitter_card":"summary_large_image","twitter_misc":{"Escrito por":"Marcelo Lopes","Est. tempo de leitura":"1 minuto"},"schema":{"@context":"https:\/\/schema.org","@graph":[{"@type":"NewsArticle","@id":"https:\/\/marcelolopes.jor.br\/site\/2025\/07\/17\/if-sudeste-abre-selecao-para-professor-de-informatica-em-cataguases\/#article","isPartOf":{"@id":"https:\/\/marcelolopes.jor.br\/site\/2025\/07\/17\/if-sudeste-abre-selecao-para-professor-de-informatica-em-cataguases\/"},"author":{"name":"Marcelo Lopes","@id":"https:\/\/marcelolopes.jor.br\/site\/#\/schema\/person\/3e7216a35c34d8fdf952b31da3d1f89f"},"headline":"IF Sudeste abre sele\u00e7\u00e3o para professor de Inform\u00e1tica em Cataguases","datePublished":"2025-07-17T10:00:53+00:00","mainEntityOfPage":{"@id":"https:\/\/marcelolopes.jor.br\/site\/2025\/07\/17\/if-sudeste-abre-selecao-para-professor-de-informatica-em-cataguases\/"},"wordCount":269,"commentCount":0,"publisher":{"@id":"https:\/\/marcelolopes.jor.br\/site\/#organization"},"image":{"@id":"https:\/\/marcelolopes.jor.br\/site\/2025\/07\/17\/if-sudeste-abre-selecao-para-professor-de-informatica-em-cataguases\/#primaryimage"},"thumbnailUrl":"https:\/\/marcelolopes.jor.br\/site\/wp-content\/uploads\/2025\/07\/Informatica.png","articleSection":["Not\u00edcias"],"inLanguage":"pt-BR","potentialAction":[{"@type":"CommentAction","name":"Comment","target":["https:\/\/marcelolopes.jor.br\/site\/2025\/07\/17\/if-sudeste-abre-selecao-para-professor-de-informatica-em-cataguases\/#respond"]}]},{"@type":"WebPage","@id":"https:\/\/marcelolopes.jor.br\/site\/2025\/07\/17\/if-sudeste-abre-selecao-para-professor-de-informatica-em-cataguases\/","url":"https:\/\/marcelolopes.jor.br\/site\/2025\/07\/17\/if-sudeste-abre-selecao-para-professor-de-informatica-em-cataguases\/","name":"IF Sudeste abre sele\u00e7\u00e3o para professor de Inform\u00e1tica em","isPartOf":{"@id":"https:\/\/marcelolopes.jor.br\/site\/#website"},"primaryImageOfPage":{"@id":"https:\/\/marcelolopes.jor.br\/site\/2025\/07\/17\/if-sudeste-abre-selecao-para-professor-de-informatica-em-cataguases\/#primaryimage"},"image":{"@id":"https:\/\/marcelolopes.jor.br\/site\/2025\/07\/17\/if-sudeste-abre-selecao-para-professor-de-informatica-em-cataguases\/#primaryimage"},"thumbnailUrl":"https:\/\/marcelolopes.jor.br\/site\/wp-content\/uploads\/2025\/07\/Informatica.png","datePublished":"2025-07-17T10:00:53+00:00","description":"IF Sudeste abre sele\u00e7\u00e3o para professor de Inform\u00e1tica em Cataguases. Inscri\u00e7\u00f5es v\u00e3o at\u00e9 30 de julho. Sal\u00e1rio de R$ 4.867,77 a R$ 8.059,29.","breadcrumb":{"@id":"https:\/\/marcelolopes.jor.br\/site\/2025\/07\/17\/if-sudeste-abre-selecao-para-professor-de-informatica-em-cataguases\/#breadcrumb"},"inLanguage":"pt-BR","potentialAction":[{"@type":"ReadAction","target":["https:\/\/marcelolopes.jor.br\/site\/2025\/07\/17\/if-sudeste-abre-selecao-para-professor-de-informatica-em-cataguases\/"]}]},{"@type":"ImageObject","inLanguage":"pt-BR","@id":"https:\/\/marcelolopes.jor.br\/site\/2025\/07\/17\/if-sudeste-abre-selecao-para-professor-de-informatica-em-cataguases\/#primaryimage","url":"https:\/\/marcelolopes.jor.br\/site\/wp-content\/uploads\/2025\/07\/Informatica.png","contentUrl":"https:\/\/marcelolopes.jor.br\/site\/wp-content\/uploads\/2025\/07\/Informatica.png","width":800,"height":550,"caption":"IF Sudeste abre sele\u00e7\u00e3o"},{"@type":"BreadcrumbList","@id":"https:\/\/marcelolopes.jor.br\/site\/2025\/07\/17\/if-sudeste-abre-selecao-para-professor-de-informatica-em-cataguases\/#breadcrumb","itemListElement":[{"@type":"ListItem","position":1,"name":"Home","item":"https:\/\/marcelolopes.jor.br\/site\/"},{"@type":"ListItem","position":2,"name":"IF Sudeste abre sele\u00e7\u00e3o para professor de Inform\u00e1tica em Cataguases"}]},{"@type":"WebSite","@id":"https:\/\/marcelolopes.jor.br\/site\/#website","url":"https:\/\/marcelolopes.jor.br\/site\/","name":"Marcelo Lopes","description":"Not\u00edcias de Cataguases e Regi\u00e3o","publisher":{"@id":"https:\/\/marcelolopes.jor.br\/site\/#organization"},"potentialAction":[{"@type":"SearchAction","target":{"@type":"EntryPoint","urlTemplate":"https:\/\/marcelolopes.jor.br\/site\/?s={search_term_string}"},"query-input":{"@type":"PropertyValueSpecification","valueRequired":true,"valueName":"search_term_string"}}],"inLanguage":"pt-BR"},{"@type":"Organization","@id":"https:\/\/marcelolopes.jor.br\/site\/#organization","name":"Site do Marcelo Lopes","url":"https:\/\/marcelolopes.jor.br\/site\/","logo":{"@type":"ImageObject","inLanguage":"pt-BR","@id":"https:\/\/marcelolopes.jor.br\/site\/#\/schema\/logo\/image\/","url":"https:\/\/marcelolopes.jor.br\/site\/wp-content\/uploads\/2024\/11\/logo-1.png","contentUrl":"https:\/\/marcelolopes.jor.br\/site\/wp-content\/uploads\/2024\/11\/logo-1.png","width":475,"height":80,"caption":"Site do Marcelo Lopes"},"image":{"@id":"https:\/\/marcelolopes.jor.br\/site\/#\/schema\/logo\/image\/"},"sameAs":["https:\/\/www.facebook.com\/sitedomarcelolopes","https:\/\/www.instagram.com\/sitedomarcelolopes\/","https:\/\/www.linkedin.com\/company\/site-do-marcelo-lopes\/","https:\/\/www.youtube.com\/user\/marcelolopes957"]},{"@type":"Person","@id":"https:\/\/marcelolopes.jor.br\/site\/#\/schema\/person\/3e7216a35c34d8fdf952b31da3d1f89f","name":"Marcelo Lopes","sameAs":["http:\/\/www.marcelolopes.jor.br"],"url":"https:\/\/marcelolopes.jor.br\/site\/author\/marcelo\/"}]}},"wps_subtitle":"Inscri\u00e7\u00f5es v\u00e3o at\u00e9 30 de julho. Sal\u00e1rio de R$ 4.867,77 a R$ 8.059,29.","_links":{"self":[{"href":"https:\/\/marcelolopes.jor.br\/site\/wp-json\/wp\/v2\/posts\/59235","targetHints":{"allow":["GET"]}}],"collection":[{"href":"https:\/\/marcelolopes.jor.br\/site\/wp-json\/wp\/v2\/posts"}],"about":[{"href":"https:\/\/marcelolopes.jor.br\/site\/wp-json\/wp\/v2\/types\/post"}],"author":[{"embeddable":true,"href":"https:\/\/marcelolopes.jor.br\/site\/wp-json\/wp\/v2\/users\/2"}],"replies":[{"embeddable":true,"href":"https:\/\/marcelolopes.jor.br\/site\/wp-json\/wp\/v2\/comments?post=59235"}],"version-history":[{"count":0,"href":"https:\/\/marcelolopes.jor.br\/site\/wp-json\/wp\/v2\/posts\/59235\/revisions"}],"wp:featuredmedia":[{"embeddable":true,"href":"https:\/\/marcelolopes.jor.br\/site\/wp-json\/wp\/v2\/media\/59238"}],"wp:attachment":[{"href":"https:\/\/marcelolopes.jor.br\/site\/wp-json\/wp\/v2\/media?parent=59235"}],"wp:term":[{"taxonomy":"category","embeddable":true,"href":"https:\/\/marcelolopes.jor.br\/site\/wp-json\/wp\/v2\/categories?post=59235"},{"taxonomy":"post_tag","embeddable":true,"href":"https:\/\/marcelolopes.jor.br\/site\/wp-json\/wp\/v2\/tags?post=59235"}],"curies":[{"name":"wp","href":"https:\/\/api.w.org\/{rel}","templated":true}]}}