{"id":5902,"date":"2019-09-13T12:35:06","date_gmt":"2019-09-13T15:35:06","guid":{"rendered":"https:\/\/marcelolopes.jor.br\/?p=5902"},"modified":"2019-09-13T12:38:06","modified_gmt":"2019-09-13T15:38:06","slug":"agencia-da-caixa-em-cataguases-vai-funcionar-sabado-para-saques-do-fgts","status":"publish","type":"post","link":"https:\/\/marcelolopes.jor.br\/site\/2019\/09\/13\/agencia-da-caixa-em-cataguases-vai-funcionar-sabado-para-saques-do-fgts\/","title":{"rendered":"Ag\u00eancia da Caixa em Cataguases vai funcionar s\u00e1bado para saques do FGTS"},"content":{"rendered":"<p style=\"text-align: justify;\">A partir desta sexta-feira, 13 de setembro, trabalhadores com conta poupan\u00e7a na Caixa Econ\u00f4mica Federal poder\u00e3o sacar at\u00e9 R$ 500 das contas ativas e inativas do FGTS (Fundo de Garantia do Tempo de Servi\u00e7o). O saldo foi liberado para nascidos entre janeiro e abril. Para pessoas com m\u00eas de anivers\u00e1rio entre maio e agosto, o dinheiro estar\u00e1 dispon\u00edvel a partir do dia 27 de setembro. J\u00e1 entre setembro e dezembro, o saque pode ser feito a partir de 9 de outubro.<!--more--><\/p>\n<p style=\"text-align: justify;\">O gerente da ag\u00eancia Cataguases da Caixa, Bruno Papa Alc\u00e2ntara, informou que nesta sexta-feira, 13, bem como segunda e ter\u00e7a-feira pr\u00f3ximas, aquele Banco estar\u00e1 funcionando das 9h \u00e0s 16 horas, e neste s\u00e1bado, 14, tamb\u00e9m estar\u00e1 com suas portas abertas das 9h \u00e0s 15 horas para atendimento ao p\u00fablico. Ele ressalta que nesta primeira etapa est\u00e3o sendo liberados os recursos somente para quem tem conta poupan\u00e7a na Caixa. A estimativa \u00e9 atender 50.574 trabalhadores da microrregi\u00e3o de Cataguases at\u00e9 o final do programa de libera\u00e7\u00e3o, em mar\u00e7o do ano que vem, informou.<\/p>\n<p style=\"text-align: justify;\">Cada trabalhador tem direito a receber at\u00e9 R$ 500 de suas contas ativas ou inativas do FGTS. Bruno Papa explica que nesta primeira etapa &#8220;vamos atender aos nascidos em janeiro, fevereiro e mar\u00e7o que significam 6.140 trabalhadores. Eles, juntos, v\u00e3o receber um total de R$ 2.495.000,00, montante que vai ajudar a movimentar a economia municipal&#8221;, afirma. At\u00e9 o final do programa de libera\u00e7\u00e3o de recursos do FGTS ser\u00e3o injetados na economia de Cataguases e micorregi\u00e3o (Astolfo Dutra, Dona Eus\u00e9bia, Santana de Cataguases e Itamarati de Minas, que n\u00e3o possuem ag\u00eancia da Caixa), R$ 18.370.000,00 at\u00e9 31 de mar\u00e7o de 2020.<\/p>\n<p style=\"text-align: justify;\"><img loading=\"lazy\" decoding=\"async\" class=\"alignleft wp-image-5905\" src=\"https:\/\/marcelolopes.jor.br\/site\/wp-content\/uploads\/2019\/09\/Bruno-214x300.jpg\" alt=\"\" width=\"143\" height=\"200\" srcset=\"https:\/\/marcelolopes.jor.br\/site\/wp-content\/uploads\/2019\/09\/Bruno-214x300.jpg 214w, https:\/\/marcelolopes.jor.br\/site\/wp-content\/uploads\/2019\/09\/Bruno.jpg 244w\" sizes=\"auto, (max-width: 143px) 100vw, 143px\" \/>Conforme informa Bruno (foto ao lado) a Caixa lan\u00e7ou nova vers\u00e3o do aplicativo FGTS, dispon\u00edvel para download nas lojas App Store e Google Play. Com ele, o trabalhador poder\u00e1 verificar o valor, a data prevista para o saque imediato e os canais de atendimento dispon\u00edveis, dentre outras funcionalidades. Al\u00e9m disso, acrescenta o gerente, aquele banco criou um servi\u00e7o exclusivo no site <a href=\"http:\/\/www.fgts.caixa.gov.br\">fgts.caixa.gov.br<\/a> para facilitar o atendimento ao trabalhador que deseja sacar o FGTS. Na p\u00e1gina, o trabalhador pode visualizar o valor a receber, a data do saque e os canais dispon\u00edveis. &#8220;Temos tamb\u00e9m uma central exclusiva para informa\u00e7\u00f5es sobre o Saque Imediato (0800 724 2019), onde o trabalhador poder\u00e1 consultar eventuais valores e canais de atendimento.<\/p>\n<p style=\"text-align: justify;\">Bruno finaliza revelando que a partir de 18 de outubro os trabalhadores que n\u00e3o tem conta na Caixa v\u00e3o come\u00e7ar a receber os valores a que t\u00eam direito, de acordo com o m\u00eas de nascimento e obedecendo ao seguinte calend\u00e1rio:<\/p>\n<p style=\"text-align: left;\"><strong>Janeiro \u2013 18\/10\/2019<\/strong><br \/>\n<strong>Fevereiro \u2013 25\/10\/2019<\/strong><br \/>\n<strong>Mar\u00e7o \u2013 08\/11\/2019<\/strong><br \/>\n<strong>Abril \u2013 22\/11\/2019<\/strong><br \/>\n<strong>Maio \u2013 06\/12\/2019<\/strong><br \/>\n<strong>Junho \u2013 18\/12\/2019<\/strong><br \/>\n<strong>Julho \u2013 10\/01\/2020<\/strong><br \/>\n<strong>Agosto \u2013 17\/01\/2020<\/strong><br \/>\n<strong>Setembro \u2013 24\/01\/2020<\/strong><br \/>\n<strong>Outubro \u2013 07\/02\/2020<\/strong><br \/>\n<strong>Novembro \u2013 14\/02\/2020<\/strong><br \/>\n<strong>Dezembro \u2013 06\/03\/2020<\/strong><\/p>\n<p><img loading=\"lazy\" decoding=\"async\" class=\"aligncenter wp-image-5907\" src=\"https:\/\/marcelolopes.jor.br\/site\/wp-content\/uploads\/2019\/09\/WhatsApp-Image-2019-09-13-at-10.10.25-300x300.jpeg\" alt=\"\" width=\"500\" height=\"500\" srcset=\"https:\/\/marcelolopes.jor.br\/site\/wp-content\/uploads\/2019\/09\/WhatsApp-Image-2019-09-13-at-10.10.25-300x300.jpeg 300w, https:\/\/marcelolopes.jor.br\/site\/wp-content\/uploads\/2019\/09\/WhatsApp-Image-2019-09-13-at-10.10.25-150x150.jpeg 150w, https:\/\/marcelolopes.jor.br\/site\/wp-content\/uploads\/2019\/09\/WhatsApp-Image-2019-09-13-at-10.10.25-768x768.jpeg 768w, https:\/\/marcelolopes.jor.br\/site\/wp-content\/uploads\/2019\/09\/WhatsApp-Image-2019-09-13-at-10.10.25.jpeg 800w\" sizes=\"auto, (max-width: 500px) 100vw, 500px\" \/><\/p>\n<div class=\"fgfmy69f7477a74501\" ><br><\/div><style type=\"text\/css\">\r\n@media screen and (min-width: 1201px) {\r\n.fgfmy69f7477a74501 {\r\ndisplay: block;\r\n}\r\n}\r\n@media screen and (min-width: 993px) and (max-width: 1200px) {\r\n.fgfmy69f7477a74501 {\r\ndisplay: block;\r\n}\r\n}\r\n@media screen and (min-width: 769px) and (max-width: 992px) {\r\n.fgfmy69f7477a74501 {\r\ndisplay: block;\r\n}\r\n}\r\n@media screen and (min-width: 768px) and (max-width: 768px) {\r\n.fgfmy69f7477a74501 {\r\ndisplay: block;\r\n}\r\n}\r\n@media screen and (max-width: 767px) {\r\n.fgfmy69f7477a74501 {\r\ndisplay: block;\r\n}\r\n}\r\n<\/style>\r\n<div class=\"dvdmb69f7477a7a046\" ><div id=\"div_destino\"><\/div>\r\n<script src=\"https:\/\/cdn.snsrsv.com\/sdk.js\"><\/script>\r\n<script >\r\n      new sdk(\"464030C30061EA8BE065000000000001\") \r\n          .appendTo(\"div_destino\")\r\n          .disableStyle(true) \r\n          .setCacheBusterMacro(\"%%CACHEBUSTER%%\")\r\n          .setSize(\"800\",\"214\")\r\n          .setClickMacro(\"%%CLICK_URL_ESC%%\") \r\n          .setReferrerUrlMacro(\"%%REFERRER_URL_ESC%%\") \r\n          .start(); \r\n<\/script><\/div><style type=\"text\/css\">\r\n@media screen and (min-width: 1201px) {\r\n.dvdmb69f7477a7a046 {\r\ndisplay: block;\r\n}\r\n}\r\n@media screen and (min-width: 993px) and (max-width: 1200px) {\r\n.dvdmb69f7477a7a046 {\r\ndisplay: block;\r\n}\r\n}\r\n@media screen and (min-width: 769px) and (max-width: 992px) {\r\n.dvdmb69f7477a7a046 {\r\ndisplay: block;\r\n}\r\n}\r\n@media screen and (min-width: 768px) and (max-width: 768px) {\r\n.dvdmb69f7477a7a046 {\r\ndisplay: block;\r\n}\r\n}\r\n@media screen and (max-width: 767px) {\r\n.dvdmb69f7477a7a046 {\r\ndisplay: block;\r\n}\r\n}\r\n<\/style>\r\n","protected":false},"excerpt":{"rendered":"<p>A partir desta sexta-feira, 13 de setembro, trabalhadores com conta poupan\u00e7a na Caixa Econ\u00f4mica Federal poder\u00e3o sacar at\u00e9 R$ 500 das contas ativas e inativas do FGTS (Fundo de Garantia do Tempo de Servi\u00e7o). O saldo foi liberado para nascidos<\/p>\n<p class=\"link-more\"><a class=\"more-link\" href=\"https:\/\/marcelolopes.jor.br\/site\/2019\/09\/13\/agencia-da-caixa-em-cataguases-vai-funcionar-sabado-para-saques-do-fgts\/\">Leia mais <span class=\"screen-reader-text\">Ag\u00eancia da Caixa em Cataguases vai funcionar s\u00e1bado para saques do FGTS<\/span><\/a><\/p>\n","protected":false},"author":2,"featured_media":5904,"comment_status":"open","ping_status":"open","sticky":false,"template":"","format":"standard","meta":{"footnotes":""},"categories":[1],"tags":[509,935,602,758],"class_list":["post-5902","post","type-post","status-publish","format-standard","has-post-thumbnail","hentry","category-noticias","tag-caixa","tag-fgts","tag-saque","tag-trabalhador","thumb-below-title"],"yoast_head":"<!-- This site is optimized with the Yoast SEO plugin v27.4 - https:\/\/yoast.com\/product\/yoast-seo-wordpress\/ -->\n<title>Ag\u00eancia da Caixa em Cataguases vai funcionar s\u00e1bado para saques do FGTS | Marcelo Lopes<\/title>\n<meta name=\"robots\" content=\"index, follow, max-snippet:-1, max-image-preview:large, max-video-preview:-1\" \/>\n<link rel=\"canonical\" href=\"https:\/\/marcelolopes.jor.br\/site\/2019\/09\/13\/agencia-da-caixa-em-cataguases-vai-funcionar-sabado-para-saques-do-fgts\/\" \/>\n<meta property=\"og:locale\" content=\"pt_BR\" \/>\n<meta property=\"og:type\" content=\"article\" \/>\n<meta property=\"og:title\" content=\"Ag\u00eancia da Caixa em Cataguases vai funcionar s\u00e1bado para saques do FGTS | Marcelo Lopes\" \/>\n<meta property=\"og:description\" content=\"A partir desta sexta-feira, 13 de setembro, trabalhadores com conta poupan\u00e7a na Caixa Econ\u00f4mica Federal poder\u00e3o sacar at\u00e9 R$ 500 das contas ativas e inativas do FGTS (Fundo de Garantia do Tempo de Servi\u00e7o). O saldo foi liberado para nascidosLeia mais Ag\u00eancia da Caixa em Cataguases vai funcionar s\u00e1bado para saques do FGTS\" \/>\n<meta property=\"og:url\" content=\"https:\/\/marcelolopes.jor.br\/site\/2019\/09\/13\/agencia-da-caixa-em-cataguases-vai-funcionar-sabado-para-saques-do-fgts\/\" \/>\n<meta property=\"og:site_name\" content=\"Marcelo Lopes\" \/>\n<meta property=\"article:publisher\" content=\"https:\/\/www.facebook.com\/sitedomarcelolopes\" \/>\n<meta property=\"article:published_time\" content=\"2019-09-13T15:35:06+00:00\" \/>\n<meta property=\"article:modified_time\" content=\"2019-09-13T15:38:06+00:00\" \/>\n<meta property=\"og:image\" content=\"https:\/\/marcelolopes.jor.br\/site\/wp-content\/uploads\/2019\/09\/20170624162718_338.jpg\" \/>\n\t<meta property=\"og:image:width\" content=\"800\" \/>\n\t<meta property=\"og:image:height\" content=\"600\" \/>\n\t<meta property=\"og:image:type\" content=\"image\/jpeg\" \/>\n<meta name=\"author\" content=\"Marcelo Lopes\" \/>\n<meta name=\"twitter:card\" content=\"summary_large_image\" \/>\n<meta name=\"twitter:label1\" content=\"Escrito por\" \/>\n\t<meta name=\"twitter:data1\" content=\"Marcelo Lopes\" \/>\n\t<meta name=\"twitter:label2\" content=\"Est. tempo de leitura\" \/>\n\t<meta name=\"twitter:data2\" content=\"2 minutos\" \/>\n<script type=\"application\/ld+json\" class=\"yoast-schema-graph\">{\"@context\":\"https:\\\/\\\/schema.org\",\"@graph\":[{\"@type\":\"NewsArticle\",\"@id\":\"https:\\\/\\\/marcelolopes.jor.br\\\/site\\\/2019\\\/09\\\/13\\\/agencia-da-caixa-em-cataguases-vai-funcionar-sabado-para-saques-do-fgts\\\/#article\",\"isPartOf\":{\"@id\":\"https:\\\/\\\/marcelolopes.jor.br\\\/site\\\/2019\\\/09\\\/13\\\/agencia-da-caixa-em-cataguases-vai-funcionar-sabado-para-saques-do-fgts\\\/\"},\"author\":{\"name\":\"Marcelo Lopes\",\"@id\":\"https:\\\/\\\/marcelolopes.jor.br\\\/site\\\/#\\\/schema\\\/person\\\/3e7216a35c34d8fdf952b31da3d1f89f\"},\"headline\":\"Ag\u00eancia da Caixa em Cataguases vai funcionar s\u00e1bado para saques do FGTS\",\"datePublished\":\"2019-09-13T15:35:06+00:00\",\"dateModified\":\"2019-09-13T15:38:06+00:00\",\"mainEntityOfPage\":{\"@id\":\"https:\\\/\\\/marcelolopes.jor.br\\\/site\\\/2019\\\/09\\\/13\\\/agencia-da-caixa-em-cataguases-vai-funcionar-sabado-para-saques-do-fgts\\\/\"},\"wordCount\":483,\"commentCount\":0,\"publisher\":{\"@id\":\"https:\\\/\\\/marcelolopes.jor.br\\\/site\\\/#organization\"},\"image\":{\"@id\":\"https:\\\/\\\/marcelolopes.jor.br\\\/site\\\/2019\\\/09\\\/13\\\/agencia-da-caixa-em-cataguases-vai-funcionar-sabado-para-saques-do-fgts\\\/#primaryimage\"},\"thumbnailUrl\":\"https:\\\/\\\/marcelolopes.jor.br\\\/site\\\/wp-content\\\/uploads\\\/2019\\\/09\\\/20170624162718_338.jpg\",\"keywords\":[\"Caixa\",\"FGTS\",\"saque\",\"trabalhador\"],\"articleSection\":[\"Not\u00edcias\"],\"inLanguage\":\"pt-BR\",\"potentialAction\":[{\"@type\":\"CommentAction\",\"name\":\"Comment\",\"target\":[\"https:\\\/\\\/marcelolopes.jor.br\\\/site\\\/2019\\\/09\\\/13\\\/agencia-da-caixa-em-cataguases-vai-funcionar-sabado-para-saques-do-fgts\\\/#respond\"]}]},{\"@type\":\"WebPage\",\"@id\":\"https:\\\/\\\/marcelolopes.jor.br\\\/site\\\/2019\\\/09\\\/13\\\/agencia-da-caixa-em-cataguases-vai-funcionar-sabado-para-saques-do-fgts\\\/\",\"url\":\"https:\\\/\\\/marcelolopes.jor.br\\\/site\\\/2019\\\/09\\\/13\\\/agencia-da-caixa-em-cataguases-vai-funcionar-sabado-para-saques-do-fgts\\\/\",\"name\":\"Ag\u00eancia da Caixa em Cataguases vai funcionar s\u00e1bado para saques do FGTS | Marcelo Lopes\",\"isPartOf\":{\"@id\":\"https:\\\/\\\/marcelolopes.jor.br\\\/site\\\/#website\"},\"primaryImageOfPage\":{\"@id\":\"https:\\\/\\\/marcelolopes.jor.br\\\/site\\\/2019\\\/09\\\/13\\\/agencia-da-caixa-em-cataguases-vai-funcionar-sabado-para-saques-do-fgts\\\/#primaryimage\"},\"image\":{\"@id\":\"https:\\\/\\\/marcelolopes.jor.br\\\/site\\\/2019\\\/09\\\/13\\\/agencia-da-caixa-em-cataguases-vai-funcionar-sabado-para-saques-do-fgts\\\/#primaryimage\"},\"thumbnailUrl\":\"https:\\\/\\\/marcelolopes.jor.br\\\/site\\\/wp-content\\\/uploads\\\/2019\\\/09\\\/20170624162718_338.jpg\",\"datePublished\":\"2019-09-13T15:35:06+00:00\",\"dateModified\":\"2019-09-13T15:38:06+00:00\",\"breadcrumb\":{\"@id\":\"https:\\\/\\\/marcelolopes.jor.br\\\/site\\\/2019\\\/09\\\/13\\\/agencia-da-caixa-em-cataguases-vai-funcionar-sabado-para-saques-do-fgts\\\/#breadcrumb\"},\"inLanguage\":\"pt-BR\",\"potentialAction\":[{\"@type\":\"ReadAction\",\"target\":[\"https:\\\/\\\/marcelolopes.jor.br\\\/site\\\/2019\\\/09\\\/13\\\/agencia-da-caixa-em-cataguases-vai-funcionar-sabado-para-saques-do-fgts\\\/\"]}]},{\"@type\":\"ImageObject\",\"inLanguage\":\"pt-BR\",\"@id\":\"https:\\\/\\\/marcelolopes.jor.br\\\/site\\\/2019\\\/09\\\/13\\\/agencia-da-caixa-em-cataguases-vai-funcionar-sabado-para-saques-do-fgts\\\/#primaryimage\",\"url\":\"https:\\\/\\\/marcelolopes.jor.br\\\/site\\\/wp-content\\\/uploads\\\/2019\\\/09\\\/20170624162718_338.jpg\",\"contentUrl\":\"https:\\\/\\\/marcelolopes.jor.br\\\/site\\\/wp-content\\\/uploads\\\/2019\\\/09\\\/20170624162718_338.jpg\",\"width\":800,\"height\":600},{\"@type\":\"BreadcrumbList\",\"@id\":\"https:\\\/\\\/marcelolopes.jor.br\\\/site\\\/2019\\\/09\\\/13\\\/agencia-da-caixa-em-cataguases-vai-funcionar-sabado-para-saques-do-fgts\\\/#breadcrumb\",\"itemListElement\":[{\"@type\":\"ListItem\",\"position\":1,\"name\":\"Home\",\"item\":\"https:\\\/\\\/marcelolopes.jor.br\\\/site\\\/\"},{\"@type\":\"ListItem\",\"position\":2,\"name\":\"Ag\u00eancia da Caixa em Cataguases vai funcionar s\u00e1bado para saques do FGTS\"}]},{\"@type\":\"WebSite\",\"@id\":\"https:\\\/\\\/marcelolopes.jor.br\\\/site\\\/#website\",\"url\":\"https:\\\/\\\/marcelolopes.jor.br\\\/site\\\/\",\"name\":\"Marcelo Lopes\",\"description\":\"Not\u00edcias de Cataguases e Regi\u00e3o\",\"publisher\":{\"@id\":\"https:\\\/\\\/marcelolopes.jor.br\\\/site\\\/#organization\"},\"potentialAction\":[{\"@type\":\"SearchAction\",\"target\":{\"@type\":\"EntryPoint\",\"urlTemplate\":\"https:\\\/\\\/marcelolopes.jor.br\\\/site\\\/?s={search_term_string}\"},\"query-input\":{\"@type\":\"PropertyValueSpecification\",\"valueRequired\":true,\"valueName\":\"search_term_string\"}}],\"inLanguage\":\"pt-BR\"},{\"@type\":\"Organization\",\"@id\":\"https:\\\/\\\/marcelolopes.jor.br\\\/site\\\/#organization\",\"name\":\"Site do Marcelo Lopes\",\"url\":\"https:\\\/\\\/marcelolopes.jor.br\\\/site\\\/\",\"logo\":{\"@type\":\"ImageObject\",\"inLanguage\":\"pt-BR\",\"@id\":\"https:\\\/\\\/marcelolopes.jor.br\\\/site\\\/#\\\/schema\\\/logo\\\/image\\\/\",\"url\":\"https:\\\/\\\/marcelolopes.jor.br\\\/site\\\/wp-content\\\/uploads\\\/2024\\\/11\\\/logo-1.png\",\"contentUrl\":\"https:\\\/\\\/marcelolopes.jor.br\\\/site\\\/wp-content\\\/uploads\\\/2024\\\/11\\\/logo-1.png\",\"width\":475,\"height\":80,\"caption\":\"Site do Marcelo Lopes\"},\"image\":{\"@id\":\"https:\\\/\\\/marcelolopes.jor.br\\\/site\\\/#\\\/schema\\\/logo\\\/image\\\/\"},\"sameAs\":[\"https:\\\/\\\/www.facebook.com\\\/sitedomarcelolopes\",\"https:\\\/\\\/www.instagram.com\\\/sitedomarcelolopes\\\/\",\"https:\\\/\\\/www.linkedin.com\\\/company\\\/site-do-marcelo-lopes\\\/\",\"https:\\\/\\\/www.youtube.com\\\/user\\\/marcelolopes957\"]},{\"@type\":\"Person\",\"@id\":\"https:\\\/\\\/marcelolopes.jor.br\\\/site\\\/#\\\/schema\\\/person\\\/3e7216a35c34d8fdf952b31da3d1f89f\",\"name\":\"Marcelo Lopes\",\"sameAs\":[\"http:\\\/\\\/www.marcelolopes.jor.br\"],\"url\":\"https:\\\/\\\/marcelolopes.jor.br\\\/site\\\/author\\\/marcelo\\\/\"}]}<\/script>\n<!-- \/ Yoast SEO plugin. -->","yoast_head_json":{"title":"Ag\u00eancia da Caixa em Cataguases vai funcionar s\u00e1bado para saques do FGTS | Marcelo Lopes","robots":{"index":"index","follow":"follow","max-snippet":"max-snippet:-1","max-image-preview":"max-image-preview:large","max-video-preview":"max-video-preview:-1"},"canonical":"https:\/\/marcelolopes.jor.br\/site\/2019\/09\/13\/agencia-da-caixa-em-cataguases-vai-funcionar-sabado-para-saques-do-fgts\/","og_locale":"pt_BR","og_type":"article","og_title":"Ag\u00eancia da Caixa em Cataguases vai funcionar s\u00e1bado para saques do FGTS | Marcelo Lopes","og_description":"A partir desta sexta-feira, 13 de setembro, trabalhadores com conta poupan\u00e7a na Caixa Econ\u00f4mica Federal poder\u00e3o sacar at\u00e9 R$ 500 das contas ativas e inativas do FGTS (Fundo de Garantia do Tempo de Servi\u00e7o). O saldo foi liberado para nascidosLeia mais Ag\u00eancia da Caixa em Cataguases vai funcionar s\u00e1bado para saques do FGTS","og_url":"https:\/\/marcelolopes.jor.br\/site\/2019\/09\/13\/agencia-da-caixa-em-cataguases-vai-funcionar-sabado-para-saques-do-fgts\/","og_site_name":"Marcelo Lopes","article_publisher":"https:\/\/www.facebook.com\/sitedomarcelolopes","article_published_time":"2019-09-13T15:35:06+00:00","article_modified_time":"2019-09-13T15:38:06+00:00","og_image":[{"width":800,"height":600,"url":"https:\/\/marcelolopes.jor.br\/site\/wp-content\/uploads\/2019\/09\/20170624162718_338.jpg","type":"image\/jpeg"}],"author":"Marcelo Lopes","twitter_card":"summary_large_image","twitter_misc":{"Escrito por":"Marcelo Lopes","Est. tempo de leitura":"2 minutos"},"schema":{"@context":"https:\/\/schema.org","@graph":[{"@type":"NewsArticle","@id":"https:\/\/marcelolopes.jor.br\/site\/2019\/09\/13\/agencia-da-caixa-em-cataguases-vai-funcionar-sabado-para-saques-do-fgts\/#article","isPartOf":{"@id":"https:\/\/marcelolopes.jor.br\/site\/2019\/09\/13\/agencia-da-caixa-em-cataguases-vai-funcionar-sabado-para-saques-do-fgts\/"},"author":{"name":"Marcelo Lopes","@id":"https:\/\/marcelolopes.jor.br\/site\/#\/schema\/person\/3e7216a35c34d8fdf952b31da3d1f89f"},"headline":"Ag\u00eancia da Caixa em Cataguases vai funcionar s\u00e1bado para saques do FGTS","datePublished":"2019-09-13T15:35:06+00:00","dateModified":"2019-09-13T15:38:06+00:00","mainEntityOfPage":{"@id":"https:\/\/marcelolopes.jor.br\/site\/2019\/09\/13\/agencia-da-caixa-em-cataguases-vai-funcionar-sabado-para-saques-do-fgts\/"},"wordCount":483,"commentCount":0,"publisher":{"@id":"https:\/\/marcelolopes.jor.br\/site\/#organization"},"image":{"@id":"https:\/\/marcelolopes.jor.br\/site\/2019\/09\/13\/agencia-da-caixa-em-cataguases-vai-funcionar-sabado-para-saques-do-fgts\/#primaryimage"},"thumbnailUrl":"https:\/\/marcelolopes.jor.br\/site\/wp-content\/uploads\/2019\/09\/20170624162718_338.jpg","keywords":["Caixa","FGTS","saque","trabalhador"],"articleSection":["Not\u00edcias"],"inLanguage":"pt-BR","potentialAction":[{"@type":"CommentAction","name":"Comment","target":["https:\/\/marcelolopes.jor.br\/site\/2019\/09\/13\/agencia-da-caixa-em-cataguases-vai-funcionar-sabado-para-saques-do-fgts\/#respond"]}]},{"@type":"WebPage","@id":"https:\/\/marcelolopes.jor.br\/site\/2019\/09\/13\/agencia-da-caixa-em-cataguases-vai-funcionar-sabado-para-saques-do-fgts\/","url":"https:\/\/marcelolopes.jor.br\/site\/2019\/09\/13\/agencia-da-caixa-em-cataguases-vai-funcionar-sabado-para-saques-do-fgts\/","name":"Ag\u00eancia da Caixa em Cataguases vai funcionar s\u00e1bado para saques do FGTS | Marcelo Lopes","isPartOf":{"@id":"https:\/\/marcelolopes.jor.br\/site\/#website"},"primaryImageOfPage":{"@id":"https:\/\/marcelolopes.jor.br\/site\/2019\/09\/13\/agencia-da-caixa-em-cataguases-vai-funcionar-sabado-para-saques-do-fgts\/#primaryimage"},"image":{"@id":"https:\/\/marcelolopes.jor.br\/site\/2019\/09\/13\/agencia-da-caixa-em-cataguases-vai-funcionar-sabado-para-saques-do-fgts\/#primaryimage"},"thumbnailUrl":"https:\/\/marcelolopes.jor.br\/site\/wp-content\/uploads\/2019\/09\/20170624162718_338.jpg","datePublished":"2019-09-13T15:35:06+00:00","dateModified":"2019-09-13T15:38:06+00:00","breadcrumb":{"@id":"https:\/\/marcelolopes.jor.br\/site\/2019\/09\/13\/agencia-da-caixa-em-cataguases-vai-funcionar-sabado-para-saques-do-fgts\/#breadcrumb"},"inLanguage":"pt-BR","potentialAction":[{"@type":"ReadAction","target":["https:\/\/marcelolopes.jor.br\/site\/2019\/09\/13\/agencia-da-caixa-em-cataguases-vai-funcionar-sabado-para-saques-do-fgts\/"]}]},{"@type":"ImageObject","inLanguage":"pt-BR","@id":"https:\/\/marcelolopes.jor.br\/site\/2019\/09\/13\/agencia-da-caixa-em-cataguases-vai-funcionar-sabado-para-saques-do-fgts\/#primaryimage","url":"https:\/\/marcelolopes.jor.br\/site\/wp-content\/uploads\/2019\/09\/20170624162718_338.jpg","contentUrl":"https:\/\/marcelolopes.jor.br\/site\/wp-content\/uploads\/2019\/09\/20170624162718_338.jpg","width":800,"height":600},{"@type":"BreadcrumbList","@id":"https:\/\/marcelolopes.jor.br\/site\/2019\/09\/13\/agencia-da-caixa-em-cataguases-vai-funcionar-sabado-para-saques-do-fgts\/#breadcrumb","itemListElement":[{"@type":"ListItem","position":1,"name":"Home","item":"https:\/\/marcelolopes.jor.br\/site\/"},{"@type":"ListItem","position":2,"name":"Ag\u00eancia da Caixa em Cataguases vai funcionar s\u00e1bado para saques do FGTS"}]},{"@type":"WebSite","@id":"https:\/\/marcelolopes.jor.br\/site\/#website","url":"https:\/\/marcelolopes.jor.br\/site\/","name":"Marcelo Lopes","description":"Not\u00edcias de Cataguases e Regi\u00e3o","publisher":{"@id":"https:\/\/marcelolopes.jor.br\/site\/#organization"},"potentialAction":[{"@type":"SearchAction","target":{"@type":"EntryPoint","urlTemplate":"https:\/\/marcelolopes.jor.br\/site\/?s={search_term_string}"},"query-input":{"@type":"PropertyValueSpecification","valueRequired":true,"valueName":"search_term_string"}}],"inLanguage":"pt-BR"},{"@type":"Organization","@id":"https:\/\/marcelolopes.jor.br\/site\/#organization","name":"Site do Marcelo Lopes","url":"https:\/\/marcelolopes.jor.br\/site\/","logo":{"@type":"ImageObject","inLanguage":"pt-BR","@id":"https:\/\/marcelolopes.jor.br\/site\/#\/schema\/logo\/image\/","url":"https:\/\/marcelolopes.jor.br\/site\/wp-content\/uploads\/2024\/11\/logo-1.png","contentUrl":"https:\/\/marcelolopes.jor.br\/site\/wp-content\/uploads\/2024\/11\/logo-1.png","width":475,"height":80,"caption":"Site do Marcelo Lopes"},"image":{"@id":"https:\/\/marcelolopes.jor.br\/site\/#\/schema\/logo\/image\/"},"sameAs":["https:\/\/www.facebook.com\/sitedomarcelolopes","https:\/\/www.instagram.com\/sitedomarcelolopes\/","https:\/\/www.linkedin.com\/company\/site-do-marcelo-lopes\/","https:\/\/www.youtube.com\/user\/marcelolopes957"]},{"@type":"Person","@id":"https:\/\/marcelolopes.jor.br\/site\/#\/schema\/person\/3e7216a35c34d8fdf952b31da3d1f89f","name":"Marcelo Lopes","sameAs":["http:\/\/www.marcelolopes.jor.br"],"url":"https:\/\/marcelolopes.jor.br\/site\/author\/marcelo\/"}]}},"wps_subtitle":"De acordo com a Caixa, ser\u00e3o injetados na economia do munic\u00edpio mais de R$ 18 milh\u00f5es.","_links":{"self":[{"href":"https:\/\/marcelolopes.jor.br\/site\/wp-json\/wp\/v2\/posts\/5902","targetHints":{"allow":["GET"]}}],"collection":[{"href":"https:\/\/marcelolopes.jor.br\/site\/wp-json\/wp\/v2\/posts"}],"about":[{"href":"https:\/\/marcelolopes.jor.br\/site\/wp-json\/wp\/v2\/types\/post"}],"author":[{"embeddable":true,"href":"https:\/\/marcelolopes.jor.br\/site\/wp-json\/wp\/v2\/users\/2"}],"replies":[{"embeddable":true,"href":"https:\/\/marcelolopes.jor.br\/site\/wp-json\/wp\/v2\/comments?post=5902"}],"version-history":[{"count":0,"href":"https:\/\/marcelolopes.jor.br\/site\/wp-json\/wp\/v2\/posts\/5902\/revisions"}],"wp:featuredmedia":[{"embeddable":true,"href":"https:\/\/marcelolopes.jor.br\/site\/wp-json\/wp\/v2\/media\/5904"}],"wp:attachment":[{"href":"https:\/\/marcelolopes.jor.br\/site\/wp-json\/wp\/v2\/media?parent=5902"}],"wp:term":[{"taxonomy":"category","embeddable":true,"href":"https:\/\/marcelolopes.jor.br\/site\/wp-json\/wp\/v2\/categories?post=5902"},{"taxonomy":"post_tag","embeddable":true,"href":"https:\/\/marcelolopes.jor.br\/site\/wp-json\/wp\/v2\/tags?post=5902"}],"curies":[{"name":"wp","href":"https:\/\/api.w.org\/{rel}","templated":true}]}}