{"id":58432,"date":"2025-06-08T19:00:37","date_gmt":"2025-06-08T22:00:37","guid":{"rendered":"https:\/\/marcelolopes.jor.br\/?p=58432"},"modified":"2025-06-08T17:53:24","modified_gmt":"2025-06-08T20:53:24","slug":"samba-de-qualidade-e-sabores-marcam-o-conversa-de-botequim","status":"publish","type":"post","link":"https:\/\/marcelolopes.jor.br\/site\/2025\/06\/08\/samba-de-qualidade-e-sabores-marcam-o-conversa-de-botequim\/","title":{"rendered":"Samba de qualidade e sabores marcam o Conversa de Botequim"},"content":{"rendered":"<p>Chega ao fim na noite deste domingo, 8 de junho, a terceira edi\u00e7\u00e3o do Festival Conversa de Botequim, evento que movimentou Cataguases com muita m\u00fasica, gastronomia e cultura popular. A Pra\u00e7a Ch\u00e1cara Dona Catarina foi o ponto de encontro para os amantes do samba e da boa comida, reunindo p\u00fablico expressivo durante os dois dias de festa.<!--more--><\/p>\n<h4 class=\"p1\"><span class=\"s1\">\ud83d\udcf8\u00a0<span style=\"color: #008000;\">Siga o Site do Marcelo Lopes no<\/span>\u00a0<span style=\"color: #800000;\"><a style=\"color: #800000;\" href=\"https:\/\/www.facebook.com\/sitedomarcelolopes\/\"><strong>Facebook<\/strong><\/a><\/span>\u00a0<span style=\"color: #008000;\">e no<\/span>\u00a0<span style=\"color: #800000;\"><strong><a style=\"color: #800000;\" href=\"https:\/\/www.instagram.com\/sitedomarcelolopes\/\">Instagram<\/a><\/strong><\/span><\/span><\/h4>\n<h4 class=\"p1\">\ud83d\udcf1<span style=\"color: #008000;\">Participe do grupo de<\/span>\u00a0<span style=\"color: #800000;\"><a style=\"color: #800000;\" href=\"https:\/\/chat.whatsapp.com\/BibzcI1ibYSKytbdyzubLA\"><strong>WhatsApp<\/strong><\/a><\/span> <span style=\"color: #008000;\">do Site do Marcelo Lopes<\/span><\/h4>\n<p>&nbsp;<\/p>\n<p>A programa\u00e7\u00e3o come\u00e7ou no s\u00e1bado, 7, e trouxe atra\u00e7\u00f5es que valorizam tanto talentos locais quanto nomes consagrados do cen\u00e1rio nacional. No s\u00e1bado, passaram pelo palco o Grupo Sambarilove, Bethoven e Banda, os cariocas do N\u00f3 na Madeira e o t\u00e3o aguardado Casuarina, principal atra\u00e7\u00e3o do evento. Com um show vibrante, o grupo do Rio de Janeiro fez o p\u00fablico cantar junto com um repert\u00f3rio que mesclou m\u00fasicas autorais e cl\u00e1ssicos do samba, garantindo o ponto alto da noite. O encerramento ficou por conta do Grupo N.T.I., de Juiz de Fora. Neste domingo (8), o festival continuou com apresenta\u00e7\u00f5es do grupo cataguasense Baluartes do Samba, Jana\u00edna Gentil, Grupo Bombocado e Grupo Alquimia, tamb\u00e9m de Juiz de Fora.<\/p>\n<p>Al\u00e9m da m\u00fasica, o Conversa de Botequim conquistou o p\u00fablico pelos sabores. Ao todo, 11 bares e restaurantes participaram com pratos que tinham como base ingredientes tradicionais da culin\u00e1ria mineira, com pre\u00e7o m\u00e1ximo de R$ 50. Os nomes dos pratos, criativos e cheios de identidade, chamaram a aten\u00e7\u00e3o: &#8220;Arreda que l\u00e1 vem o Trem&#8221;, &#8220;Bolinho Uai&#8221;, &#8220;L\u00edngua de Sogra&#8221;, &#8220;Trupiquei no Queijo&#8221;, &#8220;Mineirice Suprema&#8221;, \u201cPastel de Costela\u201d, \u201cFood Uai\u201d, \u201cRomeu e Julieta\u201d, \u201cO Mi\u00f3 do Japa\u201d, \u201cP\u00e3o d\u2019alho com churrasco\u201d e \u201cPastelzin Uai\u201d. Agora a noite ser\u00e1 realizada a cerim\u00f4nia de premia\u00e7\u00e3o do prato vencedor no gosto popular. A expectativa \u00e9 saber se haver\u00e1 um tricampe\u00e3o ou um novo vencedor. Com tantas iguarias deliciosas, a disputa promete ser acirrada.<\/p>\n<blockquote><p>O evento \u00e9 uma realiza\u00e7\u00e3o da Prefeitura de Cataguases, por meio da Secretaria Municipal de Cultura e Turismo, e j\u00e1 se firma como um dos grandes atrativos culturais da cidade. \u201cEstamos muito felizes com a ades\u00e3o do p\u00fablico e o fortalecimento da cena cultural local\u201d, afirmou a secret\u00e1ria Ros\u00e2ngela Moreira Lima. Para o prefeito Jos\u00e9 Henriques, o festival \u00e9 uma pe\u00e7a importante na estrat\u00e9gia de promo\u00e7\u00e3o do turismo: \u201c\u00c9 uma festa que atrai visitantes, movimenta a economia e fortalece nossa identidade cultural. Aqui samba e gastronomia mineira formam uma combina\u00e7\u00e3o imbat\u00edvel\u201d, disse.<\/p><\/blockquote>\n<p><img loading=\"lazy\" decoding=\"async\" class=\"aligncenter wp-image-58436\" src=\"https:\/\/marcelolopes.jor.br\/site\/wp-content\/uploads\/2025\/06\/IMG_1028-Grande-300x169.jpeg\" alt=\"Samba de qualidade e\" width=\"700\" height=\"394\" srcset=\"https:\/\/marcelolopes.jor.br\/site\/wp-content\/uploads\/2025\/06\/IMG_1028-Grande-300x169.jpeg 300w, https:\/\/marcelolopes.jor.br\/site\/wp-content\/uploads\/2025\/06\/IMG_1028-Grande-1024x576.jpeg 1024w, https:\/\/marcelolopes.jor.br\/site\/wp-content\/uploads\/2025\/06\/IMG_1028-Grande-768x432.jpeg 768w, https:\/\/marcelolopes.jor.br\/site\/wp-content\/uploads\/2025\/06\/IMG_1028-Grande-1200x675.jpeg 1200w, https:\/\/marcelolopes.jor.br\/site\/wp-content\/uploads\/2025\/06\/IMG_1028-Grande.jpeg 1280w\" sizes=\"auto, (max-width: 700px) 100vw, 700px\" \/> <img loading=\"lazy\" decoding=\"async\" class=\"aligncenter wp-image-58437\" src=\"https:\/\/marcelolopes.jor.br\/site\/wp-content\/uploads\/2025\/06\/IMG_1032-Grande-300x169.jpeg\" alt=\"Samba de qualidade e\" width=\"700\" height=\"394\" srcset=\"https:\/\/marcelolopes.jor.br\/site\/wp-content\/uploads\/2025\/06\/IMG_1032-Grande-300x169.jpeg 300w, https:\/\/marcelolopes.jor.br\/site\/wp-content\/uploads\/2025\/06\/IMG_1032-Grande-1024x576.jpeg 1024w, https:\/\/marcelolopes.jor.br\/site\/wp-content\/uploads\/2025\/06\/IMG_1032-Grande-768x432.jpeg 768w, https:\/\/marcelolopes.jor.br\/site\/wp-content\/uploads\/2025\/06\/IMG_1032-Grande-1200x675.jpeg 1200w, https:\/\/marcelolopes.jor.br\/site\/wp-content\/uploads\/2025\/06\/IMG_1032-Grande.jpeg 1280w\" sizes=\"auto, (max-width: 700px) 100vw, 700px\" \/> <img loading=\"lazy\" decoding=\"async\" class=\"aligncenter wp-image-58438\" src=\"https:\/\/marcelolopes.jor.br\/site\/wp-content\/uploads\/2025\/06\/IMG_1043-Grande-300x169.jpeg\" alt=\"Samba de qualidade e\" width=\"700\" height=\"394\" srcset=\"https:\/\/marcelolopes.jor.br\/site\/wp-content\/uploads\/2025\/06\/IMG_1043-Grande-300x169.jpeg 300w, https:\/\/marcelolopes.jor.br\/site\/wp-content\/uploads\/2025\/06\/IMG_1043-Grande-1024x576.jpeg 1024w, https:\/\/marcelolopes.jor.br\/site\/wp-content\/uploads\/2025\/06\/IMG_1043-Grande-768x432.jpeg 768w, https:\/\/marcelolopes.jor.br\/site\/wp-content\/uploads\/2025\/06\/IMG_1043-Grande-1200x675.jpeg 1200w, https:\/\/marcelolopes.jor.br\/site\/wp-content\/uploads\/2025\/06\/IMG_1043-Grande.jpeg 1280w\" sizes=\"auto, (max-width: 700px) 100vw, 700px\" \/><\/p>\n<p><img loading=\"lazy\" decoding=\"async\" class=\"aligncenter wp-image-58435\" src=\"https:\/\/marcelolopes.jor.br\/site\/wp-content\/uploads\/2025\/06\/conversa-300x206.png\" alt=\"\" width=\"700\" height=\"481\" srcset=\"https:\/\/marcelolopes.jor.br\/site\/wp-content\/uploads\/2025\/06\/conversa-300x206.png 300w, https:\/\/marcelolopes.jor.br\/site\/wp-content\/uploads\/2025\/06\/conversa-768x528.png 768w, https:\/\/marcelolopes.jor.br\/site\/wp-content\/uploads\/2025\/06\/conversa.png 800w\" sizes=\"auto, (max-width: 700px) 100vw, 700px\" \/> <img loading=\"lazy\" decoding=\"async\" class=\"aligncenter wp-image-58434\" src=\"https:\/\/marcelolopes.jor.br\/site\/wp-content\/uploads\/2025\/06\/Botequim-300x173.png\" alt=\"\" width=\"700\" height=\"403\" srcset=\"https:\/\/marcelolopes.jor.br\/site\/wp-content\/uploads\/2025\/06\/Botequim-300x173.png 300w, https:\/\/marcelolopes.jor.br\/site\/wp-content\/uploads\/2025\/06\/Botequim-768x443.png 768w, https:\/\/marcelolopes.jor.br\/site\/wp-content\/uploads\/2025\/06\/Botequim.png 800w\" sizes=\"auto, (max-width: 700px) 100vw, 700px\" \/><\/p>\n<p><strong>OUTRAS NOT\u00cdCIAS<\/strong><br \/>\n<a href=\"https:\/\/marcelolopes.jor.br\/2025\/05\/17\/pratos-do-conversa-de-botequim-ja-podem-ser-consumidos\/\"><strong><span style=\"color: #800000;\">Pratos do Conversa de Botequim j\u00e1 podem ser consumidos<\/span><\/strong><\/a><\/p>\n<p><a href=\"https:\/\/marcelolopes.jor.br\/2025\/06\/05\/comeca-neste-sabado-a-terceira-edicao-do-conversa-de-botequim\/\"><strong><span style=\"color: #800000;\">Come\u00e7a neste s\u00e1bado a terceira edi\u00e7\u00e3o do Conversa de Botequim<\/span><\/strong><\/a><\/p>\n<p>Fotos exclusivas: Marcelo Lopes<\/p>\n<div class=\"rjzne69f764c4beee2\" ><br><\/div><style type=\"text\/css\">\r\n@media screen and (min-width: 1201px) {\r\n.rjzne69f764c4beee2 {\r\ndisplay: block;\r\n}\r\n}\r\n@media screen and (min-width: 993px) and (max-width: 1200px) {\r\n.rjzne69f764c4beee2 {\r\ndisplay: block;\r\n}\r\n}\r\n@media screen and (min-width: 769px) and (max-width: 992px) {\r\n.rjzne69f764c4beee2 {\r\ndisplay: block;\r\n}\r\n}\r\n@media screen and (min-width: 768px) and (max-width: 768px) {\r\n.rjzne69f764c4beee2 {\r\ndisplay: block;\r\n}\r\n}\r\n@media screen and (max-width: 767px) {\r\n.rjzne69f764c4beee2 {\r\ndisplay: block;\r\n}\r\n}\r\n<\/style>\r\n<div class=\"wgvmu69f764c4c5576\" ><div id=\"div_destino\"><\/div>\r\n<script src=\"https:\/\/cdn.snsrsv.com\/sdk.js\"><\/script>\r\n<script >\r\n      new sdk(\"464030C30061EA8BE065000000000001\") \r\n          .appendTo(\"div_destino\")\r\n          .disableStyle(true) \r\n          .setCacheBusterMacro(\"%%CACHEBUSTER%%\")\r\n          .setSize(\"800\",\"214\")\r\n          .setClickMacro(\"%%CLICK_URL_ESC%%\") \r\n          .setReferrerUrlMacro(\"%%REFERRER_URL_ESC%%\") \r\n          .start(); \r\n<\/script><\/div><style type=\"text\/css\">\r\n@media screen and (min-width: 1201px) {\r\n.wgvmu69f764c4c5576 {\r\ndisplay: block;\r\n}\r\n}\r\n@media screen and (min-width: 993px) and (max-width: 1200px) {\r\n.wgvmu69f764c4c5576 {\r\ndisplay: block;\r\n}\r\n}\r\n@media screen and (min-width: 769px) and (max-width: 992px) {\r\n.wgvmu69f764c4c5576 {\r\ndisplay: block;\r\n}\r\n}\r\n@media screen and (min-width: 768px) and (max-width: 768px) {\r\n.wgvmu69f764c4c5576 {\r\ndisplay: block;\r\n}\r\n}\r\n@media screen and (max-width: 767px) {\r\n.wgvmu69f764c4c5576 {\r\ndisplay: block;\r\n}\r\n}\r\n<\/style>\r\n","protected":false},"excerpt":{"rendered":"<p>Chega ao fim na noite deste domingo, 8 de junho, a terceira edi\u00e7\u00e3o do Festival Conversa de Botequim, evento que movimentou Cataguases com muita m\u00fasica, gastronomia e cultura popular. A Pra\u00e7a Ch\u00e1cara Dona Catarina foi o ponto de encontro para<\/p>\n<p class=\"link-more\"><a class=\"more-link\" href=\"https:\/\/marcelolopes.jor.br\/site\/2025\/06\/08\/samba-de-qualidade-e-sabores-marcam-o-conversa-de-botequim\/\">Leia mais <span class=\"screen-reader-text\">Samba de qualidade e sabores marcam o Conversa de Botequim<\/span><\/a><\/p>\n","protected":false},"author":2,"featured_media":58439,"comment_status":"open","ping_status":"closed","sticky":false,"template":"","format":"standard","meta":{"footnotes":""},"categories":[1],"tags":[],"class_list":["post-58432","post","type-post","status-publish","format-standard","has-post-thumbnail","hentry","category-noticias","thumb-below-title"],"yoast_head":"<!-- This site is optimized with the Yoast SEO plugin v27.4 - https:\/\/yoast.com\/product\/yoast-seo-wordpress\/ -->\n<title>Samba de qualidade e sabores marcam o Conversa de Botequim | Marcelo Lopes<\/title>\n<meta name=\"description\" content=\"Samba de qualidade e sabores marcam o Conversa de Botequim. Evento levou multid\u00e3o \u00e0 Ch\u00e1cara Dona Catarina neste s\u00e1bado.\" \/>\n<meta name=\"robots\" content=\"index, follow, max-snippet:-1, max-image-preview:large, max-video-preview:-1\" \/>\n<link rel=\"canonical\" href=\"https:\/\/marcelolopes.jor.br\/site\/2025\/06\/08\/samba-de-qualidade-e-sabores-marcam-o-conversa-de-botequim\/\" \/>\n<meta property=\"og:locale\" content=\"pt_BR\" \/>\n<meta property=\"og:type\" content=\"article\" \/>\n<meta property=\"og:title\" content=\"Samba de qualidade e sabores marcam o Conversa de Botequim | Marcelo Lopes\" \/>\n<meta property=\"og:description\" content=\"Samba de qualidade e sabores marcam o Conversa de Botequim. Evento levou multid\u00e3o \u00e0 Ch\u00e1cara Dona Catarina neste s\u00e1bado.\" \/>\n<meta property=\"og:url\" content=\"https:\/\/marcelolopes.jor.br\/site\/2025\/06\/08\/samba-de-qualidade-e-sabores-marcam-o-conversa-de-botequim\/\" \/>\n<meta property=\"og:site_name\" content=\"Marcelo Lopes\" \/>\n<meta property=\"article:publisher\" content=\"https:\/\/www.facebook.com\/sitedomarcelolopes\" \/>\n<meta property=\"article:published_time\" content=\"2025-06-08T22:00:37+00:00\" \/>\n<meta property=\"og:image\" content=\"https:\/\/marcelolopes.jor.br\/site\/wp-content\/uploads\/2025\/06\/IMG_1045-Grande.jpeg\" \/>\n\t<meta property=\"og:image:width\" content=\"1280\" \/>\n\t<meta property=\"og:image:height\" content=\"720\" \/>\n\t<meta property=\"og:image:type\" content=\"image\/jpeg\" \/>\n<meta name=\"author\" content=\"Marcelo Lopes\" \/>\n<meta name=\"twitter:card\" content=\"summary_large_image\" \/>\n<meta name=\"twitter:label1\" content=\"Escrito por\" \/>\n\t<meta name=\"twitter:data1\" content=\"Marcelo Lopes\" \/>\n\t<meta name=\"twitter:label2\" content=\"Est. tempo de leitura\" \/>\n\t<meta name=\"twitter:data2\" content=\"2 minutos\" \/>\n<script type=\"application\/ld+json\" class=\"yoast-schema-graph\">{\"@context\":\"https:\\\/\\\/schema.org\",\"@graph\":[{\"@type\":\"NewsArticle\",\"@id\":\"https:\\\/\\\/marcelolopes.jor.br\\\/site\\\/2025\\\/06\\\/08\\\/samba-de-qualidade-e-sabores-marcam-o-conversa-de-botequim\\\/#article\",\"isPartOf\":{\"@id\":\"https:\\\/\\\/marcelolopes.jor.br\\\/site\\\/2025\\\/06\\\/08\\\/samba-de-qualidade-e-sabores-marcam-o-conversa-de-botequim\\\/\"},\"author\":{\"name\":\"Marcelo Lopes\",\"@id\":\"https:\\\/\\\/marcelolopes.jor.br\\\/site\\\/#\\\/schema\\\/person\\\/3e7216a35c34d8fdf952b31da3d1f89f\"},\"headline\":\"Samba de qualidade e sabores marcam o Conversa de Botequim\",\"datePublished\":\"2025-06-08T22:00:37+00:00\",\"mainEntityOfPage\":{\"@id\":\"https:\\\/\\\/marcelolopes.jor.br\\\/site\\\/2025\\\/06\\\/08\\\/samba-de-qualidade-e-sabores-marcam-o-conversa-de-botequim\\\/\"},\"wordCount\":481,\"commentCount\":0,\"publisher\":{\"@id\":\"https:\\\/\\\/marcelolopes.jor.br\\\/site\\\/#organization\"},\"image\":{\"@id\":\"https:\\\/\\\/marcelolopes.jor.br\\\/site\\\/2025\\\/06\\\/08\\\/samba-de-qualidade-e-sabores-marcam-o-conversa-de-botequim\\\/#primaryimage\"},\"thumbnailUrl\":\"https:\\\/\\\/marcelolopes.jor.br\\\/site\\\/wp-content\\\/uploads\\\/2025\\\/06\\\/IMG_1045-Grande.jpeg\",\"articleSection\":[\"Not\u00edcias\"],\"inLanguage\":\"pt-BR\",\"potentialAction\":[{\"@type\":\"CommentAction\",\"name\":\"Comment\",\"target\":[\"https:\\\/\\\/marcelolopes.jor.br\\\/site\\\/2025\\\/06\\\/08\\\/samba-de-qualidade-e-sabores-marcam-o-conversa-de-botequim\\\/#respond\"]}]},{\"@type\":\"WebPage\",\"@id\":\"https:\\\/\\\/marcelolopes.jor.br\\\/site\\\/2025\\\/06\\\/08\\\/samba-de-qualidade-e-sabores-marcam-o-conversa-de-botequim\\\/\",\"url\":\"https:\\\/\\\/marcelolopes.jor.br\\\/site\\\/2025\\\/06\\\/08\\\/samba-de-qualidade-e-sabores-marcam-o-conversa-de-botequim\\\/\",\"name\":\"Samba de qualidade e sabores marcam o Conversa de Botequim | Marcelo Lopes\",\"isPartOf\":{\"@id\":\"https:\\\/\\\/marcelolopes.jor.br\\\/site\\\/#website\"},\"primaryImageOfPage\":{\"@id\":\"https:\\\/\\\/marcelolopes.jor.br\\\/site\\\/2025\\\/06\\\/08\\\/samba-de-qualidade-e-sabores-marcam-o-conversa-de-botequim\\\/#primaryimage\"},\"image\":{\"@id\":\"https:\\\/\\\/marcelolopes.jor.br\\\/site\\\/2025\\\/06\\\/08\\\/samba-de-qualidade-e-sabores-marcam-o-conversa-de-botequim\\\/#primaryimage\"},\"thumbnailUrl\":\"https:\\\/\\\/marcelolopes.jor.br\\\/site\\\/wp-content\\\/uploads\\\/2025\\\/06\\\/IMG_1045-Grande.jpeg\",\"datePublished\":\"2025-06-08T22:00:37+00:00\",\"description\":\"Samba de qualidade e sabores marcam o Conversa de Botequim. Evento levou multid\u00e3o \u00e0 Ch\u00e1cara Dona Catarina neste s\u00e1bado.\",\"breadcrumb\":{\"@id\":\"https:\\\/\\\/marcelolopes.jor.br\\\/site\\\/2025\\\/06\\\/08\\\/samba-de-qualidade-e-sabores-marcam-o-conversa-de-botequim\\\/#breadcrumb\"},\"inLanguage\":\"pt-BR\",\"potentialAction\":[{\"@type\":\"ReadAction\",\"target\":[\"https:\\\/\\\/marcelolopes.jor.br\\\/site\\\/2025\\\/06\\\/08\\\/samba-de-qualidade-e-sabores-marcam-o-conversa-de-botequim\\\/\"]}]},{\"@type\":\"ImageObject\",\"inLanguage\":\"pt-BR\",\"@id\":\"https:\\\/\\\/marcelolopes.jor.br\\\/site\\\/2025\\\/06\\\/08\\\/samba-de-qualidade-e-sabores-marcam-o-conversa-de-botequim\\\/#primaryimage\",\"url\":\"https:\\\/\\\/marcelolopes.jor.br\\\/site\\\/wp-content\\\/uploads\\\/2025\\\/06\\\/IMG_1045-Grande.jpeg\",\"contentUrl\":\"https:\\\/\\\/marcelolopes.jor.br\\\/site\\\/wp-content\\\/uploads\\\/2025\\\/06\\\/IMG_1045-Grande.jpeg\",\"width\":1280,\"height\":720,\"caption\":\"Samba de qualidade e\"},{\"@type\":\"BreadcrumbList\",\"@id\":\"https:\\\/\\\/marcelolopes.jor.br\\\/site\\\/2025\\\/06\\\/08\\\/samba-de-qualidade-e-sabores-marcam-o-conversa-de-botequim\\\/#breadcrumb\",\"itemListElement\":[{\"@type\":\"ListItem\",\"position\":1,\"name\":\"Home\",\"item\":\"https:\\\/\\\/marcelolopes.jor.br\\\/site\\\/\"},{\"@type\":\"ListItem\",\"position\":2,\"name\":\"Samba de qualidade e sabores marcam o Conversa de Botequim\"}]},{\"@type\":\"WebSite\",\"@id\":\"https:\\\/\\\/marcelolopes.jor.br\\\/site\\\/#website\",\"url\":\"https:\\\/\\\/marcelolopes.jor.br\\\/site\\\/\",\"name\":\"Marcelo Lopes\",\"description\":\"Not\u00edcias de Cataguases e Regi\u00e3o\",\"publisher\":{\"@id\":\"https:\\\/\\\/marcelolopes.jor.br\\\/site\\\/#organization\"},\"potentialAction\":[{\"@type\":\"SearchAction\",\"target\":{\"@type\":\"EntryPoint\",\"urlTemplate\":\"https:\\\/\\\/marcelolopes.jor.br\\\/site\\\/?s={search_term_string}\"},\"query-input\":{\"@type\":\"PropertyValueSpecification\",\"valueRequired\":true,\"valueName\":\"search_term_string\"}}],\"inLanguage\":\"pt-BR\"},{\"@type\":\"Organization\",\"@id\":\"https:\\\/\\\/marcelolopes.jor.br\\\/site\\\/#organization\",\"name\":\"Site do Marcelo Lopes\",\"url\":\"https:\\\/\\\/marcelolopes.jor.br\\\/site\\\/\",\"logo\":{\"@type\":\"ImageObject\",\"inLanguage\":\"pt-BR\",\"@id\":\"https:\\\/\\\/marcelolopes.jor.br\\\/site\\\/#\\\/schema\\\/logo\\\/image\\\/\",\"url\":\"https:\\\/\\\/marcelolopes.jor.br\\\/site\\\/wp-content\\\/uploads\\\/2024\\\/11\\\/logo-1.png\",\"contentUrl\":\"https:\\\/\\\/marcelolopes.jor.br\\\/site\\\/wp-content\\\/uploads\\\/2024\\\/11\\\/logo-1.png\",\"width\":475,\"height\":80,\"caption\":\"Site do Marcelo Lopes\"},\"image\":{\"@id\":\"https:\\\/\\\/marcelolopes.jor.br\\\/site\\\/#\\\/schema\\\/logo\\\/image\\\/\"},\"sameAs\":[\"https:\\\/\\\/www.facebook.com\\\/sitedomarcelolopes\",\"https:\\\/\\\/www.instagram.com\\\/sitedomarcelolopes\\\/\",\"https:\\\/\\\/www.linkedin.com\\\/company\\\/site-do-marcelo-lopes\\\/\",\"https:\\\/\\\/www.youtube.com\\\/user\\\/marcelolopes957\"]},{\"@type\":\"Person\",\"@id\":\"https:\\\/\\\/marcelolopes.jor.br\\\/site\\\/#\\\/schema\\\/person\\\/3e7216a35c34d8fdf952b31da3d1f89f\",\"name\":\"Marcelo Lopes\",\"sameAs\":[\"http:\\\/\\\/www.marcelolopes.jor.br\"],\"url\":\"https:\\\/\\\/marcelolopes.jor.br\\\/site\\\/author\\\/marcelo\\\/\"}]}<\/script>\n<!-- \/ Yoast SEO plugin. -->","yoast_head_json":{"title":"Samba de qualidade e sabores marcam o Conversa de Botequim | Marcelo Lopes","description":"Samba de qualidade e sabores marcam o Conversa de Botequim. Evento levou multid\u00e3o \u00e0 Ch\u00e1cara Dona Catarina neste s\u00e1bado.","robots":{"index":"index","follow":"follow","max-snippet":"max-snippet:-1","max-image-preview":"max-image-preview:large","max-video-preview":"max-video-preview:-1"},"canonical":"https:\/\/marcelolopes.jor.br\/site\/2025\/06\/08\/samba-de-qualidade-e-sabores-marcam-o-conversa-de-botequim\/","og_locale":"pt_BR","og_type":"article","og_title":"Samba de qualidade e sabores marcam o Conversa de Botequim | Marcelo Lopes","og_description":"Samba de qualidade e sabores marcam o Conversa de Botequim. Evento levou multid\u00e3o \u00e0 Ch\u00e1cara Dona Catarina neste s\u00e1bado.","og_url":"https:\/\/marcelolopes.jor.br\/site\/2025\/06\/08\/samba-de-qualidade-e-sabores-marcam-o-conversa-de-botequim\/","og_site_name":"Marcelo Lopes","article_publisher":"https:\/\/www.facebook.com\/sitedomarcelolopes","article_published_time":"2025-06-08T22:00:37+00:00","og_image":[{"width":1280,"height":720,"url":"https:\/\/marcelolopes.jor.br\/site\/wp-content\/uploads\/2025\/06\/IMG_1045-Grande.jpeg","type":"image\/jpeg"}],"author":"Marcelo Lopes","twitter_card":"summary_large_image","twitter_misc":{"Escrito por":"Marcelo Lopes","Est. tempo de leitura":"2 minutos"},"schema":{"@context":"https:\/\/schema.org","@graph":[{"@type":"NewsArticle","@id":"https:\/\/marcelolopes.jor.br\/site\/2025\/06\/08\/samba-de-qualidade-e-sabores-marcam-o-conversa-de-botequim\/#article","isPartOf":{"@id":"https:\/\/marcelolopes.jor.br\/site\/2025\/06\/08\/samba-de-qualidade-e-sabores-marcam-o-conversa-de-botequim\/"},"author":{"name":"Marcelo Lopes","@id":"https:\/\/marcelolopes.jor.br\/site\/#\/schema\/person\/3e7216a35c34d8fdf952b31da3d1f89f"},"headline":"Samba de qualidade e sabores marcam o Conversa de Botequim","datePublished":"2025-06-08T22:00:37+00:00","mainEntityOfPage":{"@id":"https:\/\/marcelolopes.jor.br\/site\/2025\/06\/08\/samba-de-qualidade-e-sabores-marcam-o-conversa-de-botequim\/"},"wordCount":481,"commentCount":0,"publisher":{"@id":"https:\/\/marcelolopes.jor.br\/site\/#organization"},"image":{"@id":"https:\/\/marcelolopes.jor.br\/site\/2025\/06\/08\/samba-de-qualidade-e-sabores-marcam-o-conversa-de-botequim\/#primaryimage"},"thumbnailUrl":"https:\/\/marcelolopes.jor.br\/site\/wp-content\/uploads\/2025\/06\/IMG_1045-Grande.jpeg","articleSection":["Not\u00edcias"],"inLanguage":"pt-BR","potentialAction":[{"@type":"CommentAction","name":"Comment","target":["https:\/\/marcelolopes.jor.br\/site\/2025\/06\/08\/samba-de-qualidade-e-sabores-marcam-o-conversa-de-botequim\/#respond"]}]},{"@type":"WebPage","@id":"https:\/\/marcelolopes.jor.br\/site\/2025\/06\/08\/samba-de-qualidade-e-sabores-marcam-o-conversa-de-botequim\/","url":"https:\/\/marcelolopes.jor.br\/site\/2025\/06\/08\/samba-de-qualidade-e-sabores-marcam-o-conversa-de-botequim\/","name":"Samba de qualidade e sabores marcam o Conversa de Botequim | Marcelo Lopes","isPartOf":{"@id":"https:\/\/marcelolopes.jor.br\/site\/#website"},"primaryImageOfPage":{"@id":"https:\/\/marcelolopes.jor.br\/site\/2025\/06\/08\/samba-de-qualidade-e-sabores-marcam-o-conversa-de-botequim\/#primaryimage"},"image":{"@id":"https:\/\/marcelolopes.jor.br\/site\/2025\/06\/08\/samba-de-qualidade-e-sabores-marcam-o-conversa-de-botequim\/#primaryimage"},"thumbnailUrl":"https:\/\/marcelolopes.jor.br\/site\/wp-content\/uploads\/2025\/06\/IMG_1045-Grande.jpeg","datePublished":"2025-06-08T22:00:37+00:00","description":"Samba de qualidade e sabores marcam o Conversa de Botequim. Evento levou multid\u00e3o \u00e0 Ch\u00e1cara Dona Catarina neste s\u00e1bado.","breadcrumb":{"@id":"https:\/\/marcelolopes.jor.br\/site\/2025\/06\/08\/samba-de-qualidade-e-sabores-marcam-o-conversa-de-botequim\/#breadcrumb"},"inLanguage":"pt-BR","potentialAction":[{"@type":"ReadAction","target":["https:\/\/marcelolopes.jor.br\/site\/2025\/06\/08\/samba-de-qualidade-e-sabores-marcam-o-conversa-de-botequim\/"]}]},{"@type":"ImageObject","inLanguage":"pt-BR","@id":"https:\/\/marcelolopes.jor.br\/site\/2025\/06\/08\/samba-de-qualidade-e-sabores-marcam-o-conversa-de-botequim\/#primaryimage","url":"https:\/\/marcelolopes.jor.br\/site\/wp-content\/uploads\/2025\/06\/IMG_1045-Grande.jpeg","contentUrl":"https:\/\/marcelolopes.jor.br\/site\/wp-content\/uploads\/2025\/06\/IMG_1045-Grande.jpeg","width":1280,"height":720,"caption":"Samba de qualidade e"},{"@type":"BreadcrumbList","@id":"https:\/\/marcelolopes.jor.br\/site\/2025\/06\/08\/samba-de-qualidade-e-sabores-marcam-o-conversa-de-botequim\/#breadcrumb","itemListElement":[{"@type":"ListItem","position":1,"name":"Home","item":"https:\/\/marcelolopes.jor.br\/site\/"},{"@type":"ListItem","position":2,"name":"Samba de qualidade e sabores marcam o Conversa de Botequim"}]},{"@type":"WebSite","@id":"https:\/\/marcelolopes.jor.br\/site\/#website","url":"https:\/\/marcelolopes.jor.br\/site\/","name":"Marcelo Lopes","description":"Not\u00edcias de Cataguases e Regi\u00e3o","publisher":{"@id":"https:\/\/marcelolopes.jor.br\/site\/#organization"},"potentialAction":[{"@type":"SearchAction","target":{"@type":"EntryPoint","urlTemplate":"https:\/\/marcelolopes.jor.br\/site\/?s={search_term_string}"},"query-input":{"@type":"PropertyValueSpecification","valueRequired":true,"valueName":"search_term_string"}}],"inLanguage":"pt-BR"},{"@type":"Organization","@id":"https:\/\/marcelolopes.jor.br\/site\/#organization","name":"Site do Marcelo Lopes","url":"https:\/\/marcelolopes.jor.br\/site\/","logo":{"@type":"ImageObject","inLanguage":"pt-BR","@id":"https:\/\/marcelolopes.jor.br\/site\/#\/schema\/logo\/image\/","url":"https:\/\/marcelolopes.jor.br\/site\/wp-content\/uploads\/2024\/11\/logo-1.png","contentUrl":"https:\/\/marcelolopes.jor.br\/site\/wp-content\/uploads\/2024\/11\/logo-1.png","width":475,"height":80,"caption":"Site do Marcelo Lopes"},"image":{"@id":"https:\/\/marcelolopes.jor.br\/site\/#\/schema\/logo\/image\/"},"sameAs":["https:\/\/www.facebook.com\/sitedomarcelolopes","https:\/\/www.instagram.com\/sitedomarcelolopes\/","https:\/\/www.linkedin.com\/company\/site-do-marcelo-lopes\/","https:\/\/www.youtube.com\/user\/marcelolopes957"]},{"@type":"Person","@id":"https:\/\/marcelolopes.jor.br\/site\/#\/schema\/person\/3e7216a35c34d8fdf952b31da3d1f89f","name":"Marcelo Lopes","sameAs":["http:\/\/www.marcelolopes.jor.br"],"url":"https:\/\/marcelolopes.jor.br\/site\/author\/marcelo\/"}]}},"wps_subtitle":"Evento levou multid\u00e3o \u00e0 Ch\u00e1cara Dona Catarina neste s\u00e1bado.","_links":{"self":[{"href":"https:\/\/marcelolopes.jor.br\/site\/wp-json\/wp\/v2\/posts\/58432","targetHints":{"allow":["GET"]}}],"collection":[{"href":"https:\/\/marcelolopes.jor.br\/site\/wp-json\/wp\/v2\/posts"}],"about":[{"href":"https:\/\/marcelolopes.jor.br\/site\/wp-json\/wp\/v2\/types\/post"}],"author":[{"embeddable":true,"href":"https:\/\/marcelolopes.jor.br\/site\/wp-json\/wp\/v2\/users\/2"}],"replies":[{"embeddable":true,"href":"https:\/\/marcelolopes.jor.br\/site\/wp-json\/wp\/v2\/comments?post=58432"}],"version-history":[{"count":0,"href":"https:\/\/marcelolopes.jor.br\/site\/wp-json\/wp\/v2\/posts\/58432\/revisions"}],"wp:featuredmedia":[{"embeddable":true,"href":"https:\/\/marcelolopes.jor.br\/site\/wp-json\/wp\/v2\/media\/58439"}],"wp:attachment":[{"href":"https:\/\/marcelolopes.jor.br\/site\/wp-json\/wp\/v2\/media?parent=58432"}],"wp:term":[{"taxonomy":"category","embeddable":true,"href":"https:\/\/marcelolopes.jor.br\/site\/wp-json\/wp\/v2\/categories?post=58432"},{"taxonomy":"post_tag","embeddable":true,"href":"https:\/\/marcelolopes.jor.br\/site\/wp-json\/wp\/v2\/tags?post=58432"}],"curies":[{"name":"wp","href":"https:\/\/api.w.org\/{rel}","templated":true}]}}