{"id":58415,"date":"2025-06-08T07:00:55","date_gmt":"2025-06-08T10:00:55","guid":{"rendered":"https:\/\/marcelolopes.jor.br\/?p=58415"},"modified":"2025-06-07T16:39:00","modified_gmt":"2025-06-07T19:39:00","slug":"governo-de-minas-vai-distribuir-microchips-para-caes-e-gatos","status":"publish","type":"post","link":"https:\/\/marcelolopes.jor.br\/site\/2025\/06\/08\/governo-de-minas-vai-distribuir-microchips-para-caes-e-gatos\/","title":{"rendered":"Governo de Minas vai distribuir microchips para c\u00e3es e gatos"},"content":{"rendered":"<p>A Secretaria de Estado de Meio Ambiente e Desenvolvimento Sustent\u00e1vel (Semad) publicou o Edital n\u00ba 01\/2025, voltado exclusivamente para cons\u00f3rcios p\u00fablicos intermunicipais de Minas Gerais que queiram aderir ao Programa Estadual de Identifica\u00e7\u00e3o de Animais Dom\u00e9sticos <strong><em>\u201cConhe\u00e7a Seu Amigo\u201d<\/em><\/strong>. A iniciativa tem como objetivo fortalecer as pol\u00edticas p\u00fablicas de prote\u00e7\u00e3o e bem-estar de c\u00e3es e gatos, com foco na identifica\u00e7\u00e3o permanente de animais por meio da microchipagem.<!--more--><\/p>\n<h4 class=\"p1\"><span class=\"s1\">\ud83d\udcf8\u00a0<span style=\"color: #008000;\">Siga o Site do Marcelo Lopes no<\/span>\u00a0<span style=\"color: #800000;\"><a style=\"color: #800000;\" href=\"https:\/\/www.facebook.com\/sitedomarcelolopes\/\"><strong>Facebook<\/strong><\/a><\/span>\u00a0<span style=\"color: #008000;\">e no<\/span>\u00a0<span style=\"color: #800000;\"><strong><a style=\"color: #800000;\" href=\"https:\/\/www.instagram.com\/sitedomarcelolopes\/\">Instagram<\/a><\/strong><\/span><\/span><\/h4>\n<h4 class=\"p1\">\ud83d\udcf1<span style=\"color: #008000;\">Participe do grupo de<\/span>\u00a0<span style=\"color: #800000;\"><a style=\"color: #800000;\" href=\"https:\/\/chat.whatsapp.com\/BibzcI1ibYSKytbdyzubLA\"><strong>WhatsApp<\/strong><\/a><\/span> <span style=\"color: #008000;\">do Site do Marcelo Lopes<\/span><\/h4>\n<p>&nbsp;<\/p>\n<p>Os cons\u00f3rcios selecionados receber\u00e3o at\u00e9 8 mil microchips e dois leitores eletr\u00f4nicos para utiliza\u00e7\u00e3o nos munic\u00edpios consorciados. A microchipagem dever\u00e1 estar associada \u00e0 castra\u00e7\u00e3o dos animais e ao registro dos dados no Sistema Estadual de Identifica\u00e7\u00e3o de Animais Dom\u00e9sticos.<\/p>\n<h3>Quem pode participar<\/h3>\n<p>O chamamento \u00e9 destinado a cons\u00f3rcios p\u00fablicos formalmente constitu\u00eddos que j\u00e1 desenvolvam a\u00e7\u00f5es de controle populacional de animais, como campanhas de castra\u00e7\u00e3o. As inscri\u00e7\u00f5es devem ser realizadas entre 18\/6 e 11\/7, com envio das propostas e documenta\u00e7\u00e3o em formato PDF para o e-mail: fauna.domestica@meioambiente.mg.gov.br.<\/p>\n<p>Antes da abertura oficial das inscri\u00e7\u00f5es, a Semad promover\u00e1 uma reuni\u00e3o p\u00fablica virtual no dia 17\/6, \u00e0s 10h, para esclarecer d\u00favidas sobre o edital.<\/p>\n<h3>Responsabilidades e crit\u00e9rios<\/h3>\n<p>Al\u00e9m da microchipagem, como contrapartida, os cons\u00f3rcios contemplados dever\u00e3o realizar a castra\u00e7\u00e3o dos animais, organizar pelo menos um evento anual de ado\u00e7\u00e3o de animais e, com o apoio da Semad, organizar um semin\u00e1rio sobre pol\u00edticas p\u00fablicas de bem-estar animal em suas regi\u00f5es.<\/p>\n<p>A sele\u00e7\u00e3o ser\u00e1 baseada em crit\u00e9rios t\u00e9cnicos e classificat\u00f3rios, com prioridade para propostas que apresentem maior abrang\u00eancia territorial e n\u00famero de animais atendidos; experi\u00eancia pr\u00e9via em a\u00e7\u00f5es de castra\u00e7\u00e3o; atua\u00e7\u00e3o em sa\u00fade b\u00e1sica animal (como vacina\u00e7\u00e3o e atendimento cl\u00ednico); Ades\u00e3o ao Programa Prodevida, do Minist\u00e9rio P\u00fablico de Minas Gerais.<\/p>\n<p>Propostas mais estruturadas e com impacto regional ampliado ter\u00e3o vantagem na classifica\u00e7\u00e3o final, informa a Semad.<\/p>\n<p><strong>OUTRAS NOT\u00cdCIAS<\/strong><br \/>\n<a href=\"https:\/\/marcelolopes.jor.br\/2025\/04\/07\/vereadora-giovana-costa-anuncia-castracao-gratuita-de-caes-e-gatos\"><strong><span style=\"color: #800000;\">Vereadora Giovana Costa anuncia castra\u00e7\u00e3o gratuita de c\u00e3es e gatos\/<\/span><\/strong><\/a><\/p>\n<p><a href=\"https:\/\/marcelolopes.jor.br\/2025\/04\/13\/manter-animal-acorrentado-esta-proibido-em-minas-gerais\/\"><strong><span style=\"color: #800000;\">Manter animal acorrentado est\u00e1 proibido em Minas Gerais<\/span><\/strong><\/a><\/p>\n<p>Fonte: Ag\u00eancia Minas | Foto: Pexels<\/p>\n<div class=\"qlpsu69f736b0168f7\" ><br><\/div><style type=\"text\/css\">\r\n@media screen and (min-width: 1201px) {\r\n.qlpsu69f736b0168f7 {\r\ndisplay: block;\r\n}\r\n}\r\n@media screen and (min-width: 993px) and (max-width: 1200px) {\r\n.qlpsu69f736b0168f7 {\r\ndisplay: block;\r\n}\r\n}\r\n@media screen and (min-width: 769px) and (max-width: 992px) {\r\n.qlpsu69f736b0168f7 {\r\ndisplay: block;\r\n}\r\n}\r\n@media screen and (min-width: 768px) and (max-width: 768px) {\r\n.qlpsu69f736b0168f7 {\r\ndisplay: block;\r\n}\r\n}\r\n@media screen and (max-width: 767px) {\r\n.qlpsu69f736b0168f7 {\r\ndisplay: block;\r\n}\r\n}\r\n<\/style>\r\n<div class=\"alysz69f736b01c910\" ><div id=\"div_destino\"><\/div>\r\n<script src=\"https:\/\/cdn.snsrsv.com\/sdk.js\"><\/script>\r\n<script >\r\n      new sdk(\"464030C30061EA8BE065000000000001\") \r\n          .appendTo(\"div_destino\")\r\n          .disableStyle(true) \r\n          .setCacheBusterMacro(\"%%CACHEBUSTER%%\")\r\n          .setSize(\"800\",\"214\")\r\n          .setClickMacro(\"%%CLICK_URL_ESC%%\") \r\n          .setReferrerUrlMacro(\"%%REFERRER_URL_ESC%%\") \r\n          .start(); \r\n<\/script><\/div><style type=\"text\/css\">\r\n@media screen and (min-width: 1201px) {\r\n.alysz69f736b01c910 {\r\ndisplay: block;\r\n}\r\n}\r\n@media screen and (min-width: 993px) and (max-width: 1200px) {\r\n.alysz69f736b01c910 {\r\ndisplay: block;\r\n}\r\n}\r\n@media screen and (min-width: 769px) and (max-width: 992px) {\r\n.alysz69f736b01c910 {\r\ndisplay: block;\r\n}\r\n}\r\n@media screen and (min-width: 768px) and (max-width: 768px) {\r\n.alysz69f736b01c910 {\r\ndisplay: block;\r\n}\r\n}\r\n@media screen and (max-width: 767px) {\r\n.alysz69f736b01c910 {\r\ndisplay: block;\r\n}\r\n}\r\n<\/style>\r\n","protected":false},"excerpt":{"rendered":"<p>A Secretaria de Estado de Meio Ambiente e Desenvolvimento Sustent\u00e1vel (Semad) publicou o Edital n\u00ba 01\/2025, voltado exclusivamente para cons\u00f3rcios p\u00fablicos intermunicipais de Minas Gerais que queiram aderir ao Programa Estadual de Identifica\u00e7\u00e3o de Animais Dom\u00e9sticos \u201cConhe\u00e7a Seu Amigo\u201d. A<\/p>\n<p class=\"link-more\"><a class=\"more-link\" href=\"https:\/\/marcelolopes.jor.br\/site\/2025\/06\/08\/governo-de-minas-vai-distribuir-microchips-para-caes-e-gatos\/\">Leia mais <span class=\"screen-reader-text\">Governo de Minas vai distribuir microchips para c\u00e3es e gatos<\/span><\/a><\/p>\n","protected":false},"author":2,"featured_media":58416,"comment_status":"open","ping_status":"closed","sticky":false,"template":"","format":"standard","meta":{"footnotes":""},"categories":[1],"tags":[],"class_list":["post-58415","post","type-post","status-publish","format-standard","has-post-thumbnail","hentry","category-noticias","thumb-below-title"],"yoast_head":"<!-- This site is optimized with the Yoast SEO plugin v27.4 - https:\/\/yoast.com\/product\/yoast-seo-wordpress\/ -->\n<title>Governo de Minas vai distribuir microchips para c\u00e3es e gatos | Marcelo Lopes<\/title>\n<meta name=\"description\" content=\"Governo de Minas vai distribuir microchips para c\u00e3es e gatos. Iniciativa da Semad visa ampliar a\u00e7\u00f5es de prote\u00e7\u00e3o e bem-estar animal.\" \/>\n<meta name=\"robots\" content=\"index, follow, max-snippet:-1, max-image-preview:large, max-video-preview:-1\" \/>\n<link rel=\"canonical\" href=\"https:\/\/marcelolopes.jor.br\/site\/2025\/06\/08\/governo-de-minas-vai-distribuir-microchips-para-caes-e-gatos\/\" \/>\n<meta property=\"og:locale\" content=\"pt_BR\" \/>\n<meta property=\"og:type\" content=\"article\" \/>\n<meta property=\"og:title\" content=\"Governo de Minas vai distribuir microchips para c\u00e3es e gatos | Marcelo Lopes\" \/>\n<meta property=\"og:description\" content=\"Governo de Minas vai distribuir microchips para c\u00e3es e gatos. Iniciativa da Semad visa ampliar a\u00e7\u00f5es de prote\u00e7\u00e3o e bem-estar animal.\" \/>\n<meta property=\"og:url\" content=\"https:\/\/marcelolopes.jor.br\/site\/2025\/06\/08\/governo-de-minas-vai-distribuir-microchips-para-caes-e-gatos\/\" \/>\n<meta property=\"og:site_name\" content=\"Marcelo Lopes\" \/>\n<meta property=\"article:publisher\" content=\"https:\/\/www.facebook.com\/sitedomarcelolopes\" \/>\n<meta property=\"article:published_time\" content=\"2025-06-08T10:00:55+00:00\" \/>\n<meta property=\"og:image\" content=\"https:\/\/marcelolopes.jor.br\/site\/wp-content\/uploads\/2025\/06\/caes-e-gatos.jpg\" \/>\n\t<meta property=\"og:image:width\" content=\"800\" \/>\n\t<meta property=\"og:image:height\" content=\"550\" \/>\n\t<meta property=\"og:image:type\" content=\"image\/jpeg\" \/>\n<meta name=\"author\" content=\"Marcelo Lopes\" \/>\n<meta name=\"twitter:card\" content=\"summary_large_image\" \/>\n<meta name=\"twitter:label1\" content=\"Escrito por\" \/>\n\t<meta name=\"twitter:data1\" content=\"Marcelo Lopes\" \/>\n\t<meta name=\"twitter:label2\" content=\"Est. tempo de leitura\" \/>\n\t<meta name=\"twitter:data2\" content=\"2 minutos\" \/>\n<script type=\"application\/ld+json\" class=\"yoast-schema-graph\">{\"@context\":\"https:\\\/\\\/schema.org\",\"@graph\":[{\"@type\":\"NewsArticle\",\"@id\":\"https:\\\/\\\/marcelolopes.jor.br\\\/site\\\/2025\\\/06\\\/08\\\/governo-de-minas-vai-distribuir-microchips-para-caes-e-gatos\\\/#article\",\"isPartOf\":{\"@id\":\"https:\\\/\\\/marcelolopes.jor.br\\\/site\\\/2025\\\/06\\\/08\\\/governo-de-minas-vai-distribuir-microchips-para-caes-e-gatos\\\/\"},\"author\":{\"name\":\"Marcelo Lopes\",\"@id\":\"https:\\\/\\\/marcelolopes.jor.br\\\/site\\\/#\\\/schema\\\/person\\\/3e7216a35c34d8fdf952b31da3d1f89f\"},\"headline\":\"Governo de Minas vai distribuir microchips para c\u00e3es e gatos\",\"datePublished\":\"2025-06-08T10:00:55+00:00\",\"mainEntityOfPage\":{\"@id\":\"https:\\\/\\\/marcelolopes.jor.br\\\/site\\\/2025\\\/06\\\/08\\\/governo-de-minas-vai-distribuir-microchips-para-caes-e-gatos\\\/\"},\"wordCount\":407,\"commentCount\":0,\"publisher\":{\"@id\":\"https:\\\/\\\/marcelolopes.jor.br\\\/site\\\/#organization\"},\"image\":{\"@id\":\"https:\\\/\\\/marcelolopes.jor.br\\\/site\\\/2025\\\/06\\\/08\\\/governo-de-minas-vai-distribuir-microchips-para-caes-e-gatos\\\/#primaryimage\"},\"thumbnailUrl\":\"https:\\\/\\\/marcelolopes.jor.br\\\/site\\\/wp-content\\\/uploads\\\/2025\\\/06\\\/caes-e-gatos.jpg\",\"articleSection\":[\"Not\u00edcias\"],\"inLanguage\":\"pt-BR\",\"potentialAction\":[{\"@type\":\"CommentAction\",\"name\":\"Comment\",\"target\":[\"https:\\\/\\\/marcelolopes.jor.br\\\/site\\\/2025\\\/06\\\/08\\\/governo-de-minas-vai-distribuir-microchips-para-caes-e-gatos\\\/#respond\"]}]},{\"@type\":\"WebPage\",\"@id\":\"https:\\\/\\\/marcelolopes.jor.br\\\/site\\\/2025\\\/06\\\/08\\\/governo-de-minas-vai-distribuir-microchips-para-caes-e-gatos\\\/\",\"url\":\"https:\\\/\\\/marcelolopes.jor.br\\\/site\\\/2025\\\/06\\\/08\\\/governo-de-minas-vai-distribuir-microchips-para-caes-e-gatos\\\/\",\"name\":\"Governo de Minas vai distribuir microchips para c\u00e3es e gatos | Marcelo Lopes\",\"isPartOf\":{\"@id\":\"https:\\\/\\\/marcelolopes.jor.br\\\/site\\\/#website\"},\"primaryImageOfPage\":{\"@id\":\"https:\\\/\\\/marcelolopes.jor.br\\\/site\\\/2025\\\/06\\\/08\\\/governo-de-minas-vai-distribuir-microchips-para-caes-e-gatos\\\/#primaryimage\"},\"image\":{\"@id\":\"https:\\\/\\\/marcelolopes.jor.br\\\/site\\\/2025\\\/06\\\/08\\\/governo-de-minas-vai-distribuir-microchips-para-caes-e-gatos\\\/#primaryimage\"},\"thumbnailUrl\":\"https:\\\/\\\/marcelolopes.jor.br\\\/site\\\/wp-content\\\/uploads\\\/2025\\\/06\\\/caes-e-gatos.jpg\",\"datePublished\":\"2025-06-08T10:00:55+00:00\",\"description\":\"Governo de Minas vai distribuir microchips para c\u00e3es e gatos. Iniciativa da Semad visa ampliar a\u00e7\u00f5es de prote\u00e7\u00e3o e bem-estar animal.\",\"breadcrumb\":{\"@id\":\"https:\\\/\\\/marcelolopes.jor.br\\\/site\\\/2025\\\/06\\\/08\\\/governo-de-minas-vai-distribuir-microchips-para-caes-e-gatos\\\/#breadcrumb\"},\"inLanguage\":\"pt-BR\",\"potentialAction\":[{\"@type\":\"ReadAction\",\"target\":[\"https:\\\/\\\/marcelolopes.jor.br\\\/site\\\/2025\\\/06\\\/08\\\/governo-de-minas-vai-distribuir-microchips-para-caes-e-gatos\\\/\"]}]},{\"@type\":\"ImageObject\",\"inLanguage\":\"pt-BR\",\"@id\":\"https:\\\/\\\/marcelolopes.jor.br\\\/site\\\/2025\\\/06\\\/08\\\/governo-de-minas-vai-distribuir-microchips-para-caes-e-gatos\\\/#primaryimage\",\"url\":\"https:\\\/\\\/marcelolopes.jor.br\\\/site\\\/wp-content\\\/uploads\\\/2025\\\/06\\\/caes-e-gatos.jpg\",\"contentUrl\":\"https:\\\/\\\/marcelolopes.jor.br\\\/site\\\/wp-content\\\/uploads\\\/2025\\\/06\\\/caes-e-gatos.jpg\",\"width\":800,\"height\":550,\"caption\":\"Governo de Minas vai\"},{\"@type\":\"BreadcrumbList\",\"@id\":\"https:\\\/\\\/marcelolopes.jor.br\\\/site\\\/2025\\\/06\\\/08\\\/governo-de-minas-vai-distribuir-microchips-para-caes-e-gatos\\\/#breadcrumb\",\"itemListElement\":[{\"@type\":\"ListItem\",\"position\":1,\"name\":\"Home\",\"item\":\"https:\\\/\\\/marcelolopes.jor.br\\\/site\\\/\"},{\"@type\":\"ListItem\",\"position\":2,\"name\":\"Governo de Minas vai distribuir microchips para c\u00e3es e gatos\"}]},{\"@type\":\"WebSite\",\"@id\":\"https:\\\/\\\/marcelolopes.jor.br\\\/site\\\/#website\",\"url\":\"https:\\\/\\\/marcelolopes.jor.br\\\/site\\\/\",\"name\":\"Marcelo Lopes\",\"description\":\"Not\u00edcias de Cataguases e Regi\u00e3o\",\"publisher\":{\"@id\":\"https:\\\/\\\/marcelolopes.jor.br\\\/site\\\/#organization\"},\"potentialAction\":[{\"@type\":\"SearchAction\",\"target\":{\"@type\":\"EntryPoint\",\"urlTemplate\":\"https:\\\/\\\/marcelolopes.jor.br\\\/site\\\/?s={search_term_string}\"},\"query-input\":{\"@type\":\"PropertyValueSpecification\",\"valueRequired\":true,\"valueName\":\"search_term_string\"}}],\"inLanguage\":\"pt-BR\"},{\"@type\":\"Organization\",\"@id\":\"https:\\\/\\\/marcelolopes.jor.br\\\/site\\\/#organization\",\"name\":\"Site do Marcelo Lopes\",\"url\":\"https:\\\/\\\/marcelolopes.jor.br\\\/site\\\/\",\"logo\":{\"@type\":\"ImageObject\",\"inLanguage\":\"pt-BR\",\"@id\":\"https:\\\/\\\/marcelolopes.jor.br\\\/site\\\/#\\\/schema\\\/logo\\\/image\\\/\",\"url\":\"https:\\\/\\\/marcelolopes.jor.br\\\/site\\\/wp-content\\\/uploads\\\/2024\\\/11\\\/logo-1.png\",\"contentUrl\":\"https:\\\/\\\/marcelolopes.jor.br\\\/site\\\/wp-content\\\/uploads\\\/2024\\\/11\\\/logo-1.png\",\"width\":475,\"height\":80,\"caption\":\"Site do Marcelo Lopes\"},\"image\":{\"@id\":\"https:\\\/\\\/marcelolopes.jor.br\\\/site\\\/#\\\/schema\\\/logo\\\/image\\\/\"},\"sameAs\":[\"https:\\\/\\\/www.facebook.com\\\/sitedomarcelolopes\",\"https:\\\/\\\/www.instagram.com\\\/sitedomarcelolopes\\\/\",\"https:\\\/\\\/www.linkedin.com\\\/company\\\/site-do-marcelo-lopes\\\/\",\"https:\\\/\\\/www.youtube.com\\\/user\\\/marcelolopes957\"]},{\"@type\":\"Person\",\"@id\":\"https:\\\/\\\/marcelolopes.jor.br\\\/site\\\/#\\\/schema\\\/person\\\/3e7216a35c34d8fdf952b31da3d1f89f\",\"name\":\"Marcelo Lopes\",\"sameAs\":[\"http:\\\/\\\/www.marcelolopes.jor.br\"],\"url\":\"https:\\\/\\\/marcelolopes.jor.br\\\/site\\\/author\\\/marcelo\\\/\"}]}<\/script>\n<!-- \/ Yoast SEO plugin. -->","yoast_head_json":{"title":"Governo de Minas vai distribuir microchips para c\u00e3es e gatos | Marcelo Lopes","description":"Governo de Minas vai distribuir microchips para c\u00e3es e gatos. Iniciativa da Semad visa ampliar a\u00e7\u00f5es de prote\u00e7\u00e3o e bem-estar animal.","robots":{"index":"index","follow":"follow","max-snippet":"max-snippet:-1","max-image-preview":"max-image-preview:large","max-video-preview":"max-video-preview:-1"},"canonical":"https:\/\/marcelolopes.jor.br\/site\/2025\/06\/08\/governo-de-minas-vai-distribuir-microchips-para-caes-e-gatos\/","og_locale":"pt_BR","og_type":"article","og_title":"Governo de Minas vai distribuir microchips para c\u00e3es e gatos | Marcelo Lopes","og_description":"Governo de Minas vai distribuir microchips para c\u00e3es e gatos. Iniciativa da Semad visa ampliar a\u00e7\u00f5es de prote\u00e7\u00e3o e bem-estar animal.","og_url":"https:\/\/marcelolopes.jor.br\/site\/2025\/06\/08\/governo-de-minas-vai-distribuir-microchips-para-caes-e-gatos\/","og_site_name":"Marcelo Lopes","article_publisher":"https:\/\/www.facebook.com\/sitedomarcelolopes","article_published_time":"2025-06-08T10:00:55+00:00","og_image":[{"width":800,"height":550,"url":"https:\/\/marcelolopes.jor.br\/site\/wp-content\/uploads\/2025\/06\/caes-e-gatos.jpg","type":"image\/jpeg"}],"author":"Marcelo Lopes","twitter_card":"summary_large_image","twitter_misc":{"Escrito por":"Marcelo Lopes","Est. tempo de leitura":"2 minutos"},"schema":{"@context":"https:\/\/schema.org","@graph":[{"@type":"NewsArticle","@id":"https:\/\/marcelolopes.jor.br\/site\/2025\/06\/08\/governo-de-minas-vai-distribuir-microchips-para-caes-e-gatos\/#article","isPartOf":{"@id":"https:\/\/marcelolopes.jor.br\/site\/2025\/06\/08\/governo-de-minas-vai-distribuir-microchips-para-caes-e-gatos\/"},"author":{"name":"Marcelo Lopes","@id":"https:\/\/marcelolopes.jor.br\/site\/#\/schema\/person\/3e7216a35c34d8fdf952b31da3d1f89f"},"headline":"Governo de Minas vai distribuir microchips para c\u00e3es e gatos","datePublished":"2025-06-08T10:00:55+00:00","mainEntityOfPage":{"@id":"https:\/\/marcelolopes.jor.br\/site\/2025\/06\/08\/governo-de-minas-vai-distribuir-microchips-para-caes-e-gatos\/"},"wordCount":407,"commentCount":0,"publisher":{"@id":"https:\/\/marcelolopes.jor.br\/site\/#organization"},"image":{"@id":"https:\/\/marcelolopes.jor.br\/site\/2025\/06\/08\/governo-de-minas-vai-distribuir-microchips-para-caes-e-gatos\/#primaryimage"},"thumbnailUrl":"https:\/\/marcelolopes.jor.br\/site\/wp-content\/uploads\/2025\/06\/caes-e-gatos.jpg","articleSection":["Not\u00edcias"],"inLanguage":"pt-BR","potentialAction":[{"@type":"CommentAction","name":"Comment","target":["https:\/\/marcelolopes.jor.br\/site\/2025\/06\/08\/governo-de-minas-vai-distribuir-microchips-para-caes-e-gatos\/#respond"]}]},{"@type":"WebPage","@id":"https:\/\/marcelolopes.jor.br\/site\/2025\/06\/08\/governo-de-minas-vai-distribuir-microchips-para-caes-e-gatos\/","url":"https:\/\/marcelolopes.jor.br\/site\/2025\/06\/08\/governo-de-minas-vai-distribuir-microchips-para-caes-e-gatos\/","name":"Governo de Minas vai distribuir microchips para c\u00e3es e gatos | Marcelo Lopes","isPartOf":{"@id":"https:\/\/marcelolopes.jor.br\/site\/#website"},"primaryImageOfPage":{"@id":"https:\/\/marcelolopes.jor.br\/site\/2025\/06\/08\/governo-de-minas-vai-distribuir-microchips-para-caes-e-gatos\/#primaryimage"},"image":{"@id":"https:\/\/marcelolopes.jor.br\/site\/2025\/06\/08\/governo-de-minas-vai-distribuir-microchips-para-caes-e-gatos\/#primaryimage"},"thumbnailUrl":"https:\/\/marcelolopes.jor.br\/site\/wp-content\/uploads\/2025\/06\/caes-e-gatos.jpg","datePublished":"2025-06-08T10:00:55+00:00","description":"Governo de Minas vai distribuir microchips para c\u00e3es e gatos. Iniciativa da Semad visa ampliar a\u00e7\u00f5es de prote\u00e7\u00e3o e bem-estar animal.","breadcrumb":{"@id":"https:\/\/marcelolopes.jor.br\/site\/2025\/06\/08\/governo-de-minas-vai-distribuir-microchips-para-caes-e-gatos\/#breadcrumb"},"inLanguage":"pt-BR","potentialAction":[{"@type":"ReadAction","target":["https:\/\/marcelolopes.jor.br\/site\/2025\/06\/08\/governo-de-minas-vai-distribuir-microchips-para-caes-e-gatos\/"]}]},{"@type":"ImageObject","inLanguage":"pt-BR","@id":"https:\/\/marcelolopes.jor.br\/site\/2025\/06\/08\/governo-de-minas-vai-distribuir-microchips-para-caes-e-gatos\/#primaryimage","url":"https:\/\/marcelolopes.jor.br\/site\/wp-content\/uploads\/2025\/06\/caes-e-gatos.jpg","contentUrl":"https:\/\/marcelolopes.jor.br\/site\/wp-content\/uploads\/2025\/06\/caes-e-gatos.jpg","width":800,"height":550,"caption":"Governo de Minas vai"},{"@type":"BreadcrumbList","@id":"https:\/\/marcelolopes.jor.br\/site\/2025\/06\/08\/governo-de-minas-vai-distribuir-microchips-para-caes-e-gatos\/#breadcrumb","itemListElement":[{"@type":"ListItem","position":1,"name":"Home","item":"https:\/\/marcelolopes.jor.br\/site\/"},{"@type":"ListItem","position":2,"name":"Governo de Minas vai distribuir microchips para c\u00e3es e gatos"}]},{"@type":"WebSite","@id":"https:\/\/marcelolopes.jor.br\/site\/#website","url":"https:\/\/marcelolopes.jor.br\/site\/","name":"Marcelo Lopes","description":"Not\u00edcias de Cataguases e Regi\u00e3o","publisher":{"@id":"https:\/\/marcelolopes.jor.br\/site\/#organization"},"potentialAction":[{"@type":"SearchAction","target":{"@type":"EntryPoint","urlTemplate":"https:\/\/marcelolopes.jor.br\/site\/?s={search_term_string}"},"query-input":{"@type":"PropertyValueSpecification","valueRequired":true,"valueName":"search_term_string"}}],"inLanguage":"pt-BR"},{"@type":"Organization","@id":"https:\/\/marcelolopes.jor.br\/site\/#organization","name":"Site do Marcelo Lopes","url":"https:\/\/marcelolopes.jor.br\/site\/","logo":{"@type":"ImageObject","inLanguage":"pt-BR","@id":"https:\/\/marcelolopes.jor.br\/site\/#\/schema\/logo\/image\/","url":"https:\/\/marcelolopes.jor.br\/site\/wp-content\/uploads\/2024\/11\/logo-1.png","contentUrl":"https:\/\/marcelolopes.jor.br\/site\/wp-content\/uploads\/2024\/11\/logo-1.png","width":475,"height":80,"caption":"Site do Marcelo Lopes"},"image":{"@id":"https:\/\/marcelolopes.jor.br\/site\/#\/schema\/logo\/image\/"},"sameAs":["https:\/\/www.facebook.com\/sitedomarcelolopes","https:\/\/www.instagram.com\/sitedomarcelolopes\/","https:\/\/www.linkedin.com\/company\/site-do-marcelo-lopes\/","https:\/\/www.youtube.com\/user\/marcelolopes957"]},{"@type":"Person","@id":"https:\/\/marcelolopes.jor.br\/site\/#\/schema\/person\/3e7216a35c34d8fdf952b31da3d1f89f","name":"Marcelo Lopes","sameAs":["http:\/\/www.marcelolopes.jor.br"],"url":"https:\/\/marcelolopes.jor.br\/site\/author\/marcelo\/"}]}},"wps_subtitle":"Iniciativa da Semad visa ampliar a\u00e7\u00f5es de prote\u00e7\u00e3o e bem-estar animal.","_links":{"self":[{"href":"https:\/\/marcelolopes.jor.br\/site\/wp-json\/wp\/v2\/posts\/58415","targetHints":{"allow":["GET"]}}],"collection":[{"href":"https:\/\/marcelolopes.jor.br\/site\/wp-json\/wp\/v2\/posts"}],"about":[{"href":"https:\/\/marcelolopes.jor.br\/site\/wp-json\/wp\/v2\/types\/post"}],"author":[{"embeddable":true,"href":"https:\/\/marcelolopes.jor.br\/site\/wp-json\/wp\/v2\/users\/2"}],"replies":[{"embeddable":true,"href":"https:\/\/marcelolopes.jor.br\/site\/wp-json\/wp\/v2\/comments?post=58415"}],"version-history":[{"count":0,"href":"https:\/\/marcelolopes.jor.br\/site\/wp-json\/wp\/v2\/posts\/58415\/revisions"}],"wp:featuredmedia":[{"embeddable":true,"href":"https:\/\/marcelolopes.jor.br\/site\/wp-json\/wp\/v2\/media\/58416"}],"wp:attachment":[{"href":"https:\/\/marcelolopes.jor.br\/site\/wp-json\/wp\/v2\/media?parent=58415"}],"wp:term":[{"taxonomy":"category","embeddable":true,"href":"https:\/\/marcelolopes.jor.br\/site\/wp-json\/wp\/v2\/categories?post=58415"},{"taxonomy":"post_tag","embeddable":true,"href":"https:\/\/marcelolopes.jor.br\/site\/wp-json\/wp\/v2\/tags?post=58415"}],"curies":[{"name":"wp","href":"https:\/\/api.w.org\/{rel}","templated":true}]}}