{"id":57576,"date":"2025-04-29T16:00:27","date_gmt":"2025-04-29T19:00:27","guid":{"rendered":"https:\/\/marcelolopes.jor.br\/?p=57576"},"modified":"2025-04-29T11:30:50","modified_gmt":"2025-04-29T14:30:50","slug":"populacao-acima-de-seis-meses-deve-ser-vacinada-contra-a-influenza","status":"publish","type":"post","link":"https:\/\/marcelolopes.jor.br\/site\/2025\/04\/29\/populacao-acima-de-seis-meses-deve-ser-vacinada-contra-a-influenza\/","title":{"rendered":"Popula\u00e7\u00e3o acima de seis meses deve ser vacinada contra a influenza"},"content":{"rendered":"<p>O Governo de Minas Gerais, por meio da Secretaria de Estado de Sa\u00fade (SES-MG), ampliou a vacina\u00e7\u00e3o contra a influenza para toda a popula\u00e7\u00e3o com idade acima de 6 meses. A medida foi oficializada no \u00faltimo s\u00e1bado, 26 de abril, com a publica\u00e7\u00e3o da Delibera\u00e7\u00e3o CIB-SUS\/MG n\u00ba 5.185\/2025 no Jornal Minas Gerais, e j\u00e1 est\u00e1 em vigor em todo o estado.<!--more--><\/p>\n<h4 class=\"p1\"><span class=\"s1\">\ud83d\udcf8\u00a0Siga o Site do Marcelo Lopes no\u00a0<span style=\"color: #800000;\"><a style=\"color: #800000;\" href=\"https:\/\/www.facebook.com\/sitedomarcelolopes\/\"><strong>Facebook<\/strong><\/a><\/span>\u00a0e no\u00a0<span style=\"color: #800000;\"><strong><a style=\"color: #800000;\" href=\"https:\/\/www.instagram.com\/sitedomarcelolopes\/\">Instagram<\/a><\/strong><\/span><\/span><\/h4>\n<h4 class=\"p1\">\ud83d\udcf1Participe do grupo de\u00a0<span style=\"color: #800000;\"><a style=\"color: #800000;\" href=\"https:\/\/chat.whatsapp.com\/BibzcI1ibYSKytbdyzubLA\"><strong>WhatsApp<\/strong><\/a><\/span> do Site do Marcelo Lopes<\/h4>\n<p>&nbsp;<\/p>\n<p>A iniciativa fortalece a estrat\u00e9gia de preven\u00e7\u00e3o \u00e0 influenza em um per\u00edodo de maior circula\u00e7\u00e3o de v\u00edrus respirat\u00f3rios, como destaca o subsecret\u00e1rio de Vigil\u00e2ncia em Sa\u00fade da SES-MG, Eduardo Prosdocimi.<\/p>\n<p>&#8220;Estamos no outono, \u00e9poca do ano em que h\u00e1 aumento na transmiss\u00e3o de v\u00edrus respirat\u00f3rios. Como a vacina\u00e7\u00e3o \u00e9 a melhor forma de evitar casos de influenza, decidimos ampliar o p\u00fablico-alvo para proteger ainda mais a popula\u00e7\u00e3o\u201d, afirma Eduardo Prosdocimi&#8221;.<\/p>\n<p>O subsecret\u00e1rio refor\u00e7a o chamado para que os mineiros se imunizem. &#8220;Procurem a unidade b\u00e1sica de sa\u00fade ou os vacim\u00f3veis mais pr\u00f3ximos e atualizem a caderneta vacinal&#8221;, convoca.<\/p>\n<h3>Cataguases<\/h3>\n<p>A Secretaria Municipal de Sa\u00fade de Cataguases anunciou que j\u00e1 est\u00e1 seguindo as novas diretrizes do governo de Minas. Neste sentido, divulgou os locais e hor\u00e1rios de vacina\u00e7\u00e3o, que voc\u00ea confere abaixo.<\/p>\n<h6>\u2022<strong> SEMAE: 7h30 \u00e0s 16h<\/strong><br \/>\n<strong>\u2022 Para\u00edso: 8h \u00e0s 11h30 \/ 12h30 \u00e0s 15h30<\/strong><br \/>\n<strong>\u2022 Leonardo: 8h \u00e0s 11h30 \/ 12h30 \u00e0s 15h30<\/strong><br \/>\n<strong>\u2022 Vila Reis: 8h \u00e0s 11h30 \/ 12h30 \u00e0s 15h30<\/strong><br \/>\n<strong>\u2022 Centro: 8h \u00e0s 11h30 \/ 12h30 \u00e0s 15h30<\/strong><br \/>\n<strong>\u2022 Granjaria: 8h \u00e0s 1lh<\/strong><br \/>\n<strong>\u2022 Haidee: 8h \u00e0s 11h30 \/ 12h30 \u00e0s 15h30<\/strong><br \/>\n<strong>\u2022 Bandeirantes: 11h \u00e0s 16h<\/strong><br \/>\n<strong>\u2022 Sol Nascente: 13h \u00e0s 15h30<\/strong><br \/>\n<strong>\u2022 Sereno: 8h \u00e0s 12h30<\/strong><br \/>\n<strong>\u2022 Vista Alegre: 8h \u00e0s 12h30<\/strong><\/h6>\n<p><strong>OUTRAS NOT\u00cdCIAS<\/strong><br \/>\n<a href=\"https:\/\/marcelolopes.jor.br\/2025\/04\/14\/regional-de-saude-de-leopoldina-inicia-vacinacao-contra-influenza\/\"><strong><span style=\"color: #800000;\">Regional de Sa\u00fade de Leopoldina inicia vacina\u00e7\u00e3o contra influenza<\/span><\/strong><\/a><\/p>\n<p><a href=\"https:\/\/marcelolopes.jor.br\/2025\/04\/08\/vacinacao-contra-a-influenza-sera-neste-sabado-no-calcadao\/\"><strong><span style=\"color: #800000;\">Vacina\u00e7\u00e3o contra a Influenza ser\u00e1 neste s\u00e1bado, no Cal\u00e7ad\u00e3o<\/span><\/strong><\/a><\/p>\n<p>Fonte: SES-MG e Secretaria de Sa\u00fade de Cataguases | Foto: Arquivo<\/p>\n<div class=\"srksg69f7648b5bd00\" ><br><\/div><style type=\"text\/css\">\r\n@media screen and (min-width: 1201px) {\r\n.srksg69f7648b5bd00 {\r\ndisplay: block;\r\n}\r\n}\r\n@media screen and (min-width: 993px) and (max-width: 1200px) {\r\n.srksg69f7648b5bd00 {\r\ndisplay: block;\r\n}\r\n}\r\n@media screen and (min-width: 769px) and (max-width: 992px) {\r\n.srksg69f7648b5bd00 {\r\ndisplay: block;\r\n}\r\n}\r\n@media screen and (min-width: 768px) and (max-width: 768px) {\r\n.srksg69f7648b5bd00 {\r\ndisplay: block;\r\n}\r\n}\r\n@media screen and (max-width: 767px) {\r\n.srksg69f7648b5bd00 {\r\ndisplay: block;\r\n}\r\n}\r\n<\/style>\r\n<div class=\"acohd69f7648b61de0\" ><div id=\"div_destino\"><\/div>\r\n<script src=\"https:\/\/cdn.snsrsv.com\/sdk.js\"><\/script>\r\n<script >\r\n      new sdk(\"464030C30061EA8BE065000000000001\") \r\n          .appendTo(\"div_destino\")\r\n          .disableStyle(true) \r\n          .setCacheBusterMacro(\"%%CACHEBUSTER%%\")\r\n          .setSize(\"800\",\"214\")\r\n          .setClickMacro(\"%%CLICK_URL_ESC%%\") \r\n          .setReferrerUrlMacro(\"%%REFERRER_URL_ESC%%\") \r\n          .start(); \r\n<\/script><\/div><style type=\"text\/css\">\r\n@media screen and (min-width: 1201px) {\r\n.acohd69f7648b61de0 {\r\ndisplay: block;\r\n}\r\n}\r\n@media screen and (min-width: 993px) and (max-width: 1200px) {\r\n.acohd69f7648b61de0 {\r\ndisplay: block;\r\n}\r\n}\r\n@media screen and (min-width: 769px) and (max-width: 992px) {\r\n.acohd69f7648b61de0 {\r\ndisplay: block;\r\n}\r\n}\r\n@media screen and (min-width: 768px) and (max-width: 768px) {\r\n.acohd69f7648b61de0 {\r\ndisplay: block;\r\n}\r\n}\r\n@media screen and (max-width: 767px) {\r\n.acohd69f7648b61de0 {\r\ndisplay: block;\r\n}\r\n}\r\n<\/style>\r\n","protected":false},"excerpt":{"rendered":"<p>O Governo de Minas Gerais, por meio da Secretaria de Estado de Sa\u00fade (SES-MG), ampliou a vacina\u00e7\u00e3o contra a influenza para toda a popula\u00e7\u00e3o com idade acima de 6 meses. A medida foi oficializada no \u00faltimo s\u00e1bado, 26 de abril,<\/p>\n<p class=\"link-more\"><a class=\"more-link\" href=\"https:\/\/marcelolopes.jor.br\/site\/2025\/04\/29\/populacao-acima-de-seis-meses-deve-ser-vacinada-contra-a-influenza\/\">Leia mais <span class=\"screen-reader-text\">Popula\u00e7\u00e3o acima de seis meses deve ser vacinada contra a influenza<\/span><\/a><\/p>\n","protected":false},"author":2,"featured_media":57578,"comment_status":"open","ping_status":"closed","sticky":false,"template":"","format":"standard","meta":{"footnotes":""},"categories":[1],"tags":[],"class_list":["post-57576","post","type-post","status-publish","format-standard","has-post-thumbnail","hentry","category-noticias","thumb-below-title"],"yoast_head":"<!-- This site is optimized with the Yoast SEO plugin v27.4 - https:\/\/yoast.com\/product\/yoast-seo-wordpress\/ -->\n<title>Popula\u00e7\u00e3o acima de seis meses deve ser vacinada contra a<\/title>\n<meta name=\"description\" content=\"Popula\u00e7\u00e3o acima de seis meses deve ser vacinada contra a influenza. Medida visa prevenir aumento de casos de doen\u00e7as respirat\u00f3rias.\" \/>\n<meta name=\"robots\" content=\"index, follow, max-snippet:-1, max-image-preview:large, max-video-preview:-1\" \/>\n<link rel=\"canonical\" href=\"https:\/\/marcelolopes.jor.br\/site\/2025\/04\/29\/populacao-acima-de-seis-meses-deve-ser-vacinada-contra-a-influenza\/\" \/>\n<meta property=\"og:locale\" content=\"pt_BR\" \/>\n<meta property=\"og:type\" content=\"article\" \/>\n<meta property=\"og:title\" content=\"Popula\u00e7\u00e3o acima de seis meses deve ser vacinada contra a\" \/>\n<meta property=\"og:description\" content=\"Popula\u00e7\u00e3o acima de seis meses deve ser vacinada contra a influenza. Medida visa prevenir aumento de casos de doen\u00e7as respirat\u00f3rias.\" \/>\n<meta property=\"og:url\" content=\"https:\/\/marcelolopes.jor.br\/site\/2025\/04\/29\/populacao-acima-de-seis-meses-deve-ser-vacinada-contra-a-influenza\/\" \/>\n<meta property=\"og:site_name\" content=\"Marcelo Lopes\" \/>\n<meta property=\"article:publisher\" content=\"https:\/\/www.facebook.com\/sitedomarcelolopes\" \/>\n<meta property=\"article:published_time\" content=\"2025-04-29T19:00:27+00:00\" \/>\n<meta property=\"og:image\" content=\"https:\/\/marcelolopes.jor.br\/site\/wp-content\/uploads\/2025\/04\/Influenza.png\" \/>\n\t<meta property=\"og:image:width\" content=\"800\" \/>\n\t<meta property=\"og:image:height\" content=\"550\" \/>\n\t<meta property=\"og:image:type\" content=\"image\/png\" \/>\n<meta name=\"author\" content=\"Marcelo Lopes\" \/>\n<meta name=\"twitter:card\" content=\"summary_large_image\" \/>\n<meta name=\"twitter:label1\" content=\"Escrito por\" \/>\n\t<meta name=\"twitter:data1\" content=\"Marcelo Lopes\" \/>\n\t<meta name=\"twitter:label2\" content=\"Est. tempo de leitura\" \/>\n\t<meta name=\"twitter:data2\" content=\"2 minutos\" \/>\n<script type=\"application\/ld+json\" class=\"yoast-schema-graph\">{\"@context\":\"https:\\\/\\\/schema.org\",\"@graph\":[{\"@type\":\"NewsArticle\",\"@id\":\"https:\\\/\\\/marcelolopes.jor.br\\\/site\\\/2025\\\/04\\\/29\\\/populacao-acima-de-seis-meses-deve-ser-vacinada-contra-a-influenza\\\/#article\",\"isPartOf\":{\"@id\":\"https:\\\/\\\/marcelolopes.jor.br\\\/site\\\/2025\\\/04\\\/29\\\/populacao-acima-de-seis-meses-deve-ser-vacinada-contra-a-influenza\\\/\"},\"author\":{\"name\":\"Marcelo Lopes\",\"@id\":\"https:\\\/\\\/marcelolopes.jor.br\\\/site\\\/#\\\/schema\\\/person\\\/3e7216a35c34d8fdf952b31da3d1f89f\"},\"headline\":\"Popula\u00e7\u00e3o acima de seis meses deve ser vacinada contra a influenza\",\"datePublished\":\"2025-04-29T19:00:27+00:00\",\"mainEntityOfPage\":{\"@id\":\"https:\\\/\\\/marcelolopes.jor.br\\\/site\\\/2025\\\/04\\\/29\\\/populacao-acima-de-seis-meses-deve-ser-vacinada-contra-a-influenza\\\/\"},\"wordCount\":353,\"commentCount\":0,\"publisher\":{\"@id\":\"https:\\\/\\\/marcelolopes.jor.br\\\/site\\\/#organization\"},\"image\":{\"@id\":\"https:\\\/\\\/marcelolopes.jor.br\\\/site\\\/2025\\\/04\\\/29\\\/populacao-acima-de-seis-meses-deve-ser-vacinada-contra-a-influenza\\\/#primaryimage\"},\"thumbnailUrl\":\"https:\\\/\\\/marcelolopes.jor.br\\\/site\\\/wp-content\\\/uploads\\\/2025\\\/04\\\/Influenza.png\",\"articleSection\":[\"Not\u00edcias\"],\"inLanguage\":\"pt-BR\",\"potentialAction\":[{\"@type\":\"CommentAction\",\"name\":\"Comment\",\"target\":[\"https:\\\/\\\/marcelolopes.jor.br\\\/site\\\/2025\\\/04\\\/29\\\/populacao-acima-de-seis-meses-deve-ser-vacinada-contra-a-influenza\\\/#respond\"]}]},{\"@type\":\"WebPage\",\"@id\":\"https:\\\/\\\/marcelolopes.jor.br\\\/site\\\/2025\\\/04\\\/29\\\/populacao-acima-de-seis-meses-deve-ser-vacinada-contra-a-influenza\\\/\",\"url\":\"https:\\\/\\\/marcelolopes.jor.br\\\/site\\\/2025\\\/04\\\/29\\\/populacao-acima-de-seis-meses-deve-ser-vacinada-contra-a-influenza\\\/\",\"name\":\"Popula\u00e7\u00e3o acima de seis meses deve ser vacinada contra a\",\"isPartOf\":{\"@id\":\"https:\\\/\\\/marcelolopes.jor.br\\\/site\\\/#website\"},\"primaryImageOfPage\":{\"@id\":\"https:\\\/\\\/marcelolopes.jor.br\\\/site\\\/2025\\\/04\\\/29\\\/populacao-acima-de-seis-meses-deve-ser-vacinada-contra-a-influenza\\\/#primaryimage\"},\"image\":{\"@id\":\"https:\\\/\\\/marcelolopes.jor.br\\\/site\\\/2025\\\/04\\\/29\\\/populacao-acima-de-seis-meses-deve-ser-vacinada-contra-a-influenza\\\/#primaryimage\"},\"thumbnailUrl\":\"https:\\\/\\\/marcelolopes.jor.br\\\/site\\\/wp-content\\\/uploads\\\/2025\\\/04\\\/Influenza.png\",\"datePublished\":\"2025-04-29T19:00:27+00:00\",\"description\":\"Popula\u00e7\u00e3o acima de seis meses deve ser vacinada contra a influenza. Medida visa prevenir aumento de casos de doen\u00e7as respirat\u00f3rias.\",\"breadcrumb\":{\"@id\":\"https:\\\/\\\/marcelolopes.jor.br\\\/site\\\/2025\\\/04\\\/29\\\/populacao-acima-de-seis-meses-deve-ser-vacinada-contra-a-influenza\\\/#breadcrumb\"},\"inLanguage\":\"pt-BR\",\"potentialAction\":[{\"@type\":\"ReadAction\",\"target\":[\"https:\\\/\\\/marcelolopes.jor.br\\\/site\\\/2025\\\/04\\\/29\\\/populacao-acima-de-seis-meses-deve-ser-vacinada-contra-a-influenza\\\/\"]}]},{\"@type\":\"ImageObject\",\"inLanguage\":\"pt-BR\",\"@id\":\"https:\\\/\\\/marcelolopes.jor.br\\\/site\\\/2025\\\/04\\\/29\\\/populacao-acima-de-seis-meses-deve-ser-vacinada-contra-a-influenza\\\/#primaryimage\",\"url\":\"https:\\\/\\\/marcelolopes.jor.br\\\/site\\\/wp-content\\\/uploads\\\/2025\\\/04\\\/Influenza.png\",\"contentUrl\":\"https:\\\/\\\/marcelolopes.jor.br\\\/site\\\/wp-content\\\/uploads\\\/2025\\\/04\\\/Influenza.png\",\"width\":800,\"height\":550,\"caption\":\"Popula\u00e7\u00e3o acima de seis\"},{\"@type\":\"BreadcrumbList\",\"@id\":\"https:\\\/\\\/marcelolopes.jor.br\\\/site\\\/2025\\\/04\\\/29\\\/populacao-acima-de-seis-meses-deve-ser-vacinada-contra-a-influenza\\\/#breadcrumb\",\"itemListElement\":[{\"@type\":\"ListItem\",\"position\":1,\"name\":\"Home\",\"item\":\"https:\\\/\\\/marcelolopes.jor.br\\\/site\\\/\"},{\"@type\":\"ListItem\",\"position\":2,\"name\":\"Popula\u00e7\u00e3o acima de seis meses deve ser vacinada contra a influenza\"}]},{\"@type\":\"WebSite\",\"@id\":\"https:\\\/\\\/marcelolopes.jor.br\\\/site\\\/#website\",\"url\":\"https:\\\/\\\/marcelolopes.jor.br\\\/site\\\/\",\"name\":\"Marcelo Lopes\",\"description\":\"Not\u00edcias de Cataguases e Regi\u00e3o\",\"publisher\":{\"@id\":\"https:\\\/\\\/marcelolopes.jor.br\\\/site\\\/#organization\"},\"potentialAction\":[{\"@type\":\"SearchAction\",\"target\":{\"@type\":\"EntryPoint\",\"urlTemplate\":\"https:\\\/\\\/marcelolopes.jor.br\\\/site\\\/?s={search_term_string}\"},\"query-input\":{\"@type\":\"PropertyValueSpecification\",\"valueRequired\":true,\"valueName\":\"search_term_string\"}}],\"inLanguage\":\"pt-BR\"},{\"@type\":\"Organization\",\"@id\":\"https:\\\/\\\/marcelolopes.jor.br\\\/site\\\/#organization\",\"name\":\"Site do Marcelo Lopes\",\"url\":\"https:\\\/\\\/marcelolopes.jor.br\\\/site\\\/\",\"logo\":{\"@type\":\"ImageObject\",\"inLanguage\":\"pt-BR\",\"@id\":\"https:\\\/\\\/marcelolopes.jor.br\\\/site\\\/#\\\/schema\\\/logo\\\/image\\\/\",\"url\":\"https:\\\/\\\/marcelolopes.jor.br\\\/site\\\/wp-content\\\/uploads\\\/2024\\\/11\\\/logo-1.png\",\"contentUrl\":\"https:\\\/\\\/marcelolopes.jor.br\\\/site\\\/wp-content\\\/uploads\\\/2024\\\/11\\\/logo-1.png\",\"width\":475,\"height\":80,\"caption\":\"Site do Marcelo Lopes\"},\"image\":{\"@id\":\"https:\\\/\\\/marcelolopes.jor.br\\\/site\\\/#\\\/schema\\\/logo\\\/image\\\/\"},\"sameAs\":[\"https:\\\/\\\/www.facebook.com\\\/sitedomarcelolopes\",\"https:\\\/\\\/www.instagram.com\\\/sitedomarcelolopes\\\/\",\"https:\\\/\\\/www.linkedin.com\\\/company\\\/site-do-marcelo-lopes\\\/\",\"https:\\\/\\\/www.youtube.com\\\/user\\\/marcelolopes957\"]},{\"@type\":\"Person\",\"@id\":\"https:\\\/\\\/marcelolopes.jor.br\\\/site\\\/#\\\/schema\\\/person\\\/3e7216a35c34d8fdf952b31da3d1f89f\",\"name\":\"Marcelo Lopes\",\"sameAs\":[\"http:\\\/\\\/www.marcelolopes.jor.br\"],\"url\":\"https:\\\/\\\/marcelolopes.jor.br\\\/site\\\/author\\\/marcelo\\\/\"}]}<\/script>\n<!-- \/ Yoast SEO plugin. -->","yoast_head_json":{"title":"Popula\u00e7\u00e3o acima de seis meses deve ser vacinada contra a","description":"Popula\u00e7\u00e3o acima de seis meses deve ser vacinada contra a influenza. Medida visa prevenir aumento de casos de doen\u00e7as respirat\u00f3rias.","robots":{"index":"index","follow":"follow","max-snippet":"max-snippet:-1","max-image-preview":"max-image-preview:large","max-video-preview":"max-video-preview:-1"},"canonical":"https:\/\/marcelolopes.jor.br\/site\/2025\/04\/29\/populacao-acima-de-seis-meses-deve-ser-vacinada-contra-a-influenza\/","og_locale":"pt_BR","og_type":"article","og_title":"Popula\u00e7\u00e3o acima de seis meses deve ser vacinada contra a","og_description":"Popula\u00e7\u00e3o acima de seis meses deve ser vacinada contra a influenza. Medida visa prevenir aumento de casos de doen\u00e7as respirat\u00f3rias.","og_url":"https:\/\/marcelolopes.jor.br\/site\/2025\/04\/29\/populacao-acima-de-seis-meses-deve-ser-vacinada-contra-a-influenza\/","og_site_name":"Marcelo Lopes","article_publisher":"https:\/\/www.facebook.com\/sitedomarcelolopes","article_published_time":"2025-04-29T19:00:27+00:00","og_image":[{"width":800,"height":550,"url":"https:\/\/marcelolopes.jor.br\/site\/wp-content\/uploads\/2025\/04\/Influenza.png","type":"image\/png"}],"author":"Marcelo Lopes","twitter_card":"summary_large_image","twitter_misc":{"Escrito por":"Marcelo Lopes","Est. tempo de leitura":"2 minutos"},"schema":{"@context":"https:\/\/schema.org","@graph":[{"@type":"NewsArticle","@id":"https:\/\/marcelolopes.jor.br\/site\/2025\/04\/29\/populacao-acima-de-seis-meses-deve-ser-vacinada-contra-a-influenza\/#article","isPartOf":{"@id":"https:\/\/marcelolopes.jor.br\/site\/2025\/04\/29\/populacao-acima-de-seis-meses-deve-ser-vacinada-contra-a-influenza\/"},"author":{"name":"Marcelo Lopes","@id":"https:\/\/marcelolopes.jor.br\/site\/#\/schema\/person\/3e7216a35c34d8fdf952b31da3d1f89f"},"headline":"Popula\u00e7\u00e3o acima de seis meses deve ser vacinada contra a influenza","datePublished":"2025-04-29T19:00:27+00:00","mainEntityOfPage":{"@id":"https:\/\/marcelolopes.jor.br\/site\/2025\/04\/29\/populacao-acima-de-seis-meses-deve-ser-vacinada-contra-a-influenza\/"},"wordCount":353,"commentCount":0,"publisher":{"@id":"https:\/\/marcelolopes.jor.br\/site\/#organization"},"image":{"@id":"https:\/\/marcelolopes.jor.br\/site\/2025\/04\/29\/populacao-acima-de-seis-meses-deve-ser-vacinada-contra-a-influenza\/#primaryimage"},"thumbnailUrl":"https:\/\/marcelolopes.jor.br\/site\/wp-content\/uploads\/2025\/04\/Influenza.png","articleSection":["Not\u00edcias"],"inLanguage":"pt-BR","potentialAction":[{"@type":"CommentAction","name":"Comment","target":["https:\/\/marcelolopes.jor.br\/site\/2025\/04\/29\/populacao-acima-de-seis-meses-deve-ser-vacinada-contra-a-influenza\/#respond"]}]},{"@type":"WebPage","@id":"https:\/\/marcelolopes.jor.br\/site\/2025\/04\/29\/populacao-acima-de-seis-meses-deve-ser-vacinada-contra-a-influenza\/","url":"https:\/\/marcelolopes.jor.br\/site\/2025\/04\/29\/populacao-acima-de-seis-meses-deve-ser-vacinada-contra-a-influenza\/","name":"Popula\u00e7\u00e3o acima de seis meses deve ser vacinada contra a","isPartOf":{"@id":"https:\/\/marcelolopes.jor.br\/site\/#website"},"primaryImageOfPage":{"@id":"https:\/\/marcelolopes.jor.br\/site\/2025\/04\/29\/populacao-acima-de-seis-meses-deve-ser-vacinada-contra-a-influenza\/#primaryimage"},"image":{"@id":"https:\/\/marcelolopes.jor.br\/site\/2025\/04\/29\/populacao-acima-de-seis-meses-deve-ser-vacinada-contra-a-influenza\/#primaryimage"},"thumbnailUrl":"https:\/\/marcelolopes.jor.br\/site\/wp-content\/uploads\/2025\/04\/Influenza.png","datePublished":"2025-04-29T19:00:27+00:00","description":"Popula\u00e7\u00e3o acima de seis meses deve ser vacinada contra a influenza. Medida visa prevenir aumento de casos de doen\u00e7as respirat\u00f3rias.","breadcrumb":{"@id":"https:\/\/marcelolopes.jor.br\/site\/2025\/04\/29\/populacao-acima-de-seis-meses-deve-ser-vacinada-contra-a-influenza\/#breadcrumb"},"inLanguage":"pt-BR","potentialAction":[{"@type":"ReadAction","target":["https:\/\/marcelolopes.jor.br\/site\/2025\/04\/29\/populacao-acima-de-seis-meses-deve-ser-vacinada-contra-a-influenza\/"]}]},{"@type":"ImageObject","inLanguage":"pt-BR","@id":"https:\/\/marcelolopes.jor.br\/site\/2025\/04\/29\/populacao-acima-de-seis-meses-deve-ser-vacinada-contra-a-influenza\/#primaryimage","url":"https:\/\/marcelolopes.jor.br\/site\/wp-content\/uploads\/2025\/04\/Influenza.png","contentUrl":"https:\/\/marcelolopes.jor.br\/site\/wp-content\/uploads\/2025\/04\/Influenza.png","width":800,"height":550,"caption":"Popula\u00e7\u00e3o acima de seis"},{"@type":"BreadcrumbList","@id":"https:\/\/marcelolopes.jor.br\/site\/2025\/04\/29\/populacao-acima-de-seis-meses-deve-ser-vacinada-contra-a-influenza\/#breadcrumb","itemListElement":[{"@type":"ListItem","position":1,"name":"Home","item":"https:\/\/marcelolopes.jor.br\/site\/"},{"@type":"ListItem","position":2,"name":"Popula\u00e7\u00e3o acima de seis meses deve ser vacinada contra a influenza"}]},{"@type":"WebSite","@id":"https:\/\/marcelolopes.jor.br\/site\/#website","url":"https:\/\/marcelolopes.jor.br\/site\/","name":"Marcelo Lopes","description":"Not\u00edcias de Cataguases e Regi\u00e3o","publisher":{"@id":"https:\/\/marcelolopes.jor.br\/site\/#organization"},"potentialAction":[{"@type":"SearchAction","target":{"@type":"EntryPoint","urlTemplate":"https:\/\/marcelolopes.jor.br\/site\/?s={search_term_string}"},"query-input":{"@type":"PropertyValueSpecification","valueRequired":true,"valueName":"search_term_string"}}],"inLanguage":"pt-BR"},{"@type":"Organization","@id":"https:\/\/marcelolopes.jor.br\/site\/#organization","name":"Site do Marcelo Lopes","url":"https:\/\/marcelolopes.jor.br\/site\/","logo":{"@type":"ImageObject","inLanguage":"pt-BR","@id":"https:\/\/marcelolopes.jor.br\/site\/#\/schema\/logo\/image\/","url":"https:\/\/marcelolopes.jor.br\/site\/wp-content\/uploads\/2024\/11\/logo-1.png","contentUrl":"https:\/\/marcelolopes.jor.br\/site\/wp-content\/uploads\/2024\/11\/logo-1.png","width":475,"height":80,"caption":"Site do Marcelo Lopes"},"image":{"@id":"https:\/\/marcelolopes.jor.br\/site\/#\/schema\/logo\/image\/"},"sameAs":["https:\/\/www.facebook.com\/sitedomarcelolopes","https:\/\/www.instagram.com\/sitedomarcelolopes\/","https:\/\/www.linkedin.com\/company\/site-do-marcelo-lopes\/","https:\/\/www.youtube.com\/user\/marcelolopes957"]},{"@type":"Person","@id":"https:\/\/marcelolopes.jor.br\/site\/#\/schema\/person\/3e7216a35c34d8fdf952b31da3d1f89f","name":"Marcelo Lopes","sameAs":["http:\/\/www.marcelolopes.jor.br"],"url":"https:\/\/marcelolopes.jor.br\/site\/author\/marcelo\/"}]}},"wps_subtitle":"Medida visa prevenir aumento de casos de doen\u00e7as respirat\u00f3rias.","_links":{"self":[{"href":"https:\/\/marcelolopes.jor.br\/site\/wp-json\/wp\/v2\/posts\/57576","targetHints":{"allow":["GET"]}}],"collection":[{"href":"https:\/\/marcelolopes.jor.br\/site\/wp-json\/wp\/v2\/posts"}],"about":[{"href":"https:\/\/marcelolopes.jor.br\/site\/wp-json\/wp\/v2\/types\/post"}],"author":[{"embeddable":true,"href":"https:\/\/marcelolopes.jor.br\/site\/wp-json\/wp\/v2\/users\/2"}],"replies":[{"embeddable":true,"href":"https:\/\/marcelolopes.jor.br\/site\/wp-json\/wp\/v2\/comments?post=57576"}],"version-history":[{"count":0,"href":"https:\/\/marcelolopes.jor.br\/site\/wp-json\/wp\/v2\/posts\/57576\/revisions"}],"wp:featuredmedia":[{"embeddable":true,"href":"https:\/\/marcelolopes.jor.br\/site\/wp-json\/wp\/v2\/media\/57578"}],"wp:attachment":[{"href":"https:\/\/marcelolopes.jor.br\/site\/wp-json\/wp\/v2\/media?parent=57576"}],"wp:term":[{"taxonomy":"category","embeddable":true,"href":"https:\/\/marcelolopes.jor.br\/site\/wp-json\/wp\/v2\/categories?post=57576"},{"taxonomy":"post_tag","embeddable":true,"href":"https:\/\/marcelolopes.jor.br\/site\/wp-json\/wp\/v2\/tags?post=57576"}],"curies":[{"name":"wp","href":"https:\/\/api.w.org\/{rel}","templated":true}]}}