{"id":56905,"date":"2025-03-26T20:00:37","date_gmt":"2025-03-26T23:00:37","guid":{"rendered":"https:\/\/marcelolopes.jor.br\/?p=56905"},"modified":"2025-03-26T17:03:20","modified_gmt":"2025-03-26T20:03:20","slug":"io-forum-municipal-lixo-e-cidadania-e-lancado-em-cataguases","status":"publish","type":"post","link":"https:\/\/marcelolopes.jor.br\/site\/2025\/03\/26\/io-forum-municipal-lixo-e-cidadania-e-lancado-em-cataguases\/","title":{"rendered":"I\u00ba F\u00f3rum Municipal Lixo e Cidadania \u00e9 lan\u00e7ado em Cataguases"},"content":{"rendered":"<p>O Centro Cultural Humberto Mauro sediou na manh\u00e3 desta quarta-feira, dia 26, o ato de lan\u00e7amento do I\u00ba F\u00f3rum Municipal de Lixo e Cidadania, promovido pela Prefeitura, por meio de sua secretaria municipal de Agricultura e Meio Ambiente, e Minist\u00e9rio P\u00fablico de Minas Gerais (MPMG). Gestores p\u00fablicos e convidados debateram sobre a import\u00e2ncia da coleta seletiva de res\u00edduos s\u00f3lidos, educa\u00e7\u00e3o ambiental e pol\u00edticas p\u00fablicas para o desenvolvimento sustent\u00e1vel.<!--more--><\/p>\n<h4 class=\"p1\"><span class=\"s1\">\ud83d\udcf8\u00a0<span style=\"color: #666699;\">Siga o Site do Marcelo Lopes no<\/span>\u00a0<span style=\"color: #800000;\"><a style=\"color: #800000;\" href=\"https:\/\/www.facebook.com\/sitedomarcelolopes\/\"><strong>Facebook<\/strong><\/a><\/span>\u00a0<span style=\"color: #666699;\">e no<\/span>\u00a0<span style=\"color: #800000;\"><strong><a style=\"color: #800000;\" href=\"https:\/\/www.instagram.com\/sitedomarcelolopes\/\">Instagram<\/a><\/strong><\/span><\/span><\/h4>\n<h4 class=\"p1\">\ud83d\udcf1<span style=\"color: #666699;\">Participe do grupo de<\/span>\u00a0<span style=\"color: #800000;\"><a style=\"color: #800000;\" href=\"https:\/\/chat.whatsapp.com\/BibzcI1ibYSKytbdyzubLA\"><strong>WhatsApp<\/strong><\/a><\/span> <span style=\"color: #666699;\">do Site do Marcelo Lopes<\/span><\/h4>\n<p>&nbsp;<\/p>\n<p>A mesa de honra do evento contou com o prefeito Jos\u00e9 Henriques, com o presidente da C\u00e2mara Municipal, Vin\u00edcius Machado, o promotor de Justi\u00e7a da 5\u00aa Promotoria de Justi\u00e7a da Comarca de Cataguases, Gustavo Garcia Ara\u00fajo, promotor de Justi\u00e7a e coordenador da Coordenadoria Regional de Apoio Comunit\u00e1rio, Inclus\u00e3o e Mobiliza\u00e7\u00e3o Social da Zona da Mata, Felipe Vasconcelos Souza.<\/p>\n<p><img loading=\"lazy\" decoding=\"async\" class=\"alignleft wp-image-56907\" src=\"https:\/\/marcelolopes.jor.br\/site\/wp-content\/uploads\/2025\/03\/Dona-Cruzelina-206x300.jpeg\" alt=\"\" width=\"190\" height=\"276\" srcset=\"https:\/\/marcelolopes.jor.br\/site\/wp-content\/uploads\/2025\/03\/Dona-Cruzelina-206x300.jpeg 206w, https:\/\/marcelolopes.jor.br\/site\/wp-content\/uploads\/2025\/03\/Dona-Cruzelina.jpeg 583w\" sizes=\"auto, (max-width: 190px) 100vw, 190px\" \/> Tamb\u00e9m compuseram \u00e0 mesa C\u00e9zar Augusto Silva, gerente do N\u00facleo de Pol\u00edticas P\u00fablicas do Instituto Recicleiros, o secret\u00e1rio de Agricultura e Meio de Cataguases, Rafael Nogueira, a presidente da Associa\u00e7\u00e3o dos Catadores Recicl\u00e1veis de Cataguases, Cruzelina Maria Alves (foto ao lado), Elnat\u00e3 Loureiro, o representante da Rede de Catadores da Zona da Mata, Danilo Francisco da Silva e o presidente do Condema, Art\u00eamio Silva.<\/p>\n<p>Jos\u00e9 Henriques avaliou o lan\u00e7amento do F\u00f3rum como um marco na trajet\u00f3ria de Cataguases rumo \u00e0 sustentabilidade, \u00e0 inclus\u00e3o social e ao cuidado com o meio ambiente. Em seu discurso de abertura ele lembrou que, na verdade, o primeiro F\u00f3rum foi realizado na gest\u00e3o do ent\u00e3o prefeito Tarc\u00edsio Henriques, h\u00e1 mais de duas d\u00e9cadas, quando o munic\u00edpio j\u00e1 demonstrava preocupa\u00e7\u00e3o com o tema. \u201cNo entanto, esta edi\u00e7\u00e3o traz uma nova \u00f3tica, novas perspectivas, e \u00e9 essencial para implementar novas pol\u00edticas, agora com a parceria do Minist\u00e9rio P\u00fablico e outras institui\u00e7\u00f5es\u201d, afirmou.<\/p>\n<p>Em sua fala o Promotor de Justi\u00e7a Gustavo Garcia Ara\u00fajo destacou a import\u00e2ncia de a\u00e7\u00f5es espec\u00edficas ao combate \u00e0 vulnerabilidade social por meio dessas parcerias estrat\u00e9gicas. \u201cAtrav\u00e9s do Instituto Recicleiros, da Prefeitura e do Minist\u00e9rio P\u00fablico conseguiremos garantir dignidade e visibilidade aos catadores de recicl\u00e1veis, que tenham suas carteiras assinadas, uma renda m\u00ednima e poder\u00e3o olhar nos olhos de cada cidad\u00e3o, mostrando-se parte integrante dessa comunidade\u201d.<\/p>\n<p>Ao final, foram apresentados os membros da Comiss\u00e3o de Planejamento, Implanta\u00e7\u00e3o e Fiscaliza\u00e7\u00e3o da Coleta Seletiva, nomeada pelo Decreto Municipal n\u00ba 6069, que far\u00e3o a primeira reuni\u00e3o de trabalho no dia 28 de maio.<\/p>\n<p><strong>OUTRAS NOT\u00cdCIAS<\/strong><br \/>\n<a href=\"https:\/\/marcelolopes.jor.br\/2025\/03\/19\/cataguases-promove-o-1o-forum-municipal-lixo-e-cidadania\/\"><strong><span style=\"color: #800000;\">Cataguases promove o 1\u00ba F\u00f3rum Municipal Lixo e Cidadania<\/span><\/strong><\/a><\/p>\n<p><a href=\"https:\/\/marcelolopes.jor.br\/2022\/12\/07\/mpmg-propoe-implantacao-em-cataguases-do-programa-lixo-e-cidadania\/\"><strong><span style=\"color: #800000;\">MPMG prop\u00f5e implanta\u00e7\u00e3o em Cataguases do Programa Lixo e Cidadania<\/span><\/strong><\/a><\/p>\n<div class=\"xdyaz69f77ba2f10a7\" ><br><\/div><style type=\"text\/css\">\r\n@media screen and (min-width: 1201px) {\r\n.xdyaz69f77ba2f10a7 {\r\ndisplay: block;\r\n}\r\n}\r\n@media screen and (min-width: 993px) and (max-width: 1200px) {\r\n.xdyaz69f77ba2f10a7 {\r\ndisplay: block;\r\n}\r\n}\r\n@media screen and (min-width: 769px) and (max-width: 992px) {\r\n.xdyaz69f77ba2f10a7 {\r\ndisplay: block;\r\n}\r\n}\r\n@media screen and (min-width: 768px) and (max-width: 768px) {\r\n.xdyaz69f77ba2f10a7 {\r\ndisplay: block;\r\n}\r\n}\r\n@media screen and (max-width: 767px) {\r\n.xdyaz69f77ba2f10a7 {\r\ndisplay: block;\r\n}\r\n}\r\n<\/style>\r\n<div class=\"clhwh69f77ba302eb4\" ><div id=\"div_destino\"><\/div>\r\n<script src=\"https:\/\/cdn.snsrsv.com\/sdk.js\"><\/script>\r\n<script >\r\n      new sdk(\"464030C30061EA8BE065000000000001\") \r\n          .appendTo(\"div_destino\")\r\n          .disableStyle(true) \r\n          .setCacheBusterMacro(\"%%CACHEBUSTER%%\")\r\n          .setSize(\"800\",\"214\")\r\n          .setClickMacro(\"%%CLICK_URL_ESC%%\") \r\n          .setReferrerUrlMacro(\"%%REFERRER_URL_ESC%%\") \r\n          .start(); \r\n<\/script><\/div><style type=\"text\/css\">\r\n@media screen and (min-width: 1201px) {\r\n.clhwh69f77ba302eb4 {\r\ndisplay: block;\r\n}\r\n}\r\n@media screen and (min-width: 993px) and (max-width: 1200px) {\r\n.clhwh69f77ba302eb4 {\r\ndisplay: block;\r\n}\r\n}\r\n@media screen and (min-width: 769px) and (max-width: 992px) {\r\n.clhwh69f77ba302eb4 {\r\ndisplay: block;\r\n}\r\n}\r\n@media screen and (min-width: 768px) and (max-width: 768px) {\r\n.clhwh69f77ba302eb4 {\r\ndisplay: block;\r\n}\r\n}\r\n@media screen and (max-width: 767px) {\r\n.clhwh69f77ba302eb4 {\r\ndisplay: block;\r\n}\r\n}\r\n<\/style>\r\n","protected":false},"excerpt":{"rendered":"<p>O Centro Cultural Humberto Mauro sediou na manh\u00e3 desta quarta-feira, dia 26, o ato de lan\u00e7amento do I\u00ba F\u00f3rum Municipal de Lixo e Cidadania, promovido pela Prefeitura, por meio de sua secretaria municipal de Agricultura e Meio Ambiente, e Minist\u00e9rio<\/p>\n<p class=\"link-more\"><a class=\"more-link\" href=\"https:\/\/marcelolopes.jor.br\/site\/2025\/03\/26\/io-forum-municipal-lixo-e-cidadania-e-lancado-em-cataguases\/\">Leia mais <span class=\"screen-reader-text\">I\u00ba F\u00f3rum Municipal Lixo e Cidadania \u00e9 lan\u00e7ado em Cataguases<\/span><\/a><\/p>\n","protected":false},"author":2,"featured_media":56908,"comment_status":"open","ping_status":"closed","sticky":false,"template":"","format":"standard","meta":{"footnotes":""},"categories":[1],"tags":[],"class_list":["post-56905","post","type-post","status-publish","format-standard","has-post-thumbnail","hentry","category-noticias","thumb-below-title"],"yoast_head":"<!-- This site is optimized with the Yoast SEO plugin v27.4 - https:\/\/yoast.com\/product\/yoast-seo-wordpress\/ -->\n<title>I\u00ba F\u00f3rum Municipal Lixo e Cidadania \u00e9 lan\u00e7ado em Cataguases | Marcelo Lopes<\/title>\n<meta name=\"description\" content=\"I\u00ba F\u00f3rum Municipal Lixo e Cidadania \u00e9 lan\u00e7ado em Cataguases. Debate foi em torno da coleta seletiva, educa\u00e7\u00e3o ambiental e sustentabilidade.\" \/>\n<meta name=\"robots\" content=\"index, follow, max-snippet:-1, max-image-preview:large, max-video-preview:-1\" \/>\n<link rel=\"canonical\" href=\"https:\/\/marcelolopes.jor.br\/site\/2025\/03\/26\/io-forum-municipal-lixo-e-cidadania-e-lancado-em-cataguases\/\" \/>\n<meta property=\"og:locale\" content=\"pt_BR\" \/>\n<meta property=\"og:type\" content=\"article\" \/>\n<meta property=\"og:title\" content=\"I\u00ba F\u00f3rum Municipal Lixo e Cidadania \u00e9 lan\u00e7ado em Cataguases | Marcelo Lopes\" \/>\n<meta property=\"og:description\" content=\"I\u00ba F\u00f3rum Municipal Lixo e Cidadania \u00e9 lan\u00e7ado em Cataguases. Debate foi em torno da coleta seletiva, educa\u00e7\u00e3o ambiental e sustentabilidade.\" \/>\n<meta property=\"og:url\" content=\"https:\/\/marcelolopes.jor.br\/site\/2025\/03\/26\/io-forum-municipal-lixo-e-cidadania-e-lancado-em-cataguases\/\" \/>\n<meta property=\"og:site_name\" content=\"Marcelo Lopes\" \/>\n<meta property=\"article:publisher\" content=\"https:\/\/www.facebook.com\/sitedomarcelolopes\" \/>\n<meta property=\"article:published_time\" content=\"2025-03-26T23:00:37+00:00\" \/>\n<meta property=\"og:image\" content=\"https:\/\/marcelolopes.jor.br\/site\/wp-content\/uploads\/2025\/03\/WhatsApp-Image-2025-03-26-at-15.38.46.jpeg\" \/>\n\t<meta property=\"og:image:width\" content=\"1280\" \/>\n\t<meta property=\"og:image:height\" content=\"816\" \/>\n\t<meta property=\"og:image:type\" content=\"image\/jpeg\" \/>\n<meta name=\"author\" content=\"Marcelo Lopes\" \/>\n<meta name=\"twitter:card\" content=\"summary_large_image\" \/>\n<meta name=\"twitter:label1\" content=\"Escrito por\" \/>\n\t<meta name=\"twitter:data1\" content=\"Marcelo Lopes\" \/>\n\t<meta name=\"twitter:label2\" content=\"Est. tempo de leitura\" \/>\n\t<meta name=\"twitter:data2\" content=\"2 minutos\" \/>\n<script type=\"application\/ld+json\" class=\"yoast-schema-graph\">{\"@context\":\"https:\\\/\\\/schema.org\",\"@graph\":[{\"@type\":\"NewsArticle\",\"@id\":\"https:\\\/\\\/marcelolopes.jor.br\\\/site\\\/2025\\\/03\\\/26\\\/io-forum-municipal-lixo-e-cidadania-e-lancado-em-cataguases\\\/#article\",\"isPartOf\":{\"@id\":\"https:\\\/\\\/marcelolopes.jor.br\\\/site\\\/2025\\\/03\\\/26\\\/io-forum-municipal-lixo-e-cidadania-e-lancado-em-cataguases\\\/\"},\"author\":{\"name\":\"Marcelo Lopes\",\"@id\":\"https:\\\/\\\/marcelolopes.jor.br\\\/site\\\/#\\\/schema\\\/person\\\/3e7216a35c34d8fdf952b31da3d1f89f\"},\"headline\":\"I\u00ba F\u00f3rum Municipal Lixo e Cidadania \u00e9 lan\u00e7ado em Cataguases\",\"datePublished\":\"2025-03-26T23:00:37+00:00\",\"mainEntityOfPage\":{\"@id\":\"https:\\\/\\\/marcelolopes.jor.br\\\/site\\\/2025\\\/03\\\/26\\\/io-forum-municipal-lixo-e-cidadania-e-lancado-em-cataguases\\\/\"},\"wordCount\":493,\"commentCount\":0,\"publisher\":{\"@id\":\"https:\\\/\\\/marcelolopes.jor.br\\\/site\\\/#organization\"},\"image\":{\"@id\":\"https:\\\/\\\/marcelolopes.jor.br\\\/site\\\/2025\\\/03\\\/26\\\/io-forum-municipal-lixo-e-cidadania-e-lancado-em-cataguases\\\/#primaryimage\"},\"thumbnailUrl\":\"https:\\\/\\\/marcelolopes.jor.br\\\/site\\\/wp-content\\\/uploads\\\/2025\\\/03\\\/WhatsApp-Image-2025-03-26-at-15.38.46.jpeg\",\"articleSection\":[\"Not\u00edcias\"],\"inLanguage\":\"pt-BR\",\"potentialAction\":[{\"@type\":\"CommentAction\",\"name\":\"Comment\",\"target\":[\"https:\\\/\\\/marcelolopes.jor.br\\\/site\\\/2025\\\/03\\\/26\\\/io-forum-municipal-lixo-e-cidadania-e-lancado-em-cataguases\\\/#respond\"]}]},{\"@type\":\"WebPage\",\"@id\":\"https:\\\/\\\/marcelolopes.jor.br\\\/site\\\/2025\\\/03\\\/26\\\/io-forum-municipal-lixo-e-cidadania-e-lancado-em-cataguases\\\/\",\"url\":\"https:\\\/\\\/marcelolopes.jor.br\\\/site\\\/2025\\\/03\\\/26\\\/io-forum-municipal-lixo-e-cidadania-e-lancado-em-cataguases\\\/\",\"name\":\"I\u00ba F\u00f3rum Municipal Lixo e Cidadania \u00e9 lan\u00e7ado em Cataguases | Marcelo Lopes\",\"isPartOf\":{\"@id\":\"https:\\\/\\\/marcelolopes.jor.br\\\/site\\\/#website\"},\"primaryImageOfPage\":{\"@id\":\"https:\\\/\\\/marcelolopes.jor.br\\\/site\\\/2025\\\/03\\\/26\\\/io-forum-municipal-lixo-e-cidadania-e-lancado-em-cataguases\\\/#primaryimage\"},\"image\":{\"@id\":\"https:\\\/\\\/marcelolopes.jor.br\\\/site\\\/2025\\\/03\\\/26\\\/io-forum-municipal-lixo-e-cidadania-e-lancado-em-cataguases\\\/#primaryimage\"},\"thumbnailUrl\":\"https:\\\/\\\/marcelolopes.jor.br\\\/site\\\/wp-content\\\/uploads\\\/2025\\\/03\\\/WhatsApp-Image-2025-03-26-at-15.38.46.jpeg\",\"datePublished\":\"2025-03-26T23:00:37+00:00\",\"description\":\"I\u00ba F\u00f3rum Municipal Lixo e Cidadania \u00e9 lan\u00e7ado em Cataguases. Debate foi em torno da coleta seletiva, educa\u00e7\u00e3o ambiental e sustentabilidade.\",\"breadcrumb\":{\"@id\":\"https:\\\/\\\/marcelolopes.jor.br\\\/site\\\/2025\\\/03\\\/26\\\/io-forum-municipal-lixo-e-cidadania-e-lancado-em-cataguases\\\/#breadcrumb\"},\"inLanguage\":\"pt-BR\",\"potentialAction\":[{\"@type\":\"ReadAction\",\"target\":[\"https:\\\/\\\/marcelolopes.jor.br\\\/site\\\/2025\\\/03\\\/26\\\/io-forum-municipal-lixo-e-cidadania-e-lancado-em-cataguases\\\/\"]}]},{\"@type\":\"ImageObject\",\"inLanguage\":\"pt-BR\",\"@id\":\"https:\\\/\\\/marcelolopes.jor.br\\\/site\\\/2025\\\/03\\\/26\\\/io-forum-municipal-lixo-e-cidadania-e-lancado-em-cataguases\\\/#primaryimage\",\"url\":\"https:\\\/\\\/marcelolopes.jor.br\\\/site\\\/wp-content\\\/uploads\\\/2025\\\/03\\\/WhatsApp-Image-2025-03-26-at-15.38.46.jpeg\",\"contentUrl\":\"https:\\\/\\\/marcelolopes.jor.br\\\/site\\\/wp-content\\\/uploads\\\/2025\\\/03\\\/WhatsApp-Image-2025-03-26-at-15.38.46.jpeg\",\"width\":1280,\"height\":816,\"caption\":\"I\u00ba F\u00f3rum Municipal Lixo\"},{\"@type\":\"BreadcrumbList\",\"@id\":\"https:\\\/\\\/marcelolopes.jor.br\\\/site\\\/2025\\\/03\\\/26\\\/io-forum-municipal-lixo-e-cidadania-e-lancado-em-cataguases\\\/#breadcrumb\",\"itemListElement\":[{\"@type\":\"ListItem\",\"position\":1,\"name\":\"Home\",\"item\":\"https:\\\/\\\/marcelolopes.jor.br\\\/site\\\/\"},{\"@type\":\"ListItem\",\"position\":2,\"name\":\"I\u00ba F\u00f3rum Municipal Lixo e Cidadania \u00e9 lan\u00e7ado em Cataguases\"}]},{\"@type\":\"WebSite\",\"@id\":\"https:\\\/\\\/marcelolopes.jor.br\\\/site\\\/#website\",\"url\":\"https:\\\/\\\/marcelolopes.jor.br\\\/site\\\/\",\"name\":\"Marcelo Lopes\",\"description\":\"Not\u00edcias de Cataguases e Regi\u00e3o\",\"publisher\":{\"@id\":\"https:\\\/\\\/marcelolopes.jor.br\\\/site\\\/#organization\"},\"potentialAction\":[{\"@type\":\"SearchAction\",\"target\":{\"@type\":\"EntryPoint\",\"urlTemplate\":\"https:\\\/\\\/marcelolopes.jor.br\\\/site\\\/?s={search_term_string}\"},\"query-input\":{\"@type\":\"PropertyValueSpecification\",\"valueRequired\":true,\"valueName\":\"search_term_string\"}}],\"inLanguage\":\"pt-BR\"},{\"@type\":\"Organization\",\"@id\":\"https:\\\/\\\/marcelolopes.jor.br\\\/site\\\/#organization\",\"name\":\"Site do Marcelo Lopes\",\"url\":\"https:\\\/\\\/marcelolopes.jor.br\\\/site\\\/\",\"logo\":{\"@type\":\"ImageObject\",\"inLanguage\":\"pt-BR\",\"@id\":\"https:\\\/\\\/marcelolopes.jor.br\\\/site\\\/#\\\/schema\\\/logo\\\/image\\\/\",\"url\":\"https:\\\/\\\/marcelolopes.jor.br\\\/site\\\/wp-content\\\/uploads\\\/2024\\\/11\\\/logo-1.png\",\"contentUrl\":\"https:\\\/\\\/marcelolopes.jor.br\\\/site\\\/wp-content\\\/uploads\\\/2024\\\/11\\\/logo-1.png\",\"width\":475,\"height\":80,\"caption\":\"Site do Marcelo Lopes\"},\"image\":{\"@id\":\"https:\\\/\\\/marcelolopes.jor.br\\\/site\\\/#\\\/schema\\\/logo\\\/image\\\/\"},\"sameAs\":[\"https:\\\/\\\/www.facebook.com\\\/sitedomarcelolopes\",\"https:\\\/\\\/www.instagram.com\\\/sitedomarcelolopes\\\/\",\"https:\\\/\\\/www.linkedin.com\\\/company\\\/site-do-marcelo-lopes\\\/\",\"https:\\\/\\\/www.youtube.com\\\/user\\\/marcelolopes957\"]},{\"@type\":\"Person\",\"@id\":\"https:\\\/\\\/marcelolopes.jor.br\\\/site\\\/#\\\/schema\\\/person\\\/3e7216a35c34d8fdf952b31da3d1f89f\",\"name\":\"Marcelo Lopes\",\"sameAs\":[\"http:\\\/\\\/www.marcelolopes.jor.br\"],\"url\":\"https:\\\/\\\/marcelolopes.jor.br\\\/site\\\/author\\\/marcelo\\\/\"}]}<\/script>\n<!-- \/ Yoast SEO plugin. -->","yoast_head_json":{"title":"I\u00ba F\u00f3rum Municipal Lixo e Cidadania \u00e9 lan\u00e7ado em Cataguases | Marcelo Lopes","description":"I\u00ba F\u00f3rum Municipal Lixo e Cidadania \u00e9 lan\u00e7ado em Cataguases. Debate foi em torno da coleta seletiva, educa\u00e7\u00e3o ambiental e sustentabilidade.","robots":{"index":"index","follow":"follow","max-snippet":"max-snippet:-1","max-image-preview":"max-image-preview:large","max-video-preview":"max-video-preview:-1"},"canonical":"https:\/\/marcelolopes.jor.br\/site\/2025\/03\/26\/io-forum-municipal-lixo-e-cidadania-e-lancado-em-cataguases\/","og_locale":"pt_BR","og_type":"article","og_title":"I\u00ba F\u00f3rum Municipal Lixo e Cidadania \u00e9 lan\u00e7ado em Cataguases | Marcelo Lopes","og_description":"I\u00ba F\u00f3rum Municipal Lixo e Cidadania \u00e9 lan\u00e7ado em Cataguases. Debate foi em torno da coleta seletiva, educa\u00e7\u00e3o ambiental e sustentabilidade.","og_url":"https:\/\/marcelolopes.jor.br\/site\/2025\/03\/26\/io-forum-municipal-lixo-e-cidadania-e-lancado-em-cataguases\/","og_site_name":"Marcelo Lopes","article_publisher":"https:\/\/www.facebook.com\/sitedomarcelolopes","article_published_time":"2025-03-26T23:00:37+00:00","og_image":[{"width":1280,"height":816,"url":"https:\/\/marcelolopes.jor.br\/site\/wp-content\/uploads\/2025\/03\/WhatsApp-Image-2025-03-26-at-15.38.46.jpeg","type":"image\/jpeg"}],"author":"Marcelo Lopes","twitter_card":"summary_large_image","twitter_misc":{"Escrito por":"Marcelo Lopes","Est. tempo de leitura":"2 minutos"},"schema":{"@context":"https:\/\/schema.org","@graph":[{"@type":"NewsArticle","@id":"https:\/\/marcelolopes.jor.br\/site\/2025\/03\/26\/io-forum-municipal-lixo-e-cidadania-e-lancado-em-cataguases\/#article","isPartOf":{"@id":"https:\/\/marcelolopes.jor.br\/site\/2025\/03\/26\/io-forum-municipal-lixo-e-cidadania-e-lancado-em-cataguases\/"},"author":{"name":"Marcelo Lopes","@id":"https:\/\/marcelolopes.jor.br\/site\/#\/schema\/person\/3e7216a35c34d8fdf952b31da3d1f89f"},"headline":"I\u00ba F\u00f3rum Municipal Lixo e Cidadania \u00e9 lan\u00e7ado em Cataguases","datePublished":"2025-03-26T23:00:37+00:00","mainEntityOfPage":{"@id":"https:\/\/marcelolopes.jor.br\/site\/2025\/03\/26\/io-forum-municipal-lixo-e-cidadania-e-lancado-em-cataguases\/"},"wordCount":493,"commentCount":0,"publisher":{"@id":"https:\/\/marcelolopes.jor.br\/site\/#organization"},"image":{"@id":"https:\/\/marcelolopes.jor.br\/site\/2025\/03\/26\/io-forum-municipal-lixo-e-cidadania-e-lancado-em-cataguases\/#primaryimage"},"thumbnailUrl":"https:\/\/marcelolopes.jor.br\/site\/wp-content\/uploads\/2025\/03\/WhatsApp-Image-2025-03-26-at-15.38.46.jpeg","articleSection":["Not\u00edcias"],"inLanguage":"pt-BR","potentialAction":[{"@type":"CommentAction","name":"Comment","target":["https:\/\/marcelolopes.jor.br\/site\/2025\/03\/26\/io-forum-municipal-lixo-e-cidadania-e-lancado-em-cataguases\/#respond"]}]},{"@type":"WebPage","@id":"https:\/\/marcelolopes.jor.br\/site\/2025\/03\/26\/io-forum-municipal-lixo-e-cidadania-e-lancado-em-cataguases\/","url":"https:\/\/marcelolopes.jor.br\/site\/2025\/03\/26\/io-forum-municipal-lixo-e-cidadania-e-lancado-em-cataguases\/","name":"I\u00ba F\u00f3rum Municipal Lixo e Cidadania \u00e9 lan\u00e7ado em Cataguases | Marcelo Lopes","isPartOf":{"@id":"https:\/\/marcelolopes.jor.br\/site\/#website"},"primaryImageOfPage":{"@id":"https:\/\/marcelolopes.jor.br\/site\/2025\/03\/26\/io-forum-municipal-lixo-e-cidadania-e-lancado-em-cataguases\/#primaryimage"},"image":{"@id":"https:\/\/marcelolopes.jor.br\/site\/2025\/03\/26\/io-forum-municipal-lixo-e-cidadania-e-lancado-em-cataguases\/#primaryimage"},"thumbnailUrl":"https:\/\/marcelolopes.jor.br\/site\/wp-content\/uploads\/2025\/03\/WhatsApp-Image-2025-03-26-at-15.38.46.jpeg","datePublished":"2025-03-26T23:00:37+00:00","description":"I\u00ba F\u00f3rum Municipal Lixo e Cidadania \u00e9 lan\u00e7ado em Cataguases. Debate foi em torno da coleta seletiva, educa\u00e7\u00e3o ambiental e sustentabilidade.","breadcrumb":{"@id":"https:\/\/marcelolopes.jor.br\/site\/2025\/03\/26\/io-forum-municipal-lixo-e-cidadania-e-lancado-em-cataguases\/#breadcrumb"},"inLanguage":"pt-BR","potentialAction":[{"@type":"ReadAction","target":["https:\/\/marcelolopes.jor.br\/site\/2025\/03\/26\/io-forum-municipal-lixo-e-cidadania-e-lancado-em-cataguases\/"]}]},{"@type":"ImageObject","inLanguage":"pt-BR","@id":"https:\/\/marcelolopes.jor.br\/site\/2025\/03\/26\/io-forum-municipal-lixo-e-cidadania-e-lancado-em-cataguases\/#primaryimage","url":"https:\/\/marcelolopes.jor.br\/site\/wp-content\/uploads\/2025\/03\/WhatsApp-Image-2025-03-26-at-15.38.46.jpeg","contentUrl":"https:\/\/marcelolopes.jor.br\/site\/wp-content\/uploads\/2025\/03\/WhatsApp-Image-2025-03-26-at-15.38.46.jpeg","width":1280,"height":816,"caption":"I\u00ba F\u00f3rum Municipal Lixo"},{"@type":"BreadcrumbList","@id":"https:\/\/marcelolopes.jor.br\/site\/2025\/03\/26\/io-forum-municipal-lixo-e-cidadania-e-lancado-em-cataguases\/#breadcrumb","itemListElement":[{"@type":"ListItem","position":1,"name":"Home","item":"https:\/\/marcelolopes.jor.br\/site\/"},{"@type":"ListItem","position":2,"name":"I\u00ba F\u00f3rum Municipal Lixo e Cidadania \u00e9 lan\u00e7ado em Cataguases"}]},{"@type":"WebSite","@id":"https:\/\/marcelolopes.jor.br\/site\/#website","url":"https:\/\/marcelolopes.jor.br\/site\/","name":"Marcelo Lopes","description":"Not\u00edcias de Cataguases e Regi\u00e3o","publisher":{"@id":"https:\/\/marcelolopes.jor.br\/site\/#organization"},"potentialAction":[{"@type":"SearchAction","target":{"@type":"EntryPoint","urlTemplate":"https:\/\/marcelolopes.jor.br\/site\/?s={search_term_string}"},"query-input":{"@type":"PropertyValueSpecification","valueRequired":true,"valueName":"search_term_string"}}],"inLanguage":"pt-BR"},{"@type":"Organization","@id":"https:\/\/marcelolopes.jor.br\/site\/#organization","name":"Site do Marcelo Lopes","url":"https:\/\/marcelolopes.jor.br\/site\/","logo":{"@type":"ImageObject","inLanguage":"pt-BR","@id":"https:\/\/marcelolopes.jor.br\/site\/#\/schema\/logo\/image\/","url":"https:\/\/marcelolopes.jor.br\/site\/wp-content\/uploads\/2024\/11\/logo-1.png","contentUrl":"https:\/\/marcelolopes.jor.br\/site\/wp-content\/uploads\/2024\/11\/logo-1.png","width":475,"height":80,"caption":"Site do Marcelo Lopes"},"image":{"@id":"https:\/\/marcelolopes.jor.br\/site\/#\/schema\/logo\/image\/"},"sameAs":["https:\/\/www.facebook.com\/sitedomarcelolopes","https:\/\/www.instagram.com\/sitedomarcelolopes\/","https:\/\/www.linkedin.com\/company\/site-do-marcelo-lopes\/","https:\/\/www.youtube.com\/user\/marcelolopes957"]},{"@type":"Person","@id":"https:\/\/marcelolopes.jor.br\/site\/#\/schema\/person\/3e7216a35c34d8fdf952b31da3d1f89f","name":"Marcelo Lopes","sameAs":["http:\/\/www.marcelolopes.jor.br"],"url":"https:\/\/marcelolopes.jor.br\/site\/author\/marcelo\/"}]}},"wps_subtitle":"Debate foi em torno da coleta seletiva, educa\u00e7\u00e3o ambiental e sustentabilidade.","_links":{"self":[{"href":"https:\/\/marcelolopes.jor.br\/site\/wp-json\/wp\/v2\/posts\/56905","targetHints":{"allow":["GET"]}}],"collection":[{"href":"https:\/\/marcelolopes.jor.br\/site\/wp-json\/wp\/v2\/posts"}],"about":[{"href":"https:\/\/marcelolopes.jor.br\/site\/wp-json\/wp\/v2\/types\/post"}],"author":[{"embeddable":true,"href":"https:\/\/marcelolopes.jor.br\/site\/wp-json\/wp\/v2\/users\/2"}],"replies":[{"embeddable":true,"href":"https:\/\/marcelolopes.jor.br\/site\/wp-json\/wp\/v2\/comments?post=56905"}],"version-history":[{"count":0,"href":"https:\/\/marcelolopes.jor.br\/site\/wp-json\/wp\/v2\/posts\/56905\/revisions"}],"wp:featuredmedia":[{"embeddable":true,"href":"https:\/\/marcelolopes.jor.br\/site\/wp-json\/wp\/v2\/media\/56908"}],"wp:attachment":[{"href":"https:\/\/marcelolopes.jor.br\/site\/wp-json\/wp\/v2\/media?parent=56905"}],"wp:term":[{"taxonomy":"category","embeddable":true,"href":"https:\/\/marcelolopes.jor.br\/site\/wp-json\/wp\/v2\/categories?post=56905"},{"taxonomy":"post_tag","embeddable":true,"href":"https:\/\/marcelolopes.jor.br\/site\/wp-json\/wp\/v2\/tags?post=56905"}],"curies":[{"name":"wp","href":"https:\/\/api.w.org\/{rel}","templated":true}]}}