{"id":5518,"date":"2019-09-05T07:00:22","date_gmt":"2019-09-05T10:00:22","guid":{"rendered":"https:\/\/marcelolopes.jor.br\/?p=5518"},"modified":"2019-09-04T22:44:58","modified_gmt":"2019-09-05T01:44:58","slug":"colegio-equipe-vai-adotar-em-2020-programa-escola-da-inteligencia","status":"publish","type":"post","link":"https:\/\/marcelolopes.jor.br\/site\/2019\/09\/05\/colegio-equipe-vai-adotar-em-2020-programa-escola-da-inteligencia\/","title":{"rendered":"Col\u00e9gio Equipe vai adotar em 2020 Programa Escola da Intelig\u00eancia"},"content":{"rendered":"<p style=\"text-align: justify;\">O Col\u00e9gio Equipe de Cataguases reuniu alunos e seus pais, al\u00e9m de professores e diretoria em um encontro realizado no sal\u00e3o nobre do Clube do Remo na noite desta quarta-feira, 04 de setembro. O motivo foi lan\u00e7ar oficialmente a Escola da Intelig\u00eancia que, na pr\u00e1tica, constitui a ado\u00e7\u00e3o de novos conte\u00fados de aprendizado para os alunos do ensino Fundamental naquela institui\u00e7\u00e3o e ser\u00e1 implementado a partir do ano letivo de 2020. As informa\u00e7\u00f5es s\u00e3o dos diretores Fl\u00e1vio Montes e Cristiano Casali, que est\u00e3o muito otimistas com este modelo de Educa\u00e7\u00e3o Socioemocional, que j\u00e1 conta com mais de 400 mil estudantes no Brasil e Am\u00e9rica do Sul.<!--more--><\/p>\n<p style=\"text-align: justify;\"><img loading=\"lazy\" decoding=\"async\" class=\"aligncenter wp-image-5523\" src=\"https:\/\/marcelolopes.jor.br\/site\/wp-content\/uploads\/2019\/09\/IMG_6793-300x225.jpg\" alt=\"\" width=\"400\" height=\"300\" srcset=\"https:\/\/marcelolopes.jor.br\/site\/wp-content\/uploads\/2019\/09\/IMG_6793-300x225.jpg 300w, https:\/\/marcelolopes.jor.br\/site\/wp-content\/uploads\/2019\/09\/IMG_6793-768x576.jpg 768w, https:\/\/marcelolopes.jor.br\/site\/wp-content\/uploads\/2019\/09\/IMG_6793.jpg 800w\" sizes=\"auto, (max-width: 400px) 100vw, 400px\" \/>O programa criado h\u00e1 quase dez anos pelo renomado psiquiatra, psic\u00f3logo, escritor e professor Augusto Cury, leva para dentro da sala de aula as rela\u00e7\u00f5es interpessoais onde o aluno aprende a gerenciar suas emo\u00e7\u00f5es e construir rela\u00e7\u00f5es saud\u00e1veis, tornando assim, o ciclo de aprendizagem completo. A explica\u00e7\u00e3o \u00e9 da L\u00edvia Chagas, consultora de ensino da Escola da Intelig\u00eancia, que esteve em Cataguases especialmente para apresentar ao p\u00fablico este novo conceito e metodologia de educar.<\/p>\n<p style=\"text-align: justify;\"><img loading=\"lazy\" decoding=\"async\" class=\"aligncenter wp-image-5524\" src=\"https:\/\/marcelolopes.jor.br\/site\/wp-content\/uploads\/2019\/09\/IMG_6823-300x225.jpg\" alt=\"\" width=\"400\" height=\"300\" srcset=\"https:\/\/marcelolopes.jor.br\/site\/wp-content\/uploads\/2019\/09\/IMG_6823-300x225.jpg 300w, https:\/\/marcelolopes.jor.br\/site\/wp-content\/uploads\/2019\/09\/IMG_6823-768x576.jpg 768w, https:\/\/marcelolopes.jor.br\/site\/wp-content\/uploads\/2019\/09\/IMG_6823.jpg 800w\" sizes=\"auto, (max-width: 400px) 100vw, 400px\" \/>&#8220;Na pr\u00e1tica, revela, os alunos recebem na grade curricular uma hora aula a mais por semana onde v\u00e3o trabalhar o material adotado pela Escola da Intelig\u00eancia, que \u00e9 um programa baseado em Teoria, Reflex\u00e3o e Viv\u00eancia. Ou seja, a leitura seguida de uma reflex\u00e3o sobre o tema abordado e a viv\u00eancia, que \u00e9 a pr\u00e1tica de tudo o que aprenderam&#8221;, diz. &#8220;Todos estes temas s\u00e3o referentes \u00e0 Educa\u00e7\u00e3o Emocional, ou seja, eles v\u00e3o trabalhar conceitos para poder pensar antes de agir, reagir, colocar-se no lugar do outro, ser mais tolerante. Enfim, contribui para a forma\u00e7\u00e3o do cidad\u00e3o e para a vida acad\u00eamica, porque hoje o mercado de trabalho est\u00e1 pedindo mais do que compet\u00eancias t\u00e9cnicas, mas tamb\u00e9m saber trabalhar em equipe, administrar problemas complexos. O programa, tamb\u00e9m envolve toda a fam\u00edlia por meio de quatro reuni\u00f5es anuais&#8221;, completou.<\/p>\n<p style=\"text-align: justify;\"><img loading=\"lazy\" decoding=\"async\" class=\"aligncenter wp-image-5522\" src=\"https:\/\/marcelolopes.jor.br\/site\/wp-content\/uploads\/2019\/09\/IMG_6808-300x225.jpg\" alt=\"\" width=\"400\" height=\"300\" srcset=\"https:\/\/marcelolopes.jor.br\/site\/wp-content\/uploads\/2019\/09\/IMG_6808-300x225.jpg 300w, https:\/\/marcelolopes.jor.br\/site\/wp-content\/uploads\/2019\/09\/IMG_6808-768x576.jpg 768w, https:\/\/marcelolopes.jor.br\/site\/wp-content\/uploads\/2019\/09\/IMG_6808.jpg 800w\" sizes=\"auto, (max-width: 400px) 100vw, 400px\" \/>Os diretores do Equipe de Cataguases est\u00e3o otimistas com o programa que ser\u00e1 implantado inicialmente no Ensino Fundamental daquela escola, &#8220;mas vamos amplia-lo em breve&#8221;, prev\u00ea Fl\u00e1vio Montes (foto acima). Ele explicou que escolheram a Escola da Intelig\u00eancia &#8220;primeiro porque a gente tem um respaldo t\u00e9cnico e tecnol\u00f3gico muito grande, que \u00e9 do pr\u00f3prio Augusto Cury. N\u00f3s sabemos que na \u00faltima d\u00e9cada ele foi o autor mais lido no mundo. Ent\u00e3o a gente tem que prestigiar um talento brasileiro, de primeira linha no mundo&#8221;, argumentou. O tamb\u00e9m diretor Cristiano Casali segue o mesmo racioc\u00ednio: &#8220;Realmente vamos adotar um programa que faz uma abordagem completamente diferente da tradicional onde um dos principais focos \u00e9 o desenvolvimento socioemocional da crian\u00e7a e do adolescente. Uma prepara\u00e7\u00e3o como um todo, onde a fam\u00edlia estar\u00e1 envolvida e isso, com certeza, vai fazer uma diferen\u00e7a muito grande no futuro deles&#8221;, garante. A abertura do encontro foi uma encena\u00e7\u00e3o teatral feita por um grupo de alunos.<\/p>\n<p><img loading=\"lazy\" decoding=\"async\" class=\"aligncenter wp-image-5531\" src=\"https:\/\/marcelolopes.jor.br\/site\/wp-content\/uploads\/2019\/09\/IMG_6817-300x225.jpg\" alt=\"\" width=\"500\" height=\"375\" srcset=\"https:\/\/marcelolopes.jor.br\/site\/wp-content\/uploads\/2019\/09\/IMG_6817-300x225.jpg 300w, https:\/\/marcelolopes.jor.br\/site\/wp-content\/uploads\/2019\/09\/IMG_6817-768x576.jpg 768w, https:\/\/marcelolopes.jor.br\/site\/wp-content\/uploads\/2019\/09\/IMG_6817.jpg 800w\" sizes=\"auto, (max-width: 500px) 100vw, 500px\" \/><\/p>\n<p><img loading=\"lazy\" decoding=\"async\" class=\"aligncenter wp-image-5529\" src=\"https:\/\/marcelolopes.jor.br\/site\/wp-content\/uploads\/2019\/09\/IMG_6813-300x225.jpg\" alt=\"\" width=\"500\" height=\"375\" srcset=\"https:\/\/marcelolopes.jor.br\/site\/wp-content\/uploads\/2019\/09\/IMG_6813-300x225.jpg 300w, https:\/\/marcelolopes.jor.br\/site\/wp-content\/uploads\/2019\/09\/IMG_6813-768x576.jpg 768w, https:\/\/marcelolopes.jor.br\/site\/wp-content\/uploads\/2019\/09\/IMG_6813.jpg 800w\" sizes=\"auto, (max-width: 500px) 100vw, 500px\" \/><\/p>\n<p><img loading=\"lazy\" decoding=\"async\" class=\"aligncenter wp-image-5528\" src=\"https:\/\/marcelolopes.jor.br\/site\/wp-content\/uploads\/2019\/09\/IMG_6812-300x225.jpg\" alt=\"\" width=\"500\" height=\"375\" srcset=\"https:\/\/marcelolopes.jor.br\/site\/wp-content\/uploads\/2019\/09\/IMG_6812-300x225.jpg 300w, https:\/\/marcelolopes.jor.br\/site\/wp-content\/uploads\/2019\/09\/IMG_6812-768x576.jpg 768w, https:\/\/marcelolopes.jor.br\/site\/wp-content\/uploads\/2019\/09\/IMG_6812.jpg 800w\" sizes=\"auto, (max-width: 500px) 100vw, 500px\" \/><\/p>\n<p><img loading=\"lazy\" decoding=\"async\" class=\"aligncenter wp-image-5527\" src=\"https:\/\/marcelolopes.jor.br\/site\/wp-content\/uploads\/2019\/09\/IMG_6795-300x225.jpg\" alt=\"\" width=\"500\" height=\"375\" srcset=\"https:\/\/marcelolopes.jor.br\/site\/wp-content\/uploads\/2019\/09\/IMG_6795-300x225.jpg 300w, https:\/\/marcelolopes.jor.br\/site\/wp-content\/uploads\/2019\/09\/IMG_6795-768x576.jpg 768w, https:\/\/marcelolopes.jor.br\/site\/wp-content\/uploads\/2019\/09\/IMG_6795.jpg 800w\" sizes=\"auto, (max-width: 500px) 100vw, 500px\" \/><\/p>\n<p><img loading=\"lazy\" decoding=\"async\" class=\"aligncenter wp-image-5526\" src=\"https:\/\/marcelolopes.jor.br\/site\/wp-content\/uploads\/2019\/09\/IMG_6827-300x225.jpg\" alt=\"\" width=\"500\" height=\"375\" srcset=\"https:\/\/marcelolopes.jor.br\/site\/wp-content\/uploads\/2019\/09\/IMG_6827-300x225.jpg 300w, https:\/\/marcelolopes.jor.br\/site\/wp-content\/uploads\/2019\/09\/IMG_6827-768x576.jpg 768w, https:\/\/marcelolopes.jor.br\/site\/wp-content\/uploads\/2019\/09\/IMG_6827.jpg 800w\" sizes=\"auto, (max-width: 500px) 100vw, 500px\" \/><\/p>\n<p><img loading=\"lazy\" decoding=\"async\" class=\"aligncenter wp-image-5525\" src=\"https:\/\/marcelolopes.jor.br\/site\/wp-content\/uploads\/2019\/09\/IMG_6753-300x225.jpg\" alt=\"\" width=\"500\" height=\"375\" srcset=\"https:\/\/marcelolopes.jor.br\/site\/wp-content\/uploads\/2019\/09\/IMG_6753-300x225.jpg 300w, https:\/\/marcelolopes.jor.br\/site\/wp-content\/uploads\/2019\/09\/IMG_6753-768x576.jpg 768w, https:\/\/marcelolopes.jor.br\/site\/wp-content\/uploads\/2019\/09\/IMG_6753.jpg 800w\" sizes=\"auto, (max-width: 500px) 100vw, 500px\" \/><\/p>\n<div class=\"aojbs69f7744a48420\" ><br><\/div><style type=\"text\/css\">\r\n@media screen and (min-width: 1201px) {\r\n.aojbs69f7744a48420 {\r\ndisplay: block;\r\n}\r\n}\r\n@media screen and (min-width: 993px) and (max-width: 1200px) {\r\n.aojbs69f7744a48420 {\r\ndisplay: block;\r\n}\r\n}\r\n@media screen and (min-width: 769px) and (max-width: 992px) {\r\n.aojbs69f7744a48420 {\r\ndisplay: block;\r\n}\r\n}\r\n@media screen and (min-width: 768px) and (max-width: 768px) {\r\n.aojbs69f7744a48420 {\r\ndisplay: block;\r\n}\r\n}\r\n@media screen and (max-width: 767px) {\r\n.aojbs69f7744a48420 {\r\ndisplay: block;\r\n}\r\n}\r\n<\/style>\r\n<div class=\"fnnkr69f7744a4e286\" ><div id=\"div_destino\"><\/div>\r\n<script src=\"https:\/\/cdn.snsrsv.com\/sdk.js\"><\/script>\r\n<script >\r\n      new sdk(\"464030C30061EA8BE065000000000001\") \r\n          .appendTo(\"div_destino\")\r\n          .disableStyle(true) \r\n          .setCacheBusterMacro(\"%%CACHEBUSTER%%\")\r\n          .setSize(\"800\",\"214\")\r\n          .setClickMacro(\"%%CLICK_URL_ESC%%\") \r\n          .setReferrerUrlMacro(\"%%REFERRER_URL_ESC%%\") \r\n          .start(); \r\n<\/script><\/div><style type=\"text\/css\">\r\n@media screen and (min-width: 1201px) {\r\n.fnnkr69f7744a4e286 {\r\ndisplay: block;\r\n}\r\n}\r\n@media screen and (min-width: 993px) and (max-width: 1200px) {\r\n.fnnkr69f7744a4e286 {\r\ndisplay: block;\r\n}\r\n}\r\n@media screen and (min-width: 769px) and (max-width: 992px) {\r\n.fnnkr69f7744a4e286 {\r\ndisplay: block;\r\n}\r\n}\r\n@media screen and (min-width: 768px) and (max-width: 768px) {\r\n.fnnkr69f7744a4e286 {\r\ndisplay: block;\r\n}\r\n}\r\n@media screen and (max-width: 767px) {\r\n.fnnkr69f7744a4e286 {\r\ndisplay: block;\r\n}\r\n}\r\n<\/style>\r\n","protected":false},"excerpt":{"rendered":"<p>O Col\u00e9gio Equipe de Cataguases reuniu alunos e seus pais, al\u00e9m de professores e diretoria em um encontro realizado no sal\u00e3o nobre do Clube do Remo na noite desta quarta-feira, 04 de setembro. O motivo foi lan\u00e7ar oficialmente a Escola<\/p>\n<p class=\"link-more\"><a class=\"more-link\" href=\"https:\/\/marcelolopes.jor.br\/site\/2019\/09\/05\/colegio-equipe-vai-adotar-em-2020-programa-escola-da-inteligencia\/\">Leia mais <span class=\"screen-reader-text\">Col\u00e9gio Equipe vai adotar em 2020 Programa Escola da Intelig\u00eancia<\/span><\/a><\/p>\n","protected":false},"author":2,"featured_media":5521,"comment_status":"open","ping_status":"open","sticky":false,"template":"","format":"standard","meta":{"footnotes":""},"categories":[1],"tags":[1145,51,1146,740],"class_list":["post-5518","post","type-post","status-publish","format-standard","has-post-thumbnail","hentry","category-noticias","tag-colegio-equipe","tag-educacao","tag-escola-da-inteligencia","tag-socioemocional","thumb-below-title"],"yoast_head":"<!-- This site is optimized with the Yoast SEO plugin v27.4 - https:\/\/yoast.com\/product\/yoast-seo-wordpress\/ -->\n<title>Col\u00e9gio Equipe vai adotar em 2020 Programa Escola da Intelig\u00eancia | Marcelo Lopes<\/title>\n<meta name=\"robots\" content=\"index, follow, max-snippet:-1, max-image-preview:large, max-video-preview:-1\" \/>\n<link rel=\"canonical\" href=\"https:\/\/marcelolopes.jor.br\/site\/2019\/09\/05\/colegio-equipe-vai-adotar-em-2020-programa-escola-da-inteligencia\/\" \/>\n<meta property=\"og:locale\" content=\"pt_BR\" \/>\n<meta property=\"og:type\" content=\"article\" \/>\n<meta property=\"og:title\" content=\"Col\u00e9gio Equipe vai adotar em 2020 Programa Escola da Intelig\u00eancia | Marcelo Lopes\" \/>\n<meta property=\"og:description\" content=\"O Col\u00e9gio Equipe de Cataguases reuniu alunos e seus pais, al\u00e9m de professores e diretoria em um encontro realizado no sal\u00e3o nobre do Clube do Remo na noite desta quarta-feira, 04 de setembro. O motivo foi lan\u00e7ar oficialmente a EscolaLeia mais Col\u00e9gio Equipe vai adotar em 2020 Programa Escola da Intelig\u00eancia\" \/>\n<meta property=\"og:url\" content=\"https:\/\/marcelolopes.jor.br\/site\/2019\/09\/05\/colegio-equipe-vai-adotar-em-2020-programa-escola-da-inteligencia\/\" \/>\n<meta property=\"og:site_name\" content=\"Marcelo Lopes\" \/>\n<meta property=\"article:publisher\" content=\"https:\/\/www.facebook.com\/sitedomarcelolopes\" \/>\n<meta property=\"article:published_time\" content=\"2019-09-05T10:00:22+00:00\" \/>\n<meta property=\"og:image\" content=\"https:\/\/marcelolopes.jor.br\/site\/wp-content\/uploads\/2019\/09\/IMG_6791.jpg\" \/>\n\t<meta property=\"og:image:width\" content=\"800\" \/>\n\t<meta property=\"og:image:height\" content=\"600\" \/>\n\t<meta property=\"og:image:type\" content=\"image\/jpeg\" \/>\n<meta name=\"author\" content=\"Marcelo Lopes\" \/>\n<meta name=\"twitter:card\" content=\"summary_large_image\" \/>\n<meta name=\"twitter:label1\" content=\"Escrito por\" \/>\n\t<meta name=\"twitter:data1\" content=\"Marcelo Lopes\" \/>\n\t<meta name=\"twitter:label2\" content=\"Est. tempo de leitura\" \/>\n\t<meta name=\"twitter:data2\" content=\"3 minutos\" \/>\n<script type=\"application\/ld+json\" class=\"yoast-schema-graph\">{\"@context\":\"https:\\\/\\\/schema.org\",\"@graph\":[{\"@type\":\"NewsArticle\",\"@id\":\"https:\\\/\\\/marcelolopes.jor.br\\\/site\\\/2019\\\/09\\\/05\\\/colegio-equipe-vai-adotar-em-2020-programa-escola-da-inteligencia\\\/#article\",\"isPartOf\":{\"@id\":\"https:\\\/\\\/marcelolopes.jor.br\\\/site\\\/2019\\\/09\\\/05\\\/colegio-equipe-vai-adotar-em-2020-programa-escola-da-inteligencia\\\/\"},\"author\":{\"name\":\"Marcelo Lopes\",\"@id\":\"https:\\\/\\\/marcelolopes.jor.br\\\/site\\\/#\\\/schema\\\/person\\\/3e7216a35c34d8fdf952b31da3d1f89f\"},\"headline\":\"Col\u00e9gio Equipe vai adotar em 2020 Programa Escola da Intelig\u00eancia\",\"datePublished\":\"2019-09-05T10:00:22+00:00\",\"mainEntityOfPage\":{\"@id\":\"https:\\\/\\\/marcelolopes.jor.br\\\/site\\\/2019\\\/09\\\/05\\\/colegio-equipe-vai-adotar-em-2020-programa-escola-da-inteligencia\\\/\"},\"wordCount\":539,\"commentCount\":0,\"publisher\":{\"@id\":\"https:\\\/\\\/marcelolopes.jor.br\\\/site\\\/#organization\"},\"image\":{\"@id\":\"https:\\\/\\\/marcelolopes.jor.br\\\/site\\\/2019\\\/09\\\/05\\\/colegio-equipe-vai-adotar-em-2020-programa-escola-da-inteligencia\\\/#primaryimage\"},\"thumbnailUrl\":\"https:\\\/\\\/marcelolopes.jor.br\\\/site\\\/wp-content\\\/uploads\\\/2019\\\/09\\\/IMG_6791.jpg\",\"keywords\":[\"Col\u00e9gio Equipe\",\"Educa\u00e7\u00e3o\",\"Escola da Intelig\u00eancia\",\"Socioemocional\"],\"articleSection\":[\"Not\u00edcias\"],\"inLanguage\":\"pt-BR\",\"potentialAction\":[{\"@type\":\"CommentAction\",\"name\":\"Comment\",\"target\":[\"https:\\\/\\\/marcelolopes.jor.br\\\/site\\\/2019\\\/09\\\/05\\\/colegio-equipe-vai-adotar-em-2020-programa-escola-da-inteligencia\\\/#respond\"]}]},{\"@type\":\"WebPage\",\"@id\":\"https:\\\/\\\/marcelolopes.jor.br\\\/site\\\/2019\\\/09\\\/05\\\/colegio-equipe-vai-adotar-em-2020-programa-escola-da-inteligencia\\\/\",\"url\":\"https:\\\/\\\/marcelolopes.jor.br\\\/site\\\/2019\\\/09\\\/05\\\/colegio-equipe-vai-adotar-em-2020-programa-escola-da-inteligencia\\\/\",\"name\":\"Col\u00e9gio Equipe vai adotar em 2020 Programa Escola da Intelig\u00eancia | Marcelo Lopes\",\"isPartOf\":{\"@id\":\"https:\\\/\\\/marcelolopes.jor.br\\\/site\\\/#website\"},\"primaryImageOfPage\":{\"@id\":\"https:\\\/\\\/marcelolopes.jor.br\\\/site\\\/2019\\\/09\\\/05\\\/colegio-equipe-vai-adotar-em-2020-programa-escola-da-inteligencia\\\/#primaryimage\"},\"image\":{\"@id\":\"https:\\\/\\\/marcelolopes.jor.br\\\/site\\\/2019\\\/09\\\/05\\\/colegio-equipe-vai-adotar-em-2020-programa-escola-da-inteligencia\\\/#primaryimage\"},\"thumbnailUrl\":\"https:\\\/\\\/marcelolopes.jor.br\\\/site\\\/wp-content\\\/uploads\\\/2019\\\/09\\\/IMG_6791.jpg\",\"datePublished\":\"2019-09-05T10:00:22+00:00\",\"breadcrumb\":{\"@id\":\"https:\\\/\\\/marcelolopes.jor.br\\\/site\\\/2019\\\/09\\\/05\\\/colegio-equipe-vai-adotar-em-2020-programa-escola-da-inteligencia\\\/#breadcrumb\"},\"inLanguage\":\"pt-BR\",\"potentialAction\":[{\"@type\":\"ReadAction\",\"target\":[\"https:\\\/\\\/marcelolopes.jor.br\\\/site\\\/2019\\\/09\\\/05\\\/colegio-equipe-vai-adotar-em-2020-programa-escola-da-inteligencia\\\/\"]}]},{\"@type\":\"ImageObject\",\"inLanguage\":\"pt-BR\",\"@id\":\"https:\\\/\\\/marcelolopes.jor.br\\\/site\\\/2019\\\/09\\\/05\\\/colegio-equipe-vai-adotar-em-2020-programa-escola-da-inteligencia\\\/#primaryimage\",\"url\":\"https:\\\/\\\/marcelolopes.jor.br\\\/site\\\/wp-content\\\/uploads\\\/2019\\\/09\\\/IMG_6791.jpg\",\"contentUrl\":\"https:\\\/\\\/marcelolopes.jor.br\\\/site\\\/wp-content\\\/uploads\\\/2019\\\/09\\\/IMG_6791.jpg\",\"width\":800,\"height\":600},{\"@type\":\"BreadcrumbList\",\"@id\":\"https:\\\/\\\/marcelolopes.jor.br\\\/site\\\/2019\\\/09\\\/05\\\/colegio-equipe-vai-adotar-em-2020-programa-escola-da-inteligencia\\\/#breadcrumb\",\"itemListElement\":[{\"@type\":\"ListItem\",\"position\":1,\"name\":\"Home\",\"item\":\"https:\\\/\\\/marcelolopes.jor.br\\\/site\\\/\"},{\"@type\":\"ListItem\",\"position\":2,\"name\":\"Col\u00e9gio Equipe vai adotar em 2020 Programa Escola da Intelig\u00eancia\"}]},{\"@type\":\"WebSite\",\"@id\":\"https:\\\/\\\/marcelolopes.jor.br\\\/site\\\/#website\",\"url\":\"https:\\\/\\\/marcelolopes.jor.br\\\/site\\\/\",\"name\":\"Marcelo Lopes\",\"description\":\"Not\u00edcias de Cataguases e Regi\u00e3o\",\"publisher\":{\"@id\":\"https:\\\/\\\/marcelolopes.jor.br\\\/site\\\/#organization\"},\"potentialAction\":[{\"@type\":\"SearchAction\",\"target\":{\"@type\":\"EntryPoint\",\"urlTemplate\":\"https:\\\/\\\/marcelolopes.jor.br\\\/site\\\/?s={search_term_string}\"},\"query-input\":{\"@type\":\"PropertyValueSpecification\",\"valueRequired\":true,\"valueName\":\"search_term_string\"}}],\"inLanguage\":\"pt-BR\"},{\"@type\":\"Organization\",\"@id\":\"https:\\\/\\\/marcelolopes.jor.br\\\/site\\\/#organization\",\"name\":\"Site do Marcelo Lopes\",\"url\":\"https:\\\/\\\/marcelolopes.jor.br\\\/site\\\/\",\"logo\":{\"@type\":\"ImageObject\",\"inLanguage\":\"pt-BR\",\"@id\":\"https:\\\/\\\/marcelolopes.jor.br\\\/site\\\/#\\\/schema\\\/logo\\\/image\\\/\",\"url\":\"https:\\\/\\\/marcelolopes.jor.br\\\/site\\\/wp-content\\\/uploads\\\/2024\\\/11\\\/logo-1.png\",\"contentUrl\":\"https:\\\/\\\/marcelolopes.jor.br\\\/site\\\/wp-content\\\/uploads\\\/2024\\\/11\\\/logo-1.png\",\"width\":475,\"height\":80,\"caption\":\"Site do Marcelo Lopes\"},\"image\":{\"@id\":\"https:\\\/\\\/marcelolopes.jor.br\\\/site\\\/#\\\/schema\\\/logo\\\/image\\\/\"},\"sameAs\":[\"https:\\\/\\\/www.facebook.com\\\/sitedomarcelolopes\",\"https:\\\/\\\/www.instagram.com\\\/sitedomarcelolopes\\\/\",\"https:\\\/\\\/www.linkedin.com\\\/company\\\/site-do-marcelo-lopes\\\/\",\"https:\\\/\\\/www.youtube.com\\\/user\\\/marcelolopes957\"]},{\"@type\":\"Person\",\"@id\":\"https:\\\/\\\/marcelolopes.jor.br\\\/site\\\/#\\\/schema\\\/person\\\/3e7216a35c34d8fdf952b31da3d1f89f\",\"name\":\"Marcelo Lopes\",\"sameAs\":[\"http:\\\/\\\/www.marcelolopes.jor.br\"],\"url\":\"https:\\\/\\\/marcelolopes.jor.br\\\/site\\\/author\\\/marcelo\\\/\"}]}<\/script>\n<!-- \/ Yoast SEO plugin. -->","yoast_head_json":{"title":"Col\u00e9gio Equipe vai adotar em 2020 Programa Escola da Intelig\u00eancia | Marcelo Lopes","robots":{"index":"index","follow":"follow","max-snippet":"max-snippet:-1","max-image-preview":"max-image-preview:large","max-video-preview":"max-video-preview:-1"},"canonical":"https:\/\/marcelolopes.jor.br\/site\/2019\/09\/05\/colegio-equipe-vai-adotar-em-2020-programa-escola-da-inteligencia\/","og_locale":"pt_BR","og_type":"article","og_title":"Col\u00e9gio Equipe vai adotar em 2020 Programa Escola da Intelig\u00eancia | Marcelo Lopes","og_description":"O Col\u00e9gio Equipe de Cataguases reuniu alunos e seus pais, al\u00e9m de professores e diretoria em um encontro realizado no sal\u00e3o nobre do Clube do Remo na noite desta quarta-feira, 04 de setembro. O motivo foi lan\u00e7ar oficialmente a EscolaLeia mais Col\u00e9gio Equipe vai adotar em 2020 Programa Escola da Intelig\u00eancia","og_url":"https:\/\/marcelolopes.jor.br\/site\/2019\/09\/05\/colegio-equipe-vai-adotar-em-2020-programa-escola-da-inteligencia\/","og_site_name":"Marcelo Lopes","article_publisher":"https:\/\/www.facebook.com\/sitedomarcelolopes","article_published_time":"2019-09-05T10:00:22+00:00","og_image":[{"width":800,"height":600,"url":"https:\/\/marcelolopes.jor.br\/site\/wp-content\/uploads\/2019\/09\/IMG_6791.jpg","type":"image\/jpeg"}],"author":"Marcelo Lopes","twitter_card":"summary_large_image","twitter_misc":{"Escrito por":"Marcelo Lopes","Est. tempo de leitura":"3 minutos"},"schema":{"@context":"https:\/\/schema.org","@graph":[{"@type":"NewsArticle","@id":"https:\/\/marcelolopes.jor.br\/site\/2019\/09\/05\/colegio-equipe-vai-adotar-em-2020-programa-escola-da-inteligencia\/#article","isPartOf":{"@id":"https:\/\/marcelolopes.jor.br\/site\/2019\/09\/05\/colegio-equipe-vai-adotar-em-2020-programa-escola-da-inteligencia\/"},"author":{"name":"Marcelo Lopes","@id":"https:\/\/marcelolopes.jor.br\/site\/#\/schema\/person\/3e7216a35c34d8fdf952b31da3d1f89f"},"headline":"Col\u00e9gio Equipe vai adotar em 2020 Programa Escola da Intelig\u00eancia","datePublished":"2019-09-05T10:00:22+00:00","mainEntityOfPage":{"@id":"https:\/\/marcelolopes.jor.br\/site\/2019\/09\/05\/colegio-equipe-vai-adotar-em-2020-programa-escola-da-inteligencia\/"},"wordCount":539,"commentCount":0,"publisher":{"@id":"https:\/\/marcelolopes.jor.br\/site\/#organization"},"image":{"@id":"https:\/\/marcelolopes.jor.br\/site\/2019\/09\/05\/colegio-equipe-vai-adotar-em-2020-programa-escola-da-inteligencia\/#primaryimage"},"thumbnailUrl":"https:\/\/marcelolopes.jor.br\/site\/wp-content\/uploads\/2019\/09\/IMG_6791.jpg","keywords":["Col\u00e9gio Equipe","Educa\u00e7\u00e3o","Escola da Intelig\u00eancia","Socioemocional"],"articleSection":["Not\u00edcias"],"inLanguage":"pt-BR","potentialAction":[{"@type":"CommentAction","name":"Comment","target":["https:\/\/marcelolopes.jor.br\/site\/2019\/09\/05\/colegio-equipe-vai-adotar-em-2020-programa-escola-da-inteligencia\/#respond"]}]},{"@type":"WebPage","@id":"https:\/\/marcelolopes.jor.br\/site\/2019\/09\/05\/colegio-equipe-vai-adotar-em-2020-programa-escola-da-inteligencia\/","url":"https:\/\/marcelolopes.jor.br\/site\/2019\/09\/05\/colegio-equipe-vai-adotar-em-2020-programa-escola-da-inteligencia\/","name":"Col\u00e9gio Equipe vai adotar em 2020 Programa Escola da Intelig\u00eancia | Marcelo Lopes","isPartOf":{"@id":"https:\/\/marcelolopes.jor.br\/site\/#website"},"primaryImageOfPage":{"@id":"https:\/\/marcelolopes.jor.br\/site\/2019\/09\/05\/colegio-equipe-vai-adotar-em-2020-programa-escola-da-inteligencia\/#primaryimage"},"image":{"@id":"https:\/\/marcelolopes.jor.br\/site\/2019\/09\/05\/colegio-equipe-vai-adotar-em-2020-programa-escola-da-inteligencia\/#primaryimage"},"thumbnailUrl":"https:\/\/marcelolopes.jor.br\/site\/wp-content\/uploads\/2019\/09\/IMG_6791.jpg","datePublished":"2019-09-05T10:00:22+00:00","breadcrumb":{"@id":"https:\/\/marcelolopes.jor.br\/site\/2019\/09\/05\/colegio-equipe-vai-adotar-em-2020-programa-escola-da-inteligencia\/#breadcrumb"},"inLanguage":"pt-BR","potentialAction":[{"@type":"ReadAction","target":["https:\/\/marcelolopes.jor.br\/site\/2019\/09\/05\/colegio-equipe-vai-adotar-em-2020-programa-escola-da-inteligencia\/"]}]},{"@type":"ImageObject","inLanguage":"pt-BR","@id":"https:\/\/marcelolopes.jor.br\/site\/2019\/09\/05\/colegio-equipe-vai-adotar-em-2020-programa-escola-da-inteligencia\/#primaryimage","url":"https:\/\/marcelolopes.jor.br\/site\/wp-content\/uploads\/2019\/09\/IMG_6791.jpg","contentUrl":"https:\/\/marcelolopes.jor.br\/site\/wp-content\/uploads\/2019\/09\/IMG_6791.jpg","width":800,"height":600},{"@type":"BreadcrumbList","@id":"https:\/\/marcelolopes.jor.br\/site\/2019\/09\/05\/colegio-equipe-vai-adotar-em-2020-programa-escola-da-inteligencia\/#breadcrumb","itemListElement":[{"@type":"ListItem","position":1,"name":"Home","item":"https:\/\/marcelolopes.jor.br\/site\/"},{"@type":"ListItem","position":2,"name":"Col\u00e9gio Equipe vai adotar em 2020 Programa Escola da Intelig\u00eancia"}]},{"@type":"WebSite","@id":"https:\/\/marcelolopes.jor.br\/site\/#website","url":"https:\/\/marcelolopes.jor.br\/site\/","name":"Marcelo Lopes","description":"Not\u00edcias de Cataguases e Regi\u00e3o","publisher":{"@id":"https:\/\/marcelolopes.jor.br\/site\/#organization"},"potentialAction":[{"@type":"SearchAction","target":{"@type":"EntryPoint","urlTemplate":"https:\/\/marcelolopes.jor.br\/site\/?s={search_term_string}"},"query-input":{"@type":"PropertyValueSpecification","valueRequired":true,"valueName":"search_term_string"}}],"inLanguage":"pt-BR"},{"@type":"Organization","@id":"https:\/\/marcelolopes.jor.br\/site\/#organization","name":"Site do Marcelo Lopes","url":"https:\/\/marcelolopes.jor.br\/site\/","logo":{"@type":"ImageObject","inLanguage":"pt-BR","@id":"https:\/\/marcelolopes.jor.br\/site\/#\/schema\/logo\/image\/","url":"https:\/\/marcelolopes.jor.br\/site\/wp-content\/uploads\/2024\/11\/logo-1.png","contentUrl":"https:\/\/marcelolopes.jor.br\/site\/wp-content\/uploads\/2024\/11\/logo-1.png","width":475,"height":80,"caption":"Site do Marcelo Lopes"},"image":{"@id":"https:\/\/marcelolopes.jor.br\/site\/#\/schema\/logo\/image\/"},"sameAs":["https:\/\/www.facebook.com\/sitedomarcelolopes","https:\/\/www.instagram.com\/sitedomarcelolopes\/","https:\/\/www.linkedin.com\/company\/site-do-marcelo-lopes\/","https:\/\/www.youtube.com\/user\/marcelolopes957"]},{"@type":"Person","@id":"https:\/\/marcelolopes.jor.br\/site\/#\/schema\/person\/3e7216a35c34d8fdf952b31da3d1f89f","name":"Marcelo Lopes","sameAs":["http:\/\/www.marcelolopes.jor.br"],"url":"https:\/\/marcelolopes.jor.br\/site\/author\/marcelo\/"}]}},"wps_subtitle":"Metodologia \u00e9 considerada a mais completa e especializada em educa\u00e7\u00e3o socioemocional.","_links":{"self":[{"href":"https:\/\/marcelolopes.jor.br\/site\/wp-json\/wp\/v2\/posts\/5518","targetHints":{"allow":["GET"]}}],"collection":[{"href":"https:\/\/marcelolopes.jor.br\/site\/wp-json\/wp\/v2\/posts"}],"about":[{"href":"https:\/\/marcelolopes.jor.br\/site\/wp-json\/wp\/v2\/types\/post"}],"author":[{"embeddable":true,"href":"https:\/\/marcelolopes.jor.br\/site\/wp-json\/wp\/v2\/users\/2"}],"replies":[{"embeddable":true,"href":"https:\/\/marcelolopes.jor.br\/site\/wp-json\/wp\/v2\/comments?post=5518"}],"version-history":[{"count":0,"href":"https:\/\/marcelolopes.jor.br\/site\/wp-json\/wp\/v2\/posts\/5518\/revisions"}],"wp:featuredmedia":[{"embeddable":true,"href":"https:\/\/marcelolopes.jor.br\/site\/wp-json\/wp\/v2\/media\/5521"}],"wp:attachment":[{"href":"https:\/\/marcelolopes.jor.br\/site\/wp-json\/wp\/v2\/media?parent=5518"}],"wp:term":[{"taxonomy":"category","embeddable":true,"href":"https:\/\/marcelolopes.jor.br\/site\/wp-json\/wp\/v2\/categories?post=5518"},{"taxonomy":"post_tag","embeddable":true,"href":"https:\/\/marcelolopes.jor.br\/site\/wp-json\/wp\/v2\/tags?post=5518"}],"curies":[{"name":"wp","href":"https:\/\/api.w.org\/{rel}","templated":true}]}}