{"id":5504,"date":"2019-09-04T21:30:18","date_gmt":"2019-09-05T00:30:18","guid":{"rendered":"https:\/\/marcelolopes.jor.br\/?p=5504"},"modified":"2019-09-04T18:40:14","modified_gmt":"2019-09-04T21:40:14","slug":"oab-cataguases-realiza-sua-campanha-anual-direito-a-saude","status":"publish","type":"post","link":"https:\/\/marcelolopes.jor.br\/site\/2019\/09\/04\/oab-cataguases-realiza-sua-campanha-anual-direito-a-saude\/","title":{"rendered":"OAB-Cataguases realiza sua campanha anual &#8220;Direito \u00e0 Sa\u00fade&#8221;"},"content":{"rendered":"<p style=\"text-align: justify;\">A 6\u00aa Subse\u00e7\u00e3o da OAB Cataguases em parceria com a CAA \u2013 Caixa de Assist\u00eancia dos Advogados de Cataguases, realizou nesta ter\u00e7a-feira, 03 de setembro, na pracinha do F\u00f3rum de Cataguases, a campanha &#8220;Direito \u00e0 Sa\u00fade&#8221;. A expectativa era receber cerca de 200 pessoas, entre advogados, funcion\u00e1rios e comunidade.<!--more--><br \/>\nDe 13 \u00e0s 17 horas, estagi\u00e1rios da Escola de Enfermagem Joana D\u2019arc, o professor e enfermeiro, Michel\u00e2ngelo Melo Correa e a nutricionista Vanessa Rodrigues Silva, estiveram no local prestando atendimento com teste de glicemia, aferi\u00e7\u00e3o de press\u00e3o arterial e pesagem dos advogados e demais profissionais do Direito. Al\u00e9m disso, foi distribu\u00eddo material informativo com orienta\u00e7\u00f5es sobre cuidados com a sa\u00fade.<\/p>\n<p>&#8220;Temos a preocupa\u00e7\u00e3o com a qualidade de vida do advogado em seu dia-a-dia, com suas atividades sempre corridas e a falta de tempo para dar aten\u00e7\u00e3o \u00e0 sa\u00fade. Deste modo, nossa ideia \u00e9 conscientizar para a preven\u00e7\u00e3o\u201d, explicou o Presidente da OAB Cataguases, Dr. M\u00e1rcio Facchini Garcia, que considerou o evento &#8220;muito positivo&#8221; ao se referir a participa\u00e7\u00e3o dos colegas advogados.<\/p>\n<p>Realizada desde 2010, a campanha \u00e9 organizada pela Diretoria e funcion\u00e1rios da 6\u00aa Subse\u00e7\u00e3o da OAB-Cataguases e contou com o apoio da Delegada da CAA em Cataguases, advogada Janete Mouzinho.<\/p>\n<p><img loading=\"lazy\" decoding=\"async\" class=\"aligncenter wp-image-5507\" src=\"https:\/\/marcelolopes.jor.br\/site\/wp-content\/uploads\/2019\/09\/Foto-2-300x225.jpeg\" alt=\"\" width=\"500\" height=\"375\" srcset=\"https:\/\/marcelolopes.jor.br\/site\/wp-content\/uploads\/2019\/09\/Foto-2-300x225.jpeg 300w, https:\/\/marcelolopes.jor.br\/site\/wp-content\/uploads\/2019\/09\/Foto-2-768x576.jpeg 768w, https:\/\/marcelolopes.jor.br\/site\/wp-content\/uploads\/2019\/09\/Foto-2-1024x768.jpeg 1024w, https:\/\/marcelolopes.jor.br\/site\/wp-content\/uploads\/2019\/09\/Foto-2.jpeg 1040w\" sizes=\"auto, (max-width: 500px) 100vw, 500px\" \/><\/p>\n<p><em>Fotos: Acervo OAB-Cataguases<\/em><\/p>\n<div class=\"ypmks69f75ddff2b11\" ><br><\/div><style type=\"text\/css\">\r\n@media screen and (min-width: 1201px) {\r\n.ypmks69f75ddff2b11 {\r\ndisplay: block;\r\n}\r\n}\r\n@media screen and (min-width: 993px) and (max-width: 1200px) {\r\n.ypmks69f75ddff2b11 {\r\ndisplay: block;\r\n}\r\n}\r\n@media screen and (min-width: 769px) and (max-width: 992px) {\r\n.ypmks69f75ddff2b11 {\r\ndisplay: block;\r\n}\r\n}\r\n@media screen and (min-width: 768px) and (max-width: 768px) {\r\n.ypmks69f75ddff2b11 {\r\ndisplay: block;\r\n}\r\n}\r\n@media screen and (max-width: 767px) {\r\n.ypmks69f75ddff2b11 {\r\ndisplay: block;\r\n}\r\n}\r\n<\/style>\r\n<div class=\"zkbyx69f75de0045ea\" ><div id=\"div_destino\"><\/div>\r\n<script src=\"https:\/\/cdn.snsrsv.com\/sdk.js\"><\/script>\r\n<script >\r\n      new sdk(\"464030C30061EA8BE065000000000001\") \r\n          .appendTo(\"div_destino\")\r\n          .disableStyle(true) \r\n          .setCacheBusterMacro(\"%%CACHEBUSTER%%\")\r\n          .setSize(\"800\",\"214\")\r\n          .setClickMacro(\"%%CLICK_URL_ESC%%\") \r\n          .setReferrerUrlMacro(\"%%REFERRER_URL_ESC%%\") \r\n          .start(); \r\n<\/script><\/div><style type=\"text\/css\">\r\n@media screen and (min-width: 1201px) {\r\n.zkbyx69f75de0045ea {\r\ndisplay: block;\r\n}\r\n}\r\n@media screen and (min-width: 993px) and (max-width: 1200px) {\r\n.zkbyx69f75de0045ea {\r\ndisplay: block;\r\n}\r\n}\r\n@media screen and (min-width: 769px) and (max-width: 992px) {\r\n.zkbyx69f75de0045ea {\r\ndisplay: block;\r\n}\r\n}\r\n@media screen and (min-width: 768px) and (max-width: 768px) {\r\n.zkbyx69f75de0045ea {\r\ndisplay: block;\r\n}\r\n}\r\n@media screen and (max-width: 767px) {\r\n.zkbyx69f75de0045ea {\r\ndisplay: block;\r\n}\r\n}\r\n<\/style>\r\n","protected":false},"excerpt":{"rendered":"<p>A 6\u00aa Subse\u00e7\u00e3o da OAB Cataguases em parceria com a CAA \u2013 Caixa de Assist\u00eancia dos Advogados de Cataguases, realizou nesta ter\u00e7a-feira, 03 de setembro, na pracinha do F\u00f3rum de Cataguases, a campanha &#8220;Direito \u00e0 Sa\u00fade&#8221;. A expectativa era receber<\/p>\n<p class=\"link-more\"><a class=\"more-link\" href=\"https:\/\/marcelolopes.jor.br\/site\/2019\/09\/04\/oab-cataguases-realiza-sua-campanha-anual-direito-a-saude\/\">Leia mais <span class=\"screen-reader-text\">OAB-Cataguases realiza sua campanha anual &#8220;Direito \u00e0 Sa\u00fade&#8221;<\/span><\/a><\/p>\n","protected":false},"author":2,"featured_media":5506,"comment_status":"open","ping_status":"open","sticky":false,"template":"","format":"standard","meta":{"footnotes":""},"categories":[1],"tags":[1151,1152,525,343],"class_list":["post-5504","post","type-post","status-publish","format-standard","has-post-thumbnail","hentry","category-noticias","tag-direito-a-saude","tag-enfermeiro","tag-oab-cataguases","tag-prevencao","thumb-below-title"],"yoast_head":"<!-- This site is optimized with the Yoast SEO plugin v27.4 - https:\/\/yoast.com\/product\/yoast-seo-wordpress\/ -->\n<title>OAB-Cataguases realiza sua campanha anual &quot;Direito \u00e0 Sa\u00fade&quot; | Marcelo Lopes<\/title>\n<meta name=\"robots\" content=\"index, follow, max-snippet:-1, max-image-preview:large, max-video-preview:-1\" \/>\n<link rel=\"canonical\" href=\"https:\/\/marcelolopes.jor.br\/site\/2019\/09\/04\/oab-cataguases-realiza-sua-campanha-anual-direito-a-saude\/\" \/>\n<meta property=\"og:locale\" content=\"pt_BR\" \/>\n<meta property=\"og:type\" content=\"article\" \/>\n<meta property=\"og:title\" content=\"OAB-Cataguases realiza sua campanha anual &quot;Direito \u00e0 Sa\u00fade&quot; | Marcelo Lopes\" \/>\n<meta property=\"og:description\" content=\"A 6\u00aa Subse\u00e7\u00e3o da OAB Cataguases em parceria com a CAA \u2013 Caixa de Assist\u00eancia dos Advogados de Cataguases, realizou nesta ter\u00e7a-feira, 03 de setembro, na pracinha do F\u00f3rum de Cataguases, a campanha &#8220;Direito \u00e0 Sa\u00fade&#8221;. A expectativa era receberLeia mais OAB-Cataguases realiza sua campanha anual &#8220;Direito \u00e0 Sa\u00fade&#8221;\" \/>\n<meta property=\"og:url\" content=\"https:\/\/marcelolopes.jor.br\/site\/2019\/09\/04\/oab-cataguases-realiza-sua-campanha-anual-direito-a-saude\/\" \/>\n<meta property=\"og:site_name\" content=\"Marcelo Lopes\" \/>\n<meta property=\"article:publisher\" content=\"https:\/\/www.facebook.com\/sitedomarcelolopes\" \/>\n<meta property=\"article:published_time\" content=\"2019-09-05T00:30:18+00:00\" \/>\n<meta property=\"og:image\" content=\"https:\/\/marcelolopes.jor.br\/site\/wp-content\/uploads\/2019\/09\/Foto-1.jpeg\" \/>\n\t<meta property=\"og:image:width\" content=\"1040\" \/>\n\t<meta property=\"og:image:height\" content=\"780\" \/>\n\t<meta property=\"og:image:type\" content=\"image\/jpeg\" \/>\n<meta name=\"author\" content=\"Marcelo Lopes\" \/>\n<meta name=\"twitter:card\" content=\"summary_large_image\" \/>\n<meta name=\"twitter:label1\" content=\"Escrito por\" \/>\n\t<meta name=\"twitter:data1\" content=\"Marcelo Lopes\" \/>\n\t<meta name=\"twitter:label2\" content=\"Est. tempo de leitura\" \/>\n\t<meta name=\"twitter:data2\" content=\"1 minuto\" \/>\n<script type=\"application\/ld+json\" class=\"yoast-schema-graph\">{\"@context\":\"https:\\\/\\\/schema.org\",\"@graph\":[{\"@type\":\"NewsArticle\",\"@id\":\"https:\\\/\\\/marcelolopes.jor.br\\\/site\\\/2019\\\/09\\\/04\\\/oab-cataguases-realiza-sua-campanha-anual-direito-a-saude\\\/#article\",\"isPartOf\":{\"@id\":\"https:\\\/\\\/marcelolopes.jor.br\\\/site\\\/2019\\\/09\\\/04\\\/oab-cataguases-realiza-sua-campanha-anual-direito-a-saude\\\/\"},\"author\":{\"name\":\"Marcelo Lopes\",\"@id\":\"https:\\\/\\\/marcelolopes.jor.br\\\/site\\\/#\\\/schema\\\/person\\\/3e7216a35c34d8fdf952b31da3d1f89f\"},\"headline\":\"OAB-Cataguases realiza sua campanha anual &#8220;Direito \u00e0 Sa\u00fade&#8221;\",\"datePublished\":\"2019-09-05T00:30:18+00:00\",\"mainEntityOfPage\":{\"@id\":\"https:\\\/\\\/marcelolopes.jor.br\\\/site\\\/2019\\\/09\\\/04\\\/oab-cataguases-realiza-sua-campanha-anual-direito-a-saude\\\/\"},\"wordCount\":222,\"commentCount\":0,\"publisher\":{\"@id\":\"https:\\\/\\\/marcelolopes.jor.br\\\/site\\\/#organization\"},\"image\":{\"@id\":\"https:\\\/\\\/marcelolopes.jor.br\\\/site\\\/2019\\\/09\\\/04\\\/oab-cataguases-realiza-sua-campanha-anual-direito-a-saude\\\/#primaryimage\"},\"thumbnailUrl\":\"https:\\\/\\\/marcelolopes.jor.br\\\/site\\\/wp-content\\\/uploads\\\/2019\\\/09\\\/Foto-1.jpeg\",\"keywords\":[\"Direito \u00e0 Sa\u00fade\",\"enfermeiro\",\"OAB-Cataguases\",\"preven\u00e7\u00e3o\"],\"articleSection\":[\"Not\u00edcias\"],\"inLanguage\":\"pt-BR\",\"potentialAction\":[{\"@type\":\"CommentAction\",\"name\":\"Comment\",\"target\":[\"https:\\\/\\\/marcelolopes.jor.br\\\/site\\\/2019\\\/09\\\/04\\\/oab-cataguases-realiza-sua-campanha-anual-direito-a-saude\\\/#respond\"]}]},{\"@type\":\"WebPage\",\"@id\":\"https:\\\/\\\/marcelolopes.jor.br\\\/site\\\/2019\\\/09\\\/04\\\/oab-cataguases-realiza-sua-campanha-anual-direito-a-saude\\\/\",\"url\":\"https:\\\/\\\/marcelolopes.jor.br\\\/site\\\/2019\\\/09\\\/04\\\/oab-cataguases-realiza-sua-campanha-anual-direito-a-saude\\\/\",\"name\":\"OAB-Cataguases realiza sua campanha anual \\\"Direito \u00e0 Sa\u00fade\\\" | Marcelo Lopes\",\"isPartOf\":{\"@id\":\"https:\\\/\\\/marcelolopes.jor.br\\\/site\\\/#website\"},\"primaryImageOfPage\":{\"@id\":\"https:\\\/\\\/marcelolopes.jor.br\\\/site\\\/2019\\\/09\\\/04\\\/oab-cataguases-realiza-sua-campanha-anual-direito-a-saude\\\/#primaryimage\"},\"image\":{\"@id\":\"https:\\\/\\\/marcelolopes.jor.br\\\/site\\\/2019\\\/09\\\/04\\\/oab-cataguases-realiza-sua-campanha-anual-direito-a-saude\\\/#primaryimage\"},\"thumbnailUrl\":\"https:\\\/\\\/marcelolopes.jor.br\\\/site\\\/wp-content\\\/uploads\\\/2019\\\/09\\\/Foto-1.jpeg\",\"datePublished\":\"2019-09-05T00:30:18+00:00\",\"breadcrumb\":{\"@id\":\"https:\\\/\\\/marcelolopes.jor.br\\\/site\\\/2019\\\/09\\\/04\\\/oab-cataguases-realiza-sua-campanha-anual-direito-a-saude\\\/#breadcrumb\"},\"inLanguage\":\"pt-BR\",\"potentialAction\":[{\"@type\":\"ReadAction\",\"target\":[\"https:\\\/\\\/marcelolopes.jor.br\\\/site\\\/2019\\\/09\\\/04\\\/oab-cataguases-realiza-sua-campanha-anual-direito-a-saude\\\/\"]}]},{\"@type\":\"ImageObject\",\"inLanguage\":\"pt-BR\",\"@id\":\"https:\\\/\\\/marcelolopes.jor.br\\\/site\\\/2019\\\/09\\\/04\\\/oab-cataguases-realiza-sua-campanha-anual-direito-a-saude\\\/#primaryimage\",\"url\":\"https:\\\/\\\/marcelolopes.jor.br\\\/site\\\/wp-content\\\/uploads\\\/2019\\\/09\\\/Foto-1.jpeg\",\"contentUrl\":\"https:\\\/\\\/marcelolopes.jor.br\\\/site\\\/wp-content\\\/uploads\\\/2019\\\/09\\\/Foto-1.jpeg\",\"width\":1040,\"height\":780},{\"@type\":\"BreadcrumbList\",\"@id\":\"https:\\\/\\\/marcelolopes.jor.br\\\/site\\\/2019\\\/09\\\/04\\\/oab-cataguases-realiza-sua-campanha-anual-direito-a-saude\\\/#breadcrumb\",\"itemListElement\":[{\"@type\":\"ListItem\",\"position\":1,\"name\":\"Home\",\"item\":\"https:\\\/\\\/marcelolopes.jor.br\\\/site\\\/\"},{\"@type\":\"ListItem\",\"position\":2,\"name\":\"OAB-Cataguases realiza sua campanha anual &#8220;Direito \u00e0 Sa\u00fade&#8221;\"}]},{\"@type\":\"WebSite\",\"@id\":\"https:\\\/\\\/marcelolopes.jor.br\\\/site\\\/#website\",\"url\":\"https:\\\/\\\/marcelolopes.jor.br\\\/site\\\/\",\"name\":\"Marcelo Lopes\",\"description\":\"Not\u00edcias de Cataguases e Regi\u00e3o\",\"publisher\":{\"@id\":\"https:\\\/\\\/marcelolopes.jor.br\\\/site\\\/#organization\"},\"potentialAction\":[{\"@type\":\"SearchAction\",\"target\":{\"@type\":\"EntryPoint\",\"urlTemplate\":\"https:\\\/\\\/marcelolopes.jor.br\\\/site\\\/?s={search_term_string}\"},\"query-input\":{\"@type\":\"PropertyValueSpecification\",\"valueRequired\":true,\"valueName\":\"search_term_string\"}}],\"inLanguage\":\"pt-BR\"},{\"@type\":\"Organization\",\"@id\":\"https:\\\/\\\/marcelolopes.jor.br\\\/site\\\/#organization\",\"name\":\"Site do Marcelo Lopes\",\"url\":\"https:\\\/\\\/marcelolopes.jor.br\\\/site\\\/\",\"logo\":{\"@type\":\"ImageObject\",\"inLanguage\":\"pt-BR\",\"@id\":\"https:\\\/\\\/marcelolopes.jor.br\\\/site\\\/#\\\/schema\\\/logo\\\/image\\\/\",\"url\":\"https:\\\/\\\/marcelolopes.jor.br\\\/site\\\/wp-content\\\/uploads\\\/2024\\\/11\\\/logo-1.png\",\"contentUrl\":\"https:\\\/\\\/marcelolopes.jor.br\\\/site\\\/wp-content\\\/uploads\\\/2024\\\/11\\\/logo-1.png\",\"width\":475,\"height\":80,\"caption\":\"Site do Marcelo Lopes\"},\"image\":{\"@id\":\"https:\\\/\\\/marcelolopes.jor.br\\\/site\\\/#\\\/schema\\\/logo\\\/image\\\/\"},\"sameAs\":[\"https:\\\/\\\/www.facebook.com\\\/sitedomarcelolopes\",\"https:\\\/\\\/www.instagram.com\\\/sitedomarcelolopes\\\/\",\"https:\\\/\\\/www.linkedin.com\\\/company\\\/site-do-marcelo-lopes\\\/\",\"https:\\\/\\\/www.youtube.com\\\/user\\\/marcelolopes957\"]},{\"@type\":\"Person\",\"@id\":\"https:\\\/\\\/marcelolopes.jor.br\\\/site\\\/#\\\/schema\\\/person\\\/3e7216a35c34d8fdf952b31da3d1f89f\",\"name\":\"Marcelo Lopes\",\"sameAs\":[\"http:\\\/\\\/www.marcelolopes.jor.br\"],\"url\":\"https:\\\/\\\/marcelolopes.jor.br\\\/site\\\/author\\\/marcelo\\\/\"}]}<\/script>\n<!-- \/ Yoast SEO plugin. -->","yoast_head_json":{"title":"OAB-Cataguases realiza sua campanha anual \"Direito \u00e0 Sa\u00fade\" | Marcelo Lopes","robots":{"index":"index","follow":"follow","max-snippet":"max-snippet:-1","max-image-preview":"max-image-preview:large","max-video-preview":"max-video-preview:-1"},"canonical":"https:\/\/marcelolopes.jor.br\/site\/2019\/09\/04\/oab-cataguases-realiza-sua-campanha-anual-direito-a-saude\/","og_locale":"pt_BR","og_type":"article","og_title":"OAB-Cataguases realiza sua campanha anual \"Direito \u00e0 Sa\u00fade\" | Marcelo Lopes","og_description":"A 6\u00aa Subse\u00e7\u00e3o da OAB Cataguases em parceria com a CAA \u2013 Caixa de Assist\u00eancia dos Advogados de Cataguases, realizou nesta ter\u00e7a-feira, 03 de setembro, na pracinha do F\u00f3rum de Cataguases, a campanha &#8220;Direito \u00e0 Sa\u00fade&#8221;. A expectativa era receberLeia mais OAB-Cataguases realiza sua campanha anual &#8220;Direito \u00e0 Sa\u00fade&#8221;","og_url":"https:\/\/marcelolopes.jor.br\/site\/2019\/09\/04\/oab-cataguases-realiza-sua-campanha-anual-direito-a-saude\/","og_site_name":"Marcelo Lopes","article_publisher":"https:\/\/www.facebook.com\/sitedomarcelolopes","article_published_time":"2019-09-05T00:30:18+00:00","og_image":[{"width":1040,"height":780,"url":"https:\/\/marcelolopes.jor.br\/site\/wp-content\/uploads\/2019\/09\/Foto-1.jpeg","type":"image\/jpeg"}],"author":"Marcelo Lopes","twitter_card":"summary_large_image","twitter_misc":{"Escrito por":"Marcelo Lopes","Est. tempo de leitura":"1 minuto"},"schema":{"@context":"https:\/\/schema.org","@graph":[{"@type":"NewsArticle","@id":"https:\/\/marcelolopes.jor.br\/site\/2019\/09\/04\/oab-cataguases-realiza-sua-campanha-anual-direito-a-saude\/#article","isPartOf":{"@id":"https:\/\/marcelolopes.jor.br\/site\/2019\/09\/04\/oab-cataguases-realiza-sua-campanha-anual-direito-a-saude\/"},"author":{"name":"Marcelo Lopes","@id":"https:\/\/marcelolopes.jor.br\/site\/#\/schema\/person\/3e7216a35c34d8fdf952b31da3d1f89f"},"headline":"OAB-Cataguases realiza sua campanha anual &#8220;Direito \u00e0 Sa\u00fade&#8221;","datePublished":"2019-09-05T00:30:18+00:00","mainEntityOfPage":{"@id":"https:\/\/marcelolopes.jor.br\/site\/2019\/09\/04\/oab-cataguases-realiza-sua-campanha-anual-direito-a-saude\/"},"wordCount":222,"commentCount":0,"publisher":{"@id":"https:\/\/marcelolopes.jor.br\/site\/#organization"},"image":{"@id":"https:\/\/marcelolopes.jor.br\/site\/2019\/09\/04\/oab-cataguases-realiza-sua-campanha-anual-direito-a-saude\/#primaryimage"},"thumbnailUrl":"https:\/\/marcelolopes.jor.br\/site\/wp-content\/uploads\/2019\/09\/Foto-1.jpeg","keywords":["Direito \u00e0 Sa\u00fade","enfermeiro","OAB-Cataguases","preven\u00e7\u00e3o"],"articleSection":["Not\u00edcias"],"inLanguage":"pt-BR","potentialAction":[{"@type":"CommentAction","name":"Comment","target":["https:\/\/marcelolopes.jor.br\/site\/2019\/09\/04\/oab-cataguases-realiza-sua-campanha-anual-direito-a-saude\/#respond"]}]},{"@type":"WebPage","@id":"https:\/\/marcelolopes.jor.br\/site\/2019\/09\/04\/oab-cataguases-realiza-sua-campanha-anual-direito-a-saude\/","url":"https:\/\/marcelolopes.jor.br\/site\/2019\/09\/04\/oab-cataguases-realiza-sua-campanha-anual-direito-a-saude\/","name":"OAB-Cataguases realiza sua campanha anual \"Direito \u00e0 Sa\u00fade\" | Marcelo Lopes","isPartOf":{"@id":"https:\/\/marcelolopes.jor.br\/site\/#website"},"primaryImageOfPage":{"@id":"https:\/\/marcelolopes.jor.br\/site\/2019\/09\/04\/oab-cataguases-realiza-sua-campanha-anual-direito-a-saude\/#primaryimage"},"image":{"@id":"https:\/\/marcelolopes.jor.br\/site\/2019\/09\/04\/oab-cataguases-realiza-sua-campanha-anual-direito-a-saude\/#primaryimage"},"thumbnailUrl":"https:\/\/marcelolopes.jor.br\/site\/wp-content\/uploads\/2019\/09\/Foto-1.jpeg","datePublished":"2019-09-05T00:30:18+00:00","breadcrumb":{"@id":"https:\/\/marcelolopes.jor.br\/site\/2019\/09\/04\/oab-cataguases-realiza-sua-campanha-anual-direito-a-saude\/#breadcrumb"},"inLanguage":"pt-BR","potentialAction":[{"@type":"ReadAction","target":["https:\/\/marcelolopes.jor.br\/site\/2019\/09\/04\/oab-cataguases-realiza-sua-campanha-anual-direito-a-saude\/"]}]},{"@type":"ImageObject","inLanguage":"pt-BR","@id":"https:\/\/marcelolopes.jor.br\/site\/2019\/09\/04\/oab-cataguases-realiza-sua-campanha-anual-direito-a-saude\/#primaryimage","url":"https:\/\/marcelolopes.jor.br\/site\/wp-content\/uploads\/2019\/09\/Foto-1.jpeg","contentUrl":"https:\/\/marcelolopes.jor.br\/site\/wp-content\/uploads\/2019\/09\/Foto-1.jpeg","width":1040,"height":780},{"@type":"BreadcrumbList","@id":"https:\/\/marcelolopes.jor.br\/site\/2019\/09\/04\/oab-cataguases-realiza-sua-campanha-anual-direito-a-saude\/#breadcrumb","itemListElement":[{"@type":"ListItem","position":1,"name":"Home","item":"https:\/\/marcelolopes.jor.br\/site\/"},{"@type":"ListItem","position":2,"name":"OAB-Cataguases realiza sua campanha anual &#8220;Direito \u00e0 Sa\u00fade&#8221;"}]},{"@type":"WebSite","@id":"https:\/\/marcelolopes.jor.br\/site\/#website","url":"https:\/\/marcelolopes.jor.br\/site\/","name":"Marcelo Lopes","description":"Not\u00edcias de Cataguases e Regi\u00e3o","publisher":{"@id":"https:\/\/marcelolopes.jor.br\/site\/#organization"},"potentialAction":[{"@type":"SearchAction","target":{"@type":"EntryPoint","urlTemplate":"https:\/\/marcelolopes.jor.br\/site\/?s={search_term_string}"},"query-input":{"@type":"PropertyValueSpecification","valueRequired":true,"valueName":"search_term_string"}}],"inLanguage":"pt-BR"},{"@type":"Organization","@id":"https:\/\/marcelolopes.jor.br\/site\/#organization","name":"Site do Marcelo Lopes","url":"https:\/\/marcelolopes.jor.br\/site\/","logo":{"@type":"ImageObject","inLanguage":"pt-BR","@id":"https:\/\/marcelolopes.jor.br\/site\/#\/schema\/logo\/image\/","url":"https:\/\/marcelolopes.jor.br\/site\/wp-content\/uploads\/2024\/11\/logo-1.png","contentUrl":"https:\/\/marcelolopes.jor.br\/site\/wp-content\/uploads\/2024\/11\/logo-1.png","width":475,"height":80,"caption":"Site do Marcelo Lopes"},"image":{"@id":"https:\/\/marcelolopes.jor.br\/site\/#\/schema\/logo\/image\/"},"sameAs":["https:\/\/www.facebook.com\/sitedomarcelolopes","https:\/\/www.instagram.com\/sitedomarcelolopes\/","https:\/\/www.linkedin.com\/company\/site-do-marcelo-lopes\/","https:\/\/www.youtube.com\/user\/marcelolopes957"]},{"@type":"Person","@id":"https:\/\/marcelolopes.jor.br\/site\/#\/schema\/person\/3e7216a35c34d8fdf952b31da3d1f89f","name":"Marcelo Lopes","sameAs":["http:\/\/www.marcelolopes.jor.br"],"url":"https:\/\/marcelolopes.jor.br\/site\/author\/marcelo\/"}]}},"wps_subtitle":"Evento aconteceu na pracinha em frente ao f\u00f3rum da Comarca de Cataguases na tarde de ter\u00e7a-feira, 03.","_links":{"self":[{"href":"https:\/\/marcelolopes.jor.br\/site\/wp-json\/wp\/v2\/posts\/5504","targetHints":{"allow":["GET"]}}],"collection":[{"href":"https:\/\/marcelolopes.jor.br\/site\/wp-json\/wp\/v2\/posts"}],"about":[{"href":"https:\/\/marcelolopes.jor.br\/site\/wp-json\/wp\/v2\/types\/post"}],"author":[{"embeddable":true,"href":"https:\/\/marcelolopes.jor.br\/site\/wp-json\/wp\/v2\/users\/2"}],"replies":[{"embeddable":true,"href":"https:\/\/marcelolopes.jor.br\/site\/wp-json\/wp\/v2\/comments?post=5504"}],"version-history":[{"count":0,"href":"https:\/\/marcelolopes.jor.br\/site\/wp-json\/wp\/v2\/posts\/5504\/revisions"}],"wp:featuredmedia":[{"embeddable":true,"href":"https:\/\/marcelolopes.jor.br\/site\/wp-json\/wp\/v2\/media\/5506"}],"wp:attachment":[{"href":"https:\/\/marcelolopes.jor.br\/site\/wp-json\/wp\/v2\/media?parent=5504"}],"wp:term":[{"taxonomy":"category","embeddable":true,"href":"https:\/\/marcelolopes.jor.br\/site\/wp-json\/wp\/v2\/categories?post=5504"},{"taxonomy":"post_tag","embeddable":true,"href":"https:\/\/marcelolopes.jor.br\/site\/wp-json\/wp\/v2\/tags?post=5504"}],"curies":[{"name":"wp","href":"https:\/\/api.w.org\/{rel}","templated":true}]}}