{"id":5490,"date":"2019-09-04T12:28:51","date_gmt":"2019-09-04T15:28:51","guid":{"rendered":"https:\/\/marcelolopes.jor.br\/?p=5490"},"modified":"2019-09-04T14:16:50","modified_gmt":"2019-09-04T17:16:50","slug":"de-vitima-a-autor-homem-ferido-e-preso-pela-policia-militar","status":"publish","type":"post","link":"https:\/\/marcelolopes.jor.br\/site\/2019\/09\/04\/de-vitima-a-autor-homem-ferido-e-preso-pela-policia-militar\/","title":{"rendered":"De v\u00edtima a autor, homem ferido \u00e9 preso pela Pol\u00edcia Militar"},"content":{"rendered":"<p style=\"text-align: justify;\">Ap\u00f3s receber atendimento m\u00e9dico no Pronto-Socorro do Hospital de Cataguases, o homem que teria sido v\u00edtima de um tiro de rasp\u00e3o na manh\u00e3 desta quarta-feira, 04 de setembro, no Bairro S\u00e3o Diniz, em Cataguases, foi preso pela Pol\u00edcia Militar.<!--more--><\/p>\n<p style=\"text-align: justify;\">Veja a mat\u00e9ria inicial sobre este crime <a href=\"https:\/\/marcelolopes.jor.br\/2019\/09\/04\/homem-e-atingido-por-tiro-de-raspao-no-bairro-sao-diniz\/#more-5483\"><strong>aqui<\/strong><\/a>.<\/p>\n<p style=\"text-align: justify;\">A den\u00fancia inicial que levou os militares at\u00e9 aquele bairro, de tentativa de homic\u00eddio n\u00e3o se confirmou, conforme revelou a pr\u00f3pria v\u00edtima de 23 anos, que agora, tamb\u00e9m \u00e9 um dos autores deste caso que a PM espera esclarecer assim que encontrar e prender o outro envolvido.<\/p>\n<p style=\"text-align: justify;\">V\u00e1rias equipes da PM deslocaram at\u00e9 a localidade conhecida como &#8220;Mina do Bairro S\u00e3o Diniz&#8221; por volta das 10 horas desta quarta-feira, 04, ap\u00f3s receberem informa\u00e7\u00f5es de populares que um homem de 45 anos teria efetuado disparos de arma de fogo contra um desafeto, o atingindo de rasp\u00e3o na cabe\u00e7a.<\/p>\n<p style=\"text-align: justify;\">Ao conversarem com o homem que recebeu atendimento m\u00e9dico, ele disse ter sido atingido na cabe\u00e7a pela coronha de um rev\u00f3lver. Conforme a Pol\u00edcia, os dois envolvidos j\u00e1 tiveram problemas pessoais no passado e nesta manh\u00e3 o homem que foi agredido teria mostrado ao outro um rev\u00f3lver e este ent\u00e3o sacou sua arma e lhe agrediu com uma coronhada, fugindo em seguida.<\/p>\n<p style=\"text-align: justify;\">At\u00e9 o fechamento desta mat\u00e9ria o outro envolvido continuava foragido, mas o caso agora, est\u00e1 sendo tratado como les\u00e3o corporal e por ilegal de arma de fogo. O homem agredido foi preso por porte ilegal de arma de fogo e levado para a Delegacia de Pol\u00edcia Civil de Cataguases. A PM encontrou e apreendeu a arma de fogo que estava em seu poder.<\/p>\n<div class=\"igsto69f77dceeb205\" ><br><\/div><style type=\"text\/css\">\r\n@media screen and (min-width: 1201px) {\r\n.igsto69f77dceeb205 {\r\ndisplay: block;\r\n}\r\n}\r\n@media screen and (min-width: 993px) and (max-width: 1200px) {\r\n.igsto69f77dceeb205 {\r\ndisplay: block;\r\n}\r\n}\r\n@media screen and (min-width: 769px) and (max-width: 992px) {\r\n.igsto69f77dceeb205 {\r\ndisplay: block;\r\n}\r\n}\r\n@media screen and (min-width: 768px) and (max-width: 768px) {\r\n.igsto69f77dceeb205 {\r\ndisplay: block;\r\n}\r\n}\r\n@media screen and (max-width: 767px) {\r\n.igsto69f77dceeb205 {\r\ndisplay: block;\r\n}\r\n}\r\n<\/style>\r\n<div class=\"avpoq69f77dcef181b\" ><div id=\"div_destino\"><\/div>\r\n<script src=\"https:\/\/cdn.snsrsv.com\/sdk.js\"><\/script>\r\n<script >\r\n      new sdk(\"464030C30061EA8BE065000000000001\") \r\n          .appendTo(\"div_destino\")\r\n          .disableStyle(true) \r\n          .setCacheBusterMacro(\"%%CACHEBUSTER%%\")\r\n          .setSize(\"800\",\"214\")\r\n          .setClickMacro(\"%%CLICK_URL_ESC%%\") \r\n          .setReferrerUrlMacro(\"%%REFERRER_URL_ESC%%\") \r\n          .start(); \r\n<\/script><\/div><style type=\"text\/css\">\r\n@media screen and (min-width: 1201px) {\r\n.avpoq69f77dcef181b {\r\ndisplay: block;\r\n}\r\n}\r\n@media screen and (min-width: 993px) and (max-width: 1200px) {\r\n.avpoq69f77dcef181b {\r\ndisplay: block;\r\n}\r\n}\r\n@media screen and (min-width: 769px) and (max-width: 992px) {\r\n.avpoq69f77dcef181b {\r\ndisplay: block;\r\n}\r\n}\r\n@media screen and (min-width: 768px) and (max-width: 768px) {\r\n.avpoq69f77dcef181b {\r\ndisplay: block;\r\n}\r\n}\r\n@media screen and (max-width: 767px) {\r\n.avpoq69f77dcef181b {\r\ndisplay: block;\r\n}\r\n}\r\n<\/style>\r\n","protected":false},"excerpt":{"rendered":"<p>Ap\u00f3s receber atendimento m\u00e9dico no Pronto-Socorro do Hospital de Cataguases, o homem que teria sido v\u00edtima de um tiro de rasp\u00e3o na manh\u00e3 desta quarta-feira, 04 de setembro, no Bairro S\u00e3o Diniz, em Cataguases, foi preso pela Pol\u00edcia Militar.<\/p>\n","protected":false},"author":2,"featured_media":5495,"comment_status":"open","ping_status":"open","sticky":false,"template":"","format":"standard","meta":{"footnotes":""},"categories":[1],"tags":[1150,110,1149,132],"class_list":["post-5490","post","type-post","status-publish","format-standard","has-post-thumbnail","hentry","category-noticias","tag-lesao-corporal","tag-policia-militar","tag-sao-diniz","tag-tiro","thumb-below-title"],"yoast_head":"<!-- This site is optimized with the Yoast SEO plugin v27.4 - https:\/\/yoast.com\/product\/yoast-seo-wordpress\/ -->\n<title>De v\u00edtima a autor, homem ferido \u00e9 preso pela Pol\u00edcia Militar | Marcelo Lopes<\/title>\n<meta name=\"robots\" content=\"index, follow, max-snippet:-1, max-image-preview:large, max-video-preview:-1\" \/>\n<link rel=\"canonical\" href=\"https:\/\/marcelolopes.jor.br\/site\/2019\/09\/04\/de-vitima-a-autor-homem-ferido-e-preso-pela-policia-militar\/\" \/>\n<meta property=\"og:locale\" content=\"pt_BR\" \/>\n<meta property=\"og:type\" content=\"article\" \/>\n<meta property=\"og:title\" content=\"De v\u00edtima a autor, homem ferido \u00e9 preso pela Pol\u00edcia Militar | Marcelo Lopes\" \/>\n<meta property=\"og:description\" content=\"Ap\u00f3s receber atendimento m\u00e9dico no Pronto-Socorro do Hospital de Cataguases, o homem que teria sido v\u00edtima de um tiro de rasp\u00e3o na manh\u00e3 desta quarta-feira, 04 de setembro, no Bairro S\u00e3o Diniz, em Cataguases, foi preso pela Pol\u00edcia Militar.\" \/>\n<meta property=\"og:url\" content=\"https:\/\/marcelolopes.jor.br\/site\/2019\/09\/04\/de-vitima-a-autor-homem-ferido-e-preso-pela-policia-militar\/\" \/>\n<meta property=\"og:site_name\" content=\"Marcelo Lopes\" \/>\n<meta property=\"article:publisher\" content=\"https:\/\/www.facebook.com\/sitedomarcelolopes\" \/>\n<meta property=\"article:published_time\" content=\"2019-09-04T15:28:51+00:00\" \/>\n<meta property=\"article:modified_time\" content=\"2019-09-04T17:16:50+00:00\" \/>\n<meta property=\"og:image\" content=\"https:\/\/marcelolopes.jor.br\/site\/wp-content\/uploads\/2019\/09\/IMG_6502.jpg\" \/>\n\t<meta property=\"og:image:width\" content=\"800\" \/>\n\t<meta property=\"og:image:height\" content=\"600\" \/>\n\t<meta property=\"og:image:type\" content=\"image\/jpeg\" \/>\n<meta name=\"author\" content=\"Marcelo Lopes\" \/>\n<meta name=\"twitter:card\" content=\"summary_large_image\" \/>\n<meta name=\"twitter:label1\" content=\"Escrito por\" \/>\n\t<meta name=\"twitter:data1\" content=\"Marcelo Lopes\" \/>\n\t<meta name=\"twitter:label2\" content=\"Est. tempo de leitura\" \/>\n\t<meta name=\"twitter:data2\" content=\"1 minuto\" \/>\n<script type=\"application\/ld+json\" class=\"yoast-schema-graph\">{\"@context\":\"https:\\\/\\\/schema.org\",\"@graph\":[{\"@type\":\"NewsArticle\",\"@id\":\"https:\\\/\\\/marcelolopes.jor.br\\\/site\\\/2019\\\/09\\\/04\\\/de-vitima-a-autor-homem-ferido-e-preso-pela-policia-militar\\\/#article\",\"isPartOf\":{\"@id\":\"https:\\\/\\\/marcelolopes.jor.br\\\/site\\\/2019\\\/09\\\/04\\\/de-vitima-a-autor-homem-ferido-e-preso-pela-policia-militar\\\/\"},\"author\":{\"name\":\"Marcelo Lopes\",\"@id\":\"https:\\\/\\\/marcelolopes.jor.br\\\/site\\\/#\\\/schema\\\/person\\\/3e7216a35c34d8fdf952b31da3d1f89f\"},\"headline\":\"De v\u00edtima a autor, homem ferido \u00e9 preso pela Pol\u00edcia Militar\",\"datePublished\":\"2019-09-04T15:28:51+00:00\",\"dateModified\":\"2019-09-04T17:16:50+00:00\",\"mainEntityOfPage\":{\"@id\":\"https:\\\/\\\/marcelolopes.jor.br\\\/site\\\/2019\\\/09\\\/04\\\/de-vitima-a-autor-homem-ferido-e-preso-pela-policia-militar\\\/\"},\"wordCount\":303,\"commentCount\":0,\"publisher\":{\"@id\":\"https:\\\/\\\/marcelolopes.jor.br\\\/site\\\/#organization\"},\"image\":{\"@id\":\"https:\\\/\\\/marcelolopes.jor.br\\\/site\\\/2019\\\/09\\\/04\\\/de-vitima-a-autor-homem-ferido-e-preso-pela-policia-militar\\\/#primaryimage\"},\"thumbnailUrl\":\"https:\\\/\\\/marcelolopes.jor.br\\\/site\\\/wp-content\\\/uploads\\\/2019\\\/09\\\/IMG_6502.jpg\",\"keywords\":[\"les\u00e3o corporal\",\"pol\u00edcia militar\",\"S\u00e3o Diniz\",\"tiro\"],\"articleSection\":[\"Not\u00edcias\"],\"inLanguage\":\"pt-BR\",\"potentialAction\":[{\"@type\":\"CommentAction\",\"name\":\"Comment\",\"target\":[\"https:\\\/\\\/marcelolopes.jor.br\\\/site\\\/2019\\\/09\\\/04\\\/de-vitima-a-autor-homem-ferido-e-preso-pela-policia-militar\\\/#respond\"]}]},{\"@type\":\"WebPage\",\"@id\":\"https:\\\/\\\/marcelolopes.jor.br\\\/site\\\/2019\\\/09\\\/04\\\/de-vitima-a-autor-homem-ferido-e-preso-pela-policia-militar\\\/\",\"url\":\"https:\\\/\\\/marcelolopes.jor.br\\\/site\\\/2019\\\/09\\\/04\\\/de-vitima-a-autor-homem-ferido-e-preso-pela-policia-militar\\\/\",\"name\":\"De v\u00edtima a autor, homem ferido \u00e9 preso pela Pol\u00edcia Militar | Marcelo Lopes\",\"isPartOf\":{\"@id\":\"https:\\\/\\\/marcelolopes.jor.br\\\/site\\\/#website\"},\"primaryImageOfPage\":{\"@id\":\"https:\\\/\\\/marcelolopes.jor.br\\\/site\\\/2019\\\/09\\\/04\\\/de-vitima-a-autor-homem-ferido-e-preso-pela-policia-militar\\\/#primaryimage\"},\"image\":{\"@id\":\"https:\\\/\\\/marcelolopes.jor.br\\\/site\\\/2019\\\/09\\\/04\\\/de-vitima-a-autor-homem-ferido-e-preso-pela-policia-militar\\\/#primaryimage\"},\"thumbnailUrl\":\"https:\\\/\\\/marcelolopes.jor.br\\\/site\\\/wp-content\\\/uploads\\\/2019\\\/09\\\/IMG_6502.jpg\",\"datePublished\":\"2019-09-04T15:28:51+00:00\",\"dateModified\":\"2019-09-04T17:16:50+00:00\",\"breadcrumb\":{\"@id\":\"https:\\\/\\\/marcelolopes.jor.br\\\/site\\\/2019\\\/09\\\/04\\\/de-vitima-a-autor-homem-ferido-e-preso-pela-policia-militar\\\/#breadcrumb\"},\"inLanguage\":\"pt-BR\",\"potentialAction\":[{\"@type\":\"ReadAction\",\"target\":[\"https:\\\/\\\/marcelolopes.jor.br\\\/site\\\/2019\\\/09\\\/04\\\/de-vitima-a-autor-homem-ferido-e-preso-pela-policia-militar\\\/\"]}]},{\"@type\":\"ImageObject\",\"inLanguage\":\"pt-BR\",\"@id\":\"https:\\\/\\\/marcelolopes.jor.br\\\/site\\\/2019\\\/09\\\/04\\\/de-vitima-a-autor-homem-ferido-e-preso-pela-policia-militar\\\/#primaryimage\",\"url\":\"https:\\\/\\\/marcelolopes.jor.br\\\/site\\\/wp-content\\\/uploads\\\/2019\\\/09\\\/IMG_6502.jpg\",\"contentUrl\":\"https:\\\/\\\/marcelolopes.jor.br\\\/site\\\/wp-content\\\/uploads\\\/2019\\\/09\\\/IMG_6502.jpg\",\"width\":800,\"height\":600},{\"@type\":\"BreadcrumbList\",\"@id\":\"https:\\\/\\\/marcelolopes.jor.br\\\/site\\\/2019\\\/09\\\/04\\\/de-vitima-a-autor-homem-ferido-e-preso-pela-policia-militar\\\/#breadcrumb\",\"itemListElement\":[{\"@type\":\"ListItem\",\"position\":1,\"name\":\"Home\",\"item\":\"https:\\\/\\\/marcelolopes.jor.br\\\/site\\\/\"},{\"@type\":\"ListItem\",\"position\":2,\"name\":\"De v\u00edtima a autor, homem ferido \u00e9 preso pela Pol\u00edcia Militar\"}]},{\"@type\":\"WebSite\",\"@id\":\"https:\\\/\\\/marcelolopes.jor.br\\\/site\\\/#website\",\"url\":\"https:\\\/\\\/marcelolopes.jor.br\\\/site\\\/\",\"name\":\"Marcelo Lopes\",\"description\":\"Not\u00edcias de Cataguases e Regi\u00e3o\",\"publisher\":{\"@id\":\"https:\\\/\\\/marcelolopes.jor.br\\\/site\\\/#organization\"},\"potentialAction\":[{\"@type\":\"SearchAction\",\"target\":{\"@type\":\"EntryPoint\",\"urlTemplate\":\"https:\\\/\\\/marcelolopes.jor.br\\\/site\\\/?s={search_term_string}\"},\"query-input\":{\"@type\":\"PropertyValueSpecification\",\"valueRequired\":true,\"valueName\":\"search_term_string\"}}],\"inLanguage\":\"pt-BR\"},{\"@type\":\"Organization\",\"@id\":\"https:\\\/\\\/marcelolopes.jor.br\\\/site\\\/#organization\",\"name\":\"Site do Marcelo Lopes\",\"url\":\"https:\\\/\\\/marcelolopes.jor.br\\\/site\\\/\",\"logo\":{\"@type\":\"ImageObject\",\"inLanguage\":\"pt-BR\",\"@id\":\"https:\\\/\\\/marcelolopes.jor.br\\\/site\\\/#\\\/schema\\\/logo\\\/image\\\/\",\"url\":\"https:\\\/\\\/marcelolopes.jor.br\\\/site\\\/wp-content\\\/uploads\\\/2024\\\/11\\\/logo-1.png\",\"contentUrl\":\"https:\\\/\\\/marcelolopes.jor.br\\\/site\\\/wp-content\\\/uploads\\\/2024\\\/11\\\/logo-1.png\",\"width\":475,\"height\":80,\"caption\":\"Site do Marcelo Lopes\"},\"image\":{\"@id\":\"https:\\\/\\\/marcelolopes.jor.br\\\/site\\\/#\\\/schema\\\/logo\\\/image\\\/\"},\"sameAs\":[\"https:\\\/\\\/www.facebook.com\\\/sitedomarcelolopes\",\"https:\\\/\\\/www.instagram.com\\\/sitedomarcelolopes\\\/\",\"https:\\\/\\\/www.linkedin.com\\\/company\\\/site-do-marcelo-lopes\\\/\",\"https:\\\/\\\/www.youtube.com\\\/user\\\/marcelolopes957\"]},{\"@type\":\"Person\",\"@id\":\"https:\\\/\\\/marcelolopes.jor.br\\\/site\\\/#\\\/schema\\\/person\\\/3e7216a35c34d8fdf952b31da3d1f89f\",\"name\":\"Marcelo Lopes\",\"sameAs\":[\"http:\\\/\\\/www.marcelolopes.jor.br\"],\"url\":\"https:\\\/\\\/marcelolopes.jor.br\\\/site\\\/author\\\/marcelo\\\/\"}]}<\/script>\n<!-- \/ Yoast SEO plugin. -->","yoast_head_json":{"title":"De v\u00edtima a autor, homem ferido \u00e9 preso pela Pol\u00edcia Militar | Marcelo Lopes","robots":{"index":"index","follow":"follow","max-snippet":"max-snippet:-1","max-image-preview":"max-image-preview:large","max-video-preview":"max-video-preview:-1"},"canonical":"https:\/\/marcelolopes.jor.br\/site\/2019\/09\/04\/de-vitima-a-autor-homem-ferido-e-preso-pela-policia-militar\/","og_locale":"pt_BR","og_type":"article","og_title":"De v\u00edtima a autor, homem ferido \u00e9 preso pela Pol\u00edcia Militar | Marcelo Lopes","og_description":"Ap\u00f3s receber atendimento m\u00e9dico no Pronto-Socorro do Hospital de Cataguases, o homem que teria sido v\u00edtima de um tiro de rasp\u00e3o na manh\u00e3 desta quarta-feira, 04 de setembro, no Bairro S\u00e3o Diniz, em Cataguases, foi preso pela Pol\u00edcia Militar.","og_url":"https:\/\/marcelolopes.jor.br\/site\/2019\/09\/04\/de-vitima-a-autor-homem-ferido-e-preso-pela-policia-militar\/","og_site_name":"Marcelo Lopes","article_publisher":"https:\/\/www.facebook.com\/sitedomarcelolopes","article_published_time":"2019-09-04T15:28:51+00:00","article_modified_time":"2019-09-04T17:16:50+00:00","og_image":[{"width":800,"height":600,"url":"https:\/\/marcelolopes.jor.br\/site\/wp-content\/uploads\/2019\/09\/IMG_6502.jpg","type":"image\/jpeg"}],"author":"Marcelo Lopes","twitter_card":"summary_large_image","twitter_misc":{"Escrito por":"Marcelo Lopes","Est. tempo de leitura":"1 minuto"},"schema":{"@context":"https:\/\/schema.org","@graph":[{"@type":"NewsArticle","@id":"https:\/\/marcelolopes.jor.br\/site\/2019\/09\/04\/de-vitima-a-autor-homem-ferido-e-preso-pela-policia-militar\/#article","isPartOf":{"@id":"https:\/\/marcelolopes.jor.br\/site\/2019\/09\/04\/de-vitima-a-autor-homem-ferido-e-preso-pela-policia-militar\/"},"author":{"name":"Marcelo Lopes","@id":"https:\/\/marcelolopes.jor.br\/site\/#\/schema\/person\/3e7216a35c34d8fdf952b31da3d1f89f"},"headline":"De v\u00edtima a autor, homem ferido \u00e9 preso pela Pol\u00edcia Militar","datePublished":"2019-09-04T15:28:51+00:00","dateModified":"2019-09-04T17:16:50+00:00","mainEntityOfPage":{"@id":"https:\/\/marcelolopes.jor.br\/site\/2019\/09\/04\/de-vitima-a-autor-homem-ferido-e-preso-pela-policia-militar\/"},"wordCount":303,"commentCount":0,"publisher":{"@id":"https:\/\/marcelolopes.jor.br\/site\/#organization"},"image":{"@id":"https:\/\/marcelolopes.jor.br\/site\/2019\/09\/04\/de-vitima-a-autor-homem-ferido-e-preso-pela-policia-militar\/#primaryimage"},"thumbnailUrl":"https:\/\/marcelolopes.jor.br\/site\/wp-content\/uploads\/2019\/09\/IMG_6502.jpg","keywords":["les\u00e3o corporal","pol\u00edcia militar","S\u00e3o Diniz","tiro"],"articleSection":["Not\u00edcias"],"inLanguage":"pt-BR","potentialAction":[{"@type":"CommentAction","name":"Comment","target":["https:\/\/marcelolopes.jor.br\/site\/2019\/09\/04\/de-vitima-a-autor-homem-ferido-e-preso-pela-policia-militar\/#respond"]}]},{"@type":"WebPage","@id":"https:\/\/marcelolopes.jor.br\/site\/2019\/09\/04\/de-vitima-a-autor-homem-ferido-e-preso-pela-policia-militar\/","url":"https:\/\/marcelolopes.jor.br\/site\/2019\/09\/04\/de-vitima-a-autor-homem-ferido-e-preso-pela-policia-militar\/","name":"De v\u00edtima a autor, homem ferido \u00e9 preso pela Pol\u00edcia Militar | Marcelo Lopes","isPartOf":{"@id":"https:\/\/marcelolopes.jor.br\/site\/#website"},"primaryImageOfPage":{"@id":"https:\/\/marcelolopes.jor.br\/site\/2019\/09\/04\/de-vitima-a-autor-homem-ferido-e-preso-pela-policia-militar\/#primaryimage"},"image":{"@id":"https:\/\/marcelolopes.jor.br\/site\/2019\/09\/04\/de-vitima-a-autor-homem-ferido-e-preso-pela-policia-militar\/#primaryimage"},"thumbnailUrl":"https:\/\/marcelolopes.jor.br\/site\/wp-content\/uploads\/2019\/09\/IMG_6502.jpg","datePublished":"2019-09-04T15:28:51+00:00","dateModified":"2019-09-04T17:16:50+00:00","breadcrumb":{"@id":"https:\/\/marcelolopes.jor.br\/site\/2019\/09\/04\/de-vitima-a-autor-homem-ferido-e-preso-pela-policia-militar\/#breadcrumb"},"inLanguage":"pt-BR","potentialAction":[{"@type":"ReadAction","target":["https:\/\/marcelolopes.jor.br\/site\/2019\/09\/04\/de-vitima-a-autor-homem-ferido-e-preso-pela-policia-militar\/"]}]},{"@type":"ImageObject","inLanguage":"pt-BR","@id":"https:\/\/marcelolopes.jor.br\/site\/2019\/09\/04\/de-vitima-a-autor-homem-ferido-e-preso-pela-policia-militar\/#primaryimage","url":"https:\/\/marcelolopes.jor.br\/site\/wp-content\/uploads\/2019\/09\/IMG_6502.jpg","contentUrl":"https:\/\/marcelolopes.jor.br\/site\/wp-content\/uploads\/2019\/09\/IMG_6502.jpg","width":800,"height":600},{"@type":"BreadcrumbList","@id":"https:\/\/marcelolopes.jor.br\/site\/2019\/09\/04\/de-vitima-a-autor-homem-ferido-e-preso-pela-policia-militar\/#breadcrumb","itemListElement":[{"@type":"ListItem","position":1,"name":"Home","item":"https:\/\/marcelolopes.jor.br\/site\/"},{"@type":"ListItem","position":2,"name":"De v\u00edtima a autor, homem ferido \u00e9 preso pela Pol\u00edcia Militar"}]},{"@type":"WebSite","@id":"https:\/\/marcelolopes.jor.br\/site\/#website","url":"https:\/\/marcelolopes.jor.br\/site\/","name":"Marcelo Lopes","description":"Not\u00edcias de Cataguases e Regi\u00e3o","publisher":{"@id":"https:\/\/marcelolopes.jor.br\/site\/#organization"},"potentialAction":[{"@type":"SearchAction","target":{"@type":"EntryPoint","urlTemplate":"https:\/\/marcelolopes.jor.br\/site\/?s={search_term_string}"},"query-input":{"@type":"PropertyValueSpecification","valueRequired":true,"valueName":"search_term_string"}}],"inLanguage":"pt-BR"},{"@type":"Organization","@id":"https:\/\/marcelolopes.jor.br\/site\/#organization","name":"Site do Marcelo Lopes","url":"https:\/\/marcelolopes.jor.br\/site\/","logo":{"@type":"ImageObject","inLanguage":"pt-BR","@id":"https:\/\/marcelolopes.jor.br\/site\/#\/schema\/logo\/image\/","url":"https:\/\/marcelolopes.jor.br\/site\/wp-content\/uploads\/2024\/11\/logo-1.png","contentUrl":"https:\/\/marcelolopes.jor.br\/site\/wp-content\/uploads\/2024\/11\/logo-1.png","width":475,"height":80,"caption":"Site do Marcelo Lopes"},"image":{"@id":"https:\/\/marcelolopes.jor.br\/site\/#\/schema\/logo\/image\/"},"sameAs":["https:\/\/www.facebook.com\/sitedomarcelolopes","https:\/\/www.instagram.com\/sitedomarcelolopes\/","https:\/\/www.linkedin.com\/company\/site-do-marcelo-lopes\/","https:\/\/www.youtube.com\/user\/marcelolopes957"]},{"@type":"Person","@id":"https:\/\/marcelolopes.jor.br\/site\/#\/schema\/person\/3e7216a35c34d8fdf952b31da3d1f89f","name":"Marcelo Lopes","sameAs":["http:\/\/www.marcelolopes.jor.br"],"url":"https:\/\/marcelolopes.jor.br\/site\/author\/marcelo\/"}]}},"wps_subtitle":"Ele teria, primeiramente, amea\u00e7ado o homem que o agrediu em seguida, informa a PM.","_links":{"self":[{"href":"https:\/\/marcelolopes.jor.br\/site\/wp-json\/wp\/v2\/posts\/5490","targetHints":{"allow":["GET"]}}],"collection":[{"href":"https:\/\/marcelolopes.jor.br\/site\/wp-json\/wp\/v2\/posts"}],"about":[{"href":"https:\/\/marcelolopes.jor.br\/site\/wp-json\/wp\/v2\/types\/post"}],"author":[{"embeddable":true,"href":"https:\/\/marcelolopes.jor.br\/site\/wp-json\/wp\/v2\/users\/2"}],"replies":[{"embeddable":true,"href":"https:\/\/marcelolopes.jor.br\/site\/wp-json\/wp\/v2\/comments?post=5490"}],"version-history":[{"count":0,"href":"https:\/\/marcelolopes.jor.br\/site\/wp-json\/wp\/v2\/posts\/5490\/revisions"}],"wp:featuredmedia":[{"embeddable":true,"href":"https:\/\/marcelolopes.jor.br\/site\/wp-json\/wp\/v2\/media\/5495"}],"wp:attachment":[{"href":"https:\/\/marcelolopes.jor.br\/site\/wp-json\/wp\/v2\/media?parent=5490"}],"wp:term":[{"taxonomy":"category","embeddable":true,"href":"https:\/\/marcelolopes.jor.br\/site\/wp-json\/wp\/v2\/categories?post=5490"},{"taxonomy":"post_tag","embeddable":true,"href":"https:\/\/marcelolopes.jor.br\/site\/wp-json\/wp\/v2\/tags?post=5490"}],"curies":[{"name":"wp","href":"https:\/\/api.w.org\/{rel}","templated":true}]}}