{"id":54855,"date":"2025-01-06T16:00:35","date_gmt":"2025-01-06T19:00:35","guid":{"rendered":"https:\/\/marcelolopes.jor.br\/?p=54855"},"modified":"2025-01-06T11:29:08","modified_gmt":"2025-01-06T14:29:08","slug":"janeiro-tem-desconto-na-conta-de-luz-e-bandeira-tarifaria-verde","status":"publish","type":"post","link":"https:\/\/marcelolopes.jor.br\/site\/2025\/01\/06\/janeiro-tem-desconto-na-conta-de-luz-e-bandeira-tarifaria-verde\/","title":{"rendered":"Janeiro tem desconto na conta de luz e bandeira tarif\u00e1ria verde"},"content":{"rendered":"<p>Janeiro come\u00e7ou com um al\u00edvio importante para o consumidor na conta de luz. Este m\u00eas ser\u00e1 creditado nas contas da maioria dos consumidores brasileiros (78 milh\u00f5es de unidades consumidoras) o &#8220;b\u00f4nus Itaipu&#8221;, referente \u00e0 distribui\u00e7\u00e3o do saldo positivo da hidrel\u00e9trica para o ano de 2023 (na foto acima, torres de transmiss\u00e3o da Itaipu Binacional). Outra boa not\u00edcia \u00e9 que a bandeira tarif\u00e1ria segue verde, ou seja, sem o pagamento da cota extra de energia.<!--more--><\/p>\n<h4 class=\"p1\"><span class=\"s1\">\ud83d\udcf8\u00a0<span style=\"color: #666699;\">Siga o Site do Marcelo Lopes no<\/span>\u00a0<span style=\"color: #800000;\"><a style=\"color: #800000;\" href=\"https:\/\/www.facebook.com\/sitedomarcelolopes\/\"><strong>Facebook<\/strong><\/a><\/span>\u00a0<span style=\"color: #666699;\">e no<\/span>\u00a0<span style=\"color: #800000;\"><strong><a style=\"color: #800000;\" href=\"https:\/\/www.instagram.com\/sitedomarcelolopes\/\">Instagram<\/a><\/strong><\/span><\/span><\/h4>\n<h4 class=\"p1\">\ud83d\udcf1<span style=\"color: #666699;\">Receba no<\/span>\u00a0<span style=\"color: #800000;\"><a style=\"color: #800000;\" href=\"https:\/\/chat.whatsapp.com\/BibzcI1ibYSKytbdyzubLA\"><strong>WhatsApp<\/strong><\/a><\/span>\u00a0<span style=\"color: #666699;\">as not\u00edcias do Site do Marcelo Lopes<\/span><\/h4>\n<p>&nbsp;<\/p>\n<p>A bandeira tarif\u00e1ria permaneceu verde de abril de 2022 at\u00e9 julho de 2024. Ela voltou em dezembro de 2024 e ser\u00e1 mantida em janeiro de 2025 devido \u00e0s condi\u00e7\u00f5es favor\u00e1veis de gera\u00e7\u00e3o de energia no pa\u00eds. Com a chegada do per\u00edodo chuvoso, os n\u00edveis dos reservat\u00f3rios melhoram e a gera\u00e7\u00e3o das usinas hidrel\u00e9tricas aumenta, o que reduz a necessidade de acionar usinas termel\u00e9tricas, que geram energia a um custo mais elevado, ocasionando o acionamento das bandeiras amarela e vermelha 1 e 2.<\/p>\n<p>Medida aprovada em novembro pela Ag\u00eancia Nacional de Energia El\u00e9trica (Aneel) e anunciada pelo Minist\u00e9rio de Minas e Energia (MME), o \u201cb\u00f4nus de Itaipu\u201d distribuir\u00e1 cerca de R$ 1,3 bilh\u00e3o aos consumidores. A redu\u00e7\u00e3o na conta de luz pode chegar a R$ 49, mas a m\u00e9dia do b\u00f4nus deve ser de R$ 16,66. T\u00eam direito ao benef\u00edcio consumidores residenciais e rurais que tiveram consumo inferior a 350 quilowatts-hora (kWh) em pelo menos um m\u00eas ao longo de 2023. Esse grupo representa 97% desses clientes, afirma a ANEEL &#8211; Ag\u00eancia Nacional de Energia El\u00e9trica.<\/p>\n<p>A Tarifa-B\u00f4nus de Itaipu referente a 2023 \u00e9 de R$ 0,011648844 por kWh. Para que o consumidor entenda quanto vai receber, deve multiplicar o valor da Tarifa-B\u00f4nus pelo quantitativo em kWh informado na fatura de energia em cada m\u00eas de 2023 em que o consumo tenha sido inferior a 350 kWh. Por exemplo: uma fam\u00edlia consumiu exatamente 100 kWh por m\u00eas nos 12 meses do ano, o c\u00e1lculo ser\u00e1 de R$ 0,011648844 (tarifa-b\u00f4nus) x 100 (consumo mensal em kWh) x 12 (meses), totalizando R$ 13,98. Como a m\u00e9dia de consumo em 2023 entre os 78,3 milh\u00f5es de unidades beneficiadas foi de 119 kWh por m\u00eas, uma fam\u00edlia com esse consumo receberia o b\u00f4nus de R$ 16,66.<\/p>\n<p><strong>OUTRAS NOT\u00cdCIAS<\/strong><br \/>\n<a href=\"https:\/\/marcelolopes.jor.br\/2024\/09\/30\/outubro-chega-com-bandeira-tarifaria-mais-cara-na-conta-de-luz\/\"><strong><span style=\"color: #800000;\">Outubro chega com bandeira tarif\u00e1ria mais cara na conta de luz<\/span><\/strong><\/a><\/p>\n<p><a href=\"https:\/\/marcelolopes.jor.br\/2024\/06\/19\/conta-de-luz-vai-ficar-mais-barata-em-176-informa-aneel\/\"><strong><span style=\"color: #800000;\">Conta de luz vai ficar mais barata em 1,76%, informa Aneel<\/span><\/strong><\/a><\/p>\n<p>Fonte: InfoMoney e Ag\u00eancia Brasil | Foto: Edino Krug\/Itaipu Binacional<\/p>\n<div class=\"vhzcl69f77a9237f7d\" ><br><\/div><style type=\"text\/css\">\r\n@media screen and (min-width: 1201px) {\r\n.vhzcl69f77a9237f7d {\r\ndisplay: block;\r\n}\r\n}\r\n@media screen and (min-width: 993px) and (max-width: 1200px) {\r\n.vhzcl69f77a9237f7d {\r\ndisplay: block;\r\n}\r\n}\r\n@media screen and (min-width: 769px) and (max-width: 992px) {\r\n.vhzcl69f77a9237f7d {\r\ndisplay: block;\r\n}\r\n}\r\n@media screen and (min-width: 768px) and (max-width: 768px) {\r\n.vhzcl69f77a9237f7d {\r\ndisplay: block;\r\n}\r\n}\r\n@media screen and (max-width: 767px) {\r\n.vhzcl69f77a9237f7d {\r\ndisplay: block;\r\n}\r\n}\r\n<\/style>\r\n<div class=\"pbnxc69f77a923d22a\" ><div id=\"div_destino\"><\/div>\r\n<script src=\"https:\/\/cdn.snsrsv.com\/sdk.js\"><\/script>\r\n<script >\r\n      new sdk(\"464030C30061EA8BE065000000000001\") \r\n          .appendTo(\"div_destino\")\r\n          .disableStyle(true) \r\n          .setCacheBusterMacro(\"%%CACHEBUSTER%%\")\r\n          .setSize(\"800\",\"214\")\r\n          .setClickMacro(\"%%CLICK_URL_ESC%%\") \r\n          .setReferrerUrlMacro(\"%%REFERRER_URL_ESC%%\") \r\n          .start(); \r\n<\/script><\/div><style type=\"text\/css\">\r\n@media screen and (min-width: 1201px) {\r\n.pbnxc69f77a923d22a {\r\ndisplay: block;\r\n}\r\n}\r\n@media screen and (min-width: 993px) and (max-width: 1200px) {\r\n.pbnxc69f77a923d22a {\r\ndisplay: block;\r\n}\r\n}\r\n@media screen and (min-width: 769px) and (max-width: 992px) {\r\n.pbnxc69f77a923d22a {\r\ndisplay: block;\r\n}\r\n}\r\n@media screen and (min-width: 768px) and (max-width: 768px) {\r\n.pbnxc69f77a923d22a {\r\ndisplay: block;\r\n}\r\n}\r\n@media screen and (max-width: 767px) {\r\n.pbnxc69f77a923d22a {\r\ndisplay: block;\r\n}\r\n}\r\n<\/style>\r\n","protected":false},"excerpt":{"rendered":"<p>Janeiro come\u00e7ou com um al\u00edvio importante para o consumidor na conta de luz. Este m\u00eas ser\u00e1 creditado nas contas da maioria dos consumidores brasileiros (78 milh\u00f5es de unidades consumidoras) o &#8220;b\u00f4nus Itaipu&#8221;, referente \u00e0 distribui\u00e7\u00e3o do saldo positivo da hidrel\u00e9trica<\/p>\n<p class=\"link-more\"><a class=\"more-link\" href=\"https:\/\/marcelolopes.jor.br\/site\/2025\/01\/06\/janeiro-tem-desconto-na-conta-de-luz-e-bandeira-tarifaria-verde\/\">Leia mais <span class=\"screen-reader-text\">Janeiro tem desconto na conta de luz e bandeira tarif\u00e1ria verde<\/span><\/a><\/p>\n","protected":false},"author":2,"featured_media":54858,"comment_status":"open","ping_status":"open","sticky":false,"template":"","format":"standard","meta":{"footnotes":""},"categories":[1],"tags":[],"class_list":["post-54855","post","type-post","status-publish","format-standard","has-post-thumbnail","hentry","category-noticias","thumb-below-title"],"yoast_head":"<!-- This site is optimized with the Yoast SEO plugin v27.4 - https:\/\/yoast.com\/product\/yoast-seo-wordpress\/ -->\n<title>Janeiro tem desconto na conta de luz e bandeira tarif\u00e1ria verde | Marcelo Lopes<\/title>\n<meta name=\"description\" content=\"Janeiro tem desconto na de luz e bandeira tarif\u00e1ria verde. B\u00f4nus Itaipu vai beneficiar quem tem com consumo inferior a 350 kWh.\" \/>\n<meta name=\"robots\" content=\"index, follow, max-snippet:-1, max-image-preview:large, max-video-preview:-1\" \/>\n<link rel=\"canonical\" href=\"https:\/\/marcelolopes.jor.br\/site\/2025\/01\/06\/janeiro-tem-desconto-na-conta-de-luz-e-bandeira-tarifaria-verde\/\" \/>\n<meta property=\"og:locale\" content=\"pt_BR\" \/>\n<meta property=\"og:type\" content=\"article\" \/>\n<meta property=\"og:title\" content=\"Janeiro tem desconto na conta de luz e bandeira tarif\u00e1ria verde | Marcelo Lopes\" \/>\n<meta property=\"og:description\" content=\"Janeiro tem desconto na de luz e bandeira tarif\u00e1ria verde. B\u00f4nus Itaipu vai beneficiar quem tem com consumo inferior a 350 kWh.\" \/>\n<meta property=\"og:url\" content=\"https:\/\/marcelolopes.jor.br\/site\/2025\/01\/06\/janeiro-tem-desconto-na-conta-de-luz-e-bandeira-tarifaria-verde\/\" \/>\n<meta property=\"og:site_name\" content=\"Marcelo Lopes\" \/>\n<meta property=\"article:publisher\" content=\"https:\/\/www.facebook.com\/sitedomarcelolopes\" \/>\n<meta property=\"article:published_time\" content=\"2025-01-06T19:00:35+00:00\" \/>\n<meta property=\"og:image\" content=\"https:\/\/marcelolopes.jor.br\/site\/wp-content\/uploads\/2025\/01\/Torres.jpg\" \/>\n\t<meta property=\"og:image:width\" content=\"1000\" \/>\n\t<meta property=\"og:image:height\" content=\"563\" \/>\n\t<meta property=\"og:image:type\" content=\"image\/jpeg\" \/>\n<meta name=\"author\" content=\"Marcelo Lopes\" \/>\n<meta name=\"twitter:card\" content=\"summary_large_image\" \/>\n<meta name=\"twitter:label1\" content=\"Escrito por\" \/>\n\t<meta name=\"twitter:data1\" content=\"Marcelo Lopes\" \/>\n\t<meta name=\"twitter:label2\" content=\"Est. tempo de leitura\" \/>\n\t<meta name=\"twitter:data2\" content=\"2 minutos\" \/>\n<script type=\"application\/ld+json\" class=\"yoast-schema-graph\">{\"@context\":\"https:\\\/\\\/schema.org\",\"@graph\":[{\"@type\":\"NewsArticle\",\"@id\":\"https:\\\/\\\/marcelolopes.jor.br\\\/site\\\/2025\\\/01\\\/06\\\/janeiro-tem-desconto-na-conta-de-luz-e-bandeira-tarifaria-verde\\\/#article\",\"isPartOf\":{\"@id\":\"https:\\\/\\\/marcelolopes.jor.br\\\/site\\\/2025\\\/01\\\/06\\\/janeiro-tem-desconto-na-conta-de-luz-e-bandeira-tarifaria-verde\\\/\"},\"author\":{\"name\":\"Marcelo Lopes\",\"@id\":\"https:\\\/\\\/marcelolopes.jor.br\\\/site\\\/#\\\/schema\\\/person\\\/3e7216a35c34d8fdf952b31da3d1f89f\"},\"headline\":\"Janeiro tem desconto na conta de luz e bandeira tarif\u00e1ria verde\",\"datePublished\":\"2025-01-06T19:00:35+00:00\",\"mainEntityOfPage\":{\"@id\":\"https:\\\/\\\/marcelolopes.jor.br\\\/site\\\/2025\\\/01\\\/06\\\/janeiro-tem-desconto-na-conta-de-luz-e-bandeira-tarifaria-verde\\\/\"},\"wordCount\":451,\"commentCount\":0,\"publisher\":{\"@id\":\"https:\\\/\\\/marcelolopes.jor.br\\\/site\\\/#organization\"},\"image\":{\"@id\":\"https:\\\/\\\/marcelolopes.jor.br\\\/site\\\/2025\\\/01\\\/06\\\/janeiro-tem-desconto-na-conta-de-luz-e-bandeira-tarifaria-verde\\\/#primaryimage\"},\"thumbnailUrl\":\"https:\\\/\\\/marcelolopes.jor.br\\\/site\\\/wp-content\\\/uploads\\\/2025\\\/01\\\/Torres.jpg\",\"articleSection\":[\"Not\u00edcias\"],\"inLanguage\":\"pt-BR\",\"potentialAction\":[{\"@type\":\"CommentAction\",\"name\":\"Comment\",\"target\":[\"https:\\\/\\\/marcelolopes.jor.br\\\/site\\\/2025\\\/01\\\/06\\\/janeiro-tem-desconto-na-conta-de-luz-e-bandeira-tarifaria-verde\\\/#respond\"]}]},{\"@type\":\"WebPage\",\"@id\":\"https:\\\/\\\/marcelolopes.jor.br\\\/site\\\/2025\\\/01\\\/06\\\/janeiro-tem-desconto-na-conta-de-luz-e-bandeira-tarifaria-verde\\\/\",\"url\":\"https:\\\/\\\/marcelolopes.jor.br\\\/site\\\/2025\\\/01\\\/06\\\/janeiro-tem-desconto-na-conta-de-luz-e-bandeira-tarifaria-verde\\\/\",\"name\":\"Janeiro tem desconto na conta de luz e bandeira tarif\u00e1ria verde | Marcelo Lopes\",\"isPartOf\":{\"@id\":\"https:\\\/\\\/marcelolopes.jor.br\\\/site\\\/#website\"},\"primaryImageOfPage\":{\"@id\":\"https:\\\/\\\/marcelolopes.jor.br\\\/site\\\/2025\\\/01\\\/06\\\/janeiro-tem-desconto-na-conta-de-luz-e-bandeira-tarifaria-verde\\\/#primaryimage\"},\"image\":{\"@id\":\"https:\\\/\\\/marcelolopes.jor.br\\\/site\\\/2025\\\/01\\\/06\\\/janeiro-tem-desconto-na-conta-de-luz-e-bandeira-tarifaria-verde\\\/#primaryimage\"},\"thumbnailUrl\":\"https:\\\/\\\/marcelolopes.jor.br\\\/site\\\/wp-content\\\/uploads\\\/2025\\\/01\\\/Torres.jpg\",\"datePublished\":\"2025-01-06T19:00:35+00:00\",\"description\":\"Janeiro tem desconto na de luz e bandeira tarif\u00e1ria verde. B\u00f4nus Itaipu vai beneficiar quem tem com consumo inferior a 350 kWh.\",\"breadcrumb\":{\"@id\":\"https:\\\/\\\/marcelolopes.jor.br\\\/site\\\/2025\\\/01\\\/06\\\/janeiro-tem-desconto-na-conta-de-luz-e-bandeira-tarifaria-verde\\\/#breadcrumb\"},\"inLanguage\":\"pt-BR\",\"potentialAction\":[{\"@type\":\"ReadAction\",\"target\":[\"https:\\\/\\\/marcelolopes.jor.br\\\/site\\\/2025\\\/01\\\/06\\\/janeiro-tem-desconto-na-conta-de-luz-e-bandeira-tarifaria-verde\\\/\"]}]},{\"@type\":\"ImageObject\",\"inLanguage\":\"pt-BR\",\"@id\":\"https:\\\/\\\/marcelolopes.jor.br\\\/site\\\/2025\\\/01\\\/06\\\/janeiro-tem-desconto-na-conta-de-luz-e-bandeira-tarifaria-verde\\\/#primaryimage\",\"url\":\"https:\\\/\\\/marcelolopes.jor.br\\\/site\\\/wp-content\\\/uploads\\\/2025\\\/01\\\/Torres.jpg\",\"contentUrl\":\"https:\\\/\\\/marcelolopes.jor.br\\\/site\\\/wp-content\\\/uploads\\\/2025\\\/01\\\/Torres.jpg\",\"width\":1000,\"height\":563,\"caption\":\"Janeiro tem desconto na\"},{\"@type\":\"BreadcrumbList\",\"@id\":\"https:\\\/\\\/marcelolopes.jor.br\\\/site\\\/2025\\\/01\\\/06\\\/janeiro-tem-desconto-na-conta-de-luz-e-bandeira-tarifaria-verde\\\/#breadcrumb\",\"itemListElement\":[{\"@type\":\"ListItem\",\"position\":1,\"name\":\"Home\",\"item\":\"https:\\\/\\\/marcelolopes.jor.br\\\/site\\\/\"},{\"@type\":\"ListItem\",\"position\":2,\"name\":\"Janeiro tem desconto na conta de luz e bandeira tarif\u00e1ria verde\"}]},{\"@type\":\"WebSite\",\"@id\":\"https:\\\/\\\/marcelolopes.jor.br\\\/site\\\/#website\",\"url\":\"https:\\\/\\\/marcelolopes.jor.br\\\/site\\\/\",\"name\":\"Marcelo Lopes\",\"description\":\"Not\u00edcias de Cataguases e Regi\u00e3o\",\"publisher\":{\"@id\":\"https:\\\/\\\/marcelolopes.jor.br\\\/site\\\/#organization\"},\"potentialAction\":[{\"@type\":\"SearchAction\",\"target\":{\"@type\":\"EntryPoint\",\"urlTemplate\":\"https:\\\/\\\/marcelolopes.jor.br\\\/site\\\/?s={search_term_string}\"},\"query-input\":{\"@type\":\"PropertyValueSpecification\",\"valueRequired\":true,\"valueName\":\"search_term_string\"}}],\"inLanguage\":\"pt-BR\"},{\"@type\":\"Organization\",\"@id\":\"https:\\\/\\\/marcelolopes.jor.br\\\/site\\\/#organization\",\"name\":\"Site do Marcelo Lopes\",\"url\":\"https:\\\/\\\/marcelolopes.jor.br\\\/site\\\/\",\"logo\":{\"@type\":\"ImageObject\",\"inLanguage\":\"pt-BR\",\"@id\":\"https:\\\/\\\/marcelolopes.jor.br\\\/site\\\/#\\\/schema\\\/logo\\\/image\\\/\",\"url\":\"https:\\\/\\\/marcelolopes.jor.br\\\/site\\\/wp-content\\\/uploads\\\/2024\\\/11\\\/logo-1.png\",\"contentUrl\":\"https:\\\/\\\/marcelolopes.jor.br\\\/site\\\/wp-content\\\/uploads\\\/2024\\\/11\\\/logo-1.png\",\"width\":475,\"height\":80,\"caption\":\"Site do Marcelo Lopes\"},\"image\":{\"@id\":\"https:\\\/\\\/marcelolopes.jor.br\\\/site\\\/#\\\/schema\\\/logo\\\/image\\\/\"},\"sameAs\":[\"https:\\\/\\\/www.facebook.com\\\/sitedomarcelolopes\",\"https:\\\/\\\/www.instagram.com\\\/sitedomarcelolopes\\\/\",\"https:\\\/\\\/www.linkedin.com\\\/company\\\/site-do-marcelo-lopes\\\/\",\"https:\\\/\\\/www.youtube.com\\\/user\\\/marcelolopes957\"]},{\"@type\":\"Person\",\"@id\":\"https:\\\/\\\/marcelolopes.jor.br\\\/site\\\/#\\\/schema\\\/person\\\/3e7216a35c34d8fdf952b31da3d1f89f\",\"name\":\"Marcelo Lopes\",\"sameAs\":[\"http:\\\/\\\/www.marcelolopes.jor.br\"],\"url\":\"https:\\\/\\\/marcelolopes.jor.br\\\/site\\\/author\\\/marcelo\\\/\"}]}<\/script>\n<!-- \/ Yoast SEO plugin. -->","yoast_head_json":{"title":"Janeiro tem desconto na conta de luz e bandeira tarif\u00e1ria verde | Marcelo Lopes","description":"Janeiro tem desconto na de luz e bandeira tarif\u00e1ria verde. B\u00f4nus Itaipu vai beneficiar quem tem com consumo inferior a 350 kWh.","robots":{"index":"index","follow":"follow","max-snippet":"max-snippet:-1","max-image-preview":"max-image-preview:large","max-video-preview":"max-video-preview:-1"},"canonical":"https:\/\/marcelolopes.jor.br\/site\/2025\/01\/06\/janeiro-tem-desconto-na-conta-de-luz-e-bandeira-tarifaria-verde\/","og_locale":"pt_BR","og_type":"article","og_title":"Janeiro tem desconto na conta de luz e bandeira tarif\u00e1ria verde | Marcelo Lopes","og_description":"Janeiro tem desconto na de luz e bandeira tarif\u00e1ria verde. B\u00f4nus Itaipu vai beneficiar quem tem com consumo inferior a 350 kWh.","og_url":"https:\/\/marcelolopes.jor.br\/site\/2025\/01\/06\/janeiro-tem-desconto-na-conta-de-luz-e-bandeira-tarifaria-verde\/","og_site_name":"Marcelo Lopes","article_publisher":"https:\/\/www.facebook.com\/sitedomarcelolopes","article_published_time":"2025-01-06T19:00:35+00:00","og_image":[{"width":1000,"height":563,"url":"https:\/\/marcelolopes.jor.br\/site\/wp-content\/uploads\/2025\/01\/Torres.jpg","type":"image\/jpeg"}],"author":"Marcelo Lopes","twitter_card":"summary_large_image","twitter_misc":{"Escrito por":"Marcelo Lopes","Est. tempo de leitura":"2 minutos"},"schema":{"@context":"https:\/\/schema.org","@graph":[{"@type":"NewsArticle","@id":"https:\/\/marcelolopes.jor.br\/site\/2025\/01\/06\/janeiro-tem-desconto-na-conta-de-luz-e-bandeira-tarifaria-verde\/#article","isPartOf":{"@id":"https:\/\/marcelolopes.jor.br\/site\/2025\/01\/06\/janeiro-tem-desconto-na-conta-de-luz-e-bandeira-tarifaria-verde\/"},"author":{"name":"Marcelo Lopes","@id":"https:\/\/marcelolopes.jor.br\/site\/#\/schema\/person\/3e7216a35c34d8fdf952b31da3d1f89f"},"headline":"Janeiro tem desconto na conta de luz e bandeira tarif\u00e1ria verde","datePublished":"2025-01-06T19:00:35+00:00","mainEntityOfPage":{"@id":"https:\/\/marcelolopes.jor.br\/site\/2025\/01\/06\/janeiro-tem-desconto-na-conta-de-luz-e-bandeira-tarifaria-verde\/"},"wordCount":451,"commentCount":0,"publisher":{"@id":"https:\/\/marcelolopes.jor.br\/site\/#organization"},"image":{"@id":"https:\/\/marcelolopes.jor.br\/site\/2025\/01\/06\/janeiro-tem-desconto-na-conta-de-luz-e-bandeira-tarifaria-verde\/#primaryimage"},"thumbnailUrl":"https:\/\/marcelolopes.jor.br\/site\/wp-content\/uploads\/2025\/01\/Torres.jpg","articleSection":["Not\u00edcias"],"inLanguage":"pt-BR","potentialAction":[{"@type":"CommentAction","name":"Comment","target":["https:\/\/marcelolopes.jor.br\/site\/2025\/01\/06\/janeiro-tem-desconto-na-conta-de-luz-e-bandeira-tarifaria-verde\/#respond"]}]},{"@type":"WebPage","@id":"https:\/\/marcelolopes.jor.br\/site\/2025\/01\/06\/janeiro-tem-desconto-na-conta-de-luz-e-bandeira-tarifaria-verde\/","url":"https:\/\/marcelolopes.jor.br\/site\/2025\/01\/06\/janeiro-tem-desconto-na-conta-de-luz-e-bandeira-tarifaria-verde\/","name":"Janeiro tem desconto na conta de luz e bandeira tarif\u00e1ria verde | Marcelo Lopes","isPartOf":{"@id":"https:\/\/marcelolopes.jor.br\/site\/#website"},"primaryImageOfPage":{"@id":"https:\/\/marcelolopes.jor.br\/site\/2025\/01\/06\/janeiro-tem-desconto-na-conta-de-luz-e-bandeira-tarifaria-verde\/#primaryimage"},"image":{"@id":"https:\/\/marcelolopes.jor.br\/site\/2025\/01\/06\/janeiro-tem-desconto-na-conta-de-luz-e-bandeira-tarifaria-verde\/#primaryimage"},"thumbnailUrl":"https:\/\/marcelolopes.jor.br\/site\/wp-content\/uploads\/2025\/01\/Torres.jpg","datePublished":"2025-01-06T19:00:35+00:00","description":"Janeiro tem desconto na de luz e bandeira tarif\u00e1ria verde. B\u00f4nus Itaipu vai beneficiar quem tem com consumo inferior a 350 kWh.","breadcrumb":{"@id":"https:\/\/marcelolopes.jor.br\/site\/2025\/01\/06\/janeiro-tem-desconto-na-conta-de-luz-e-bandeira-tarifaria-verde\/#breadcrumb"},"inLanguage":"pt-BR","potentialAction":[{"@type":"ReadAction","target":["https:\/\/marcelolopes.jor.br\/site\/2025\/01\/06\/janeiro-tem-desconto-na-conta-de-luz-e-bandeira-tarifaria-verde\/"]}]},{"@type":"ImageObject","inLanguage":"pt-BR","@id":"https:\/\/marcelolopes.jor.br\/site\/2025\/01\/06\/janeiro-tem-desconto-na-conta-de-luz-e-bandeira-tarifaria-verde\/#primaryimage","url":"https:\/\/marcelolopes.jor.br\/site\/wp-content\/uploads\/2025\/01\/Torres.jpg","contentUrl":"https:\/\/marcelolopes.jor.br\/site\/wp-content\/uploads\/2025\/01\/Torres.jpg","width":1000,"height":563,"caption":"Janeiro tem desconto na"},{"@type":"BreadcrumbList","@id":"https:\/\/marcelolopes.jor.br\/site\/2025\/01\/06\/janeiro-tem-desconto-na-conta-de-luz-e-bandeira-tarifaria-verde\/#breadcrumb","itemListElement":[{"@type":"ListItem","position":1,"name":"Home","item":"https:\/\/marcelolopes.jor.br\/site\/"},{"@type":"ListItem","position":2,"name":"Janeiro tem desconto na conta de luz e bandeira tarif\u00e1ria verde"}]},{"@type":"WebSite","@id":"https:\/\/marcelolopes.jor.br\/site\/#website","url":"https:\/\/marcelolopes.jor.br\/site\/","name":"Marcelo Lopes","description":"Not\u00edcias de Cataguases e Regi\u00e3o","publisher":{"@id":"https:\/\/marcelolopes.jor.br\/site\/#organization"},"potentialAction":[{"@type":"SearchAction","target":{"@type":"EntryPoint","urlTemplate":"https:\/\/marcelolopes.jor.br\/site\/?s={search_term_string}"},"query-input":{"@type":"PropertyValueSpecification","valueRequired":true,"valueName":"search_term_string"}}],"inLanguage":"pt-BR"},{"@type":"Organization","@id":"https:\/\/marcelolopes.jor.br\/site\/#organization","name":"Site do Marcelo Lopes","url":"https:\/\/marcelolopes.jor.br\/site\/","logo":{"@type":"ImageObject","inLanguage":"pt-BR","@id":"https:\/\/marcelolopes.jor.br\/site\/#\/schema\/logo\/image\/","url":"https:\/\/marcelolopes.jor.br\/site\/wp-content\/uploads\/2024\/11\/logo-1.png","contentUrl":"https:\/\/marcelolopes.jor.br\/site\/wp-content\/uploads\/2024\/11\/logo-1.png","width":475,"height":80,"caption":"Site do Marcelo Lopes"},"image":{"@id":"https:\/\/marcelolopes.jor.br\/site\/#\/schema\/logo\/image\/"},"sameAs":["https:\/\/www.facebook.com\/sitedomarcelolopes","https:\/\/www.instagram.com\/sitedomarcelolopes\/","https:\/\/www.linkedin.com\/company\/site-do-marcelo-lopes\/","https:\/\/www.youtube.com\/user\/marcelolopes957"]},{"@type":"Person","@id":"https:\/\/marcelolopes.jor.br\/site\/#\/schema\/person\/3e7216a35c34d8fdf952b31da3d1f89f","name":"Marcelo Lopes","sameAs":["http:\/\/www.marcelolopes.jor.br"],"url":"https:\/\/marcelolopes.jor.br\/site\/author\/marcelo\/"}]}},"wps_subtitle":"B\u00f4nus Itaipu vai beneficiar quem tem consumo inferior a 350 kWh.","_links":{"self":[{"href":"https:\/\/marcelolopes.jor.br\/site\/wp-json\/wp\/v2\/posts\/54855","targetHints":{"allow":["GET"]}}],"collection":[{"href":"https:\/\/marcelolopes.jor.br\/site\/wp-json\/wp\/v2\/posts"}],"about":[{"href":"https:\/\/marcelolopes.jor.br\/site\/wp-json\/wp\/v2\/types\/post"}],"author":[{"embeddable":true,"href":"https:\/\/marcelolopes.jor.br\/site\/wp-json\/wp\/v2\/users\/2"}],"replies":[{"embeddable":true,"href":"https:\/\/marcelolopes.jor.br\/site\/wp-json\/wp\/v2\/comments?post=54855"}],"version-history":[{"count":0,"href":"https:\/\/marcelolopes.jor.br\/site\/wp-json\/wp\/v2\/posts\/54855\/revisions"}],"wp:featuredmedia":[{"embeddable":true,"href":"https:\/\/marcelolopes.jor.br\/site\/wp-json\/wp\/v2\/media\/54858"}],"wp:attachment":[{"href":"https:\/\/marcelolopes.jor.br\/site\/wp-json\/wp\/v2\/media?parent=54855"}],"wp:term":[{"taxonomy":"category","embeddable":true,"href":"https:\/\/marcelolopes.jor.br\/site\/wp-json\/wp\/v2\/categories?post=54855"},{"taxonomy":"post_tag","embeddable":true,"href":"https:\/\/marcelolopes.jor.br\/site\/wp-json\/wp\/v2\/tags?post=54855"}],"curies":[{"name":"wp","href":"https:\/\/api.w.org\/{rel}","templated":true}]}}