{"id":5466,"date":"2019-09-03T20:55:58","date_gmt":"2019-09-03T23:55:58","guid":{"rendered":"https:\/\/marcelolopes.jor.br\/?p=5466"},"modified":"2019-09-04T08:56:56","modified_gmt":"2019-09-04T11:56:56","slug":"colegio-equipe-realiza-encontro-sobre-escola-da-inteligencia","status":"publish","type":"post","link":"https:\/\/marcelolopes.jor.br\/site\/2019\/09\/03\/colegio-equipe-realiza-encontro-sobre-escola-da-inteligencia\/","title":{"rendered":"Col\u00e9gio Equipe realiza encontro sobre Escola da Intelig\u00eancia"},"content":{"rendered":"<p style=\"text-align: justify;\">O Col\u00e9gio Equipe de Cataguases vai realizar um evento gratuito e aberto ao p\u00fablico em geral que ser\u00e1 &#8211; certamente &#8211; um divisor de \u00e1guas em sua j\u00e1 longa hist\u00f3ria na Educa\u00e7\u00e3o de Cataguases. Sempre pautado pela excel\u00eancia no ensino, desta vez, o Equipe inova ao trazer para dentro de suas salas de aula a Escola da Intelig\u00eancia. Para explicar em detalhes esta novidade que conquista a cada dia milhares de alunos pa\u00eds afora, est\u00e1 convidando alunos e seus familiares em geral a participarem de um encontro nesta quarta-feira, 04 de setembro, \u00e0s 19 horas, no Clube do Remo, para que possam conhecer este projeto. O evento \u00e9 gratuito, acrescenta o diretor do Col\u00e9gio Equipe, professor Fl\u00e1vio Montes (em p\u00e9 na foto principal).<!--more--><\/p>\n<p style=\"text-align: justify;\"><img loading=\"lazy\" decoding=\"async\" class=\"aligncenter wp-image-5469\" src=\"https:\/\/marcelolopes.jor.br\/site\/wp-content\/uploads\/2019\/09\/WhatsApp-Image-2019-09-03-at-19.56.56-300x90.jpeg\" alt=\"\" width=\"500\" height=\"150\" srcset=\"https:\/\/marcelolopes.jor.br\/site\/wp-content\/uploads\/2019\/09\/WhatsApp-Image-2019-09-03-at-19.56.56-300x90.jpeg 300w, https:\/\/marcelolopes.jor.br\/site\/wp-content\/uploads\/2019\/09\/WhatsApp-Image-2019-09-03-at-19.56.56-768x230.jpeg 768w, https:\/\/marcelolopes.jor.br\/site\/wp-content\/uploads\/2019\/09\/WhatsApp-Image-2019-09-03-at-19.56.56-1024x307.jpeg 1024w, https:\/\/marcelolopes.jor.br\/site\/wp-content\/uploads\/2019\/09\/WhatsApp-Image-2019-09-03-at-19.56.56-1200x360.jpeg 1200w, https:\/\/marcelolopes.jor.br\/site\/wp-content\/uploads\/2019\/09\/WhatsApp-Image-2019-09-03-at-19.56.56.jpeg 1280w\" sizes=\"auto, (max-width: 500px) 100vw, 500px\" \/>&#8211; Quem conhece a Escola da Intelig\u00eancia, sabe o diferencial que ela provoca na vida dos estudantes de um modo geral, e participar deste encontro vai sanar d\u00favidas a seu respeito, diz Fl\u00e1vio. &#8220;J\u00e1 aqueles que n\u00e3o conhecem, v\u00e3o saber tudo sobre esta metodologia e se encantar por ela&#8221;, assegura o diretor do Equipe, um dos mais entusiasmados por este programa educacional. Por isso ele refor\u00e7a o convite para que as pessoas participem do encontro acrescentando que atualmente, esta metodologia atende diretamente mais de 200 mil alunos em escolas de todo Brasil.<\/p>\n<p style=\"text-align: justify;\"><img loading=\"lazy\" decoding=\"async\" class=\"alignright wp-image-5472\" src=\"https:\/\/marcelolopes.jor.br\/site\/wp-content\/uploads\/2019\/09\/WhatsApp-Image-2019-09-03-at-20.56.32-300x300.jpeg\" alt=\"\" width=\"200\" height=\"200\" srcset=\"https:\/\/marcelolopes.jor.br\/site\/wp-content\/uploads\/2019\/09\/WhatsApp-Image-2019-09-03-at-20.56.32-300x300.jpeg 300w, https:\/\/marcelolopes.jor.br\/site\/wp-content\/uploads\/2019\/09\/WhatsApp-Image-2019-09-03-at-20.56.32-150x150.jpeg 150w, https:\/\/marcelolopes.jor.br\/site\/wp-content\/uploads\/2019\/09\/WhatsApp-Image-2019-09-03-at-20.56.32-768x768.jpeg 768w, https:\/\/marcelolopes.jor.br\/site\/wp-content\/uploads\/2019\/09\/WhatsApp-Image-2019-09-03-at-20.56.32-1024x1024.jpeg 1024w, https:\/\/marcelolopes.jor.br\/site\/wp-content\/uploads\/2019\/09\/WhatsApp-Image-2019-09-03-at-20.56.32.jpeg 1182w\" sizes=\"auto, (max-width: 200px) 100vw, 200px\" \/>Mas, afinal, o que \u00e9 a Escola da Intelig\u00eancia? \u00c9 um programa educacional que objetiva desenvolver a educa\u00e7\u00e3o socioemocional no ambiente escolar. Fundamentada na Teoria da Intelig\u00eancia Multifocal, elaborada pelo Dr. Augusto Cury, a metodologia promove, por meio da educa\u00e7\u00e3o das emo\u00e7\u00f5es e da intelig\u00eancia, a melhoria dos \u00edndices de aprendizagem, redu\u00e7\u00e3o da indisciplina, aprimoramento das rela\u00e7\u00f5es interpessoais e o aumento da participa\u00e7\u00e3o da fam\u00edlia na forma\u00e7\u00e3o integral dos alunos. Todos os envolvidos &#8211; professores, alunos e familiares \u2013 s\u00e3o beneficiados com mais qualidade de vida e bem-estar ps\u00edquico.<\/p>\n<p>&nbsp;<\/p>\n<p><img loading=\"lazy\" decoding=\"async\" class=\"aligncenter wp-image-5468\" src=\"https:\/\/marcelolopes.jor.br\/site\/wp-content\/uploads\/2019\/09\/WhatsApp-Image-2019-09-03-at-19.56.57-300x300.jpeg\" alt=\"\" width=\"500\" height=\"500\" srcset=\"https:\/\/marcelolopes.jor.br\/site\/wp-content\/uploads\/2019\/09\/WhatsApp-Image-2019-09-03-at-19.56.57-300x300.jpeg 300w, https:\/\/marcelolopes.jor.br\/site\/wp-content\/uploads\/2019\/09\/WhatsApp-Image-2019-09-03-at-19.56.57-150x150.jpeg 150w, https:\/\/marcelolopes.jor.br\/site\/wp-content\/uploads\/2019\/09\/WhatsApp-Image-2019-09-03-at-19.56.57.jpeg 720w\" sizes=\"auto, (max-width: 500px) 100vw, 500px\" \/><\/p>\n<div class=\"hqhgt69f77dd170e27\" ><br><\/div><style type=\"text\/css\">\r\n@media screen and (min-width: 1201px) {\r\n.hqhgt69f77dd170e27 {\r\ndisplay: block;\r\n}\r\n}\r\n@media screen and (min-width: 993px) and (max-width: 1200px) {\r\n.hqhgt69f77dd170e27 {\r\ndisplay: block;\r\n}\r\n}\r\n@media screen and (min-width: 769px) and (max-width: 992px) {\r\n.hqhgt69f77dd170e27 {\r\ndisplay: block;\r\n}\r\n}\r\n@media screen and (min-width: 768px) and (max-width: 768px) {\r\n.hqhgt69f77dd170e27 {\r\ndisplay: block;\r\n}\r\n}\r\n@media screen and (max-width: 767px) {\r\n.hqhgt69f77dd170e27 {\r\ndisplay: block;\r\n}\r\n}\r\n<\/style>\r\n<div class=\"rfloc69f77dd17950d\" ><div id=\"div_destino\"><\/div>\r\n<script src=\"https:\/\/cdn.snsrsv.com\/sdk.js\"><\/script>\r\n<script >\r\n      new sdk(\"464030C30061EA8BE065000000000001\") \r\n          .appendTo(\"div_destino\")\r\n          .disableStyle(true) \r\n          .setCacheBusterMacro(\"%%CACHEBUSTER%%\")\r\n          .setSize(\"800\",\"214\")\r\n          .setClickMacro(\"%%CLICK_URL_ESC%%\") \r\n          .setReferrerUrlMacro(\"%%REFERRER_URL_ESC%%\") \r\n          .start(); \r\n<\/script><\/div><style type=\"text\/css\">\r\n@media screen and (min-width: 1201px) {\r\n.rfloc69f77dd17950d {\r\ndisplay: block;\r\n}\r\n}\r\n@media screen and (min-width: 993px) and (max-width: 1200px) {\r\n.rfloc69f77dd17950d {\r\ndisplay: block;\r\n}\r\n}\r\n@media screen and (min-width: 769px) and (max-width: 992px) {\r\n.rfloc69f77dd17950d {\r\ndisplay: block;\r\n}\r\n}\r\n@media screen and (min-width: 768px) and (max-width: 768px) {\r\n.rfloc69f77dd17950d {\r\ndisplay: block;\r\n}\r\n}\r\n@media screen and (max-width: 767px) {\r\n.rfloc69f77dd17950d {\r\ndisplay: block;\r\n}\r\n}\r\n<\/style>\r\n","protected":false},"excerpt":{"rendered":"<p>O Col\u00e9gio Equipe de Cataguases vai realizar um evento gratuito e aberto ao p\u00fablico em geral que ser\u00e1 &#8211; certamente &#8211; um divisor de \u00e1guas em sua j\u00e1 longa hist\u00f3ria na Educa\u00e7\u00e3o de Cataguases. Sempre pautado pela excel\u00eancia no ensino,<\/p>\n<p class=\"link-more\"><a class=\"more-link\" href=\"https:\/\/marcelolopes.jor.br\/site\/2019\/09\/03\/colegio-equipe-realiza-encontro-sobre-escola-da-inteligencia\/\">Leia mais <span class=\"screen-reader-text\">Col\u00e9gio Equipe realiza encontro sobre Escola da Intelig\u00eancia<\/span><\/a><\/p>\n","protected":false},"author":2,"featured_media":5470,"comment_status":"open","ping_status":"open","sticky":false,"template":"","format":"standard","meta":{"footnotes":""},"categories":[1],"tags":[541,1145,1146,1106],"class_list":["post-5466","post","type-post","status-publish","format-standard","has-post-thumbnail","hentry","category-noticias","tag-alunos","tag-colegio-equipe","tag-escola-da-inteligencia","tag-familiares","thumb-below-title"],"yoast_head":"<!-- This site is optimized with the Yoast SEO plugin v27.4 - https:\/\/yoast.com\/product\/yoast-seo-wordpress\/ -->\n<title>Col\u00e9gio Equipe realiza encontro sobre Escola da Intelig\u00eancia | Marcelo Lopes<\/title>\n<meta name=\"robots\" content=\"index, follow, max-snippet:-1, max-image-preview:large, max-video-preview:-1\" \/>\n<link rel=\"canonical\" href=\"https:\/\/marcelolopes.jor.br\/site\/2019\/09\/03\/colegio-equipe-realiza-encontro-sobre-escola-da-inteligencia\/\" \/>\n<meta property=\"og:locale\" content=\"pt_BR\" \/>\n<meta property=\"og:type\" content=\"article\" \/>\n<meta property=\"og:title\" content=\"Col\u00e9gio Equipe realiza encontro sobre Escola da Intelig\u00eancia | Marcelo Lopes\" \/>\n<meta property=\"og:description\" content=\"O Col\u00e9gio Equipe de Cataguases vai realizar um evento gratuito e aberto ao p\u00fablico em geral que ser\u00e1 &#8211; certamente &#8211; um divisor de \u00e1guas em sua j\u00e1 longa hist\u00f3ria na Educa\u00e7\u00e3o de Cataguases. Sempre pautado pela excel\u00eancia no ensino,Leia mais Col\u00e9gio Equipe realiza encontro sobre Escola da Intelig\u00eancia\" \/>\n<meta property=\"og:url\" content=\"https:\/\/marcelolopes.jor.br\/site\/2019\/09\/03\/colegio-equipe-realiza-encontro-sobre-escola-da-inteligencia\/\" \/>\n<meta property=\"og:site_name\" content=\"Marcelo Lopes\" \/>\n<meta property=\"article:publisher\" content=\"https:\/\/www.facebook.com\/sitedomarcelolopes\" \/>\n<meta property=\"article:published_time\" content=\"2019-09-03T23:55:58+00:00\" \/>\n<meta property=\"article:modified_time\" content=\"2019-09-04T11:56:56+00:00\" \/>\n<meta property=\"og:image\" content=\"https:\/\/marcelolopes.jor.br\/site\/wp-content\/uploads\/2019\/09\/Fl\u00e1vio.jpg\" \/>\n\t<meta property=\"og:image:width\" content=\"799\" \/>\n\t<meta property=\"og:image:height\" content=\"600\" \/>\n\t<meta property=\"og:image:type\" content=\"image\/jpeg\" \/>\n<meta name=\"author\" content=\"Marcelo Lopes\" \/>\n<meta name=\"twitter:card\" content=\"summary_large_image\" \/>\n<meta name=\"twitter:label1\" content=\"Escrito por\" \/>\n\t<meta name=\"twitter:data1\" content=\"Marcelo Lopes\" \/>\n\t<meta name=\"twitter:label2\" content=\"Est. tempo de leitura\" \/>\n\t<meta name=\"twitter:data2\" content=\"2 minutos\" \/>\n<script type=\"application\/ld+json\" class=\"yoast-schema-graph\">{\"@context\":\"https:\\\/\\\/schema.org\",\"@graph\":[{\"@type\":\"NewsArticle\",\"@id\":\"https:\\\/\\\/marcelolopes.jor.br\\\/site\\\/2019\\\/09\\\/03\\\/colegio-equipe-realiza-encontro-sobre-escola-da-inteligencia\\\/#article\",\"isPartOf\":{\"@id\":\"https:\\\/\\\/marcelolopes.jor.br\\\/site\\\/2019\\\/09\\\/03\\\/colegio-equipe-realiza-encontro-sobre-escola-da-inteligencia\\\/\"},\"author\":{\"name\":\"Marcelo Lopes\",\"@id\":\"https:\\\/\\\/marcelolopes.jor.br\\\/site\\\/#\\\/schema\\\/person\\\/3e7216a35c34d8fdf952b31da3d1f89f\"},\"headline\":\"Col\u00e9gio Equipe realiza encontro sobre Escola da Intelig\u00eancia\",\"datePublished\":\"2019-09-03T23:55:58+00:00\",\"dateModified\":\"2019-09-04T11:56:56+00:00\",\"mainEntityOfPage\":{\"@id\":\"https:\\\/\\\/marcelolopes.jor.br\\\/site\\\/2019\\\/09\\\/03\\\/colegio-equipe-realiza-encontro-sobre-escola-da-inteligencia\\\/\"},\"wordCount\":336,\"commentCount\":0,\"publisher\":{\"@id\":\"https:\\\/\\\/marcelolopes.jor.br\\\/site\\\/#organization\"},\"image\":{\"@id\":\"https:\\\/\\\/marcelolopes.jor.br\\\/site\\\/2019\\\/09\\\/03\\\/colegio-equipe-realiza-encontro-sobre-escola-da-inteligencia\\\/#primaryimage\"},\"thumbnailUrl\":\"https:\\\/\\\/marcelolopes.jor.br\\\/site\\\/wp-content\\\/uploads\\\/2019\\\/09\\\/Fl\u00e1vio.jpg\",\"keywords\":[\"alunos\",\"Col\u00e9gio Equipe\",\"Escola da Intelig\u00eancia\",\"familiares\"],\"articleSection\":[\"Not\u00edcias\"],\"inLanguage\":\"pt-BR\",\"potentialAction\":[{\"@type\":\"CommentAction\",\"name\":\"Comment\",\"target\":[\"https:\\\/\\\/marcelolopes.jor.br\\\/site\\\/2019\\\/09\\\/03\\\/colegio-equipe-realiza-encontro-sobre-escola-da-inteligencia\\\/#respond\"]}]},{\"@type\":\"WebPage\",\"@id\":\"https:\\\/\\\/marcelolopes.jor.br\\\/site\\\/2019\\\/09\\\/03\\\/colegio-equipe-realiza-encontro-sobre-escola-da-inteligencia\\\/\",\"url\":\"https:\\\/\\\/marcelolopes.jor.br\\\/site\\\/2019\\\/09\\\/03\\\/colegio-equipe-realiza-encontro-sobre-escola-da-inteligencia\\\/\",\"name\":\"Col\u00e9gio Equipe realiza encontro sobre Escola da Intelig\u00eancia | Marcelo Lopes\",\"isPartOf\":{\"@id\":\"https:\\\/\\\/marcelolopes.jor.br\\\/site\\\/#website\"},\"primaryImageOfPage\":{\"@id\":\"https:\\\/\\\/marcelolopes.jor.br\\\/site\\\/2019\\\/09\\\/03\\\/colegio-equipe-realiza-encontro-sobre-escola-da-inteligencia\\\/#primaryimage\"},\"image\":{\"@id\":\"https:\\\/\\\/marcelolopes.jor.br\\\/site\\\/2019\\\/09\\\/03\\\/colegio-equipe-realiza-encontro-sobre-escola-da-inteligencia\\\/#primaryimage\"},\"thumbnailUrl\":\"https:\\\/\\\/marcelolopes.jor.br\\\/site\\\/wp-content\\\/uploads\\\/2019\\\/09\\\/Fl\u00e1vio.jpg\",\"datePublished\":\"2019-09-03T23:55:58+00:00\",\"dateModified\":\"2019-09-04T11:56:56+00:00\",\"breadcrumb\":{\"@id\":\"https:\\\/\\\/marcelolopes.jor.br\\\/site\\\/2019\\\/09\\\/03\\\/colegio-equipe-realiza-encontro-sobre-escola-da-inteligencia\\\/#breadcrumb\"},\"inLanguage\":\"pt-BR\",\"potentialAction\":[{\"@type\":\"ReadAction\",\"target\":[\"https:\\\/\\\/marcelolopes.jor.br\\\/site\\\/2019\\\/09\\\/03\\\/colegio-equipe-realiza-encontro-sobre-escola-da-inteligencia\\\/\"]}]},{\"@type\":\"ImageObject\",\"inLanguage\":\"pt-BR\",\"@id\":\"https:\\\/\\\/marcelolopes.jor.br\\\/site\\\/2019\\\/09\\\/03\\\/colegio-equipe-realiza-encontro-sobre-escola-da-inteligencia\\\/#primaryimage\",\"url\":\"https:\\\/\\\/marcelolopes.jor.br\\\/site\\\/wp-content\\\/uploads\\\/2019\\\/09\\\/Fl\u00e1vio.jpg\",\"contentUrl\":\"https:\\\/\\\/marcelolopes.jor.br\\\/site\\\/wp-content\\\/uploads\\\/2019\\\/09\\\/Fl\u00e1vio.jpg\",\"width\":799,\"height\":600},{\"@type\":\"BreadcrumbList\",\"@id\":\"https:\\\/\\\/marcelolopes.jor.br\\\/site\\\/2019\\\/09\\\/03\\\/colegio-equipe-realiza-encontro-sobre-escola-da-inteligencia\\\/#breadcrumb\",\"itemListElement\":[{\"@type\":\"ListItem\",\"position\":1,\"name\":\"Home\",\"item\":\"https:\\\/\\\/marcelolopes.jor.br\\\/site\\\/\"},{\"@type\":\"ListItem\",\"position\":2,\"name\":\"Col\u00e9gio Equipe realiza encontro sobre Escola da Intelig\u00eancia\"}]},{\"@type\":\"WebSite\",\"@id\":\"https:\\\/\\\/marcelolopes.jor.br\\\/site\\\/#website\",\"url\":\"https:\\\/\\\/marcelolopes.jor.br\\\/site\\\/\",\"name\":\"Marcelo Lopes\",\"description\":\"Not\u00edcias de Cataguases e Regi\u00e3o\",\"publisher\":{\"@id\":\"https:\\\/\\\/marcelolopes.jor.br\\\/site\\\/#organization\"},\"potentialAction\":[{\"@type\":\"SearchAction\",\"target\":{\"@type\":\"EntryPoint\",\"urlTemplate\":\"https:\\\/\\\/marcelolopes.jor.br\\\/site\\\/?s={search_term_string}\"},\"query-input\":{\"@type\":\"PropertyValueSpecification\",\"valueRequired\":true,\"valueName\":\"search_term_string\"}}],\"inLanguage\":\"pt-BR\"},{\"@type\":\"Organization\",\"@id\":\"https:\\\/\\\/marcelolopes.jor.br\\\/site\\\/#organization\",\"name\":\"Site do Marcelo Lopes\",\"url\":\"https:\\\/\\\/marcelolopes.jor.br\\\/site\\\/\",\"logo\":{\"@type\":\"ImageObject\",\"inLanguage\":\"pt-BR\",\"@id\":\"https:\\\/\\\/marcelolopes.jor.br\\\/site\\\/#\\\/schema\\\/logo\\\/image\\\/\",\"url\":\"https:\\\/\\\/marcelolopes.jor.br\\\/site\\\/wp-content\\\/uploads\\\/2024\\\/11\\\/logo-1.png\",\"contentUrl\":\"https:\\\/\\\/marcelolopes.jor.br\\\/site\\\/wp-content\\\/uploads\\\/2024\\\/11\\\/logo-1.png\",\"width\":475,\"height\":80,\"caption\":\"Site do Marcelo Lopes\"},\"image\":{\"@id\":\"https:\\\/\\\/marcelolopes.jor.br\\\/site\\\/#\\\/schema\\\/logo\\\/image\\\/\"},\"sameAs\":[\"https:\\\/\\\/www.facebook.com\\\/sitedomarcelolopes\",\"https:\\\/\\\/www.instagram.com\\\/sitedomarcelolopes\\\/\",\"https:\\\/\\\/www.linkedin.com\\\/company\\\/site-do-marcelo-lopes\\\/\",\"https:\\\/\\\/www.youtube.com\\\/user\\\/marcelolopes957\"]},{\"@type\":\"Person\",\"@id\":\"https:\\\/\\\/marcelolopes.jor.br\\\/site\\\/#\\\/schema\\\/person\\\/3e7216a35c34d8fdf952b31da3d1f89f\",\"name\":\"Marcelo Lopes\",\"sameAs\":[\"http:\\\/\\\/www.marcelolopes.jor.br\"],\"url\":\"https:\\\/\\\/marcelolopes.jor.br\\\/site\\\/author\\\/marcelo\\\/\"}]}<\/script>\n<!-- \/ Yoast SEO plugin. -->","yoast_head_json":{"title":"Col\u00e9gio Equipe realiza encontro sobre Escola da Intelig\u00eancia | Marcelo Lopes","robots":{"index":"index","follow":"follow","max-snippet":"max-snippet:-1","max-image-preview":"max-image-preview:large","max-video-preview":"max-video-preview:-1"},"canonical":"https:\/\/marcelolopes.jor.br\/site\/2019\/09\/03\/colegio-equipe-realiza-encontro-sobre-escola-da-inteligencia\/","og_locale":"pt_BR","og_type":"article","og_title":"Col\u00e9gio Equipe realiza encontro sobre Escola da Intelig\u00eancia | Marcelo Lopes","og_description":"O Col\u00e9gio Equipe de Cataguases vai realizar um evento gratuito e aberto ao p\u00fablico em geral que ser\u00e1 &#8211; certamente &#8211; um divisor de \u00e1guas em sua j\u00e1 longa hist\u00f3ria na Educa\u00e7\u00e3o de Cataguases. Sempre pautado pela excel\u00eancia no ensino,Leia mais Col\u00e9gio Equipe realiza encontro sobre Escola da Intelig\u00eancia","og_url":"https:\/\/marcelolopes.jor.br\/site\/2019\/09\/03\/colegio-equipe-realiza-encontro-sobre-escola-da-inteligencia\/","og_site_name":"Marcelo Lopes","article_publisher":"https:\/\/www.facebook.com\/sitedomarcelolopes","article_published_time":"2019-09-03T23:55:58+00:00","article_modified_time":"2019-09-04T11:56:56+00:00","og_image":[{"width":799,"height":600,"url":"https:\/\/marcelolopes.jor.br\/site\/wp-content\/uploads\/2019\/09\/Fl\u00e1vio.jpg","type":"image\/jpeg"}],"author":"Marcelo Lopes","twitter_card":"summary_large_image","twitter_misc":{"Escrito por":"Marcelo Lopes","Est. tempo de leitura":"2 minutos"},"schema":{"@context":"https:\/\/schema.org","@graph":[{"@type":"NewsArticle","@id":"https:\/\/marcelolopes.jor.br\/site\/2019\/09\/03\/colegio-equipe-realiza-encontro-sobre-escola-da-inteligencia\/#article","isPartOf":{"@id":"https:\/\/marcelolopes.jor.br\/site\/2019\/09\/03\/colegio-equipe-realiza-encontro-sobre-escola-da-inteligencia\/"},"author":{"name":"Marcelo Lopes","@id":"https:\/\/marcelolopes.jor.br\/site\/#\/schema\/person\/3e7216a35c34d8fdf952b31da3d1f89f"},"headline":"Col\u00e9gio Equipe realiza encontro sobre Escola da Intelig\u00eancia","datePublished":"2019-09-03T23:55:58+00:00","dateModified":"2019-09-04T11:56:56+00:00","mainEntityOfPage":{"@id":"https:\/\/marcelolopes.jor.br\/site\/2019\/09\/03\/colegio-equipe-realiza-encontro-sobre-escola-da-inteligencia\/"},"wordCount":336,"commentCount":0,"publisher":{"@id":"https:\/\/marcelolopes.jor.br\/site\/#organization"},"image":{"@id":"https:\/\/marcelolopes.jor.br\/site\/2019\/09\/03\/colegio-equipe-realiza-encontro-sobre-escola-da-inteligencia\/#primaryimage"},"thumbnailUrl":"https:\/\/marcelolopes.jor.br\/site\/wp-content\/uploads\/2019\/09\/Fl\u00e1vio.jpg","keywords":["alunos","Col\u00e9gio Equipe","Escola da Intelig\u00eancia","familiares"],"articleSection":["Not\u00edcias"],"inLanguage":"pt-BR","potentialAction":[{"@type":"CommentAction","name":"Comment","target":["https:\/\/marcelolopes.jor.br\/site\/2019\/09\/03\/colegio-equipe-realiza-encontro-sobre-escola-da-inteligencia\/#respond"]}]},{"@type":"WebPage","@id":"https:\/\/marcelolopes.jor.br\/site\/2019\/09\/03\/colegio-equipe-realiza-encontro-sobre-escola-da-inteligencia\/","url":"https:\/\/marcelolopes.jor.br\/site\/2019\/09\/03\/colegio-equipe-realiza-encontro-sobre-escola-da-inteligencia\/","name":"Col\u00e9gio Equipe realiza encontro sobre Escola da Intelig\u00eancia | Marcelo Lopes","isPartOf":{"@id":"https:\/\/marcelolopes.jor.br\/site\/#website"},"primaryImageOfPage":{"@id":"https:\/\/marcelolopes.jor.br\/site\/2019\/09\/03\/colegio-equipe-realiza-encontro-sobre-escola-da-inteligencia\/#primaryimage"},"image":{"@id":"https:\/\/marcelolopes.jor.br\/site\/2019\/09\/03\/colegio-equipe-realiza-encontro-sobre-escola-da-inteligencia\/#primaryimage"},"thumbnailUrl":"https:\/\/marcelolopes.jor.br\/site\/wp-content\/uploads\/2019\/09\/Fl\u00e1vio.jpg","datePublished":"2019-09-03T23:55:58+00:00","dateModified":"2019-09-04T11:56:56+00:00","breadcrumb":{"@id":"https:\/\/marcelolopes.jor.br\/site\/2019\/09\/03\/colegio-equipe-realiza-encontro-sobre-escola-da-inteligencia\/#breadcrumb"},"inLanguage":"pt-BR","potentialAction":[{"@type":"ReadAction","target":["https:\/\/marcelolopes.jor.br\/site\/2019\/09\/03\/colegio-equipe-realiza-encontro-sobre-escola-da-inteligencia\/"]}]},{"@type":"ImageObject","inLanguage":"pt-BR","@id":"https:\/\/marcelolopes.jor.br\/site\/2019\/09\/03\/colegio-equipe-realiza-encontro-sobre-escola-da-inteligencia\/#primaryimage","url":"https:\/\/marcelolopes.jor.br\/site\/wp-content\/uploads\/2019\/09\/Fl\u00e1vio.jpg","contentUrl":"https:\/\/marcelolopes.jor.br\/site\/wp-content\/uploads\/2019\/09\/Fl\u00e1vio.jpg","width":799,"height":600},{"@type":"BreadcrumbList","@id":"https:\/\/marcelolopes.jor.br\/site\/2019\/09\/03\/colegio-equipe-realiza-encontro-sobre-escola-da-inteligencia\/#breadcrumb","itemListElement":[{"@type":"ListItem","position":1,"name":"Home","item":"https:\/\/marcelolopes.jor.br\/site\/"},{"@type":"ListItem","position":2,"name":"Col\u00e9gio Equipe realiza encontro sobre Escola da Intelig\u00eancia"}]},{"@type":"WebSite","@id":"https:\/\/marcelolopes.jor.br\/site\/#website","url":"https:\/\/marcelolopes.jor.br\/site\/","name":"Marcelo Lopes","description":"Not\u00edcias de Cataguases e Regi\u00e3o","publisher":{"@id":"https:\/\/marcelolopes.jor.br\/site\/#organization"},"potentialAction":[{"@type":"SearchAction","target":{"@type":"EntryPoint","urlTemplate":"https:\/\/marcelolopes.jor.br\/site\/?s={search_term_string}"},"query-input":{"@type":"PropertyValueSpecification","valueRequired":true,"valueName":"search_term_string"}}],"inLanguage":"pt-BR"},{"@type":"Organization","@id":"https:\/\/marcelolopes.jor.br\/site\/#organization","name":"Site do Marcelo Lopes","url":"https:\/\/marcelolopes.jor.br\/site\/","logo":{"@type":"ImageObject","inLanguage":"pt-BR","@id":"https:\/\/marcelolopes.jor.br\/site\/#\/schema\/logo\/image\/","url":"https:\/\/marcelolopes.jor.br\/site\/wp-content\/uploads\/2024\/11\/logo-1.png","contentUrl":"https:\/\/marcelolopes.jor.br\/site\/wp-content\/uploads\/2024\/11\/logo-1.png","width":475,"height":80,"caption":"Site do Marcelo Lopes"},"image":{"@id":"https:\/\/marcelolopes.jor.br\/site\/#\/schema\/logo\/image\/"},"sameAs":["https:\/\/www.facebook.com\/sitedomarcelolopes","https:\/\/www.instagram.com\/sitedomarcelolopes\/","https:\/\/www.linkedin.com\/company\/site-do-marcelo-lopes\/","https:\/\/www.youtube.com\/user\/marcelolopes957"]},{"@type":"Person","@id":"https:\/\/marcelolopes.jor.br\/site\/#\/schema\/person\/3e7216a35c34d8fdf952b31da3d1f89f","name":"Marcelo Lopes","sameAs":["http:\/\/www.marcelolopes.jor.br"],"url":"https:\/\/marcelolopes.jor.br\/site\/author\/marcelo\/"}]}},"wps_subtitle":"Programa vem revolucionando o ensino no pa\u00eds e j\u00e1 conquistou mais 200 mil alunos em todo o Brasil.","_links":{"self":[{"href":"https:\/\/marcelolopes.jor.br\/site\/wp-json\/wp\/v2\/posts\/5466","targetHints":{"allow":["GET"]}}],"collection":[{"href":"https:\/\/marcelolopes.jor.br\/site\/wp-json\/wp\/v2\/posts"}],"about":[{"href":"https:\/\/marcelolopes.jor.br\/site\/wp-json\/wp\/v2\/types\/post"}],"author":[{"embeddable":true,"href":"https:\/\/marcelolopes.jor.br\/site\/wp-json\/wp\/v2\/users\/2"}],"replies":[{"embeddable":true,"href":"https:\/\/marcelolopes.jor.br\/site\/wp-json\/wp\/v2\/comments?post=5466"}],"version-history":[{"count":0,"href":"https:\/\/marcelolopes.jor.br\/site\/wp-json\/wp\/v2\/posts\/5466\/revisions"}],"wp:featuredmedia":[{"embeddable":true,"href":"https:\/\/marcelolopes.jor.br\/site\/wp-json\/wp\/v2\/media\/5470"}],"wp:attachment":[{"href":"https:\/\/marcelolopes.jor.br\/site\/wp-json\/wp\/v2\/media?parent=5466"}],"wp:term":[{"taxonomy":"category","embeddable":true,"href":"https:\/\/marcelolopes.jor.br\/site\/wp-json\/wp\/v2\/categories?post=5466"},{"taxonomy":"post_tag","embeddable":true,"href":"https:\/\/marcelolopes.jor.br\/site\/wp-json\/wp\/v2\/tags?post=5466"}],"curies":[{"name":"wp","href":"https:\/\/api.w.org\/{rel}","templated":true}]}}