{"id":5452,"date":"2019-09-03T19:00:14","date_gmt":"2019-09-03T22:00:14","guid":{"rendered":"https:\/\/marcelolopes.jor.br\/?p=5452"},"modified":"2019-09-03T17:47:23","modified_gmt":"2019-09-03T20:47:23","slug":"delegado-procurado-durante-operacao-do-ministerio-publico-e-encontrado-morto","status":"publish","type":"post","link":"https:\/\/marcelolopes.jor.br\/site\/2019\/09\/03\/delegado-procurado-durante-operacao-do-ministerio-publico-e-encontrado-morto\/","title":{"rendered":"Delegado procurado durante Opera\u00e7\u00e3o do Minist\u00e9rio P\u00fablico \u00e9 encontrado morto"},"content":{"rendered":"<p style=\"text-align: justify;\">Um investigador da Pol\u00edcia Civil de Ub\u00e1, uma ex-estagi\u00e1ria da unidade policial e um advogado foram presos durante a opera\u00e7\u00e3o Patmos, desencadeada nesta ter\u00e7a-feira, 03 de setembro, pelo Minist\u00e9rio P\u00fablico de Minas Gerais (MPMG) com participa\u00e7\u00e3o da Pol\u00edcia Civil para apurar a pr\u00e1tica de corrup\u00e7\u00e3o e associa\u00e7\u00e3o criminosa, entre outros crimes, que estariam sendo cometidos, em tese, na Delegacia Regional de Ub\u00e1.<\/p>\n<p style=\"text-align: justify;\">O delegado Alexandrino Rosa de Souza, que tamb\u00e9m estava com mandado de pris\u00e3o tempor\u00e1ria em aberto, mas ainda n\u00e3o havia sido localizado, foi encontrado morto dentro de um carro acidentado durante esta manh\u00e3 no Rio de Janeiro. A informa\u00e7\u00e3o foi confirmada pela assessoria da Pol\u00edcia Civil de Minas, que ainda apura as circunst\u00e2ncias da morte.<\/p>\n<p style=\"text-align: justify;\"><img loading=\"lazy\" decoding=\"async\" class=\"size-full wp-image-5455 alignleft\" src=\"https:\/\/marcelolopes.jor.br\/site\/wp-content\/uploads\/2019\/09\/maxresdefault-300x169-1.jpg\" alt=\"\" width=\"150\" height=\"169\" \/>Alexandrino (foto ao lado) teria cometido autoexterm\u00ednio na Linha Amarela, por meio de disparo de arma de fogo contra a pr\u00f3pria cabe\u00e7a, quando trafegava em um carro pela pista sentido Centro. A assessoria da Pol\u00edcia Civil do Rio de Janeiro confirmou que a ocorr\u00eancia foi registrada como suic\u00eddio, ap\u00f3s a per\u00edcia ser realizada onde Alexandrino foi achado, no interior de um ve\u00edculo. O primeiro atendimento teria sido prestado, por volta das 9h30min, por policias civis de S\u00e3o Jo\u00e3o de Meriti, na Baixada Fluminense, que passavam pelo trecho.<\/p>\n<p style=\"text-align: justify;\">O caso foi encaminhado para investiga\u00e7\u00e3o na Delegacia de Homic\u00eddios da capital fluminense, e o corpo foi conduzido para necropsia no IML do Rio. O MPMG afirmou, por meio de sua assessoria, que n\u00e3o vai se pronunciar sobre a morte do policial, que era um dos alvos da opera\u00e7\u00e3o, antes das conclus\u00f5es das investiga\u00e7\u00f5es da Pol\u00edcia Civil.<\/p>\n<h6 style=\"text-align: justify;\">Tr\u00e1fico e peculato<\/h6>\n<p style=\"text-align: justify;\">Ao todo foram expedidos pela Justi\u00e7a quatro mandados de pris\u00e3o e seis de busca e apreens\u00e3o para serem cumpridos em Ub\u00e1 e tamb\u00e9m em Juiz de Fora no \u00e2mbito da opera\u00e7\u00e3o Patmos. Conforme o MPMG, as investiga\u00e7\u00f5es revelaram ind\u00edcios de que os investigados, incluindo os policiais lotados na Regional de Ub\u00e1, e outras pessoas, ainda n\u00e3o identificadas, teriam agido com o objetivo de praticar tr\u00e1fico, associa\u00e7\u00e3o, peculato, corrup\u00e7\u00e3o passiva e advocacia administrativa, todos previstos no C\u00f3digo Penal. As investiga\u00e7\u00f5es continuam sob segredo de justi\u00e7a, raz\u00e3o pela qual o m\u00e9rito das investiga\u00e7\u00f5es e os nomes de todos os envolvidos ainda n\u00e3o foram revelados pelas autoridades.<\/p>\n<p style=\"text-align: justify;\">A a\u00e7\u00e3o foi realizada pelo Grupo de Atua\u00e7\u00e3o Especial de Combate ao Crime Organizado (Gaeco) Regional de Visconde do Rio Branco, Corregedoria da Pol\u00edcia Civil e Promotorias de Justi\u00e7a da Comarca de Ub\u00e1. Cinco promotores de Justi\u00e7a, cinco delegados e diversos agentes da Pol\u00edcia Civil foram mobilizados nos trabalhos. Em nota, a Pol\u00edcia Civil destacou que a Corregedoria apoiou no cumprimento dos mandados, mas que a investiga\u00e7\u00e3o \u00e9 conduzida pelo Gaeco.<\/p>\n<p style=\"text-align: justify;\">A opera\u00e7\u00e3o foi batizada de Patmos em refer\u00eancia \u00e0 ilha grega de mesmo nome, onde, no final do primeiro s\u00e9culo, o ap\u00f3stolo Jo\u00e3o recebeu as revela\u00e7\u00f5es do livro do Apocalipse. As investiga\u00e7\u00f5es continuam para apurar condutas de agentes p\u00fablicos e de terceiras pessoas de Ub\u00e1 e regi\u00e3o.<\/p>\n<p><em>Fonte: Jornal Tribuna de Minas | Foto interna: Reprodu\u00e7\u00e3o do Site Rep\u00f3rter Kadu Fontana e Foto principal gentilmente cedida pelo site Ub\u00e1 News.<\/em><\/p>\n<div class=\"chryy69f768170faeb\" ><br><\/div><style type=\"text\/css\">\r\n@media screen and (min-width: 1201px) {\r\n.chryy69f768170faeb {\r\ndisplay: block;\r\n}\r\n}\r\n@media screen and (min-width: 993px) and (max-width: 1200px) {\r\n.chryy69f768170faeb {\r\ndisplay: block;\r\n}\r\n}\r\n@media screen and (min-width: 769px) and (max-width: 992px) {\r\n.chryy69f768170faeb {\r\ndisplay: block;\r\n}\r\n}\r\n@media screen and (min-width: 768px) and (max-width: 768px) {\r\n.chryy69f768170faeb {\r\ndisplay: block;\r\n}\r\n}\r\n@media screen and (max-width: 767px) {\r\n.chryy69f768170faeb {\r\ndisplay: block;\r\n}\r\n}\r\n<\/style>\r\n<div class=\"akhjg69f7681716633\" ><div id=\"div_destino\"><\/div>\r\n<script src=\"https:\/\/cdn.snsrsv.com\/sdk.js\"><\/script>\r\n<script >\r\n      new sdk(\"464030C30061EA8BE065000000000001\") \r\n          .appendTo(\"div_destino\")\r\n          .disableStyle(true) \r\n          .setCacheBusterMacro(\"%%CACHEBUSTER%%\")\r\n          .setSize(\"800\",\"214\")\r\n          .setClickMacro(\"%%CLICK_URL_ESC%%\") \r\n          .setReferrerUrlMacro(\"%%REFERRER_URL_ESC%%\") \r\n          .start(); \r\n<\/script><\/div><style type=\"text\/css\">\r\n@media screen and (min-width: 1201px) {\r\n.akhjg69f7681716633 {\r\ndisplay: block;\r\n}\r\n}\r\n@media screen and (min-width: 993px) and (max-width: 1200px) {\r\n.akhjg69f7681716633 {\r\ndisplay: block;\r\n}\r\n}\r\n@media screen and (min-width: 769px) and (max-width: 992px) {\r\n.akhjg69f7681716633 {\r\ndisplay: block;\r\n}\r\n}\r\n@media screen and (min-width: 768px) and (max-width: 768px) {\r\n.akhjg69f7681716633 {\r\ndisplay: block;\r\n}\r\n}\r\n@media screen and (max-width: 767px) {\r\n.akhjg69f7681716633 {\r\ndisplay: block;\r\n}\r\n}\r\n<\/style>\r\n","protected":false},"excerpt":{"rendered":"<p>Um investigador da Pol\u00edcia Civil de Ub\u00e1, uma ex-estagi\u00e1ria da unidade policial e um advogado foram presos durante a opera\u00e7\u00e3o Patmos, desencadeada nesta ter\u00e7a-feira, 03 de setembro, pelo Minist\u00e9rio P\u00fablico de Minas Gerais (MPMG) com participa\u00e7\u00e3o da Pol\u00edcia Civil para<\/p>\n<p class=\"link-more\"><a class=\"more-link\" href=\"https:\/\/marcelolopes.jor.br\/site\/2019\/09\/03\/delegado-procurado-durante-operacao-do-ministerio-publico-e-encontrado-morto\/\">Leia mais <span class=\"screen-reader-text\">Delegado procurado durante Opera\u00e7\u00e3o do Minist\u00e9rio P\u00fablico \u00e9 encontrado morto<\/span><\/a><\/p>\n","protected":false},"author":2,"featured_media":5456,"comment_status":"open","ping_status":"open","sticky":false,"template":"","format":"standard","meta":{"footnotes":""},"categories":[1],"tags":[1141,1140,1142,275],"class_list":["post-5452","post","type-post","status-publish","format-standard","has-post-thumbnail","hentry","category-noticias","tag-delegado","tag-operacao-patmos","tag-policiais-civis","tag-uba","thumb-below-title"],"yoast_head":"<!-- This site is optimized with the Yoast SEO plugin v27.4 - https:\/\/yoast.com\/product\/yoast-seo-wordpress\/ -->\n<title>Delegado procurado durante Opera\u00e7\u00e3o do Minist\u00e9rio P\u00fablico \u00e9 encontrado morto | Marcelo Lopes<\/title>\n<meta name=\"robots\" content=\"index, follow, max-snippet:-1, max-image-preview:large, max-video-preview:-1\" \/>\n<link rel=\"canonical\" href=\"https:\/\/marcelolopes.jor.br\/site\/2019\/09\/03\/delegado-procurado-durante-operacao-do-ministerio-publico-e-encontrado-morto\/\" \/>\n<meta property=\"og:locale\" content=\"pt_BR\" \/>\n<meta property=\"og:type\" content=\"article\" \/>\n<meta property=\"og:title\" content=\"Delegado procurado durante Opera\u00e7\u00e3o do Minist\u00e9rio P\u00fablico \u00e9 encontrado morto | Marcelo Lopes\" \/>\n<meta property=\"og:description\" content=\"Um investigador da Pol\u00edcia Civil de Ub\u00e1, uma ex-estagi\u00e1ria da unidade policial e um advogado foram presos durante a opera\u00e7\u00e3o Patmos, desencadeada nesta ter\u00e7a-feira, 03 de setembro, pelo Minist\u00e9rio P\u00fablico de Minas Gerais (MPMG) com participa\u00e7\u00e3o da Pol\u00edcia Civil paraLeia mais Delegado procurado durante Opera\u00e7\u00e3o do Minist\u00e9rio P\u00fablico \u00e9 encontrado morto\" \/>\n<meta property=\"og:url\" content=\"https:\/\/marcelolopes.jor.br\/site\/2019\/09\/03\/delegado-procurado-durante-operacao-do-ministerio-publico-e-encontrado-morto\/\" \/>\n<meta property=\"og:site_name\" content=\"Marcelo Lopes\" \/>\n<meta property=\"article:publisher\" content=\"https:\/\/www.facebook.com\/sitedomarcelolopes\" \/>\n<meta property=\"article:published_time\" content=\"2019-09-03T22:00:14+00:00\" \/>\n<meta property=\"og:image\" content=\"https:\/\/marcelolopes.jor.br\/site\/wp-content\/uploads\/2019\/09\/Delegacia-Ub\u00e1.jpg\" \/>\n\t<meta property=\"og:image:width\" content=\"733\" \/>\n\t<meta property=\"og:image:height\" content=\"500\" \/>\n\t<meta property=\"og:image:type\" content=\"image\/jpeg\" \/>\n<meta name=\"author\" content=\"Marcelo Lopes\" \/>\n<meta name=\"twitter:card\" content=\"summary_large_image\" \/>\n<meta name=\"twitter:label1\" content=\"Escrito por\" \/>\n\t<meta name=\"twitter:data1\" content=\"Marcelo Lopes\" \/>\n\t<meta name=\"twitter:label2\" content=\"Est. tempo de leitura\" \/>\n\t<meta name=\"twitter:data2\" content=\"3 minutos\" \/>\n<script type=\"application\/ld+json\" class=\"yoast-schema-graph\">{\"@context\":\"https:\\\/\\\/schema.org\",\"@graph\":[{\"@type\":\"NewsArticle\",\"@id\":\"https:\\\/\\\/marcelolopes.jor.br\\\/site\\\/2019\\\/09\\\/03\\\/delegado-procurado-durante-operacao-do-ministerio-publico-e-encontrado-morto\\\/#article\",\"isPartOf\":{\"@id\":\"https:\\\/\\\/marcelolopes.jor.br\\\/site\\\/2019\\\/09\\\/03\\\/delegado-procurado-durante-operacao-do-ministerio-publico-e-encontrado-morto\\\/\"},\"author\":{\"name\":\"Marcelo Lopes\",\"@id\":\"https:\\\/\\\/marcelolopes.jor.br\\\/site\\\/#\\\/schema\\\/person\\\/3e7216a35c34d8fdf952b31da3d1f89f\"},\"headline\":\"Delegado procurado durante Opera\u00e7\u00e3o do Minist\u00e9rio P\u00fablico \u00e9 encontrado morto\",\"datePublished\":\"2019-09-03T22:00:14+00:00\",\"mainEntityOfPage\":{\"@id\":\"https:\\\/\\\/marcelolopes.jor.br\\\/site\\\/2019\\\/09\\\/03\\\/delegado-procurado-durante-operacao-do-ministerio-publico-e-encontrado-morto\\\/\"},\"wordCount\":592,\"commentCount\":0,\"publisher\":{\"@id\":\"https:\\\/\\\/marcelolopes.jor.br\\\/site\\\/#organization\"},\"image\":{\"@id\":\"https:\\\/\\\/marcelolopes.jor.br\\\/site\\\/2019\\\/09\\\/03\\\/delegado-procurado-durante-operacao-do-ministerio-publico-e-encontrado-morto\\\/#primaryimage\"},\"thumbnailUrl\":\"https:\\\/\\\/marcelolopes.jor.br\\\/site\\\/wp-content\\\/uploads\\\/2019\\\/09\\\/Delegacia-Ub\u00e1.jpg\",\"keywords\":[\"Delegado\",\"Opera\u00e7\u00e3o Patmos\",\"Policiais civis\",\"Ub\u00e1\"],\"articleSection\":[\"Not\u00edcias\"],\"inLanguage\":\"pt-BR\",\"potentialAction\":[{\"@type\":\"CommentAction\",\"name\":\"Comment\",\"target\":[\"https:\\\/\\\/marcelolopes.jor.br\\\/site\\\/2019\\\/09\\\/03\\\/delegado-procurado-durante-operacao-do-ministerio-publico-e-encontrado-morto\\\/#respond\"]}]},{\"@type\":\"WebPage\",\"@id\":\"https:\\\/\\\/marcelolopes.jor.br\\\/site\\\/2019\\\/09\\\/03\\\/delegado-procurado-durante-operacao-do-ministerio-publico-e-encontrado-morto\\\/\",\"url\":\"https:\\\/\\\/marcelolopes.jor.br\\\/site\\\/2019\\\/09\\\/03\\\/delegado-procurado-durante-operacao-do-ministerio-publico-e-encontrado-morto\\\/\",\"name\":\"Delegado procurado durante Opera\u00e7\u00e3o do Minist\u00e9rio P\u00fablico \u00e9 encontrado morto | Marcelo Lopes\",\"isPartOf\":{\"@id\":\"https:\\\/\\\/marcelolopes.jor.br\\\/site\\\/#website\"},\"primaryImageOfPage\":{\"@id\":\"https:\\\/\\\/marcelolopes.jor.br\\\/site\\\/2019\\\/09\\\/03\\\/delegado-procurado-durante-operacao-do-ministerio-publico-e-encontrado-morto\\\/#primaryimage\"},\"image\":{\"@id\":\"https:\\\/\\\/marcelolopes.jor.br\\\/site\\\/2019\\\/09\\\/03\\\/delegado-procurado-durante-operacao-do-ministerio-publico-e-encontrado-morto\\\/#primaryimage\"},\"thumbnailUrl\":\"https:\\\/\\\/marcelolopes.jor.br\\\/site\\\/wp-content\\\/uploads\\\/2019\\\/09\\\/Delegacia-Ub\u00e1.jpg\",\"datePublished\":\"2019-09-03T22:00:14+00:00\",\"breadcrumb\":{\"@id\":\"https:\\\/\\\/marcelolopes.jor.br\\\/site\\\/2019\\\/09\\\/03\\\/delegado-procurado-durante-operacao-do-ministerio-publico-e-encontrado-morto\\\/#breadcrumb\"},\"inLanguage\":\"pt-BR\",\"potentialAction\":[{\"@type\":\"ReadAction\",\"target\":[\"https:\\\/\\\/marcelolopes.jor.br\\\/site\\\/2019\\\/09\\\/03\\\/delegado-procurado-durante-operacao-do-ministerio-publico-e-encontrado-morto\\\/\"]}]},{\"@type\":\"ImageObject\",\"inLanguage\":\"pt-BR\",\"@id\":\"https:\\\/\\\/marcelolopes.jor.br\\\/site\\\/2019\\\/09\\\/03\\\/delegado-procurado-durante-operacao-do-ministerio-publico-e-encontrado-morto\\\/#primaryimage\",\"url\":\"https:\\\/\\\/marcelolopes.jor.br\\\/site\\\/wp-content\\\/uploads\\\/2019\\\/09\\\/Delegacia-Ub\u00e1.jpg\",\"contentUrl\":\"https:\\\/\\\/marcelolopes.jor.br\\\/site\\\/wp-content\\\/uploads\\\/2019\\\/09\\\/Delegacia-Ub\u00e1.jpg\",\"width\":733,\"height\":500},{\"@type\":\"BreadcrumbList\",\"@id\":\"https:\\\/\\\/marcelolopes.jor.br\\\/site\\\/2019\\\/09\\\/03\\\/delegado-procurado-durante-operacao-do-ministerio-publico-e-encontrado-morto\\\/#breadcrumb\",\"itemListElement\":[{\"@type\":\"ListItem\",\"position\":1,\"name\":\"Home\",\"item\":\"https:\\\/\\\/marcelolopes.jor.br\\\/site\\\/\"},{\"@type\":\"ListItem\",\"position\":2,\"name\":\"Delegado procurado durante Opera\u00e7\u00e3o do Minist\u00e9rio P\u00fablico \u00e9 encontrado morto\"}]},{\"@type\":\"WebSite\",\"@id\":\"https:\\\/\\\/marcelolopes.jor.br\\\/site\\\/#website\",\"url\":\"https:\\\/\\\/marcelolopes.jor.br\\\/site\\\/\",\"name\":\"Marcelo Lopes\",\"description\":\"Not\u00edcias de Cataguases e Regi\u00e3o\",\"publisher\":{\"@id\":\"https:\\\/\\\/marcelolopes.jor.br\\\/site\\\/#organization\"},\"potentialAction\":[{\"@type\":\"SearchAction\",\"target\":{\"@type\":\"EntryPoint\",\"urlTemplate\":\"https:\\\/\\\/marcelolopes.jor.br\\\/site\\\/?s={search_term_string}\"},\"query-input\":{\"@type\":\"PropertyValueSpecification\",\"valueRequired\":true,\"valueName\":\"search_term_string\"}}],\"inLanguage\":\"pt-BR\"},{\"@type\":\"Organization\",\"@id\":\"https:\\\/\\\/marcelolopes.jor.br\\\/site\\\/#organization\",\"name\":\"Site do Marcelo Lopes\",\"url\":\"https:\\\/\\\/marcelolopes.jor.br\\\/site\\\/\",\"logo\":{\"@type\":\"ImageObject\",\"inLanguage\":\"pt-BR\",\"@id\":\"https:\\\/\\\/marcelolopes.jor.br\\\/site\\\/#\\\/schema\\\/logo\\\/image\\\/\",\"url\":\"https:\\\/\\\/marcelolopes.jor.br\\\/site\\\/wp-content\\\/uploads\\\/2024\\\/11\\\/logo-1.png\",\"contentUrl\":\"https:\\\/\\\/marcelolopes.jor.br\\\/site\\\/wp-content\\\/uploads\\\/2024\\\/11\\\/logo-1.png\",\"width\":475,\"height\":80,\"caption\":\"Site do Marcelo Lopes\"},\"image\":{\"@id\":\"https:\\\/\\\/marcelolopes.jor.br\\\/site\\\/#\\\/schema\\\/logo\\\/image\\\/\"},\"sameAs\":[\"https:\\\/\\\/www.facebook.com\\\/sitedomarcelolopes\",\"https:\\\/\\\/www.instagram.com\\\/sitedomarcelolopes\\\/\",\"https:\\\/\\\/www.linkedin.com\\\/company\\\/site-do-marcelo-lopes\\\/\",\"https:\\\/\\\/www.youtube.com\\\/user\\\/marcelolopes957\"]},{\"@type\":\"Person\",\"@id\":\"https:\\\/\\\/marcelolopes.jor.br\\\/site\\\/#\\\/schema\\\/person\\\/3e7216a35c34d8fdf952b31da3d1f89f\",\"name\":\"Marcelo Lopes\",\"sameAs\":[\"http:\\\/\\\/www.marcelolopes.jor.br\"],\"url\":\"https:\\\/\\\/marcelolopes.jor.br\\\/site\\\/author\\\/marcelo\\\/\"}]}<\/script>\n<!-- \/ Yoast SEO plugin. -->","yoast_head_json":{"title":"Delegado procurado durante Opera\u00e7\u00e3o do Minist\u00e9rio P\u00fablico \u00e9 encontrado morto | Marcelo Lopes","robots":{"index":"index","follow":"follow","max-snippet":"max-snippet:-1","max-image-preview":"max-image-preview:large","max-video-preview":"max-video-preview:-1"},"canonical":"https:\/\/marcelolopes.jor.br\/site\/2019\/09\/03\/delegado-procurado-durante-operacao-do-ministerio-publico-e-encontrado-morto\/","og_locale":"pt_BR","og_type":"article","og_title":"Delegado procurado durante Opera\u00e7\u00e3o do Minist\u00e9rio P\u00fablico \u00e9 encontrado morto | Marcelo Lopes","og_description":"Um investigador da Pol\u00edcia Civil de Ub\u00e1, uma ex-estagi\u00e1ria da unidade policial e um advogado foram presos durante a opera\u00e7\u00e3o Patmos, desencadeada nesta ter\u00e7a-feira, 03 de setembro, pelo Minist\u00e9rio P\u00fablico de Minas Gerais (MPMG) com participa\u00e7\u00e3o da Pol\u00edcia Civil paraLeia mais Delegado procurado durante Opera\u00e7\u00e3o do Minist\u00e9rio P\u00fablico \u00e9 encontrado morto","og_url":"https:\/\/marcelolopes.jor.br\/site\/2019\/09\/03\/delegado-procurado-durante-operacao-do-ministerio-publico-e-encontrado-morto\/","og_site_name":"Marcelo Lopes","article_publisher":"https:\/\/www.facebook.com\/sitedomarcelolopes","article_published_time":"2019-09-03T22:00:14+00:00","og_image":[{"width":733,"height":500,"url":"https:\/\/marcelolopes.jor.br\/site\/wp-content\/uploads\/2019\/09\/Delegacia-Ub\u00e1.jpg","type":"image\/jpeg"}],"author":"Marcelo Lopes","twitter_card":"summary_large_image","twitter_misc":{"Escrito por":"Marcelo Lopes","Est. tempo de leitura":"3 minutos"},"schema":{"@context":"https:\/\/schema.org","@graph":[{"@type":"NewsArticle","@id":"https:\/\/marcelolopes.jor.br\/site\/2019\/09\/03\/delegado-procurado-durante-operacao-do-ministerio-publico-e-encontrado-morto\/#article","isPartOf":{"@id":"https:\/\/marcelolopes.jor.br\/site\/2019\/09\/03\/delegado-procurado-durante-operacao-do-ministerio-publico-e-encontrado-morto\/"},"author":{"name":"Marcelo Lopes","@id":"https:\/\/marcelolopes.jor.br\/site\/#\/schema\/person\/3e7216a35c34d8fdf952b31da3d1f89f"},"headline":"Delegado procurado durante Opera\u00e7\u00e3o do Minist\u00e9rio P\u00fablico \u00e9 encontrado morto","datePublished":"2019-09-03T22:00:14+00:00","mainEntityOfPage":{"@id":"https:\/\/marcelolopes.jor.br\/site\/2019\/09\/03\/delegado-procurado-durante-operacao-do-ministerio-publico-e-encontrado-morto\/"},"wordCount":592,"commentCount":0,"publisher":{"@id":"https:\/\/marcelolopes.jor.br\/site\/#organization"},"image":{"@id":"https:\/\/marcelolopes.jor.br\/site\/2019\/09\/03\/delegado-procurado-durante-operacao-do-ministerio-publico-e-encontrado-morto\/#primaryimage"},"thumbnailUrl":"https:\/\/marcelolopes.jor.br\/site\/wp-content\/uploads\/2019\/09\/Delegacia-Ub\u00e1.jpg","keywords":["Delegado","Opera\u00e7\u00e3o Patmos","Policiais civis","Ub\u00e1"],"articleSection":["Not\u00edcias"],"inLanguage":"pt-BR","potentialAction":[{"@type":"CommentAction","name":"Comment","target":["https:\/\/marcelolopes.jor.br\/site\/2019\/09\/03\/delegado-procurado-durante-operacao-do-ministerio-publico-e-encontrado-morto\/#respond"]}]},{"@type":"WebPage","@id":"https:\/\/marcelolopes.jor.br\/site\/2019\/09\/03\/delegado-procurado-durante-operacao-do-ministerio-publico-e-encontrado-morto\/","url":"https:\/\/marcelolopes.jor.br\/site\/2019\/09\/03\/delegado-procurado-durante-operacao-do-ministerio-publico-e-encontrado-morto\/","name":"Delegado procurado durante Opera\u00e7\u00e3o do Minist\u00e9rio P\u00fablico \u00e9 encontrado morto | Marcelo Lopes","isPartOf":{"@id":"https:\/\/marcelolopes.jor.br\/site\/#website"},"primaryImageOfPage":{"@id":"https:\/\/marcelolopes.jor.br\/site\/2019\/09\/03\/delegado-procurado-durante-operacao-do-ministerio-publico-e-encontrado-morto\/#primaryimage"},"image":{"@id":"https:\/\/marcelolopes.jor.br\/site\/2019\/09\/03\/delegado-procurado-durante-operacao-do-ministerio-publico-e-encontrado-morto\/#primaryimage"},"thumbnailUrl":"https:\/\/marcelolopes.jor.br\/site\/wp-content\/uploads\/2019\/09\/Delegacia-Ub\u00e1.jpg","datePublished":"2019-09-03T22:00:14+00:00","breadcrumb":{"@id":"https:\/\/marcelolopes.jor.br\/site\/2019\/09\/03\/delegado-procurado-durante-operacao-do-ministerio-publico-e-encontrado-morto\/#breadcrumb"},"inLanguage":"pt-BR","potentialAction":[{"@type":"ReadAction","target":["https:\/\/marcelolopes.jor.br\/site\/2019\/09\/03\/delegado-procurado-durante-operacao-do-ministerio-publico-e-encontrado-morto\/"]}]},{"@type":"ImageObject","inLanguage":"pt-BR","@id":"https:\/\/marcelolopes.jor.br\/site\/2019\/09\/03\/delegado-procurado-durante-operacao-do-ministerio-publico-e-encontrado-morto\/#primaryimage","url":"https:\/\/marcelolopes.jor.br\/site\/wp-content\/uploads\/2019\/09\/Delegacia-Ub\u00e1.jpg","contentUrl":"https:\/\/marcelolopes.jor.br\/site\/wp-content\/uploads\/2019\/09\/Delegacia-Ub\u00e1.jpg","width":733,"height":500},{"@type":"BreadcrumbList","@id":"https:\/\/marcelolopes.jor.br\/site\/2019\/09\/03\/delegado-procurado-durante-operacao-do-ministerio-publico-e-encontrado-morto\/#breadcrumb","itemListElement":[{"@type":"ListItem","position":1,"name":"Home","item":"https:\/\/marcelolopes.jor.br\/site\/"},{"@type":"ListItem","position":2,"name":"Delegado procurado durante Opera\u00e7\u00e3o do Minist\u00e9rio P\u00fablico \u00e9 encontrado morto"}]},{"@type":"WebSite","@id":"https:\/\/marcelolopes.jor.br\/site\/#website","url":"https:\/\/marcelolopes.jor.br\/site\/","name":"Marcelo Lopes","description":"Not\u00edcias de Cataguases e Regi\u00e3o","publisher":{"@id":"https:\/\/marcelolopes.jor.br\/site\/#organization"},"potentialAction":[{"@type":"SearchAction","target":{"@type":"EntryPoint","urlTemplate":"https:\/\/marcelolopes.jor.br\/site\/?s={search_term_string}"},"query-input":{"@type":"PropertyValueSpecification","valueRequired":true,"valueName":"search_term_string"}}],"inLanguage":"pt-BR"},{"@type":"Organization","@id":"https:\/\/marcelolopes.jor.br\/site\/#organization","name":"Site do Marcelo Lopes","url":"https:\/\/marcelolopes.jor.br\/site\/","logo":{"@type":"ImageObject","inLanguage":"pt-BR","@id":"https:\/\/marcelolopes.jor.br\/site\/#\/schema\/logo\/image\/","url":"https:\/\/marcelolopes.jor.br\/site\/wp-content\/uploads\/2024\/11\/logo-1.png","contentUrl":"https:\/\/marcelolopes.jor.br\/site\/wp-content\/uploads\/2024\/11\/logo-1.png","width":475,"height":80,"caption":"Site do Marcelo Lopes"},"image":{"@id":"https:\/\/marcelolopes.jor.br\/site\/#\/schema\/logo\/image\/"},"sameAs":["https:\/\/www.facebook.com\/sitedomarcelolopes","https:\/\/www.instagram.com\/sitedomarcelolopes\/","https:\/\/www.linkedin.com\/company\/site-do-marcelo-lopes\/","https:\/\/www.youtube.com\/user\/marcelolopes957"]},{"@type":"Person","@id":"https:\/\/marcelolopes.jor.br\/site\/#\/schema\/person\/3e7216a35c34d8fdf952b31da3d1f89f","name":"Marcelo Lopes","sameAs":["http:\/\/www.marcelolopes.jor.br"],"url":"https:\/\/marcelolopes.jor.br\/site\/author\/marcelo\/"}]}},"wps_subtitle":"Seu corpo e o carro em que estava foram encontrados na Linha Amarela, no Rio de Janeiro.","_links":{"self":[{"href":"https:\/\/marcelolopes.jor.br\/site\/wp-json\/wp\/v2\/posts\/5452","targetHints":{"allow":["GET"]}}],"collection":[{"href":"https:\/\/marcelolopes.jor.br\/site\/wp-json\/wp\/v2\/posts"}],"about":[{"href":"https:\/\/marcelolopes.jor.br\/site\/wp-json\/wp\/v2\/types\/post"}],"author":[{"embeddable":true,"href":"https:\/\/marcelolopes.jor.br\/site\/wp-json\/wp\/v2\/users\/2"}],"replies":[{"embeddable":true,"href":"https:\/\/marcelolopes.jor.br\/site\/wp-json\/wp\/v2\/comments?post=5452"}],"version-history":[{"count":0,"href":"https:\/\/marcelolopes.jor.br\/site\/wp-json\/wp\/v2\/posts\/5452\/revisions"}],"wp:featuredmedia":[{"embeddable":true,"href":"https:\/\/marcelolopes.jor.br\/site\/wp-json\/wp\/v2\/media\/5456"}],"wp:attachment":[{"href":"https:\/\/marcelolopes.jor.br\/site\/wp-json\/wp\/v2\/media?parent=5452"}],"wp:term":[{"taxonomy":"category","embeddable":true,"href":"https:\/\/marcelolopes.jor.br\/site\/wp-json\/wp\/v2\/categories?post=5452"},{"taxonomy":"post_tag","embeddable":true,"href":"https:\/\/marcelolopes.jor.br\/site\/wp-json\/wp\/v2\/tags?post=5452"}],"curies":[{"name":"wp","href":"https:\/\/api.w.org\/{rel}","templated":true}]}}