{"id":54496,"date":"2024-12-20T15:29:57","date_gmt":"2024-12-20T18:29:57","guid":{"rendered":"https:\/\/marcelolopes.jor.br\/?p=54496"},"modified":"2024-12-20T15:29:57","modified_gmt":"2024-12-20T18:29:57","slug":"ultimos-dias-para-concorrer-a-2-anos-de-conta-de-energia-gratis","status":"publish","type":"post","link":"https:\/\/marcelolopes.jor.br\/site\/2024\/12\/20\/ultimos-dias-para-concorrer-a-2-anos-de-conta-de-energia-gratis\/","title":{"rendered":"\u00daltimos dias para concorrer a 2 anos de conta de energia gr\u00e1tis"},"content":{"rendered":"<p>J\u00e1 pensou em pagar sua conta de energia de forma r\u00e1pida, f\u00e1cil, sem sair de casa, e ainda concorrer a dois anos de energia gr\u00e1tis? N\u00e3o perca a chance de participar da promo\u00e7\u00e3o \u2018Dois Anos de Conta Gr\u00e1tis\u2019 da Energisa Minas Rio! A campanha j\u00e1 premiou 11 clientes em 2024 e est\u00e1 nos \u00faltimos dias \u2013 voc\u00ea pode ser o pr\u00f3ximo sorteado!<!--more--><\/p>\n<h4 class=\"p1\"><span class=\"s1\">\ud83d\udcf8\u00a0<span style=\"color: #666699;\">Siga o Site do Marcelo Lopes no<\/span>\u00a0<span style=\"color: #800000;\"><a style=\"color: #800000;\" href=\"https:\/\/www.facebook.com\/sitedomarcelolopes\/\"><strong>Facebook<\/strong><\/a><\/span>\u00a0<span style=\"color: #666699;\">e no<\/span>\u00a0<span style=\"color: #800000;\"><strong><a style=\"color: #800000;\" href=\"https:\/\/www.instagram.com\/sitedomarcelolopes\/\">Instagram<\/a><\/strong><\/span><\/span><\/h4>\n<h4 class=\"p1\">\ud83d\udcf1<span style=\"color: #666699;\">Receba no<\/span>\u00a0<span style=\"color: #800000;\"><a style=\"color: #800000;\" href=\"https:\/\/chat.whatsapp.com\/BibzcI1ibYSKytbdyzubLA\"><strong>WhatsApp<\/strong><\/a><\/span>\u00a0<span style=\"color: #666699;\">as not\u00edcias do Site do Marcelo Lopes<\/span><\/h4>\n<p>&nbsp;<\/p>\n<p><strong>Como participar:<\/strong><br \/>\nBasta pagar sua conta de energia da Energisa usando o PIX ou d\u00e9bito autom\u00e1tico. Ap\u00f3s o pagamento, acesse o site <a href=\"https:\/\/pix.energisa.com.br\/cadastro\"><strong><span style=\"color: #800000;\">https:\/\/pix.energisa.com.br\/cadastro<\/span><\/strong><\/a> e preencha seus dados pessoais. Se j\u00e1 participou de edi\u00e7\u00f5es anteriores, atualize suas informa\u00e7\u00f5es e aceite o novo regulamento.<\/p>\n<p><strong>Fa\u00e7a um PIX:<br \/>\n<\/strong>\u2192 Acesse o aplicativo do seu banco ou carteira digital e escolha a op\u00e7\u00e3o PIX. Aponte a c\u00e2mera do celular para o QR Code impresso na conta, confira os dados e pronto; ou<br \/>\n\u2192 Utilize a op\u00e7\u00e3o \u201cPIX Copia e Cola\u201d no aplicativo do banco ou no internet banking. O pagamento por PIX \u00e9 mais uma facilidade oferecida pela Energisa.<br \/>\nN\u00e3o deixe para a \u00faltima hora. A promo\u00e7\u00e3o vai at\u00e9 o dia 15 de janeiro de 2025 e voc\u00ea ainda pode ser o felizardo que ganhar\u00e1 dois anos de conta gr\u00e1tis. Para mais informa\u00e7\u00f5es, acesse <a href=\"https:\/\/pix.energisa.com.br\/\"><strong><span style=\"color: #800000;\">https:\/\/pix.energisa.com.br\/<\/span><\/strong><\/a>.<\/p>\n<p><strong>OUTRAS NOT\u00cdCIAS<\/strong><br \/>\n<a href=\"https:\/\/marcelolopes.jor.br\/2024\/11\/24\/energisa-realiza-novo-sorteio-da-promopix-e-premio-sai-para-uba\/\"><strong><span style=\"color: #800000;\">Energisa realiza novo sorteio da PromoPIX e pr\u00eamio sai para Ub\u00e1<\/span><\/strong><\/a><\/p>\n<p><a href=\"https:\/\/marcelolopes.jor.br\/2024\/05\/16\/energisa-minas-rio-entrega-mais-dois-premios-na-promo-pix\/\"><strong><span style=\"color: #800000;\">Energisa Minas Rio entrega mais dois pr\u00eamios na Promo PIX<\/span><\/strong><\/a><\/p>\n<p>Fonte: Energisa Minas Rio<\/p>\n<div class=\"knuzu69f747d00a014\" ><br><\/div><style type=\"text\/css\">\r\n@media screen and (min-width: 1201px) {\r\n.knuzu69f747d00a014 {\r\ndisplay: block;\r\n}\r\n}\r\n@media screen and (min-width: 993px) and (max-width: 1200px) {\r\n.knuzu69f747d00a014 {\r\ndisplay: block;\r\n}\r\n}\r\n@media screen and (min-width: 769px) and (max-width: 992px) {\r\n.knuzu69f747d00a014 {\r\ndisplay: block;\r\n}\r\n}\r\n@media screen and (min-width: 768px) and (max-width: 768px) {\r\n.knuzu69f747d00a014 {\r\ndisplay: block;\r\n}\r\n}\r\n@media screen and (max-width: 767px) {\r\n.knuzu69f747d00a014 {\r\ndisplay: block;\r\n}\r\n}\r\n<\/style>\r\n<div class=\"wwele69f747d00fab2\" ><div id=\"div_destino\"><\/div>\r\n<script src=\"https:\/\/cdn.snsrsv.com\/sdk.js\"><\/script>\r\n<script >\r\n      new sdk(\"464030C30061EA8BE065000000000001\") \r\n          .appendTo(\"div_destino\")\r\n          .disableStyle(true) \r\n          .setCacheBusterMacro(\"%%CACHEBUSTER%%\")\r\n          .setSize(\"800\",\"214\")\r\n          .setClickMacro(\"%%CLICK_URL_ESC%%\") \r\n          .setReferrerUrlMacro(\"%%REFERRER_URL_ESC%%\") \r\n          .start(); \r\n<\/script><\/div><style type=\"text\/css\">\r\n@media screen and (min-width: 1201px) {\r\n.wwele69f747d00fab2 {\r\ndisplay: block;\r\n}\r\n}\r\n@media screen and (min-width: 993px) and (max-width: 1200px) {\r\n.wwele69f747d00fab2 {\r\ndisplay: block;\r\n}\r\n}\r\n@media screen and (min-width: 769px) and (max-width: 992px) {\r\n.wwele69f747d00fab2 {\r\ndisplay: block;\r\n}\r\n}\r\n@media screen and (min-width: 768px) and (max-width: 768px) {\r\n.wwele69f747d00fab2 {\r\ndisplay: block;\r\n}\r\n}\r\n@media screen and (max-width: 767px) {\r\n.wwele69f747d00fab2 {\r\ndisplay: block;\r\n}\r\n}\r\n<\/style>\r\n","protected":false},"excerpt":{"rendered":"<p>J\u00e1 pensou em pagar sua conta de energia de forma r\u00e1pida, f\u00e1cil, sem sair de casa, e ainda concorrer a dois anos de energia gr\u00e1tis? N\u00e3o perca a chance de participar da promo\u00e7\u00e3o \u2018Dois Anos de Conta Gr\u00e1tis\u2019 da Energisa<\/p>\n<p class=\"link-more\"><a class=\"more-link\" href=\"https:\/\/marcelolopes.jor.br\/site\/2024\/12\/20\/ultimos-dias-para-concorrer-a-2-anos-de-conta-de-energia-gratis\/\">Leia mais <span class=\"screen-reader-text\">\u00daltimos dias para concorrer a 2 anos de conta de energia gr\u00e1tis<\/span><\/a><\/p>\n","protected":false},"author":2,"featured_media":54498,"comment_status":"open","ping_status":"open","sticky":false,"template":"","format":"standard","meta":{"footnotes":""},"categories":[1],"tags":[],"class_list":["post-54496","post","type-post","status-publish","format-standard","has-post-thumbnail","hentry","category-noticias","thumb-below-title"],"yoast_head":"<!-- This site is optimized with the Yoast SEO plugin v27.4 - https:\/\/yoast.com\/product\/yoast-seo-wordpress\/ -->\n<title>\u00daltimos dias para concorrer a 2 anos de conta de energia gr\u00e1tis | Marcelo Lopes<\/title>\n<meta name=\"description\" content=\"\u00daltimos dias para concorrer a 2 anos de conta de energia gr\u00e1tis. Promo\u00e7\u00e3o vai at\u00e9 o dia 15 de janeiro de 2025.\" \/>\n<meta name=\"robots\" content=\"index, follow, max-snippet:-1, max-image-preview:large, max-video-preview:-1\" \/>\n<link rel=\"canonical\" href=\"https:\/\/marcelolopes.jor.br\/site\/2024\/12\/20\/ultimos-dias-para-concorrer-a-2-anos-de-conta-de-energia-gratis\/\" \/>\n<meta property=\"og:locale\" content=\"pt_BR\" \/>\n<meta property=\"og:type\" content=\"article\" \/>\n<meta property=\"og:title\" content=\"\u00daltimos dias para concorrer a 2 anos de conta de energia gr\u00e1tis | Marcelo Lopes\" \/>\n<meta property=\"og:description\" content=\"\u00daltimos dias para concorrer a 2 anos de conta de energia gr\u00e1tis. Promo\u00e7\u00e3o vai at\u00e9 o dia 15 de janeiro de 2025.\" \/>\n<meta property=\"og:url\" content=\"https:\/\/marcelolopes.jor.br\/site\/2024\/12\/20\/ultimos-dias-para-concorrer-a-2-anos-de-conta-de-energia-gratis\/\" \/>\n<meta property=\"og:site_name\" content=\"Marcelo Lopes\" \/>\n<meta property=\"article:publisher\" content=\"https:\/\/www.facebook.com\/sitedomarcelolopes\" \/>\n<meta property=\"article:published_time\" content=\"2024-12-20T18:29:57+00:00\" \/>\n<meta property=\"og:image\" content=\"https:\/\/marcelolopes.jor.br\/site\/wp-content\/uploads\/2024\/12\/Luz.jpeg\" \/>\n\t<meta property=\"og:image:width\" content=\"1280\" \/>\n\t<meta property=\"og:image:height\" content=\"825\" \/>\n\t<meta property=\"og:image:type\" content=\"image\/jpeg\" \/>\n<meta name=\"author\" content=\"Marcelo Lopes\" \/>\n<meta name=\"twitter:card\" content=\"summary_large_image\" \/>\n<meta name=\"twitter:label1\" content=\"Escrito por\" \/>\n\t<meta name=\"twitter:data1\" content=\"Marcelo Lopes\" \/>\n\t<meta name=\"twitter:label2\" content=\"Est. tempo de leitura\" \/>\n\t<meta name=\"twitter:data2\" content=\"1 minuto\" \/>\n<script type=\"application\/ld+json\" class=\"yoast-schema-graph\">{\"@context\":\"https:\\\/\\\/schema.org\",\"@graph\":[{\"@type\":\"NewsArticle\",\"@id\":\"https:\\\/\\\/marcelolopes.jor.br\\\/site\\\/2024\\\/12\\\/20\\\/ultimos-dias-para-concorrer-a-2-anos-de-conta-de-energia-gratis\\\/#article\",\"isPartOf\":{\"@id\":\"https:\\\/\\\/marcelolopes.jor.br\\\/site\\\/2024\\\/12\\\/20\\\/ultimos-dias-para-concorrer-a-2-anos-de-conta-de-energia-gratis\\\/\"},\"author\":{\"name\":\"Marcelo Lopes\",\"@id\":\"https:\\\/\\\/marcelolopes.jor.br\\\/site\\\/#\\\/schema\\\/person\\\/3e7216a35c34d8fdf952b31da3d1f89f\"},\"headline\":\"\u00daltimos dias para concorrer a 2 anos de conta de energia gr\u00e1tis\",\"datePublished\":\"2024-12-20T18:29:57+00:00\",\"mainEntityOfPage\":{\"@id\":\"https:\\\/\\\/marcelolopes.jor.br\\\/site\\\/2024\\\/12\\\/20\\\/ultimos-dias-para-concorrer-a-2-anos-de-conta-de-energia-gratis\\\/\"},\"wordCount\":289,\"commentCount\":0,\"publisher\":{\"@id\":\"https:\\\/\\\/marcelolopes.jor.br\\\/site\\\/#organization\"},\"image\":{\"@id\":\"https:\\\/\\\/marcelolopes.jor.br\\\/site\\\/2024\\\/12\\\/20\\\/ultimos-dias-para-concorrer-a-2-anos-de-conta-de-energia-gratis\\\/#primaryimage\"},\"thumbnailUrl\":\"https:\\\/\\\/marcelolopes.jor.br\\\/site\\\/wp-content\\\/uploads\\\/2024\\\/12\\\/Luz.jpeg\",\"articleSection\":[\"Not\u00edcias\"],\"inLanguage\":\"pt-BR\",\"potentialAction\":[{\"@type\":\"CommentAction\",\"name\":\"Comment\",\"target\":[\"https:\\\/\\\/marcelolopes.jor.br\\\/site\\\/2024\\\/12\\\/20\\\/ultimos-dias-para-concorrer-a-2-anos-de-conta-de-energia-gratis\\\/#respond\"]}]},{\"@type\":\"WebPage\",\"@id\":\"https:\\\/\\\/marcelolopes.jor.br\\\/site\\\/2024\\\/12\\\/20\\\/ultimos-dias-para-concorrer-a-2-anos-de-conta-de-energia-gratis\\\/\",\"url\":\"https:\\\/\\\/marcelolopes.jor.br\\\/site\\\/2024\\\/12\\\/20\\\/ultimos-dias-para-concorrer-a-2-anos-de-conta-de-energia-gratis\\\/\",\"name\":\"\u00daltimos dias para concorrer a 2 anos de conta de energia gr\u00e1tis | Marcelo Lopes\",\"isPartOf\":{\"@id\":\"https:\\\/\\\/marcelolopes.jor.br\\\/site\\\/#website\"},\"primaryImageOfPage\":{\"@id\":\"https:\\\/\\\/marcelolopes.jor.br\\\/site\\\/2024\\\/12\\\/20\\\/ultimos-dias-para-concorrer-a-2-anos-de-conta-de-energia-gratis\\\/#primaryimage\"},\"image\":{\"@id\":\"https:\\\/\\\/marcelolopes.jor.br\\\/site\\\/2024\\\/12\\\/20\\\/ultimos-dias-para-concorrer-a-2-anos-de-conta-de-energia-gratis\\\/#primaryimage\"},\"thumbnailUrl\":\"https:\\\/\\\/marcelolopes.jor.br\\\/site\\\/wp-content\\\/uploads\\\/2024\\\/12\\\/Luz.jpeg\",\"datePublished\":\"2024-12-20T18:29:57+00:00\",\"description\":\"\u00daltimos dias para concorrer a 2 anos de conta de energia gr\u00e1tis. Promo\u00e7\u00e3o vai at\u00e9 o dia 15 de janeiro de 2025.\",\"breadcrumb\":{\"@id\":\"https:\\\/\\\/marcelolopes.jor.br\\\/site\\\/2024\\\/12\\\/20\\\/ultimos-dias-para-concorrer-a-2-anos-de-conta-de-energia-gratis\\\/#breadcrumb\"},\"inLanguage\":\"pt-BR\",\"potentialAction\":[{\"@type\":\"ReadAction\",\"target\":[\"https:\\\/\\\/marcelolopes.jor.br\\\/site\\\/2024\\\/12\\\/20\\\/ultimos-dias-para-concorrer-a-2-anos-de-conta-de-energia-gratis\\\/\"]}]},{\"@type\":\"ImageObject\",\"inLanguage\":\"pt-BR\",\"@id\":\"https:\\\/\\\/marcelolopes.jor.br\\\/site\\\/2024\\\/12\\\/20\\\/ultimos-dias-para-concorrer-a-2-anos-de-conta-de-energia-gratis\\\/#primaryimage\",\"url\":\"https:\\\/\\\/marcelolopes.jor.br\\\/site\\\/wp-content\\\/uploads\\\/2024\\\/12\\\/Luz.jpeg\",\"contentUrl\":\"https:\\\/\\\/marcelolopes.jor.br\\\/site\\\/wp-content\\\/uploads\\\/2024\\\/12\\\/Luz.jpeg\",\"width\":1280,\"height\":825,\"caption\":\"\u00daltimos dias para concorrer\"},{\"@type\":\"BreadcrumbList\",\"@id\":\"https:\\\/\\\/marcelolopes.jor.br\\\/site\\\/2024\\\/12\\\/20\\\/ultimos-dias-para-concorrer-a-2-anos-de-conta-de-energia-gratis\\\/#breadcrumb\",\"itemListElement\":[{\"@type\":\"ListItem\",\"position\":1,\"name\":\"Home\",\"item\":\"https:\\\/\\\/marcelolopes.jor.br\\\/site\\\/\"},{\"@type\":\"ListItem\",\"position\":2,\"name\":\"\u00daltimos dias para concorrer a 2 anos de conta de energia gr\u00e1tis\"}]},{\"@type\":\"WebSite\",\"@id\":\"https:\\\/\\\/marcelolopes.jor.br\\\/site\\\/#website\",\"url\":\"https:\\\/\\\/marcelolopes.jor.br\\\/site\\\/\",\"name\":\"Marcelo Lopes\",\"description\":\"Not\u00edcias de Cataguases e Regi\u00e3o\",\"publisher\":{\"@id\":\"https:\\\/\\\/marcelolopes.jor.br\\\/site\\\/#organization\"},\"potentialAction\":[{\"@type\":\"SearchAction\",\"target\":{\"@type\":\"EntryPoint\",\"urlTemplate\":\"https:\\\/\\\/marcelolopes.jor.br\\\/site\\\/?s={search_term_string}\"},\"query-input\":{\"@type\":\"PropertyValueSpecification\",\"valueRequired\":true,\"valueName\":\"search_term_string\"}}],\"inLanguage\":\"pt-BR\"},{\"@type\":\"Organization\",\"@id\":\"https:\\\/\\\/marcelolopes.jor.br\\\/site\\\/#organization\",\"name\":\"Site do Marcelo Lopes\",\"url\":\"https:\\\/\\\/marcelolopes.jor.br\\\/site\\\/\",\"logo\":{\"@type\":\"ImageObject\",\"inLanguage\":\"pt-BR\",\"@id\":\"https:\\\/\\\/marcelolopes.jor.br\\\/site\\\/#\\\/schema\\\/logo\\\/image\\\/\",\"url\":\"https:\\\/\\\/marcelolopes.jor.br\\\/site\\\/wp-content\\\/uploads\\\/2024\\\/11\\\/logo-1.png\",\"contentUrl\":\"https:\\\/\\\/marcelolopes.jor.br\\\/site\\\/wp-content\\\/uploads\\\/2024\\\/11\\\/logo-1.png\",\"width\":475,\"height\":80,\"caption\":\"Site do Marcelo Lopes\"},\"image\":{\"@id\":\"https:\\\/\\\/marcelolopes.jor.br\\\/site\\\/#\\\/schema\\\/logo\\\/image\\\/\"},\"sameAs\":[\"https:\\\/\\\/www.facebook.com\\\/sitedomarcelolopes\",\"https:\\\/\\\/www.instagram.com\\\/sitedomarcelolopes\\\/\",\"https:\\\/\\\/www.linkedin.com\\\/company\\\/site-do-marcelo-lopes\\\/\",\"https:\\\/\\\/www.youtube.com\\\/user\\\/marcelolopes957\"]},{\"@type\":\"Person\",\"@id\":\"https:\\\/\\\/marcelolopes.jor.br\\\/site\\\/#\\\/schema\\\/person\\\/3e7216a35c34d8fdf952b31da3d1f89f\",\"name\":\"Marcelo Lopes\",\"sameAs\":[\"http:\\\/\\\/www.marcelolopes.jor.br\"],\"url\":\"https:\\\/\\\/marcelolopes.jor.br\\\/site\\\/author\\\/marcelo\\\/\"}]}<\/script>\n<!-- \/ Yoast SEO plugin. -->","yoast_head_json":{"title":"\u00daltimos dias para concorrer a 2 anos de conta de energia gr\u00e1tis | Marcelo Lopes","description":"\u00daltimos dias para concorrer a 2 anos de conta de energia gr\u00e1tis. Promo\u00e7\u00e3o vai at\u00e9 o dia 15 de janeiro de 2025.","robots":{"index":"index","follow":"follow","max-snippet":"max-snippet:-1","max-image-preview":"max-image-preview:large","max-video-preview":"max-video-preview:-1"},"canonical":"https:\/\/marcelolopes.jor.br\/site\/2024\/12\/20\/ultimos-dias-para-concorrer-a-2-anos-de-conta-de-energia-gratis\/","og_locale":"pt_BR","og_type":"article","og_title":"\u00daltimos dias para concorrer a 2 anos de conta de energia gr\u00e1tis | Marcelo Lopes","og_description":"\u00daltimos dias para concorrer a 2 anos de conta de energia gr\u00e1tis. Promo\u00e7\u00e3o vai at\u00e9 o dia 15 de janeiro de 2025.","og_url":"https:\/\/marcelolopes.jor.br\/site\/2024\/12\/20\/ultimos-dias-para-concorrer-a-2-anos-de-conta-de-energia-gratis\/","og_site_name":"Marcelo Lopes","article_publisher":"https:\/\/www.facebook.com\/sitedomarcelolopes","article_published_time":"2024-12-20T18:29:57+00:00","og_image":[{"width":1280,"height":825,"url":"https:\/\/marcelolopes.jor.br\/site\/wp-content\/uploads\/2024\/12\/Luz.jpeg","type":"image\/jpeg"}],"author":"Marcelo Lopes","twitter_card":"summary_large_image","twitter_misc":{"Escrito por":"Marcelo Lopes","Est. tempo de leitura":"1 minuto"},"schema":{"@context":"https:\/\/schema.org","@graph":[{"@type":"NewsArticle","@id":"https:\/\/marcelolopes.jor.br\/site\/2024\/12\/20\/ultimos-dias-para-concorrer-a-2-anos-de-conta-de-energia-gratis\/#article","isPartOf":{"@id":"https:\/\/marcelolopes.jor.br\/site\/2024\/12\/20\/ultimos-dias-para-concorrer-a-2-anos-de-conta-de-energia-gratis\/"},"author":{"name":"Marcelo Lopes","@id":"https:\/\/marcelolopes.jor.br\/site\/#\/schema\/person\/3e7216a35c34d8fdf952b31da3d1f89f"},"headline":"\u00daltimos dias para concorrer a 2 anos de conta de energia gr\u00e1tis","datePublished":"2024-12-20T18:29:57+00:00","mainEntityOfPage":{"@id":"https:\/\/marcelolopes.jor.br\/site\/2024\/12\/20\/ultimos-dias-para-concorrer-a-2-anos-de-conta-de-energia-gratis\/"},"wordCount":289,"commentCount":0,"publisher":{"@id":"https:\/\/marcelolopes.jor.br\/site\/#organization"},"image":{"@id":"https:\/\/marcelolopes.jor.br\/site\/2024\/12\/20\/ultimos-dias-para-concorrer-a-2-anos-de-conta-de-energia-gratis\/#primaryimage"},"thumbnailUrl":"https:\/\/marcelolopes.jor.br\/site\/wp-content\/uploads\/2024\/12\/Luz.jpeg","articleSection":["Not\u00edcias"],"inLanguage":"pt-BR","potentialAction":[{"@type":"CommentAction","name":"Comment","target":["https:\/\/marcelolopes.jor.br\/site\/2024\/12\/20\/ultimos-dias-para-concorrer-a-2-anos-de-conta-de-energia-gratis\/#respond"]}]},{"@type":"WebPage","@id":"https:\/\/marcelolopes.jor.br\/site\/2024\/12\/20\/ultimos-dias-para-concorrer-a-2-anos-de-conta-de-energia-gratis\/","url":"https:\/\/marcelolopes.jor.br\/site\/2024\/12\/20\/ultimos-dias-para-concorrer-a-2-anos-de-conta-de-energia-gratis\/","name":"\u00daltimos dias para concorrer a 2 anos de conta de energia gr\u00e1tis | Marcelo Lopes","isPartOf":{"@id":"https:\/\/marcelolopes.jor.br\/site\/#website"},"primaryImageOfPage":{"@id":"https:\/\/marcelolopes.jor.br\/site\/2024\/12\/20\/ultimos-dias-para-concorrer-a-2-anos-de-conta-de-energia-gratis\/#primaryimage"},"image":{"@id":"https:\/\/marcelolopes.jor.br\/site\/2024\/12\/20\/ultimos-dias-para-concorrer-a-2-anos-de-conta-de-energia-gratis\/#primaryimage"},"thumbnailUrl":"https:\/\/marcelolopes.jor.br\/site\/wp-content\/uploads\/2024\/12\/Luz.jpeg","datePublished":"2024-12-20T18:29:57+00:00","description":"\u00daltimos dias para concorrer a 2 anos de conta de energia gr\u00e1tis. Promo\u00e7\u00e3o vai at\u00e9 o dia 15 de janeiro de 2025.","breadcrumb":{"@id":"https:\/\/marcelolopes.jor.br\/site\/2024\/12\/20\/ultimos-dias-para-concorrer-a-2-anos-de-conta-de-energia-gratis\/#breadcrumb"},"inLanguage":"pt-BR","potentialAction":[{"@type":"ReadAction","target":["https:\/\/marcelolopes.jor.br\/site\/2024\/12\/20\/ultimos-dias-para-concorrer-a-2-anos-de-conta-de-energia-gratis\/"]}]},{"@type":"ImageObject","inLanguage":"pt-BR","@id":"https:\/\/marcelolopes.jor.br\/site\/2024\/12\/20\/ultimos-dias-para-concorrer-a-2-anos-de-conta-de-energia-gratis\/#primaryimage","url":"https:\/\/marcelolopes.jor.br\/site\/wp-content\/uploads\/2024\/12\/Luz.jpeg","contentUrl":"https:\/\/marcelolopes.jor.br\/site\/wp-content\/uploads\/2024\/12\/Luz.jpeg","width":1280,"height":825,"caption":"\u00daltimos dias para concorrer"},{"@type":"BreadcrumbList","@id":"https:\/\/marcelolopes.jor.br\/site\/2024\/12\/20\/ultimos-dias-para-concorrer-a-2-anos-de-conta-de-energia-gratis\/#breadcrumb","itemListElement":[{"@type":"ListItem","position":1,"name":"Home","item":"https:\/\/marcelolopes.jor.br\/site\/"},{"@type":"ListItem","position":2,"name":"\u00daltimos dias para concorrer a 2 anos de conta de energia gr\u00e1tis"}]},{"@type":"WebSite","@id":"https:\/\/marcelolopes.jor.br\/site\/#website","url":"https:\/\/marcelolopes.jor.br\/site\/","name":"Marcelo Lopes","description":"Not\u00edcias de Cataguases e Regi\u00e3o","publisher":{"@id":"https:\/\/marcelolopes.jor.br\/site\/#organization"},"potentialAction":[{"@type":"SearchAction","target":{"@type":"EntryPoint","urlTemplate":"https:\/\/marcelolopes.jor.br\/site\/?s={search_term_string}"},"query-input":{"@type":"PropertyValueSpecification","valueRequired":true,"valueName":"search_term_string"}}],"inLanguage":"pt-BR"},{"@type":"Organization","@id":"https:\/\/marcelolopes.jor.br\/site\/#organization","name":"Site do Marcelo Lopes","url":"https:\/\/marcelolopes.jor.br\/site\/","logo":{"@type":"ImageObject","inLanguage":"pt-BR","@id":"https:\/\/marcelolopes.jor.br\/site\/#\/schema\/logo\/image\/","url":"https:\/\/marcelolopes.jor.br\/site\/wp-content\/uploads\/2024\/11\/logo-1.png","contentUrl":"https:\/\/marcelolopes.jor.br\/site\/wp-content\/uploads\/2024\/11\/logo-1.png","width":475,"height":80,"caption":"Site do Marcelo Lopes"},"image":{"@id":"https:\/\/marcelolopes.jor.br\/site\/#\/schema\/logo\/image\/"},"sameAs":["https:\/\/www.facebook.com\/sitedomarcelolopes","https:\/\/www.instagram.com\/sitedomarcelolopes\/","https:\/\/www.linkedin.com\/company\/site-do-marcelo-lopes\/","https:\/\/www.youtube.com\/user\/marcelolopes957"]},{"@type":"Person","@id":"https:\/\/marcelolopes.jor.br\/site\/#\/schema\/person\/3e7216a35c34d8fdf952b31da3d1f89f","name":"Marcelo Lopes","sameAs":["http:\/\/www.marcelolopes.jor.br"],"url":"https:\/\/marcelolopes.jor.br\/site\/author\/marcelo\/"}]}},"wps_subtitle":"Promo\u00e7\u00e3o vai at\u00e9 15 de janeiro de 2025.","_links":{"self":[{"href":"https:\/\/marcelolopes.jor.br\/site\/wp-json\/wp\/v2\/posts\/54496","targetHints":{"allow":["GET"]}}],"collection":[{"href":"https:\/\/marcelolopes.jor.br\/site\/wp-json\/wp\/v2\/posts"}],"about":[{"href":"https:\/\/marcelolopes.jor.br\/site\/wp-json\/wp\/v2\/types\/post"}],"author":[{"embeddable":true,"href":"https:\/\/marcelolopes.jor.br\/site\/wp-json\/wp\/v2\/users\/2"}],"replies":[{"embeddable":true,"href":"https:\/\/marcelolopes.jor.br\/site\/wp-json\/wp\/v2\/comments?post=54496"}],"version-history":[{"count":0,"href":"https:\/\/marcelolopes.jor.br\/site\/wp-json\/wp\/v2\/posts\/54496\/revisions"}],"wp:featuredmedia":[{"embeddable":true,"href":"https:\/\/marcelolopes.jor.br\/site\/wp-json\/wp\/v2\/media\/54498"}],"wp:attachment":[{"href":"https:\/\/marcelolopes.jor.br\/site\/wp-json\/wp\/v2\/media?parent=54496"}],"wp:term":[{"taxonomy":"category","embeddable":true,"href":"https:\/\/marcelolopes.jor.br\/site\/wp-json\/wp\/v2\/categories?post=54496"},{"taxonomy":"post_tag","embeddable":true,"href":"https:\/\/marcelolopes.jor.br\/site\/wp-json\/wp\/v2\/tags?post=54496"}],"curies":[{"name":"wp","href":"https:\/\/api.w.org\/{rel}","templated":true}]}}