{"id":5438,"date":"2019-09-03T16:00:37","date_gmt":"2019-09-03T19:00:37","guid":{"rendered":"https:\/\/marcelolopes.jor.br\/?p=5438"},"modified":"2019-09-03T10:43:39","modified_gmt":"2019-09-03T13:43:39","slug":"conservatorio-de-musica-de-leopoldina-realiza-o-1o-opcao-cultura","status":"publish","type":"post","link":"https:\/\/marcelolopes.jor.br\/site\/2019\/09\/03\/conservatorio-de-musica-de-leopoldina-realiza-o-1o-opcao-cultura\/","title":{"rendered":"Conservat\u00f3rio de M\u00fasica de Leopoldina realiza o 1\u00ba &#8220;Op\u00e7\u00e3o Cultura&#8221;"},"content":{"rendered":"<p style=\"text-align: justify;\">Acontece em Leopoldina entre os dias 18 e 21 de setembro a primeira edi\u00e7\u00e3o do projeto &#8220;Op\u00e7\u00e3o Cultura&#8221;. Idealizado na disciplina Produ\u00e7\u00e3o Cultural e Empreendedorismo, o projeto visa fomentar a cultura em Leopoldina e \u00e9 produzido pelos formandos do Curso T\u00e9cnico em M\u00fasica do Conservat\u00f3rio Estadual de M\u00fasica \u201cLia Salgado\u201d, sob a supervis\u00e3o da professora Filomena Toledo.<!--more--><\/p>\n<p style=\"text-align: justify;\">A abertura acontece no dia 18 de setembro \u00e0s 18 horas no Conservat\u00f3rio Estadual de M\u00fasica \u201cLia Salgado\u201d com a exposi\u00e7\u00e3o fotogr\u00e1fica \u201cPatrim\u00f4nio, um lugar de afeto\u201d. A historiadora Amanda Almeida dar\u00e1 continuidade \u00e0 abertura com a palestra \u201cPatrim\u00f4nio Hist\u00f3rico e Cultural de Leopoldina\u201d.<\/p>\n<p style=\"text-align: justify;\">No dia 19 de setembro, tamb\u00e9m no Conservat\u00f3rio, acontece uma roda de conversa sobre m\u00fasica em Leopoldina \u00e0s 18h30min e uma Jam Sessions \u00e0s 20h.<\/p>\n<p style=\"text-align: justify;\">Dia 20 de setembro, \u00e0s 18h, ser\u00e1 o momento da \u201cM\u00fasica na Rua\u201d (uma apresenta\u00e7\u00e3o dos alunos do Conservat\u00f3rio), que acontecer\u00e1 na Pra\u00e7a General Os\u00f3rio, logo em frente \u00e0quela escola.<\/p>\n<p style=\"text-align: justify;\">Dia 21 de setembro, est\u00e1 previsto o show Op\u00e7\u00e3o Cultura, no Restaurante Esta\u00e7\u00e3o Leopoldina, com composi\u00e7\u00f5es autorais de m\u00fasicos de Leopoldina e regi\u00e3o. O show contar\u00e1 com a participa\u00e7\u00e3o dos m\u00fasicos Ant\u00f4nio Jorge Gon\u00e7alves Magalh\u00e3es, Derlan da Silva Andrade, Marcos Alves, Rodrigo D\u2019S\u00e1, Thaylis Carneiro e Tiago Cruz, com uma homenagem ao cantor e compositor Serginho do Rock. A bilheteria ser\u00e1 destinada ao fundo de formatura dos alunos do 3\u00ba ano t\u00e9cnico. Os ingressos podem ser adquiridos, antecipadamente, com os alunos ou no dia do show, no local do evento.<\/p>\n<p style=\"text-align: justify;\">O Conservat\u00f3rio Estadual de M\u00fasica \u201cLia Salgado\u201d est\u00e1 localizado \u00e0 Pra\u00e7a Professor Botelho Reis, n\u00ba 102, no Centro de Leopoldina. Outras informa\u00e7\u00f5es poder\u00e3o ser obtidas com Maycon de Souza Goulart \u2013 (32) 9 8836-3599, Let\u00edcia Machado de Oliveira \u2013 (32) 9 8489-5530 e Layla Ribeiro \u00c1vila \u2013 (32) 9 9932-9044.<\/p>\n<p style=\"text-align: justify;\">Fonte: Conservat\u00f3rio Estadual de M\u00fasica \u201cLia Salgado\u201d | Texto: J\u00falio C\u00e9sar Martins | Foto: CEM Lia Salgado\/Divulga\u00e7\u00e3o<\/p>\n<div class=\"jhusp69f7507a61942\" ><br><\/div><style type=\"text\/css\">\r\n@media screen and (min-width: 1201px) {\r\n.jhusp69f7507a61942 {\r\ndisplay: block;\r\n}\r\n}\r\n@media screen and (min-width: 993px) and (max-width: 1200px) {\r\n.jhusp69f7507a61942 {\r\ndisplay: block;\r\n}\r\n}\r\n@media screen and (min-width: 769px) and (max-width: 992px) {\r\n.jhusp69f7507a61942 {\r\ndisplay: block;\r\n}\r\n}\r\n@media screen and (min-width: 768px) and (max-width: 768px) {\r\n.jhusp69f7507a61942 {\r\ndisplay: block;\r\n}\r\n}\r\n@media screen and (max-width: 767px) {\r\n.jhusp69f7507a61942 {\r\ndisplay: block;\r\n}\r\n}\r\n<\/style>\r\n<div class=\"owoyy69f7507a677f4\" ><div id=\"div_destino\"><\/div>\r\n<script src=\"https:\/\/cdn.snsrsv.com\/sdk.js\"><\/script>\r\n<script >\r\n      new sdk(\"464030C30061EA8BE065000000000001\") \r\n          .appendTo(\"div_destino\")\r\n          .disableStyle(true) \r\n          .setCacheBusterMacro(\"%%CACHEBUSTER%%\")\r\n          .setSize(\"800\",\"214\")\r\n          .setClickMacro(\"%%CLICK_URL_ESC%%\") \r\n          .setReferrerUrlMacro(\"%%REFERRER_URL_ESC%%\") \r\n          .start(); \r\n<\/script><\/div><style type=\"text\/css\">\r\n@media screen and (min-width: 1201px) {\r\n.owoyy69f7507a677f4 {\r\ndisplay: block;\r\n}\r\n}\r\n@media screen and (min-width: 993px) and (max-width: 1200px) {\r\n.owoyy69f7507a677f4 {\r\ndisplay: block;\r\n}\r\n}\r\n@media screen and (min-width: 769px) and (max-width: 992px) {\r\n.owoyy69f7507a677f4 {\r\ndisplay: block;\r\n}\r\n}\r\n@media screen and (min-width: 768px) and (max-width: 768px) {\r\n.owoyy69f7507a677f4 {\r\ndisplay: block;\r\n}\r\n}\r\n@media screen and (max-width: 767px) {\r\n.owoyy69f7507a677f4 {\r\ndisplay: block;\r\n}\r\n}\r\n<\/style>\r\n","protected":false},"excerpt":{"rendered":"<p>Acontece em Leopoldina entre os dias 18 e 21 de setembro a primeira edi\u00e7\u00e3o do projeto &#8220;Op\u00e7\u00e3o Cultura&#8221;. Idealizado na disciplina Produ\u00e7\u00e3o Cultural e Empreendedorismo, o projeto visa fomentar a cultura em Leopoldina e \u00e9 produzido pelos formandos do Curso<\/p>\n<p class=\"link-more\"><a class=\"more-link\" href=\"https:\/\/marcelolopes.jor.br\/site\/2019\/09\/03\/conservatorio-de-musica-de-leopoldina-realiza-o-1o-opcao-cultura\/\">Leia mais <span class=\"screen-reader-text\">Conservat\u00f3rio de M\u00fasica de Leopoldina realiza o 1\u00ba &#8220;Op\u00e7\u00e3o Cultura&#8221;<\/span><\/a><\/p>\n","protected":false},"author":2,"featured_media":5439,"comment_status":"open","ping_status":"open","sticky":false,"template":"","format":"standard","meta":{"footnotes":""},"categories":[1],"tags":[1136,1138,1137,457],"class_list":["post-5438","post","type-post","status-publish","format-standard","has-post-thumbnail","hentry","category-noticias","tag-conservatorio","tag-curso-de-musica","tag-lia-salgado","tag-musica","thumb-below-title"],"yoast_head":"<!-- This site is optimized with the Yoast SEO plugin v27.4 - https:\/\/yoast.com\/product\/yoast-seo-wordpress\/ -->\n<title>Conservat\u00f3rio de M\u00fasica de Leopoldina realiza o 1\u00ba &quot;Op\u00e7\u00e3o Cultura&quot; | Marcelo Lopes<\/title>\n<meta name=\"robots\" content=\"index, follow, max-snippet:-1, max-image-preview:large, max-video-preview:-1\" \/>\n<link rel=\"canonical\" href=\"https:\/\/marcelolopes.jor.br\/site\/2019\/09\/03\/conservatorio-de-musica-de-leopoldina-realiza-o-1o-opcao-cultura\/\" \/>\n<meta property=\"og:locale\" content=\"pt_BR\" \/>\n<meta property=\"og:type\" content=\"article\" \/>\n<meta property=\"og:title\" content=\"Conservat\u00f3rio de M\u00fasica de Leopoldina realiza o 1\u00ba &quot;Op\u00e7\u00e3o Cultura&quot; | Marcelo Lopes\" \/>\n<meta property=\"og:description\" content=\"Acontece em Leopoldina entre os dias 18 e 21 de setembro a primeira edi\u00e7\u00e3o do projeto &#8220;Op\u00e7\u00e3o Cultura&#8221;. Idealizado na disciplina Produ\u00e7\u00e3o Cultural e Empreendedorismo, o projeto visa fomentar a cultura em Leopoldina e \u00e9 produzido pelos formandos do CursoLeia mais Conservat\u00f3rio de M\u00fasica de Leopoldina realiza o 1\u00ba &#8220;Op\u00e7\u00e3o Cultura&#8221;\" \/>\n<meta property=\"og:url\" content=\"https:\/\/marcelolopes.jor.br\/site\/2019\/09\/03\/conservatorio-de-musica-de-leopoldina-realiza-o-1o-opcao-cultura\/\" \/>\n<meta property=\"og:site_name\" content=\"Marcelo Lopes\" \/>\n<meta property=\"article:publisher\" content=\"https:\/\/www.facebook.com\/sitedomarcelolopes\" \/>\n<meta property=\"article:published_time\" content=\"2019-09-03T19:00:37+00:00\" \/>\n<meta property=\"og:image\" content=\"https:\/\/marcelolopes.jor.br\/site\/wp-content\/uploads\/2019\/09\/03209a51d715443790ca891aa93c354b.jpg\" \/>\n\t<meta property=\"og:image:width\" content=\"900\" \/>\n\t<meta property=\"og:image:height\" content=\"500\" \/>\n\t<meta property=\"og:image:type\" content=\"image\/jpeg\" \/>\n<meta name=\"author\" content=\"Marcelo Lopes\" \/>\n<meta name=\"twitter:card\" content=\"summary_large_image\" \/>\n<meta name=\"twitter:label1\" content=\"Escrito por\" \/>\n\t<meta name=\"twitter:data1\" content=\"Marcelo Lopes\" \/>\n\t<meta name=\"twitter:label2\" content=\"Est. tempo de leitura\" \/>\n\t<meta name=\"twitter:data2\" content=\"2 minutos\" \/>\n<script type=\"application\/ld+json\" class=\"yoast-schema-graph\">{\"@context\":\"https:\\\/\\\/schema.org\",\"@graph\":[{\"@type\":\"NewsArticle\",\"@id\":\"https:\\\/\\\/marcelolopes.jor.br\\\/site\\\/2019\\\/09\\\/03\\\/conservatorio-de-musica-de-leopoldina-realiza-o-1o-opcao-cultura\\\/#article\",\"isPartOf\":{\"@id\":\"https:\\\/\\\/marcelolopes.jor.br\\\/site\\\/2019\\\/09\\\/03\\\/conservatorio-de-musica-de-leopoldina-realiza-o-1o-opcao-cultura\\\/\"},\"author\":{\"name\":\"Marcelo Lopes\",\"@id\":\"https:\\\/\\\/marcelolopes.jor.br\\\/site\\\/#\\\/schema\\\/person\\\/3e7216a35c34d8fdf952b31da3d1f89f\"},\"headline\":\"Conservat\u00f3rio de M\u00fasica de Leopoldina realiza o 1\u00ba &#8220;Op\u00e7\u00e3o Cultura&#8221;\",\"datePublished\":\"2019-09-03T19:00:37+00:00\",\"mainEntityOfPage\":{\"@id\":\"https:\\\/\\\/marcelolopes.jor.br\\\/site\\\/2019\\\/09\\\/03\\\/conservatorio-de-musica-de-leopoldina-realiza-o-1o-opcao-cultura\\\/\"},\"wordCount\":350,\"commentCount\":0,\"publisher\":{\"@id\":\"https:\\\/\\\/marcelolopes.jor.br\\\/site\\\/#organization\"},\"image\":{\"@id\":\"https:\\\/\\\/marcelolopes.jor.br\\\/site\\\/2019\\\/09\\\/03\\\/conservatorio-de-musica-de-leopoldina-realiza-o-1o-opcao-cultura\\\/#primaryimage\"},\"thumbnailUrl\":\"https:\\\/\\\/marcelolopes.jor.br\\\/site\\\/wp-content\\\/uploads\\\/2019\\\/09\\\/03209a51d715443790ca891aa93c354b.jpg\",\"keywords\":[\"Conservat\u00f3rio\",\"curso de m\u00fasica\",\"Lia Salgado\",\"m\u00fasica\"],\"articleSection\":[\"Not\u00edcias\"],\"inLanguage\":\"pt-BR\",\"potentialAction\":[{\"@type\":\"CommentAction\",\"name\":\"Comment\",\"target\":[\"https:\\\/\\\/marcelolopes.jor.br\\\/site\\\/2019\\\/09\\\/03\\\/conservatorio-de-musica-de-leopoldina-realiza-o-1o-opcao-cultura\\\/#respond\"]}]},{\"@type\":\"WebPage\",\"@id\":\"https:\\\/\\\/marcelolopes.jor.br\\\/site\\\/2019\\\/09\\\/03\\\/conservatorio-de-musica-de-leopoldina-realiza-o-1o-opcao-cultura\\\/\",\"url\":\"https:\\\/\\\/marcelolopes.jor.br\\\/site\\\/2019\\\/09\\\/03\\\/conservatorio-de-musica-de-leopoldina-realiza-o-1o-opcao-cultura\\\/\",\"name\":\"Conservat\u00f3rio de M\u00fasica de Leopoldina realiza o 1\u00ba \\\"Op\u00e7\u00e3o Cultura\\\" | Marcelo Lopes\",\"isPartOf\":{\"@id\":\"https:\\\/\\\/marcelolopes.jor.br\\\/site\\\/#website\"},\"primaryImageOfPage\":{\"@id\":\"https:\\\/\\\/marcelolopes.jor.br\\\/site\\\/2019\\\/09\\\/03\\\/conservatorio-de-musica-de-leopoldina-realiza-o-1o-opcao-cultura\\\/#primaryimage\"},\"image\":{\"@id\":\"https:\\\/\\\/marcelolopes.jor.br\\\/site\\\/2019\\\/09\\\/03\\\/conservatorio-de-musica-de-leopoldina-realiza-o-1o-opcao-cultura\\\/#primaryimage\"},\"thumbnailUrl\":\"https:\\\/\\\/marcelolopes.jor.br\\\/site\\\/wp-content\\\/uploads\\\/2019\\\/09\\\/03209a51d715443790ca891aa93c354b.jpg\",\"datePublished\":\"2019-09-03T19:00:37+00:00\",\"breadcrumb\":{\"@id\":\"https:\\\/\\\/marcelolopes.jor.br\\\/site\\\/2019\\\/09\\\/03\\\/conservatorio-de-musica-de-leopoldina-realiza-o-1o-opcao-cultura\\\/#breadcrumb\"},\"inLanguage\":\"pt-BR\",\"potentialAction\":[{\"@type\":\"ReadAction\",\"target\":[\"https:\\\/\\\/marcelolopes.jor.br\\\/site\\\/2019\\\/09\\\/03\\\/conservatorio-de-musica-de-leopoldina-realiza-o-1o-opcao-cultura\\\/\"]}]},{\"@type\":\"ImageObject\",\"inLanguage\":\"pt-BR\",\"@id\":\"https:\\\/\\\/marcelolopes.jor.br\\\/site\\\/2019\\\/09\\\/03\\\/conservatorio-de-musica-de-leopoldina-realiza-o-1o-opcao-cultura\\\/#primaryimage\",\"url\":\"https:\\\/\\\/marcelolopes.jor.br\\\/site\\\/wp-content\\\/uploads\\\/2019\\\/09\\\/03209a51d715443790ca891aa93c354b.jpg\",\"contentUrl\":\"https:\\\/\\\/marcelolopes.jor.br\\\/site\\\/wp-content\\\/uploads\\\/2019\\\/09\\\/03209a51d715443790ca891aa93c354b.jpg\",\"width\":900,\"height\":500},{\"@type\":\"BreadcrumbList\",\"@id\":\"https:\\\/\\\/marcelolopes.jor.br\\\/site\\\/2019\\\/09\\\/03\\\/conservatorio-de-musica-de-leopoldina-realiza-o-1o-opcao-cultura\\\/#breadcrumb\",\"itemListElement\":[{\"@type\":\"ListItem\",\"position\":1,\"name\":\"Home\",\"item\":\"https:\\\/\\\/marcelolopes.jor.br\\\/site\\\/\"},{\"@type\":\"ListItem\",\"position\":2,\"name\":\"Conservat\u00f3rio de M\u00fasica de Leopoldina realiza o 1\u00ba &#8220;Op\u00e7\u00e3o Cultura&#8221;\"}]},{\"@type\":\"WebSite\",\"@id\":\"https:\\\/\\\/marcelolopes.jor.br\\\/site\\\/#website\",\"url\":\"https:\\\/\\\/marcelolopes.jor.br\\\/site\\\/\",\"name\":\"Marcelo Lopes\",\"description\":\"Not\u00edcias de Cataguases e Regi\u00e3o\",\"publisher\":{\"@id\":\"https:\\\/\\\/marcelolopes.jor.br\\\/site\\\/#organization\"},\"potentialAction\":[{\"@type\":\"SearchAction\",\"target\":{\"@type\":\"EntryPoint\",\"urlTemplate\":\"https:\\\/\\\/marcelolopes.jor.br\\\/site\\\/?s={search_term_string}\"},\"query-input\":{\"@type\":\"PropertyValueSpecification\",\"valueRequired\":true,\"valueName\":\"search_term_string\"}}],\"inLanguage\":\"pt-BR\"},{\"@type\":\"Organization\",\"@id\":\"https:\\\/\\\/marcelolopes.jor.br\\\/site\\\/#organization\",\"name\":\"Site do Marcelo Lopes\",\"url\":\"https:\\\/\\\/marcelolopes.jor.br\\\/site\\\/\",\"logo\":{\"@type\":\"ImageObject\",\"inLanguage\":\"pt-BR\",\"@id\":\"https:\\\/\\\/marcelolopes.jor.br\\\/site\\\/#\\\/schema\\\/logo\\\/image\\\/\",\"url\":\"https:\\\/\\\/marcelolopes.jor.br\\\/site\\\/wp-content\\\/uploads\\\/2024\\\/11\\\/logo-1.png\",\"contentUrl\":\"https:\\\/\\\/marcelolopes.jor.br\\\/site\\\/wp-content\\\/uploads\\\/2024\\\/11\\\/logo-1.png\",\"width\":475,\"height\":80,\"caption\":\"Site do Marcelo Lopes\"},\"image\":{\"@id\":\"https:\\\/\\\/marcelolopes.jor.br\\\/site\\\/#\\\/schema\\\/logo\\\/image\\\/\"},\"sameAs\":[\"https:\\\/\\\/www.facebook.com\\\/sitedomarcelolopes\",\"https:\\\/\\\/www.instagram.com\\\/sitedomarcelolopes\\\/\",\"https:\\\/\\\/www.linkedin.com\\\/company\\\/site-do-marcelo-lopes\\\/\",\"https:\\\/\\\/www.youtube.com\\\/user\\\/marcelolopes957\"]},{\"@type\":\"Person\",\"@id\":\"https:\\\/\\\/marcelolopes.jor.br\\\/site\\\/#\\\/schema\\\/person\\\/3e7216a35c34d8fdf952b31da3d1f89f\",\"name\":\"Marcelo Lopes\",\"sameAs\":[\"http:\\\/\\\/www.marcelolopes.jor.br\"],\"url\":\"https:\\\/\\\/marcelolopes.jor.br\\\/site\\\/author\\\/marcelo\\\/\"}]}<\/script>\n<!-- \/ Yoast SEO plugin. -->","yoast_head_json":{"title":"Conservat\u00f3rio de M\u00fasica de Leopoldina realiza o 1\u00ba \"Op\u00e7\u00e3o Cultura\" | Marcelo Lopes","robots":{"index":"index","follow":"follow","max-snippet":"max-snippet:-1","max-image-preview":"max-image-preview:large","max-video-preview":"max-video-preview:-1"},"canonical":"https:\/\/marcelolopes.jor.br\/site\/2019\/09\/03\/conservatorio-de-musica-de-leopoldina-realiza-o-1o-opcao-cultura\/","og_locale":"pt_BR","og_type":"article","og_title":"Conservat\u00f3rio de M\u00fasica de Leopoldina realiza o 1\u00ba \"Op\u00e7\u00e3o Cultura\" | Marcelo Lopes","og_description":"Acontece em Leopoldina entre os dias 18 e 21 de setembro a primeira edi\u00e7\u00e3o do projeto &#8220;Op\u00e7\u00e3o Cultura&#8221;. Idealizado na disciplina Produ\u00e7\u00e3o Cultural e Empreendedorismo, o projeto visa fomentar a cultura em Leopoldina e \u00e9 produzido pelos formandos do CursoLeia mais Conservat\u00f3rio de M\u00fasica de Leopoldina realiza o 1\u00ba &#8220;Op\u00e7\u00e3o Cultura&#8221;","og_url":"https:\/\/marcelolopes.jor.br\/site\/2019\/09\/03\/conservatorio-de-musica-de-leopoldina-realiza-o-1o-opcao-cultura\/","og_site_name":"Marcelo Lopes","article_publisher":"https:\/\/www.facebook.com\/sitedomarcelolopes","article_published_time":"2019-09-03T19:00:37+00:00","og_image":[{"width":900,"height":500,"url":"https:\/\/marcelolopes.jor.br\/site\/wp-content\/uploads\/2019\/09\/03209a51d715443790ca891aa93c354b.jpg","type":"image\/jpeg"}],"author":"Marcelo Lopes","twitter_card":"summary_large_image","twitter_misc":{"Escrito por":"Marcelo Lopes","Est. tempo de leitura":"2 minutos"},"schema":{"@context":"https:\/\/schema.org","@graph":[{"@type":"NewsArticle","@id":"https:\/\/marcelolopes.jor.br\/site\/2019\/09\/03\/conservatorio-de-musica-de-leopoldina-realiza-o-1o-opcao-cultura\/#article","isPartOf":{"@id":"https:\/\/marcelolopes.jor.br\/site\/2019\/09\/03\/conservatorio-de-musica-de-leopoldina-realiza-o-1o-opcao-cultura\/"},"author":{"name":"Marcelo Lopes","@id":"https:\/\/marcelolopes.jor.br\/site\/#\/schema\/person\/3e7216a35c34d8fdf952b31da3d1f89f"},"headline":"Conservat\u00f3rio de M\u00fasica de Leopoldina realiza o 1\u00ba &#8220;Op\u00e7\u00e3o Cultura&#8221;","datePublished":"2019-09-03T19:00:37+00:00","mainEntityOfPage":{"@id":"https:\/\/marcelolopes.jor.br\/site\/2019\/09\/03\/conservatorio-de-musica-de-leopoldina-realiza-o-1o-opcao-cultura\/"},"wordCount":350,"commentCount":0,"publisher":{"@id":"https:\/\/marcelolopes.jor.br\/site\/#organization"},"image":{"@id":"https:\/\/marcelolopes.jor.br\/site\/2019\/09\/03\/conservatorio-de-musica-de-leopoldina-realiza-o-1o-opcao-cultura\/#primaryimage"},"thumbnailUrl":"https:\/\/marcelolopes.jor.br\/site\/wp-content\/uploads\/2019\/09\/03209a51d715443790ca891aa93c354b.jpg","keywords":["Conservat\u00f3rio","curso de m\u00fasica","Lia Salgado","m\u00fasica"],"articleSection":["Not\u00edcias"],"inLanguage":"pt-BR","potentialAction":[{"@type":"CommentAction","name":"Comment","target":["https:\/\/marcelolopes.jor.br\/site\/2019\/09\/03\/conservatorio-de-musica-de-leopoldina-realiza-o-1o-opcao-cultura\/#respond"]}]},{"@type":"WebPage","@id":"https:\/\/marcelolopes.jor.br\/site\/2019\/09\/03\/conservatorio-de-musica-de-leopoldina-realiza-o-1o-opcao-cultura\/","url":"https:\/\/marcelolopes.jor.br\/site\/2019\/09\/03\/conservatorio-de-musica-de-leopoldina-realiza-o-1o-opcao-cultura\/","name":"Conservat\u00f3rio de M\u00fasica de Leopoldina realiza o 1\u00ba \"Op\u00e7\u00e3o Cultura\" | Marcelo Lopes","isPartOf":{"@id":"https:\/\/marcelolopes.jor.br\/site\/#website"},"primaryImageOfPage":{"@id":"https:\/\/marcelolopes.jor.br\/site\/2019\/09\/03\/conservatorio-de-musica-de-leopoldina-realiza-o-1o-opcao-cultura\/#primaryimage"},"image":{"@id":"https:\/\/marcelolopes.jor.br\/site\/2019\/09\/03\/conservatorio-de-musica-de-leopoldina-realiza-o-1o-opcao-cultura\/#primaryimage"},"thumbnailUrl":"https:\/\/marcelolopes.jor.br\/site\/wp-content\/uploads\/2019\/09\/03209a51d715443790ca891aa93c354b.jpg","datePublished":"2019-09-03T19:00:37+00:00","breadcrumb":{"@id":"https:\/\/marcelolopes.jor.br\/site\/2019\/09\/03\/conservatorio-de-musica-de-leopoldina-realiza-o-1o-opcao-cultura\/#breadcrumb"},"inLanguage":"pt-BR","potentialAction":[{"@type":"ReadAction","target":["https:\/\/marcelolopes.jor.br\/site\/2019\/09\/03\/conservatorio-de-musica-de-leopoldina-realiza-o-1o-opcao-cultura\/"]}]},{"@type":"ImageObject","inLanguage":"pt-BR","@id":"https:\/\/marcelolopes.jor.br\/site\/2019\/09\/03\/conservatorio-de-musica-de-leopoldina-realiza-o-1o-opcao-cultura\/#primaryimage","url":"https:\/\/marcelolopes.jor.br\/site\/wp-content\/uploads\/2019\/09\/03209a51d715443790ca891aa93c354b.jpg","contentUrl":"https:\/\/marcelolopes.jor.br\/site\/wp-content\/uploads\/2019\/09\/03209a51d715443790ca891aa93c354b.jpg","width":900,"height":500},{"@type":"BreadcrumbList","@id":"https:\/\/marcelolopes.jor.br\/site\/2019\/09\/03\/conservatorio-de-musica-de-leopoldina-realiza-o-1o-opcao-cultura\/#breadcrumb","itemListElement":[{"@type":"ListItem","position":1,"name":"Home","item":"https:\/\/marcelolopes.jor.br\/site\/"},{"@type":"ListItem","position":2,"name":"Conservat\u00f3rio de M\u00fasica de Leopoldina realiza o 1\u00ba &#8220;Op\u00e7\u00e3o Cultura&#8221;"}]},{"@type":"WebSite","@id":"https:\/\/marcelolopes.jor.br\/site\/#website","url":"https:\/\/marcelolopes.jor.br\/site\/","name":"Marcelo Lopes","description":"Not\u00edcias de Cataguases e Regi\u00e3o","publisher":{"@id":"https:\/\/marcelolopes.jor.br\/site\/#organization"},"potentialAction":[{"@type":"SearchAction","target":{"@type":"EntryPoint","urlTemplate":"https:\/\/marcelolopes.jor.br\/site\/?s={search_term_string}"},"query-input":{"@type":"PropertyValueSpecification","valueRequired":true,"valueName":"search_term_string"}}],"inLanguage":"pt-BR"},{"@type":"Organization","@id":"https:\/\/marcelolopes.jor.br\/site\/#organization","name":"Site do Marcelo Lopes","url":"https:\/\/marcelolopes.jor.br\/site\/","logo":{"@type":"ImageObject","inLanguage":"pt-BR","@id":"https:\/\/marcelolopes.jor.br\/site\/#\/schema\/logo\/image\/","url":"https:\/\/marcelolopes.jor.br\/site\/wp-content\/uploads\/2024\/11\/logo-1.png","contentUrl":"https:\/\/marcelolopes.jor.br\/site\/wp-content\/uploads\/2024\/11\/logo-1.png","width":475,"height":80,"caption":"Site do Marcelo Lopes"},"image":{"@id":"https:\/\/marcelolopes.jor.br\/site\/#\/schema\/logo\/image\/"},"sameAs":["https:\/\/www.facebook.com\/sitedomarcelolopes","https:\/\/www.instagram.com\/sitedomarcelolopes\/","https:\/\/www.linkedin.com\/company\/site-do-marcelo-lopes\/","https:\/\/www.youtube.com\/user\/marcelolopes957"]},{"@type":"Person","@id":"https:\/\/marcelolopes.jor.br\/site\/#\/schema\/person\/3e7216a35c34d8fdf952b31da3d1f89f","name":"Marcelo Lopes","sameAs":["http:\/\/www.marcelolopes.jor.br"],"url":"https:\/\/marcelolopes.jor.br\/site\/author\/marcelo\/"}]}},"wps_subtitle":"Projeto \u00e9 idealizado pelos alunos do Curso T\u00e9cnico em M\u00fasica e acontece entre 18 e 21 de setembro.","_links":{"self":[{"href":"https:\/\/marcelolopes.jor.br\/site\/wp-json\/wp\/v2\/posts\/5438","targetHints":{"allow":["GET"]}}],"collection":[{"href":"https:\/\/marcelolopes.jor.br\/site\/wp-json\/wp\/v2\/posts"}],"about":[{"href":"https:\/\/marcelolopes.jor.br\/site\/wp-json\/wp\/v2\/types\/post"}],"author":[{"embeddable":true,"href":"https:\/\/marcelolopes.jor.br\/site\/wp-json\/wp\/v2\/users\/2"}],"replies":[{"embeddable":true,"href":"https:\/\/marcelolopes.jor.br\/site\/wp-json\/wp\/v2\/comments?post=5438"}],"version-history":[{"count":0,"href":"https:\/\/marcelolopes.jor.br\/site\/wp-json\/wp\/v2\/posts\/5438\/revisions"}],"wp:featuredmedia":[{"embeddable":true,"href":"https:\/\/marcelolopes.jor.br\/site\/wp-json\/wp\/v2\/media\/5439"}],"wp:attachment":[{"href":"https:\/\/marcelolopes.jor.br\/site\/wp-json\/wp\/v2\/media?parent=5438"}],"wp:term":[{"taxonomy":"category","embeddable":true,"href":"https:\/\/marcelolopes.jor.br\/site\/wp-json\/wp\/v2\/categories?post=5438"},{"taxonomy":"post_tag","embeddable":true,"href":"https:\/\/marcelolopes.jor.br\/site\/wp-json\/wp\/v2\/tags?post=5438"}],"curies":[{"name":"wp","href":"https:\/\/api.w.org\/{rel}","templated":true}]}}