{"id":54155,"date":"2024-12-09T07:00:42","date_gmt":"2024-12-09T10:00:42","guid":{"rendered":"https:\/\/marcelolopes.jor.br\/?p=54155"},"modified":"2024-12-08T10:14:50","modified_gmt":"2024-12-08T13:14:50","slug":"taxi-para-pessoas-com-deficiencia-e-realidade-em-cataguases","status":"publish","type":"post","link":"https:\/\/marcelolopes.jor.br\/site\/2024\/12\/09\/taxi-para-pessoas-com-deficiencia-e-realidade-em-cataguases\/","title":{"rendered":"T\u00e1xi para pessoas com defici\u00eancia \u00e9 realidade em Cataguases"},"content":{"rendered":"<p>Come\u00e7ou a circular em Cataguases o primeiro t\u00e1xi da hist\u00f3ria da cidade adaptado para pessoas com defici\u00eancia. O ve\u00edculo est\u00e1 no Ponto 10, pr\u00f3ximo ao Hospital Cataguases, cujo telefone \u00e9 3421-1437. A medida, conforme afirmou o prefeito Jos\u00e9 Henriques, significa &#8220;mais qualidade e acessibilidade no transporte.&#8221;<!--more--><\/p>\n<h4 class=\"p1\"><span class=\"s1\">\ud83d\udcf8\u00a0<span style=\"color: #666699;\">Siga o Site do Marcelo Lopes no<\/span>\u00a0<span style=\"color: #800000;\"><a style=\"color: #800000;\" href=\"https:\/\/www.facebook.com\/sitedomarcelolopes\/\"><strong>Facebook<\/strong><\/a><\/span>\u00a0<span style=\"color: #666699;\">e no<\/span>\u00a0<span style=\"color: #800000;\"><strong><a style=\"color: #800000;\" href=\"https:\/\/www.instagram.com\/sitedomarcelolopes\/\">Instagram<\/a><\/strong><\/span><\/span><\/h4>\n<h4 class=\"p1\">\ud83d\udcf1<span style=\"color: #666699;\">Receba no<\/span>\u00a0<span style=\"color: #800000;\"><a style=\"color: #800000;\" href=\"https:\/\/chat.whatsapp.com\/BibzcI1ibYSKytbdyzubLA\"><strong>WhatsApp<\/strong><\/a><\/span>\u00a0<span style=\"color: #666699;\">as not\u00edcias do Site do Marcelo Lopes<\/span><\/h4>\n<p>&nbsp;<\/p>\n<p>O carro atende \u00e0 Lei Municipal N\u00ba 4.958, sancionada em 2023 pelo prefeito Jos\u00e9 Henriques, que estabelece normas e condi\u00e7\u00f5es \u00e0 autoriza\u00e7\u00e3o de Ve\u00edculos de Aluguel a Tax\u00edmetro \u2013 Taxi, no \u00c2mbito do Munic\u00edpio, Suplementando a Lei Federal n\u00ba 12.468, de 26 de agosto de 2011.<\/p>\n<p>Segundo o documento, o munic\u00edpio deve adotar as provid\u00eancias necess\u00e1rias para garantir que no m\u00ednimo 5% do total de autoriza\u00e7\u00f5es de t\u00e1xi concedidas sejam destinadas a ve\u00edculos com acessibilidade, criando-se, assim, o servi\u00e7o de \u201cT\u00e1xi Acess\u00edvel\u201d.<\/p>\n<p>Jos\u00e9 Henriques manifestou sua alegria com a concretiza\u00e7\u00e3o desta iniciativa. &#8220;\u00c9 com muita alegria que anuncio a chegada do primeiro t\u00e1xi acess\u00edvel da hist\u00f3ria da nossa cidade, estamos trabalhando pela inclus\u00e3o e isso ser\u00e1 cada vez mais presente em nossa administra\u00e7\u00e3o, que \u00e9 para todos os cataguasenses&#8221;, afirmou.<\/p>\n<p><strong>OUTRAS NOT\u00cdCIAS<\/strong><br \/>\n<a href=\"https:\/\/marcelolopes.jor.br\/2022\/03\/26\/governo-de-minas-amplia-beneficios-para-veiculos-de-pessoas-com-deficiencia\/\"><strong><span style=\"color: #800000;\">Governo de Minas amplia benef\u00edcios para ve\u00edculos de pessoas com defici\u00eancia<\/span><\/strong><\/a><\/p>\n<p><a href=\"https:\/\/marcelolopes.jor.br\/2024\/02\/28\/energisa-e-senai-criam-curso-de-qualificacao-para-pessoas-pcd\/\"><strong><span style=\"color: #800000;\">Energisa e SENAI criam curso de qualifica\u00e7\u00e3o para pessoas PcD<\/span><\/strong><\/a><\/p>\n<p>Fonte e foto: Prefeitura de Cataguases<\/p>\n<div class=\"gcwnz69f5ce3e7c8e6\" ><br><\/div><style type=\"text\/css\">\r\n@media screen and (min-width: 1201px) {\r\n.gcwnz69f5ce3e7c8e6 {\r\ndisplay: block;\r\n}\r\n}\r\n@media screen and (min-width: 993px) and (max-width: 1200px) {\r\n.gcwnz69f5ce3e7c8e6 {\r\ndisplay: block;\r\n}\r\n}\r\n@media screen and (min-width: 769px) and (max-width: 992px) {\r\n.gcwnz69f5ce3e7c8e6 {\r\ndisplay: block;\r\n}\r\n}\r\n@media screen and (min-width: 768px) and (max-width: 768px) {\r\n.gcwnz69f5ce3e7c8e6 {\r\ndisplay: block;\r\n}\r\n}\r\n@media screen and (max-width: 767px) {\r\n.gcwnz69f5ce3e7c8e6 {\r\ndisplay: block;\r\n}\r\n}\r\n<\/style>\r\n<div class=\"kgrry69f5ce3e82ad8\" ><div id=\"div_destino\"><\/div>\r\n<script src=\"https:\/\/cdn.snsrsv.com\/sdk.js\"><\/script>\r\n<script >\r\n      new sdk(\"464030C30061EA8BE065000000000001\") \r\n          .appendTo(\"div_destino\")\r\n          .disableStyle(true) \r\n          .setCacheBusterMacro(\"%%CACHEBUSTER%%\")\r\n          .setSize(\"800\",\"214\")\r\n          .setClickMacro(\"%%CLICK_URL_ESC%%\") \r\n          .setReferrerUrlMacro(\"%%REFERRER_URL_ESC%%\") \r\n          .start(); \r\n<\/script><\/div><style type=\"text\/css\">\r\n@media screen and (min-width: 1201px) {\r\n.kgrry69f5ce3e82ad8 {\r\ndisplay: block;\r\n}\r\n}\r\n@media screen and (min-width: 993px) and (max-width: 1200px) {\r\n.kgrry69f5ce3e82ad8 {\r\ndisplay: block;\r\n}\r\n}\r\n@media screen and (min-width: 769px) and (max-width: 992px) {\r\n.kgrry69f5ce3e82ad8 {\r\ndisplay: block;\r\n}\r\n}\r\n@media screen and (min-width: 768px) and (max-width: 768px) {\r\n.kgrry69f5ce3e82ad8 {\r\ndisplay: block;\r\n}\r\n}\r\n@media screen and (max-width: 767px) {\r\n.kgrry69f5ce3e82ad8 {\r\ndisplay: block;\r\n}\r\n}\r\n<\/style>\r\n","protected":false},"excerpt":{"rendered":"<p>Come\u00e7ou a circular em Cataguases o primeiro t\u00e1xi da hist\u00f3ria da cidade adaptado para pessoas com defici\u00eancia. O ve\u00edculo est\u00e1 no Ponto 10, pr\u00f3ximo ao Hospital Cataguases, cujo telefone \u00e9 3421-1437. A medida, conforme afirmou o prefeito Jos\u00e9 Henriques, significa<\/p>\n<p class=\"link-more\"><a class=\"more-link\" href=\"https:\/\/marcelolopes.jor.br\/site\/2024\/12\/09\/taxi-para-pessoas-com-deficiencia-e-realidade-em-cataguases\/\">Leia mais <span class=\"screen-reader-text\">T\u00e1xi para pessoas com defici\u00eancia \u00e9 realidade em Cataguases<\/span><\/a><\/p>\n","protected":false},"author":2,"featured_media":54157,"comment_status":"open","ping_status":"open","sticky":false,"template":"","format":"standard","meta":{"footnotes":""},"categories":[1],"tags":[],"class_list":["post-54155","post","type-post","status-publish","format-standard","has-post-thumbnail","hentry","category-noticias","thumb-below-title"],"yoast_head":"<!-- This site is optimized with the Yoast SEO plugin v27.4 - https:\/\/yoast.com\/product\/yoast-seo-wordpress\/ -->\n<title>T\u00e1xi para pessoas com defici\u00eancia \u00e9 realidade em Cataguases | Marcelo Lopes<\/title>\n<meta name=\"description\" content=\"T\u00e1xi para pessoas com defici\u00eancia \u00e9 realidade em Cataguases. Primeiro ve\u00edculo adaptado come\u00e7ou a funcionar na \u00faltima semana.\" \/>\n<meta name=\"robots\" content=\"index, follow, max-snippet:-1, max-image-preview:large, max-video-preview:-1\" \/>\n<link rel=\"canonical\" href=\"https:\/\/marcelolopes.jor.br\/site\/2024\/12\/09\/taxi-para-pessoas-com-deficiencia-e-realidade-em-cataguases\/\" \/>\n<meta property=\"og:locale\" content=\"pt_BR\" \/>\n<meta property=\"og:type\" content=\"article\" \/>\n<meta property=\"og:title\" content=\"T\u00e1xi para pessoas com defici\u00eancia \u00e9 realidade em Cataguases | Marcelo Lopes\" \/>\n<meta property=\"og:description\" content=\"T\u00e1xi para pessoas com defici\u00eancia \u00e9 realidade em Cataguases. Primeiro ve\u00edculo adaptado come\u00e7ou a funcionar na \u00faltima semana.\" \/>\n<meta property=\"og:url\" content=\"https:\/\/marcelolopes.jor.br\/site\/2024\/12\/09\/taxi-para-pessoas-com-deficiencia-e-realidade-em-cataguases\/\" \/>\n<meta property=\"og:site_name\" content=\"Marcelo Lopes\" \/>\n<meta property=\"article:publisher\" content=\"https:\/\/www.facebook.com\/sitedomarcelolopes\" \/>\n<meta property=\"article:published_time\" content=\"2024-12-09T10:00:42+00:00\" \/>\n<meta property=\"og:image\" content=\"https:\/\/marcelolopes.jor.br\/site\/wp-content\/uploads\/2024\/12\/Taxi-novo.jpg\" \/>\n\t<meta property=\"og:image:width\" content=\"800\" \/>\n\t<meta property=\"og:image:height\" content=\"532\" \/>\n\t<meta property=\"og:image:type\" content=\"image\/jpeg\" \/>\n<meta name=\"author\" content=\"Marcelo Lopes\" \/>\n<meta name=\"twitter:card\" content=\"summary_large_image\" \/>\n<meta name=\"twitter:label1\" content=\"Escrito por\" \/>\n\t<meta name=\"twitter:data1\" content=\"Marcelo Lopes\" \/>\n\t<meta name=\"twitter:label2\" content=\"Est. tempo de leitura\" \/>\n\t<meta name=\"twitter:data2\" content=\"1 minuto\" \/>\n<script type=\"application\/ld+json\" class=\"yoast-schema-graph\">{\"@context\":\"https:\\\/\\\/schema.org\",\"@graph\":[{\"@type\":\"NewsArticle\",\"@id\":\"https:\\\/\\\/marcelolopes.jor.br\\\/site\\\/2024\\\/12\\\/09\\\/taxi-para-pessoas-com-deficiencia-e-realidade-em-cataguases\\\/#article\",\"isPartOf\":{\"@id\":\"https:\\\/\\\/marcelolopes.jor.br\\\/site\\\/2024\\\/12\\\/09\\\/taxi-para-pessoas-com-deficiencia-e-realidade-em-cataguases\\\/\"},\"author\":{\"name\":\"Marcelo Lopes\",\"@id\":\"https:\\\/\\\/marcelolopes.jor.br\\\/site\\\/#\\\/schema\\\/person\\\/3e7216a35c34d8fdf952b31da3d1f89f\"},\"headline\":\"T\u00e1xi para pessoas com defici\u00eancia \u00e9 realidade em Cataguases\",\"datePublished\":\"2024-12-09T10:00:42+00:00\",\"mainEntityOfPage\":{\"@id\":\"https:\\\/\\\/marcelolopes.jor.br\\\/site\\\/2024\\\/12\\\/09\\\/taxi-para-pessoas-com-deficiencia-e-realidade-em-cataguases\\\/\"},\"wordCount\":257,\"commentCount\":0,\"publisher\":{\"@id\":\"https:\\\/\\\/marcelolopes.jor.br\\\/site\\\/#organization\"},\"image\":{\"@id\":\"https:\\\/\\\/marcelolopes.jor.br\\\/site\\\/2024\\\/12\\\/09\\\/taxi-para-pessoas-com-deficiencia-e-realidade-em-cataguases\\\/#primaryimage\"},\"thumbnailUrl\":\"https:\\\/\\\/marcelolopes.jor.br\\\/site\\\/wp-content\\\/uploads\\\/2024\\\/12\\\/Taxi-novo.jpg\",\"articleSection\":[\"Not\u00edcias\"],\"inLanguage\":\"pt-BR\",\"potentialAction\":[{\"@type\":\"CommentAction\",\"name\":\"Comment\",\"target\":[\"https:\\\/\\\/marcelolopes.jor.br\\\/site\\\/2024\\\/12\\\/09\\\/taxi-para-pessoas-com-deficiencia-e-realidade-em-cataguases\\\/#respond\"]}]},{\"@type\":\"WebPage\",\"@id\":\"https:\\\/\\\/marcelolopes.jor.br\\\/site\\\/2024\\\/12\\\/09\\\/taxi-para-pessoas-com-deficiencia-e-realidade-em-cataguases\\\/\",\"url\":\"https:\\\/\\\/marcelolopes.jor.br\\\/site\\\/2024\\\/12\\\/09\\\/taxi-para-pessoas-com-deficiencia-e-realidade-em-cataguases\\\/\",\"name\":\"T\u00e1xi para pessoas com defici\u00eancia \u00e9 realidade em Cataguases | Marcelo Lopes\",\"isPartOf\":{\"@id\":\"https:\\\/\\\/marcelolopes.jor.br\\\/site\\\/#website\"},\"primaryImageOfPage\":{\"@id\":\"https:\\\/\\\/marcelolopes.jor.br\\\/site\\\/2024\\\/12\\\/09\\\/taxi-para-pessoas-com-deficiencia-e-realidade-em-cataguases\\\/#primaryimage\"},\"image\":{\"@id\":\"https:\\\/\\\/marcelolopes.jor.br\\\/site\\\/2024\\\/12\\\/09\\\/taxi-para-pessoas-com-deficiencia-e-realidade-em-cataguases\\\/#primaryimage\"},\"thumbnailUrl\":\"https:\\\/\\\/marcelolopes.jor.br\\\/site\\\/wp-content\\\/uploads\\\/2024\\\/12\\\/Taxi-novo.jpg\",\"datePublished\":\"2024-12-09T10:00:42+00:00\",\"description\":\"T\u00e1xi para pessoas com defici\u00eancia \u00e9 realidade em Cataguases. Primeiro ve\u00edculo adaptado come\u00e7ou a funcionar na \u00faltima semana.\",\"breadcrumb\":{\"@id\":\"https:\\\/\\\/marcelolopes.jor.br\\\/site\\\/2024\\\/12\\\/09\\\/taxi-para-pessoas-com-deficiencia-e-realidade-em-cataguases\\\/#breadcrumb\"},\"inLanguage\":\"pt-BR\",\"potentialAction\":[{\"@type\":\"ReadAction\",\"target\":[\"https:\\\/\\\/marcelolopes.jor.br\\\/site\\\/2024\\\/12\\\/09\\\/taxi-para-pessoas-com-deficiencia-e-realidade-em-cataguases\\\/\"]}]},{\"@type\":\"ImageObject\",\"inLanguage\":\"pt-BR\",\"@id\":\"https:\\\/\\\/marcelolopes.jor.br\\\/site\\\/2024\\\/12\\\/09\\\/taxi-para-pessoas-com-deficiencia-e-realidade-em-cataguases\\\/#primaryimage\",\"url\":\"https:\\\/\\\/marcelolopes.jor.br\\\/site\\\/wp-content\\\/uploads\\\/2024\\\/12\\\/Taxi-novo.jpg\",\"contentUrl\":\"https:\\\/\\\/marcelolopes.jor.br\\\/site\\\/wp-content\\\/uploads\\\/2024\\\/12\\\/Taxi-novo.jpg\",\"width\":800,\"height\":532,\"caption\":\"T\u00e1xi para pessoas com\"},{\"@type\":\"BreadcrumbList\",\"@id\":\"https:\\\/\\\/marcelolopes.jor.br\\\/site\\\/2024\\\/12\\\/09\\\/taxi-para-pessoas-com-deficiencia-e-realidade-em-cataguases\\\/#breadcrumb\",\"itemListElement\":[{\"@type\":\"ListItem\",\"position\":1,\"name\":\"Home\",\"item\":\"https:\\\/\\\/marcelolopes.jor.br\\\/site\\\/\"},{\"@type\":\"ListItem\",\"position\":2,\"name\":\"T\u00e1xi para pessoas com defici\u00eancia \u00e9 realidade em Cataguases\"}]},{\"@type\":\"WebSite\",\"@id\":\"https:\\\/\\\/marcelolopes.jor.br\\\/site\\\/#website\",\"url\":\"https:\\\/\\\/marcelolopes.jor.br\\\/site\\\/\",\"name\":\"Marcelo Lopes\",\"description\":\"Not\u00edcias de Cataguases e Regi\u00e3o\",\"publisher\":{\"@id\":\"https:\\\/\\\/marcelolopes.jor.br\\\/site\\\/#organization\"},\"potentialAction\":[{\"@type\":\"SearchAction\",\"target\":{\"@type\":\"EntryPoint\",\"urlTemplate\":\"https:\\\/\\\/marcelolopes.jor.br\\\/site\\\/?s={search_term_string}\"},\"query-input\":{\"@type\":\"PropertyValueSpecification\",\"valueRequired\":true,\"valueName\":\"search_term_string\"}}],\"inLanguage\":\"pt-BR\"},{\"@type\":\"Organization\",\"@id\":\"https:\\\/\\\/marcelolopes.jor.br\\\/site\\\/#organization\",\"name\":\"Site do Marcelo Lopes\",\"url\":\"https:\\\/\\\/marcelolopes.jor.br\\\/site\\\/\",\"logo\":{\"@type\":\"ImageObject\",\"inLanguage\":\"pt-BR\",\"@id\":\"https:\\\/\\\/marcelolopes.jor.br\\\/site\\\/#\\\/schema\\\/logo\\\/image\\\/\",\"url\":\"https:\\\/\\\/marcelolopes.jor.br\\\/site\\\/wp-content\\\/uploads\\\/2024\\\/11\\\/logo-1.png\",\"contentUrl\":\"https:\\\/\\\/marcelolopes.jor.br\\\/site\\\/wp-content\\\/uploads\\\/2024\\\/11\\\/logo-1.png\",\"width\":475,\"height\":80,\"caption\":\"Site do Marcelo Lopes\"},\"image\":{\"@id\":\"https:\\\/\\\/marcelolopes.jor.br\\\/site\\\/#\\\/schema\\\/logo\\\/image\\\/\"},\"sameAs\":[\"https:\\\/\\\/www.facebook.com\\\/sitedomarcelolopes\",\"https:\\\/\\\/www.instagram.com\\\/sitedomarcelolopes\\\/\",\"https:\\\/\\\/www.linkedin.com\\\/company\\\/site-do-marcelo-lopes\\\/\",\"https:\\\/\\\/www.youtube.com\\\/user\\\/marcelolopes957\"]},{\"@type\":\"Person\",\"@id\":\"https:\\\/\\\/marcelolopes.jor.br\\\/site\\\/#\\\/schema\\\/person\\\/3e7216a35c34d8fdf952b31da3d1f89f\",\"name\":\"Marcelo Lopes\",\"sameAs\":[\"http:\\\/\\\/www.marcelolopes.jor.br\"],\"url\":\"https:\\\/\\\/marcelolopes.jor.br\\\/site\\\/author\\\/marcelo\\\/\"}]}<\/script>\n<!-- \/ Yoast SEO plugin. -->","yoast_head_json":{"title":"T\u00e1xi para pessoas com defici\u00eancia \u00e9 realidade em Cataguases | Marcelo Lopes","description":"T\u00e1xi para pessoas com defici\u00eancia \u00e9 realidade em Cataguases. Primeiro ve\u00edculo adaptado come\u00e7ou a funcionar na \u00faltima semana.","robots":{"index":"index","follow":"follow","max-snippet":"max-snippet:-1","max-image-preview":"max-image-preview:large","max-video-preview":"max-video-preview:-1"},"canonical":"https:\/\/marcelolopes.jor.br\/site\/2024\/12\/09\/taxi-para-pessoas-com-deficiencia-e-realidade-em-cataguases\/","og_locale":"pt_BR","og_type":"article","og_title":"T\u00e1xi para pessoas com defici\u00eancia \u00e9 realidade em Cataguases | Marcelo Lopes","og_description":"T\u00e1xi para pessoas com defici\u00eancia \u00e9 realidade em Cataguases. Primeiro ve\u00edculo adaptado come\u00e7ou a funcionar na \u00faltima semana.","og_url":"https:\/\/marcelolopes.jor.br\/site\/2024\/12\/09\/taxi-para-pessoas-com-deficiencia-e-realidade-em-cataguases\/","og_site_name":"Marcelo Lopes","article_publisher":"https:\/\/www.facebook.com\/sitedomarcelolopes","article_published_time":"2024-12-09T10:00:42+00:00","og_image":[{"width":800,"height":532,"url":"https:\/\/marcelolopes.jor.br\/site\/wp-content\/uploads\/2024\/12\/Taxi-novo.jpg","type":"image\/jpeg"}],"author":"Marcelo Lopes","twitter_card":"summary_large_image","twitter_misc":{"Escrito por":"Marcelo Lopes","Est. tempo de leitura":"1 minuto"},"schema":{"@context":"https:\/\/schema.org","@graph":[{"@type":"NewsArticle","@id":"https:\/\/marcelolopes.jor.br\/site\/2024\/12\/09\/taxi-para-pessoas-com-deficiencia-e-realidade-em-cataguases\/#article","isPartOf":{"@id":"https:\/\/marcelolopes.jor.br\/site\/2024\/12\/09\/taxi-para-pessoas-com-deficiencia-e-realidade-em-cataguases\/"},"author":{"name":"Marcelo Lopes","@id":"https:\/\/marcelolopes.jor.br\/site\/#\/schema\/person\/3e7216a35c34d8fdf952b31da3d1f89f"},"headline":"T\u00e1xi para pessoas com defici\u00eancia \u00e9 realidade em Cataguases","datePublished":"2024-12-09T10:00:42+00:00","mainEntityOfPage":{"@id":"https:\/\/marcelolopes.jor.br\/site\/2024\/12\/09\/taxi-para-pessoas-com-deficiencia-e-realidade-em-cataguases\/"},"wordCount":257,"commentCount":0,"publisher":{"@id":"https:\/\/marcelolopes.jor.br\/site\/#organization"},"image":{"@id":"https:\/\/marcelolopes.jor.br\/site\/2024\/12\/09\/taxi-para-pessoas-com-deficiencia-e-realidade-em-cataguases\/#primaryimage"},"thumbnailUrl":"https:\/\/marcelolopes.jor.br\/site\/wp-content\/uploads\/2024\/12\/Taxi-novo.jpg","articleSection":["Not\u00edcias"],"inLanguage":"pt-BR","potentialAction":[{"@type":"CommentAction","name":"Comment","target":["https:\/\/marcelolopes.jor.br\/site\/2024\/12\/09\/taxi-para-pessoas-com-deficiencia-e-realidade-em-cataguases\/#respond"]}]},{"@type":"WebPage","@id":"https:\/\/marcelolopes.jor.br\/site\/2024\/12\/09\/taxi-para-pessoas-com-deficiencia-e-realidade-em-cataguases\/","url":"https:\/\/marcelolopes.jor.br\/site\/2024\/12\/09\/taxi-para-pessoas-com-deficiencia-e-realidade-em-cataguases\/","name":"T\u00e1xi para pessoas com defici\u00eancia \u00e9 realidade em Cataguases | Marcelo Lopes","isPartOf":{"@id":"https:\/\/marcelolopes.jor.br\/site\/#website"},"primaryImageOfPage":{"@id":"https:\/\/marcelolopes.jor.br\/site\/2024\/12\/09\/taxi-para-pessoas-com-deficiencia-e-realidade-em-cataguases\/#primaryimage"},"image":{"@id":"https:\/\/marcelolopes.jor.br\/site\/2024\/12\/09\/taxi-para-pessoas-com-deficiencia-e-realidade-em-cataguases\/#primaryimage"},"thumbnailUrl":"https:\/\/marcelolopes.jor.br\/site\/wp-content\/uploads\/2024\/12\/Taxi-novo.jpg","datePublished":"2024-12-09T10:00:42+00:00","description":"T\u00e1xi para pessoas com defici\u00eancia \u00e9 realidade em Cataguases. Primeiro ve\u00edculo adaptado come\u00e7ou a funcionar na \u00faltima semana.","breadcrumb":{"@id":"https:\/\/marcelolopes.jor.br\/site\/2024\/12\/09\/taxi-para-pessoas-com-deficiencia-e-realidade-em-cataguases\/#breadcrumb"},"inLanguage":"pt-BR","potentialAction":[{"@type":"ReadAction","target":["https:\/\/marcelolopes.jor.br\/site\/2024\/12\/09\/taxi-para-pessoas-com-deficiencia-e-realidade-em-cataguases\/"]}]},{"@type":"ImageObject","inLanguage":"pt-BR","@id":"https:\/\/marcelolopes.jor.br\/site\/2024\/12\/09\/taxi-para-pessoas-com-deficiencia-e-realidade-em-cataguases\/#primaryimage","url":"https:\/\/marcelolopes.jor.br\/site\/wp-content\/uploads\/2024\/12\/Taxi-novo.jpg","contentUrl":"https:\/\/marcelolopes.jor.br\/site\/wp-content\/uploads\/2024\/12\/Taxi-novo.jpg","width":800,"height":532,"caption":"T\u00e1xi para pessoas com"},{"@type":"BreadcrumbList","@id":"https:\/\/marcelolopes.jor.br\/site\/2024\/12\/09\/taxi-para-pessoas-com-deficiencia-e-realidade-em-cataguases\/#breadcrumb","itemListElement":[{"@type":"ListItem","position":1,"name":"Home","item":"https:\/\/marcelolopes.jor.br\/site\/"},{"@type":"ListItem","position":2,"name":"T\u00e1xi para pessoas com defici\u00eancia \u00e9 realidade em Cataguases"}]},{"@type":"WebSite","@id":"https:\/\/marcelolopes.jor.br\/site\/#website","url":"https:\/\/marcelolopes.jor.br\/site\/","name":"Marcelo Lopes","description":"Not\u00edcias de Cataguases e Regi\u00e3o","publisher":{"@id":"https:\/\/marcelolopes.jor.br\/site\/#organization"},"potentialAction":[{"@type":"SearchAction","target":{"@type":"EntryPoint","urlTemplate":"https:\/\/marcelolopes.jor.br\/site\/?s={search_term_string}"},"query-input":{"@type":"PropertyValueSpecification","valueRequired":true,"valueName":"search_term_string"}}],"inLanguage":"pt-BR"},{"@type":"Organization","@id":"https:\/\/marcelolopes.jor.br\/site\/#organization","name":"Site do Marcelo Lopes","url":"https:\/\/marcelolopes.jor.br\/site\/","logo":{"@type":"ImageObject","inLanguage":"pt-BR","@id":"https:\/\/marcelolopes.jor.br\/site\/#\/schema\/logo\/image\/","url":"https:\/\/marcelolopes.jor.br\/site\/wp-content\/uploads\/2024\/11\/logo-1.png","contentUrl":"https:\/\/marcelolopes.jor.br\/site\/wp-content\/uploads\/2024\/11\/logo-1.png","width":475,"height":80,"caption":"Site do Marcelo Lopes"},"image":{"@id":"https:\/\/marcelolopes.jor.br\/site\/#\/schema\/logo\/image\/"},"sameAs":["https:\/\/www.facebook.com\/sitedomarcelolopes","https:\/\/www.instagram.com\/sitedomarcelolopes\/","https:\/\/www.linkedin.com\/company\/site-do-marcelo-lopes\/","https:\/\/www.youtube.com\/user\/marcelolopes957"]},{"@type":"Person","@id":"https:\/\/marcelolopes.jor.br\/site\/#\/schema\/person\/3e7216a35c34d8fdf952b31da3d1f89f","name":"Marcelo Lopes","sameAs":["http:\/\/www.marcelolopes.jor.br"],"url":"https:\/\/marcelolopes.jor.br\/site\/author\/marcelo\/"}]}},"wps_subtitle":"Primeiro ve\u00edculo adaptado come\u00e7ou a funcionar na \u00faltima semana.","_links":{"self":[{"href":"https:\/\/marcelolopes.jor.br\/site\/wp-json\/wp\/v2\/posts\/54155","targetHints":{"allow":["GET"]}}],"collection":[{"href":"https:\/\/marcelolopes.jor.br\/site\/wp-json\/wp\/v2\/posts"}],"about":[{"href":"https:\/\/marcelolopes.jor.br\/site\/wp-json\/wp\/v2\/types\/post"}],"author":[{"embeddable":true,"href":"https:\/\/marcelolopes.jor.br\/site\/wp-json\/wp\/v2\/users\/2"}],"replies":[{"embeddable":true,"href":"https:\/\/marcelolopes.jor.br\/site\/wp-json\/wp\/v2\/comments?post=54155"}],"version-history":[{"count":0,"href":"https:\/\/marcelolopes.jor.br\/site\/wp-json\/wp\/v2\/posts\/54155\/revisions"}],"wp:featuredmedia":[{"embeddable":true,"href":"https:\/\/marcelolopes.jor.br\/site\/wp-json\/wp\/v2\/media\/54157"}],"wp:attachment":[{"href":"https:\/\/marcelolopes.jor.br\/site\/wp-json\/wp\/v2\/media?parent=54155"}],"wp:term":[{"taxonomy":"category","embeddable":true,"href":"https:\/\/marcelolopes.jor.br\/site\/wp-json\/wp\/v2\/categories?post=54155"},{"taxonomy":"post_tag","embeddable":true,"href":"https:\/\/marcelolopes.jor.br\/site\/wp-json\/wp\/v2\/tags?post=54155"}],"curies":[{"name":"wp","href":"https:\/\/api.w.org\/{rel}","templated":true}]}}